{"id":60164,"date":"2019-05-13T16:44:35","date_gmt":"2019-05-13T23:44:35","guid":{"rendered":"http:\/\/www.sonoraenequipo.com.mx\/?p=60164"},"modified":"2019-05-13T16:44:35","modified_gmt":"2019-05-13T23:44:35","slug":"rectores-piden-al-gobierno-federal-atienda-omision-de-autonomia-universitaria-en-nueva-ley-educativa","status":"publish","type":"post","link":"https:\/\/www.sonoraenequipo.com.mx\/rectores-piden-al-gobierno-federal-atienda-omision-de-autonomia-universitaria-en-nueva-ley-educativa\/","title":{"rendered":"Rectores piden al gobierno federal  atienda omisi\u00f3n de autonom\u00eda universitaria en nueva ley educativa"},"content":{"rendered":"<p>&nbsp;<\/p>\n<p>CIUDAD DE M\u00c9XICO.- La omisi\u00f3n de la autonom\u00eda universitaria en la iniciativa de la Reforma Educativa y el recorte presupuestal a esas entidades educativas fueron dos de los temas que se tocaron en la primera sesi\u00f3n extraordinaria del 2019 del Consorcio de Universidades Mexicanas (CUMex), que agrupa a las 31 instituciones de educaci\u00f3n superior del pa\u00eds que tienen programas educativos de licenciatura con los m\u00e1s altos indicadores de calidad. <\/p>\n<p>Ante tales preocupaciones, seis rectores y diez representantes de instituciones de educaci\u00f3n superior se pronunciaron por establecer un di\u00e1logo e interlocuci\u00f3n con autoridades federales.<\/p>\n<p>Al respecto, el rector de la Universidad Aut\u00f3noma de Sinaloa y presidente del Consejo de Rectores del CUMex, doctor Juan Eulogio Guerra Liera, expres\u00f3 que en su pr\u00f3ximo encuentro con el subsecretario de Educaci\u00f3n Superior, Luciano Concheiro, le plantear\u00e1 una reuni\u00f3n con representantes del consorcio de universidades y la Asociaci\u00f3n Nacional de Universidades e Instituciones de Educaci\u00f3n Superior (ANUIES), cuyo secretario general, Jaime Valls Esponda, deber\u00e1 abrir un debate sobre autonom\u00eda universitaria, la calidad de educaci\u00f3n y su financiamiento.<\/p>\n<p>\u201cEstamos obligados por estar al frente de CUMex de tener el di\u00e1logo y la interlocuci\u00f3n y de plantear las opiniones que podamos tener. Necesitamos utilizar la herramienta m\u00e1s poderosa de la pol\u00edtica que es la diplomacia\u201d, dijo el doctor Guerra Liera y tambi\u00e9n cit\u00f3 el momento en que se anunci\u00f3 el recorte al presupuesto a las universidades y el \u201cerror\u201d de \u201cborrar\u201d la autonom\u00eda en la iniciativa de Reforma Educativa, y que a pesar del compromiso de corregirlo a\u00fan no ha materializado.<\/p>\n<p>Asimismo, se refiri\u00f3 a las iniciativas ciudadanas presentadas en algunos congresos locales para modificar cuestiones internas de las universidades aut\u00f3nomas, como las tres que se encuentran en el Congreso del Estado de Sinaloa para modificar la Ley Org\u00e1nica de la UAS.<\/p>\n<p>En el encuentro realizado, BCS, los rectores y representantes de las universidades propusieron que se debe demostrar a la sociedad que sin el papel y respeto a las universidades para que cumplan su funci\u00f3n no hay desarrollo posible.<\/p>\n<p>Teniendo como anfitri\u00f3n al rector de la Universidad Aut\u00f3noma de Baja California Sur, doctor Gustavo Rodolfo Cruz Ch\u00e1vez, el 3 de mayo de 2019, se llev\u00f3 a cabo la sesi\u00f3n de trabajo con la presencia de los rectores de las universidades Aut\u00f3noma de Tamaulipas, Aut\u00f3noma del Carmen, Aut\u00f3noma de Tlaxcala, Aut\u00f3noma del Estado de Morelos, Aut\u00f3noma de Occidente y Universidad Michoacana de San Nicol\u00e1s de Hidalgo, adem\u00e1s de representantes de otras 10 universidades.<\/p>\n<p>\u201cNo ignoramos que llega un cambio de administraci\u00f3n y quieren cambiar aspectos que a su juicio no tienen mayor impacto. Creo que ninguno de nosotros nos opondr\u00edamos a eso si fuera un proceso comentado, donde podamos plantear nuestras opiniones, donde podamos hacer un consenso\u201d, asent\u00f3 el doctor Guerra Liera.<\/p>\n<p>Fecha de publicaci\u00f3n13\/05\/2019 (Agencia ID)<\/p>\n","protected":false},"excerpt":{"rendered":"<p>&nbsp; CIUDAD DE M\u00c9XICO.- La omisi\u00f3n de la autonom\u00eda universitaria en la iniciativa de la&#8230;<\/p>\n","protected":false},"author":178,"featured_media":60178,"comment_status":"open","ping_status":"open","sticky":false,"template":"","format":"standard","meta":{"_monsterinsights_skip_tracking":false,"_monsterinsights_sitenote_active":false,"_monsterinsights_sitenote_note":"","_monsterinsights_sitenote_category":0,"footnotes":""},"categories":[5],"tags":[3061,27],"class_list":["post"],"yoast_head":" \n<title>Sonora en Equipo. Rectores piden al gobierno federal atienda omisi\u00f3n de autonom\u00eda universitaria en nueva ley educativa Rep\u00fablica<\/title>\n<meta name=\"description\" content=\"&nbsp; CIUDAD DE M\u00c9XICO.- La omisi\u00f3n de la autonom\u00eda universitaria en la iniciativa de la Reforma Educativa y el recorte presupuestal a esas entidades En Sonora en Equipo publicamos toda la informaci\u00f3n de Sonora, M\u00e9xico y el Mundo de manera oportuna y busca que la libertad de expresi\u00f3n sea real. Visita nuestro medio informativo publicado desde Hermosillo, Sonora. %\" \/>\n<meta name=\"robots\" content=\"index, follow, max-snippet:-1, max-image-preview:large, max-video-preview:-1\" \/>\n<link rel=\"canonical\" href=\"https:\/\/www.sonoraenequipo.com.mx\/rectores-piden-al-gobierno-federal-atienda-omision-de-autonomia-universitaria-en-nueva-ley-educativa\/\" \/>\n<meta property=\"og:locale\" content=\"es_ES\" \/>\n<meta property=\"og:type\" content=\"article\" \/>\n<meta property=\"og:title\" content=\"Sonora en Equipo. Rectores piden al gobierno federal atienda omisi\u00f3n de autonom\u00eda universitaria en nueva ley educativa Rep\u00fablica\" \/>\n<meta property=\"og:description\" content=\"&nbsp; CIUDAD DE M\u00c9XICO.- La omisi\u00f3n de la autonom\u00eda universitaria en la iniciativa de la Reforma Educativa y el recorte presupuestal a esas entidades En Sonora en Equipo publicamos toda la informaci\u00f3n de Sonora, M\u00e9xico y el Mundo de manera oportuna y busca que la libertad de expresi\u00f3n sea real. Visita nuestro medio informativo publicado desde Hermosillo, Sonora. %\" \/>\n<meta property=\"og:url\" content=\"https:\/\/www.sonoraenequipo.com.mx\/rectores-piden-al-gobierno-federal-atienda-omision-de-autonomia-universitaria-en-nueva-ley-educativa\/\" \/>\n<meta property=\"og:site_name\" content=\"Sonora en Equipo.\" \/>\n<meta property=\"article:publisher\" content=\"https:\/\/www.facebook.com\/SonoraEE\/\" \/>\n<meta property=\"article:published_time\" content=\"2019-05-13T23:44:35+00:00\" \/>\n<meta property=\"og:image\" content=\"https:\/\/www.sonoraenequipo.com.mx\/storage\/2019\/05\/rectores.jpg\" \/>\n\t<meta property=\"og:image:width\" content=\"500\" \/>\n\t<meta property=\"og:image:height\" content=\"333\" \/>\n\t<meta property=\"og:image:type\" content=\"image\/jpeg\" \/>\n<meta name=\"author\" content=\"enequipo\" \/>\n<meta name=\"twitter:card\" content=\"summary_large_image\" \/>\n<meta name=\"twitter:creator\" content=\"@sonoraenequipo\" \/>\n<meta name=\"twitter:site\" content=\"@sonoraenequipo\" \/>\n<meta name=\"twitter:label1\" content=\"Escrito por\" \/>\n\t<meta name=\"twitter:data1\" content=\"enequipo\" \/>\n\t<meta name=\"twitter:label2\" content=\"Tiempo de lectura\" \/>\n\t<meta name=\"twitter:data2\" content=\"2 minutos\" \/>\n<script type=\"application\/ld+json\" class=\"yoast-schema-graph\">{\"@context\":\"https:\/\/schema.org\",\"@graph\":[{\"@type\":\"Article\",\"@id\":\"https:\/\/www.sonoraenequipo.com.mx\/rectores-piden-al-gobierno-federal-atienda-omision-de-autonomia-universitaria-en-nueva-ley-educativa\/#article\",\"isPartOf\":{\"@id\":\"https:\/\/www.sonoraenequipo.com.mx\/rectores-piden-al-gobierno-federal-atienda-omision-de-autonomia-universitaria-en-nueva-ley-educativa\/\"},\"author\":{\"name\":\"enequipo\",\"@id\":\"https:\/\/www.sonoraenequipo.com.mx\/#\/schema\/person\/61a39de478a1763473ad55e8a95fddf6\"},\"headline\":\"Rectores piden al gobierno federal atienda omisi\u00f3n de autonom\u00eda universitaria en nueva ley educativa\",\"datePublished\":\"2019-05-13T23:44:35+00:00\",\"mainEntityOfPage\":{\"@id\":\"https:\/\/www.sonoraenequipo.com.mx\/rectores-piden-al-gobierno-federal-atienda-omision-de-autonomia-universitaria-en-nueva-ley-educativa\/\"},\"wordCount\":515,\"commentCount\":0,\"publisher\":{\"@id\":\"https:\/\/www.sonoraenequipo.com.mx\/#organization\"},\"image\":{\"@id\":\"https:\/\/www.sonoraenequipo.com.mx\/rectores-piden-al-gobierno-federal-atienda-omision-de-autonomia-universitaria-en-nueva-ley-educativa\/#primaryimage\"},\"thumbnailUrl\":\"https:\/\/www.sonoraenequipo.com.mx\/storage\/2019\/05\/rectores.jpg\",\"keywords\":[\"reforma\",\"reforma educativa\"],\"articleSection\":[\"Rep\u00fablica\"],\"inLanguage\":\"es\",\"potentialAction\":[{\"@type\":\"CommentAction\",\"name\":\"Comment\",\"target\":[\"https:\/\/www.sonoraenequipo.com.mx\/rectores-piden-al-gobierno-federal-atienda-omision-de-autonomia-universitaria-en-nueva-ley-educativa\/#respond\"]}]},{\"@type\":\"WebPage\",\"@id\":\"https:\/\/www.sonoraenequipo.com.mx\/rectores-piden-al-gobierno-federal-atienda-omision-de-autonomia-universitaria-en-nueva-ley-educativa\/\",\"url\":\"https:\/\/www.sonoraenequipo.com.mx\/rectores-piden-al-gobierno-federal-atienda-omision-de-autonomia-universitaria-en-nueva-ley-educativa\/\",\"name\":\"Sonora en Equipo. Rectores piden al gobierno federal atienda omisi\u00f3n de autonom\u00eda universitaria en nueva ley educativa Rep\u00fablica\",\"isPartOf\":{\"@id\":\"https:\/\/www.sonoraenequipo.com.mx\/#website\"},\"primaryImageOfPage\":{\"@id\":\"https:\/\/www.sonoraenequipo.com.mx\/rectores-piden-al-gobierno-federal-atienda-omision-de-autonomia-universitaria-en-nueva-ley-educativa\/#primaryimage\"},\"image\":{\"@id\":\"https:\/\/www.sonoraenequipo.com.mx\/rectores-piden-al-gobierno-federal-atienda-omision-de-autonomia-universitaria-en-nueva-ley-educativa\/#primaryimage\"},\"thumbnailUrl\":\"https:\/\/www.sonoraenequipo.com.mx\/storage\/2019\/05\/rectores.jpg\",\"datePublished\":\"2019-05-13T23:44:35+00:00\",\"description\":\"&nbsp; CIUDAD DE M\u00c9XICO.- La omisi\u00f3n de la autonom\u00eda universitaria en la iniciativa de la Reforma Educativa y el recorte presupuestal a esas entidades En Sonora en Equipo publicamos toda la informaci\u00f3n de Sonora, M\u00e9xico y el Mundo de manera oportuna y busca que la libertad de expresi\u00f3n sea real. Visita nuestro medio informativo publicado desde Hermosillo, Sonora. %\",\"breadcrumb\":{\"@id\":\"https:\/\/www.sonoraenequipo.com.mx\/rectores-piden-al-gobierno-federal-atienda-omision-de-autonomia-universitaria-en-nueva-ley-educativa\/#breadcrumb\"},\"inLanguage\":\"es\",\"potentialAction\":[{\"@type\":\"ReadAction\",\"target\":[\"https:\/\/www.sonoraenequipo.com.mx\/rectores-piden-al-gobierno-federal-atienda-omision-de-autonomia-universitaria-en-nueva-ley-educativa\/\"]}]},{\"@type\":\"ImageObject\",\"inLanguage\":\"es\",\"@id\":\"https:\/\/www.sonoraenequipo.com.mx\/rectores-piden-al-gobierno-federal-atienda-omision-de-autonomia-universitaria-en-nueva-ley-educativa\/#primaryimage\",\"url\":\"https:\/\/www.sonoraenequipo.com.mx\/storage\/2019\/05\/rectores.jpg\",\"contentUrl\":\"https:\/\/www.sonoraenequipo.com.mx\/storage\/2019\/05\/rectores.jpg\",\"width\":500,\"height\":333},{\"@type\":\"BreadcrumbList\",\"@id\":\"https:\/\/www.sonoraenequipo.com.mx\/rectores-piden-al-gobierno-federal-atienda-omision-de-autonomia-universitaria-en-nueva-ley-educativa\/#breadcrumb\",\"itemListElement\":[{\"@type\":\"ListItem\",\"position\":1,\"name\":\"Portada\",\"item\":\"https:\/\/www.sonoraenequipo.com.mx\/\"},{\"@type\":\"ListItem\",\"position\":2,\"name\":\"Rectores piden al gobierno federal atienda omisi\u00f3n de autonom\u00eda universitaria en nueva ley educativa\"}]},{\"@type\":\"WebSite\",\"@id\":\"https:\/\/www.sonoraenequipo.com.mx\/#website\",\"url\":\"https:\/\/www.sonoraenequipo.com.mx\/\",\"name\":\"Sonora en Equipo.\",\"description\":\"Diario en l\u00ednea con Noticias desde Hermosillo, Sonora\",\"publisher\":{\"@id\":\"https:\/\/www.sonoraenequipo.com.mx\/#organization\"},\"potentialAction\":[{\"@type\":\"SearchAction\",\"target\":{\"@type\":\"EntryPoint\",\"urlTemplate\":\"https:\/\/www.sonoraenequipo.com.mx\/?s={search_term_string}\"},\"query-input\":{\"@type\":\"PropertyValueSpecification\",\"valueRequired\":true,\"valueName\":\"search_term_string\"}}],\"inLanguage\":\"es\"},{\"@type\":\"Organization\",\"@id\":\"https:\/\/www.sonoraenequipo.com.mx\/#organization\",\"name\":\"Sonoraenequipo.com.mx\",\"url\":\"https:\/\/www.sonoraenequipo.com.mx\/\",\"logo\":{\"@type\":\"ImageObject\",\"inLanguage\":\"es\",\"@id\":\"https:\/\/www.sonoraenequipo.com.mx\/#\/schema\/logo\/image\/\",\"url\":\"https:\/\/www.sonoraenequipo.com.mx\/storage\/2019\/01\/sonoraenequipo_opt.png\",\"contentUrl\":\"https:\/\/www.sonoraenequipo.com.mx\/storage\/2019\/01\/sonoraenequipo_opt.png\",\"width\":375,\"height\":125,\"caption\":\"Sonoraenequipo.com.mx\"},\"image\":{\"@id\":\"https:\/\/www.sonoraenequipo.com.mx\/#\/schema\/logo\/image\/\"},\"sameAs\":[\"https:\/\/www.facebook.com\/SonoraEE\/\",\"https:\/\/x.com\/sonoraenequipo\",\"https:\/\/www.youtube.com\/channel\/UC338nW-lPEYmJQs4ZABQ1SQ\"]},{\"@type\":\"Person\",\"@id\":\"https:\/\/www.sonoraenequipo.com.mx\/#\/schema\/person\/61a39de478a1763473ad55e8a95fddf6\",\"name\":\"enequipo\",\"image\":{\"@type\":\"ImageObject\",\"inLanguage\":\"es\",\"@id\":\"https:\/\/www.sonoraenequipo.com.mx\/#\/schema\/person\/image\/\",\"url\":\"https:\/\/secure.gravatar.com\/avatar\/e39bc3016d8af598aed3d770c9510dfc2795f37ea1733d99fcc6e97d2c3c9f5e?s=96&d=blank&r=g\",\"contentUrl\":\"https:\/\/secure.gravatar.com\/avatar\/e39bc3016d8af598aed3d770c9510dfc2795f37ea1733d99fcc6e97d2c3c9f5e?s=96&d=blank&r=g\",\"caption\":\"enequipo\"}}]}<\/script>\n ","yoast_head_json":{"title":"Sonora en Equipo. Rectores piden al gobierno federal atienda omisi\u00f3n de autonom\u00eda universitaria en nueva ley educativa Rep\u00fablica","description":"&nbsp; CIUDAD DE M\u00c9XICO.- La omisi\u00f3n de la autonom\u00eda universitaria en la iniciativa de la Reforma Educativa y el recorte presupuestal a esas entidades En Sonora en Equipo publicamos toda la informaci\u00f3n de Sonora, M\u00e9xico y el Mundo de manera oportuna y busca que la libertad de expresi\u00f3n sea real. Visita nuestro medio informativo publicado desde Hermosillo, Sonora. %","robots":{"index":"index","follow":"follow","max-snippet":"max-snippet:-1","max-image-preview":"max-image-preview:large","max-video-preview":"max-video-preview:-1"},"canonical":"https:\/\/www.sonoraenequipo.com.mx\/rectores-piden-al-gobierno-federal-atienda-omision-de-autonomia-universitaria-en-nueva-ley-educativa\/","og_locale":"es_ES","og_type":"article","og_title":"Sonora en Equipo. Rectores piden al gobierno federal atienda omisi\u00f3n de autonom\u00eda universitaria en nueva ley educativa Rep\u00fablica","og_description":"&nbsp; CIUDAD DE M\u00c9XICO.- La omisi\u00f3n de la autonom\u00eda universitaria en la iniciativa de la Reforma Educativa y el recorte presupuestal a esas entidades En Sonora en Equipo publicamos toda la informaci\u00f3n de Sonora, M\u00e9xico y el Mundo de manera oportuna y busca que la libertad de expresi\u00f3n sea real. Visita nuestro medio informativo publicado desde Hermosillo, Sonora. %","og_url":"https:\/\/www.sonoraenequipo.com.mx\/rectores-piden-al-gobierno-federal-atienda-omision-de-autonomia-universitaria-en-nueva-ley-educativa\/","og_site_name":"Sonora en Equipo.","article_publisher":"https:\/\/www.facebook.com\/SonoraEE\/","article_published_time":"2019-05-13T23:44:35+00:00","og_image":[{"width":500,"height":333,"url":"https:\/\/www.sonoraenequipo.com.mx\/storage\/2019\/05\/rectores.jpg","type":"image\/jpeg"}],"author":"enequipo","twitter_card":"summary_large_image","twitter_creator":"@sonoraenequipo","twitter_site":"@sonoraenequipo","twitter_misc":{"Escrito por":"enequipo","Tiempo de lectura":"2 minutos"},"schema":{"@context":"https:\/\/schema.org","@graph":[{"@type":"Article","@id":"https:\/\/www.sonoraenequipo.com.mx\/rectores-piden-al-gobierno-federal-atienda-omision-de-autonomia-universitaria-en-nueva-ley-educativa\/#article","isPartOf":{"@id":"https:\/\/www.sonoraenequipo.com.mx\/rectores-piden-al-gobierno-federal-atienda-omision-de-autonomia-universitaria-en-nueva-ley-educativa\/"},"author":{"name":"enequipo","@id":"https:\/\/www.sonoraenequipo.com.mx\/#\/schema\/person\/61a39de478a1763473ad55e8a95fddf6"},"headline":"Rectores piden al gobierno federal atienda omisi\u00f3n de autonom\u00eda universitaria en nueva ley educativa","datePublished":"2019-05-13T23:44:35+00:00","mainEntityOfPage":{"@id":"https:\/\/www.sonoraenequipo.com.mx\/rectores-piden-al-gobierno-federal-atienda-omision-de-autonomia-universitaria-en-nueva-ley-educativa\/"},"wordCount":515,"commentCount":0,"publisher":{"@id":"https:\/\/www.sonoraenequipo.com.mx\/#organization"},"image":{"@id":"https:\/\/www.sonoraenequipo.com.mx\/rectores-piden-al-gobierno-federal-atienda-omision-de-autonomia-universitaria-en-nueva-ley-educativa\/#primaryimage"},"thumbnailUrl":"https:\/\/www.sonoraenequipo.com.mx\/storage\/2019\/05\/rectores.jpg","keywords":["reforma","reforma educativa"],"articleSection":["Rep\u00fablica"],"inLanguage":"es","potentialAction":[{"@type":"CommentAction","name":"Comment","target":["https:\/\/www.sonoraenequipo.com.mx\/rectores-piden-al-gobierno-federal-atienda-omision-de-autonomia-universitaria-en-nueva-ley-educativa\/#respond"]}]},{"@type":"WebPage","@id":"https:\/\/www.sonoraenequipo.com.mx\/rectores-piden-al-gobierno-federal-atienda-omision-de-autonomia-universitaria-en-nueva-ley-educativa\/","url":"https:\/\/www.sonoraenequipo.com.mx\/rectores-piden-al-gobierno-federal-atienda-omision-de-autonomia-universitaria-en-nueva-ley-educativa\/","name":"Sonora en Equipo. Rectores piden al gobierno federal atienda omisi\u00f3n de autonom\u00eda universitaria en nueva ley educativa Rep\u00fablica","isPartOf":{"@id":"https:\/\/www.sonoraenequipo.com.mx\/#website"},"primaryImageOfPage":{"@id":"https:\/\/www.sonoraenequipo.com.mx\/rectores-piden-al-gobierno-federal-atienda-omision-de-autonomia-universitaria-en-nueva-ley-educativa\/#primaryimage"},"image":{"@id":"https:\/\/www.sonoraenequipo.com.mx\/rectores-piden-al-gobierno-federal-atienda-omision-de-autonomia-universitaria-en-nueva-ley-educativa\/#primaryimage"},"thumbnailUrl":"https:\/\/www.sonoraenequipo.com.mx\/storage\/2019\/05\/rectores.jpg","datePublished":"2019-05-13T23:44:35+00:00","description":"&nbsp; CIUDAD DE M\u00c9XICO.- La omisi\u00f3n de la autonom\u00eda universitaria en la iniciativa de la Reforma Educativa y el recorte presupuestal a esas entidades En Sonora en Equipo publicamos toda la informaci\u00f3n de Sonora, M\u00e9xico y el Mundo de manera oportuna y busca que la libertad de expresi\u00f3n sea real. Visita nuestro medio informativo publicado desde Hermosillo, Sonora. %","breadcrumb":{"@id":"https:\/\/www.sonoraenequipo.com.mx\/rectores-piden-al-gobierno-federal-atienda-omision-de-autonomia-universitaria-en-nueva-ley-educativa\/#breadcrumb"},"inLanguage":"es","potentialAction":[{"@type":"ReadAction","target":["https:\/\/www.sonoraenequipo.com.mx\/rectores-piden-al-gobierno-federal-atienda-omision-de-autonomia-universitaria-en-nueva-ley-educativa\/"]}]},{"@type":"ImageObject","inLanguage":"es","@id":"https:\/\/www.sonoraenequipo.com.mx\/rectores-piden-al-gobierno-federal-atienda-omision-de-autonomia-universitaria-en-nueva-ley-educativa\/#primaryimage","url":"https:\/\/www.sonoraenequipo.com.mx\/storage\/2019\/05\/rectores.jpg","contentUrl":"https:\/\/www.sonoraenequipo.com.mx\/storage\/2019\/05\/rectores.jpg","width":500,"height":333},{"@type":"BreadcrumbList","@id":"https:\/\/www.sonoraenequipo.com.mx\/rectores-piden-al-gobierno-federal-atienda-omision-de-autonomia-universitaria-en-nueva-ley-educativa\/#breadcrumb","itemListElement":[{"@type":"ListItem","position":1,"name":"Portada","item":"https:\/\/www.sonoraenequipo.com.mx\/"},{"@type":"ListItem","position":2,"name":"Rectores piden al gobierno federal atienda omisi\u00f3n de autonom\u00eda universitaria en nueva ley educativa"}]},{"@type":"WebSite","@id":"https:\/\/www.sonoraenequipo.com.mx\/#website","url":"https:\/\/www.sonoraenequipo.com.mx\/","name":"Sonora en Equipo.","description":"Diario en l\u00ednea con Noticias desde Hermosillo, Sonora","publisher":{"@id":"https:\/\/www.sonoraenequipo.com.mx\/#organization"},"potentialAction":[{"@type":"SearchAction","target":{"@type":"EntryPoint","urlTemplate":"https:\/\/www.sonoraenequipo.com.mx\/?s={search_term_string}"},"query-input":{"@type":"PropertyValueSpecification","valueRequired":true,"valueName":"search_term_string"}}],"inLanguage":"es"},{"@type":"Organization","@id":"https:\/\/www.sonoraenequipo.com.mx\/#organization","name":"Sonoraenequipo.com.mx","url":"https:\/\/www.sonoraenequipo.com.mx\/","logo":{"@type":"ImageObject","inLanguage":"es","@id":"https:\/\/www.sonoraenequipo.com.mx\/#\/schema\/logo\/image\/","url":"https:\/\/www.sonoraenequipo.com.mx\/storage\/2019\/01\/sonoraenequipo_opt.png","contentUrl":"https:\/\/www.sonoraenequipo.com.mx\/storage\/2019\/01\/sonoraenequipo_opt.png","width":375,"height":125,"caption":"Sonoraenequipo.com.mx"},"image":{"@id":"https:\/\/www.sonoraenequipo.com.mx\/#\/schema\/logo\/image\/"},"sameAs":["https:\/\/www.facebook.com\/SonoraEE\/","https:\/\/x.com\/sonoraenequipo","https:\/\/www.youtube.com\/channel\/UC338nW-lPEYmJQs4ZABQ1SQ"]},{"@type":"Person","@id":"https:\/\/www.sonoraenequipo.com.mx\/#\/schema\/person\/61a39de478a1763473ad55e8a95fddf6","name":"enequipo","image":{"@type":"ImageObject","inLanguage":"es","@id":"https:\/\/www.sonoraenequipo.com.mx\/#\/schema\/person\/image\/","url":"https:\/\/secure.gravatar.com\/avatar\/e39bc3016d8af598aed3d770c9510dfc2795f37ea1733d99fcc6e97d2c3c9f5e?s=96&d=blank&r=g","contentUrl":"https:\/\/secure.gravatar.com\/avatar\/e39bc3016d8af598aed3d770c9510dfc2795f37ea1733d99fcc6e97d2c3c9f5e?s=96&d=blank&r=g","caption":"enequipo"}}]}},"jetpack_featured_media_url":"https:\/\/www.sonoraenequipo.com.mx\/storage\/2019\/05\/rectores.jpg","_links":{"self":[{"href":"https:\/\/www.sonoraenequipo.com.mx\/api\/wp\/v2\/posts\/60164","targetHints":{"allow":["GET"]}}],"collection":[{"href":"https:\/\/www.sonoraenequipo.com.mx\/api\/wp\/v2\/posts"}],"about":[{"href":"https:\/\/www.sonoraenequipo.com.mx\/api\/wp\/v2\/types\/post"}],"author":[{"embeddable":true,"href":"https:\/\/www.sonoraenequipo.com.mx\/api\/wp\/v2\/users\/178"}],"replies":[{"embeddable":true,"href":"https:\/\/www.sonoraenequipo.com.mx\/api\/wp\/v2\/comments?post=60164"}],"version-history":[{"count":0,"href":"https:\/\/www.sonoraenequipo.com.mx\/api\/wp\/v2\/posts\/60164\/revisions"}],"wp:featuredmedia":[{"embeddable":true,"href":"https:\/\/www.sonoraenequipo.com.mx\/api\/wp\/v2\/media\/60178"}],"wp:attachment":[{"href":"https:\/\/www.sonoraenequipo.com.mx\/api\/wp\/v2\/media?parent=60164"}],"wp:term":[{"taxonomy":"category","embeddable":true,"href":"https:\/\/www.sonoraenequipo.com.mx\/api\/wp\/v2\/categories?post=60164"},{"taxonomy":"post_tag","embeddable":true,"href":"https:\/\/www.sonoraenequipo.com.mx\/api\/wp\/v2\/tags?post=60164"}],"curies":[{"name":"wp","href":"https:\/\/api.w.org\/{rel}","templated":true}]}}