{"id":60191,"date":"2019-05-13T11:00:02","date_gmt":"2019-05-13T18:00:02","guid":{"rendered":"http:\/\/www.sonoraenequipo.com.mx\/?p=60191"},"modified":"2019-05-13T17:51:30","modified_gmt":"2019-05-14T00:51:30","slug":"se-unen-las-familias-pavlovich-y-padres-por-boda","status":"publish","type":"post","link":"https:\/\/www.sonoraenequipo.com.mx\/se-unen-las-familias-pavlovich-y-padres-por-boda\/","title":{"rendered":"Se unen las familias Pavlovich y Padr\u00e9s por boda"},"content":{"rendered":"<p>CIUDAD DE M\u00c9XICO. MX. \u2014 Jaime Al\u00e1n Padr\u00e9s Dagnino, hijo del exgobernador de Sonora Guillermo Padr\u00e9s, contrajo matrimonio con \u00c9rika Esqueda Pavlovich, sobrina de la actual gobernadora de la entidad, Claudia Pavlovich. <br \/>\nLa celebraci\u00f3n se realiz\u00f3 el s\u00e1bado 11 de mayo en la Catedral de Hermosillo<em> \u201cNuestra Se\u00f1ora de la Asunci\u00f3n\u201d,<\/em> presidida por el el sacerdote Daniel Mill\u00e1n Lanz.<\/p>\n<p>La fiesta a la que acudieron mil 600 invitados se realiz\u00f3 en la Hacienda Aquiles de la localidad de San Pedro el Saucito que se ubica tambi\u00e9n en el municipio de Hermosillo y aunque presuntamente se hab\u00eda acordado no compartir fotograf\u00edas sobre el festejo, han circulado algunas donde se aprecia al exgobernador con smoking y barba.<\/p>\n<p>La hacienda donde se celebr\u00f3 el festejo es la misma que fue decomisada a Padr\u00e9s El\u00edas por la Fiscal\u00eda Anticorrupci\u00f3n de Sonora, donde el padrino de la boda fue el empresario Fausto Pavlovich Dannese apodado \u2018El Picudo\u2019, primo de la gobernadora sonorense y familiar del secretario de Gobierno, Miguel Pompa Corella.<\/p>\n<h3>Los asistentes a la boda de Padr\u00e9s y Pavlovich<\/h3>\n<p>A la boda no acudi\u00f3 la gobernadora Claudia Pavlovich del Partido Revolucionario Institucional (PRI) o la presidenta de Hermosillo, C\u00e9lida L\u00f3pez C\u00e1rdenas, que es del Movimiento de Regeneraci\u00f3n Nacional (Morena).<\/p>\n<p>Aunque s\u00ed hicieron acto de presencia personas cercanas al exgobernador como Roberto Romero, adem\u00e1s de panistas, as\u00ed como el empresario Ricardo Maz\u00f3n Liz\u00e1rraga y el tambi\u00e9n priista Roberto Ruibal Astiazar\u00e1n. Al evento acudi\u00f3 una de las tres hijas de la gobernadora de Sonora.<\/p>\n<p>Los reportes indican que el evento fue amenizado por un DJ y que la cena fue un corte Sirlion con papa al horno, esp\u00e1rragos y verduras salteadas.<\/p>\n<p>El 19 de marzo, \u00c9rika Esqueda celebr\u00f3 un brunch junto a sus familiares y amigas, que organizaron su madre \u00c9rika Pavlovich de Esqueda, as\u00ed como su suegra, Iveth Dagnino de Padr\u00e9s, el cual no trascendi\u00f3 mucho pero confirm\u00f3 el compromiso de los juniors de la pol\u00edtica.<\/p>\n<blockquote class=\"twitter-tweet\" data-width=\"550\" data-dnt=\"true\">\n<p lang=\"es\" dir=\"ltr\">M\u00e1s ecos de la boda <a href=\"https:\/\/twitter.com\/hashtag\/Padr%C3%A9sEsqueda?src=hash&amp;ref_src=twsrc%5Etfw\">#Padr\u00e9sEsqueda<\/a> <a href=\"https:\/\/t.co\/223GKXOEme\">pic.twitter.com\/223GKXOEme<\/a><\/p>\n<p>&mdash; Ricardo Margain (@ricardo_margain) <a href=\"https:\/\/twitter.com\/ricardo_margain\/status\/1127961271037583360?ref_src=twsrc%5Etfw\">May 13, 2019<\/a><\/p><\/blockquote>\n<p><script async src=\"https:\/\/platform.twitter.com\/widgets.js\" charset=\"utf-8\"><\/script><\/p>\n<p>(Publicado el 13\/05\/2019 \/Con informaci\u00f3n de Pasi\u00f3n por los Negocios)<\/p>\n","protected":false},"excerpt":{"rendered":"<p>CIUDAD DE M\u00c9XICO. MX. \u2014 Jaime Al\u00e1n Padr\u00e9s Dagnino, hijo del exgobernador de Sonora Guillermo&#8230;<\/p>\n","protected":false},"author":1,"featured_media":60193,"comment_status":"open","ping_status":"open","sticky":false,"template":"","format":"standard","meta":{"_monsterinsights_skip_tracking":false,"_monsterinsights_sitenote_active":false,"_monsterinsights_sitenote_note":"","_monsterinsights_sitenote_category":0,"footnotes":""},"categories":[12],"tags":[],"class_list":["post"],"yoast_head":" \n<title>Sonora en Equipo. Se unen las familias Pavlovich y Padr\u00e9s por boda Especiales<\/title>\n<meta name=\"description\" content=\"CIUDAD DE M\u00c9XICO. MX. \u2014 Jaime Al\u00e1n Padr\u00e9s Dagnino, hijo del exgobernador de Sonora Guillermo Padr\u00e9s, contrajo matrimonio con \u00c9rika Esqueda Pavlovich, En Sonora en Equipo publicamos toda la informaci\u00f3n de Sonora, M\u00e9xico y el Mundo de manera oportuna y busca que la libertad de expresi\u00f3n sea real. Visita nuestro medio informativo publicado desde Hermosillo, Sonora. %\" \/>\n<meta name=\"robots\" content=\"index, follow, max-snippet:-1, max-image-preview:large, max-video-preview:-1\" \/>\n<link rel=\"canonical\" href=\"https:\/\/www.sonoraenequipo.com.mx\/se-unen-las-familias-pavlovich-y-padres-por-boda\/\" \/>\n<meta property=\"og:locale\" content=\"es_ES\" \/>\n<meta property=\"og:type\" content=\"article\" \/>\n<meta property=\"og:title\" content=\"Sonora en Equipo. Se unen las familias Pavlovich y Padr\u00e9s por boda Especiales\" \/>\n<meta property=\"og:description\" content=\"CIUDAD DE M\u00c9XICO. MX. \u2014 Jaime Al\u00e1n Padr\u00e9s Dagnino, hijo del exgobernador de Sonora Guillermo Padr\u00e9s, contrajo matrimonio con \u00c9rika Esqueda Pavlovich, En Sonora en Equipo publicamos toda la informaci\u00f3n de Sonora, M\u00e9xico y el Mundo de manera oportuna y busca que la libertad de expresi\u00f3n sea real. Visita nuestro medio informativo publicado desde Hermosillo, Sonora. %\" \/>\n<meta property=\"og:url\" content=\"https:\/\/www.sonoraenequipo.com.mx\/se-unen-las-familias-pavlovich-y-padres-por-boda\/\" \/>\n<meta property=\"og:site_name\" content=\"Sonora en Equipo.\" \/>\n<meta property=\"article:publisher\" content=\"https:\/\/www.facebook.com\/SonoraEE\/\" \/>\n<meta property=\"article:author\" content=\"https:\/\/www.facebook.com\/SonoraEE\" \/>\n<meta property=\"article:published_time\" content=\"2019-05-13T18:00:02+00:00\" \/>\n<meta property=\"article:modified_time\" content=\"2019-05-14T00:51:30+00:00\" \/>\n<meta property=\"og:image\" content=\"https:\/\/www.sonoraenequipo.com.mx\/storage\/2019\/05\/union_opt.jpg\" \/>\n\t<meta property=\"og:image:width\" content=\"708\" \/>\n\t<meta property=\"og:image:height\" content=\"400\" \/>\n\t<meta property=\"og:image:type\" content=\"image\/jpeg\" \/>\n<meta name=\"author\" content=\"enequipo\" \/>\n<meta name=\"twitter:card\" content=\"summary_large_image\" \/>\n<meta name=\"twitter:creator\" content=\"@sonoraenequipo\" \/>\n<meta name=\"twitter:site\" content=\"@sonoraenequipo\" \/>\n<meta name=\"twitter:label1\" content=\"Escrito por\" \/>\n\t<meta name=\"twitter:data1\" content=\"enequipo\" \/>\n\t<meta name=\"twitter:label2\" content=\"Tiempo de lectura\" \/>\n\t<meta name=\"twitter:data2\" content=\"2 minutos\" \/>\n<script type=\"application\/ld+json\" class=\"yoast-schema-graph\">{\"@context\":\"https:\/\/schema.org\",\"@graph\":[{\"@type\":\"Article\",\"@id\":\"https:\/\/www.sonoraenequipo.com.mx\/se-unen-las-familias-pavlovich-y-padres-por-boda\/#article\",\"isPartOf\":{\"@id\":\"https:\/\/www.sonoraenequipo.com.mx\/se-unen-las-familias-pavlovich-y-padres-por-boda\/\"},\"author\":{\"name\":\"enequipo\",\"@id\":\"https:\/\/www.sonoraenequipo.com.mx\/#\/schema\/person\/50102df0fb23a8fa9e8effad8fa81386\"},\"headline\":\"Se unen las familias Pavlovich y Padr\u00e9s por boda\",\"datePublished\":\"2019-05-13T18:00:02+00:00\",\"dateModified\":\"2019-05-14T00:51:30+00:00\",\"mainEntityOfPage\":{\"@id\":\"https:\/\/www.sonoraenequipo.com.mx\/se-unen-las-familias-pavlovich-y-padres-por-boda\/\"},\"wordCount\":372,\"commentCount\":0,\"publisher\":{\"@id\":\"https:\/\/www.sonoraenequipo.com.mx\/#organization\"},\"image\":{\"@id\":\"https:\/\/www.sonoraenequipo.com.mx\/se-unen-las-familias-pavlovich-y-padres-por-boda\/#primaryimage\"},\"thumbnailUrl\":\"https:\/\/www.sonoraenequipo.com.mx\/storage\/2019\/05\/union_opt.jpg\",\"articleSection\":[\"Especiales\"],\"inLanguage\":\"es\",\"potentialAction\":[{\"@type\":\"CommentAction\",\"name\":\"Comment\",\"target\":[\"https:\/\/www.sonoraenequipo.com.mx\/se-unen-las-familias-pavlovich-y-padres-por-boda\/#respond\"]}]},{\"@type\":\"WebPage\",\"@id\":\"https:\/\/www.sonoraenequipo.com.mx\/se-unen-las-familias-pavlovich-y-padres-por-boda\/\",\"url\":\"https:\/\/www.sonoraenequipo.com.mx\/se-unen-las-familias-pavlovich-y-padres-por-boda\/\",\"name\":\"Sonora en Equipo. Se unen las familias Pavlovich y Padr\u00e9s por boda Especiales\",\"isPartOf\":{\"@id\":\"https:\/\/www.sonoraenequipo.com.mx\/#website\"},\"primaryImageOfPage\":{\"@id\":\"https:\/\/www.sonoraenequipo.com.mx\/se-unen-las-familias-pavlovich-y-padres-por-boda\/#primaryimage\"},\"image\":{\"@id\":\"https:\/\/www.sonoraenequipo.com.mx\/se-unen-las-familias-pavlovich-y-padres-por-boda\/#primaryimage\"},\"thumbnailUrl\":\"https:\/\/www.sonoraenequipo.com.mx\/storage\/2019\/05\/union_opt.jpg\",\"datePublished\":\"2019-05-13T18:00:02+00:00\",\"dateModified\":\"2019-05-14T00:51:30+00:00\",\"description\":\"CIUDAD DE M\u00c9XICO. MX. \u2014 Jaime Al\u00e1n Padr\u00e9s Dagnino, hijo del exgobernador de Sonora Guillermo Padr\u00e9s, contrajo matrimonio con \u00c9rika Esqueda Pavlovich, En Sonora en Equipo publicamos toda la informaci\u00f3n de Sonora, M\u00e9xico y el Mundo de manera oportuna y busca que la libertad de expresi\u00f3n sea real. Visita nuestro medio informativo publicado desde Hermosillo, Sonora. %\",\"breadcrumb\":{\"@id\":\"https:\/\/www.sonoraenequipo.com.mx\/se-unen-las-familias-pavlovich-y-padres-por-boda\/#breadcrumb\"},\"inLanguage\":\"es\",\"potentialAction\":[{\"@type\":\"ReadAction\",\"target\":[\"https:\/\/www.sonoraenequipo.com.mx\/se-unen-las-familias-pavlovich-y-padres-por-boda\/\"]}]},{\"@type\":\"ImageObject\",\"inLanguage\":\"es\",\"@id\":\"https:\/\/www.sonoraenequipo.com.mx\/se-unen-las-familias-pavlovich-y-padres-por-boda\/#primaryimage\",\"url\":\"https:\/\/www.sonoraenequipo.com.mx\/storage\/2019\/05\/union_opt.jpg\",\"contentUrl\":\"https:\/\/www.sonoraenequipo.com.mx\/storage\/2019\/05\/union_opt.jpg\",\"width\":708,\"height\":400},{\"@type\":\"BreadcrumbList\",\"@id\":\"https:\/\/www.sonoraenequipo.com.mx\/se-unen-las-familias-pavlovich-y-padres-por-boda\/#breadcrumb\",\"itemListElement\":[{\"@type\":\"ListItem\",\"position\":1,\"name\":\"Portada\",\"item\":\"https:\/\/www.sonoraenequipo.com.mx\/\"},{\"@type\":\"ListItem\",\"position\":2,\"name\":\"Se unen las familias Pavlovich y Padr\u00e9s por boda\"}]},{\"@type\":\"WebSite\",\"@id\":\"https:\/\/www.sonoraenequipo.com.mx\/#website\",\"url\":\"https:\/\/www.sonoraenequipo.com.mx\/\",\"name\":\"Sonora en Equipo.\",\"description\":\"Diario en l\u00ednea con Noticias desde Hermosillo, Sonora\",\"publisher\":{\"@id\":\"https:\/\/www.sonoraenequipo.com.mx\/#organization\"},\"potentialAction\":[{\"@type\":\"SearchAction\",\"target\":{\"@type\":\"EntryPoint\",\"urlTemplate\":\"https:\/\/www.sonoraenequipo.com.mx\/?s={search_term_string}\"},\"query-input\":{\"@type\":\"PropertyValueSpecification\",\"valueRequired\":true,\"valueName\":\"search_term_string\"}}],\"inLanguage\":\"es\"},{\"@type\":\"Organization\",\"@id\":\"https:\/\/www.sonoraenequipo.com.mx\/#organization\",\"name\":\"Sonoraenequipo.com.mx\",\"url\":\"https:\/\/www.sonoraenequipo.com.mx\/\",\"logo\":{\"@type\":\"ImageObject\",\"inLanguage\":\"es\",\"@id\":\"https:\/\/www.sonoraenequipo.com.mx\/#\/schema\/logo\/image\/\",\"url\":\"https:\/\/www.sonoraenequipo.com.mx\/storage\/2019\/01\/sonoraenequipo_opt.png\",\"contentUrl\":\"https:\/\/www.sonoraenequipo.com.mx\/storage\/2019\/01\/sonoraenequipo_opt.png\",\"width\":375,\"height\":125,\"caption\":\"Sonoraenequipo.com.mx\"},\"image\":{\"@id\":\"https:\/\/www.sonoraenequipo.com.mx\/#\/schema\/logo\/image\/\"},\"sameAs\":[\"https:\/\/www.facebook.com\/SonoraEE\/\",\"https:\/\/x.com\/sonoraenequipo\",\"https:\/\/www.youtube.com\/channel\/UC338nW-lPEYmJQs4ZABQ1SQ\"]},{\"@type\":\"Person\",\"@id\":\"https:\/\/www.sonoraenequipo.com.mx\/#\/schema\/person\/50102df0fb23a8fa9e8effad8fa81386\",\"name\":\"enequipo\",\"image\":{\"@type\":\"ImageObject\",\"inLanguage\":\"es\",\"@id\":\"https:\/\/www.sonoraenequipo.com.mx\/#\/schema\/person\/image\/\",\"url\":\"https:\/\/secure.gravatar.com\/avatar\/049821681b589dabc0bc20695993ccebb09f5b5d4d790cd9251b97faac7c652b?s=96&d=blank&r=g\",\"contentUrl\":\"https:\/\/secure.gravatar.com\/avatar\/049821681b589dabc0bc20695993ccebb09f5b5d4d790cd9251b97faac7c652b?s=96&d=blank&r=g\",\"caption\":\"enequipo\"},\"sameAs\":[\"https:\/\/www.facebook.com\/SonoraEE\"]}]}<\/script>\n ","yoast_head_json":{"title":"Sonora en Equipo. Se unen las familias Pavlovich y Padr\u00e9s por boda Especiales","description":"CIUDAD DE M\u00c9XICO. MX. \u2014 Jaime Al\u00e1n Padr\u00e9s Dagnino, hijo del exgobernador de Sonora Guillermo Padr\u00e9s, contrajo matrimonio con \u00c9rika Esqueda Pavlovich, En Sonora en Equipo publicamos toda la informaci\u00f3n de Sonora, M\u00e9xico y el Mundo de manera oportuna y busca que la libertad de expresi\u00f3n sea real. Visita nuestro medio informativo publicado desde Hermosillo, Sonora. %","robots":{"index":"index","follow":"follow","max-snippet":"max-snippet:-1","max-image-preview":"max-image-preview:large","max-video-preview":"max-video-preview:-1"},"canonical":"https:\/\/www.sonoraenequipo.com.mx\/se-unen-las-familias-pavlovich-y-padres-por-boda\/","og_locale":"es_ES","og_type":"article","og_title":"Sonora en Equipo. Se unen las familias Pavlovich y Padr\u00e9s por boda Especiales","og_description":"CIUDAD DE M\u00c9XICO. MX. \u2014 Jaime Al\u00e1n Padr\u00e9s Dagnino, hijo del exgobernador de Sonora Guillermo Padr\u00e9s, contrajo matrimonio con \u00c9rika Esqueda Pavlovich, En Sonora en Equipo publicamos toda la informaci\u00f3n de Sonora, M\u00e9xico y el Mundo de manera oportuna y busca que la libertad de expresi\u00f3n sea real. Visita nuestro medio informativo publicado desde Hermosillo, Sonora. %","og_url":"https:\/\/www.sonoraenequipo.com.mx\/se-unen-las-familias-pavlovich-y-padres-por-boda\/","og_site_name":"Sonora en Equipo.","article_publisher":"https:\/\/www.facebook.com\/SonoraEE\/","article_author":"https:\/\/www.facebook.com\/SonoraEE","article_published_time":"2019-05-13T18:00:02+00:00","article_modified_time":"2019-05-14T00:51:30+00:00","og_image":[{"width":708,"height":400,"url":"https:\/\/www.sonoraenequipo.com.mx\/storage\/2019\/05\/union_opt.jpg","type":"image\/jpeg"}],"author":"enequipo","twitter_card":"summary_large_image","twitter_creator":"@sonoraenequipo","twitter_site":"@sonoraenequipo","twitter_misc":{"Escrito por":"enequipo","Tiempo de lectura":"2 minutos"},"schema":{"@context":"https:\/\/schema.org","@graph":[{"@type":"Article","@id":"https:\/\/www.sonoraenequipo.com.mx\/se-unen-las-familias-pavlovich-y-padres-por-boda\/#article","isPartOf":{"@id":"https:\/\/www.sonoraenequipo.com.mx\/se-unen-las-familias-pavlovich-y-padres-por-boda\/"},"author":{"name":"enequipo","@id":"https:\/\/www.sonoraenequipo.com.mx\/#\/schema\/person\/50102df0fb23a8fa9e8effad8fa81386"},"headline":"Se unen las familias Pavlovich y Padr\u00e9s por boda","datePublished":"2019-05-13T18:00:02+00:00","dateModified":"2019-05-14T00:51:30+00:00","mainEntityOfPage":{"@id":"https:\/\/www.sonoraenequipo.com.mx\/se-unen-las-familias-pavlovich-y-padres-por-boda\/"},"wordCount":372,"commentCount":0,"publisher":{"@id":"https:\/\/www.sonoraenequipo.com.mx\/#organization"},"image":{"@id":"https:\/\/www.sonoraenequipo.com.mx\/se-unen-las-familias-pavlovich-y-padres-por-boda\/#primaryimage"},"thumbnailUrl":"https:\/\/www.sonoraenequipo.com.mx\/storage\/2019\/05\/union_opt.jpg","articleSection":["Especiales"],"inLanguage":"es","potentialAction":[{"@type":"CommentAction","name":"Comment","target":["https:\/\/www.sonoraenequipo.com.mx\/se-unen-las-familias-pavlovich-y-padres-por-boda\/#respond"]}]},{"@type":"WebPage","@id":"https:\/\/www.sonoraenequipo.com.mx\/se-unen-las-familias-pavlovich-y-padres-por-boda\/","url":"https:\/\/www.sonoraenequipo.com.mx\/se-unen-las-familias-pavlovich-y-padres-por-boda\/","name":"Sonora en Equipo. Se unen las familias Pavlovich y Padr\u00e9s por boda Especiales","isPartOf":{"@id":"https:\/\/www.sonoraenequipo.com.mx\/#website"},"primaryImageOfPage":{"@id":"https:\/\/www.sonoraenequipo.com.mx\/se-unen-las-familias-pavlovich-y-padres-por-boda\/#primaryimage"},"image":{"@id":"https:\/\/www.sonoraenequipo.com.mx\/se-unen-las-familias-pavlovich-y-padres-por-boda\/#primaryimage"},"thumbnailUrl":"https:\/\/www.sonoraenequipo.com.mx\/storage\/2019\/05\/union_opt.jpg","datePublished":"2019-05-13T18:00:02+00:00","dateModified":"2019-05-14T00:51:30+00:00","description":"CIUDAD DE M\u00c9XICO. MX. \u2014 Jaime Al\u00e1n Padr\u00e9s Dagnino, hijo del exgobernador de Sonora Guillermo Padr\u00e9s, contrajo matrimonio con \u00c9rika Esqueda Pavlovich, En Sonora en Equipo publicamos toda la informaci\u00f3n de Sonora, M\u00e9xico y el Mundo de manera oportuna y busca que la libertad de expresi\u00f3n sea real. Visita nuestro medio informativo publicado desde Hermosillo, Sonora. %","breadcrumb":{"@id":"https:\/\/www.sonoraenequipo.com.mx\/se-unen-las-familias-pavlovich-y-padres-por-boda\/#breadcrumb"},"inLanguage":"es","potentialAction":[{"@type":"ReadAction","target":["https:\/\/www.sonoraenequipo.com.mx\/se-unen-las-familias-pavlovich-y-padres-por-boda\/"]}]},{"@type":"ImageObject","inLanguage":"es","@id":"https:\/\/www.sonoraenequipo.com.mx\/se-unen-las-familias-pavlovich-y-padres-por-boda\/#primaryimage","url":"https:\/\/www.sonoraenequipo.com.mx\/storage\/2019\/05\/union_opt.jpg","contentUrl":"https:\/\/www.sonoraenequipo.com.mx\/storage\/2019\/05\/union_opt.jpg","width":708,"height":400},{"@type":"BreadcrumbList","@id":"https:\/\/www.sonoraenequipo.com.mx\/se-unen-las-familias-pavlovich-y-padres-por-boda\/#breadcrumb","itemListElement":[{"@type":"ListItem","position":1,"name":"Portada","item":"https:\/\/www.sonoraenequipo.com.mx\/"},{"@type":"ListItem","position":2,"name":"Se unen las familias Pavlovich y Padr\u00e9s por boda"}]},{"@type":"WebSite","@id":"https:\/\/www.sonoraenequipo.com.mx\/#website","url":"https:\/\/www.sonoraenequipo.com.mx\/","name":"Sonora en Equipo.","description":"Diario en l\u00ednea con Noticias desde Hermosillo, Sonora","publisher":{"@id":"https:\/\/www.sonoraenequipo.com.mx\/#organization"},"potentialAction":[{"@type":"SearchAction","target":{"@type":"EntryPoint","urlTemplate":"https:\/\/www.sonoraenequipo.com.mx\/?s={search_term_string}"},"query-input":{"@type":"PropertyValueSpecification","valueRequired":true,"valueName":"search_term_string"}}],"inLanguage":"es"},{"@type":"Organization","@id":"https:\/\/www.sonoraenequipo.com.mx\/#organization","name":"Sonoraenequipo.com.mx","url":"https:\/\/www.sonoraenequipo.com.mx\/","logo":{"@type":"ImageObject","inLanguage":"es","@id":"https:\/\/www.sonoraenequipo.com.mx\/#\/schema\/logo\/image\/","url":"https:\/\/www.sonoraenequipo.com.mx\/storage\/2019\/01\/sonoraenequipo_opt.png","contentUrl":"https:\/\/www.sonoraenequipo.com.mx\/storage\/2019\/01\/sonoraenequipo_opt.png","width":375,"height":125,"caption":"Sonoraenequipo.com.mx"},"image":{"@id":"https:\/\/www.sonoraenequipo.com.mx\/#\/schema\/logo\/image\/"},"sameAs":["https:\/\/www.facebook.com\/SonoraEE\/","https:\/\/x.com\/sonoraenequipo","https:\/\/www.youtube.com\/channel\/UC338nW-lPEYmJQs4ZABQ1SQ"]},{"@type":"Person","@id":"https:\/\/www.sonoraenequipo.com.mx\/#\/schema\/person\/50102df0fb23a8fa9e8effad8fa81386","name":"enequipo","image":{"@type":"ImageObject","inLanguage":"es","@id":"https:\/\/www.sonoraenequipo.com.mx\/#\/schema\/person\/image\/","url":"https:\/\/secure.gravatar.com\/avatar\/049821681b589dabc0bc20695993ccebb09f5b5d4d790cd9251b97faac7c652b?s=96&d=blank&r=g","contentUrl":"https:\/\/secure.gravatar.com\/avatar\/049821681b589dabc0bc20695993ccebb09f5b5d4d790cd9251b97faac7c652b?s=96&d=blank&r=g","caption":"enequipo"},"sameAs":["https:\/\/www.facebook.com\/SonoraEE"]}]}},"jetpack_featured_media_url":"https:\/\/www.sonoraenequipo.com.mx\/storage\/2019\/05\/union_opt.jpg","_links":{"self":[{"href":"https:\/\/www.sonoraenequipo.com.mx\/api\/wp\/v2\/posts\/60191","targetHints":{"allow":["GET"]}}],"collection":[{"href":"https:\/\/www.sonoraenequipo.com.mx\/api\/wp\/v2\/posts"}],"about":[{"href":"https:\/\/www.sonoraenequipo.com.mx\/api\/wp\/v2\/types\/post"}],"author":[{"embeddable":true,"href":"https:\/\/www.sonoraenequipo.com.mx\/api\/wp\/v2\/users\/1"}],"replies":[{"embeddable":true,"href":"https:\/\/www.sonoraenequipo.com.mx\/api\/wp\/v2\/comments?post=60191"}],"version-history":[{"count":0,"href":"https:\/\/www.sonoraenequipo.com.mx\/api\/wp\/v2\/posts\/60191\/revisions"}],"wp:featuredmedia":[{"embeddable":true,"href":"https:\/\/www.sonoraenequipo.com.mx\/api\/wp\/v2\/media\/60193"}],"wp:attachment":[{"href":"https:\/\/www.sonoraenequipo.com.mx\/api\/wp\/v2\/media?parent=60191"}],"wp:term":[{"taxonomy":"category","embeddable":true,"href":"https:\/\/www.sonoraenequipo.com.mx\/api\/wp\/v2\/categories?post=60191"},{"taxonomy":"post_tag","embeddable":true,"href":"https:\/\/www.sonoraenequipo.com.mx\/api\/wp\/v2\/tags?post=60191"}],"curies":[{"name":"wp","href":"https:\/\/api.w.org\/{rel}","templated":true}]}}