{"id":60208,"date":"2019-05-14T05:10:34","date_gmt":"2019-05-14T12:10:34","guid":{"rendered":"http:\/\/www.sonoraenequipo.com.mx\/?p=60208"},"modified":"2019-05-14T05:48:40","modified_gmt":"2019-05-14T12:48:40","slug":"persiste-esta-madrugada-muy-mala-calidad-del-aire-aumenta-a-158-puntos","status":"publish","type":"post","link":"https:\/\/www.sonoraenequipo.com.mx\/persiste-esta-madrugada-muy-mala-calidad-del-aire-aumenta-a-158-puntos\/","title":{"rendered":"Persiste esta madrugada muy mala calidad del aire; aumenta a 158 puntos"},"content":{"rendered":"<p>CIUDAD DE M\u00c9XICO. MX. \u2014 El \u00edndice de calidad del aire en el Valle de M\u00e9xico aument\u00f3 esta madrugada a 158 puntos de Part\u00edculas Menores en el municipio mexiquense de Nezahualc\u00f3yotl, por lo que contin\u00faa siendo muy mala, inform\u00f3 el Sistema de Monitoreo Atmosf\u00e9rico (Simat). <\/p>\n<p>En su reporte de las 05:00 horas, reiter\u00f3 que los ni\u00f1os, adultos mayores, personas que realizan actividad f\u00edsica intensa o con enfermedades respiratorias y cardiovasculares, deben evitar el esfuerzo prolongado al aire libre.<\/p>\n<p>Destac\u00f3 que la poblaci\u00f3n en general debe limitar el esfuerzo prolongado al aire libre La mayor\u00eda de las estaciones ubicadas en la zona metropolitana del Valle de M\u00e9xico registran mala calidad del aire con m\u00e1s de 100 puntos.<\/p>\n<p>La Comisi\u00f3n Ambiental de la Megal\u00f3polis (Came) dio a conocer anoche que este martes presentar\u00e1 las medidas del Programa de Contingencias Ambientales Atmosf\u00e9ricas extraordinarias para Part\u00edculas Menores a 2.5 Micr\u00f3metros (PM2.5).<\/p>\n<p>En un comunicado, detall\u00f3 que existe consenso sobre la necesidad de aplicar medidas extraordinarias y se ha definido un mecanismo de aplicaci\u00f3n de las mismas.<\/p>\n<p>Precis\u00f3 que contin\u00faa la alerta ambiental en el Valle de M\u00e9xico, debido a que prevalecen los \u00edndices de contaminaci\u00f3n por part\u00edculas finas, relacionados con la presencia de incendios en esta cuenca atmosf\u00e9rica y en sus alrededores.<\/p>\n<p>(Publicado el 14\/05\/2019 \/<\/p>\n","protected":false},"excerpt":{"rendered":"<p>CIUDAD DE M\u00c9XICO. MX. \u2014 El \u00edndice de calidad del aire en el Valle de&#8230;<\/p>\n","protected":false},"author":1,"featured_media":60204,"comment_status":"open","ping_status":"open","sticky":false,"template":"","format":"standard","meta":{"_monsterinsights_skip_tracking":false,"_monsterinsights_sitenote_active":false,"_monsterinsights_sitenote_note":"","_monsterinsights_sitenote_category":0,"footnotes":""},"categories":[5],"tags":[],"class_list":["post"],"yoast_head":" \n<title>Sonora en Equipo. Persiste esta madrugada muy mala calidad del aire; aumenta a 158 puntos Rep\u00fablica<\/title>\n<meta name=\"description\" content=\"CIUDAD DE M\u00c9XICO. MX. \u2014 El \u00edndice de calidad del aire en el Valle de M\u00e9xico aument\u00f3 esta madrugada a 158 puntos de Part\u00edculas Menores en el municipio En Sonora en Equipo publicamos toda la informaci\u00f3n de Sonora, M\u00e9xico y el Mundo de manera oportuna y busca que la libertad de expresi\u00f3n sea real. Visita nuestro medio informativo publicado desde Hermosillo, Sonora. %\" \/>\n<meta name=\"robots\" content=\"index, follow, max-snippet:-1, max-image-preview:large, max-video-preview:-1\" \/>\n<link rel=\"canonical\" href=\"https:\/\/www.sonoraenequipo.com.mx\/persiste-esta-madrugada-muy-mala-calidad-del-aire-aumenta-a-158-puntos\/\" \/>\n<meta property=\"og:locale\" content=\"es_ES\" \/>\n<meta property=\"og:type\" content=\"article\" \/>\n<meta property=\"og:title\" content=\"Sonora en Equipo. Persiste esta madrugada muy mala calidad del aire; aumenta a 158 puntos Rep\u00fablica\" \/>\n<meta property=\"og:description\" content=\"CIUDAD DE M\u00c9XICO. MX. \u2014 El \u00edndice de calidad del aire en el Valle de M\u00e9xico aument\u00f3 esta madrugada a 158 puntos de Part\u00edculas Menores en el municipio En Sonora en Equipo publicamos toda la informaci\u00f3n de Sonora, M\u00e9xico y el Mundo de manera oportuna y busca que la libertad de expresi\u00f3n sea real. Visita nuestro medio informativo publicado desde Hermosillo, Sonora. %\" \/>\n<meta property=\"og:url\" content=\"https:\/\/www.sonoraenequipo.com.mx\/persiste-esta-madrugada-muy-mala-calidad-del-aire-aumenta-a-158-puntos\/\" \/>\n<meta property=\"og:site_name\" content=\"Sonora en Equipo.\" \/>\n<meta property=\"article:publisher\" content=\"https:\/\/www.facebook.com\/SonoraEE\/\" \/>\n<meta property=\"article:author\" content=\"https:\/\/www.facebook.com\/SonoraEE\" \/>\n<meta property=\"article:published_time\" content=\"2019-05-14T12:10:34+00:00\" \/>\n<meta property=\"article:modified_time\" content=\"2019-05-14T12:48:40+00:00\" \/>\n<meta property=\"og:image\" content=\"https:\/\/www.sonoraenequipo.com.mx\/storage\/2019\/05\/malacalidaddeaireencdmx_opt.jpg\" \/>\n\t<meta property=\"og:image:width\" content=\"811\" \/>\n\t<meta property=\"og:image:height\" content=\"482\" \/>\n\t<meta property=\"og:image:type\" content=\"image\/jpeg\" \/>\n<meta name=\"author\" content=\"enequipo\" \/>\n<meta name=\"twitter:card\" content=\"summary_large_image\" \/>\n<meta name=\"twitter:creator\" content=\"@sonoraenequipo\" \/>\n<meta name=\"twitter:site\" content=\"@sonoraenequipo\" \/>\n<meta name=\"twitter:label1\" content=\"Escrito por\" \/>\n\t<meta name=\"twitter:data1\" content=\"enequipo\" \/>\n\t<meta name=\"twitter:label2\" content=\"Tiempo de lectura\" \/>\n\t<meta name=\"twitter:data2\" content=\"1 minuto\" \/>\n<script type=\"application\/ld+json\" class=\"yoast-schema-graph\">{\"@context\":\"https:\/\/schema.org\",\"@graph\":[{\"@type\":\"Article\",\"@id\":\"https:\/\/www.sonoraenequipo.com.mx\/persiste-esta-madrugada-muy-mala-calidad-del-aire-aumenta-a-158-puntos\/#article\",\"isPartOf\":{\"@id\":\"https:\/\/www.sonoraenequipo.com.mx\/persiste-esta-madrugada-muy-mala-calidad-del-aire-aumenta-a-158-puntos\/\"},\"author\":{\"name\":\"enequipo\",\"@id\":\"https:\/\/www.sonoraenequipo.com.mx\/#\/schema\/person\/50102df0fb23a8fa9e8effad8fa81386\"},\"headline\":\"Persiste esta madrugada muy mala calidad del aire; aumenta a 158 puntos\",\"datePublished\":\"2019-05-14T12:10:34+00:00\",\"dateModified\":\"2019-05-14T12:48:40+00:00\",\"mainEntityOfPage\":{\"@id\":\"https:\/\/www.sonoraenequipo.com.mx\/persiste-esta-madrugada-muy-mala-calidad-del-aire-aumenta-a-158-puntos\/\"},\"wordCount\":239,\"commentCount\":0,\"publisher\":{\"@id\":\"https:\/\/www.sonoraenequipo.com.mx\/#organization\"},\"image\":{\"@id\":\"https:\/\/www.sonoraenequipo.com.mx\/persiste-esta-madrugada-muy-mala-calidad-del-aire-aumenta-a-158-puntos\/#primaryimage\"},\"thumbnailUrl\":\"https:\/\/www.sonoraenequipo.com.mx\/storage\/2019\/05\/malacalidaddeaireencdmx_opt.jpg\",\"articleSection\":[\"Rep\u00fablica\"],\"inLanguage\":\"es\",\"potentialAction\":[{\"@type\":\"CommentAction\",\"name\":\"Comment\",\"target\":[\"https:\/\/www.sonoraenequipo.com.mx\/persiste-esta-madrugada-muy-mala-calidad-del-aire-aumenta-a-158-puntos\/#respond\"]}]},{\"@type\":\"WebPage\",\"@id\":\"https:\/\/www.sonoraenequipo.com.mx\/persiste-esta-madrugada-muy-mala-calidad-del-aire-aumenta-a-158-puntos\/\",\"url\":\"https:\/\/www.sonoraenequipo.com.mx\/persiste-esta-madrugada-muy-mala-calidad-del-aire-aumenta-a-158-puntos\/\",\"name\":\"Sonora en Equipo. Persiste esta madrugada muy mala calidad del aire; aumenta a 158 puntos Rep\u00fablica\",\"isPartOf\":{\"@id\":\"https:\/\/www.sonoraenequipo.com.mx\/#website\"},\"primaryImageOfPage\":{\"@id\":\"https:\/\/www.sonoraenequipo.com.mx\/persiste-esta-madrugada-muy-mala-calidad-del-aire-aumenta-a-158-puntos\/#primaryimage\"},\"image\":{\"@id\":\"https:\/\/www.sonoraenequipo.com.mx\/persiste-esta-madrugada-muy-mala-calidad-del-aire-aumenta-a-158-puntos\/#primaryimage\"},\"thumbnailUrl\":\"https:\/\/www.sonoraenequipo.com.mx\/storage\/2019\/05\/malacalidaddeaireencdmx_opt.jpg\",\"datePublished\":\"2019-05-14T12:10:34+00:00\",\"dateModified\":\"2019-05-14T12:48:40+00:00\",\"description\":\"CIUDAD DE M\u00c9XICO. MX. \u2014 El \u00edndice de calidad del aire en el Valle de M\u00e9xico aument\u00f3 esta madrugada a 158 puntos de Part\u00edculas Menores en el municipio En Sonora en Equipo publicamos toda la informaci\u00f3n de Sonora, M\u00e9xico y el Mundo de manera oportuna y busca que la libertad de expresi\u00f3n sea real. Visita nuestro medio informativo publicado desde Hermosillo, Sonora. %\",\"breadcrumb\":{\"@id\":\"https:\/\/www.sonoraenequipo.com.mx\/persiste-esta-madrugada-muy-mala-calidad-del-aire-aumenta-a-158-puntos\/#breadcrumb\"},\"inLanguage\":\"es\",\"potentialAction\":[{\"@type\":\"ReadAction\",\"target\":[\"https:\/\/www.sonoraenequipo.com.mx\/persiste-esta-madrugada-muy-mala-calidad-del-aire-aumenta-a-158-puntos\/\"]}]},{\"@type\":\"ImageObject\",\"inLanguage\":\"es\",\"@id\":\"https:\/\/www.sonoraenequipo.com.mx\/persiste-esta-madrugada-muy-mala-calidad-del-aire-aumenta-a-158-puntos\/#primaryimage\",\"url\":\"https:\/\/www.sonoraenequipo.com.mx\/storage\/2019\/05\/malacalidaddeaireencdmx_opt.jpg\",\"contentUrl\":\"https:\/\/www.sonoraenequipo.com.mx\/storage\/2019\/05\/malacalidaddeaireencdmx_opt.jpg\",\"width\":811,\"height\":482},{\"@type\":\"BreadcrumbList\",\"@id\":\"https:\/\/www.sonoraenequipo.com.mx\/persiste-esta-madrugada-muy-mala-calidad-del-aire-aumenta-a-158-puntos\/#breadcrumb\",\"itemListElement\":[{\"@type\":\"ListItem\",\"position\":1,\"name\":\"Portada\",\"item\":\"https:\/\/www.sonoraenequipo.com.mx\/\"},{\"@type\":\"ListItem\",\"position\":2,\"name\":\"Persiste esta madrugada muy mala calidad del aire; aumenta a 158 puntos\"}]},{\"@type\":\"WebSite\",\"@id\":\"https:\/\/www.sonoraenequipo.com.mx\/#website\",\"url\":\"https:\/\/www.sonoraenequipo.com.mx\/\",\"name\":\"Sonora en Equipo.\",\"description\":\"Diario en l\u00ednea con Noticias desde Hermosillo, Sonora\",\"publisher\":{\"@id\":\"https:\/\/www.sonoraenequipo.com.mx\/#organization\"},\"potentialAction\":[{\"@type\":\"SearchAction\",\"target\":{\"@type\":\"EntryPoint\",\"urlTemplate\":\"https:\/\/www.sonoraenequipo.com.mx\/?s={search_term_string}\"},\"query-input\":{\"@type\":\"PropertyValueSpecification\",\"valueRequired\":true,\"valueName\":\"search_term_string\"}}],\"inLanguage\":\"es\"},{\"@type\":\"Organization\",\"@id\":\"https:\/\/www.sonoraenequipo.com.mx\/#organization\",\"name\":\"Sonoraenequipo.com.mx\",\"url\":\"https:\/\/www.sonoraenequipo.com.mx\/\",\"logo\":{\"@type\":\"ImageObject\",\"inLanguage\":\"es\",\"@id\":\"https:\/\/www.sonoraenequipo.com.mx\/#\/schema\/logo\/image\/\",\"url\":\"https:\/\/www.sonoraenequipo.com.mx\/storage\/2019\/01\/sonoraenequipo_opt.png\",\"contentUrl\":\"https:\/\/www.sonoraenequipo.com.mx\/storage\/2019\/01\/sonoraenequipo_opt.png\",\"width\":375,\"height\":125,\"caption\":\"Sonoraenequipo.com.mx\"},\"image\":{\"@id\":\"https:\/\/www.sonoraenequipo.com.mx\/#\/schema\/logo\/image\/\"},\"sameAs\":[\"https:\/\/www.facebook.com\/SonoraEE\/\",\"https:\/\/x.com\/sonoraenequipo\",\"https:\/\/www.youtube.com\/channel\/UC338nW-lPEYmJQs4ZABQ1SQ\"]},{\"@type\":\"Person\",\"@id\":\"https:\/\/www.sonoraenequipo.com.mx\/#\/schema\/person\/50102df0fb23a8fa9e8effad8fa81386\",\"name\":\"enequipo\",\"image\":{\"@type\":\"ImageObject\",\"inLanguage\":\"es\",\"@id\":\"https:\/\/www.sonoraenequipo.com.mx\/#\/schema\/person\/image\/\",\"url\":\"https:\/\/secure.gravatar.com\/avatar\/049821681b589dabc0bc20695993ccebb09f5b5d4d790cd9251b97faac7c652b?s=96&d=blank&r=g\",\"contentUrl\":\"https:\/\/secure.gravatar.com\/avatar\/049821681b589dabc0bc20695993ccebb09f5b5d4d790cd9251b97faac7c652b?s=96&d=blank&r=g\",\"caption\":\"enequipo\"},\"sameAs\":[\"https:\/\/www.facebook.com\/SonoraEE\"]}]}<\/script>\n ","yoast_head_json":{"title":"Sonora en Equipo. Persiste esta madrugada muy mala calidad del aire; aumenta a 158 puntos Rep\u00fablica","description":"CIUDAD DE M\u00c9XICO. MX. \u2014 El \u00edndice de calidad del aire en el Valle de M\u00e9xico aument\u00f3 esta madrugada a 158 puntos de Part\u00edculas Menores en el municipio En Sonora en Equipo publicamos toda la informaci\u00f3n de Sonora, M\u00e9xico y el Mundo de manera oportuna y busca que la libertad de expresi\u00f3n sea real. Visita nuestro medio informativo publicado desde Hermosillo, Sonora. %","robots":{"index":"index","follow":"follow","max-snippet":"max-snippet:-1","max-image-preview":"max-image-preview:large","max-video-preview":"max-video-preview:-1"},"canonical":"https:\/\/www.sonoraenequipo.com.mx\/persiste-esta-madrugada-muy-mala-calidad-del-aire-aumenta-a-158-puntos\/","og_locale":"es_ES","og_type":"article","og_title":"Sonora en Equipo. Persiste esta madrugada muy mala calidad del aire; aumenta a 158 puntos Rep\u00fablica","og_description":"CIUDAD DE M\u00c9XICO. MX. \u2014 El \u00edndice de calidad del aire en el Valle de M\u00e9xico aument\u00f3 esta madrugada a 158 puntos de Part\u00edculas Menores en el municipio En Sonora en Equipo publicamos toda la informaci\u00f3n de Sonora, M\u00e9xico y el Mundo de manera oportuna y busca que la libertad de expresi\u00f3n sea real. Visita nuestro medio informativo publicado desde Hermosillo, Sonora. %","og_url":"https:\/\/www.sonoraenequipo.com.mx\/persiste-esta-madrugada-muy-mala-calidad-del-aire-aumenta-a-158-puntos\/","og_site_name":"Sonora en Equipo.","article_publisher":"https:\/\/www.facebook.com\/SonoraEE\/","article_author":"https:\/\/www.facebook.com\/SonoraEE","article_published_time":"2019-05-14T12:10:34+00:00","article_modified_time":"2019-05-14T12:48:40+00:00","og_image":[{"width":811,"height":482,"url":"https:\/\/www.sonoraenequipo.com.mx\/storage\/2019\/05\/malacalidaddeaireencdmx_opt.jpg","type":"image\/jpeg"}],"author":"enequipo","twitter_card":"summary_large_image","twitter_creator":"@sonoraenequipo","twitter_site":"@sonoraenequipo","twitter_misc":{"Escrito por":"enequipo","Tiempo de lectura":"1 minuto"},"schema":{"@context":"https:\/\/schema.org","@graph":[{"@type":"Article","@id":"https:\/\/www.sonoraenequipo.com.mx\/persiste-esta-madrugada-muy-mala-calidad-del-aire-aumenta-a-158-puntos\/#article","isPartOf":{"@id":"https:\/\/www.sonoraenequipo.com.mx\/persiste-esta-madrugada-muy-mala-calidad-del-aire-aumenta-a-158-puntos\/"},"author":{"name":"enequipo","@id":"https:\/\/www.sonoraenequipo.com.mx\/#\/schema\/person\/50102df0fb23a8fa9e8effad8fa81386"},"headline":"Persiste esta madrugada muy mala calidad del aire; aumenta a 158 puntos","datePublished":"2019-05-14T12:10:34+00:00","dateModified":"2019-05-14T12:48:40+00:00","mainEntityOfPage":{"@id":"https:\/\/www.sonoraenequipo.com.mx\/persiste-esta-madrugada-muy-mala-calidad-del-aire-aumenta-a-158-puntos\/"},"wordCount":239,"commentCount":0,"publisher":{"@id":"https:\/\/www.sonoraenequipo.com.mx\/#organization"},"image":{"@id":"https:\/\/www.sonoraenequipo.com.mx\/persiste-esta-madrugada-muy-mala-calidad-del-aire-aumenta-a-158-puntos\/#primaryimage"},"thumbnailUrl":"https:\/\/www.sonoraenequipo.com.mx\/storage\/2019\/05\/malacalidaddeaireencdmx_opt.jpg","articleSection":["Rep\u00fablica"],"inLanguage":"es","potentialAction":[{"@type":"CommentAction","name":"Comment","target":["https:\/\/www.sonoraenequipo.com.mx\/persiste-esta-madrugada-muy-mala-calidad-del-aire-aumenta-a-158-puntos\/#respond"]}]},{"@type":"WebPage","@id":"https:\/\/www.sonoraenequipo.com.mx\/persiste-esta-madrugada-muy-mala-calidad-del-aire-aumenta-a-158-puntos\/","url":"https:\/\/www.sonoraenequipo.com.mx\/persiste-esta-madrugada-muy-mala-calidad-del-aire-aumenta-a-158-puntos\/","name":"Sonora en Equipo. Persiste esta madrugada muy mala calidad del aire; aumenta a 158 puntos Rep\u00fablica","isPartOf":{"@id":"https:\/\/www.sonoraenequipo.com.mx\/#website"},"primaryImageOfPage":{"@id":"https:\/\/www.sonoraenequipo.com.mx\/persiste-esta-madrugada-muy-mala-calidad-del-aire-aumenta-a-158-puntos\/#primaryimage"},"image":{"@id":"https:\/\/www.sonoraenequipo.com.mx\/persiste-esta-madrugada-muy-mala-calidad-del-aire-aumenta-a-158-puntos\/#primaryimage"},"thumbnailUrl":"https:\/\/www.sonoraenequipo.com.mx\/storage\/2019\/05\/malacalidaddeaireencdmx_opt.jpg","datePublished":"2019-05-14T12:10:34+00:00","dateModified":"2019-05-14T12:48:40+00:00","description":"CIUDAD DE M\u00c9XICO. MX. \u2014 El \u00edndice de calidad del aire en el Valle de M\u00e9xico aument\u00f3 esta madrugada a 158 puntos de Part\u00edculas Menores en el municipio En Sonora en Equipo publicamos toda la informaci\u00f3n de Sonora, M\u00e9xico y el Mundo de manera oportuna y busca que la libertad de expresi\u00f3n sea real. Visita nuestro medio informativo publicado desde Hermosillo, Sonora. %","breadcrumb":{"@id":"https:\/\/www.sonoraenequipo.com.mx\/persiste-esta-madrugada-muy-mala-calidad-del-aire-aumenta-a-158-puntos\/#breadcrumb"},"inLanguage":"es","potentialAction":[{"@type":"ReadAction","target":["https:\/\/www.sonoraenequipo.com.mx\/persiste-esta-madrugada-muy-mala-calidad-del-aire-aumenta-a-158-puntos\/"]}]},{"@type":"ImageObject","inLanguage":"es","@id":"https:\/\/www.sonoraenequipo.com.mx\/persiste-esta-madrugada-muy-mala-calidad-del-aire-aumenta-a-158-puntos\/#primaryimage","url":"https:\/\/www.sonoraenequipo.com.mx\/storage\/2019\/05\/malacalidaddeaireencdmx_opt.jpg","contentUrl":"https:\/\/www.sonoraenequipo.com.mx\/storage\/2019\/05\/malacalidaddeaireencdmx_opt.jpg","width":811,"height":482},{"@type":"BreadcrumbList","@id":"https:\/\/www.sonoraenequipo.com.mx\/persiste-esta-madrugada-muy-mala-calidad-del-aire-aumenta-a-158-puntos\/#breadcrumb","itemListElement":[{"@type":"ListItem","position":1,"name":"Portada","item":"https:\/\/www.sonoraenequipo.com.mx\/"},{"@type":"ListItem","position":2,"name":"Persiste esta madrugada muy mala calidad del aire; aumenta a 158 puntos"}]},{"@type":"WebSite","@id":"https:\/\/www.sonoraenequipo.com.mx\/#website","url":"https:\/\/www.sonoraenequipo.com.mx\/","name":"Sonora en Equipo.","description":"Diario en l\u00ednea con Noticias desde Hermosillo, Sonora","publisher":{"@id":"https:\/\/www.sonoraenequipo.com.mx\/#organization"},"potentialAction":[{"@type":"SearchAction","target":{"@type":"EntryPoint","urlTemplate":"https:\/\/www.sonoraenequipo.com.mx\/?s={search_term_string}"},"query-input":{"@type":"PropertyValueSpecification","valueRequired":true,"valueName":"search_term_string"}}],"inLanguage":"es"},{"@type":"Organization","@id":"https:\/\/www.sonoraenequipo.com.mx\/#organization","name":"Sonoraenequipo.com.mx","url":"https:\/\/www.sonoraenequipo.com.mx\/","logo":{"@type":"ImageObject","inLanguage":"es","@id":"https:\/\/www.sonoraenequipo.com.mx\/#\/schema\/logo\/image\/","url":"https:\/\/www.sonoraenequipo.com.mx\/storage\/2019\/01\/sonoraenequipo_opt.png","contentUrl":"https:\/\/www.sonoraenequipo.com.mx\/storage\/2019\/01\/sonoraenequipo_opt.png","width":375,"height":125,"caption":"Sonoraenequipo.com.mx"},"image":{"@id":"https:\/\/www.sonoraenequipo.com.mx\/#\/schema\/logo\/image\/"},"sameAs":["https:\/\/www.facebook.com\/SonoraEE\/","https:\/\/x.com\/sonoraenequipo","https:\/\/www.youtube.com\/channel\/UC338nW-lPEYmJQs4ZABQ1SQ"]},{"@type":"Person","@id":"https:\/\/www.sonoraenequipo.com.mx\/#\/schema\/person\/50102df0fb23a8fa9e8effad8fa81386","name":"enequipo","image":{"@type":"ImageObject","inLanguage":"es","@id":"https:\/\/www.sonoraenequipo.com.mx\/#\/schema\/person\/image\/","url":"https:\/\/secure.gravatar.com\/avatar\/049821681b589dabc0bc20695993ccebb09f5b5d4d790cd9251b97faac7c652b?s=96&d=blank&r=g","contentUrl":"https:\/\/secure.gravatar.com\/avatar\/049821681b589dabc0bc20695993ccebb09f5b5d4d790cd9251b97faac7c652b?s=96&d=blank&r=g","caption":"enequipo"},"sameAs":["https:\/\/www.facebook.com\/SonoraEE"]}]}},"jetpack_featured_media_url":"https:\/\/www.sonoraenequipo.com.mx\/storage\/2019\/05\/malacalidaddeaireencdmx_opt.jpg","_links":{"self":[{"href":"https:\/\/www.sonoraenequipo.com.mx\/api\/wp\/v2\/posts\/60208","targetHints":{"allow":["GET"]}}],"collection":[{"href":"https:\/\/www.sonoraenequipo.com.mx\/api\/wp\/v2\/posts"}],"about":[{"href":"https:\/\/www.sonoraenequipo.com.mx\/api\/wp\/v2\/types\/post"}],"author":[{"embeddable":true,"href":"https:\/\/www.sonoraenequipo.com.mx\/api\/wp\/v2\/users\/1"}],"replies":[{"embeddable":true,"href":"https:\/\/www.sonoraenequipo.com.mx\/api\/wp\/v2\/comments?post=60208"}],"version-history":[{"count":0,"href":"https:\/\/www.sonoraenequipo.com.mx\/api\/wp\/v2\/posts\/60208\/revisions"}],"wp:featuredmedia":[{"embeddable":true,"href":"https:\/\/www.sonoraenequipo.com.mx\/api\/wp\/v2\/media\/60204"}],"wp:attachment":[{"href":"https:\/\/www.sonoraenequipo.com.mx\/api\/wp\/v2\/media?parent=60208"}],"wp:term":[{"taxonomy":"category","embeddable":true,"href":"https:\/\/www.sonoraenequipo.com.mx\/api\/wp\/v2\/categories?post=60208"},{"taxonomy":"post_tag","embeddable":true,"href":"https:\/\/www.sonoraenequipo.com.mx\/api\/wp\/v2\/tags?post=60208"}],"curies":[{"name":"wp","href":"https:\/\/api.w.org\/{rel}","templated":true}]}}