{"id":60210,"date":"2019-05-14T05:20:04","date_gmt":"2019-05-14T12:20:04","guid":{"rendered":"http:\/\/www.sonoraenequipo.com.mx\/?p=60210"},"modified":"2019-05-14T05:52:02","modified_gmt":"2019-05-14T12:52:02","slug":"el-gobernador-de-montana-steve-bullock-anuncia-su-candidatura-a-las-presidenciales-de-2020","status":"publish","type":"post","link":"https:\/\/www.sonoraenequipo.com.mx\/el-gobernador-de-montana-steve-bullock-anuncia-su-candidatura-a-las-presidenciales-de-2020\/","title":{"rendered":"El gobernador de Montana Steve Bullock anuncia su candidatura a las presidenciales de 2020"},"content":{"rendered":"<p>ESTADOS UNIDOS. \u2014 El gobernador de Montana Steve Bullock ha anunciado este martes su candidatura a las primarias dem\u00f3cratas de cara a las elecciones presidenciales. Ya son 22 los aspirantes dem\u00f3cratas que buscan la nominaci\u00f3n del partido para tratar de vencer a Donald Trump en 2020. <\/p>\n<p>Su principal valor, es su capacidad para aglutinar votos a ambos lados del espectro pol\u00edtico, algo que \u00e9l mismo ha reconocido en su v\u00eddeo de campa\u00f1a al recordar que en 2016 logr\u00f3 la reelecci\u00f3n al mismo tiempo que Trump barr\u00eda en Montana con m\u00e1s de 20 puntos de ventaja sobre la entonces candidata presidencial dem\u00f3crata, Hillary Clinton.<\/p>\n<p><em>\u00abNecesitamos derrotar a Donald Trump en 2020 y derrotar al sistema corrupto que permite que el dinero de la campa\u00f1a ahogue la voz de la gente, para que finalmente podamos cumplir con la promesa de una oportunidad justa para todos\u00bb<\/em>, dice Bullock en un comunicado.<\/p>\n<p><em>\u00abSiendo sincero, nunca pens\u00e9 que me presentar\u00eda a la Presidencia\u00bb<\/em>, ha dicho Bullock en su v\u00eddeo de campa\u00f1a. Entra en la carrera tan tarde porque tuvo que esperar a que concluyera la legislatura de Montana, que se re\u00fane solo por unos pocos meses cada dos a\u00f1os.<\/p>\n<p>Ahora debe darse prisa para sumar apoyos si quiere formar parte de los primeros debates que tendr\u00e1n lugar este verano.<\/p>\n<p>El exvicepresidente Joe Biden y el senador Bernie Sanders figuran por ahora como los rivales a batir en las primarias dem\u00f3cratas, con una amplia distancia del resto de aspirantes.<\/p>\n<p>(Publicado el 14\/05\/2019 \/NBC NEWS)<\/p>\n","protected":false},"excerpt":{"rendered":"<p>ESTADOS UNIDOS. \u2014 El gobernador de Montana Steve Bullock ha anunciado este martes su candidatura&#8230;<\/p>\n","protected":false},"author":1,"featured_media":60211,"comment_status":"open","ping_status":"open","sticky":false,"template":"","format":"standard","meta":{"_monsterinsights_skip_tracking":false,"_monsterinsights_sitenote_active":false,"_monsterinsights_sitenote_note":"","_monsterinsights_sitenote_category":0,"footnotes":""},"categories":[3],"tags":[],"class_list":["post"],"yoast_head":" \n<title>Sonora en Equipo. El gobernador de Montana Steve Bullock anuncia su candidatura a las presidenciales de 2020 MUNDO<\/title>\n<meta name=\"description\" content=\"ESTADOS UNIDOS. \u2014 El gobernador de Montana Steve Bullock ha anunciado este martes su candidatura a las primarias dem\u00f3cratas de cara a las elecciones En Sonora en Equipo publicamos toda la informaci\u00f3n de Sonora, M\u00e9xico y el Mundo de manera oportuna y busca que la libertad de expresi\u00f3n sea real. Visita nuestro medio informativo publicado desde Hermosillo, Sonora. %\" \/>\n<meta name=\"robots\" content=\"index, follow, max-snippet:-1, max-image-preview:large, max-video-preview:-1\" \/>\n<link rel=\"canonical\" href=\"https:\/\/www.sonoraenequipo.com.mx\/el-gobernador-de-montana-steve-bullock-anuncia-su-candidatura-a-las-presidenciales-de-2020\/\" \/>\n<meta property=\"og:locale\" content=\"es_ES\" \/>\n<meta property=\"og:type\" content=\"article\" \/>\n<meta property=\"og:title\" content=\"Sonora en Equipo. El gobernador de Montana Steve Bullock anuncia su candidatura a las presidenciales de 2020 MUNDO\" \/>\n<meta property=\"og:description\" content=\"ESTADOS UNIDOS. \u2014 El gobernador de Montana Steve Bullock ha anunciado este martes su candidatura a las primarias dem\u00f3cratas de cara a las elecciones En Sonora en Equipo publicamos toda la informaci\u00f3n de Sonora, M\u00e9xico y el Mundo de manera oportuna y busca que la libertad de expresi\u00f3n sea real. Visita nuestro medio informativo publicado desde Hermosillo, Sonora. %\" \/>\n<meta property=\"og:url\" content=\"https:\/\/www.sonoraenequipo.com.mx\/el-gobernador-de-montana-steve-bullock-anuncia-su-candidatura-a-las-presidenciales-de-2020\/\" \/>\n<meta property=\"og:site_name\" content=\"Sonora en Equipo.\" \/>\n<meta property=\"article:publisher\" content=\"https:\/\/www.facebook.com\/SonoraEE\/\" \/>\n<meta property=\"article:author\" content=\"https:\/\/www.facebook.com\/SonoraEE\" \/>\n<meta property=\"article:published_time\" content=\"2019-05-14T12:20:04+00:00\" \/>\n<meta property=\"article:modified_time\" content=\"2019-05-14T12:52:02+00:00\" \/>\n<meta property=\"og:image\" content=\"https:\/\/www.sonoraenequipo.com.mx\/storage\/2019\/05\/gobmontana2_opt1.jpg\" \/>\n\t<meta property=\"og:image:width\" content=\"855\" \/>\n\t<meta property=\"og:image:height\" content=\"482\" \/>\n\t<meta property=\"og:image:type\" content=\"image\/jpeg\" \/>\n<meta name=\"author\" content=\"enequipo\" \/>\n<meta name=\"twitter:card\" content=\"summary_large_image\" \/>\n<meta name=\"twitter:creator\" content=\"@sonoraenequipo\" \/>\n<meta name=\"twitter:site\" content=\"@sonoraenequipo\" \/>\n<meta name=\"twitter:label1\" content=\"Escrito por\" \/>\n\t<meta name=\"twitter:data1\" content=\"enequipo\" \/>\n\t<meta name=\"twitter:label2\" content=\"Tiempo de lectura\" \/>\n\t<meta name=\"twitter:data2\" content=\"1 minuto\" \/>\n<script type=\"application\/ld+json\" class=\"yoast-schema-graph\">{\"@context\":\"https:\/\/schema.org\",\"@graph\":[{\"@type\":\"Article\",\"@id\":\"https:\/\/www.sonoraenequipo.com.mx\/el-gobernador-de-montana-steve-bullock-anuncia-su-candidatura-a-las-presidenciales-de-2020\/#article\",\"isPartOf\":{\"@id\":\"https:\/\/www.sonoraenequipo.com.mx\/el-gobernador-de-montana-steve-bullock-anuncia-su-candidatura-a-las-presidenciales-de-2020\/\"},\"author\":{\"name\":\"enequipo\",\"@id\":\"https:\/\/www.sonoraenequipo.com.mx\/#\/schema\/person\/50102df0fb23a8fa9e8effad8fa81386\"},\"headline\":\"El gobernador de Montana Steve Bullock anuncia su candidatura a las presidenciales de 2020\",\"datePublished\":\"2019-05-14T12:20:04+00:00\",\"dateModified\":\"2019-05-14T12:52:02+00:00\",\"mainEntityOfPage\":{\"@id\":\"https:\/\/www.sonoraenequipo.com.mx\/el-gobernador-de-montana-steve-bullock-anuncia-su-candidatura-a-las-presidenciales-de-2020\/\"},\"wordCount\":272,\"commentCount\":0,\"publisher\":{\"@id\":\"https:\/\/www.sonoraenequipo.com.mx\/#organization\"},\"image\":{\"@id\":\"https:\/\/www.sonoraenequipo.com.mx\/el-gobernador-de-montana-steve-bullock-anuncia-su-candidatura-a-las-presidenciales-de-2020\/#primaryimage\"},\"thumbnailUrl\":\"https:\/\/www.sonoraenequipo.com.mx\/storage\/2019\/05\/gobmontana2_opt1.jpg\",\"articleSection\":[\"MUNDO\"],\"inLanguage\":\"es\",\"potentialAction\":[{\"@type\":\"CommentAction\",\"name\":\"Comment\",\"target\":[\"https:\/\/www.sonoraenequipo.com.mx\/el-gobernador-de-montana-steve-bullock-anuncia-su-candidatura-a-las-presidenciales-de-2020\/#respond\"]}]},{\"@type\":\"WebPage\",\"@id\":\"https:\/\/www.sonoraenequipo.com.mx\/el-gobernador-de-montana-steve-bullock-anuncia-su-candidatura-a-las-presidenciales-de-2020\/\",\"url\":\"https:\/\/www.sonoraenequipo.com.mx\/el-gobernador-de-montana-steve-bullock-anuncia-su-candidatura-a-las-presidenciales-de-2020\/\",\"name\":\"Sonora en Equipo. El gobernador de Montana Steve Bullock anuncia su candidatura a las presidenciales de 2020 MUNDO\",\"isPartOf\":{\"@id\":\"https:\/\/www.sonoraenequipo.com.mx\/#website\"},\"primaryImageOfPage\":{\"@id\":\"https:\/\/www.sonoraenequipo.com.mx\/el-gobernador-de-montana-steve-bullock-anuncia-su-candidatura-a-las-presidenciales-de-2020\/#primaryimage\"},\"image\":{\"@id\":\"https:\/\/www.sonoraenequipo.com.mx\/el-gobernador-de-montana-steve-bullock-anuncia-su-candidatura-a-las-presidenciales-de-2020\/#primaryimage\"},\"thumbnailUrl\":\"https:\/\/www.sonoraenequipo.com.mx\/storage\/2019\/05\/gobmontana2_opt1.jpg\",\"datePublished\":\"2019-05-14T12:20:04+00:00\",\"dateModified\":\"2019-05-14T12:52:02+00:00\",\"description\":\"ESTADOS UNIDOS. \u2014 El gobernador de Montana Steve Bullock ha anunciado este martes su candidatura a las primarias dem\u00f3cratas de cara a las elecciones En Sonora en Equipo publicamos toda la informaci\u00f3n de Sonora, M\u00e9xico y el Mundo de manera oportuna y busca que la libertad de expresi\u00f3n sea real. Visita nuestro medio informativo publicado desde Hermosillo, Sonora. %\",\"breadcrumb\":{\"@id\":\"https:\/\/www.sonoraenequipo.com.mx\/el-gobernador-de-montana-steve-bullock-anuncia-su-candidatura-a-las-presidenciales-de-2020\/#breadcrumb\"},\"inLanguage\":\"es\",\"potentialAction\":[{\"@type\":\"ReadAction\",\"target\":[\"https:\/\/www.sonoraenequipo.com.mx\/el-gobernador-de-montana-steve-bullock-anuncia-su-candidatura-a-las-presidenciales-de-2020\/\"]}]},{\"@type\":\"ImageObject\",\"inLanguage\":\"es\",\"@id\":\"https:\/\/www.sonoraenequipo.com.mx\/el-gobernador-de-montana-steve-bullock-anuncia-su-candidatura-a-las-presidenciales-de-2020\/#primaryimage\",\"url\":\"https:\/\/www.sonoraenequipo.com.mx\/storage\/2019\/05\/gobmontana2_opt1.jpg\",\"contentUrl\":\"https:\/\/www.sonoraenequipo.com.mx\/storage\/2019\/05\/gobmontana2_opt1.jpg\",\"width\":855,\"height\":482},{\"@type\":\"BreadcrumbList\",\"@id\":\"https:\/\/www.sonoraenequipo.com.mx\/el-gobernador-de-montana-steve-bullock-anuncia-su-candidatura-a-las-presidenciales-de-2020\/#breadcrumb\",\"itemListElement\":[{\"@type\":\"ListItem\",\"position\":1,\"name\":\"Portada\",\"item\":\"https:\/\/www.sonoraenequipo.com.mx\/\"},{\"@type\":\"ListItem\",\"position\":2,\"name\":\"El gobernador de Montana Steve Bullock anuncia su candidatura a las presidenciales de 2020\"}]},{\"@type\":\"WebSite\",\"@id\":\"https:\/\/www.sonoraenequipo.com.mx\/#website\",\"url\":\"https:\/\/www.sonoraenequipo.com.mx\/\",\"name\":\"Sonora en Equipo.\",\"description\":\"Diario en l\u00ednea con Noticias desde Hermosillo, Sonora\",\"publisher\":{\"@id\":\"https:\/\/www.sonoraenequipo.com.mx\/#organization\"},\"potentialAction\":[{\"@type\":\"SearchAction\",\"target\":{\"@type\":\"EntryPoint\",\"urlTemplate\":\"https:\/\/www.sonoraenequipo.com.mx\/?s={search_term_string}\"},\"query-input\":{\"@type\":\"PropertyValueSpecification\",\"valueRequired\":true,\"valueName\":\"search_term_string\"}}],\"inLanguage\":\"es\"},{\"@type\":\"Organization\",\"@id\":\"https:\/\/www.sonoraenequipo.com.mx\/#organization\",\"name\":\"Sonoraenequipo.com.mx\",\"url\":\"https:\/\/www.sonoraenequipo.com.mx\/\",\"logo\":{\"@type\":\"ImageObject\",\"inLanguage\":\"es\",\"@id\":\"https:\/\/www.sonoraenequipo.com.mx\/#\/schema\/logo\/image\/\",\"url\":\"https:\/\/www.sonoraenequipo.com.mx\/storage\/2019\/01\/sonoraenequipo_opt.png\",\"contentUrl\":\"https:\/\/www.sonoraenequipo.com.mx\/storage\/2019\/01\/sonoraenequipo_opt.png\",\"width\":375,\"height\":125,\"caption\":\"Sonoraenequipo.com.mx\"},\"image\":{\"@id\":\"https:\/\/www.sonoraenequipo.com.mx\/#\/schema\/logo\/image\/\"},\"sameAs\":[\"https:\/\/www.facebook.com\/SonoraEE\/\",\"https:\/\/x.com\/sonoraenequipo\",\"https:\/\/www.youtube.com\/channel\/UC338nW-lPEYmJQs4ZABQ1SQ\"]},{\"@type\":\"Person\",\"@id\":\"https:\/\/www.sonoraenequipo.com.mx\/#\/schema\/person\/50102df0fb23a8fa9e8effad8fa81386\",\"name\":\"enequipo\",\"image\":{\"@type\":\"ImageObject\",\"inLanguage\":\"es\",\"@id\":\"https:\/\/www.sonoraenequipo.com.mx\/#\/schema\/person\/image\/\",\"url\":\"https:\/\/secure.gravatar.com\/avatar\/049821681b589dabc0bc20695993ccebb09f5b5d4d790cd9251b97faac7c652b?s=96&d=blank&r=g\",\"contentUrl\":\"https:\/\/secure.gravatar.com\/avatar\/049821681b589dabc0bc20695993ccebb09f5b5d4d790cd9251b97faac7c652b?s=96&d=blank&r=g\",\"caption\":\"enequipo\"},\"sameAs\":[\"https:\/\/www.facebook.com\/SonoraEE\"]}]}<\/script>\n ","yoast_head_json":{"title":"Sonora en Equipo. El gobernador de Montana Steve Bullock anuncia su candidatura a las presidenciales de 2020 MUNDO","description":"ESTADOS UNIDOS. \u2014 El gobernador de Montana Steve Bullock ha anunciado este martes su candidatura a las primarias dem\u00f3cratas de cara a las elecciones En Sonora en Equipo publicamos toda la informaci\u00f3n de Sonora, M\u00e9xico y el Mundo de manera oportuna y busca que la libertad de expresi\u00f3n sea real. Visita nuestro medio informativo publicado desde Hermosillo, Sonora. %","robots":{"index":"index","follow":"follow","max-snippet":"max-snippet:-1","max-image-preview":"max-image-preview:large","max-video-preview":"max-video-preview:-1"},"canonical":"https:\/\/www.sonoraenequipo.com.mx\/el-gobernador-de-montana-steve-bullock-anuncia-su-candidatura-a-las-presidenciales-de-2020\/","og_locale":"es_ES","og_type":"article","og_title":"Sonora en Equipo. El gobernador de Montana Steve Bullock anuncia su candidatura a las presidenciales de 2020 MUNDO","og_description":"ESTADOS UNIDOS. \u2014 El gobernador de Montana Steve Bullock ha anunciado este martes su candidatura a las primarias dem\u00f3cratas de cara a las elecciones En Sonora en Equipo publicamos toda la informaci\u00f3n de Sonora, M\u00e9xico y el Mundo de manera oportuna y busca que la libertad de expresi\u00f3n sea real. Visita nuestro medio informativo publicado desde Hermosillo, Sonora. %","og_url":"https:\/\/www.sonoraenequipo.com.mx\/el-gobernador-de-montana-steve-bullock-anuncia-su-candidatura-a-las-presidenciales-de-2020\/","og_site_name":"Sonora en Equipo.","article_publisher":"https:\/\/www.facebook.com\/SonoraEE\/","article_author":"https:\/\/www.facebook.com\/SonoraEE","article_published_time":"2019-05-14T12:20:04+00:00","article_modified_time":"2019-05-14T12:52:02+00:00","og_image":[{"width":855,"height":482,"url":"https:\/\/www.sonoraenequipo.com.mx\/storage\/2019\/05\/gobmontana2_opt1.jpg","type":"image\/jpeg"}],"author":"enequipo","twitter_card":"summary_large_image","twitter_creator":"@sonoraenequipo","twitter_site":"@sonoraenequipo","twitter_misc":{"Escrito por":"enequipo","Tiempo de lectura":"1 minuto"},"schema":{"@context":"https:\/\/schema.org","@graph":[{"@type":"Article","@id":"https:\/\/www.sonoraenequipo.com.mx\/el-gobernador-de-montana-steve-bullock-anuncia-su-candidatura-a-las-presidenciales-de-2020\/#article","isPartOf":{"@id":"https:\/\/www.sonoraenequipo.com.mx\/el-gobernador-de-montana-steve-bullock-anuncia-su-candidatura-a-las-presidenciales-de-2020\/"},"author":{"name":"enequipo","@id":"https:\/\/www.sonoraenequipo.com.mx\/#\/schema\/person\/50102df0fb23a8fa9e8effad8fa81386"},"headline":"El gobernador de Montana Steve Bullock anuncia su candidatura a las presidenciales de 2020","datePublished":"2019-05-14T12:20:04+00:00","dateModified":"2019-05-14T12:52:02+00:00","mainEntityOfPage":{"@id":"https:\/\/www.sonoraenequipo.com.mx\/el-gobernador-de-montana-steve-bullock-anuncia-su-candidatura-a-las-presidenciales-de-2020\/"},"wordCount":272,"commentCount":0,"publisher":{"@id":"https:\/\/www.sonoraenequipo.com.mx\/#organization"},"image":{"@id":"https:\/\/www.sonoraenequipo.com.mx\/el-gobernador-de-montana-steve-bullock-anuncia-su-candidatura-a-las-presidenciales-de-2020\/#primaryimage"},"thumbnailUrl":"https:\/\/www.sonoraenequipo.com.mx\/storage\/2019\/05\/gobmontana2_opt1.jpg","articleSection":["MUNDO"],"inLanguage":"es","potentialAction":[{"@type":"CommentAction","name":"Comment","target":["https:\/\/www.sonoraenequipo.com.mx\/el-gobernador-de-montana-steve-bullock-anuncia-su-candidatura-a-las-presidenciales-de-2020\/#respond"]}]},{"@type":"WebPage","@id":"https:\/\/www.sonoraenequipo.com.mx\/el-gobernador-de-montana-steve-bullock-anuncia-su-candidatura-a-las-presidenciales-de-2020\/","url":"https:\/\/www.sonoraenequipo.com.mx\/el-gobernador-de-montana-steve-bullock-anuncia-su-candidatura-a-las-presidenciales-de-2020\/","name":"Sonora en Equipo. El gobernador de Montana Steve Bullock anuncia su candidatura a las presidenciales de 2020 MUNDO","isPartOf":{"@id":"https:\/\/www.sonoraenequipo.com.mx\/#website"},"primaryImageOfPage":{"@id":"https:\/\/www.sonoraenequipo.com.mx\/el-gobernador-de-montana-steve-bullock-anuncia-su-candidatura-a-las-presidenciales-de-2020\/#primaryimage"},"image":{"@id":"https:\/\/www.sonoraenequipo.com.mx\/el-gobernador-de-montana-steve-bullock-anuncia-su-candidatura-a-las-presidenciales-de-2020\/#primaryimage"},"thumbnailUrl":"https:\/\/www.sonoraenequipo.com.mx\/storage\/2019\/05\/gobmontana2_opt1.jpg","datePublished":"2019-05-14T12:20:04+00:00","dateModified":"2019-05-14T12:52:02+00:00","description":"ESTADOS UNIDOS. \u2014 El gobernador de Montana Steve Bullock ha anunciado este martes su candidatura a las primarias dem\u00f3cratas de cara a las elecciones En Sonora en Equipo publicamos toda la informaci\u00f3n de Sonora, M\u00e9xico y el Mundo de manera oportuna y busca que la libertad de expresi\u00f3n sea real. Visita nuestro medio informativo publicado desde Hermosillo, Sonora. %","breadcrumb":{"@id":"https:\/\/www.sonoraenequipo.com.mx\/el-gobernador-de-montana-steve-bullock-anuncia-su-candidatura-a-las-presidenciales-de-2020\/#breadcrumb"},"inLanguage":"es","potentialAction":[{"@type":"ReadAction","target":["https:\/\/www.sonoraenequipo.com.mx\/el-gobernador-de-montana-steve-bullock-anuncia-su-candidatura-a-las-presidenciales-de-2020\/"]}]},{"@type":"ImageObject","inLanguage":"es","@id":"https:\/\/www.sonoraenequipo.com.mx\/el-gobernador-de-montana-steve-bullock-anuncia-su-candidatura-a-las-presidenciales-de-2020\/#primaryimage","url":"https:\/\/www.sonoraenequipo.com.mx\/storage\/2019\/05\/gobmontana2_opt1.jpg","contentUrl":"https:\/\/www.sonoraenequipo.com.mx\/storage\/2019\/05\/gobmontana2_opt1.jpg","width":855,"height":482},{"@type":"BreadcrumbList","@id":"https:\/\/www.sonoraenequipo.com.mx\/el-gobernador-de-montana-steve-bullock-anuncia-su-candidatura-a-las-presidenciales-de-2020\/#breadcrumb","itemListElement":[{"@type":"ListItem","position":1,"name":"Portada","item":"https:\/\/www.sonoraenequipo.com.mx\/"},{"@type":"ListItem","position":2,"name":"El gobernador de Montana Steve Bullock anuncia su candidatura a las presidenciales de 2020"}]},{"@type":"WebSite","@id":"https:\/\/www.sonoraenequipo.com.mx\/#website","url":"https:\/\/www.sonoraenequipo.com.mx\/","name":"Sonora en Equipo.","description":"Diario en l\u00ednea con Noticias desde Hermosillo, Sonora","publisher":{"@id":"https:\/\/www.sonoraenequipo.com.mx\/#organization"},"potentialAction":[{"@type":"SearchAction","target":{"@type":"EntryPoint","urlTemplate":"https:\/\/www.sonoraenequipo.com.mx\/?s={search_term_string}"},"query-input":{"@type":"PropertyValueSpecification","valueRequired":true,"valueName":"search_term_string"}}],"inLanguage":"es"},{"@type":"Organization","@id":"https:\/\/www.sonoraenequipo.com.mx\/#organization","name":"Sonoraenequipo.com.mx","url":"https:\/\/www.sonoraenequipo.com.mx\/","logo":{"@type":"ImageObject","inLanguage":"es","@id":"https:\/\/www.sonoraenequipo.com.mx\/#\/schema\/logo\/image\/","url":"https:\/\/www.sonoraenequipo.com.mx\/storage\/2019\/01\/sonoraenequipo_opt.png","contentUrl":"https:\/\/www.sonoraenequipo.com.mx\/storage\/2019\/01\/sonoraenequipo_opt.png","width":375,"height":125,"caption":"Sonoraenequipo.com.mx"},"image":{"@id":"https:\/\/www.sonoraenequipo.com.mx\/#\/schema\/logo\/image\/"},"sameAs":["https:\/\/www.facebook.com\/SonoraEE\/","https:\/\/x.com\/sonoraenequipo","https:\/\/www.youtube.com\/channel\/UC338nW-lPEYmJQs4ZABQ1SQ"]},{"@type":"Person","@id":"https:\/\/www.sonoraenequipo.com.mx\/#\/schema\/person\/50102df0fb23a8fa9e8effad8fa81386","name":"enequipo","image":{"@type":"ImageObject","inLanguage":"es","@id":"https:\/\/www.sonoraenequipo.com.mx\/#\/schema\/person\/image\/","url":"https:\/\/secure.gravatar.com\/avatar\/049821681b589dabc0bc20695993ccebb09f5b5d4d790cd9251b97faac7c652b?s=96&d=blank&r=g","contentUrl":"https:\/\/secure.gravatar.com\/avatar\/049821681b589dabc0bc20695993ccebb09f5b5d4d790cd9251b97faac7c652b?s=96&d=blank&r=g","caption":"enequipo"},"sameAs":["https:\/\/www.facebook.com\/SonoraEE"]}]}},"jetpack_featured_media_url":"https:\/\/www.sonoraenequipo.com.mx\/storage\/2019\/05\/gobmontana2_opt1.jpg","_links":{"self":[{"href":"https:\/\/www.sonoraenequipo.com.mx\/api\/wp\/v2\/posts\/60210","targetHints":{"allow":["GET"]}}],"collection":[{"href":"https:\/\/www.sonoraenequipo.com.mx\/api\/wp\/v2\/posts"}],"about":[{"href":"https:\/\/www.sonoraenequipo.com.mx\/api\/wp\/v2\/types\/post"}],"author":[{"embeddable":true,"href":"https:\/\/www.sonoraenequipo.com.mx\/api\/wp\/v2\/users\/1"}],"replies":[{"embeddable":true,"href":"https:\/\/www.sonoraenequipo.com.mx\/api\/wp\/v2\/comments?post=60210"}],"version-history":[{"count":0,"href":"https:\/\/www.sonoraenequipo.com.mx\/api\/wp\/v2\/posts\/60210\/revisions"}],"wp:featuredmedia":[{"embeddable":true,"href":"https:\/\/www.sonoraenequipo.com.mx\/api\/wp\/v2\/media\/60211"}],"wp:attachment":[{"href":"https:\/\/www.sonoraenequipo.com.mx\/api\/wp\/v2\/media?parent=60210"}],"wp:term":[{"taxonomy":"category","embeddable":true,"href":"https:\/\/www.sonoraenequipo.com.mx\/api\/wp\/v2\/categories?post=60210"},{"taxonomy":"post_tag","embeddable":true,"href":"https:\/\/www.sonoraenequipo.com.mx\/api\/wp\/v2\/tags?post=60210"}],"curies":[{"name":"wp","href":"https:\/\/api.w.org\/{rel}","templated":true}]}}