{"id":60215,"date":"2019-05-14T05:00:21","date_gmt":"2019-05-14T12:00:21","guid":{"rendered":"http:\/\/www.sonoraenequipo.com.mx\/?p=60215"},"modified":"2019-05-14T05:59:07","modified_gmt":"2019-05-14T12:59:07","slug":"mexico-el-pais-de-las-fosas-clandestinas-en-11-anos-suman-casi-2-mil-hallazgos-revela-investigacion","status":"publish","type":"post","link":"https:\/\/www.sonoraenequipo.com.mx\/mexico-el-pais-de-las-fosas-clandestinas-en-11-anos-suman-casi-2-mil-hallazgos-revela-investigacion\/","title":{"rendered":"M\u00e9xico, el pa\u00eds de las fosas clandestinas: en 11 a\u00f1os suman casi 2 mil hallazgos, revela investigaci\u00f3n"},"content":{"rendered":"<p>CIUDAD DE M\u00c9XICO. MX. \u2014 Entre 2006 y 2016 en M\u00e9xico se encontraron casi 2 mil fosas clandestinas lo equivalente a una cada dos d\u00edas, en uno de cada siete municipios de M\u00e9xico. <\/p>\n<p>La investigaci\u00f3n #M\u00e9xicoPa\u00edsdeFosas, realizada por un equipo de periodistas independientes y presentada en la plataforma A d\u00f3nde van los desaparecidos revel\u00f3 que, en dicho periodo, se cometieron al menos mil 978 entierros clandestinos en 24 estados del pa\u00eds.<\/p>\n<p>En estas fosas, detalla la investigaci\u00f3n, las fiscal\u00edas recuperaron 2 mil 884 cuerpos, 324 cr\u00e1neos, 217 osamentas, 799 restos \u00f3seos y miles de restos y fragmentos de huesos que corresponden a un n\u00famero a\u00fan no determinado de individuos. Del total de estos restos, \u00fanicamente mil 738 de las v\u00edctimas han sido identificadas.<\/p>\n<p>El tema es tratado en la Conferencia matutina presidencial de hoy<\/p>\n<p><iframe loading=\"lazy\" title=\"Acciones para la b\u00fasqueda de personas y campa\u00f1a nacional antidrogas. Conferencia presidente AMLO\" width=\"640\" height=\"360\" src=\"https:\/\/www.youtube.com\/embed\/vub8aVuX40c?feature=oembed\" frameborder=\"0\" allow=\"accelerometer; autoplay; clipboard-write; encrypted-media; gyroscope; picture-in-picture; web-share\" referrerpolicy=\"strict-origin-when-cross-origin\" allowfullscreen><\/iframe><\/p>\n<p>&nbsp;<\/p>\n<p>(Publicado el 14\/05\/2019 \/<\/p>\n","protected":false},"excerpt":{"rendered":"<p>CIUDAD DE M\u00c9XICO. MX. \u2014 Entre 2006 y 2016 en M\u00e9xico se encontraron casi 2&#8230;<\/p>\n","protected":false},"author":1,"featured_media":60202,"comment_status":"open","ping_status":"open","sticky":false,"template":"","format":"standard","meta":{"_monsterinsights_skip_tracking":false,"_monsterinsights_sitenote_active":false,"_monsterinsights_sitenote_note":"","_monsterinsights_sitenote_category":0,"footnotes":""},"categories":[5],"tags":[],"class_list":["post"],"yoast_head":" \n<title>Sonora en Equipo. M\u00e9xico, el pa\u00eds de las fosas clandestinas: en 11 a\u00f1os suman casi 2 mil hallazgos, revela investigaci\u00f3n Rep\u00fablica<\/title>\n<meta name=\"description\" content=\"CIUDAD DE M\u00c9XICO. MX. \u2014 Entre 2006 y 2016 en M\u00e9xico se encontraron casi 2 mil fosas clandestinas lo equivalente a una cada dos d\u00edas, en uno de cada siete En Sonora en Equipo publicamos toda la informaci\u00f3n de Sonora, M\u00e9xico y el Mundo de manera oportuna y busca que la libertad de expresi\u00f3n sea real. Visita nuestro medio informativo publicado desde Hermosillo, Sonora. %\" \/>\n<meta name=\"robots\" content=\"index, follow, max-snippet:-1, max-image-preview:large, max-video-preview:-1\" \/>\n<link rel=\"canonical\" href=\"https:\/\/www.sonoraenequipo.com.mx\/mexico-el-pais-de-las-fosas-clandestinas-en-11-anos-suman-casi-2-mil-hallazgos-revela-investigacion\/\" \/>\n<meta property=\"og:locale\" content=\"es_ES\" \/>\n<meta property=\"og:type\" content=\"article\" \/>\n<meta property=\"og:title\" content=\"Sonora en Equipo. M\u00e9xico, el pa\u00eds de las fosas clandestinas: en 11 a\u00f1os suman casi 2 mil hallazgos, revela investigaci\u00f3n Rep\u00fablica\" \/>\n<meta property=\"og:description\" content=\"CIUDAD DE M\u00c9XICO. MX. \u2014 Entre 2006 y 2016 en M\u00e9xico se encontraron casi 2 mil fosas clandestinas lo equivalente a una cada dos d\u00edas, en uno de cada siete En Sonora en Equipo publicamos toda la informaci\u00f3n de Sonora, M\u00e9xico y el Mundo de manera oportuna y busca que la libertad de expresi\u00f3n sea real. Visita nuestro medio informativo publicado desde Hermosillo, Sonora. %\" \/>\n<meta property=\"og:url\" content=\"https:\/\/www.sonoraenequipo.com.mx\/mexico-el-pais-de-las-fosas-clandestinas-en-11-anos-suman-casi-2-mil-hallazgos-revela-investigacion\/\" \/>\n<meta property=\"og:site_name\" content=\"Sonora en Equipo.\" \/>\n<meta property=\"article:publisher\" content=\"https:\/\/www.facebook.com\/SonoraEE\/\" \/>\n<meta property=\"article:author\" content=\"https:\/\/www.facebook.com\/SonoraEE\" \/>\n<meta property=\"article:published_time\" content=\"2019-05-14T12:00:21+00:00\" \/>\n<meta property=\"article:modified_time\" content=\"2019-05-14T12:59:07+00:00\" \/>\n<meta property=\"og:image\" content=\"https:\/\/www.sonoraenequipo.com.mx\/storage\/2019\/05\/conferenciadeprensa_opt.jpg\" \/>\n\t<meta property=\"og:image:width\" content=\"707\" \/>\n\t<meta property=\"og:image:height\" content=\"400\" \/>\n\t<meta property=\"og:image:type\" content=\"image\/jpeg\" \/>\n<meta name=\"author\" content=\"enequipo\" \/>\n<meta name=\"twitter:card\" content=\"summary_large_image\" \/>\n<meta name=\"twitter:creator\" content=\"@sonoraenequipo\" \/>\n<meta name=\"twitter:site\" content=\"@sonoraenequipo\" \/>\n<meta name=\"twitter:label1\" content=\"Escrito por\" \/>\n\t<meta name=\"twitter:data1\" content=\"enequipo\" \/>\n\t<meta name=\"twitter:label2\" content=\"Tiempo de lectura\" \/>\n\t<meta name=\"twitter:data2\" content=\"1 minuto\" \/>\n<script type=\"application\/ld+json\" class=\"yoast-schema-graph\">{\"@context\":\"https:\/\/schema.org\",\"@graph\":[{\"@type\":\"Article\",\"@id\":\"https:\/\/www.sonoraenequipo.com.mx\/mexico-el-pais-de-las-fosas-clandestinas-en-11-anos-suman-casi-2-mil-hallazgos-revela-investigacion\/#article\",\"isPartOf\":{\"@id\":\"https:\/\/www.sonoraenequipo.com.mx\/mexico-el-pais-de-las-fosas-clandestinas-en-11-anos-suman-casi-2-mil-hallazgos-revela-investigacion\/\"},\"author\":{\"name\":\"enequipo\",\"@id\":\"https:\/\/www.sonoraenequipo.com.mx\/#\/schema\/person\/50102df0fb23a8fa9e8effad8fa81386\"},\"headline\":\"M\u00e9xico, el pa\u00eds de las fosas clandestinas: en 11 a\u00f1os suman casi 2 mil hallazgos, revela investigaci\u00f3n\",\"datePublished\":\"2019-05-14T12:00:21+00:00\",\"dateModified\":\"2019-05-14T12:59:07+00:00\",\"mainEntityOfPage\":{\"@id\":\"https:\/\/www.sonoraenequipo.com.mx\/mexico-el-pais-de-las-fosas-clandestinas-en-11-anos-suman-casi-2-mil-hallazgos-revela-investigacion\/\"},\"wordCount\":168,\"commentCount\":0,\"publisher\":{\"@id\":\"https:\/\/www.sonoraenequipo.com.mx\/#organization\"},\"image\":{\"@id\":\"https:\/\/www.sonoraenequipo.com.mx\/mexico-el-pais-de-las-fosas-clandestinas-en-11-anos-suman-casi-2-mil-hallazgos-revela-investigacion\/#primaryimage\"},\"thumbnailUrl\":\"https:\/\/www.sonoraenequipo.com.mx\/storage\/2019\/05\/conferenciadeprensa_opt.jpg\",\"articleSection\":[\"Rep\u00fablica\"],\"inLanguage\":\"es\",\"potentialAction\":[{\"@type\":\"CommentAction\",\"name\":\"Comment\",\"target\":[\"https:\/\/www.sonoraenequipo.com.mx\/mexico-el-pais-de-las-fosas-clandestinas-en-11-anos-suman-casi-2-mil-hallazgos-revela-investigacion\/#respond\"]}]},{\"@type\":\"WebPage\",\"@id\":\"https:\/\/www.sonoraenequipo.com.mx\/mexico-el-pais-de-las-fosas-clandestinas-en-11-anos-suman-casi-2-mil-hallazgos-revela-investigacion\/\",\"url\":\"https:\/\/www.sonoraenequipo.com.mx\/mexico-el-pais-de-las-fosas-clandestinas-en-11-anos-suman-casi-2-mil-hallazgos-revela-investigacion\/\",\"name\":\"Sonora en Equipo. M\u00e9xico, el pa\u00eds de las fosas clandestinas: en 11 a\u00f1os suman casi 2 mil hallazgos, revela investigaci\u00f3n Rep\u00fablica\",\"isPartOf\":{\"@id\":\"https:\/\/www.sonoraenequipo.com.mx\/#website\"},\"primaryImageOfPage\":{\"@id\":\"https:\/\/www.sonoraenequipo.com.mx\/mexico-el-pais-de-las-fosas-clandestinas-en-11-anos-suman-casi-2-mil-hallazgos-revela-investigacion\/#primaryimage\"},\"image\":{\"@id\":\"https:\/\/www.sonoraenequipo.com.mx\/mexico-el-pais-de-las-fosas-clandestinas-en-11-anos-suman-casi-2-mil-hallazgos-revela-investigacion\/#primaryimage\"},\"thumbnailUrl\":\"https:\/\/www.sonoraenequipo.com.mx\/storage\/2019\/05\/conferenciadeprensa_opt.jpg\",\"datePublished\":\"2019-05-14T12:00:21+00:00\",\"dateModified\":\"2019-05-14T12:59:07+00:00\",\"description\":\"CIUDAD DE M\u00c9XICO. MX. \u2014 Entre 2006 y 2016 en M\u00e9xico se encontraron casi 2 mil fosas clandestinas lo equivalente a una cada dos d\u00edas, en uno de cada siete En Sonora en Equipo publicamos toda la informaci\u00f3n de Sonora, M\u00e9xico y el Mundo de manera oportuna y busca que la libertad de expresi\u00f3n sea real. Visita nuestro medio informativo publicado desde Hermosillo, Sonora. %\",\"breadcrumb\":{\"@id\":\"https:\/\/www.sonoraenequipo.com.mx\/mexico-el-pais-de-las-fosas-clandestinas-en-11-anos-suman-casi-2-mil-hallazgos-revela-investigacion\/#breadcrumb\"},\"inLanguage\":\"es\",\"potentialAction\":[{\"@type\":\"ReadAction\",\"target\":[\"https:\/\/www.sonoraenequipo.com.mx\/mexico-el-pais-de-las-fosas-clandestinas-en-11-anos-suman-casi-2-mil-hallazgos-revela-investigacion\/\"]}]},{\"@type\":\"ImageObject\",\"inLanguage\":\"es\",\"@id\":\"https:\/\/www.sonoraenequipo.com.mx\/mexico-el-pais-de-las-fosas-clandestinas-en-11-anos-suman-casi-2-mil-hallazgos-revela-investigacion\/#primaryimage\",\"url\":\"https:\/\/www.sonoraenequipo.com.mx\/storage\/2019\/05\/conferenciadeprensa_opt.jpg\",\"contentUrl\":\"https:\/\/www.sonoraenequipo.com.mx\/storage\/2019\/05\/conferenciadeprensa_opt.jpg\",\"width\":707,\"height\":400},{\"@type\":\"BreadcrumbList\",\"@id\":\"https:\/\/www.sonoraenequipo.com.mx\/mexico-el-pais-de-las-fosas-clandestinas-en-11-anos-suman-casi-2-mil-hallazgos-revela-investigacion\/#breadcrumb\",\"itemListElement\":[{\"@type\":\"ListItem\",\"position\":1,\"name\":\"Portada\",\"item\":\"https:\/\/www.sonoraenequipo.com.mx\/\"},{\"@type\":\"ListItem\",\"position\":2,\"name\":\"M\u00e9xico, el pa\u00eds de las fosas clandestinas: en 11 a\u00f1os suman casi 2 mil hallazgos, revela investigaci\u00f3n\"}]},{\"@type\":\"WebSite\",\"@id\":\"https:\/\/www.sonoraenequipo.com.mx\/#website\",\"url\":\"https:\/\/www.sonoraenequipo.com.mx\/\",\"name\":\"Sonora en Equipo.\",\"description\":\"Diario en l\u00ednea con Noticias desde Hermosillo, Sonora\",\"publisher\":{\"@id\":\"https:\/\/www.sonoraenequipo.com.mx\/#organization\"},\"potentialAction\":[{\"@type\":\"SearchAction\",\"target\":{\"@type\":\"EntryPoint\",\"urlTemplate\":\"https:\/\/www.sonoraenequipo.com.mx\/?s={search_term_string}\"},\"query-input\":{\"@type\":\"PropertyValueSpecification\",\"valueRequired\":true,\"valueName\":\"search_term_string\"}}],\"inLanguage\":\"es\"},{\"@type\":\"Organization\",\"@id\":\"https:\/\/www.sonoraenequipo.com.mx\/#organization\",\"name\":\"Sonoraenequipo.com.mx\",\"url\":\"https:\/\/www.sonoraenequipo.com.mx\/\",\"logo\":{\"@type\":\"ImageObject\",\"inLanguage\":\"es\",\"@id\":\"https:\/\/www.sonoraenequipo.com.mx\/#\/schema\/logo\/image\/\",\"url\":\"https:\/\/www.sonoraenequipo.com.mx\/storage\/2019\/01\/sonoraenequipo_opt.png\",\"contentUrl\":\"https:\/\/www.sonoraenequipo.com.mx\/storage\/2019\/01\/sonoraenequipo_opt.png\",\"width\":375,\"height\":125,\"caption\":\"Sonoraenequipo.com.mx\"},\"image\":{\"@id\":\"https:\/\/www.sonoraenequipo.com.mx\/#\/schema\/logo\/image\/\"},\"sameAs\":[\"https:\/\/www.facebook.com\/SonoraEE\/\",\"https:\/\/x.com\/sonoraenequipo\",\"https:\/\/www.youtube.com\/channel\/UC338nW-lPEYmJQs4ZABQ1SQ\"]},{\"@type\":\"Person\",\"@id\":\"https:\/\/www.sonoraenequipo.com.mx\/#\/schema\/person\/50102df0fb23a8fa9e8effad8fa81386\",\"name\":\"enequipo\",\"image\":{\"@type\":\"ImageObject\",\"inLanguage\":\"es\",\"@id\":\"https:\/\/www.sonoraenequipo.com.mx\/#\/schema\/person\/image\/\",\"url\":\"https:\/\/secure.gravatar.com\/avatar\/049821681b589dabc0bc20695993ccebb09f5b5d4d790cd9251b97faac7c652b?s=96&d=blank&r=g\",\"contentUrl\":\"https:\/\/secure.gravatar.com\/avatar\/049821681b589dabc0bc20695993ccebb09f5b5d4d790cd9251b97faac7c652b?s=96&d=blank&r=g\",\"caption\":\"enequipo\"},\"sameAs\":[\"https:\/\/www.facebook.com\/SonoraEE\"]}]}<\/script>\n ","yoast_head_json":{"title":"Sonora en Equipo. M\u00e9xico, el pa\u00eds de las fosas clandestinas: en 11 a\u00f1os suman casi 2 mil hallazgos, revela investigaci\u00f3n Rep\u00fablica","description":"CIUDAD DE M\u00c9XICO. MX. \u2014 Entre 2006 y 2016 en M\u00e9xico se encontraron casi 2 mil fosas clandestinas lo equivalente a una cada dos d\u00edas, en uno de cada siete En Sonora en Equipo publicamos toda la informaci\u00f3n de Sonora, M\u00e9xico y el Mundo de manera oportuna y busca que la libertad de expresi\u00f3n sea real. Visita nuestro medio informativo publicado desde Hermosillo, Sonora. %","robots":{"index":"index","follow":"follow","max-snippet":"max-snippet:-1","max-image-preview":"max-image-preview:large","max-video-preview":"max-video-preview:-1"},"canonical":"https:\/\/www.sonoraenequipo.com.mx\/mexico-el-pais-de-las-fosas-clandestinas-en-11-anos-suman-casi-2-mil-hallazgos-revela-investigacion\/","og_locale":"es_ES","og_type":"article","og_title":"Sonora en Equipo. M\u00e9xico, el pa\u00eds de las fosas clandestinas: en 11 a\u00f1os suman casi 2 mil hallazgos, revela investigaci\u00f3n Rep\u00fablica","og_description":"CIUDAD DE M\u00c9XICO. MX. \u2014 Entre 2006 y 2016 en M\u00e9xico se encontraron casi 2 mil fosas clandestinas lo equivalente a una cada dos d\u00edas, en uno de cada siete En Sonora en Equipo publicamos toda la informaci\u00f3n de Sonora, M\u00e9xico y el Mundo de manera oportuna y busca que la libertad de expresi\u00f3n sea real. Visita nuestro medio informativo publicado desde Hermosillo, Sonora. %","og_url":"https:\/\/www.sonoraenequipo.com.mx\/mexico-el-pais-de-las-fosas-clandestinas-en-11-anos-suman-casi-2-mil-hallazgos-revela-investigacion\/","og_site_name":"Sonora en Equipo.","article_publisher":"https:\/\/www.facebook.com\/SonoraEE\/","article_author":"https:\/\/www.facebook.com\/SonoraEE","article_published_time":"2019-05-14T12:00:21+00:00","article_modified_time":"2019-05-14T12:59:07+00:00","og_image":[{"width":707,"height":400,"url":"https:\/\/www.sonoraenequipo.com.mx\/storage\/2019\/05\/conferenciadeprensa_opt.jpg","type":"image\/jpeg"}],"author":"enequipo","twitter_card":"summary_large_image","twitter_creator":"@sonoraenequipo","twitter_site":"@sonoraenequipo","twitter_misc":{"Escrito por":"enequipo","Tiempo de lectura":"1 minuto"},"schema":{"@context":"https:\/\/schema.org","@graph":[{"@type":"Article","@id":"https:\/\/www.sonoraenequipo.com.mx\/mexico-el-pais-de-las-fosas-clandestinas-en-11-anos-suman-casi-2-mil-hallazgos-revela-investigacion\/#article","isPartOf":{"@id":"https:\/\/www.sonoraenequipo.com.mx\/mexico-el-pais-de-las-fosas-clandestinas-en-11-anos-suman-casi-2-mil-hallazgos-revela-investigacion\/"},"author":{"name":"enequipo","@id":"https:\/\/www.sonoraenequipo.com.mx\/#\/schema\/person\/50102df0fb23a8fa9e8effad8fa81386"},"headline":"M\u00e9xico, el pa\u00eds de las fosas clandestinas: en 11 a\u00f1os suman casi 2 mil hallazgos, revela investigaci\u00f3n","datePublished":"2019-05-14T12:00:21+00:00","dateModified":"2019-05-14T12:59:07+00:00","mainEntityOfPage":{"@id":"https:\/\/www.sonoraenequipo.com.mx\/mexico-el-pais-de-las-fosas-clandestinas-en-11-anos-suman-casi-2-mil-hallazgos-revela-investigacion\/"},"wordCount":168,"commentCount":0,"publisher":{"@id":"https:\/\/www.sonoraenequipo.com.mx\/#organization"},"image":{"@id":"https:\/\/www.sonoraenequipo.com.mx\/mexico-el-pais-de-las-fosas-clandestinas-en-11-anos-suman-casi-2-mil-hallazgos-revela-investigacion\/#primaryimage"},"thumbnailUrl":"https:\/\/www.sonoraenequipo.com.mx\/storage\/2019\/05\/conferenciadeprensa_opt.jpg","articleSection":["Rep\u00fablica"],"inLanguage":"es","potentialAction":[{"@type":"CommentAction","name":"Comment","target":["https:\/\/www.sonoraenequipo.com.mx\/mexico-el-pais-de-las-fosas-clandestinas-en-11-anos-suman-casi-2-mil-hallazgos-revela-investigacion\/#respond"]}]},{"@type":"WebPage","@id":"https:\/\/www.sonoraenequipo.com.mx\/mexico-el-pais-de-las-fosas-clandestinas-en-11-anos-suman-casi-2-mil-hallazgos-revela-investigacion\/","url":"https:\/\/www.sonoraenequipo.com.mx\/mexico-el-pais-de-las-fosas-clandestinas-en-11-anos-suman-casi-2-mil-hallazgos-revela-investigacion\/","name":"Sonora en Equipo. M\u00e9xico, el pa\u00eds de las fosas clandestinas: en 11 a\u00f1os suman casi 2 mil hallazgos, revela investigaci\u00f3n Rep\u00fablica","isPartOf":{"@id":"https:\/\/www.sonoraenequipo.com.mx\/#website"},"primaryImageOfPage":{"@id":"https:\/\/www.sonoraenequipo.com.mx\/mexico-el-pais-de-las-fosas-clandestinas-en-11-anos-suman-casi-2-mil-hallazgos-revela-investigacion\/#primaryimage"},"image":{"@id":"https:\/\/www.sonoraenequipo.com.mx\/mexico-el-pais-de-las-fosas-clandestinas-en-11-anos-suman-casi-2-mil-hallazgos-revela-investigacion\/#primaryimage"},"thumbnailUrl":"https:\/\/www.sonoraenequipo.com.mx\/storage\/2019\/05\/conferenciadeprensa_opt.jpg","datePublished":"2019-05-14T12:00:21+00:00","dateModified":"2019-05-14T12:59:07+00:00","description":"CIUDAD DE M\u00c9XICO. MX. \u2014 Entre 2006 y 2016 en M\u00e9xico se encontraron casi 2 mil fosas clandestinas lo equivalente a una cada dos d\u00edas, en uno de cada siete En Sonora en Equipo publicamos toda la informaci\u00f3n de Sonora, M\u00e9xico y el Mundo de manera oportuna y busca que la libertad de expresi\u00f3n sea real. Visita nuestro medio informativo publicado desde Hermosillo, Sonora. %","breadcrumb":{"@id":"https:\/\/www.sonoraenequipo.com.mx\/mexico-el-pais-de-las-fosas-clandestinas-en-11-anos-suman-casi-2-mil-hallazgos-revela-investigacion\/#breadcrumb"},"inLanguage":"es","potentialAction":[{"@type":"ReadAction","target":["https:\/\/www.sonoraenequipo.com.mx\/mexico-el-pais-de-las-fosas-clandestinas-en-11-anos-suman-casi-2-mil-hallazgos-revela-investigacion\/"]}]},{"@type":"ImageObject","inLanguage":"es","@id":"https:\/\/www.sonoraenequipo.com.mx\/mexico-el-pais-de-las-fosas-clandestinas-en-11-anos-suman-casi-2-mil-hallazgos-revela-investigacion\/#primaryimage","url":"https:\/\/www.sonoraenequipo.com.mx\/storage\/2019\/05\/conferenciadeprensa_opt.jpg","contentUrl":"https:\/\/www.sonoraenequipo.com.mx\/storage\/2019\/05\/conferenciadeprensa_opt.jpg","width":707,"height":400},{"@type":"BreadcrumbList","@id":"https:\/\/www.sonoraenequipo.com.mx\/mexico-el-pais-de-las-fosas-clandestinas-en-11-anos-suman-casi-2-mil-hallazgos-revela-investigacion\/#breadcrumb","itemListElement":[{"@type":"ListItem","position":1,"name":"Portada","item":"https:\/\/www.sonoraenequipo.com.mx\/"},{"@type":"ListItem","position":2,"name":"M\u00e9xico, el pa\u00eds de las fosas clandestinas: en 11 a\u00f1os suman casi 2 mil hallazgos, revela investigaci\u00f3n"}]},{"@type":"WebSite","@id":"https:\/\/www.sonoraenequipo.com.mx\/#website","url":"https:\/\/www.sonoraenequipo.com.mx\/","name":"Sonora en Equipo.","description":"Diario en l\u00ednea con Noticias desde Hermosillo, Sonora","publisher":{"@id":"https:\/\/www.sonoraenequipo.com.mx\/#organization"},"potentialAction":[{"@type":"SearchAction","target":{"@type":"EntryPoint","urlTemplate":"https:\/\/www.sonoraenequipo.com.mx\/?s={search_term_string}"},"query-input":{"@type":"PropertyValueSpecification","valueRequired":true,"valueName":"search_term_string"}}],"inLanguage":"es"},{"@type":"Organization","@id":"https:\/\/www.sonoraenequipo.com.mx\/#organization","name":"Sonoraenequipo.com.mx","url":"https:\/\/www.sonoraenequipo.com.mx\/","logo":{"@type":"ImageObject","inLanguage":"es","@id":"https:\/\/www.sonoraenequipo.com.mx\/#\/schema\/logo\/image\/","url":"https:\/\/www.sonoraenequipo.com.mx\/storage\/2019\/01\/sonoraenequipo_opt.png","contentUrl":"https:\/\/www.sonoraenequipo.com.mx\/storage\/2019\/01\/sonoraenequipo_opt.png","width":375,"height":125,"caption":"Sonoraenequipo.com.mx"},"image":{"@id":"https:\/\/www.sonoraenequipo.com.mx\/#\/schema\/logo\/image\/"},"sameAs":["https:\/\/www.facebook.com\/SonoraEE\/","https:\/\/x.com\/sonoraenequipo","https:\/\/www.youtube.com\/channel\/UC338nW-lPEYmJQs4ZABQ1SQ"]},{"@type":"Person","@id":"https:\/\/www.sonoraenequipo.com.mx\/#\/schema\/person\/50102df0fb23a8fa9e8effad8fa81386","name":"enequipo","image":{"@type":"ImageObject","inLanguage":"es","@id":"https:\/\/www.sonoraenequipo.com.mx\/#\/schema\/person\/image\/","url":"https:\/\/secure.gravatar.com\/avatar\/049821681b589dabc0bc20695993ccebb09f5b5d4d790cd9251b97faac7c652b?s=96&d=blank&r=g","contentUrl":"https:\/\/secure.gravatar.com\/avatar\/049821681b589dabc0bc20695993ccebb09f5b5d4d790cd9251b97faac7c652b?s=96&d=blank&r=g","caption":"enequipo"},"sameAs":["https:\/\/www.facebook.com\/SonoraEE"]}]}},"jetpack_featured_media_url":"https:\/\/www.sonoraenequipo.com.mx\/storage\/2019\/05\/conferenciadeprensa_opt.jpg","_links":{"self":[{"href":"https:\/\/www.sonoraenequipo.com.mx\/api\/wp\/v2\/posts\/60215","targetHints":{"allow":["GET"]}}],"collection":[{"href":"https:\/\/www.sonoraenequipo.com.mx\/api\/wp\/v2\/posts"}],"about":[{"href":"https:\/\/www.sonoraenequipo.com.mx\/api\/wp\/v2\/types\/post"}],"author":[{"embeddable":true,"href":"https:\/\/www.sonoraenequipo.com.mx\/api\/wp\/v2\/users\/1"}],"replies":[{"embeddable":true,"href":"https:\/\/www.sonoraenequipo.com.mx\/api\/wp\/v2\/comments?post=60215"}],"version-history":[{"count":0,"href":"https:\/\/www.sonoraenequipo.com.mx\/api\/wp\/v2\/posts\/60215\/revisions"}],"wp:featuredmedia":[{"embeddable":true,"href":"https:\/\/www.sonoraenequipo.com.mx\/api\/wp\/v2\/media\/60202"}],"wp:attachment":[{"href":"https:\/\/www.sonoraenequipo.com.mx\/api\/wp\/v2\/media?parent=60215"}],"wp:term":[{"taxonomy":"category","embeddable":true,"href":"https:\/\/www.sonoraenequipo.com.mx\/api\/wp\/v2\/categories?post=60215"},{"taxonomy":"post_tag","embeddable":true,"href":"https:\/\/www.sonoraenequipo.com.mx\/api\/wp\/v2\/tags?post=60215"}],"curies":[{"name":"wp","href":"https:\/\/api.w.org\/{rel}","templated":true}]}}