{"id":62471,"date":"2019-06-18T12:00:06","date_gmt":"2019-06-18T19:00:06","guid":{"rendered":"http:\/\/www.sonoraenequipo.com.mx\/?p=62471"},"modified":"2019-06-18T07:26:48","modified_gmt":"2019-06-18T14:26:48","slug":"imagen-dispara-las-maximas-alertas-por-el-cambio-climatico-en-groenlandia","status":"publish","type":"post","link":"https:\/\/www.sonoraenequipo.com.mx\/imagen-dispara-las-maximas-alertas-por-el-cambio-climatico-en-groenlandia\/","title":{"rendered":"Imagen dispara las m\u00e1ximas alertas por el cambio clim\u00e1tico en Groenlandia"},"content":{"rendered":"<p>GROELANDIA. \u2014 La imagen fue tomada el 13 de junio por Steffen Olsen, investigador del Centro de Oc\u00e9anos y Hielo del Instituto Meteorol\u00f3gico Dan\u00e9s. En el centro se ve a los tradicionales perros de nieve tirando de un trineo. Pero lo impactante es que, en lugar de estar corriendo sobre el hielo, avanzan sobre el agua. <\/p>\n<p>El equipo estaba en el fiordo de Inglefield Bredning, ubicado en el noroeste de Groenlandia. Debajo del agua, hab\u00eda una capa de hielo de 1,2 metros de espesor. Olsen tuite\u00f3 la foto, y esta no tard\u00f3 en volverse viral por lo gr\u00e1fica que resulta para comprender el momento que atraviesa el planeta.<\/p>\n<p><em><img loading=\"lazy\" decoding=\"async\" class=\"size-medium  x-left\" src=\"http:\/\/www.sonoraenequipo.com.mx\/storage\/2019\/06\/groelandia_deshielo_opt-600x359.png\" alt=\"\" width=\"600\" height=\"359\" \/>\u00abEl r\u00e1pido derretimiento, el hielo marino de baja permeabilidad y las pocas grietas, dejan al agua derretida en la parte superior\u00bb<\/em>, explic\u00f3 su colega Rasmus Tonboe, a trav\u00e9s de un tuit.<\/p>\n<p><em>\u00abEste a\u00f1o, la expedici\u00f3n se top\u00f3 con una gran cantidad de agua estancada en el hielo marino. El hielo aqu\u00ed se forma peri\u00f3dicamente cada invierno y es muy grueso, lo que significa que hay relativamente pocas fracturas como para que el agua de deshielo pueda drenar. La semana pasada se produjeron condiciones muy c\u00e1lidas en Groenlandia y, de hecho, en gran parte del \u00c1rtico, impulsadas por un aire m\u00e1s c\u00e1lido que se mov\u00eda hacia arriba desde el sur\u00bb,<\/em> dijo Ruth Mottram, cient\u00edfica clim\u00e1tica del Instituto Meteorol\u00f3gico de Dinamarca, consultada por The Guardian.<\/p>\n<p>El mi\u00e9rcoles pasado se registr\u00f3 una temperatura de 17,3 grados, notablemente elevada para el norte de la isla. No obstante, la especialista llam\u00f3 a la cautela. Dijo que eran n\u00fameros provisorios y que a\u00fan es pronto para determinar si son consecuencia del calentamiento global, porque aunque sean temperaturas inusuales, no ser\u00eda la primera vez que se registran.<\/p>\n<p><em>\u00abNuestras simulaciones de modelos clim\u00e1ticos esperan que haya una disminuci\u00f3n general en la duraci\u00f3n de la temporada de hielo marino alrededor de Groenlandia, pero cu\u00e1n r\u00e1pido y en qu\u00e9 medida depender\u00e1 de cu\u00e1nto aumente la temperatura global\u00bb<\/em>, afirm\u00f3 Mottram.<\/p>\n<h3>Emisiones en aumento<\/h3>\n<p>Las emisiones globales de carbono tuvieron el mayor incremento en siete a\u00f1os en 2018, seg\u00fan la revisi\u00f3n anual de BP de la energ\u00eda mundial, lo que indica que el mundo se est\u00e1 quedando atr\u00e1s en sus esfuerzos por controlar el cambio clim\u00e1tico.<\/p>\n<p>El informe, una de las encuestas m\u00e1s consultadas sobre las tendencias mundiales de la energ\u00eda, revel\u00f3 que la demanda primaria aument\u00f3 al ritmo m\u00e1s r\u00e1pido de esta d\u00e9cada en 2018, aunque el crecimiento econ\u00f3mico se debilit\u00f3. China, India y Estados Unidos fueron responsables de dos tercios del aumento de 2,9% en el consumo.<\/p>\n<p><img loading=\"lazy\" decoding=\"async\" class=\"size-medium  x-right\" src=\"http:\/\/www.sonoraenequipo.com.mx\/storage\/2019\/06\/Groenlandia-Iceberg-6_opt-600x434.jpg\" alt=\"\" width=\"600\" height=\"434\" \/>El estado de urgencia se est\u00e1 acumulando en todo el mundo para contener un aumento global de la temperatura, que ha subido 1 grado cent\u00edgrado desde el inicio de la revoluci\u00f3n industrial y al menos se duplicar\u00e1 este aumento para finales de siglo. Marca el cambio m\u00e1s r\u00e1pido del clima desde el fin de la \u00faltima glaciaci\u00f3n hace unos 10.000 a\u00f1os.<\/p>\n<p><em>\u00abEn tiempos en que la sociedad est\u00e1 cada vez m\u00e1s preocupada sobre el cambio clim\u00e1tico y la necesidad de actuar, la demanda de energ\u00eda y las emisiones de carbono crecen a su ritmo m\u00e1s r\u00e1pido en a\u00f1os\u00bb<\/em>, dijo Spencer Dale, economista jefe de BP, en una reuni\u00f3n informativa en Londres.<\/p>\n<p>Gran parte del aumento fue impulsada por patrones clim\u00e1ticos m\u00e1s vol\u00e1tiles. Un incremento en el n\u00famero de d\u00edas que fueron inusualmente calientes o fr\u00edos aument\u00f3 el uso de energ\u00eda para calefacci\u00f3n y refrigeraci\u00f3n, dijo Dale. Como resultado, las emisiones globales de CO2 aumentaron por tercer a\u00f1o consecutivo, una tendencia que probablemente se mantendr\u00e1 por el momento.<\/p>\n<p>Cerca de 200 pa\u00edses se comprometieron a tomar medidas para limitar el calentamiento a menos de 2 grados a trav\u00e9s del Acuerdo de Par\u00eds sobre el cambio clim\u00e1tico en 2015. Su objetivo era limitar las fuertes tormentas, las sequ\u00edas y la hambruna que se prev\u00e9 ser\u00e1n m\u00e1s frecuentes con el cambio clim\u00e1tico fuera de control.<\/p>\n<p>Incluso el combustible f\u00f3sil m\u00e1s sucio para la generaci\u00f3n de energ\u00eda est\u00e1 aumentando. Tanto el consumo como la producci\u00f3n de carb\u00f3n aumentaron a su ritmo m\u00e1s r\u00e1pido durante cinco a\u00f1os, impulsado por la necesidad de las econom\u00edas en desarrollo de Asia de conectar a millones de hogares a una fuente confiable de electricidad. Esto se da a pesar de que la cuota de carb\u00f3n de la energ\u00eda primaria se ha reducido a poco m\u00e1s de un cuarto de la energ\u00eda primaria y 17 gigavatios de plantas queman el combustible que se est\u00e1 retirando.<\/p>\n<p>El informe de BP conten\u00eda algunas tendencias m\u00e1s esperanzadoras. El consumo de energ\u00eda renovable aument\u00f3 15% en 2018, cerca del aumento r\u00e9cord del a\u00f1o anterior. China, nuevamente a la vanguardia, est\u00e1 agregando m\u00e1s energ\u00eda renovable que la combinaci\u00f3n de los pa\u00edses m\u00e1s desarrollados de la OCDE, dijo BP.<\/p>\n<p>El crecimiento en la producci\u00f3n de energ\u00eda e\u00f3lica, solar, geot\u00e9rmica, biomasa y quema de residuos represent\u00f3 aproximadamente un tercio del aumento en la generaci\u00f3n total de energ\u00eda, o lo mismo que el aumento en el carb\u00f3n.<\/p>\n<p><em>\u00abLas energ\u00edas renovables no pueden expandirse lo suficientemente r\u00e1pido\u00bb,<\/em> dijo Dale.<\/p>\n<p>(Publicado el 18\/06\/2019<\/p>\n","protected":false},"excerpt":{"rendered":"<p>GROELANDIA. \u2014 La imagen fue tomada el 13 de junio por Steffen Olsen, investigador del&#8230;<\/p>\n","protected":false},"author":1,"featured_media":62473,"comment_status":"open","ping_status":"open","sticky":false,"template":"","format":"standard","meta":{"_monsterinsights_skip_tracking":false,"_monsterinsights_sitenote_active":false,"_monsterinsights_sitenote_note":"","_monsterinsights_sitenote_category":0,"footnotes":""},"categories":[12],"tags":[],"class_list":["post"],"yoast_head":" \n<title>Sonora en Equipo. Imagen dispara las m\u00e1ximas alertas por el cambio clim\u00e1tico en Groenlandia Especiales<\/title>\n<meta name=\"description\" content=\"GROELANDIA. \u2014 La imagen fue tomada el 13 de junio por Steffen Olsen, investigador del Centro de Oc\u00e9anos y Hielo del Instituto Meteorol\u00f3gico Dan\u00e9s. En el En Sonora en Equipo publicamos toda la informaci\u00f3n de Sonora, M\u00e9xico y el Mundo de manera oportuna y busca que la libertad de expresi\u00f3n sea real. Visita nuestro medio informativo publicado desde Hermosillo, Sonora. %\" \/>\n<meta name=\"robots\" content=\"index, follow, max-snippet:-1, max-image-preview:large, max-video-preview:-1\" \/>\n<link rel=\"canonical\" href=\"https:\/\/www.sonoraenequipo.com.mx\/imagen-dispara-las-maximas-alertas-por-el-cambio-climatico-en-groenlandia\/\" \/>\n<meta property=\"og:locale\" content=\"es_ES\" \/>\n<meta property=\"og:type\" content=\"article\" \/>\n<meta property=\"og:title\" content=\"Sonora en Equipo. Imagen dispara las m\u00e1ximas alertas por el cambio clim\u00e1tico en Groenlandia Especiales\" \/>\n<meta property=\"og:description\" content=\"GROELANDIA. \u2014 La imagen fue tomada el 13 de junio por Steffen Olsen, investigador del Centro de Oc\u00e9anos y Hielo del Instituto Meteorol\u00f3gico Dan\u00e9s. En el En Sonora en Equipo publicamos toda la informaci\u00f3n de Sonora, M\u00e9xico y el Mundo de manera oportuna y busca que la libertad de expresi\u00f3n sea real. Visita nuestro medio informativo publicado desde Hermosillo, Sonora. %\" \/>\n<meta property=\"og:url\" content=\"https:\/\/www.sonoraenequipo.com.mx\/imagen-dispara-las-maximas-alertas-por-el-cambio-climatico-en-groenlandia\/\" \/>\n<meta property=\"og:site_name\" content=\"Sonora en Equipo.\" \/>\n<meta property=\"article:publisher\" content=\"https:\/\/www.facebook.com\/SonoraEE\/\" \/>\n<meta property=\"article:author\" content=\"https:\/\/www.facebook.com\/SonoraEE\" \/>\n<meta property=\"article:published_time\" content=\"2019-06-18T19:00:06+00:00\" \/>\n<meta property=\"og:image\" content=\"https:\/\/www.sonoraenequipo.com.mx\/storage\/2019\/06\/Perros-calentamiento-Groenlandia-1_opt.jpg\" \/>\n\t<meta property=\"og:image:width\" content=\"711\" \/>\n\t<meta property=\"og:image:height\" content=\"400\" \/>\n\t<meta property=\"og:image:type\" content=\"image\/jpeg\" \/>\n<meta name=\"author\" content=\"enequipo\" \/>\n<meta name=\"twitter:card\" content=\"summary_large_image\" \/>\n<meta name=\"twitter:creator\" content=\"@sonoraenequipo\" \/>\n<meta name=\"twitter:site\" content=\"@sonoraenequipo\" \/>\n<meta name=\"twitter:label1\" content=\"Escrito por\" \/>\n\t<meta name=\"twitter:data1\" content=\"enequipo\" \/>\n\t<meta name=\"twitter:label2\" content=\"Tiempo de lectura\" \/>\n\t<meta name=\"twitter:data2\" content=\"5 minutos\" \/>\n<script type=\"application\/ld+json\" class=\"yoast-schema-graph\">{\"@context\":\"https:\/\/schema.org\",\"@graph\":[{\"@type\":\"Article\",\"@id\":\"https:\/\/www.sonoraenequipo.com.mx\/imagen-dispara-las-maximas-alertas-por-el-cambio-climatico-en-groenlandia\/#article\",\"isPartOf\":{\"@id\":\"https:\/\/www.sonoraenequipo.com.mx\/imagen-dispara-las-maximas-alertas-por-el-cambio-climatico-en-groenlandia\/\"},\"author\":{\"name\":\"enequipo\",\"@id\":\"https:\/\/www.sonoraenequipo.com.mx\/#\/schema\/person\/50102df0fb23a8fa9e8effad8fa81386\"},\"headline\":\"Imagen dispara las m\u00e1ximas alertas por el cambio clim\u00e1tico en Groenlandia\",\"datePublished\":\"2019-06-18T19:00:06+00:00\",\"mainEntityOfPage\":{\"@id\":\"https:\/\/www.sonoraenequipo.com.mx\/imagen-dispara-las-maximas-alertas-por-el-cambio-climatico-en-groenlandia\/\"},\"wordCount\":938,\"commentCount\":0,\"publisher\":{\"@id\":\"https:\/\/www.sonoraenequipo.com.mx\/#organization\"},\"image\":{\"@id\":\"https:\/\/www.sonoraenequipo.com.mx\/imagen-dispara-las-maximas-alertas-por-el-cambio-climatico-en-groenlandia\/#primaryimage\"},\"thumbnailUrl\":\"https:\/\/www.sonoraenequipo.com.mx\/storage\/2019\/06\/Perros-calentamiento-Groenlandia-1_opt.jpg\",\"articleSection\":[\"Especiales\"],\"inLanguage\":\"es\",\"potentialAction\":[{\"@type\":\"CommentAction\",\"name\":\"Comment\",\"target\":[\"https:\/\/www.sonoraenequipo.com.mx\/imagen-dispara-las-maximas-alertas-por-el-cambio-climatico-en-groenlandia\/#respond\"]}]},{\"@type\":\"WebPage\",\"@id\":\"https:\/\/www.sonoraenequipo.com.mx\/imagen-dispara-las-maximas-alertas-por-el-cambio-climatico-en-groenlandia\/\",\"url\":\"https:\/\/www.sonoraenequipo.com.mx\/imagen-dispara-las-maximas-alertas-por-el-cambio-climatico-en-groenlandia\/\",\"name\":\"Sonora en Equipo. Imagen dispara las m\u00e1ximas alertas por el cambio clim\u00e1tico en Groenlandia Especiales\",\"isPartOf\":{\"@id\":\"https:\/\/www.sonoraenequipo.com.mx\/#website\"},\"primaryImageOfPage\":{\"@id\":\"https:\/\/www.sonoraenequipo.com.mx\/imagen-dispara-las-maximas-alertas-por-el-cambio-climatico-en-groenlandia\/#primaryimage\"},\"image\":{\"@id\":\"https:\/\/www.sonoraenequipo.com.mx\/imagen-dispara-las-maximas-alertas-por-el-cambio-climatico-en-groenlandia\/#primaryimage\"},\"thumbnailUrl\":\"https:\/\/www.sonoraenequipo.com.mx\/storage\/2019\/06\/Perros-calentamiento-Groenlandia-1_opt.jpg\",\"datePublished\":\"2019-06-18T19:00:06+00:00\",\"description\":\"GROELANDIA. \u2014 La imagen fue tomada el 13 de junio por Steffen Olsen, investigador del Centro de Oc\u00e9anos y Hielo del Instituto Meteorol\u00f3gico Dan\u00e9s. En el En Sonora en Equipo publicamos toda la informaci\u00f3n de Sonora, M\u00e9xico y el Mundo de manera oportuna y busca que la libertad de expresi\u00f3n sea real. Visita nuestro medio informativo publicado desde Hermosillo, Sonora. %\",\"breadcrumb\":{\"@id\":\"https:\/\/www.sonoraenequipo.com.mx\/imagen-dispara-las-maximas-alertas-por-el-cambio-climatico-en-groenlandia\/#breadcrumb\"},\"inLanguage\":\"es\",\"potentialAction\":[{\"@type\":\"ReadAction\",\"target\":[\"https:\/\/www.sonoraenequipo.com.mx\/imagen-dispara-las-maximas-alertas-por-el-cambio-climatico-en-groenlandia\/\"]}]},{\"@type\":\"ImageObject\",\"inLanguage\":\"es\",\"@id\":\"https:\/\/www.sonoraenequipo.com.mx\/imagen-dispara-las-maximas-alertas-por-el-cambio-climatico-en-groenlandia\/#primaryimage\",\"url\":\"https:\/\/www.sonoraenequipo.com.mx\/storage\/2019\/06\/Perros-calentamiento-Groenlandia-1_opt.jpg\",\"contentUrl\":\"https:\/\/www.sonoraenequipo.com.mx\/storage\/2019\/06\/Perros-calentamiento-Groenlandia-1_opt.jpg\",\"width\":711,\"height\":400},{\"@type\":\"BreadcrumbList\",\"@id\":\"https:\/\/www.sonoraenequipo.com.mx\/imagen-dispara-las-maximas-alertas-por-el-cambio-climatico-en-groenlandia\/#breadcrumb\",\"itemListElement\":[{\"@type\":\"ListItem\",\"position\":1,\"name\":\"Portada\",\"item\":\"https:\/\/www.sonoraenequipo.com.mx\/\"},{\"@type\":\"ListItem\",\"position\":2,\"name\":\"Imagen dispara las m\u00e1ximas alertas por el cambio clim\u00e1tico en Groenlandia\"}]},{\"@type\":\"WebSite\",\"@id\":\"https:\/\/www.sonoraenequipo.com.mx\/#website\",\"url\":\"https:\/\/www.sonoraenequipo.com.mx\/\",\"name\":\"Sonora en Equipo.\",\"description\":\"Diario en l\u00ednea con Noticias desde Hermosillo, Sonora\",\"publisher\":{\"@id\":\"https:\/\/www.sonoraenequipo.com.mx\/#organization\"},\"potentialAction\":[{\"@type\":\"SearchAction\",\"target\":{\"@type\":\"EntryPoint\",\"urlTemplate\":\"https:\/\/www.sonoraenequipo.com.mx\/?s={search_term_string}\"},\"query-input\":{\"@type\":\"PropertyValueSpecification\",\"valueRequired\":true,\"valueName\":\"search_term_string\"}}],\"inLanguage\":\"es\"},{\"@type\":\"Organization\",\"@id\":\"https:\/\/www.sonoraenequipo.com.mx\/#organization\",\"name\":\"Sonoraenequipo.com.mx\",\"url\":\"https:\/\/www.sonoraenequipo.com.mx\/\",\"logo\":{\"@type\":\"ImageObject\",\"inLanguage\":\"es\",\"@id\":\"https:\/\/www.sonoraenequipo.com.mx\/#\/schema\/logo\/image\/\",\"url\":\"https:\/\/www.sonoraenequipo.com.mx\/storage\/2019\/01\/sonoraenequipo_opt.png\",\"contentUrl\":\"https:\/\/www.sonoraenequipo.com.mx\/storage\/2019\/01\/sonoraenequipo_opt.png\",\"width\":375,\"height\":125,\"caption\":\"Sonoraenequipo.com.mx\"},\"image\":{\"@id\":\"https:\/\/www.sonoraenequipo.com.mx\/#\/schema\/logo\/image\/\"},\"sameAs\":[\"https:\/\/www.facebook.com\/SonoraEE\/\",\"https:\/\/x.com\/sonoraenequipo\",\"https:\/\/www.youtube.com\/channel\/UC338nW-lPEYmJQs4ZABQ1SQ\"]},{\"@type\":\"Person\",\"@id\":\"https:\/\/www.sonoraenequipo.com.mx\/#\/schema\/person\/50102df0fb23a8fa9e8effad8fa81386\",\"name\":\"enequipo\",\"image\":{\"@type\":\"ImageObject\",\"inLanguage\":\"es\",\"@id\":\"https:\/\/www.sonoraenequipo.com.mx\/#\/schema\/person\/image\/\",\"url\":\"https:\/\/secure.gravatar.com\/avatar\/049821681b589dabc0bc20695993ccebb09f5b5d4d790cd9251b97faac7c652b?s=96&d=blank&r=g\",\"contentUrl\":\"https:\/\/secure.gravatar.com\/avatar\/049821681b589dabc0bc20695993ccebb09f5b5d4d790cd9251b97faac7c652b?s=96&d=blank&r=g\",\"caption\":\"enequipo\"},\"sameAs\":[\"https:\/\/www.facebook.com\/SonoraEE\"]}]}<\/script>\n ","yoast_head_json":{"title":"Sonora en Equipo. Imagen dispara las m\u00e1ximas alertas por el cambio clim\u00e1tico en Groenlandia Especiales","description":"GROELANDIA. \u2014 La imagen fue tomada el 13 de junio por Steffen Olsen, investigador del Centro de Oc\u00e9anos y Hielo del Instituto Meteorol\u00f3gico Dan\u00e9s. En el En Sonora en Equipo publicamos toda la informaci\u00f3n de Sonora, M\u00e9xico y el Mundo de manera oportuna y busca que la libertad de expresi\u00f3n sea real. Visita nuestro medio informativo publicado desde Hermosillo, Sonora. %","robots":{"index":"index","follow":"follow","max-snippet":"max-snippet:-1","max-image-preview":"max-image-preview:large","max-video-preview":"max-video-preview:-1"},"canonical":"https:\/\/www.sonoraenequipo.com.mx\/imagen-dispara-las-maximas-alertas-por-el-cambio-climatico-en-groenlandia\/","og_locale":"es_ES","og_type":"article","og_title":"Sonora en Equipo. Imagen dispara las m\u00e1ximas alertas por el cambio clim\u00e1tico en Groenlandia Especiales","og_description":"GROELANDIA. \u2014 La imagen fue tomada el 13 de junio por Steffen Olsen, investigador del Centro de Oc\u00e9anos y Hielo del Instituto Meteorol\u00f3gico Dan\u00e9s. En el En Sonora en Equipo publicamos toda la informaci\u00f3n de Sonora, M\u00e9xico y el Mundo de manera oportuna y busca que la libertad de expresi\u00f3n sea real. Visita nuestro medio informativo publicado desde Hermosillo, Sonora. %","og_url":"https:\/\/www.sonoraenequipo.com.mx\/imagen-dispara-las-maximas-alertas-por-el-cambio-climatico-en-groenlandia\/","og_site_name":"Sonora en Equipo.","article_publisher":"https:\/\/www.facebook.com\/SonoraEE\/","article_author":"https:\/\/www.facebook.com\/SonoraEE","article_published_time":"2019-06-18T19:00:06+00:00","og_image":[{"width":711,"height":400,"url":"https:\/\/www.sonoraenequipo.com.mx\/storage\/2019\/06\/Perros-calentamiento-Groenlandia-1_opt.jpg","type":"image\/jpeg"}],"author":"enequipo","twitter_card":"summary_large_image","twitter_creator":"@sonoraenequipo","twitter_site":"@sonoraenequipo","twitter_misc":{"Escrito por":"enequipo","Tiempo de lectura":"5 minutos"},"schema":{"@context":"https:\/\/schema.org","@graph":[{"@type":"Article","@id":"https:\/\/www.sonoraenequipo.com.mx\/imagen-dispara-las-maximas-alertas-por-el-cambio-climatico-en-groenlandia\/#article","isPartOf":{"@id":"https:\/\/www.sonoraenequipo.com.mx\/imagen-dispara-las-maximas-alertas-por-el-cambio-climatico-en-groenlandia\/"},"author":{"name":"enequipo","@id":"https:\/\/www.sonoraenequipo.com.mx\/#\/schema\/person\/50102df0fb23a8fa9e8effad8fa81386"},"headline":"Imagen dispara las m\u00e1ximas alertas por el cambio clim\u00e1tico en Groenlandia","datePublished":"2019-06-18T19:00:06+00:00","mainEntityOfPage":{"@id":"https:\/\/www.sonoraenequipo.com.mx\/imagen-dispara-las-maximas-alertas-por-el-cambio-climatico-en-groenlandia\/"},"wordCount":938,"commentCount":0,"publisher":{"@id":"https:\/\/www.sonoraenequipo.com.mx\/#organization"},"image":{"@id":"https:\/\/www.sonoraenequipo.com.mx\/imagen-dispara-las-maximas-alertas-por-el-cambio-climatico-en-groenlandia\/#primaryimage"},"thumbnailUrl":"https:\/\/www.sonoraenequipo.com.mx\/storage\/2019\/06\/Perros-calentamiento-Groenlandia-1_opt.jpg","articleSection":["Especiales"],"inLanguage":"es","potentialAction":[{"@type":"CommentAction","name":"Comment","target":["https:\/\/www.sonoraenequipo.com.mx\/imagen-dispara-las-maximas-alertas-por-el-cambio-climatico-en-groenlandia\/#respond"]}]},{"@type":"WebPage","@id":"https:\/\/www.sonoraenequipo.com.mx\/imagen-dispara-las-maximas-alertas-por-el-cambio-climatico-en-groenlandia\/","url":"https:\/\/www.sonoraenequipo.com.mx\/imagen-dispara-las-maximas-alertas-por-el-cambio-climatico-en-groenlandia\/","name":"Sonora en Equipo. Imagen dispara las m\u00e1ximas alertas por el cambio clim\u00e1tico en Groenlandia Especiales","isPartOf":{"@id":"https:\/\/www.sonoraenequipo.com.mx\/#website"},"primaryImageOfPage":{"@id":"https:\/\/www.sonoraenequipo.com.mx\/imagen-dispara-las-maximas-alertas-por-el-cambio-climatico-en-groenlandia\/#primaryimage"},"image":{"@id":"https:\/\/www.sonoraenequipo.com.mx\/imagen-dispara-las-maximas-alertas-por-el-cambio-climatico-en-groenlandia\/#primaryimage"},"thumbnailUrl":"https:\/\/www.sonoraenequipo.com.mx\/storage\/2019\/06\/Perros-calentamiento-Groenlandia-1_opt.jpg","datePublished":"2019-06-18T19:00:06+00:00","description":"GROELANDIA. \u2014 La imagen fue tomada el 13 de junio por Steffen Olsen, investigador del Centro de Oc\u00e9anos y Hielo del Instituto Meteorol\u00f3gico Dan\u00e9s. En el En Sonora en Equipo publicamos toda la informaci\u00f3n de Sonora, M\u00e9xico y el Mundo de manera oportuna y busca que la libertad de expresi\u00f3n sea real. Visita nuestro medio informativo publicado desde Hermosillo, Sonora. %","breadcrumb":{"@id":"https:\/\/www.sonoraenequipo.com.mx\/imagen-dispara-las-maximas-alertas-por-el-cambio-climatico-en-groenlandia\/#breadcrumb"},"inLanguage":"es","potentialAction":[{"@type":"ReadAction","target":["https:\/\/www.sonoraenequipo.com.mx\/imagen-dispara-las-maximas-alertas-por-el-cambio-climatico-en-groenlandia\/"]}]},{"@type":"ImageObject","inLanguage":"es","@id":"https:\/\/www.sonoraenequipo.com.mx\/imagen-dispara-las-maximas-alertas-por-el-cambio-climatico-en-groenlandia\/#primaryimage","url":"https:\/\/www.sonoraenequipo.com.mx\/storage\/2019\/06\/Perros-calentamiento-Groenlandia-1_opt.jpg","contentUrl":"https:\/\/www.sonoraenequipo.com.mx\/storage\/2019\/06\/Perros-calentamiento-Groenlandia-1_opt.jpg","width":711,"height":400},{"@type":"BreadcrumbList","@id":"https:\/\/www.sonoraenequipo.com.mx\/imagen-dispara-las-maximas-alertas-por-el-cambio-climatico-en-groenlandia\/#breadcrumb","itemListElement":[{"@type":"ListItem","position":1,"name":"Portada","item":"https:\/\/www.sonoraenequipo.com.mx\/"},{"@type":"ListItem","position":2,"name":"Imagen dispara las m\u00e1ximas alertas por el cambio clim\u00e1tico en Groenlandia"}]},{"@type":"WebSite","@id":"https:\/\/www.sonoraenequipo.com.mx\/#website","url":"https:\/\/www.sonoraenequipo.com.mx\/","name":"Sonora en Equipo.","description":"Diario en l\u00ednea con Noticias desde Hermosillo, Sonora","publisher":{"@id":"https:\/\/www.sonoraenequipo.com.mx\/#organization"},"potentialAction":[{"@type":"SearchAction","target":{"@type":"EntryPoint","urlTemplate":"https:\/\/www.sonoraenequipo.com.mx\/?s={search_term_string}"},"query-input":{"@type":"PropertyValueSpecification","valueRequired":true,"valueName":"search_term_string"}}],"inLanguage":"es"},{"@type":"Organization","@id":"https:\/\/www.sonoraenequipo.com.mx\/#organization","name":"Sonoraenequipo.com.mx","url":"https:\/\/www.sonoraenequipo.com.mx\/","logo":{"@type":"ImageObject","inLanguage":"es","@id":"https:\/\/www.sonoraenequipo.com.mx\/#\/schema\/logo\/image\/","url":"https:\/\/www.sonoraenequipo.com.mx\/storage\/2019\/01\/sonoraenequipo_opt.png","contentUrl":"https:\/\/www.sonoraenequipo.com.mx\/storage\/2019\/01\/sonoraenequipo_opt.png","width":375,"height":125,"caption":"Sonoraenequipo.com.mx"},"image":{"@id":"https:\/\/www.sonoraenequipo.com.mx\/#\/schema\/logo\/image\/"},"sameAs":["https:\/\/www.facebook.com\/SonoraEE\/","https:\/\/x.com\/sonoraenequipo","https:\/\/www.youtube.com\/channel\/UC338nW-lPEYmJQs4ZABQ1SQ"]},{"@type":"Person","@id":"https:\/\/www.sonoraenequipo.com.mx\/#\/schema\/person\/50102df0fb23a8fa9e8effad8fa81386","name":"enequipo","image":{"@type":"ImageObject","inLanguage":"es","@id":"https:\/\/www.sonoraenequipo.com.mx\/#\/schema\/person\/image\/","url":"https:\/\/secure.gravatar.com\/avatar\/049821681b589dabc0bc20695993ccebb09f5b5d4d790cd9251b97faac7c652b?s=96&d=blank&r=g","contentUrl":"https:\/\/secure.gravatar.com\/avatar\/049821681b589dabc0bc20695993ccebb09f5b5d4d790cd9251b97faac7c652b?s=96&d=blank&r=g","caption":"enequipo"},"sameAs":["https:\/\/www.facebook.com\/SonoraEE"]}]}},"jetpack_featured_media_url":"https:\/\/www.sonoraenequipo.com.mx\/storage\/2019\/06\/Perros-calentamiento-Groenlandia-1_opt.jpg","_links":{"self":[{"href":"https:\/\/www.sonoraenequipo.com.mx\/api\/wp\/v2\/posts\/62471","targetHints":{"allow":["GET"]}}],"collection":[{"href":"https:\/\/www.sonoraenequipo.com.mx\/api\/wp\/v2\/posts"}],"about":[{"href":"https:\/\/www.sonoraenequipo.com.mx\/api\/wp\/v2\/types\/post"}],"author":[{"embeddable":true,"href":"https:\/\/www.sonoraenequipo.com.mx\/api\/wp\/v2\/users\/1"}],"replies":[{"embeddable":true,"href":"https:\/\/www.sonoraenequipo.com.mx\/api\/wp\/v2\/comments?post=62471"}],"version-history":[{"count":0,"href":"https:\/\/www.sonoraenequipo.com.mx\/api\/wp\/v2\/posts\/62471\/revisions"}],"wp:featuredmedia":[{"embeddable":true,"href":"https:\/\/www.sonoraenequipo.com.mx\/api\/wp\/v2\/media\/62473"}],"wp:attachment":[{"href":"https:\/\/www.sonoraenequipo.com.mx\/api\/wp\/v2\/media?parent=62471"}],"wp:term":[{"taxonomy":"category","embeddable":true,"href":"https:\/\/www.sonoraenequipo.com.mx\/api\/wp\/v2\/categories?post=62471"},{"taxonomy":"post_tag","embeddable":true,"href":"https:\/\/www.sonoraenequipo.com.mx\/api\/wp\/v2\/tags?post=62471"}],"curies":[{"name":"wp","href":"https:\/\/api.w.org\/{rel}","templated":true}]}}