{"id":62492,"date":"2019-06-18T10:51:18","date_gmt":"2019-06-18T17:51:18","guid":{"rendered":"http:\/\/www.sonoraenequipo.com.mx\/?p=62492"},"modified":"2019-06-18T10:51:18","modified_gmt":"2019-06-18T17:51:18","slug":"el-vaticano-abre-debate-sobre-ordenar-hombres-casados-como-sacerdotes","status":"publish","type":"post","link":"https:\/\/www.sonoraenequipo.com.mx\/el-vaticano-abre-debate-sobre-ordenar-hombres-casados-como-sacerdotes\/","title":{"rendered":"El Vaticano abre debate sobre ordenar hombres casados como sacerdotes"},"content":{"rendered":"<p>&nbsp;<\/p>\n<p>NUEVA YORK ESTADOS UNIDOS.- El diario The New York Times inform\u00f3 hoy que\u00a0 El Vaticano contempla la posibilidad de ordenar sacerdotes a hombres casados mediante el sistema viri probati que significa hombres de car\u00e1cter probado la medida se implementar\u00eda en zonas alejadas de la amazonia\u00a0 en Brasil.<\/p>\n<p>La preocupaci\u00f3n de los \u00a0tradicionalistas es\u00a0 que se dar\u00eda un paso para que hombres casados tambi\u00e9n puedan practicar el sacerdocio en otras partes del mundo., quienes defienden la medida consideran que el Papa est\u00e1 pensando en lo local.<\/p>\n<p>De hecho El papa Francisco hab\u00eda dicho antes que considerar\u00eda la posibilidad de hacer la ordenaci\u00f3n viri probati en \u00e1reas aisladas donde de \u00a0no hay acceso a los sacramentos. Sin embargo, tambi\u00e9n ha dejado claro que el compromiso del sacerdocio con el celibato se mantiene intacto.<\/p>\n<p>Fecha de \u00a0publicaci\u00f3n 18\/06\/2019<\/p>\n","protected":false},"excerpt":{"rendered":"<p>&nbsp; NUEVA YORK ESTADOS UNIDOS.- El diario The New York Times inform\u00f3 hoy que\u00a0 El&#8230;<\/p>\n","protected":false},"author":178,"featured_media":62493,"comment_status":"open","ping_status":"open","sticky":false,"template":"","format":"standard","meta":{"_monsterinsights_skip_tracking":false,"_monsterinsights_sitenote_active":false,"_monsterinsights_sitenote_note":"","_monsterinsights_sitenote_category":0,"footnotes":""},"categories":[3],"tags":[3193,3192,579],"class_list":["post"],"yoast_head":" \n<title>Sonora en Equipo. El Vaticano abre debate sobre ordenar hombres casados como sacerdotes MUNDO<\/title>\n<meta name=\"description\" content=\"&nbsp; NUEVA YORK ESTADOS UNIDOS.- El diario The New York Times inform\u00f3 hoy que\u00a0 El Vaticano contempla la posibilidad de ordenar sacerdotes a hombres En Sonora en Equipo publicamos toda la informaci\u00f3n de Sonora, M\u00e9xico y el Mundo de manera oportuna y busca que la libertad de expresi\u00f3n sea real. Visita nuestro medio informativo publicado desde Hermosillo, Sonora. %\" \/>\n<meta name=\"robots\" content=\"index, follow, max-snippet:-1, max-image-preview:large, max-video-preview:-1\" \/>\n<link rel=\"canonical\" href=\"https:\/\/www.sonoraenequipo.com.mx\/el-vaticano-abre-debate-sobre-ordenar-hombres-casados-como-sacerdotes\/\" \/>\n<meta property=\"og:locale\" content=\"es_ES\" \/>\n<meta property=\"og:type\" content=\"article\" \/>\n<meta property=\"og:title\" content=\"Sonora en Equipo. El Vaticano abre debate sobre ordenar hombres casados como sacerdotes MUNDO\" \/>\n<meta property=\"og:description\" content=\"&nbsp; NUEVA YORK ESTADOS UNIDOS.- El diario The New York Times inform\u00f3 hoy que\u00a0 El Vaticano contempla la posibilidad de ordenar sacerdotes a hombres En Sonora en Equipo publicamos toda la informaci\u00f3n de Sonora, M\u00e9xico y el Mundo de manera oportuna y busca que la libertad de expresi\u00f3n sea real. Visita nuestro medio informativo publicado desde Hermosillo, Sonora. %\" \/>\n<meta property=\"og:url\" content=\"https:\/\/www.sonoraenequipo.com.mx\/el-vaticano-abre-debate-sobre-ordenar-hombres-casados-como-sacerdotes\/\" \/>\n<meta property=\"og:site_name\" content=\"Sonora en Equipo.\" \/>\n<meta property=\"article:publisher\" content=\"https:\/\/www.facebook.com\/SonoraEE\/\" \/>\n<meta property=\"article:published_time\" content=\"2019-06-18T17:51:18+00:00\" \/>\n<meta property=\"og:image\" content=\"https:\/\/www.sonoraenequipo.com.mx\/storage\/2019\/06\/papa-fco.jpg\" \/>\n\t<meta property=\"og:image:width\" content=\"500\" \/>\n\t<meta property=\"og:image:height\" content=\"311\" \/>\n\t<meta property=\"og:image:type\" content=\"image\/jpeg\" \/>\n<meta name=\"author\" content=\"enequipo\" \/>\n<meta name=\"twitter:card\" content=\"summary_large_image\" \/>\n<meta name=\"twitter:creator\" content=\"@sonoraenequipo\" \/>\n<meta name=\"twitter:site\" content=\"@sonoraenequipo\" \/>\n<meta name=\"twitter:label1\" content=\"Escrito por\" \/>\n\t<meta name=\"twitter:data1\" content=\"enequipo\" \/>\n\t<meta name=\"twitter:label2\" content=\"Tiempo de lectura\" \/>\n\t<meta name=\"twitter:data2\" content=\"1 minuto\" \/>\n<script type=\"application\/ld+json\" class=\"yoast-schema-graph\">{\"@context\":\"https:\/\/schema.org\",\"@graph\":[{\"@type\":\"Article\",\"@id\":\"https:\/\/www.sonoraenequipo.com.mx\/el-vaticano-abre-debate-sobre-ordenar-hombres-casados-como-sacerdotes\/#article\",\"isPartOf\":{\"@id\":\"https:\/\/www.sonoraenequipo.com.mx\/el-vaticano-abre-debate-sobre-ordenar-hombres-casados-como-sacerdotes\/\"},\"author\":{\"name\":\"enequipo\",\"@id\":\"https:\/\/www.sonoraenequipo.com.mx\/#\/schema\/person\/61a39de478a1763473ad55e8a95fddf6\"},\"headline\":\"El Vaticano abre debate sobre ordenar hombres casados como sacerdotes\",\"datePublished\":\"2019-06-18T17:51:18+00:00\",\"mainEntityOfPage\":{\"@id\":\"https:\/\/www.sonoraenequipo.com.mx\/el-vaticano-abre-debate-sobre-ordenar-hombres-casados-como-sacerdotes\/\"},\"wordCount\":156,\"commentCount\":0,\"publisher\":{\"@id\":\"https:\/\/www.sonoraenequipo.com.mx\/#organization\"},\"image\":{\"@id\":\"https:\/\/www.sonoraenequipo.com.mx\/el-vaticano-abre-debate-sobre-ordenar-hombres-casados-como-sacerdotes\/#primaryimage\"},\"thumbnailUrl\":\"https:\/\/www.sonoraenequipo.com.mx\/storage\/2019\/06\/papa-fco.jpg\",\"keywords\":[\"celibato\",\"El Vaticano hombres casados\",\"PAPA FRANCISCO\"],\"articleSection\":[\"MUNDO\"],\"inLanguage\":\"es\",\"potentialAction\":[{\"@type\":\"CommentAction\",\"name\":\"Comment\",\"target\":[\"https:\/\/www.sonoraenequipo.com.mx\/el-vaticano-abre-debate-sobre-ordenar-hombres-casados-como-sacerdotes\/#respond\"]}]},{\"@type\":\"WebPage\",\"@id\":\"https:\/\/www.sonoraenequipo.com.mx\/el-vaticano-abre-debate-sobre-ordenar-hombres-casados-como-sacerdotes\/\",\"url\":\"https:\/\/www.sonoraenequipo.com.mx\/el-vaticano-abre-debate-sobre-ordenar-hombres-casados-como-sacerdotes\/\",\"name\":\"Sonora en Equipo. El Vaticano abre debate sobre ordenar hombres casados como sacerdotes MUNDO\",\"isPartOf\":{\"@id\":\"https:\/\/www.sonoraenequipo.com.mx\/#website\"},\"primaryImageOfPage\":{\"@id\":\"https:\/\/www.sonoraenequipo.com.mx\/el-vaticano-abre-debate-sobre-ordenar-hombres-casados-como-sacerdotes\/#primaryimage\"},\"image\":{\"@id\":\"https:\/\/www.sonoraenequipo.com.mx\/el-vaticano-abre-debate-sobre-ordenar-hombres-casados-como-sacerdotes\/#primaryimage\"},\"thumbnailUrl\":\"https:\/\/www.sonoraenequipo.com.mx\/storage\/2019\/06\/papa-fco.jpg\",\"datePublished\":\"2019-06-18T17:51:18+00:00\",\"description\":\"&nbsp; NUEVA YORK ESTADOS UNIDOS.- El diario The New York Times inform\u00f3 hoy que\u00a0 El Vaticano contempla la posibilidad de ordenar sacerdotes a hombres En Sonora en Equipo publicamos toda la informaci\u00f3n de Sonora, M\u00e9xico y el Mundo de manera oportuna y busca que la libertad de expresi\u00f3n sea real. Visita nuestro medio informativo publicado desde Hermosillo, Sonora. %\",\"breadcrumb\":{\"@id\":\"https:\/\/www.sonoraenequipo.com.mx\/el-vaticano-abre-debate-sobre-ordenar-hombres-casados-como-sacerdotes\/#breadcrumb\"},\"inLanguage\":\"es\",\"potentialAction\":[{\"@type\":\"ReadAction\",\"target\":[\"https:\/\/www.sonoraenequipo.com.mx\/el-vaticano-abre-debate-sobre-ordenar-hombres-casados-como-sacerdotes\/\"]}]},{\"@type\":\"ImageObject\",\"inLanguage\":\"es\",\"@id\":\"https:\/\/www.sonoraenequipo.com.mx\/el-vaticano-abre-debate-sobre-ordenar-hombres-casados-como-sacerdotes\/#primaryimage\",\"url\":\"https:\/\/www.sonoraenequipo.com.mx\/storage\/2019\/06\/papa-fco.jpg\",\"contentUrl\":\"https:\/\/www.sonoraenequipo.com.mx\/storage\/2019\/06\/papa-fco.jpg\",\"width\":500,\"height\":311},{\"@type\":\"BreadcrumbList\",\"@id\":\"https:\/\/www.sonoraenequipo.com.mx\/el-vaticano-abre-debate-sobre-ordenar-hombres-casados-como-sacerdotes\/#breadcrumb\",\"itemListElement\":[{\"@type\":\"ListItem\",\"position\":1,\"name\":\"Portada\",\"item\":\"https:\/\/www.sonoraenequipo.com.mx\/\"},{\"@type\":\"ListItem\",\"position\":2,\"name\":\"El Vaticano abre debate sobre ordenar hombres casados como sacerdotes\"}]},{\"@type\":\"WebSite\",\"@id\":\"https:\/\/www.sonoraenequipo.com.mx\/#website\",\"url\":\"https:\/\/www.sonoraenequipo.com.mx\/\",\"name\":\"Sonora en Equipo.\",\"description\":\"Diario en l\u00ednea con Noticias desde Hermosillo, Sonora\",\"publisher\":{\"@id\":\"https:\/\/www.sonoraenequipo.com.mx\/#organization\"},\"potentialAction\":[{\"@type\":\"SearchAction\",\"target\":{\"@type\":\"EntryPoint\",\"urlTemplate\":\"https:\/\/www.sonoraenequipo.com.mx\/?s={search_term_string}\"},\"query-input\":{\"@type\":\"PropertyValueSpecification\",\"valueRequired\":true,\"valueName\":\"search_term_string\"}}],\"inLanguage\":\"es\"},{\"@type\":\"Organization\",\"@id\":\"https:\/\/www.sonoraenequipo.com.mx\/#organization\",\"name\":\"Sonoraenequipo.com.mx\",\"url\":\"https:\/\/www.sonoraenequipo.com.mx\/\",\"logo\":{\"@type\":\"ImageObject\",\"inLanguage\":\"es\",\"@id\":\"https:\/\/www.sonoraenequipo.com.mx\/#\/schema\/logo\/image\/\",\"url\":\"https:\/\/www.sonoraenequipo.com.mx\/storage\/2019\/01\/sonoraenequipo_opt.png\",\"contentUrl\":\"https:\/\/www.sonoraenequipo.com.mx\/storage\/2019\/01\/sonoraenequipo_opt.png\",\"width\":375,\"height\":125,\"caption\":\"Sonoraenequipo.com.mx\"},\"image\":{\"@id\":\"https:\/\/www.sonoraenequipo.com.mx\/#\/schema\/logo\/image\/\"},\"sameAs\":[\"https:\/\/www.facebook.com\/SonoraEE\/\",\"https:\/\/x.com\/sonoraenequipo\",\"https:\/\/www.youtube.com\/channel\/UC338nW-lPEYmJQs4ZABQ1SQ\"]},{\"@type\":\"Person\",\"@id\":\"https:\/\/www.sonoraenequipo.com.mx\/#\/schema\/person\/61a39de478a1763473ad55e8a95fddf6\",\"name\":\"enequipo\",\"image\":{\"@type\":\"ImageObject\",\"inLanguage\":\"es\",\"@id\":\"https:\/\/www.sonoraenequipo.com.mx\/#\/schema\/person\/image\/\",\"url\":\"https:\/\/secure.gravatar.com\/avatar\/e39bc3016d8af598aed3d770c9510dfc2795f37ea1733d99fcc6e97d2c3c9f5e?s=96&d=blank&r=g\",\"contentUrl\":\"https:\/\/secure.gravatar.com\/avatar\/e39bc3016d8af598aed3d770c9510dfc2795f37ea1733d99fcc6e97d2c3c9f5e?s=96&d=blank&r=g\",\"caption\":\"enequipo\"}}]}<\/script>\n ","yoast_head_json":{"title":"Sonora en Equipo. El Vaticano abre debate sobre ordenar hombres casados como sacerdotes MUNDO","description":"&nbsp; NUEVA YORK ESTADOS UNIDOS.- El diario The New York Times inform\u00f3 hoy que\u00a0 El Vaticano contempla la posibilidad de ordenar sacerdotes a hombres En Sonora en Equipo publicamos toda la informaci\u00f3n de Sonora, M\u00e9xico y el Mundo de manera oportuna y busca que la libertad de expresi\u00f3n sea real. Visita nuestro medio informativo publicado desde Hermosillo, Sonora. %","robots":{"index":"index","follow":"follow","max-snippet":"max-snippet:-1","max-image-preview":"max-image-preview:large","max-video-preview":"max-video-preview:-1"},"canonical":"https:\/\/www.sonoraenequipo.com.mx\/el-vaticano-abre-debate-sobre-ordenar-hombres-casados-como-sacerdotes\/","og_locale":"es_ES","og_type":"article","og_title":"Sonora en Equipo. El Vaticano abre debate sobre ordenar hombres casados como sacerdotes MUNDO","og_description":"&nbsp; NUEVA YORK ESTADOS UNIDOS.- El diario The New York Times inform\u00f3 hoy que\u00a0 El Vaticano contempla la posibilidad de ordenar sacerdotes a hombres En Sonora en Equipo publicamos toda la informaci\u00f3n de Sonora, M\u00e9xico y el Mundo de manera oportuna y busca que la libertad de expresi\u00f3n sea real. Visita nuestro medio informativo publicado desde Hermosillo, Sonora. %","og_url":"https:\/\/www.sonoraenequipo.com.mx\/el-vaticano-abre-debate-sobre-ordenar-hombres-casados-como-sacerdotes\/","og_site_name":"Sonora en Equipo.","article_publisher":"https:\/\/www.facebook.com\/SonoraEE\/","article_published_time":"2019-06-18T17:51:18+00:00","og_image":[{"width":500,"height":311,"url":"https:\/\/www.sonoraenequipo.com.mx\/storage\/2019\/06\/papa-fco.jpg","type":"image\/jpeg"}],"author":"enequipo","twitter_card":"summary_large_image","twitter_creator":"@sonoraenequipo","twitter_site":"@sonoraenequipo","twitter_misc":{"Escrito por":"enequipo","Tiempo de lectura":"1 minuto"},"schema":{"@context":"https:\/\/schema.org","@graph":[{"@type":"Article","@id":"https:\/\/www.sonoraenequipo.com.mx\/el-vaticano-abre-debate-sobre-ordenar-hombres-casados-como-sacerdotes\/#article","isPartOf":{"@id":"https:\/\/www.sonoraenequipo.com.mx\/el-vaticano-abre-debate-sobre-ordenar-hombres-casados-como-sacerdotes\/"},"author":{"name":"enequipo","@id":"https:\/\/www.sonoraenequipo.com.mx\/#\/schema\/person\/61a39de478a1763473ad55e8a95fddf6"},"headline":"El Vaticano abre debate sobre ordenar hombres casados como sacerdotes","datePublished":"2019-06-18T17:51:18+00:00","mainEntityOfPage":{"@id":"https:\/\/www.sonoraenequipo.com.mx\/el-vaticano-abre-debate-sobre-ordenar-hombres-casados-como-sacerdotes\/"},"wordCount":156,"commentCount":0,"publisher":{"@id":"https:\/\/www.sonoraenequipo.com.mx\/#organization"},"image":{"@id":"https:\/\/www.sonoraenequipo.com.mx\/el-vaticano-abre-debate-sobre-ordenar-hombres-casados-como-sacerdotes\/#primaryimage"},"thumbnailUrl":"https:\/\/www.sonoraenequipo.com.mx\/storage\/2019\/06\/papa-fco.jpg","keywords":["celibato","El Vaticano hombres casados","PAPA FRANCISCO"],"articleSection":["MUNDO"],"inLanguage":"es","potentialAction":[{"@type":"CommentAction","name":"Comment","target":["https:\/\/www.sonoraenequipo.com.mx\/el-vaticano-abre-debate-sobre-ordenar-hombres-casados-como-sacerdotes\/#respond"]}]},{"@type":"WebPage","@id":"https:\/\/www.sonoraenequipo.com.mx\/el-vaticano-abre-debate-sobre-ordenar-hombres-casados-como-sacerdotes\/","url":"https:\/\/www.sonoraenequipo.com.mx\/el-vaticano-abre-debate-sobre-ordenar-hombres-casados-como-sacerdotes\/","name":"Sonora en Equipo. El Vaticano abre debate sobre ordenar hombres casados como sacerdotes MUNDO","isPartOf":{"@id":"https:\/\/www.sonoraenequipo.com.mx\/#website"},"primaryImageOfPage":{"@id":"https:\/\/www.sonoraenequipo.com.mx\/el-vaticano-abre-debate-sobre-ordenar-hombres-casados-como-sacerdotes\/#primaryimage"},"image":{"@id":"https:\/\/www.sonoraenequipo.com.mx\/el-vaticano-abre-debate-sobre-ordenar-hombres-casados-como-sacerdotes\/#primaryimage"},"thumbnailUrl":"https:\/\/www.sonoraenequipo.com.mx\/storage\/2019\/06\/papa-fco.jpg","datePublished":"2019-06-18T17:51:18+00:00","description":"&nbsp; NUEVA YORK ESTADOS UNIDOS.- El diario The New York Times inform\u00f3 hoy que\u00a0 El Vaticano contempla la posibilidad de ordenar sacerdotes a hombres En Sonora en Equipo publicamos toda la informaci\u00f3n de Sonora, M\u00e9xico y el Mundo de manera oportuna y busca que la libertad de expresi\u00f3n sea real. Visita nuestro medio informativo publicado desde Hermosillo, Sonora. %","breadcrumb":{"@id":"https:\/\/www.sonoraenequipo.com.mx\/el-vaticano-abre-debate-sobre-ordenar-hombres-casados-como-sacerdotes\/#breadcrumb"},"inLanguage":"es","potentialAction":[{"@type":"ReadAction","target":["https:\/\/www.sonoraenequipo.com.mx\/el-vaticano-abre-debate-sobre-ordenar-hombres-casados-como-sacerdotes\/"]}]},{"@type":"ImageObject","inLanguage":"es","@id":"https:\/\/www.sonoraenequipo.com.mx\/el-vaticano-abre-debate-sobre-ordenar-hombres-casados-como-sacerdotes\/#primaryimage","url":"https:\/\/www.sonoraenequipo.com.mx\/storage\/2019\/06\/papa-fco.jpg","contentUrl":"https:\/\/www.sonoraenequipo.com.mx\/storage\/2019\/06\/papa-fco.jpg","width":500,"height":311},{"@type":"BreadcrumbList","@id":"https:\/\/www.sonoraenequipo.com.mx\/el-vaticano-abre-debate-sobre-ordenar-hombres-casados-como-sacerdotes\/#breadcrumb","itemListElement":[{"@type":"ListItem","position":1,"name":"Portada","item":"https:\/\/www.sonoraenequipo.com.mx\/"},{"@type":"ListItem","position":2,"name":"El Vaticano abre debate sobre ordenar hombres casados como sacerdotes"}]},{"@type":"WebSite","@id":"https:\/\/www.sonoraenequipo.com.mx\/#website","url":"https:\/\/www.sonoraenequipo.com.mx\/","name":"Sonora en Equipo.","description":"Diario en l\u00ednea con Noticias desde Hermosillo, Sonora","publisher":{"@id":"https:\/\/www.sonoraenequipo.com.mx\/#organization"},"potentialAction":[{"@type":"SearchAction","target":{"@type":"EntryPoint","urlTemplate":"https:\/\/www.sonoraenequipo.com.mx\/?s={search_term_string}"},"query-input":{"@type":"PropertyValueSpecification","valueRequired":true,"valueName":"search_term_string"}}],"inLanguage":"es"},{"@type":"Organization","@id":"https:\/\/www.sonoraenequipo.com.mx\/#organization","name":"Sonoraenequipo.com.mx","url":"https:\/\/www.sonoraenequipo.com.mx\/","logo":{"@type":"ImageObject","inLanguage":"es","@id":"https:\/\/www.sonoraenequipo.com.mx\/#\/schema\/logo\/image\/","url":"https:\/\/www.sonoraenequipo.com.mx\/storage\/2019\/01\/sonoraenequipo_opt.png","contentUrl":"https:\/\/www.sonoraenequipo.com.mx\/storage\/2019\/01\/sonoraenequipo_opt.png","width":375,"height":125,"caption":"Sonoraenequipo.com.mx"},"image":{"@id":"https:\/\/www.sonoraenequipo.com.mx\/#\/schema\/logo\/image\/"},"sameAs":["https:\/\/www.facebook.com\/SonoraEE\/","https:\/\/x.com\/sonoraenequipo","https:\/\/www.youtube.com\/channel\/UC338nW-lPEYmJQs4ZABQ1SQ"]},{"@type":"Person","@id":"https:\/\/www.sonoraenequipo.com.mx\/#\/schema\/person\/61a39de478a1763473ad55e8a95fddf6","name":"enequipo","image":{"@type":"ImageObject","inLanguage":"es","@id":"https:\/\/www.sonoraenequipo.com.mx\/#\/schema\/person\/image\/","url":"https:\/\/secure.gravatar.com\/avatar\/e39bc3016d8af598aed3d770c9510dfc2795f37ea1733d99fcc6e97d2c3c9f5e?s=96&d=blank&r=g","contentUrl":"https:\/\/secure.gravatar.com\/avatar\/e39bc3016d8af598aed3d770c9510dfc2795f37ea1733d99fcc6e97d2c3c9f5e?s=96&d=blank&r=g","caption":"enequipo"}}]}},"jetpack_featured_media_url":"https:\/\/www.sonoraenequipo.com.mx\/storage\/2019\/06\/papa-fco.jpg","_links":{"self":[{"href":"https:\/\/www.sonoraenequipo.com.mx\/api\/wp\/v2\/posts\/62492","targetHints":{"allow":["GET"]}}],"collection":[{"href":"https:\/\/www.sonoraenequipo.com.mx\/api\/wp\/v2\/posts"}],"about":[{"href":"https:\/\/www.sonoraenequipo.com.mx\/api\/wp\/v2\/types\/post"}],"author":[{"embeddable":true,"href":"https:\/\/www.sonoraenequipo.com.mx\/api\/wp\/v2\/users\/178"}],"replies":[{"embeddable":true,"href":"https:\/\/www.sonoraenequipo.com.mx\/api\/wp\/v2\/comments?post=62492"}],"version-history":[{"count":0,"href":"https:\/\/www.sonoraenequipo.com.mx\/api\/wp\/v2\/posts\/62492\/revisions"}],"wp:featuredmedia":[{"embeddable":true,"href":"https:\/\/www.sonoraenequipo.com.mx\/api\/wp\/v2\/media\/62493"}],"wp:attachment":[{"href":"https:\/\/www.sonoraenequipo.com.mx\/api\/wp\/v2\/media?parent=62492"}],"wp:term":[{"taxonomy":"category","embeddable":true,"href":"https:\/\/www.sonoraenequipo.com.mx\/api\/wp\/v2\/categories?post=62492"},{"taxonomy":"post_tag","embeddable":true,"href":"https:\/\/www.sonoraenequipo.com.mx\/api\/wp\/v2\/tags?post=62492"}],"curies":[{"name":"wp","href":"https:\/\/api.w.org\/{rel}","templated":true}]}}