{"id":62495,"date":"2019-06-18T11:29:29","date_gmt":"2019-06-18T18:29:29","guid":{"rendered":"http:\/\/www.sonoraenequipo.com.mx\/?p=62495"},"modified":"2019-06-18T11:29:29","modified_gmt":"2019-06-18T18:29:29","slug":"detienen-a-platini-en-investigacion-por-el-mundial-de-2022","status":"publish","type":"post","link":"https:\/\/www.sonoraenequipo.com.mx\/detienen-a-platini-en-investigacion-por-el-mundial-de-2022\/","title":{"rendered":"Detienen a Platini en investigaci\u00f3n por el Mundial de 2022"},"content":{"rendered":"<p>PAR\u00cdS FRANCIA.- El expresidente de la UEFA y exfutbolista franc\u00e9s, Michel Platini, fue interrogado por la polic\u00eda el martes luego de haber sido detenido en relaci\u00f3n con la concesi\u00f3n del Mundial de 2022 a Qatar, dijo un funcionario judicial. <\/p>\n<p>&nbsp;<\/p>\n<p>Confirmando un reporte publicado en internet por Mediapart, el funcionario se\u00f1al\u00f3 que Platini fue arrestado el martes por la ma\u00f1ana cuando fue citado por la Oficina Anticorrupci\u00f3n de la Polic\u00eda Judicial en las afueras de Par\u00eds. El funcionario habl\u00f3 bajo condici\u00f3n de anonimato debido a que no estaba autorizado para discutir p\u00fablicamente una investigaci\u00f3n en curso.<\/p>\n<p>&nbsp;<\/p>\n<p>Platini, exastro del f\u00fatbol franc\u00e9s, enfrenta dos caminos: ser puesto en libertad o que las autoridades le presenten cargos formales. Ha rechazado haber cometido alguna acci\u00f3n ilegal en el caso relacionado con la votaci\u00f3n que le dio la Copa del Mundo de 2022 a Qatar.<\/p>\n<p>&nbsp;<\/p>\n<p>Lea: Platini dejar\u00e1 presidencia de la UEFA.<\/p>\n<p>&nbsp;<\/p>\n<p>Su equipo de relaciones p\u00fablicas dijo que el expresidente de la UEFA est\u00e1 \u201cabsolutamente confiado\u201d y no tiene \u201cnada que reprocharse\u201d.<\/p>\n<p>&nbsp;<\/p>\n<p>Las autoridades tambi\u00e9n detuvieron el martes a Sophie Dion, que fungi\u00f3 como asesora de deportes de Nicolas Sarkozy durante su presidencia, agreg\u00f3 el funcionario. Claude Gueant, exsecretario general del El\u00edseo con Sarkozy, tambi\u00e9n fue interrogado por los investigadores como testigo, pero no fue arrestado.<\/p>\n<p>&nbsp;<\/p>\n<p>Los fiscales financieros franceses han estado revisando el proceso de adjudicaci\u00f3n de los Mundiales de 2018 y 2022, y ya hab\u00edan interrogado al expresidente de la FIFA Joseph Blatter. La fiscal\u00eda financiera abri\u00f3 una investigaci\u00f3n por posible corrupci\u00f3n privada, asociaci\u00f3n para delinquir, tr\u00e1fico de influencias y por beneficiarse de ese tr\u00e1fico de influencias en relaci\u00f3n con las justas de 2018 y 2022, otorgadas a Rusia y Qatar, respectivamente.<\/p>\n<p>&nbsp;<\/p>\n<p>La FIFA dijo que est\u00e1 al tanto de la situaci\u00f3n de Platini, pero rechaz\u00f3 comentar m\u00e1s al respecto.<\/p>\n<p>&nbsp;<\/p>\n<p>El abogado y asesor de Platini no respondi\u00f3 de inmediato a los mensajes de The Associated Press pidiendo comentarios.<\/p>\n<p>&nbsp;<\/p>\n<p>Gran parte de la trama se centra en la decisi\u00f3n de Platini de votar por Qatar.<\/p>\n<p>&nbsp;<\/p>\n<p>Blatter, que presid\u00eda la FIFA en el momento de la votaci\u00f3n en 2010, culp\u00f3 a Platini de renegar de un \u201cpacto de caballeros\u201d secreto para conceder el m\u00e1ximo torneo de selecciones a Estados Unidos.<\/p>\n<p>&nbsp;<\/p>\n<p>Platini dijo a la AP en 2015 que \u201cpodr\u00eda haber comentado\u201d a las autoridades estadounidenses que votar\u00eda por su candidatura. Sin embargo, cambi\u00f3 de opini\u00f3n tras una reuni\u00f3n en noviembre de 2010, auspiciada por el entonces presidente galo Nicolas Sarkozy en su residencia oficial en Par\u00eds, a la que asisti\u00f3 el pr\u00edncipe heredero de Qatar, ahora emir, Tamin bin Hamad al-Thani.<\/p>\n<p>&nbsp;<\/p>\n<p>Platini ha insistido en que esa reuni\u00f3n no influy\u00f3 en su voto hacia Qatar menos de dos semanas despu\u00e9s.<\/p>\n<p>&nbsp;<\/p>\n<p>\u201cSarkozy nunca me pidi\u00f3 votar por Qatar, pero yo sab\u00eda que iba a ser bueno\u201d, cont\u00f3 a la AP en 2015.<\/p>\n<p>&nbsp;<\/p>\n<p>Durante una entrevista tambi\u00e9n en 2015 con Financial Times, Blatter dijo que antes de la votaci\u00f3n Platini le dijo: \u201cYa no estoy en tu bando porque el jefe del Estado me ha dicho que deber\u00edamos considerar la situaci\u00f3n de Francia\u201d.<\/p>\n<p>&nbsp;<\/p>\n<p>Tanto Platini como Blatter fueron destituidos de sus cargos al frente del f\u00fatbol europeo y mundial en 2015. La FIFA vet\u00f3 a Platini por mala gesti\u00f3n financiera en relaci\u00f3n con un pago de dos millones de d\u00f3lares autorizados por Blatter. Est\u00e1 previsto que la suspensi\u00f3n expire en octubre.<\/p>\n<p>&nbsp;<\/p>\n<p>Los m\u00e9todos de Qatar para llevar a la Copa del Mundo a Oriente Medio por primera vez en la historia han sido investigados por la FIFA. El abogado estadounidense Michael Garc\u00eda hall\u00f3 que parte de las pr\u00e1cticas qatar\u00edes \u201cpodr\u00edan no haber cumplido los est\u00e1ndares\u201d requeridos por la FIFA, pero concluy\u00f3 que no hab\u00eda \u201cevidencias de ninguna actividad inapropiada por parte del equipo de la candidatura\u201d.<\/p>\n<p>Fecha de publicaci\u00f3n 18\/06\/2019(Voz de Am\u00e9rica)<\/p>\n","protected":false},"excerpt":{"rendered":"<p>PAR\u00cdS FRANCIA.- El expresidente de la UEFA y exfutbolista franc\u00e9s, Michel Platini, fue interrogado por&#8230;<\/p>\n","protected":false},"author":178,"featured_media":62496,"comment_status":"open","ping_status":"open","sticky":false,"template":"","format":"standard","meta":{"_monsterinsights_skip_tracking":false,"_monsterinsights_sitenote_active":false,"_monsterinsights_sitenote_note":"","_monsterinsights_sitenote_category":0,"footnotes":""},"categories":[10],"tags":[3194,3195,3196],"class_list":["post"],"yoast_head":" \n<title>Sonora en Equipo. Detienen a Platini en investigaci\u00f3n por el Mundial de 2022 Deportes<\/title>\n<meta name=\"description\" content=\"PAR\u00cdS FRANCIA.- El expresidente de la UEFA y exfutbolista franc\u00e9s, Michel Platini, fue interrogado por la polic\u00eda el martes luego de haber sido detenido En Sonora en Equipo publicamos toda la informaci\u00f3n de Sonora, M\u00e9xico y el Mundo de manera oportuna y busca que la libertad de expresi\u00f3n sea real. Visita nuestro medio informativo publicado desde Hermosillo, Sonora. %\" \/>\n<meta name=\"robots\" content=\"index, follow, max-snippet:-1, max-image-preview:large, max-video-preview:-1\" \/>\n<link rel=\"canonical\" href=\"https:\/\/www.sonoraenequipo.com.mx\/detienen-a-platini-en-investigacion-por-el-mundial-de-2022\/\" \/>\n<meta property=\"og:locale\" content=\"es_ES\" \/>\n<meta property=\"og:type\" content=\"article\" \/>\n<meta property=\"og:title\" content=\"Sonora en Equipo. Detienen a Platini en investigaci\u00f3n por el Mundial de 2022 Deportes\" \/>\n<meta property=\"og:description\" content=\"PAR\u00cdS FRANCIA.- El expresidente de la UEFA y exfutbolista franc\u00e9s, Michel Platini, fue interrogado por la polic\u00eda el martes luego de haber sido detenido En Sonora en Equipo publicamos toda la informaci\u00f3n de Sonora, M\u00e9xico y el Mundo de manera oportuna y busca que la libertad de expresi\u00f3n sea real. Visita nuestro medio informativo publicado desde Hermosillo, Sonora. %\" \/>\n<meta property=\"og:url\" content=\"https:\/\/www.sonoraenequipo.com.mx\/detienen-a-platini-en-investigacion-por-el-mundial-de-2022\/\" \/>\n<meta property=\"og:site_name\" content=\"Sonora en Equipo.\" \/>\n<meta property=\"article:publisher\" content=\"https:\/\/www.facebook.com\/SonoraEE\/\" \/>\n<meta property=\"article:published_time\" content=\"2019-06-18T18:29:29+00:00\" \/>\n<meta property=\"og:image\" content=\"https:\/\/www.sonoraenequipo.com.mx\/storage\/2019\/06\/platini2.jpg\" \/>\n\t<meta property=\"og:image:width\" content=\"450\" \/>\n\t<meta property=\"og:image:height\" content=\"253\" \/>\n\t<meta property=\"og:image:type\" content=\"image\/jpeg\" \/>\n<meta name=\"author\" content=\"enequipo\" \/>\n<meta name=\"twitter:card\" content=\"summary_large_image\" \/>\n<meta name=\"twitter:creator\" content=\"@sonoraenequipo\" \/>\n<meta name=\"twitter:site\" content=\"@sonoraenequipo\" \/>\n<meta name=\"twitter:label1\" content=\"Escrito por\" \/>\n\t<meta name=\"twitter:data1\" content=\"enequipo\" \/>\n\t<meta name=\"twitter:label2\" content=\"Tiempo de lectura\" \/>\n\t<meta name=\"twitter:data2\" content=\"3 minutos\" \/>\n<script type=\"application\/ld+json\" class=\"yoast-schema-graph\">{\"@context\":\"https:\/\/schema.org\",\"@graph\":[{\"@type\":\"Article\",\"@id\":\"https:\/\/www.sonoraenequipo.com.mx\/detienen-a-platini-en-investigacion-por-el-mundial-de-2022\/#article\",\"isPartOf\":{\"@id\":\"https:\/\/www.sonoraenequipo.com.mx\/detienen-a-platini-en-investigacion-por-el-mundial-de-2022\/\"},\"author\":{\"name\":\"enequipo\",\"@id\":\"https:\/\/www.sonoraenequipo.com.mx\/#\/schema\/person\/61a39de478a1763473ad55e8a95fddf6\"},\"headline\":\"Detienen a Platini en investigaci\u00f3n por el Mundial de 2022\",\"datePublished\":\"2019-06-18T18:29:29+00:00\",\"mainEntityOfPage\":{\"@id\":\"https:\/\/www.sonoraenequipo.com.mx\/detienen-a-platini-en-investigacion-por-el-mundial-de-2022\/\"},\"wordCount\":705,\"commentCount\":0,\"publisher\":{\"@id\":\"https:\/\/www.sonoraenequipo.com.mx\/#organization\"},\"image\":{\"@id\":\"https:\/\/www.sonoraenequipo.com.mx\/detienen-a-platini-en-investigacion-por-el-mundial-de-2022\/#primaryimage\"},\"thumbnailUrl\":\"https:\/\/www.sonoraenequipo.com.mx\/storage\/2019\/06\/platini2.jpg\",\"keywords\":[\"platini mundial2022\",\"qatar\",\"uefa\"],\"articleSection\":[\"Deportes\"],\"inLanguage\":\"es\",\"potentialAction\":[{\"@type\":\"CommentAction\",\"name\":\"Comment\",\"target\":[\"https:\/\/www.sonoraenequipo.com.mx\/detienen-a-platini-en-investigacion-por-el-mundial-de-2022\/#respond\"]}]},{\"@type\":\"WebPage\",\"@id\":\"https:\/\/www.sonoraenequipo.com.mx\/detienen-a-platini-en-investigacion-por-el-mundial-de-2022\/\",\"url\":\"https:\/\/www.sonoraenequipo.com.mx\/detienen-a-platini-en-investigacion-por-el-mundial-de-2022\/\",\"name\":\"Sonora en Equipo. Detienen a Platini en investigaci\u00f3n por el Mundial de 2022 Deportes\",\"isPartOf\":{\"@id\":\"https:\/\/www.sonoraenequipo.com.mx\/#website\"},\"primaryImageOfPage\":{\"@id\":\"https:\/\/www.sonoraenequipo.com.mx\/detienen-a-platini-en-investigacion-por-el-mundial-de-2022\/#primaryimage\"},\"image\":{\"@id\":\"https:\/\/www.sonoraenequipo.com.mx\/detienen-a-platini-en-investigacion-por-el-mundial-de-2022\/#primaryimage\"},\"thumbnailUrl\":\"https:\/\/www.sonoraenequipo.com.mx\/storage\/2019\/06\/platini2.jpg\",\"datePublished\":\"2019-06-18T18:29:29+00:00\",\"description\":\"PAR\u00cdS FRANCIA.- El expresidente de la UEFA y exfutbolista franc\u00e9s, Michel Platini, fue interrogado por la polic\u00eda el martes luego de haber sido detenido En Sonora en Equipo publicamos toda la informaci\u00f3n de Sonora, M\u00e9xico y el Mundo de manera oportuna y busca que la libertad de expresi\u00f3n sea real. Visita nuestro medio informativo publicado desde Hermosillo, Sonora. %\",\"breadcrumb\":{\"@id\":\"https:\/\/www.sonoraenequipo.com.mx\/detienen-a-platini-en-investigacion-por-el-mundial-de-2022\/#breadcrumb\"},\"inLanguage\":\"es\",\"potentialAction\":[{\"@type\":\"ReadAction\",\"target\":[\"https:\/\/www.sonoraenequipo.com.mx\/detienen-a-platini-en-investigacion-por-el-mundial-de-2022\/\"]}]},{\"@type\":\"ImageObject\",\"inLanguage\":\"es\",\"@id\":\"https:\/\/www.sonoraenequipo.com.mx\/detienen-a-platini-en-investigacion-por-el-mundial-de-2022\/#primaryimage\",\"url\":\"https:\/\/www.sonoraenequipo.com.mx\/storage\/2019\/06\/platini2.jpg\",\"contentUrl\":\"https:\/\/www.sonoraenequipo.com.mx\/storage\/2019\/06\/platini2.jpg\",\"width\":450,\"height\":253},{\"@type\":\"BreadcrumbList\",\"@id\":\"https:\/\/www.sonoraenequipo.com.mx\/detienen-a-platini-en-investigacion-por-el-mundial-de-2022\/#breadcrumb\",\"itemListElement\":[{\"@type\":\"ListItem\",\"position\":1,\"name\":\"Portada\",\"item\":\"https:\/\/www.sonoraenequipo.com.mx\/\"},{\"@type\":\"ListItem\",\"position\":2,\"name\":\"Detienen a Platini en investigaci\u00f3n por el Mundial de 2022\"}]},{\"@type\":\"WebSite\",\"@id\":\"https:\/\/www.sonoraenequipo.com.mx\/#website\",\"url\":\"https:\/\/www.sonoraenequipo.com.mx\/\",\"name\":\"Sonora en Equipo.\",\"description\":\"Diario en l\u00ednea con Noticias desde Hermosillo, Sonora\",\"publisher\":{\"@id\":\"https:\/\/www.sonoraenequipo.com.mx\/#organization\"},\"potentialAction\":[{\"@type\":\"SearchAction\",\"target\":{\"@type\":\"EntryPoint\",\"urlTemplate\":\"https:\/\/www.sonoraenequipo.com.mx\/?s={search_term_string}\"},\"query-input\":{\"@type\":\"PropertyValueSpecification\",\"valueRequired\":true,\"valueName\":\"search_term_string\"}}],\"inLanguage\":\"es\"},{\"@type\":\"Organization\",\"@id\":\"https:\/\/www.sonoraenequipo.com.mx\/#organization\",\"name\":\"Sonoraenequipo.com.mx\",\"url\":\"https:\/\/www.sonoraenequipo.com.mx\/\",\"logo\":{\"@type\":\"ImageObject\",\"inLanguage\":\"es\",\"@id\":\"https:\/\/www.sonoraenequipo.com.mx\/#\/schema\/logo\/image\/\",\"url\":\"https:\/\/www.sonoraenequipo.com.mx\/storage\/2019\/01\/sonoraenequipo_opt.png\",\"contentUrl\":\"https:\/\/www.sonoraenequipo.com.mx\/storage\/2019\/01\/sonoraenequipo_opt.png\",\"width\":375,\"height\":125,\"caption\":\"Sonoraenequipo.com.mx\"},\"image\":{\"@id\":\"https:\/\/www.sonoraenequipo.com.mx\/#\/schema\/logo\/image\/\"},\"sameAs\":[\"https:\/\/www.facebook.com\/SonoraEE\/\",\"https:\/\/x.com\/sonoraenequipo\",\"https:\/\/www.youtube.com\/channel\/UC338nW-lPEYmJQs4ZABQ1SQ\"]},{\"@type\":\"Person\",\"@id\":\"https:\/\/www.sonoraenequipo.com.mx\/#\/schema\/person\/61a39de478a1763473ad55e8a95fddf6\",\"name\":\"enequipo\",\"image\":{\"@type\":\"ImageObject\",\"inLanguage\":\"es\",\"@id\":\"https:\/\/www.sonoraenequipo.com.mx\/#\/schema\/person\/image\/\",\"url\":\"https:\/\/secure.gravatar.com\/avatar\/e39bc3016d8af598aed3d770c9510dfc2795f37ea1733d99fcc6e97d2c3c9f5e?s=96&d=blank&r=g\",\"contentUrl\":\"https:\/\/secure.gravatar.com\/avatar\/e39bc3016d8af598aed3d770c9510dfc2795f37ea1733d99fcc6e97d2c3c9f5e?s=96&d=blank&r=g\",\"caption\":\"enequipo\"}}]}<\/script>\n ","yoast_head_json":{"title":"Sonora en Equipo. Detienen a Platini en investigaci\u00f3n por el Mundial de 2022 Deportes","description":"PAR\u00cdS FRANCIA.- El expresidente de la UEFA y exfutbolista franc\u00e9s, Michel Platini, fue interrogado por la polic\u00eda el martes luego de haber sido detenido En Sonora en Equipo publicamos toda la informaci\u00f3n de Sonora, M\u00e9xico y el Mundo de manera oportuna y busca que la libertad de expresi\u00f3n sea real. Visita nuestro medio informativo publicado desde Hermosillo, Sonora. %","robots":{"index":"index","follow":"follow","max-snippet":"max-snippet:-1","max-image-preview":"max-image-preview:large","max-video-preview":"max-video-preview:-1"},"canonical":"https:\/\/www.sonoraenequipo.com.mx\/detienen-a-platini-en-investigacion-por-el-mundial-de-2022\/","og_locale":"es_ES","og_type":"article","og_title":"Sonora en Equipo. Detienen a Platini en investigaci\u00f3n por el Mundial de 2022 Deportes","og_description":"PAR\u00cdS FRANCIA.- El expresidente de la UEFA y exfutbolista franc\u00e9s, Michel Platini, fue interrogado por la polic\u00eda el martes luego de haber sido detenido En Sonora en Equipo publicamos toda la informaci\u00f3n de Sonora, M\u00e9xico y el Mundo de manera oportuna y busca que la libertad de expresi\u00f3n sea real. Visita nuestro medio informativo publicado desde Hermosillo, Sonora. %","og_url":"https:\/\/www.sonoraenequipo.com.mx\/detienen-a-platini-en-investigacion-por-el-mundial-de-2022\/","og_site_name":"Sonora en Equipo.","article_publisher":"https:\/\/www.facebook.com\/SonoraEE\/","article_published_time":"2019-06-18T18:29:29+00:00","og_image":[{"width":450,"height":253,"url":"https:\/\/www.sonoraenequipo.com.mx\/storage\/2019\/06\/platini2.jpg","type":"image\/jpeg"}],"author":"enequipo","twitter_card":"summary_large_image","twitter_creator":"@sonoraenequipo","twitter_site":"@sonoraenequipo","twitter_misc":{"Escrito por":"enequipo","Tiempo de lectura":"3 minutos"},"schema":{"@context":"https:\/\/schema.org","@graph":[{"@type":"Article","@id":"https:\/\/www.sonoraenequipo.com.mx\/detienen-a-platini-en-investigacion-por-el-mundial-de-2022\/#article","isPartOf":{"@id":"https:\/\/www.sonoraenequipo.com.mx\/detienen-a-platini-en-investigacion-por-el-mundial-de-2022\/"},"author":{"name":"enequipo","@id":"https:\/\/www.sonoraenequipo.com.mx\/#\/schema\/person\/61a39de478a1763473ad55e8a95fddf6"},"headline":"Detienen a Platini en investigaci\u00f3n por el Mundial de 2022","datePublished":"2019-06-18T18:29:29+00:00","mainEntityOfPage":{"@id":"https:\/\/www.sonoraenequipo.com.mx\/detienen-a-platini-en-investigacion-por-el-mundial-de-2022\/"},"wordCount":705,"commentCount":0,"publisher":{"@id":"https:\/\/www.sonoraenequipo.com.mx\/#organization"},"image":{"@id":"https:\/\/www.sonoraenequipo.com.mx\/detienen-a-platini-en-investigacion-por-el-mundial-de-2022\/#primaryimage"},"thumbnailUrl":"https:\/\/www.sonoraenequipo.com.mx\/storage\/2019\/06\/platini2.jpg","keywords":["platini mundial2022","qatar","uefa"],"articleSection":["Deportes"],"inLanguage":"es","potentialAction":[{"@type":"CommentAction","name":"Comment","target":["https:\/\/www.sonoraenequipo.com.mx\/detienen-a-platini-en-investigacion-por-el-mundial-de-2022\/#respond"]}]},{"@type":"WebPage","@id":"https:\/\/www.sonoraenequipo.com.mx\/detienen-a-platini-en-investigacion-por-el-mundial-de-2022\/","url":"https:\/\/www.sonoraenequipo.com.mx\/detienen-a-platini-en-investigacion-por-el-mundial-de-2022\/","name":"Sonora en Equipo. Detienen a Platini en investigaci\u00f3n por el Mundial de 2022 Deportes","isPartOf":{"@id":"https:\/\/www.sonoraenequipo.com.mx\/#website"},"primaryImageOfPage":{"@id":"https:\/\/www.sonoraenequipo.com.mx\/detienen-a-platini-en-investigacion-por-el-mundial-de-2022\/#primaryimage"},"image":{"@id":"https:\/\/www.sonoraenequipo.com.mx\/detienen-a-platini-en-investigacion-por-el-mundial-de-2022\/#primaryimage"},"thumbnailUrl":"https:\/\/www.sonoraenequipo.com.mx\/storage\/2019\/06\/platini2.jpg","datePublished":"2019-06-18T18:29:29+00:00","description":"PAR\u00cdS FRANCIA.- El expresidente de la UEFA y exfutbolista franc\u00e9s, Michel Platini, fue interrogado por la polic\u00eda el martes luego de haber sido detenido En Sonora en Equipo publicamos toda la informaci\u00f3n de Sonora, M\u00e9xico y el Mundo de manera oportuna y busca que la libertad de expresi\u00f3n sea real. Visita nuestro medio informativo publicado desde Hermosillo, Sonora. %","breadcrumb":{"@id":"https:\/\/www.sonoraenequipo.com.mx\/detienen-a-platini-en-investigacion-por-el-mundial-de-2022\/#breadcrumb"},"inLanguage":"es","potentialAction":[{"@type":"ReadAction","target":["https:\/\/www.sonoraenequipo.com.mx\/detienen-a-platini-en-investigacion-por-el-mundial-de-2022\/"]}]},{"@type":"ImageObject","inLanguage":"es","@id":"https:\/\/www.sonoraenequipo.com.mx\/detienen-a-platini-en-investigacion-por-el-mundial-de-2022\/#primaryimage","url":"https:\/\/www.sonoraenequipo.com.mx\/storage\/2019\/06\/platini2.jpg","contentUrl":"https:\/\/www.sonoraenequipo.com.mx\/storage\/2019\/06\/platini2.jpg","width":450,"height":253},{"@type":"BreadcrumbList","@id":"https:\/\/www.sonoraenequipo.com.mx\/detienen-a-platini-en-investigacion-por-el-mundial-de-2022\/#breadcrumb","itemListElement":[{"@type":"ListItem","position":1,"name":"Portada","item":"https:\/\/www.sonoraenequipo.com.mx\/"},{"@type":"ListItem","position":2,"name":"Detienen a Platini en investigaci\u00f3n por el Mundial de 2022"}]},{"@type":"WebSite","@id":"https:\/\/www.sonoraenequipo.com.mx\/#website","url":"https:\/\/www.sonoraenequipo.com.mx\/","name":"Sonora en Equipo.","description":"Diario en l\u00ednea con Noticias desde Hermosillo, Sonora","publisher":{"@id":"https:\/\/www.sonoraenequipo.com.mx\/#organization"},"potentialAction":[{"@type":"SearchAction","target":{"@type":"EntryPoint","urlTemplate":"https:\/\/www.sonoraenequipo.com.mx\/?s={search_term_string}"},"query-input":{"@type":"PropertyValueSpecification","valueRequired":true,"valueName":"search_term_string"}}],"inLanguage":"es"},{"@type":"Organization","@id":"https:\/\/www.sonoraenequipo.com.mx\/#organization","name":"Sonoraenequipo.com.mx","url":"https:\/\/www.sonoraenequipo.com.mx\/","logo":{"@type":"ImageObject","inLanguage":"es","@id":"https:\/\/www.sonoraenequipo.com.mx\/#\/schema\/logo\/image\/","url":"https:\/\/www.sonoraenequipo.com.mx\/storage\/2019\/01\/sonoraenequipo_opt.png","contentUrl":"https:\/\/www.sonoraenequipo.com.mx\/storage\/2019\/01\/sonoraenequipo_opt.png","width":375,"height":125,"caption":"Sonoraenequipo.com.mx"},"image":{"@id":"https:\/\/www.sonoraenequipo.com.mx\/#\/schema\/logo\/image\/"},"sameAs":["https:\/\/www.facebook.com\/SonoraEE\/","https:\/\/x.com\/sonoraenequipo","https:\/\/www.youtube.com\/channel\/UC338nW-lPEYmJQs4ZABQ1SQ"]},{"@type":"Person","@id":"https:\/\/www.sonoraenequipo.com.mx\/#\/schema\/person\/61a39de478a1763473ad55e8a95fddf6","name":"enequipo","image":{"@type":"ImageObject","inLanguage":"es","@id":"https:\/\/www.sonoraenequipo.com.mx\/#\/schema\/person\/image\/","url":"https:\/\/secure.gravatar.com\/avatar\/e39bc3016d8af598aed3d770c9510dfc2795f37ea1733d99fcc6e97d2c3c9f5e?s=96&d=blank&r=g","contentUrl":"https:\/\/secure.gravatar.com\/avatar\/e39bc3016d8af598aed3d770c9510dfc2795f37ea1733d99fcc6e97d2c3c9f5e?s=96&d=blank&r=g","caption":"enequipo"}}]}},"jetpack_featured_media_url":"https:\/\/www.sonoraenequipo.com.mx\/storage\/2019\/06\/platini2.jpg","_links":{"self":[{"href":"https:\/\/www.sonoraenequipo.com.mx\/api\/wp\/v2\/posts\/62495","targetHints":{"allow":["GET"]}}],"collection":[{"href":"https:\/\/www.sonoraenequipo.com.mx\/api\/wp\/v2\/posts"}],"about":[{"href":"https:\/\/www.sonoraenequipo.com.mx\/api\/wp\/v2\/types\/post"}],"author":[{"embeddable":true,"href":"https:\/\/www.sonoraenequipo.com.mx\/api\/wp\/v2\/users\/178"}],"replies":[{"embeddable":true,"href":"https:\/\/www.sonoraenequipo.com.mx\/api\/wp\/v2\/comments?post=62495"}],"version-history":[{"count":0,"href":"https:\/\/www.sonoraenequipo.com.mx\/api\/wp\/v2\/posts\/62495\/revisions"}],"wp:featuredmedia":[{"embeddable":true,"href":"https:\/\/www.sonoraenequipo.com.mx\/api\/wp\/v2\/media\/62496"}],"wp:attachment":[{"href":"https:\/\/www.sonoraenequipo.com.mx\/api\/wp\/v2\/media?parent=62495"}],"wp:term":[{"taxonomy":"category","embeddable":true,"href":"https:\/\/www.sonoraenequipo.com.mx\/api\/wp\/v2\/categories?post=62495"},{"taxonomy":"post_tag","embeddable":true,"href":"https:\/\/www.sonoraenequipo.com.mx\/api\/wp\/v2\/tags?post=62495"}],"curies":[{"name":"wp","href":"https:\/\/api.w.org\/{rel}","templated":true}]}}