{"id":62502,"date":"2019-06-18T15:39:33","date_gmt":"2019-06-18T22:39:33","guid":{"rendered":"http:\/\/www.sonoraenequipo.com.mx\/?p=62502"},"modified":"2019-06-18T15:39:33","modified_gmt":"2019-06-18T22:39:33","slug":"reforma-electoral-debe-privilegiar-autonomiaoperatividad-y-pluralismo-politico-lorenzo-cordova","status":"publish","type":"post","link":"https:\/\/www.sonoraenequipo.com.mx\/reforma-electoral-debe-privilegiar-autonomiaoperatividad-y-pluralismo-politico-lorenzo-cordova\/","title":{"rendered":"Reforma electoral\u00a0 debe privilegiar autonom\u00eda,operatividad\u00a0 y pluralismo pol\u00edtico: Lorenzo C\u00f3rdova"},"content":{"rendered":"<p>CIUDAD DE M\u00c9XICO.- El Consejero Presidente del Instituto Nacional Electoral (INE), Lorenzo C\u00f3rdova Vianello, advirti\u00f3 que abaratar las elecciones a trav\u00e9s de la desaparici\u00f3n de los Organismos P\u00fablicos Locales Electorales (OPLE), del Consejo General, la reducci\u00f3n de prerrogativas y disminuyendo el tama\u00f1o de las C\u00e1maras del Congreso, no reducir\u00eda costos y \u201cpodr\u00eda poner contra las cuerdas el sistema democr\u00e1tico\u201d sobre todo en autonom\u00eda, operatividad del sistema electoral y pluralismo pol\u00edtico. <\/p>\n<p>&nbsp;<\/p>\n<p>Al participar en los Foros de la Reforma Electoral y del Estado en la C\u00e1mara de Diputados, se refiri\u00f3 a tres cosas en concreto que podr\u00edan verse vulneradas: \u201cla autonom\u00eda de las autoridades electorales, la operatividad del propio sistema electoral y el pluralismo pol\u00edtico en el que se ha avanzado tras d\u00e9cadas de lucha democr\u00e1tica\u201d.<\/p>\n<p>&nbsp;<\/p>\n<p>Ante los coordinadores de los grupos parlamentarios, consejeras, consejeros, diputadas, diputados, presidentes de Institutos Electorales Locales, as\u00ed como el diputado Carlos Guti\u00e9rrez Luna, coordinador del Grupo de Trabajo para la Reforma del Estado y Electoral, quien moder\u00f3 la mesa, C\u00f3rdova Vianello afirm\u00f3 que el sistema electoral funciona y funciona bien.<\/p>\n<p>&nbsp;<\/p>\n<p>Si no fuera as\u00ed, dijo, \u201cno habr\u00eda sido posible la tercera alternancia a la Presidencia ni el in\u00e9dito grado de cambios de ganador que el pa\u00eds ha experimentado en los \u00faltimos cinco a\u00f1os, precisamente desde que ha venido operando el Sistema Nacional de Elecciones, derivado de la reforma del 2014\u201d.<\/p>\n<p>&nbsp;<\/p>\n<p>El Presidente del INE agreg\u00f3 que, si lo que se quiere es reducir costos, esto ser\u00eda posible sin desaparecer la estructura que se ha construido en el \u00faltimo lustro ni incrementar las atribuciones de la autoridad electoral, por lo que propuso medidas que significar\u00edan ahorros por casi 7 mil millones de pesos.<\/p>\n<p>&nbsp;<\/p>\n<p>Por ejemplo, la modificaci\u00f3n de la Ley General de Partidos Pol\u00edticos para que en el c\u00e1lculo de las prerrogativas de los partidos locales, se multiplique el padr\u00f3n de cada estado por el 30% y no por el 65% de una UMA (Unidad de Medida y Actualizaci\u00f3n), podr\u00eda ahorrar casi 2 mil 500 millones de pesos al a\u00f1o. Adem\u00e1s, dijo, el voto en urna electr\u00f3nica implicar\u00eda econom\u00edas de recursos por 4 mil 500 millones de pesos.<\/p>\n<p>&nbsp;<\/p>\n<p>Si se aprobara la iniciativa que plantea desaparecer los OPLE y sustituirlos por consejos locales del INE nombrados desde la C\u00e1mara de Diputados, agreg\u00f3 el Consejero Presidente, \u201cno s\u00f3lo se generar\u00edan problemas operativos, sino que habr\u00eda una vulneraci\u00f3n directa a la autonom\u00eda del sistema electoral, a partir de una cooptaci\u00f3n pol\u00edtica de las autoridades electorales\u201d.<\/p>\n<p>&nbsp;<\/p>\n<p>La desaparici\u00f3n de los OPLE, indic\u00f3, implica que el INE debe transformarse o refundarse, ampliando sus estructuras en los estados, incrementando sus capacidades operativas y, por lo tanto, necesitando m\u00e1s recursos.<\/p>\n<p>&nbsp;<\/p>\n<p>\u201cLo digo con todas las letras, as\u00ed como estamos no puede el INE organizar simult\u00e1neamente las 32 elecciones locales y, adem\u00e1s, las federales, como ocurrir\u00e1, por cierto, por primera vez en 2021\u201d.<\/p>\n<p>&nbsp;<\/p>\n<p>A\u00f1adi\u00f3 que no se trata de carecer de autocr\u00edtica; sin embargo, la mejora del sistema electoral representa el menor de los problemas que enfrenta el pa\u00eds. \u201cVolvamos la vista atr\u00e1s, a 1989, y quiz\u00e1 la \u00fanica asignatura en la que hemos avanzado consistentemente es la de contar con elecciones libres, equitativas y confiables. No ocurre lo mismo con los problemas de desigualdad, pobreza, inseguridad, corrupci\u00f3n e impunidad entre otros ominosos pendientes\u201d, se\u00f1al\u00f3.<\/p>\n<p>&nbsp;<\/p>\n<p>Mantener los OPLE y que la federaci\u00f3n destine los recursos para su funcionamiento: Consejera Adriana Favela<\/p>\n<p>&nbsp;<\/p>\n<p>En su intervenci\u00f3n, la Consejera Adriana Favela dio datos para mostrar que no es posible la homologaci\u00f3n INE y organismos locales, como propone la iniciativa de reforma, ya que en lugar de ahorros implicar\u00eda erogar m\u00e1s recursos.<\/p>\n<p>&nbsp;<\/p>\n<p>Agreg\u00f3 que las funciones de cada una de las autoridades electorales est\u00e1n bien delimitadas y subray\u00f3 que, si desaparecen los OPLE, se incrementar\u00eda la estructura del INE en cada municipio -2,458 en todo el pa\u00eds-, para poder organizar las elecciones a nivel municipal, de diputaciones locales y de integrantes de ayuntamientos.<\/p>\n<p><img loading=\"lazy\" decoding=\"async\" class=\"size-medium  x-center\" src=\"http:\/\/www.sonoraenequipo.com.mx\/storage\/2019\/06\/reforma.jpg\" alt=\"\" width=\"450\" height=\"300\" \/><\/p>\n<p>&nbsp;<\/p>\n<p>\u201cTambi\u00e9n descentralizar la fiscalizaci\u00f3n podr\u00eda significar un retroceso para los procesos de revisi\u00f3n y sanci\u00f3n, ya que los criterios podr\u00edan ser diferentes en cada entidad\u201d, puntualiz\u00f3.<\/p>\n<p>&nbsp;<\/p>\n<p>Adem\u00e1s, propuso velar por la permanencia de los OPLE, buscar la reducci\u00f3n de los costos y que sea la federaci\u00f3n la que destine los recursos para su funcionamiento y realizaci\u00f3n de sus tareas fundamentales.<\/p>\n<p>&nbsp;<\/p>\n<p>Iniciar discusi\u00f3n de una reforma electoral aduciendo el costo, es empobrecerla: Edmundo Jacobo<\/p>\n<p>&nbsp;<\/p>\n<p>En la mesa de an\u00e1lisis \u201cReformas de \u00d3rganos Electorales\u201d, en la que tambi\u00e9n participaron como ponentes la presidenta de la Asociaci\u00f3n Mexicana de Consejeras Estatales Electorales, Miriam Guadalupe Hinojosa; el presidente de la Asociaci\u00f3n de Instituciones Electorales de las Entidades Federativas, Pedro Zamudio, y consejeros de los OPLE de Veracruz, Sonora, Chiapas e Hidalgo, el Secretario Ejecutivo del INE, Edmundo Jacobo Molina, sostuvo que afectar negativamente el sistema electoral ser\u00eda un gran retroceso.<\/p>\n<p>&nbsp;<\/p>\n<p>\u201cCambiar sin un diagn\u00f3stico a fondo e integral pone en riesgo un engranaje que no se invent\u00f3 en un d\u00eda, ha sido confeccionado y probado a lo largo de cuatro d\u00e9cadas, brindando estabilidad pol\u00edtica al pa\u00eds en los \u00faltimos 40 a\u00f1os\u201d, sentenci\u00f3.<\/p>\n<p>&nbsp;<\/p>\n<p>Precis\u00f3 que la conquista del actual andamiaje electoral, as\u00ed como su construcci\u00f3n y salvaguarda, representan un costo financiero, \u201ccreo que es un grave error comenzar una discusi\u00f3n en torno a las instituciones que sostienen la democracia hablando de dinero; reducir e iniciar la discusi\u00f3n aduciendo el costo, es empobrecer la misma corriendo el riesgo de descomponer lo que funciona\u201d.<\/p>\n<p>&nbsp;<\/p>\n<p>El Secretario Ejecutivo lament\u00f3 que, en esta discusi\u00f3n, no se hable de certeza, de mejorar procesos, de una larga lista de atribuciones y de mejorar la confianza tanto en los procedimientos como en las autoridades electorales \u201cpues organizar elecciones es un trabajo de relojer\u00eda fina\u201d y la concentraci\u00f3n del quehacer electoral federal y local generar\u00eda condiciones poco propicias para atender con oportunidad y certeza los resultados de la jornada electoral.<\/p>\n<p>&nbsp;<\/p>\n<p>Edmundo Jacobo afirm\u00f3 que el modelo nacional ha generado las condiciones adecuadas para la elecci\u00f3n de m\u00e1s de 22 mil 800 cargos en los tres niveles de gobierno, ha aprobado la instalaci\u00f3n de m\u00e1s de 54 mil casillas y ha visitado m\u00e1s de 30 millones de ciudadanos, quienes han participado como funcionarios de mesas directivas de casilla.<\/p>\n<p>&nbsp;<\/p>\n<p>Distribuir mejor los recursos de que disponen los partidos pol\u00edticos: Consejero Ruiz Salda\u00f1a<\/p>\n<p>&nbsp;<\/p>\n<p>El Consejero Jos\u00e9 Roberto Ruiz Salda\u00f1a consider\u00f3 que el problema no es la cantidad de recursos de que disponen los partidos pol\u00edticos, sino c\u00f3mo se distribuyen, por lo que se pronunci\u00f3 por no disminuirles el financiamiento sino distribuirlo mejor y generar incentivos para vigilarlos.<\/p>\n<p>&nbsp;<\/p>\n<p>En su opini\u00f3n, la urna electr\u00f3nica no garantiza la transparencia, ni aporta las suficientes evidencias para constatar sus procesos y resultados.<\/p>\n<p>&nbsp;<\/p>\n<p>Subray\u00f3 que en esta reforma electoral debe prescindirse de los OPLE, ya que \u201cdisminuir verdaderamente el costo del sistema electoral pasa necesariamente por contar con autoridades administrativas y jurisdiccionales \u00fanicas\u201d.<\/p>\n<p>&nbsp;<\/p>\n<p>Fecha de publicaci\u00f3n 18\/06\/2019<\/p>\n","protected":false},"excerpt":{"rendered":"<p>CIUDAD DE M\u00c9XICO.- El Consejero Presidente del Instituto Nacional Electoral (INE), Lorenzo C\u00f3rdova Vianello, advirti\u00f3&#8230;<\/p>\n","protected":false},"author":178,"featured_media":62511,"comment_status":"open","ping_status":"open","sticky":false,"template":"","format":"standard","meta":{"_monsterinsights_skip_tracking":false,"_monsterinsights_sitenote_active":false,"_monsterinsights_sitenote_note":"","_monsterinsights_sitenote_category":0,"footnotes":""},"categories":[5],"tags":[1247],"class_list":["post"],"yoast_head":" \n<title>Sonora en Equipo. Reforma electoral\u00a0 debe privilegiar autonom\u00eda,operatividad\u00a0 y pluralismo pol\u00edtico: Lorenzo C\u00f3rdova Rep\u00fablica<\/title>\n<meta name=\"description\" content=\"CIUDAD DE M\u00c9XICO.- El Consejero Presidente del Instituto Nacional Electoral (INE), Lorenzo C\u00f3rdova Vianello, advirti\u00f3 que abaratar las elecciones a trav\u00e9s En Sonora en Equipo publicamos toda la informaci\u00f3n de Sonora, M\u00e9xico y el Mundo de manera oportuna y busca que la libertad de expresi\u00f3n sea real. Visita nuestro medio informativo publicado desde Hermosillo, Sonora. %\" \/>\n<meta name=\"robots\" content=\"index, follow, max-snippet:-1, max-image-preview:large, max-video-preview:-1\" \/>\n<link rel=\"canonical\" href=\"https:\/\/www.sonoraenequipo.com.mx\/reforma-electoral-debe-privilegiar-autonomiaoperatividad-y-pluralismo-politico-lorenzo-cordova\/\" \/>\n<meta property=\"og:locale\" content=\"es_ES\" \/>\n<meta property=\"og:type\" content=\"article\" \/>\n<meta property=\"og:title\" content=\"Sonora en Equipo. Reforma electoral\u00a0 debe privilegiar autonom\u00eda,operatividad\u00a0 y pluralismo pol\u00edtico: Lorenzo C\u00f3rdova Rep\u00fablica\" \/>\n<meta property=\"og:description\" content=\"CIUDAD DE M\u00c9XICO.- El Consejero Presidente del Instituto Nacional Electoral (INE), Lorenzo C\u00f3rdova Vianello, advirti\u00f3 que abaratar las elecciones a trav\u00e9s En Sonora en Equipo publicamos toda la informaci\u00f3n de Sonora, M\u00e9xico y el Mundo de manera oportuna y busca que la libertad de expresi\u00f3n sea real. Visita nuestro medio informativo publicado desde Hermosillo, Sonora. %\" \/>\n<meta property=\"og:url\" content=\"https:\/\/www.sonoraenequipo.com.mx\/reforma-electoral-debe-privilegiar-autonomiaoperatividad-y-pluralismo-politico-lorenzo-cordova\/\" \/>\n<meta property=\"og:site_name\" content=\"Sonora en Equipo.\" \/>\n<meta property=\"article:publisher\" content=\"https:\/\/www.facebook.com\/SonoraEE\/\" \/>\n<meta property=\"article:published_time\" content=\"2019-06-18T22:39:33+00:00\" \/>\n<meta property=\"og:image\" content=\"https:\/\/www.sonoraenequipo.com.mx\/storage\/2019\/06\/cordova-lorenzo.jpg\" \/>\n\t<meta property=\"og:image:width\" content=\"450\" \/>\n\t<meta property=\"og:image:height\" content=\"300\" \/>\n\t<meta property=\"og:image:type\" content=\"image\/jpeg\" \/>\n<meta name=\"author\" content=\"enequipo\" \/>\n<meta name=\"twitter:card\" content=\"summary_large_image\" \/>\n<meta name=\"twitter:creator\" content=\"@sonoraenequipo\" \/>\n<meta name=\"twitter:site\" content=\"@sonoraenequipo\" \/>\n<meta name=\"twitter:label1\" content=\"Escrito por\" \/>\n\t<meta name=\"twitter:data1\" content=\"enequipo\" \/>\n\t<meta name=\"twitter:label2\" content=\"Tiempo de lectura\" \/>\n\t<meta name=\"twitter:data2\" content=\"6 minutos\" \/>\n<script type=\"application\/ld+json\" class=\"yoast-schema-graph\">{\"@context\":\"https:\/\/schema.org\",\"@graph\":[{\"@type\":\"Article\",\"@id\":\"https:\/\/www.sonoraenequipo.com.mx\/reforma-electoral-debe-privilegiar-autonomiaoperatividad-y-pluralismo-politico-lorenzo-cordova\/#article\",\"isPartOf\":{\"@id\":\"https:\/\/www.sonoraenequipo.com.mx\/reforma-electoral-debe-privilegiar-autonomiaoperatividad-y-pluralismo-politico-lorenzo-cordova\/\"},\"author\":{\"name\":\"enequipo\",\"@id\":\"https:\/\/www.sonoraenequipo.com.mx\/#\/schema\/person\/61a39de478a1763473ad55e8a95fddf6\"},\"headline\":\"Reforma electoral\u00a0 debe privilegiar autonom\u00eda,operatividad\u00a0 y pluralismo pol\u00edtico: Lorenzo C\u00f3rdova\",\"datePublished\":\"2019-06-18T22:39:33+00:00\",\"mainEntityOfPage\":{\"@id\":\"https:\/\/www.sonoraenequipo.com.mx\/reforma-electoral-debe-privilegiar-autonomiaoperatividad-y-pluralismo-politico-lorenzo-cordova\/\"},\"wordCount\":1261,\"commentCount\":0,\"publisher\":{\"@id\":\"https:\/\/www.sonoraenequipo.com.mx\/#organization\"},\"image\":{\"@id\":\"https:\/\/www.sonoraenequipo.com.mx\/reforma-electoral-debe-privilegiar-autonomiaoperatividad-y-pluralismo-politico-lorenzo-cordova\/#primaryimage\"},\"thumbnailUrl\":\"https:\/\/www.sonoraenequipo.com.mx\/storage\/2019\/06\/cordova-lorenzo.jpg\",\"keywords\":[\"INE\"],\"articleSection\":[\"Rep\u00fablica\"],\"inLanguage\":\"es\",\"potentialAction\":[{\"@type\":\"CommentAction\",\"name\":\"Comment\",\"target\":[\"https:\/\/www.sonoraenequipo.com.mx\/reforma-electoral-debe-privilegiar-autonomiaoperatividad-y-pluralismo-politico-lorenzo-cordova\/#respond\"]}]},{\"@type\":\"WebPage\",\"@id\":\"https:\/\/www.sonoraenequipo.com.mx\/reforma-electoral-debe-privilegiar-autonomiaoperatividad-y-pluralismo-politico-lorenzo-cordova\/\",\"url\":\"https:\/\/www.sonoraenequipo.com.mx\/reforma-electoral-debe-privilegiar-autonomiaoperatividad-y-pluralismo-politico-lorenzo-cordova\/\",\"name\":\"Sonora en Equipo. Reforma electoral\u00a0 debe privilegiar autonom\u00eda,operatividad\u00a0 y pluralismo pol\u00edtico: Lorenzo C\u00f3rdova Rep\u00fablica\",\"isPartOf\":{\"@id\":\"https:\/\/www.sonoraenequipo.com.mx\/#website\"},\"primaryImageOfPage\":{\"@id\":\"https:\/\/www.sonoraenequipo.com.mx\/reforma-electoral-debe-privilegiar-autonomiaoperatividad-y-pluralismo-politico-lorenzo-cordova\/#primaryimage\"},\"image\":{\"@id\":\"https:\/\/www.sonoraenequipo.com.mx\/reforma-electoral-debe-privilegiar-autonomiaoperatividad-y-pluralismo-politico-lorenzo-cordova\/#primaryimage\"},\"thumbnailUrl\":\"https:\/\/www.sonoraenequipo.com.mx\/storage\/2019\/06\/cordova-lorenzo.jpg\",\"datePublished\":\"2019-06-18T22:39:33+00:00\",\"description\":\"CIUDAD DE M\u00c9XICO.- El Consejero Presidente del Instituto Nacional Electoral (INE), Lorenzo C\u00f3rdova Vianello, advirti\u00f3 que abaratar las elecciones a trav\u00e9s En Sonora en Equipo publicamos toda la informaci\u00f3n de Sonora, M\u00e9xico y el Mundo de manera oportuna y busca que la libertad de expresi\u00f3n sea real. Visita nuestro medio informativo publicado desde Hermosillo, Sonora. %\",\"breadcrumb\":{\"@id\":\"https:\/\/www.sonoraenequipo.com.mx\/reforma-electoral-debe-privilegiar-autonomiaoperatividad-y-pluralismo-politico-lorenzo-cordova\/#breadcrumb\"},\"inLanguage\":\"es\",\"potentialAction\":[{\"@type\":\"ReadAction\",\"target\":[\"https:\/\/www.sonoraenequipo.com.mx\/reforma-electoral-debe-privilegiar-autonomiaoperatividad-y-pluralismo-politico-lorenzo-cordova\/\"]}]},{\"@type\":\"ImageObject\",\"inLanguage\":\"es\",\"@id\":\"https:\/\/www.sonoraenequipo.com.mx\/reforma-electoral-debe-privilegiar-autonomiaoperatividad-y-pluralismo-politico-lorenzo-cordova\/#primaryimage\",\"url\":\"https:\/\/www.sonoraenequipo.com.mx\/storage\/2019\/06\/cordova-lorenzo.jpg\",\"contentUrl\":\"https:\/\/www.sonoraenequipo.com.mx\/storage\/2019\/06\/cordova-lorenzo.jpg\",\"width\":450,\"height\":300},{\"@type\":\"BreadcrumbList\",\"@id\":\"https:\/\/www.sonoraenequipo.com.mx\/reforma-electoral-debe-privilegiar-autonomiaoperatividad-y-pluralismo-politico-lorenzo-cordova\/#breadcrumb\",\"itemListElement\":[{\"@type\":\"ListItem\",\"position\":1,\"name\":\"Portada\",\"item\":\"https:\/\/www.sonoraenequipo.com.mx\/\"},{\"@type\":\"ListItem\",\"position\":2,\"name\":\"Reforma electoral\u00a0 debe privilegiar autonom\u00eda,operatividad\u00a0 y pluralismo pol\u00edtico: Lorenzo C\u00f3rdova\"}]},{\"@type\":\"WebSite\",\"@id\":\"https:\/\/www.sonoraenequipo.com.mx\/#website\",\"url\":\"https:\/\/www.sonoraenequipo.com.mx\/\",\"name\":\"Sonora en Equipo.\",\"description\":\"Diario en l\u00ednea con Noticias desde Hermosillo, Sonora\",\"publisher\":{\"@id\":\"https:\/\/www.sonoraenequipo.com.mx\/#organization\"},\"potentialAction\":[{\"@type\":\"SearchAction\",\"target\":{\"@type\":\"EntryPoint\",\"urlTemplate\":\"https:\/\/www.sonoraenequipo.com.mx\/?s={search_term_string}\"},\"query-input\":{\"@type\":\"PropertyValueSpecification\",\"valueRequired\":true,\"valueName\":\"search_term_string\"}}],\"inLanguage\":\"es\"},{\"@type\":\"Organization\",\"@id\":\"https:\/\/www.sonoraenequipo.com.mx\/#organization\",\"name\":\"Sonoraenequipo.com.mx\",\"url\":\"https:\/\/www.sonoraenequipo.com.mx\/\",\"logo\":{\"@type\":\"ImageObject\",\"inLanguage\":\"es\",\"@id\":\"https:\/\/www.sonoraenequipo.com.mx\/#\/schema\/logo\/image\/\",\"url\":\"https:\/\/www.sonoraenequipo.com.mx\/storage\/2019\/01\/sonoraenequipo_opt.png\",\"contentUrl\":\"https:\/\/www.sonoraenequipo.com.mx\/storage\/2019\/01\/sonoraenequipo_opt.png\",\"width\":375,\"height\":125,\"caption\":\"Sonoraenequipo.com.mx\"},\"image\":{\"@id\":\"https:\/\/www.sonoraenequipo.com.mx\/#\/schema\/logo\/image\/\"},\"sameAs\":[\"https:\/\/www.facebook.com\/SonoraEE\/\",\"https:\/\/x.com\/sonoraenequipo\",\"https:\/\/www.youtube.com\/channel\/UC338nW-lPEYmJQs4ZABQ1SQ\"]},{\"@type\":\"Person\",\"@id\":\"https:\/\/www.sonoraenequipo.com.mx\/#\/schema\/person\/61a39de478a1763473ad55e8a95fddf6\",\"name\":\"enequipo\",\"image\":{\"@type\":\"ImageObject\",\"inLanguage\":\"es\",\"@id\":\"https:\/\/www.sonoraenequipo.com.mx\/#\/schema\/person\/image\/\",\"url\":\"https:\/\/secure.gravatar.com\/avatar\/e39bc3016d8af598aed3d770c9510dfc2795f37ea1733d99fcc6e97d2c3c9f5e?s=96&d=blank&r=g\",\"contentUrl\":\"https:\/\/secure.gravatar.com\/avatar\/e39bc3016d8af598aed3d770c9510dfc2795f37ea1733d99fcc6e97d2c3c9f5e?s=96&d=blank&r=g\",\"caption\":\"enequipo\"}}]}<\/script>\n ","yoast_head_json":{"title":"Sonora en Equipo. Reforma electoral\u00a0 debe privilegiar autonom\u00eda,operatividad\u00a0 y pluralismo pol\u00edtico: Lorenzo C\u00f3rdova Rep\u00fablica","description":"CIUDAD DE M\u00c9XICO.- El Consejero Presidente del Instituto Nacional Electoral (INE), Lorenzo C\u00f3rdova Vianello, advirti\u00f3 que abaratar las elecciones a trav\u00e9s En Sonora en Equipo publicamos toda la informaci\u00f3n de Sonora, M\u00e9xico y el Mundo de manera oportuna y busca que la libertad de expresi\u00f3n sea real. Visita nuestro medio informativo publicado desde Hermosillo, Sonora. %","robots":{"index":"index","follow":"follow","max-snippet":"max-snippet:-1","max-image-preview":"max-image-preview:large","max-video-preview":"max-video-preview:-1"},"canonical":"https:\/\/www.sonoraenequipo.com.mx\/reforma-electoral-debe-privilegiar-autonomiaoperatividad-y-pluralismo-politico-lorenzo-cordova\/","og_locale":"es_ES","og_type":"article","og_title":"Sonora en Equipo. Reforma electoral\u00a0 debe privilegiar autonom\u00eda,operatividad\u00a0 y pluralismo pol\u00edtico: Lorenzo C\u00f3rdova Rep\u00fablica","og_description":"CIUDAD DE M\u00c9XICO.- El Consejero Presidente del Instituto Nacional Electoral (INE), Lorenzo C\u00f3rdova Vianello, advirti\u00f3 que abaratar las elecciones a trav\u00e9s En Sonora en Equipo publicamos toda la informaci\u00f3n de Sonora, M\u00e9xico y el Mundo de manera oportuna y busca que la libertad de expresi\u00f3n sea real. Visita nuestro medio informativo publicado desde Hermosillo, Sonora. %","og_url":"https:\/\/www.sonoraenequipo.com.mx\/reforma-electoral-debe-privilegiar-autonomiaoperatividad-y-pluralismo-politico-lorenzo-cordova\/","og_site_name":"Sonora en Equipo.","article_publisher":"https:\/\/www.facebook.com\/SonoraEE\/","article_published_time":"2019-06-18T22:39:33+00:00","og_image":[{"width":450,"height":300,"url":"https:\/\/www.sonoraenequipo.com.mx\/storage\/2019\/06\/cordova-lorenzo.jpg","type":"image\/jpeg"}],"author":"enequipo","twitter_card":"summary_large_image","twitter_creator":"@sonoraenequipo","twitter_site":"@sonoraenequipo","twitter_misc":{"Escrito por":"enequipo","Tiempo de lectura":"6 minutos"},"schema":{"@context":"https:\/\/schema.org","@graph":[{"@type":"Article","@id":"https:\/\/www.sonoraenequipo.com.mx\/reforma-electoral-debe-privilegiar-autonomiaoperatividad-y-pluralismo-politico-lorenzo-cordova\/#article","isPartOf":{"@id":"https:\/\/www.sonoraenequipo.com.mx\/reforma-electoral-debe-privilegiar-autonomiaoperatividad-y-pluralismo-politico-lorenzo-cordova\/"},"author":{"name":"enequipo","@id":"https:\/\/www.sonoraenequipo.com.mx\/#\/schema\/person\/61a39de478a1763473ad55e8a95fddf6"},"headline":"Reforma electoral\u00a0 debe privilegiar autonom\u00eda,operatividad\u00a0 y pluralismo pol\u00edtico: Lorenzo C\u00f3rdova","datePublished":"2019-06-18T22:39:33+00:00","mainEntityOfPage":{"@id":"https:\/\/www.sonoraenequipo.com.mx\/reforma-electoral-debe-privilegiar-autonomiaoperatividad-y-pluralismo-politico-lorenzo-cordova\/"},"wordCount":1261,"commentCount":0,"publisher":{"@id":"https:\/\/www.sonoraenequipo.com.mx\/#organization"},"image":{"@id":"https:\/\/www.sonoraenequipo.com.mx\/reforma-electoral-debe-privilegiar-autonomiaoperatividad-y-pluralismo-politico-lorenzo-cordova\/#primaryimage"},"thumbnailUrl":"https:\/\/www.sonoraenequipo.com.mx\/storage\/2019\/06\/cordova-lorenzo.jpg","keywords":["INE"],"articleSection":["Rep\u00fablica"],"inLanguage":"es","potentialAction":[{"@type":"CommentAction","name":"Comment","target":["https:\/\/www.sonoraenequipo.com.mx\/reforma-electoral-debe-privilegiar-autonomiaoperatividad-y-pluralismo-politico-lorenzo-cordova\/#respond"]}]},{"@type":"WebPage","@id":"https:\/\/www.sonoraenequipo.com.mx\/reforma-electoral-debe-privilegiar-autonomiaoperatividad-y-pluralismo-politico-lorenzo-cordova\/","url":"https:\/\/www.sonoraenequipo.com.mx\/reforma-electoral-debe-privilegiar-autonomiaoperatividad-y-pluralismo-politico-lorenzo-cordova\/","name":"Sonora en Equipo. Reforma electoral\u00a0 debe privilegiar autonom\u00eda,operatividad\u00a0 y pluralismo pol\u00edtico: Lorenzo C\u00f3rdova Rep\u00fablica","isPartOf":{"@id":"https:\/\/www.sonoraenequipo.com.mx\/#website"},"primaryImageOfPage":{"@id":"https:\/\/www.sonoraenequipo.com.mx\/reforma-electoral-debe-privilegiar-autonomiaoperatividad-y-pluralismo-politico-lorenzo-cordova\/#primaryimage"},"image":{"@id":"https:\/\/www.sonoraenequipo.com.mx\/reforma-electoral-debe-privilegiar-autonomiaoperatividad-y-pluralismo-politico-lorenzo-cordova\/#primaryimage"},"thumbnailUrl":"https:\/\/www.sonoraenequipo.com.mx\/storage\/2019\/06\/cordova-lorenzo.jpg","datePublished":"2019-06-18T22:39:33+00:00","description":"CIUDAD DE M\u00c9XICO.- El Consejero Presidente del Instituto Nacional Electoral (INE), Lorenzo C\u00f3rdova Vianello, advirti\u00f3 que abaratar las elecciones a trav\u00e9s En Sonora en Equipo publicamos toda la informaci\u00f3n de Sonora, M\u00e9xico y el Mundo de manera oportuna y busca que la libertad de expresi\u00f3n sea real. Visita nuestro medio informativo publicado desde Hermosillo, Sonora. %","breadcrumb":{"@id":"https:\/\/www.sonoraenequipo.com.mx\/reforma-electoral-debe-privilegiar-autonomiaoperatividad-y-pluralismo-politico-lorenzo-cordova\/#breadcrumb"},"inLanguage":"es","potentialAction":[{"@type":"ReadAction","target":["https:\/\/www.sonoraenequipo.com.mx\/reforma-electoral-debe-privilegiar-autonomiaoperatividad-y-pluralismo-politico-lorenzo-cordova\/"]}]},{"@type":"ImageObject","inLanguage":"es","@id":"https:\/\/www.sonoraenequipo.com.mx\/reforma-electoral-debe-privilegiar-autonomiaoperatividad-y-pluralismo-politico-lorenzo-cordova\/#primaryimage","url":"https:\/\/www.sonoraenequipo.com.mx\/storage\/2019\/06\/cordova-lorenzo.jpg","contentUrl":"https:\/\/www.sonoraenequipo.com.mx\/storage\/2019\/06\/cordova-lorenzo.jpg","width":450,"height":300},{"@type":"BreadcrumbList","@id":"https:\/\/www.sonoraenequipo.com.mx\/reforma-electoral-debe-privilegiar-autonomiaoperatividad-y-pluralismo-politico-lorenzo-cordova\/#breadcrumb","itemListElement":[{"@type":"ListItem","position":1,"name":"Portada","item":"https:\/\/www.sonoraenequipo.com.mx\/"},{"@type":"ListItem","position":2,"name":"Reforma electoral\u00a0 debe privilegiar autonom\u00eda,operatividad\u00a0 y pluralismo pol\u00edtico: Lorenzo C\u00f3rdova"}]},{"@type":"WebSite","@id":"https:\/\/www.sonoraenequipo.com.mx\/#website","url":"https:\/\/www.sonoraenequipo.com.mx\/","name":"Sonora en Equipo.","description":"Diario en l\u00ednea con Noticias desde Hermosillo, Sonora","publisher":{"@id":"https:\/\/www.sonoraenequipo.com.mx\/#organization"},"potentialAction":[{"@type":"SearchAction","target":{"@type":"EntryPoint","urlTemplate":"https:\/\/www.sonoraenequipo.com.mx\/?s={search_term_string}"},"query-input":{"@type":"PropertyValueSpecification","valueRequired":true,"valueName":"search_term_string"}}],"inLanguage":"es"},{"@type":"Organization","@id":"https:\/\/www.sonoraenequipo.com.mx\/#organization","name":"Sonoraenequipo.com.mx","url":"https:\/\/www.sonoraenequipo.com.mx\/","logo":{"@type":"ImageObject","inLanguage":"es","@id":"https:\/\/www.sonoraenequipo.com.mx\/#\/schema\/logo\/image\/","url":"https:\/\/www.sonoraenequipo.com.mx\/storage\/2019\/01\/sonoraenequipo_opt.png","contentUrl":"https:\/\/www.sonoraenequipo.com.mx\/storage\/2019\/01\/sonoraenequipo_opt.png","width":375,"height":125,"caption":"Sonoraenequipo.com.mx"},"image":{"@id":"https:\/\/www.sonoraenequipo.com.mx\/#\/schema\/logo\/image\/"},"sameAs":["https:\/\/www.facebook.com\/SonoraEE\/","https:\/\/x.com\/sonoraenequipo","https:\/\/www.youtube.com\/channel\/UC338nW-lPEYmJQs4ZABQ1SQ"]},{"@type":"Person","@id":"https:\/\/www.sonoraenequipo.com.mx\/#\/schema\/person\/61a39de478a1763473ad55e8a95fddf6","name":"enequipo","image":{"@type":"ImageObject","inLanguage":"es","@id":"https:\/\/www.sonoraenequipo.com.mx\/#\/schema\/person\/image\/","url":"https:\/\/secure.gravatar.com\/avatar\/e39bc3016d8af598aed3d770c9510dfc2795f37ea1733d99fcc6e97d2c3c9f5e?s=96&d=blank&r=g","contentUrl":"https:\/\/secure.gravatar.com\/avatar\/e39bc3016d8af598aed3d770c9510dfc2795f37ea1733d99fcc6e97d2c3c9f5e?s=96&d=blank&r=g","caption":"enequipo"}}]}},"jetpack_featured_media_url":"https:\/\/www.sonoraenequipo.com.mx\/storage\/2019\/06\/cordova-lorenzo.jpg","_links":{"self":[{"href":"https:\/\/www.sonoraenequipo.com.mx\/api\/wp\/v2\/posts\/62502","targetHints":{"allow":["GET"]}}],"collection":[{"href":"https:\/\/www.sonoraenequipo.com.mx\/api\/wp\/v2\/posts"}],"about":[{"href":"https:\/\/www.sonoraenequipo.com.mx\/api\/wp\/v2\/types\/post"}],"author":[{"embeddable":true,"href":"https:\/\/www.sonoraenequipo.com.mx\/api\/wp\/v2\/users\/178"}],"replies":[{"embeddable":true,"href":"https:\/\/www.sonoraenequipo.com.mx\/api\/wp\/v2\/comments?post=62502"}],"version-history":[{"count":0,"href":"https:\/\/www.sonoraenequipo.com.mx\/api\/wp\/v2\/posts\/62502\/revisions"}],"wp:featuredmedia":[{"embeddable":true,"href":"https:\/\/www.sonoraenequipo.com.mx\/api\/wp\/v2\/media\/62511"}],"wp:attachment":[{"href":"https:\/\/www.sonoraenequipo.com.mx\/api\/wp\/v2\/media?parent=62502"}],"wp:term":[{"taxonomy":"category","embeddable":true,"href":"https:\/\/www.sonoraenequipo.com.mx\/api\/wp\/v2\/categories?post=62502"},{"taxonomy":"post_tag","embeddable":true,"href":"https:\/\/www.sonoraenequipo.com.mx\/api\/wp\/v2\/tags?post=62502"}],"curies":[{"name":"wp","href":"https:\/\/api.w.org\/{rel}","templated":true}]}}