{"id":62503,"date":"2019-06-18T12:42:20","date_gmt":"2019-06-18T19:42:20","guid":{"rendered":"http:\/\/www.sonoraenequipo.com.mx\/?p=62503"},"modified":"2019-06-18T12:42:20","modified_gmt":"2019-06-18T19:42:20","slug":"el-cafe-en-exceso-reduce-el-tamano-de-los-senos","status":"publish","type":"post","link":"https:\/\/www.sonoraenequipo.com.mx\/el-cafe-en-exceso-reduce-el-tamano-de-los-senos\/","title":{"rendered":"El caf\u00e9 en exceso reduce el tama\u00f1o de los senos"},"content":{"rendered":"<p>CIUDAD DE M\u00c9XICO. MX. \u2014 &#8211; Una investigaci\u00f3n de la Universidad de Lund, Suecia encontr\u00f3 que las mujeres que beben caf\u00e9 en exceso presentan una reducci\u00f3n de senos. <\/p>\n<p>Este efecto negativo del caf\u00e9 en los senos se debe a que la bebida estimulante altera un gen que puede achicar los senos en un 17 por ciento.<\/p>\n<p>Pero no todas son malas noticias, ya que tambi\u00e9n encontraron efectos positivos tres sustancias encontradas en el caf\u00e9 para evitar el c\u00e1ncer de seno; la cafe\u00edna, la hidroxil hidroquinona y el kahweol.<\/p>\n<p>Al mismo tiempo, la cafe\u00edna ayuda a regular la cantidad de estr\u00f3genos, que en caso de encontrarse en cantidades elevadas se convierte en factor de riesgo para c\u00e1ncer de seno.<\/p>\n<p>El caf\u00e9 ha sido objeto de diversos estudios sobre el impacto que tiene en la salud. Investigadores de la Universidad del Sur de Australia encontraron que beber m\u00e1s de seis tazas de caf\u00e9 al d\u00eda podr\u00eda ser peligroso para la salud.<\/p>\n<p>Dos o tres tazas de caf\u00e9 pueden aportar beneficios para la vista, de acuerdo a investigadores de la Universidad Iusa de Coimbra ya que la cafe\u00edna ayuda a bajar la inflamaci\u00f3n de la retina en caso de isquemia. De esta manera, el consumo de dos o tres caf\u00e9s al d\u00eda resulta una pr\u00e1ctica saludable para proteger las c\u00e9lulas de la retina.<\/p>\n<p>Sin embargo, cuando esta sustancia se toma con moderaci\u00f3n y endulzado con sustituto de az\u00facar o amargo, suele tener beneficios y aporta elementos que ayudan a prolongar la vida.<\/p>\n<p>Una taza de caf\u00e9 negro aporta solamente dos calor\u00edas y sus efectos ben\u00e9ficos son muchos. Espabila, acelera la tasa metab\u00f3lica, y disminuye el riesgo de algunas enfermedades.<\/p>\n<p>Tambi\u00e9n ayuda en la p\u00e9rdida de peso, mejorar la concentraci\u00f3n mental y a realizar mejor la rutina de ejercicios.<\/p>\n<p>Beber caf\u00e9 se asocia con una disminuci\u00f3n de riesgo de padecer diabetes tipo 2 y de la enfermedad de Alzheimer. El caf\u00e9 es une fuente excelente de antioxidantes porque pueden impedir que las c\u00e9lulas se da\u00f1en.<\/p>\n<p>Sin embargo, los beneficios del caf\u00e9 se cancelan al momento de pedir elaboradas bebidas que adicionan ingredientes como los caf\u00e9s Frappuccinos, los caf\u00e9s helados con leches y endulzantes excesivos.<\/p>\n<p>Sin embargo se debe tomar en cuenta que la cafe\u00edna es adictiva, reducir el consumo de manera r\u00e1pida y dr\u00e1stica pues causar s\u00edntomas de abstinencia, como dolores de cabeza, mareos e irritabilidad. Tampoco es recomendable para los ni\u00f1os y esta recomendaci\u00f3n incluye todas las bebidas con cafe\u00edna y endulzantes excesivos.<\/p>\n<p>La mejor manera de saber s\u00ed es demasiado caf\u00e9 es pensar y poner atenci\u00f3n en c\u00f3mo se siente despu\u00e9s de haber bebido una taza de caf\u00e9, si se presentan s\u00edntomas como arritminas, es mejor parar de consumirlo.<\/p>\n<p>(Publicado el 18\/06\/2019 \/ Juan Leyva 18 de Junio de 2019<\/p>\n","protected":false},"excerpt":{"rendered":"<p>CIUDAD DE M\u00c9XICO. MX. \u2014 &#8211; Una investigaci\u00f3n de la Universidad de Lund, Suecia encontr\u00f3&#8230;<\/p>\n","protected":false},"author":1,"featured_media":62504,"comment_status":"open","ping_status":"open","sticky":false,"template":"","format":"standard","meta":{"_monsterinsights_skip_tracking":false,"_monsterinsights_sitenote_active":false,"_monsterinsights_sitenote_note":"","_monsterinsights_sitenote_category":0,"footnotes":""},"categories":[2216],"tags":[],"class_list":["post"],"yoast_head":" \n<title>Sonora en Equipo. El caf\u00e9 en exceso reduce el tama\u00f1o de los senos Ciencia y Tecnolog\u00eda<\/title>\n<meta name=\"description\" content=\"CIUDAD DE M\u00c9XICO. MX. \u2014 - Una investigaci\u00f3n de la Universidad de Lund, Suecia encontr\u00f3 que las mujeres que beben caf\u00e9 en exceso presentan una reducci\u00f3n de En Sonora en Equipo publicamos toda la informaci\u00f3n de Sonora, M\u00e9xico y el Mundo de manera oportuna y busca que la libertad de expresi\u00f3n sea real. Visita nuestro medio informativo publicado desde Hermosillo, Sonora. %\" \/>\n<meta name=\"robots\" content=\"index, follow, max-snippet:-1, max-image-preview:large, max-video-preview:-1\" \/>\n<link rel=\"canonical\" href=\"https:\/\/www.sonoraenequipo.com.mx\/el-cafe-en-exceso-reduce-el-tamano-de-los-senos\/\" \/>\n<meta property=\"og:locale\" content=\"es_ES\" \/>\n<meta property=\"og:type\" content=\"article\" \/>\n<meta property=\"og:title\" content=\"Sonora en Equipo. El caf\u00e9 en exceso reduce el tama\u00f1o de los senos Ciencia y Tecnolog\u00eda\" \/>\n<meta property=\"og:description\" content=\"CIUDAD DE M\u00c9XICO. MX. \u2014 - Una investigaci\u00f3n de la Universidad de Lund, Suecia encontr\u00f3 que las mujeres que beben caf\u00e9 en exceso presentan una reducci\u00f3n de En Sonora en Equipo publicamos toda la informaci\u00f3n de Sonora, M\u00e9xico y el Mundo de manera oportuna y busca que la libertad de expresi\u00f3n sea real. Visita nuestro medio informativo publicado desde Hermosillo, Sonora. %\" \/>\n<meta property=\"og:url\" content=\"https:\/\/www.sonoraenequipo.com.mx\/el-cafe-en-exceso-reduce-el-tamano-de-los-senos\/\" \/>\n<meta property=\"og:site_name\" content=\"Sonora en Equipo.\" \/>\n<meta property=\"article:publisher\" content=\"https:\/\/www.facebook.com\/SonoraEE\/\" \/>\n<meta property=\"article:author\" content=\"https:\/\/www.facebook.com\/SonoraEE\" \/>\n<meta property=\"article:published_time\" content=\"2019-06-18T19:42:20+00:00\" \/>\n<meta property=\"og:image\" content=\"https:\/\/www.sonoraenequipo.com.mx\/storage\/2019\/06\/beber_cafe_opt.jpg\" \/>\n\t<meta property=\"og:image:width\" content=\"400\" \/>\n\t<meta property=\"og:image:height\" content=\"500\" \/>\n\t<meta property=\"og:image:type\" content=\"image\/jpeg\" \/>\n<meta name=\"author\" content=\"enequipo\" \/>\n<meta name=\"twitter:card\" content=\"summary_large_image\" \/>\n<meta name=\"twitter:creator\" content=\"@sonoraenequipo\" \/>\n<meta name=\"twitter:site\" content=\"@sonoraenequipo\" \/>\n<meta name=\"twitter:label1\" content=\"Escrito por\" \/>\n\t<meta name=\"twitter:data1\" content=\"enequipo\" \/>\n\t<meta name=\"twitter:label2\" content=\"Tiempo de lectura\" \/>\n\t<meta name=\"twitter:data2\" content=\"2 minutos\" \/>\n<script type=\"application\/ld+json\" class=\"yoast-schema-graph\">{\"@context\":\"https:\/\/schema.org\",\"@graph\":[{\"@type\":\"Article\",\"@id\":\"https:\/\/www.sonoraenequipo.com.mx\/el-cafe-en-exceso-reduce-el-tamano-de-los-senos\/#article\",\"isPartOf\":{\"@id\":\"https:\/\/www.sonoraenequipo.com.mx\/el-cafe-en-exceso-reduce-el-tamano-de-los-senos\/\"},\"author\":{\"name\":\"enequipo\",\"@id\":\"https:\/\/www.sonoraenequipo.com.mx\/#\/schema\/person\/50102df0fb23a8fa9e8effad8fa81386\"},\"headline\":\"El caf\u00e9 en exceso reduce el tama\u00f1o de los senos\",\"datePublished\":\"2019-06-18T19:42:20+00:00\",\"mainEntityOfPage\":{\"@id\":\"https:\/\/www.sonoraenequipo.com.mx\/el-cafe-en-exceso-reduce-el-tamano-de-los-senos\/\"},\"wordCount\":504,\"commentCount\":0,\"publisher\":{\"@id\":\"https:\/\/www.sonoraenequipo.com.mx\/#organization\"},\"image\":{\"@id\":\"https:\/\/www.sonoraenequipo.com.mx\/el-cafe-en-exceso-reduce-el-tamano-de-los-senos\/#primaryimage\"},\"thumbnailUrl\":\"https:\/\/www.sonoraenequipo.com.mx\/storage\/2019\/06\/beber_cafe_opt.jpg\",\"articleSection\":[\"Ciencia y Tecnolog\u00eda\"],\"inLanguage\":\"es\",\"potentialAction\":[{\"@type\":\"CommentAction\",\"name\":\"Comment\",\"target\":[\"https:\/\/www.sonoraenequipo.com.mx\/el-cafe-en-exceso-reduce-el-tamano-de-los-senos\/#respond\"]}]},{\"@type\":\"WebPage\",\"@id\":\"https:\/\/www.sonoraenequipo.com.mx\/el-cafe-en-exceso-reduce-el-tamano-de-los-senos\/\",\"url\":\"https:\/\/www.sonoraenequipo.com.mx\/el-cafe-en-exceso-reduce-el-tamano-de-los-senos\/\",\"name\":\"Sonora en Equipo. El caf\u00e9 en exceso reduce el tama\u00f1o de los senos Ciencia y Tecnolog\u00eda\",\"isPartOf\":{\"@id\":\"https:\/\/www.sonoraenequipo.com.mx\/#website\"},\"primaryImageOfPage\":{\"@id\":\"https:\/\/www.sonoraenequipo.com.mx\/el-cafe-en-exceso-reduce-el-tamano-de-los-senos\/#primaryimage\"},\"image\":{\"@id\":\"https:\/\/www.sonoraenequipo.com.mx\/el-cafe-en-exceso-reduce-el-tamano-de-los-senos\/#primaryimage\"},\"thumbnailUrl\":\"https:\/\/www.sonoraenequipo.com.mx\/storage\/2019\/06\/beber_cafe_opt.jpg\",\"datePublished\":\"2019-06-18T19:42:20+00:00\",\"description\":\"CIUDAD DE M\u00c9XICO. MX. \u2014 - Una investigaci\u00f3n de la Universidad de Lund, Suecia encontr\u00f3 que las mujeres que beben caf\u00e9 en exceso presentan una reducci\u00f3n de En Sonora en Equipo publicamos toda la informaci\u00f3n de Sonora, M\u00e9xico y el Mundo de manera oportuna y busca que la libertad de expresi\u00f3n sea real. Visita nuestro medio informativo publicado desde Hermosillo, Sonora. %\",\"breadcrumb\":{\"@id\":\"https:\/\/www.sonoraenequipo.com.mx\/el-cafe-en-exceso-reduce-el-tamano-de-los-senos\/#breadcrumb\"},\"inLanguage\":\"es\",\"potentialAction\":[{\"@type\":\"ReadAction\",\"target\":[\"https:\/\/www.sonoraenequipo.com.mx\/el-cafe-en-exceso-reduce-el-tamano-de-los-senos\/\"]}]},{\"@type\":\"ImageObject\",\"inLanguage\":\"es\",\"@id\":\"https:\/\/www.sonoraenequipo.com.mx\/el-cafe-en-exceso-reduce-el-tamano-de-los-senos\/#primaryimage\",\"url\":\"https:\/\/www.sonoraenequipo.com.mx\/storage\/2019\/06\/beber_cafe_opt.jpg\",\"contentUrl\":\"https:\/\/www.sonoraenequipo.com.mx\/storage\/2019\/06\/beber_cafe_opt.jpg\",\"width\":400,\"height\":500},{\"@type\":\"BreadcrumbList\",\"@id\":\"https:\/\/www.sonoraenequipo.com.mx\/el-cafe-en-exceso-reduce-el-tamano-de-los-senos\/#breadcrumb\",\"itemListElement\":[{\"@type\":\"ListItem\",\"position\":1,\"name\":\"Portada\",\"item\":\"https:\/\/www.sonoraenequipo.com.mx\/\"},{\"@type\":\"ListItem\",\"position\":2,\"name\":\"El caf\u00e9 en exceso reduce el tama\u00f1o de los senos\"}]},{\"@type\":\"WebSite\",\"@id\":\"https:\/\/www.sonoraenequipo.com.mx\/#website\",\"url\":\"https:\/\/www.sonoraenequipo.com.mx\/\",\"name\":\"Sonora en Equipo.\",\"description\":\"Diario en l\u00ednea con Noticias desde Hermosillo, Sonora\",\"publisher\":{\"@id\":\"https:\/\/www.sonoraenequipo.com.mx\/#organization\"},\"potentialAction\":[{\"@type\":\"SearchAction\",\"target\":{\"@type\":\"EntryPoint\",\"urlTemplate\":\"https:\/\/www.sonoraenequipo.com.mx\/?s={search_term_string}\"},\"query-input\":{\"@type\":\"PropertyValueSpecification\",\"valueRequired\":true,\"valueName\":\"search_term_string\"}}],\"inLanguage\":\"es\"},{\"@type\":\"Organization\",\"@id\":\"https:\/\/www.sonoraenequipo.com.mx\/#organization\",\"name\":\"Sonoraenequipo.com.mx\",\"url\":\"https:\/\/www.sonoraenequipo.com.mx\/\",\"logo\":{\"@type\":\"ImageObject\",\"inLanguage\":\"es\",\"@id\":\"https:\/\/www.sonoraenequipo.com.mx\/#\/schema\/logo\/image\/\",\"url\":\"https:\/\/www.sonoraenequipo.com.mx\/storage\/2019\/01\/sonoraenequipo_opt.png\",\"contentUrl\":\"https:\/\/www.sonoraenequipo.com.mx\/storage\/2019\/01\/sonoraenequipo_opt.png\",\"width\":375,\"height\":125,\"caption\":\"Sonoraenequipo.com.mx\"},\"image\":{\"@id\":\"https:\/\/www.sonoraenequipo.com.mx\/#\/schema\/logo\/image\/\"},\"sameAs\":[\"https:\/\/www.facebook.com\/SonoraEE\/\",\"https:\/\/x.com\/sonoraenequipo\",\"https:\/\/www.youtube.com\/channel\/UC338nW-lPEYmJQs4ZABQ1SQ\"]},{\"@type\":\"Person\",\"@id\":\"https:\/\/www.sonoraenequipo.com.mx\/#\/schema\/person\/50102df0fb23a8fa9e8effad8fa81386\",\"name\":\"enequipo\",\"image\":{\"@type\":\"ImageObject\",\"inLanguage\":\"es\",\"@id\":\"https:\/\/www.sonoraenequipo.com.mx\/#\/schema\/person\/image\/\",\"url\":\"https:\/\/secure.gravatar.com\/avatar\/049821681b589dabc0bc20695993ccebb09f5b5d4d790cd9251b97faac7c652b?s=96&d=blank&r=g\",\"contentUrl\":\"https:\/\/secure.gravatar.com\/avatar\/049821681b589dabc0bc20695993ccebb09f5b5d4d790cd9251b97faac7c652b?s=96&d=blank&r=g\",\"caption\":\"enequipo\"},\"sameAs\":[\"https:\/\/www.facebook.com\/SonoraEE\"]}]}<\/script>\n ","yoast_head_json":{"title":"Sonora en Equipo. El caf\u00e9 en exceso reduce el tama\u00f1o de los senos Ciencia y Tecnolog\u00eda","description":"CIUDAD DE M\u00c9XICO. MX. \u2014 - Una investigaci\u00f3n de la Universidad de Lund, Suecia encontr\u00f3 que las mujeres que beben caf\u00e9 en exceso presentan una reducci\u00f3n de En Sonora en Equipo publicamos toda la informaci\u00f3n de Sonora, M\u00e9xico y el Mundo de manera oportuna y busca que la libertad de expresi\u00f3n sea real. Visita nuestro medio informativo publicado desde Hermosillo, Sonora. %","robots":{"index":"index","follow":"follow","max-snippet":"max-snippet:-1","max-image-preview":"max-image-preview:large","max-video-preview":"max-video-preview:-1"},"canonical":"https:\/\/www.sonoraenequipo.com.mx\/el-cafe-en-exceso-reduce-el-tamano-de-los-senos\/","og_locale":"es_ES","og_type":"article","og_title":"Sonora en Equipo. El caf\u00e9 en exceso reduce el tama\u00f1o de los senos Ciencia y Tecnolog\u00eda","og_description":"CIUDAD DE M\u00c9XICO. MX. \u2014 - Una investigaci\u00f3n de la Universidad de Lund, Suecia encontr\u00f3 que las mujeres que beben caf\u00e9 en exceso presentan una reducci\u00f3n de En Sonora en Equipo publicamos toda la informaci\u00f3n de Sonora, M\u00e9xico y el Mundo de manera oportuna y busca que la libertad de expresi\u00f3n sea real. Visita nuestro medio informativo publicado desde Hermosillo, Sonora. %","og_url":"https:\/\/www.sonoraenequipo.com.mx\/el-cafe-en-exceso-reduce-el-tamano-de-los-senos\/","og_site_name":"Sonora en Equipo.","article_publisher":"https:\/\/www.facebook.com\/SonoraEE\/","article_author":"https:\/\/www.facebook.com\/SonoraEE","article_published_time":"2019-06-18T19:42:20+00:00","og_image":[{"width":400,"height":500,"url":"https:\/\/www.sonoraenequipo.com.mx\/storage\/2019\/06\/beber_cafe_opt.jpg","type":"image\/jpeg"}],"author":"enequipo","twitter_card":"summary_large_image","twitter_creator":"@sonoraenequipo","twitter_site":"@sonoraenequipo","twitter_misc":{"Escrito por":"enequipo","Tiempo de lectura":"2 minutos"},"schema":{"@context":"https:\/\/schema.org","@graph":[{"@type":"Article","@id":"https:\/\/www.sonoraenequipo.com.mx\/el-cafe-en-exceso-reduce-el-tamano-de-los-senos\/#article","isPartOf":{"@id":"https:\/\/www.sonoraenequipo.com.mx\/el-cafe-en-exceso-reduce-el-tamano-de-los-senos\/"},"author":{"name":"enequipo","@id":"https:\/\/www.sonoraenequipo.com.mx\/#\/schema\/person\/50102df0fb23a8fa9e8effad8fa81386"},"headline":"El caf\u00e9 en exceso reduce el tama\u00f1o de los senos","datePublished":"2019-06-18T19:42:20+00:00","mainEntityOfPage":{"@id":"https:\/\/www.sonoraenequipo.com.mx\/el-cafe-en-exceso-reduce-el-tamano-de-los-senos\/"},"wordCount":504,"commentCount":0,"publisher":{"@id":"https:\/\/www.sonoraenequipo.com.mx\/#organization"},"image":{"@id":"https:\/\/www.sonoraenequipo.com.mx\/el-cafe-en-exceso-reduce-el-tamano-de-los-senos\/#primaryimage"},"thumbnailUrl":"https:\/\/www.sonoraenequipo.com.mx\/storage\/2019\/06\/beber_cafe_opt.jpg","articleSection":["Ciencia y Tecnolog\u00eda"],"inLanguage":"es","potentialAction":[{"@type":"CommentAction","name":"Comment","target":["https:\/\/www.sonoraenequipo.com.mx\/el-cafe-en-exceso-reduce-el-tamano-de-los-senos\/#respond"]}]},{"@type":"WebPage","@id":"https:\/\/www.sonoraenequipo.com.mx\/el-cafe-en-exceso-reduce-el-tamano-de-los-senos\/","url":"https:\/\/www.sonoraenequipo.com.mx\/el-cafe-en-exceso-reduce-el-tamano-de-los-senos\/","name":"Sonora en Equipo. El caf\u00e9 en exceso reduce el tama\u00f1o de los senos Ciencia y Tecnolog\u00eda","isPartOf":{"@id":"https:\/\/www.sonoraenequipo.com.mx\/#website"},"primaryImageOfPage":{"@id":"https:\/\/www.sonoraenequipo.com.mx\/el-cafe-en-exceso-reduce-el-tamano-de-los-senos\/#primaryimage"},"image":{"@id":"https:\/\/www.sonoraenequipo.com.mx\/el-cafe-en-exceso-reduce-el-tamano-de-los-senos\/#primaryimage"},"thumbnailUrl":"https:\/\/www.sonoraenequipo.com.mx\/storage\/2019\/06\/beber_cafe_opt.jpg","datePublished":"2019-06-18T19:42:20+00:00","description":"CIUDAD DE M\u00c9XICO. MX. \u2014 - Una investigaci\u00f3n de la Universidad de Lund, Suecia encontr\u00f3 que las mujeres que beben caf\u00e9 en exceso presentan una reducci\u00f3n de En Sonora en Equipo publicamos toda la informaci\u00f3n de Sonora, M\u00e9xico y el Mundo de manera oportuna y busca que la libertad de expresi\u00f3n sea real. Visita nuestro medio informativo publicado desde Hermosillo, Sonora. %","breadcrumb":{"@id":"https:\/\/www.sonoraenequipo.com.mx\/el-cafe-en-exceso-reduce-el-tamano-de-los-senos\/#breadcrumb"},"inLanguage":"es","potentialAction":[{"@type":"ReadAction","target":["https:\/\/www.sonoraenequipo.com.mx\/el-cafe-en-exceso-reduce-el-tamano-de-los-senos\/"]}]},{"@type":"ImageObject","inLanguage":"es","@id":"https:\/\/www.sonoraenequipo.com.mx\/el-cafe-en-exceso-reduce-el-tamano-de-los-senos\/#primaryimage","url":"https:\/\/www.sonoraenequipo.com.mx\/storage\/2019\/06\/beber_cafe_opt.jpg","contentUrl":"https:\/\/www.sonoraenequipo.com.mx\/storage\/2019\/06\/beber_cafe_opt.jpg","width":400,"height":500},{"@type":"BreadcrumbList","@id":"https:\/\/www.sonoraenequipo.com.mx\/el-cafe-en-exceso-reduce-el-tamano-de-los-senos\/#breadcrumb","itemListElement":[{"@type":"ListItem","position":1,"name":"Portada","item":"https:\/\/www.sonoraenequipo.com.mx\/"},{"@type":"ListItem","position":2,"name":"El caf\u00e9 en exceso reduce el tama\u00f1o de los senos"}]},{"@type":"WebSite","@id":"https:\/\/www.sonoraenequipo.com.mx\/#website","url":"https:\/\/www.sonoraenequipo.com.mx\/","name":"Sonora en Equipo.","description":"Diario en l\u00ednea con Noticias desde Hermosillo, Sonora","publisher":{"@id":"https:\/\/www.sonoraenequipo.com.mx\/#organization"},"potentialAction":[{"@type":"SearchAction","target":{"@type":"EntryPoint","urlTemplate":"https:\/\/www.sonoraenequipo.com.mx\/?s={search_term_string}"},"query-input":{"@type":"PropertyValueSpecification","valueRequired":true,"valueName":"search_term_string"}}],"inLanguage":"es"},{"@type":"Organization","@id":"https:\/\/www.sonoraenequipo.com.mx\/#organization","name":"Sonoraenequipo.com.mx","url":"https:\/\/www.sonoraenequipo.com.mx\/","logo":{"@type":"ImageObject","inLanguage":"es","@id":"https:\/\/www.sonoraenequipo.com.mx\/#\/schema\/logo\/image\/","url":"https:\/\/www.sonoraenequipo.com.mx\/storage\/2019\/01\/sonoraenequipo_opt.png","contentUrl":"https:\/\/www.sonoraenequipo.com.mx\/storage\/2019\/01\/sonoraenequipo_opt.png","width":375,"height":125,"caption":"Sonoraenequipo.com.mx"},"image":{"@id":"https:\/\/www.sonoraenequipo.com.mx\/#\/schema\/logo\/image\/"},"sameAs":["https:\/\/www.facebook.com\/SonoraEE\/","https:\/\/x.com\/sonoraenequipo","https:\/\/www.youtube.com\/channel\/UC338nW-lPEYmJQs4ZABQ1SQ"]},{"@type":"Person","@id":"https:\/\/www.sonoraenequipo.com.mx\/#\/schema\/person\/50102df0fb23a8fa9e8effad8fa81386","name":"enequipo","image":{"@type":"ImageObject","inLanguage":"es","@id":"https:\/\/www.sonoraenequipo.com.mx\/#\/schema\/person\/image\/","url":"https:\/\/secure.gravatar.com\/avatar\/049821681b589dabc0bc20695993ccebb09f5b5d4d790cd9251b97faac7c652b?s=96&d=blank&r=g","contentUrl":"https:\/\/secure.gravatar.com\/avatar\/049821681b589dabc0bc20695993ccebb09f5b5d4d790cd9251b97faac7c652b?s=96&d=blank&r=g","caption":"enequipo"},"sameAs":["https:\/\/www.facebook.com\/SonoraEE"]}]}},"jetpack_featured_media_url":"https:\/\/www.sonoraenequipo.com.mx\/storage\/2019\/06\/beber_cafe_opt.jpg","_links":{"self":[{"href":"https:\/\/www.sonoraenequipo.com.mx\/api\/wp\/v2\/posts\/62503","targetHints":{"allow":["GET"]}}],"collection":[{"href":"https:\/\/www.sonoraenequipo.com.mx\/api\/wp\/v2\/posts"}],"about":[{"href":"https:\/\/www.sonoraenequipo.com.mx\/api\/wp\/v2\/types\/post"}],"author":[{"embeddable":true,"href":"https:\/\/www.sonoraenequipo.com.mx\/api\/wp\/v2\/users\/1"}],"replies":[{"embeddable":true,"href":"https:\/\/www.sonoraenequipo.com.mx\/api\/wp\/v2\/comments?post=62503"}],"version-history":[{"count":0,"href":"https:\/\/www.sonoraenequipo.com.mx\/api\/wp\/v2\/posts\/62503\/revisions"}],"wp:featuredmedia":[{"embeddable":true,"href":"https:\/\/www.sonoraenequipo.com.mx\/api\/wp\/v2\/media\/62504"}],"wp:attachment":[{"href":"https:\/\/www.sonoraenequipo.com.mx\/api\/wp\/v2\/media?parent=62503"}],"wp:term":[{"taxonomy":"category","embeddable":true,"href":"https:\/\/www.sonoraenequipo.com.mx\/api\/wp\/v2\/categories?post=62503"},{"taxonomy":"post_tag","embeddable":true,"href":"https:\/\/www.sonoraenequipo.com.mx\/api\/wp\/v2\/tags?post=62503"}],"curies":[{"name":"wp","href":"https:\/\/api.w.org\/{rel}","templated":true}]}}