{"id":62507,"date":"2019-06-18T13:10:01","date_gmt":"2019-06-18T20:10:01","guid":{"rendered":"http:\/\/www.sonoraenequipo.com.mx\/?p=62507"},"modified":"2019-06-18T12:48:56","modified_gmt":"2019-06-18T19:48:56","slug":"pena-nieto-rechaza-falsas-imputaciones-en-su-contra","status":"publish","type":"post","link":"https:\/\/www.sonoraenequipo.com.mx\/pena-nieto-rechaza-falsas-imputaciones-en-su-contra\/","title":{"rendered":"Pe\u00f1a Nieto rechaza falsas imputaciones en su contra"},"content":{"rendered":"<p>CIUDAD DE M\u00c9XICO. MX. \u2014 Las primeras horas de este martes fue publicado por el diario El Universal que autoridades de Estados Unidos tienen una investigaci\u00f3n contra Enrique Pe\u00f1a Nieto por corrupci\u00f3n en Pemex. <\/p>\n<p>Tras dicho se\u00f1alamiento el ex presidente de M\u00e9xico, Enrique Pe\u00f1a Nieto (2012-2018) neg\u00f3 y rechaz\u00f3 \u00abcateg\u00f3ricamente las falsas imputaciones en mi contra\u00bb.<\/p>\n<p>El pronunciamiento lo hizo a trav\u00e9s de Twitter y adem\u00e1s del rechazo dijo que este caso <em>\u00abno es la primera vez que se pretende inculparme de mala fe y sin fundamento alguno\u00bb.<\/em><\/p>\n<p><em>\u00abRechazo categ\u00f3ricamente las falsas imputaciones en mi contra, publicadas esta ma\u00f1ana en distintos medios y atribuidas a un supuesto informante. No es la primera vez que se pretende inculparme de mala fe y sin fundamento alguno. Por supuesto, mienten\u00bb.<\/em><\/p>\n<h3>La acusaci\u00f3n contra Pe\u00f1a Nieto<\/h3>\n<p>El Universal public\u00f3 que el Departamento de Justicia de Estados Unidos y la Securities and Exchange Commission se\u00f1alan en un informe que el expresidente, del Partido Revolucionario Institucional (PRI), pudo haber recibido un soborno al autorizar en 2015 la compra de una empresa de fertilizantes -Fertinal- con un costo excesivo por parte de Petr\u00f3leos Mexicanos (Pemex).<\/p>\n<p>Seg\u00fan los documentos, Pe\u00f1a Nieto dio el aval al exdirector de Pemex Emilio Lozoya -hoy perseguido por la ley y en paradero desconocido- para que comprara Fertinal por 635 millones de d\u00f3lares, pese a que la empresa era insolvente y ten\u00eda una deuda gigante.<\/p>\n<p>Cuestionado sobre el tema, el presidente de M\u00e9xico, Andr\u00e9s Manuel L\u00f3pez Obrador, defendi\u00f3 este martes que exista una investigaci\u00f3n por presunta corrupci\u00f3n en la compra de una planta de fertilizantes.<\/p>\n<p>El presidente empez\u00f3 asegurando que no hab\u00eda visto la nota y no ten\u00eda informaci\u00f3n.<\/p>\n<p>No obstante, continu\u00f3 explicando que existe en la Fiscal\u00eda General de la Rep\u00fablica (FGR) una investigaci\u00f3n sobre la planta Fertinal, una operaci\u00f3n de dudoso fin que atribuy\u00f3 al<em> \u00abneoliberalismo\u00bb.<\/em><\/p>\n<p>Le preguntaron si a Pe\u00f1a Nieto se le dar\u00eda el mismo trato que a Lozoya si Estados Unidos le ped\u00eda informaci\u00f3n. <em>\u00abA todos (el mismo), no puede haber impunidad\u00bb<\/em>, apunt\u00f3.<\/p>\n<p>Pero record\u00f3 que \u00e9l, como ha defendido desde hace meses, est\u00e1 a favor de mirar hacia el futuro y no perseguir a expresidentes para no quedarse<em> \u00abanclados en el pasado\u00bb.<\/em><\/p>\n<p><em>\u00ab\u00bfEsta informaci\u00f3n pas\u00f3 por manos de Enrique Pe\u00f1a Nieto?\u00bb<\/em>, le pregunt\u00f3 finalmente la prensa.<\/p>\n<p><em>\u00abNo sabemos, pero est\u00e1 abierta la investigaci\u00f3n. Es muy dif\u00edcil que el presidente de la Rep\u00fablica no se entere de un negocio de esta magnitud\u00bb, <\/em>remach\u00f3 el l\u00edder izquierdista, quien dijo que no es<em> \u00absu fuerte la venganza\u00bb.<\/em><\/p>\n<p>(Publicado el 18\/06\/2019 \/ Kevin Miranda )<\/p>\n","protected":false},"excerpt":{"rendered":"<p>CIUDAD DE M\u00c9XICO. MX. \u2014 Las primeras horas de este martes fue publicado por el&#8230;<\/p>\n","protected":false},"author":1,"featured_media":62508,"comment_status":"open","ping_status":"open","sticky":false,"template":"","format":"standard","meta":{"_monsterinsights_skip_tracking":false,"_monsterinsights_sitenote_active":false,"_monsterinsights_sitenote_note":"","_monsterinsights_sitenote_category":0,"footnotes":""},"categories":[5],"tags":[],"class_list":["post"],"yoast_head":" \n<title>Sonora en Equipo. Pe\u00f1a Nieto rechaza falsas imputaciones en su contra Rep\u00fablica<\/title>\n<meta name=\"description\" content=\"CIUDAD DE M\u00c9XICO. MX. \u2014 Las primeras horas de este martes fue publicado por el diario El Universal que autoridades de Estados Unidos tienen una En Sonora en Equipo publicamos toda la informaci\u00f3n de Sonora, M\u00e9xico y el Mundo de manera oportuna y busca que la libertad de expresi\u00f3n sea real. Visita nuestro medio informativo publicado desde Hermosillo, Sonora. %\" \/>\n<meta name=\"robots\" content=\"index, follow, max-snippet:-1, max-image-preview:large, max-video-preview:-1\" \/>\n<link rel=\"canonical\" href=\"https:\/\/www.sonoraenequipo.com.mx\/pena-nieto-rechaza-falsas-imputaciones-en-su-contra\/\" \/>\n<meta property=\"og:locale\" content=\"es_ES\" \/>\n<meta property=\"og:type\" content=\"article\" \/>\n<meta property=\"og:title\" content=\"Sonora en Equipo. Pe\u00f1a Nieto rechaza falsas imputaciones en su contra Rep\u00fablica\" \/>\n<meta property=\"og:description\" content=\"CIUDAD DE M\u00c9XICO. MX. \u2014 Las primeras horas de este martes fue publicado por el diario El Universal que autoridades de Estados Unidos tienen una En Sonora en Equipo publicamos toda la informaci\u00f3n de Sonora, M\u00e9xico y el Mundo de manera oportuna y busca que la libertad de expresi\u00f3n sea real. Visita nuestro medio informativo publicado desde Hermosillo, Sonora. %\" \/>\n<meta property=\"og:url\" content=\"https:\/\/www.sonoraenequipo.com.mx\/pena-nieto-rechaza-falsas-imputaciones-en-su-contra\/\" \/>\n<meta property=\"og:site_name\" content=\"Sonora en Equipo.\" \/>\n<meta property=\"article:publisher\" content=\"https:\/\/www.facebook.com\/SonoraEE\/\" \/>\n<meta property=\"article:author\" content=\"https:\/\/www.facebook.com\/SonoraEE\" \/>\n<meta property=\"article:published_time\" content=\"2019-06-18T20:10:01+00:00\" \/>\n<meta property=\"og:image\" content=\"https:\/\/www.sonoraenequipo.com.mx\/storage\/2019\/06\/pe\u00f1anieto_opt.jpg\" \/>\n\t<meta property=\"og:image:width\" content=\"711\" \/>\n\t<meta property=\"og:image:height\" content=\"400\" \/>\n\t<meta property=\"og:image:type\" content=\"image\/jpeg\" \/>\n<meta name=\"author\" content=\"enequipo\" \/>\n<meta name=\"twitter:card\" content=\"summary_large_image\" \/>\n<meta name=\"twitter:creator\" content=\"@sonoraenequipo\" \/>\n<meta name=\"twitter:site\" content=\"@sonoraenequipo\" \/>\n<meta name=\"twitter:label1\" content=\"Escrito por\" \/>\n\t<meta name=\"twitter:data1\" content=\"enequipo\" \/>\n\t<meta name=\"twitter:label2\" content=\"Tiempo de lectura\" \/>\n\t<meta name=\"twitter:data2\" content=\"2 minutos\" \/>\n<script type=\"application\/ld+json\" class=\"yoast-schema-graph\">{\"@context\":\"https:\/\/schema.org\",\"@graph\":[{\"@type\":\"Article\",\"@id\":\"https:\/\/www.sonoraenequipo.com.mx\/pena-nieto-rechaza-falsas-imputaciones-en-su-contra\/#article\",\"isPartOf\":{\"@id\":\"https:\/\/www.sonoraenequipo.com.mx\/pena-nieto-rechaza-falsas-imputaciones-en-su-contra\/\"},\"author\":{\"name\":\"enequipo\",\"@id\":\"https:\/\/www.sonoraenequipo.com.mx\/#\/schema\/person\/50102df0fb23a8fa9e8effad8fa81386\"},\"headline\":\"Pe\u00f1a Nieto rechaza falsas imputaciones en su contra\",\"datePublished\":\"2019-06-18T20:10:01+00:00\",\"mainEntityOfPage\":{\"@id\":\"https:\/\/www.sonoraenequipo.com.mx\/pena-nieto-rechaza-falsas-imputaciones-en-su-contra\/\"},\"wordCount\":469,\"commentCount\":0,\"publisher\":{\"@id\":\"https:\/\/www.sonoraenequipo.com.mx\/#organization\"},\"image\":{\"@id\":\"https:\/\/www.sonoraenequipo.com.mx\/pena-nieto-rechaza-falsas-imputaciones-en-su-contra\/#primaryimage\"},\"thumbnailUrl\":\"https:\/\/www.sonoraenequipo.com.mx\/storage\/2019\/06\/pe\u00f1anieto_opt.jpg\",\"articleSection\":[\"Rep\u00fablica\"],\"inLanguage\":\"es\",\"potentialAction\":[{\"@type\":\"CommentAction\",\"name\":\"Comment\",\"target\":[\"https:\/\/www.sonoraenequipo.com.mx\/pena-nieto-rechaza-falsas-imputaciones-en-su-contra\/#respond\"]}]},{\"@type\":\"WebPage\",\"@id\":\"https:\/\/www.sonoraenequipo.com.mx\/pena-nieto-rechaza-falsas-imputaciones-en-su-contra\/\",\"url\":\"https:\/\/www.sonoraenequipo.com.mx\/pena-nieto-rechaza-falsas-imputaciones-en-su-contra\/\",\"name\":\"Sonora en Equipo. Pe\u00f1a Nieto rechaza falsas imputaciones en su contra Rep\u00fablica\",\"isPartOf\":{\"@id\":\"https:\/\/www.sonoraenequipo.com.mx\/#website\"},\"primaryImageOfPage\":{\"@id\":\"https:\/\/www.sonoraenequipo.com.mx\/pena-nieto-rechaza-falsas-imputaciones-en-su-contra\/#primaryimage\"},\"image\":{\"@id\":\"https:\/\/www.sonoraenequipo.com.mx\/pena-nieto-rechaza-falsas-imputaciones-en-su-contra\/#primaryimage\"},\"thumbnailUrl\":\"https:\/\/www.sonoraenequipo.com.mx\/storage\/2019\/06\/pe\u00f1anieto_opt.jpg\",\"datePublished\":\"2019-06-18T20:10:01+00:00\",\"description\":\"CIUDAD DE M\u00c9XICO. MX. \u2014 Las primeras horas de este martes fue publicado por el diario El Universal que autoridades de Estados Unidos tienen una En Sonora en Equipo publicamos toda la informaci\u00f3n de Sonora, M\u00e9xico y el Mundo de manera oportuna y busca que la libertad de expresi\u00f3n sea real. Visita nuestro medio informativo publicado desde Hermosillo, Sonora. %\",\"breadcrumb\":{\"@id\":\"https:\/\/www.sonoraenequipo.com.mx\/pena-nieto-rechaza-falsas-imputaciones-en-su-contra\/#breadcrumb\"},\"inLanguage\":\"es\",\"potentialAction\":[{\"@type\":\"ReadAction\",\"target\":[\"https:\/\/www.sonoraenequipo.com.mx\/pena-nieto-rechaza-falsas-imputaciones-en-su-contra\/\"]}]},{\"@type\":\"ImageObject\",\"inLanguage\":\"es\",\"@id\":\"https:\/\/www.sonoraenequipo.com.mx\/pena-nieto-rechaza-falsas-imputaciones-en-su-contra\/#primaryimage\",\"url\":\"https:\/\/www.sonoraenequipo.com.mx\/storage\/2019\/06\/pe\u00f1anieto_opt.jpg\",\"contentUrl\":\"https:\/\/www.sonoraenequipo.com.mx\/storage\/2019\/06\/pe\u00f1anieto_opt.jpg\",\"width\":711,\"height\":400},{\"@type\":\"BreadcrumbList\",\"@id\":\"https:\/\/www.sonoraenequipo.com.mx\/pena-nieto-rechaza-falsas-imputaciones-en-su-contra\/#breadcrumb\",\"itemListElement\":[{\"@type\":\"ListItem\",\"position\":1,\"name\":\"Portada\",\"item\":\"https:\/\/www.sonoraenequipo.com.mx\/\"},{\"@type\":\"ListItem\",\"position\":2,\"name\":\"Pe\u00f1a Nieto rechaza falsas imputaciones en su contra\"}]},{\"@type\":\"WebSite\",\"@id\":\"https:\/\/www.sonoraenequipo.com.mx\/#website\",\"url\":\"https:\/\/www.sonoraenequipo.com.mx\/\",\"name\":\"Sonora en Equipo.\",\"description\":\"Diario en l\u00ednea con Noticias desde Hermosillo, Sonora\",\"publisher\":{\"@id\":\"https:\/\/www.sonoraenequipo.com.mx\/#organization\"},\"potentialAction\":[{\"@type\":\"SearchAction\",\"target\":{\"@type\":\"EntryPoint\",\"urlTemplate\":\"https:\/\/www.sonoraenequipo.com.mx\/?s={search_term_string}\"},\"query-input\":{\"@type\":\"PropertyValueSpecification\",\"valueRequired\":true,\"valueName\":\"search_term_string\"}}],\"inLanguage\":\"es\"},{\"@type\":\"Organization\",\"@id\":\"https:\/\/www.sonoraenequipo.com.mx\/#organization\",\"name\":\"Sonoraenequipo.com.mx\",\"url\":\"https:\/\/www.sonoraenequipo.com.mx\/\",\"logo\":{\"@type\":\"ImageObject\",\"inLanguage\":\"es\",\"@id\":\"https:\/\/www.sonoraenequipo.com.mx\/#\/schema\/logo\/image\/\",\"url\":\"https:\/\/www.sonoraenequipo.com.mx\/storage\/2019\/01\/sonoraenequipo_opt.png\",\"contentUrl\":\"https:\/\/www.sonoraenequipo.com.mx\/storage\/2019\/01\/sonoraenequipo_opt.png\",\"width\":375,\"height\":125,\"caption\":\"Sonoraenequipo.com.mx\"},\"image\":{\"@id\":\"https:\/\/www.sonoraenequipo.com.mx\/#\/schema\/logo\/image\/\"},\"sameAs\":[\"https:\/\/www.facebook.com\/SonoraEE\/\",\"https:\/\/x.com\/sonoraenequipo\",\"https:\/\/www.youtube.com\/channel\/UC338nW-lPEYmJQs4ZABQ1SQ\"]},{\"@type\":\"Person\",\"@id\":\"https:\/\/www.sonoraenequipo.com.mx\/#\/schema\/person\/50102df0fb23a8fa9e8effad8fa81386\",\"name\":\"enequipo\",\"image\":{\"@type\":\"ImageObject\",\"inLanguage\":\"es\",\"@id\":\"https:\/\/www.sonoraenequipo.com.mx\/#\/schema\/person\/image\/\",\"url\":\"https:\/\/secure.gravatar.com\/avatar\/049821681b589dabc0bc20695993ccebb09f5b5d4d790cd9251b97faac7c652b?s=96&d=blank&r=g\",\"contentUrl\":\"https:\/\/secure.gravatar.com\/avatar\/049821681b589dabc0bc20695993ccebb09f5b5d4d790cd9251b97faac7c652b?s=96&d=blank&r=g\",\"caption\":\"enequipo\"},\"sameAs\":[\"https:\/\/www.facebook.com\/SonoraEE\"]}]}<\/script>\n ","yoast_head_json":{"title":"Sonora en Equipo. Pe\u00f1a Nieto rechaza falsas imputaciones en su contra Rep\u00fablica","description":"CIUDAD DE M\u00c9XICO. MX. \u2014 Las primeras horas de este martes fue publicado por el diario El Universal que autoridades de Estados Unidos tienen una En Sonora en Equipo publicamos toda la informaci\u00f3n de Sonora, M\u00e9xico y el Mundo de manera oportuna y busca que la libertad de expresi\u00f3n sea real. Visita nuestro medio informativo publicado desde Hermosillo, Sonora. %","robots":{"index":"index","follow":"follow","max-snippet":"max-snippet:-1","max-image-preview":"max-image-preview:large","max-video-preview":"max-video-preview:-1"},"canonical":"https:\/\/www.sonoraenequipo.com.mx\/pena-nieto-rechaza-falsas-imputaciones-en-su-contra\/","og_locale":"es_ES","og_type":"article","og_title":"Sonora en Equipo. Pe\u00f1a Nieto rechaza falsas imputaciones en su contra Rep\u00fablica","og_description":"CIUDAD DE M\u00c9XICO. MX. \u2014 Las primeras horas de este martes fue publicado por el diario El Universal que autoridades de Estados Unidos tienen una En Sonora en Equipo publicamos toda la informaci\u00f3n de Sonora, M\u00e9xico y el Mundo de manera oportuna y busca que la libertad de expresi\u00f3n sea real. Visita nuestro medio informativo publicado desde Hermosillo, Sonora. %","og_url":"https:\/\/www.sonoraenequipo.com.mx\/pena-nieto-rechaza-falsas-imputaciones-en-su-contra\/","og_site_name":"Sonora en Equipo.","article_publisher":"https:\/\/www.facebook.com\/SonoraEE\/","article_author":"https:\/\/www.facebook.com\/SonoraEE","article_published_time":"2019-06-18T20:10:01+00:00","og_image":[{"width":711,"height":400,"url":"https:\/\/www.sonoraenequipo.com.mx\/storage\/2019\/06\/pe\u00f1anieto_opt.jpg","type":"image\/jpeg"}],"author":"enequipo","twitter_card":"summary_large_image","twitter_creator":"@sonoraenequipo","twitter_site":"@sonoraenequipo","twitter_misc":{"Escrito por":"enequipo","Tiempo de lectura":"2 minutos"},"schema":{"@context":"https:\/\/schema.org","@graph":[{"@type":"Article","@id":"https:\/\/www.sonoraenequipo.com.mx\/pena-nieto-rechaza-falsas-imputaciones-en-su-contra\/#article","isPartOf":{"@id":"https:\/\/www.sonoraenequipo.com.mx\/pena-nieto-rechaza-falsas-imputaciones-en-su-contra\/"},"author":{"name":"enequipo","@id":"https:\/\/www.sonoraenequipo.com.mx\/#\/schema\/person\/50102df0fb23a8fa9e8effad8fa81386"},"headline":"Pe\u00f1a Nieto rechaza falsas imputaciones en su contra","datePublished":"2019-06-18T20:10:01+00:00","mainEntityOfPage":{"@id":"https:\/\/www.sonoraenequipo.com.mx\/pena-nieto-rechaza-falsas-imputaciones-en-su-contra\/"},"wordCount":469,"commentCount":0,"publisher":{"@id":"https:\/\/www.sonoraenequipo.com.mx\/#organization"},"image":{"@id":"https:\/\/www.sonoraenequipo.com.mx\/pena-nieto-rechaza-falsas-imputaciones-en-su-contra\/#primaryimage"},"thumbnailUrl":"https:\/\/www.sonoraenequipo.com.mx\/storage\/2019\/06\/pe\u00f1anieto_opt.jpg","articleSection":["Rep\u00fablica"],"inLanguage":"es","potentialAction":[{"@type":"CommentAction","name":"Comment","target":["https:\/\/www.sonoraenequipo.com.mx\/pena-nieto-rechaza-falsas-imputaciones-en-su-contra\/#respond"]}]},{"@type":"WebPage","@id":"https:\/\/www.sonoraenequipo.com.mx\/pena-nieto-rechaza-falsas-imputaciones-en-su-contra\/","url":"https:\/\/www.sonoraenequipo.com.mx\/pena-nieto-rechaza-falsas-imputaciones-en-su-contra\/","name":"Sonora en Equipo. Pe\u00f1a Nieto rechaza falsas imputaciones en su contra Rep\u00fablica","isPartOf":{"@id":"https:\/\/www.sonoraenequipo.com.mx\/#website"},"primaryImageOfPage":{"@id":"https:\/\/www.sonoraenequipo.com.mx\/pena-nieto-rechaza-falsas-imputaciones-en-su-contra\/#primaryimage"},"image":{"@id":"https:\/\/www.sonoraenequipo.com.mx\/pena-nieto-rechaza-falsas-imputaciones-en-su-contra\/#primaryimage"},"thumbnailUrl":"https:\/\/www.sonoraenequipo.com.mx\/storage\/2019\/06\/pe\u00f1anieto_opt.jpg","datePublished":"2019-06-18T20:10:01+00:00","description":"CIUDAD DE M\u00c9XICO. MX. \u2014 Las primeras horas de este martes fue publicado por el diario El Universal que autoridades de Estados Unidos tienen una En Sonora en Equipo publicamos toda la informaci\u00f3n de Sonora, M\u00e9xico y el Mundo de manera oportuna y busca que la libertad de expresi\u00f3n sea real. Visita nuestro medio informativo publicado desde Hermosillo, Sonora. %","breadcrumb":{"@id":"https:\/\/www.sonoraenequipo.com.mx\/pena-nieto-rechaza-falsas-imputaciones-en-su-contra\/#breadcrumb"},"inLanguage":"es","potentialAction":[{"@type":"ReadAction","target":["https:\/\/www.sonoraenequipo.com.mx\/pena-nieto-rechaza-falsas-imputaciones-en-su-contra\/"]}]},{"@type":"ImageObject","inLanguage":"es","@id":"https:\/\/www.sonoraenequipo.com.mx\/pena-nieto-rechaza-falsas-imputaciones-en-su-contra\/#primaryimage","url":"https:\/\/www.sonoraenequipo.com.mx\/storage\/2019\/06\/pe\u00f1anieto_opt.jpg","contentUrl":"https:\/\/www.sonoraenequipo.com.mx\/storage\/2019\/06\/pe\u00f1anieto_opt.jpg","width":711,"height":400},{"@type":"BreadcrumbList","@id":"https:\/\/www.sonoraenequipo.com.mx\/pena-nieto-rechaza-falsas-imputaciones-en-su-contra\/#breadcrumb","itemListElement":[{"@type":"ListItem","position":1,"name":"Portada","item":"https:\/\/www.sonoraenequipo.com.mx\/"},{"@type":"ListItem","position":2,"name":"Pe\u00f1a Nieto rechaza falsas imputaciones en su contra"}]},{"@type":"WebSite","@id":"https:\/\/www.sonoraenequipo.com.mx\/#website","url":"https:\/\/www.sonoraenequipo.com.mx\/","name":"Sonora en Equipo.","description":"Diario en l\u00ednea con Noticias desde Hermosillo, Sonora","publisher":{"@id":"https:\/\/www.sonoraenequipo.com.mx\/#organization"},"potentialAction":[{"@type":"SearchAction","target":{"@type":"EntryPoint","urlTemplate":"https:\/\/www.sonoraenequipo.com.mx\/?s={search_term_string}"},"query-input":{"@type":"PropertyValueSpecification","valueRequired":true,"valueName":"search_term_string"}}],"inLanguage":"es"},{"@type":"Organization","@id":"https:\/\/www.sonoraenequipo.com.mx\/#organization","name":"Sonoraenequipo.com.mx","url":"https:\/\/www.sonoraenequipo.com.mx\/","logo":{"@type":"ImageObject","inLanguage":"es","@id":"https:\/\/www.sonoraenequipo.com.mx\/#\/schema\/logo\/image\/","url":"https:\/\/www.sonoraenequipo.com.mx\/storage\/2019\/01\/sonoraenequipo_opt.png","contentUrl":"https:\/\/www.sonoraenequipo.com.mx\/storage\/2019\/01\/sonoraenequipo_opt.png","width":375,"height":125,"caption":"Sonoraenequipo.com.mx"},"image":{"@id":"https:\/\/www.sonoraenequipo.com.mx\/#\/schema\/logo\/image\/"},"sameAs":["https:\/\/www.facebook.com\/SonoraEE\/","https:\/\/x.com\/sonoraenequipo","https:\/\/www.youtube.com\/channel\/UC338nW-lPEYmJQs4ZABQ1SQ"]},{"@type":"Person","@id":"https:\/\/www.sonoraenequipo.com.mx\/#\/schema\/person\/50102df0fb23a8fa9e8effad8fa81386","name":"enequipo","image":{"@type":"ImageObject","inLanguage":"es","@id":"https:\/\/www.sonoraenequipo.com.mx\/#\/schema\/person\/image\/","url":"https:\/\/secure.gravatar.com\/avatar\/049821681b589dabc0bc20695993ccebb09f5b5d4d790cd9251b97faac7c652b?s=96&d=blank&r=g","contentUrl":"https:\/\/secure.gravatar.com\/avatar\/049821681b589dabc0bc20695993ccebb09f5b5d4d790cd9251b97faac7c652b?s=96&d=blank&r=g","caption":"enequipo"},"sameAs":["https:\/\/www.facebook.com\/SonoraEE"]}]}},"jetpack_featured_media_url":"https:\/\/www.sonoraenequipo.com.mx\/storage\/2019\/06\/pe\u00f1anieto_opt.jpg","_links":{"self":[{"href":"https:\/\/www.sonoraenequipo.com.mx\/api\/wp\/v2\/posts\/62507","targetHints":{"allow":["GET"]}}],"collection":[{"href":"https:\/\/www.sonoraenequipo.com.mx\/api\/wp\/v2\/posts"}],"about":[{"href":"https:\/\/www.sonoraenequipo.com.mx\/api\/wp\/v2\/types\/post"}],"author":[{"embeddable":true,"href":"https:\/\/www.sonoraenequipo.com.mx\/api\/wp\/v2\/users\/1"}],"replies":[{"embeddable":true,"href":"https:\/\/www.sonoraenequipo.com.mx\/api\/wp\/v2\/comments?post=62507"}],"version-history":[{"count":0,"href":"https:\/\/www.sonoraenequipo.com.mx\/api\/wp\/v2\/posts\/62507\/revisions"}],"wp:featuredmedia":[{"embeddable":true,"href":"https:\/\/www.sonoraenequipo.com.mx\/api\/wp\/v2\/media\/62508"}],"wp:attachment":[{"href":"https:\/\/www.sonoraenequipo.com.mx\/api\/wp\/v2\/media?parent=62507"}],"wp:term":[{"taxonomy":"category","embeddable":true,"href":"https:\/\/www.sonoraenequipo.com.mx\/api\/wp\/v2\/categories?post=62507"},{"taxonomy":"post_tag","embeddable":true,"href":"https:\/\/www.sonoraenequipo.com.mx\/api\/wp\/v2\/tags?post=62507"}],"curies":[{"name":"wp","href":"https:\/\/api.w.org\/{rel}","templated":true}]}}