{"id":62515,"date":"2019-06-18T16:15:16","date_gmt":"2019-06-18T23:15:16","guid":{"rendered":"http:\/\/www.sonoraenequipo.com.mx\/?p=62515"},"modified":"2019-06-18T18:12:44","modified_gmt":"2019-06-19T01:12:44","slug":"ee-uu-patrick-shanahan-renuncia-como-jefe-en-funciones-del-pentagono","status":"publish","type":"post","link":"https:\/\/www.sonoraenequipo.com.mx\/ee-uu-patrick-shanahan-renuncia-como-jefe-en-funciones-del-pentagono\/","title":{"rendered":"EE.UU: Patrick Shanahan renuncia como jefe en funciones del Pent\u00e1gono"},"content":{"rendered":"<p>WASHINGTON, ESTADOS UNIDOS.- Luego de meses de demoras sin explicaci\u00f3n, el secretario interino de Defensa de Estados Unidos Patrick Shanahan renunci\u00f3 el martes antes de que su nominaci\u00f3n formal siquiera fuera presentada ante el Senado, diciendo que una \u201cdolorosa\u201d situaci\u00f3n familiar perjudicar\u00eda a sus hijos y reabrir\u00eda \u201cheridas que nos ha costado a\u00f1os sanar\u201d. <\/p>\n<p>&nbsp;<\/p>\n<p>El presidente Donald Trump anunci\u00f3 la renuncia en un tuit, y dijo que el secretario del Ej\u00e9rcito Mark Esper ser\u00eda el nuevo jefe en funciones del Pent\u00e1gono.<\/p>\n<p>&nbsp;<\/p>\n<p>\u201cEs desafortunado que una situaci\u00f3n familiar dolorosa y profundamente personal de hace tiempo est\u00e1 siendo desenterrada y presentada de forma incompleta y por lo tanto enga\u00f1osa durante el proceso\u201d, dijo Shanahan en una breve declaraci\u00f3n. \u201cPienso que continuar con mi proceso forzar\u00eda a mis hijos a revivir un episodio traum\u00e1tico en la vida de nuestra familia y reabrir\u00eda heridas que ha costado a\u00f1os para sanar. Su seguridad y bienestar es mi m\u00e1xima prioridad\u201d.<\/p>\n<p>&nbsp;<\/p>\n<p>Shanahan no dio detalles.<\/p>\n<p>&nbsp;<\/p>\n<p>Pero dijo que, como resultado de la situaci\u00f3n, pidi\u00f3 ser retirado del proceso de nominaci\u00f3n y renunci\u00f3 a su puesto como subsecretario de Defensa. Indic\u00f3 que trabajar\u00eda en \u201cuna transici\u00f3n apropiada\u201d, pero no estaba claro qu\u00e9 tan pronto dejar\u00eda el puesto.<\/p>\n<p>&nbsp;<\/p>\n<p>Trump dijo en Twitter simplemente que Shanahan hab\u00eda realizado una \u201clabor maravillosa\u201d pero renunciar\u00e1 \u201cpara dedicarle m\u00e1s tiempo a su familia\u201d.<\/p>\n<p>&nbsp;<\/p>\n<p>Y, al destacar el nombramiento de Esper, Trump a\u00f1adi\u00f3: \u201cConozco a Mark y no tengo dudas de que har\u00e1 un gran trabajo\u201d.<\/p>\n<p>&nbsp;<\/p>\n<p>Funcionarios se reun\u00edan el martes para determinar los planes para la transici\u00f3n.<\/p>\n<p>&nbsp;<\/p>\n<p>El puesto de mayor jerarqu\u00eda en el Pent\u00e1gono no ha tenido un titular permanente desde el retiro del general James Mattis en enero, despu\u00e9s de que se presentaran diferencias pol\u00edticas con Trump.<\/p>\n<p>&nbsp;<\/p>\n<p>El mandatario anunci\u00f3 en mayo que nominar\u00eda a Shanahan, pero el proceso formal de nominaci\u00f3n en el Senado se ha postergado de manera inexplicable.<\/p>\n<p>&nbsp;<\/p>\n<p>Shanahan, exdirectivo de Boeing, ha estado al frente del Pent\u00e1gono como secretario interino desde el 1 de enero, en un acuerdo sumamente inusual para uno de los cargos m\u00e1s delicados del gabinete presidencial.<\/p>\n<p>&nbsp;<\/p>\n<p>Durante su tiempo en el departamento, Shanahan ha tenido que lidiar con una serie de asuntos internacionales delicados, desde el lanzamiento de misiles por parte de Corea del Norte hasta el env\u00edo repentino de barcos y aviones militares a Medio Oriente para lidiar con amenazas potenciales de Ir\u00e1n.<\/p>\n<p>Fecha de publicaci\u00f3n 18\/06\/2019 (Voz de Am\u00e9rica)<\/p>\n","protected":false},"excerpt":{"rendered":"<p>WASHINGTON, ESTADOS UNIDOS.- Luego de meses de demoras sin explicaci\u00f3n, el secretario interino de Defensa&#8230;<\/p>\n","protected":false},"author":178,"featured_media":62516,"comment_status":"open","ping_status":"open","sticky":false,"template":"","format":"standard","meta":{"_monsterinsights_skip_tracking":false,"_monsterinsights_sitenote_active":false,"_monsterinsights_sitenote_note":"","_monsterinsights_sitenote_category":0,"footnotes":""},"categories":[3],"tags":[3198,2394],"class_list":["post"],"yoast_head":" \n<title>Sonora en Equipo. EE.UU: Patrick Shanahan renuncia como jefe en funciones del Pent\u00e1gono MUNDO<\/title>\n<meta name=\"description\" content=\"WASHINGTON, ESTADOS UNIDOS.- Luego de meses de demoras sin explicaci\u00f3n, el secretario interino de Defensa de Estados Unidos Patrick Shanahan renunci\u00f3 el En Sonora en Equipo publicamos toda la informaci\u00f3n de Sonora, M\u00e9xico y el Mundo de manera oportuna y busca que la libertad de expresi\u00f3n sea real. Visita nuestro medio informativo publicado desde Hermosillo, Sonora. %\" \/>\n<meta name=\"robots\" content=\"index, follow, max-snippet:-1, max-image-preview:large, max-video-preview:-1\" \/>\n<link rel=\"canonical\" href=\"https:\/\/www.sonoraenequipo.com.mx\/ee-uu-patrick-shanahan-renuncia-como-jefe-en-funciones-del-pentagono\/\" \/>\n<meta property=\"og:locale\" content=\"es_ES\" \/>\n<meta property=\"og:type\" content=\"article\" \/>\n<meta property=\"og:title\" content=\"Sonora en Equipo. EE.UU: Patrick Shanahan renuncia como jefe en funciones del Pent\u00e1gono MUNDO\" \/>\n<meta property=\"og:description\" content=\"WASHINGTON, ESTADOS UNIDOS.- Luego de meses de demoras sin explicaci\u00f3n, el secretario interino de Defensa de Estados Unidos Patrick Shanahan renunci\u00f3 el En Sonora en Equipo publicamos toda la informaci\u00f3n de Sonora, M\u00e9xico y el Mundo de manera oportuna y busca que la libertad de expresi\u00f3n sea real. Visita nuestro medio informativo publicado desde Hermosillo, Sonora. %\" \/>\n<meta property=\"og:url\" content=\"https:\/\/www.sonoraenequipo.com.mx\/ee-uu-patrick-shanahan-renuncia-como-jefe-en-funciones-del-pentagono\/\" \/>\n<meta property=\"og:site_name\" content=\"Sonora en Equipo.\" \/>\n<meta property=\"article:publisher\" content=\"https:\/\/www.facebook.com\/SonoraEE\/\" \/>\n<meta property=\"article:published_time\" content=\"2019-06-18T23:15:16+00:00\" \/>\n<meta property=\"article:modified_time\" content=\"2019-06-19T01:12:44+00:00\" \/>\n<meta property=\"og:image\" content=\"https:\/\/www.sonoraenequipo.com.mx\/storage\/2019\/06\/PENTA.jpg\" \/>\n\t<meta property=\"og:image:width\" content=\"450\" \/>\n\t<meta property=\"og:image:height\" content=\"253\" \/>\n\t<meta property=\"og:image:type\" content=\"image\/jpeg\" \/>\n<meta name=\"author\" content=\"enequipo\" \/>\n<meta name=\"twitter:card\" content=\"summary_large_image\" \/>\n<meta name=\"twitter:creator\" content=\"@sonoraenequipo\" \/>\n<meta name=\"twitter:site\" content=\"@sonoraenequipo\" \/>\n<meta name=\"twitter:label1\" content=\"Escrito por\" \/>\n\t<meta name=\"twitter:data1\" content=\"enequipo\" \/>\n\t<meta name=\"twitter:label2\" content=\"Tiempo de lectura\" \/>\n\t<meta name=\"twitter:data2\" content=\"2 minutos\" \/>\n<script type=\"application\/ld+json\" class=\"yoast-schema-graph\">{\"@context\":\"https:\/\/schema.org\",\"@graph\":[{\"@type\":\"Article\",\"@id\":\"https:\/\/www.sonoraenequipo.com.mx\/ee-uu-patrick-shanahan-renuncia-como-jefe-en-funciones-del-pentagono\/#article\",\"isPartOf\":{\"@id\":\"https:\/\/www.sonoraenequipo.com.mx\/ee-uu-patrick-shanahan-renuncia-como-jefe-en-funciones-del-pentagono\/\"},\"author\":{\"name\":\"enequipo\",\"@id\":\"https:\/\/www.sonoraenequipo.com.mx\/#\/schema\/person\/61a39de478a1763473ad55e8a95fddf6\"},\"headline\":\"EE.UU: Patrick Shanahan renuncia como jefe en funciones del Pent\u00e1gono\",\"datePublished\":\"2019-06-18T23:15:16+00:00\",\"dateModified\":\"2019-06-19T01:12:44+00:00\",\"mainEntityOfPage\":{\"@id\":\"https:\/\/www.sonoraenequipo.com.mx\/ee-uu-patrick-shanahan-renuncia-como-jefe-en-funciones-del-pentagono\/\"},\"wordCount\":459,\"commentCount\":0,\"publisher\":{\"@id\":\"https:\/\/www.sonoraenequipo.com.mx\/#organization\"},\"image\":{\"@id\":\"https:\/\/www.sonoraenequipo.com.mx\/ee-uu-patrick-shanahan-renuncia-como-jefe-en-funciones-del-pentagono\/#primaryimage\"},\"thumbnailUrl\":\"https:\/\/www.sonoraenequipo.com.mx\/storage\/2019\/06\/PENTA.jpg\",\"keywords\":[\"Patrick Shanahan\",\"Pent\u00e1gono\"],\"articleSection\":[\"MUNDO\"],\"inLanguage\":\"es\",\"potentialAction\":[{\"@type\":\"CommentAction\",\"name\":\"Comment\",\"target\":[\"https:\/\/www.sonoraenequipo.com.mx\/ee-uu-patrick-shanahan-renuncia-como-jefe-en-funciones-del-pentagono\/#respond\"]}]},{\"@type\":\"WebPage\",\"@id\":\"https:\/\/www.sonoraenequipo.com.mx\/ee-uu-patrick-shanahan-renuncia-como-jefe-en-funciones-del-pentagono\/\",\"url\":\"https:\/\/www.sonoraenequipo.com.mx\/ee-uu-patrick-shanahan-renuncia-como-jefe-en-funciones-del-pentagono\/\",\"name\":\"Sonora en Equipo. EE.UU: Patrick Shanahan renuncia como jefe en funciones del Pent\u00e1gono MUNDO\",\"isPartOf\":{\"@id\":\"https:\/\/www.sonoraenequipo.com.mx\/#website\"},\"primaryImageOfPage\":{\"@id\":\"https:\/\/www.sonoraenequipo.com.mx\/ee-uu-patrick-shanahan-renuncia-como-jefe-en-funciones-del-pentagono\/#primaryimage\"},\"image\":{\"@id\":\"https:\/\/www.sonoraenequipo.com.mx\/ee-uu-patrick-shanahan-renuncia-como-jefe-en-funciones-del-pentagono\/#primaryimage\"},\"thumbnailUrl\":\"https:\/\/www.sonoraenequipo.com.mx\/storage\/2019\/06\/PENTA.jpg\",\"datePublished\":\"2019-06-18T23:15:16+00:00\",\"dateModified\":\"2019-06-19T01:12:44+00:00\",\"description\":\"WASHINGTON, ESTADOS UNIDOS.- Luego de meses de demoras sin explicaci\u00f3n, el secretario interino de Defensa de Estados Unidos Patrick Shanahan renunci\u00f3 el En Sonora en Equipo publicamos toda la informaci\u00f3n de Sonora, M\u00e9xico y el Mundo de manera oportuna y busca que la libertad de expresi\u00f3n sea real. Visita nuestro medio informativo publicado desde Hermosillo, Sonora. %\",\"breadcrumb\":{\"@id\":\"https:\/\/www.sonoraenequipo.com.mx\/ee-uu-patrick-shanahan-renuncia-como-jefe-en-funciones-del-pentagono\/#breadcrumb\"},\"inLanguage\":\"es\",\"potentialAction\":[{\"@type\":\"ReadAction\",\"target\":[\"https:\/\/www.sonoraenequipo.com.mx\/ee-uu-patrick-shanahan-renuncia-como-jefe-en-funciones-del-pentagono\/\"]}]},{\"@type\":\"ImageObject\",\"inLanguage\":\"es\",\"@id\":\"https:\/\/www.sonoraenequipo.com.mx\/ee-uu-patrick-shanahan-renuncia-como-jefe-en-funciones-del-pentagono\/#primaryimage\",\"url\":\"https:\/\/www.sonoraenequipo.com.mx\/storage\/2019\/06\/PENTA.jpg\",\"contentUrl\":\"https:\/\/www.sonoraenequipo.com.mx\/storage\/2019\/06\/PENTA.jpg\",\"width\":450,\"height\":253},{\"@type\":\"BreadcrumbList\",\"@id\":\"https:\/\/www.sonoraenequipo.com.mx\/ee-uu-patrick-shanahan-renuncia-como-jefe-en-funciones-del-pentagono\/#breadcrumb\",\"itemListElement\":[{\"@type\":\"ListItem\",\"position\":1,\"name\":\"Portada\",\"item\":\"https:\/\/www.sonoraenequipo.com.mx\/\"},{\"@type\":\"ListItem\",\"position\":2,\"name\":\"EE.UU: Patrick Shanahan renuncia como jefe en funciones del Pent\u00e1gono\"}]},{\"@type\":\"WebSite\",\"@id\":\"https:\/\/www.sonoraenequipo.com.mx\/#website\",\"url\":\"https:\/\/www.sonoraenequipo.com.mx\/\",\"name\":\"Sonora en Equipo.\",\"description\":\"Diario en l\u00ednea con Noticias desde Hermosillo, Sonora\",\"publisher\":{\"@id\":\"https:\/\/www.sonoraenequipo.com.mx\/#organization\"},\"potentialAction\":[{\"@type\":\"SearchAction\",\"target\":{\"@type\":\"EntryPoint\",\"urlTemplate\":\"https:\/\/www.sonoraenequipo.com.mx\/?s={search_term_string}\"},\"query-input\":{\"@type\":\"PropertyValueSpecification\",\"valueRequired\":true,\"valueName\":\"search_term_string\"}}],\"inLanguage\":\"es\"},{\"@type\":\"Organization\",\"@id\":\"https:\/\/www.sonoraenequipo.com.mx\/#organization\",\"name\":\"Sonoraenequipo.com.mx\",\"url\":\"https:\/\/www.sonoraenequipo.com.mx\/\",\"logo\":{\"@type\":\"ImageObject\",\"inLanguage\":\"es\",\"@id\":\"https:\/\/www.sonoraenequipo.com.mx\/#\/schema\/logo\/image\/\",\"url\":\"https:\/\/www.sonoraenequipo.com.mx\/storage\/2019\/01\/sonoraenequipo_opt.png\",\"contentUrl\":\"https:\/\/www.sonoraenequipo.com.mx\/storage\/2019\/01\/sonoraenequipo_opt.png\",\"width\":375,\"height\":125,\"caption\":\"Sonoraenequipo.com.mx\"},\"image\":{\"@id\":\"https:\/\/www.sonoraenequipo.com.mx\/#\/schema\/logo\/image\/\"},\"sameAs\":[\"https:\/\/www.facebook.com\/SonoraEE\/\",\"https:\/\/x.com\/sonoraenequipo\",\"https:\/\/www.youtube.com\/channel\/UC338nW-lPEYmJQs4ZABQ1SQ\"]},{\"@type\":\"Person\",\"@id\":\"https:\/\/www.sonoraenequipo.com.mx\/#\/schema\/person\/61a39de478a1763473ad55e8a95fddf6\",\"name\":\"enequipo\",\"image\":{\"@type\":\"ImageObject\",\"inLanguage\":\"es\",\"@id\":\"https:\/\/www.sonoraenequipo.com.mx\/#\/schema\/person\/image\/\",\"url\":\"https:\/\/secure.gravatar.com\/avatar\/e39bc3016d8af598aed3d770c9510dfc2795f37ea1733d99fcc6e97d2c3c9f5e?s=96&d=blank&r=g\",\"contentUrl\":\"https:\/\/secure.gravatar.com\/avatar\/e39bc3016d8af598aed3d770c9510dfc2795f37ea1733d99fcc6e97d2c3c9f5e?s=96&d=blank&r=g\",\"caption\":\"enequipo\"}}]}<\/script>\n ","yoast_head_json":{"title":"Sonora en Equipo. EE.UU: Patrick Shanahan renuncia como jefe en funciones del Pent\u00e1gono MUNDO","description":"WASHINGTON, ESTADOS UNIDOS.- Luego de meses de demoras sin explicaci\u00f3n, el secretario interino de Defensa de Estados Unidos Patrick Shanahan renunci\u00f3 el En Sonora en Equipo publicamos toda la informaci\u00f3n de Sonora, M\u00e9xico y el Mundo de manera oportuna y busca que la libertad de expresi\u00f3n sea real. Visita nuestro medio informativo publicado desde Hermosillo, Sonora. %","robots":{"index":"index","follow":"follow","max-snippet":"max-snippet:-1","max-image-preview":"max-image-preview:large","max-video-preview":"max-video-preview:-1"},"canonical":"https:\/\/www.sonoraenequipo.com.mx\/ee-uu-patrick-shanahan-renuncia-como-jefe-en-funciones-del-pentagono\/","og_locale":"es_ES","og_type":"article","og_title":"Sonora en Equipo. EE.UU: Patrick Shanahan renuncia como jefe en funciones del Pent\u00e1gono MUNDO","og_description":"WASHINGTON, ESTADOS UNIDOS.- Luego de meses de demoras sin explicaci\u00f3n, el secretario interino de Defensa de Estados Unidos Patrick Shanahan renunci\u00f3 el En Sonora en Equipo publicamos toda la informaci\u00f3n de Sonora, M\u00e9xico y el Mundo de manera oportuna y busca que la libertad de expresi\u00f3n sea real. Visita nuestro medio informativo publicado desde Hermosillo, Sonora. %","og_url":"https:\/\/www.sonoraenequipo.com.mx\/ee-uu-patrick-shanahan-renuncia-como-jefe-en-funciones-del-pentagono\/","og_site_name":"Sonora en Equipo.","article_publisher":"https:\/\/www.facebook.com\/SonoraEE\/","article_published_time":"2019-06-18T23:15:16+00:00","article_modified_time":"2019-06-19T01:12:44+00:00","og_image":[{"width":450,"height":253,"url":"https:\/\/www.sonoraenequipo.com.mx\/storage\/2019\/06\/PENTA.jpg","type":"image\/jpeg"}],"author":"enequipo","twitter_card":"summary_large_image","twitter_creator":"@sonoraenequipo","twitter_site":"@sonoraenequipo","twitter_misc":{"Escrito por":"enequipo","Tiempo de lectura":"2 minutos"},"schema":{"@context":"https:\/\/schema.org","@graph":[{"@type":"Article","@id":"https:\/\/www.sonoraenequipo.com.mx\/ee-uu-patrick-shanahan-renuncia-como-jefe-en-funciones-del-pentagono\/#article","isPartOf":{"@id":"https:\/\/www.sonoraenequipo.com.mx\/ee-uu-patrick-shanahan-renuncia-como-jefe-en-funciones-del-pentagono\/"},"author":{"name":"enequipo","@id":"https:\/\/www.sonoraenequipo.com.mx\/#\/schema\/person\/61a39de478a1763473ad55e8a95fddf6"},"headline":"EE.UU: Patrick Shanahan renuncia como jefe en funciones del Pent\u00e1gono","datePublished":"2019-06-18T23:15:16+00:00","dateModified":"2019-06-19T01:12:44+00:00","mainEntityOfPage":{"@id":"https:\/\/www.sonoraenequipo.com.mx\/ee-uu-patrick-shanahan-renuncia-como-jefe-en-funciones-del-pentagono\/"},"wordCount":459,"commentCount":0,"publisher":{"@id":"https:\/\/www.sonoraenequipo.com.mx\/#organization"},"image":{"@id":"https:\/\/www.sonoraenequipo.com.mx\/ee-uu-patrick-shanahan-renuncia-como-jefe-en-funciones-del-pentagono\/#primaryimage"},"thumbnailUrl":"https:\/\/www.sonoraenequipo.com.mx\/storage\/2019\/06\/PENTA.jpg","keywords":["Patrick Shanahan","Pent\u00e1gono"],"articleSection":["MUNDO"],"inLanguage":"es","potentialAction":[{"@type":"CommentAction","name":"Comment","target":["https:\/\/www.sonoraenequipo.com.mx\/ee-uu-patrick-shanahan-renuncia-como-jefe-en-funciones-del-pentagono\/#respond"]}]},{"@type":"WebPage","@id":"https:\/\/www.sonoraenequipo.com.mx\/ee-uu-patrick-shanahan-renuncia-como-jefe-en-funciones-del-pentagono\/","url":"https:\/\/www.sonoraenequipo.com.mx\/ee-uu-patrick-shanahan-renuncia-como-jefe-en-funciones-del-pentagono\/","name":"Sonora en Equipo. EE.UU: Patrick Shanahan renuncia como jefe en funciones del Pent\u00e1gono MUNDO","isPartOf":{"@id":"https:\/\/www.sonoraenequipo.com.mx\/#website"},"primaryImageOfPage":{"@id":"https:\/\/www.sonoraenequipo.com.mx\/ee-uu-patrick-shanahan-renuncia-como-jefe-en-funciones-del-pentagono\/#primaryimage"},"image":{"@id":"https:\/\/www.sonoraenequipo.com.mx\/ee-uu-patrick-shanahan-renuncia-como-jefe-en-funciones-del-pentagono\/#primaryimage"},"thumbnailUrl":"https:\/\/www.sonoraenequipo.com.mx\/storage\/2019\/06\/PENTA.jpg","datePublished":"2019-06-18T23:15:16+00:00","dateModified":"2019-06-19T01:12:44+00:00","description":"WASHINGTON, ESTADOS UNIDOS.- Luego de meses de demoras sin explicaci\u00f3n, el secretario interino de Defensa de Estados Unidos Patrick Shanahan renunci\u00f3 el En Sonora en Equipo publicamos toda la informaci\u00f3n de Sonora, M\u00e9xico y el Mundo de manera oportuna y busca que la libertad de expresi\u00f3n sea real. Visita nuestro medio informativo publicado desde Hermosillo, Sonora. %","breadcrumb":{"@id":"https:\/\/www.sonoraenequipo.com.mx\/ee-uu-patrick-shanahan-renuncia-como-jefe-en-funciones-del-pentagono\/#breadcrumb"},"inLanguage":"es","potentialAction":[{"@type":"ReadAction","target":["https:\/\/www.sonoraenequipo.com.mx\/ee-uu-patrick-shanahan-renuncia-como-jefe-en-funciones-del-pentagono\/"]}]},{"@type":"ImageObject","inLanguage":"es","@id":"https:\/\/www.sonoraenequipo.com.mx\/ee-uu-patrick-shanahan-renuncia-como-jefe-en-funciones-del-pentagono\/#primaryimage","url":"https:\/\/www.sonoraenequipo.com.mx\/storage\/2019\/06\/PENTA.jpg","contentUrl":"https:\/\/www.sonoraenequipo.com.mx\/storage\/2019\/06\/PENTA.jpg","width":450,"height":253},{"@type":"BreadcrumbList","@id":"https:\/\/www.sonoraenequipo.com.mx\/ee-uu-patrick-shanahan-renuncia-como-jefe-en-funciones-del-pentagono\/#breadcrumb","itemListElement":[{"@type":"ListItem","position":1,"name":"Portada","item":"https:\/\/www.sonoraenequipo.com.mx\/"},{"@type":"ListItem","position":2,"name":"EE.UU: Patrick Shanahan renuncia como jefe en funciones del Pent\u00e1gono"}]},{"@type":"WebSite","@id":"https:\/\/www.sonoraenequipo.com.mx\/#website","url":"https:\/\/www.sonoraenequipo.com.mx\/","name":"Sonora en Equipo.","description":"Diario en l\u00ednea con Noticias desde Hermosillo, Sonora","publisher":{"@id":"https:\/\/www.sonoraenequipo.com.mx\/#organization"},"potentialAction":[{"@type":"SearchAction","target":{"@type":"EntryPoint","urlTemplate":"https:\/\/www.sonoraenequipo.com.mx\/?s={search_term_string}"},"query-input":{"@type":"PropertyValueSpecification","valueRequired":true,"valueName":"search_term_string"}}],"inLanguage":"es"},{"@type":"Organization","@id":"https:\/\/www.sonoraenequipo.com.mx\/#organization","name":"Sonoraenequipo.com.mx","url":"https:\/\/www.sonoraenequipo.com.mx\/","logo":{"@type":"ImageObject","inLanguage":"es","@id":"https:\/\/www.sonoraenequipo.com.mx\/#\/schema\/logo\/image\/","url":"https:\/\/www.sonoraenequipo.com.mx\/storage\/2019\/01\/sonoraenequipo_opt.png","contentUrl":"https:\/\/www.sonoraenequipo.com.mx\/storage\/2019\/01\/sonoraenequipo_opt.png","width":375,"height":125,"caption":"Sonoraenequipo.com.mx"},"image":{"@id":"https:\/\/www.sonoraenequipo.com.mx\/#\/schema\/logo\/image\/"},"sameAs":["https:\/\/www.facebook.com\/SonoraEE\/","https:\/\/x.com\/sonoraenequipo","https:\/\/www.youtube.com\/channel\/UC338nW-lPEYmJQs4ZABQ1SQ"]},{"@type":"Person","@id":"https:\/\/www.sonoraenequipo.com.mx\/#\/schema\/person\/61a39de478a1763473ad55e8a95fddf6","name":"enequipo","image":{"@type":"ImageObject","inLanguage":"es","@id":"https:\/\/www.sonoraenequipo.com.mx\/#\/schema\/person\/image\/","url":"https:\/\/secure.gravatar.com\/avatar\/e39bc3016d8af598aed3d770c9510dfc2795f37ea1733d99fcc6e97d2c3c9f5e?s=96&d=blank&r=g","contentUrl":"https:\/\/secure.gravatar.com\/avatar\/e39bc3016d8af598aed3d770c9510dfc2795f37ea1733d99fcc6e97d2c3c9f5e?s=96&d=blank&r=g","caption":"enequipo"}}]}},"jetpack_featured_media_url":"https:\/\/www.sonoraenequipo.com.mx\/storage\/2019\/06\/PENTA.jpg","_links":{"self":[{"href":"https:\/\/www.sonoraenequipo.com.mx\/api\/wp\/v2\/posts\/62515","targetHints":{"allow":["GET"]}}],"collection":[{"href":"https:\/\/www.sonoraenequipo.com.mx\/api\/wp\/v2\/posts"}],"about":[{"href":"https:\/\/www.sonoraenequipo.com.mx\/api\/wp\/v2\/types\/post"}],"author":[{"embeddable":true,"href":"https:\/\/www.sonoraenequipo.com.mx\/api\/wp\/v2\/users\/178"}],"replies":[{"embeddable":true,"href":"https:\/\/www.sonoraenequipo.com.mx\/api\/wp\/v2\/comments?post=62515"}],"version-history":[{"count":0,"href":"https:\/\/www.sonoraenequipo.com.mx\/api\/wp\/v2\/posts\/62515\/revisions"}],"wp:featuredmedia":[{"embeddable":true,"href":"https:\/\/www.sonoraenequipo.com.mx\/api\/wp\/v2\/media\/62516"}],"wp:attachment":[{"href":"https:\/\/www.sonoraenequipo.com.mx\/api\/wp\/v2\/media?parent=62515"}],"wp:term":[{"taxonomy":"category","embeddable":true,"href":"https:\/\/www.sonoraenequipo.com.mx\/api\/wp\/v2\/categories?post=62515"},{"taxonomy":"post_tag","embeddable":true,"href":"https:\/\/www.sonoraenequipo.com.mx\/api\/wp\/v2\/tags?post=62515"}],"curies":[{"name":"wp","href":"https:\/\/api.w.org\/{rel}","templated":true}]}}