{"id":62521,"date":"2019-06-18T16:30:26","date_gmt":"2019-06-18T23:30:26","guid":{"rendered":"http:\/\/www.sonoraenequipo.com.mx\/?p=62521"},"modified":"2019-06-18T16:30:26","modified_gmt":"2019-06-18T23:30:26","slug":"super-delegado-federal-en-jalisco-participa-en-licitacion-de-medicamentosmcci","status":"publish","type":"post","link":"https:\/\/www.sonoraenequipo.com.mx\/super-delegado-federal-en-jalisco-participa-en-licitacion-de-medicamentosmcci\/","title":{"rendered":"S\u00faper delegado federal en Jalisco, participa en Licitaci\u00f3n de medicamentos:MCCI"},"content":{"rendered":"<p>&nbsp;<\/p>\n<p>GUADALAJARA, JALISCO.- Solfran, empresa que el propio Carlos Lomel\u00ed reconoce como suya, participa en la licitaci\u00f3n para la compra consolidada de f\u00e1rmacos. Su esposa es la otra accionista de esa compa\u00f1\u00eda.<\/p>\n<p>&nbsp;<\/p>\n<p>Se\u00f1alado como el eje detr\u00e1s de una red de empresas farmac\u00e9uticas que venden a gobiernos, el superdelegado de Jalisco, Carlos Lomel\u00ed Bola\u00f1os, busca ser contratista de la administraci\u00f3n de Andr\u00e9s Manuel L\u00f3pez Obrador en la megalicitaci\u00f3n de medicinas que ha convocado la oficial mayor de Hacienda y Cr\u00e9dito P\u00fablico.<\/p>\n<p>&nbsp;<\/p>\n<p>Laboratorios Solfran, S.A., una farmac\u00e9utica que el propio Lomel\u00ed reconoci\u00f3 como suya el mes pasado, present\u00f3 su carta de inter\u00e9s para participar en la compra consolidada de medicamentos del gobierno federal que podr\u00eda decidirse en las pr\u00f3ximas semanas.<\/p>\n<p>&nbsp;<\/p>\n<p>Solfran es una de las empresas que busca quedarse con contratos de la compra consolidada de medicamentos. En ejercicios de anteriores administraciones esta compra ha sido de alrededor de 17 mil millones de pesos.<\/p>\n<p>&nbsp;<\/p>\n<p>El representante legal de Laboratorio Solfran, Christian Arriaga, confirm\u00f3 v\u00eda telef\u00f3nica a MCCI que la empresa se registr\u00f3 en la licitaci\u00f3n para vender medicamentos al gobierno.<\/p>\n<p>&nbsp;<\/p>\n<p>\u00abNosotros manejamos alrededor de 28 claves; todo medicamento que tenemos es gen\u00e9rico, es ah\u00ed donde queremos enfocarnos y esperamos que nos asignen unas claves\u00bb, dijo, \u00abm\u00e1s o menos representa entre 150 y 250 millones de pesos\u00bb.<\/p>\n<p>&nbsp;<\/p>\n<p>Arriaga tambi\u00e9n confirm\u00f3 que el Laboratorio Solfran forma parte de Grupo Lomedic. Los accionistas de Solfran son Karina Luc\u00eda Navarro P\u00e9rez, esposa de Carlos Lomel\u00ed, y Lomedic, compa\u00f1\u00eda insignia de la red de empresas farmac\u00e9uticas del pol\u00edtico jalisciense.<\/p>\n<p>&nbsp;<\/p>\n<p>De las acciones tipo A de Solfran, Navarro P\u00e9rez posee el 1%, mientras que Lomedic detenta el 99% restante, seg\u00fan un acta del Registro P\u00fablico de Comercio que el 12 de junio de 2018, fecha en la cual se modific\u00f3 el volumen accionario. Lomedic es due\u00f1o de otras series de acciones de acuerdo con la misma acta. El capital social de Solfran hasta ese d\u00eda era\u00a0 de 293 millones 611,859 pesos.<\/p>\n<p>Fecha de publicaci\u00f3n 18\/06\/2019 (Samuel Adam Mexicanos Contra\u00a0 la Corrupci\u00f3n)<\/p>\n<p>&nbsp;<\/p>\n<p>Por su parte, en un acta del Registro P\u00fablico de Comercio de fecha 20 de diciembre de 2018, Lomedic aparece representada por Carlos Lomel\u00ed.<\/p>\n<p>&nbsp;<\/p>\n<p>Hace unas semanas, en entrevista de radio con Ciro G\u00f3mez Leyva, Lomel\u00ed dijo que Solfran, la empresa con la que busca participar en la licitaci\u00f3n consolidada de medicamentos, es de su propiedad y ah\u00ed asegur\u00f3 que no hab\u00eda licitado contratos con el actual gobierno.<\/p>\n<p>&nbsp;<\/p>\n<p>\u00abYo fabrico medicamento, hago medicamento, con una empresa de mi propiedad que se llama Solfran. Ni siquiera vamos a, hemos intentado, licitar precisamente para evitar romper con la confianza que nos ha otorgado el Presidente\u00bb, dijo Lomel\u00ed el 24 de mayo.<\/p>\n","protected":false},"excerpt":{"rendered":"<p>&nbsp; GUADALAJARA, JALISCO.- Solfran, empresa que el propio Carlos Lomel\u00ed reconoce como suya, participa en&#8230;<\/p>\n","protected":false},"author":178,"featured_media":62522,"comment_status":"open","ping_status":"open","sticky":false,"template":"","format":"standard","meta":{"_monsterinsights_skip_tracking":false,"_monsterinsights_sitenote_active":false,"_monsterinsights_sitenote_note":"","_monsterinsights_sitenote_category":0,"footnotes":""},"categories":[5],"tags":[3087,3199],"class_list":["post"],"yoast_head":" \n<title>Sonora en Equipo. S\u00faper delegado federal en Jalisco, participa en Licitaci\u00f3n de medicamentos:MCCI Rep\u00fablica<\/title>\n<meta name=\"description\" content=\"&nbsp; GUADALAJARA, JALISCO.- Solfran, empresa que el propio Carlos Lomel\u00ed reconoce como suya, participa en la licitaci\u00f3n para la compra consolidada de En Sonora en Equipo publicamos toda la informaci\u00f3n de Sonora, M\u00e9xico y el Mundo de manera oportuna y busca que la libertad de expresi\u00f3n sea real. Visita nuestro medio informativo publicado desde Hermosillo, Sonora. %\" \/>\n<meta name=\"robots\" content=\"index, follow, max-snippet:-1, max-image-preview:large, max-video-preview:-1\" \/>\n<link rel=\"canonical\" href=\"https:\/\/www.sonoraenequipo.com.mx\/super-delegado-federal-en-jalisco-participa-en-licitacion-de-medicamentosmcci\/\" \/>\n<meta property=\"og:locale\" content=\"es_ES\" \/>\n<meta property=\"og:type\" content=\"article\" \/>\n<meta property=\"og:title\" content=\"Sonora en Equipo. S\u00faper delegado federal en Jalisco, participa en Licitaci\u00f3n de medicamentos:MCCI Rep\u00fablica\" \/>\n<meta property=\"og:description\" content=\"&nbsp; GUADALAJARA, JALISCO.- Solfran, empresa que el propio Carlos Lomel\u00ed reconoce como suya, participa en la licitaci\u00f3n para la compra consolidada de En Sonora en Equipo publicamos toda la informaci\u00f3n de Sonora, M\u00e9xico y el Mundo de manera oportuna y busca que la libertad de expresi\u00f3n sea real. Visita nuestro medio informativo publicado desde Hermosillo, Sonora. %\" \/>\n<meta property=\"og:url\" content=\"https:\/\/www.sonoraenequipo.com.mx\/super-delegado-federal-en-jalisco-participa-en-licitacion-de-medicamentosmcci\/\" \/>\n<meta property=\"og:site_name\" content=\"Sonora en Equipo.\" \/>\n<meta property=\"article:publisher\" content=\"https:\/\/www.facebook.com\/SonoraEE\/\" \/>\n<meta property=\"article:published_time\" content=\"2019-06-18T23:30:26+00:00\" \/>\n<meta property=\"og:image\" content=\"https:\/\/www.sonoraenequipo.com.mx\/storage\/2019\/06\/lomeli2.jpg\" \/>\n\t<meta property=\"og:image:width\" content=\"450\" \/>\n\t<meta property=\"og:image:height\" content=\"297\" \/>\n\t<meta property=\"og:image:type\" content=\"image\/jpeg\" \/>\n<meta name=\"author\" content=\"enequipo\" \/>\n<meta name=\"twitter:card\" content=\"summary_large_image\" \/>\n<meta name=\"twitter:creator\" content=\"@sonoraenequipo\" \/>\n<meta name=\"twitter:site\" content=\"@sonoraenequipo\" \/>\n<meta name=\"twitter:label1\" content=\"Escrito por\" \/>\n\t<meta name=\"twitter:data1\" content=\"enequipo\" \/>\n\t<meta name=\"twitter:label2\" content=\"Tiempo de lectura\" \/>\n\t<meta name=\"twitter:data2\" content=\"2 minutos\" \/>\n<script type=\"application\/ld+json\" class=\"yoast-schema-graph\">{\"@context\":\"https:\/\/schema.org\",\"@graph\":[{\"@type\":\"Article\",\"@id\":\"https:\/\/www.sonoraenequipo.com.mx\/super-delegado-federal-en-jalisco-participa-en-licitacion-de-medicamentosmcci\/#article\",\"isPartOf\":{\"@id\":\"https:\/\/www.sonoraenequipo.com.mx\/super-delegado-federal-en-jalisco-participa-en-licitacion-de-medicamentosmcci\/\"},\"author\":{\"name\":\"enequipo\",\"@id\":\"https:\/\/www.sonoraenequipo.com.mx\/#\/schema\/person\/61a39de478a1763473ad55e8a95fddf6\"},\"headline\":\"S\u00faper delegado federal en Jalisco, participa en Licitaci\u00f3n de medicamentos:MCCI\",\"datePublished\":\"2019-06-18T23:30:26+00:00\",\"mainEntityOfPage\":{\"@id\":\"https:\/\/www.sonoraenequipo.com.mx\/super-delegado-federal-en-jalisco-participa-en-licitacion-de-medicamentosmcci\/\"},\"wordCount\":493,\"commentCount\":0,\"publisher\":{\"@id\":\"https:\/\/www.sonoraenequipo.com.mx\/#organization\"},\"image\":{\"@id\":\"https:\/\/www.sonoraenequipo.com.mx\/super-delegado-federal-en-jalisco-participa-en-licitacion-de-medicamentosmcci\/#primaryimage\"},\"thumbnailUrl\":\"https:\/\/www.sonoraenequipo.com.mx\/storage\/2019\/06\/lomeli2.jpg\",\"keywords\":[\"carlos lomeli\",\"S\u00faper delegado\"],\"articleSection\":[\"Rep\u00fablica\"],\"inLanguage\":\"es\",\"potentialAction\":[{\"@type\":\"CommentAction\",\"name\":\"Comment\",\"target\":[\"https:\/\/www.sonoraenequipo.com.mx\/super-delegado-federal-en-jalisco-participa-en-licitacion-de-medicamentosmcci\/#respond\"]}]},{\"@type\":\"WebPage\",\"@id\":\"https:\/\/www.sonoraenequipo.com.mx\/super-delegado-federal-en-jalisco-participa-en-licitacion-de-medicamentosmcci\/\",\"url\":\"https:\/\/www.sonoraenequipo.com.mx\/super-delegado-federal-en-jalisco-participa-en-licitacion-de-medicamentosmcci\/\",\"name\":\"Sonora en Equipo. S\u00faper delegado federal en Jalisco, participa en Licitaci\u00f3n de medicamentos:MCCI Rep\u00fablica\",\"isPartOf\":{\"@id\":\"https:\/\/www.sonoraenequipo.com.mx\/#website\"},\"primaryImageOfPage\":{\"@id\":\"https:\/\/www.sonoraenequipo.com.mx\/super-delegado-federal-en-jalisco-participa-en-licitacion-de-medicamentosmcci\/#primaryimage\"},\"image\":{\"@id\":\"https:\/\/www.sonoraenequipo.com.mx\/super-delegado-federal-en-jalisco-participa-en-licitacion-de-medicamentosmcci\/#primaryimage\"},\"thumbnailUrl\":\"https:\/\/www.sonoraenequipo.com.mx\/storage\/2019\/06\/lomeli2.jpg\",\"datePublished\":\"2019-06-18T23:30:26+00:00\",\"description\":\"&nbsp; GUADALAJARA, JALISCO.- Solfran, empresa que el propio Carlos Lomel\u00ed reconoce como suya, participa en la licitaci\u00f3n para la compra consolidada de En Sonora en Equipo publicamos toda la informaci\u00f3n de Sonora, M\u00e9xico y el Mundo de manera oportuna y busca que la libertad de expresi\u00f3n sea real. Visita nuestro medio informativo publicado desde Hermosillo, Sonora. %\",\"breadcrumb\":{\"@id\":\"https:\/\/www.sonoraenequipo.com.mx\/super-delegado-federal-en-jalisco-participa-en-licitacion-de-medicamentosmcci\/#breadcrumb\"},\"inLanguage\":\"es\",\"potentialAction\":[{\"@type\":\"ReadAction\",\"target\":[\"https:\/\/www.sonoraenequipo.com.mx\/super-delegado-federal-en-jalisco-participa-en-licitacion-de-medicamentosmcci\/\"]}]},{\"@type\":\"ImageObject\",\"inLanguage\":\"es\",\"@id\":\"https:\/\/www.sonoraenequipo.com.mx\/super-delegado-federal-en-jalisco-participa-en-licitacion-de-medicamentosmcci\/#primaryimage\",\"url\":\"https:\/\/www.sonoraenequipo.com.mx\/storage\/2019\/06\/lomeli2.jpg\",\"contentUrl\":\"https:\/\/www.sonoraenequipo.com.mx\/storage\/2019\/06\/lomeli2.jpg\",\"width\":450,\"height\":297},{\"@type\":\"BreadcrumbList\",\"@id\":\"https:\/\/www.sonoraenequipo.com.mx\/super-delegado-federal-en-jalisco-participa-en-licitacion-de-medicamentosmcci\/#breadcrumb\",\"itemListElement\":[{\"@type\":\"ListItem\",\"position\":1,\"name\":\"Portada\",\"item\":\"https:\/\/www.sonoraenequipo.com.mx\/\"},{\"@type\":\"ListItem\",\"position\":2,\"name\":\"S\u00faper delegado federal en Jalisco, participa en Licitaci\u00f3n de medicamentos:MCCI\"}]},{\"@type\":\"WebSite\",\"@id\":\"https:\/\/www.sonoraenequipo.com.mx\/#website\",\"url\":\"https:\/\/www.sonoraenequipo.com.mx\/\",\"name\":\"Sonora en Equipo.\",\"description\":\"Diario en l\u00ednea con Noticias desde Hermosillo, Sonora\",\"publisher\":{\"@id\":\"https:\/\/www.sonoraenequipo.com.mx\/#organization\"},\"potentialAction\":[{\"@type\":\"SearchAction\",\"target\":{\"@type\":\"EntryPoint\",\"urlTemplate\":\"https:\/\/www.sonoraenequipo.com.mx\/?s={search_term_string}\"},\"query-input\":{\"@type\":\"PropertyValueSpecification\",\"valueRequired\":true,\"valueName\":\"search_term_string\"}}],\"inLanguage\":\"es\"},{\"@type\":\"Organization\",\"@id\":\"https:\/\/www.sonoraenequipo.com.mx\/#organization\",\"name\":\"Sonoraenequipo.com.mx\",\"url\":\"https:\/\/www.sonoraenequipo.com.mx\/\",\"logo\":{\"@type\":\"ImageObject\",\"inLanguage\":\"es\",\"@id\":\"https:\/\/www.sonoraenequipo.com.mx\/#\/schema\/logo\/image\/\",\"url\":\"https:\/\/www.sonoraenequipo.com.mx\/storage\/2019\/01\/sonoraenequipo_opt.png\",\"contentUrl\":\"https:\/\/www.sonoraenequipo.com.mx\/storage\/2019\/01\/sonoraenequipo_opt.png\",\"width\":375,\"height\":125,\"caption\":\"Sonoraenequipo.com.mx\"},\"image\":{\"@id\":\"https:\/\/www.sonoraenequipo.com.mx\/#\/schema\/logo\/image\/\"},\"sameAs\":[\"https:\/\/www.facebook.com\/SonoraEE\/\",\"https:\/\/x.com\/sonoraenequipo\",\"https:\/\/www.youtube.com\/channel\/UC338nW-lPEYmJQs4ZABQ1SQ\"]},{\"@type\":\"Person\",\"@id\":\"https:\/\/www.sonoraenequipo.com.mx\/#\/schema\/person\/61a39de478a1763473ad55e8a95fddf6\",\"name\":\"enequipo\",\"image\":{\"@type\":\"ImageObject\",\"inLanguage\":\"es\",\"@id\":\"https:\/\/www.sonoraenequipo.com.mx\/#\/schema\/person\/image\/\",\"url\":\"https:\/\/secure.gravatar.com\/avatar\/e39bc3016d8af598aed3d770c9510dfc2795f37ea1733d99fcc6e97d2c3c9f5e?s=96&d=blank&r=g\",\"contentUrl\":\"https:\/\/secure.gravatar.com\/avatar\/e39bc3016d8af598aed3d770c9510dfc2795f37ea1733d99fcc6e97d2c3c9f5e?s=96&d=blank&r=g\",\"caption\":\"enequipo\"}}]}<\/script>\n ","yoast_head_json":{"title":"Sonora en Equipo. S\u00faper delegado federal en Jalisco, participa en Licitaci\u00f3n de medicamentos:MCCI Rep\u00fablica","description":"&nbsp; GUADALAJARA, JALISCO.- Solfran, empresa que el propio Carlos Lomel\u00ed reconoce como suya, participa en la licitaci\u00f3n para la compra consolidada de En Sonora en Equipo publicamos toda la informaci\u00f3n de Sonora, M\u00e9xico y el Mundo de manera oportuna y busca que la libertad de expresi\u00f3n sea real. Visita nuestro medio informativo publicado desde Hermosillo, Sonora. %","robots":{"index":"index","follow":"follow","max-snippet":"max-snippet:-1","max-image-preview":"max-image-preview:large","max-video-preview":"max-video-preview:-1"},"canonical":"https:\/\/www.sonoraenequipo.com.mx\/super-delegado-federal-en-jalisco-participa-en-licitacion-de-medicamentosmcci\/","og_locale":"es_ES","og_type":"article","og_title":"Sonora en Equipo. S\u00faper delegado federal en Jalisco, participa en Licitaci\u00f3n de medicamentos:MCCI Rep\u00fablica","og_description":"&nbsp; GUADALAJARA, JALISCO.- Solfran, empresa que el propio Carlos Lomel\u00ed reconoce como suya, participa en la licitaci\u00f3n para la compra consolidada de En Sonora en Equipo publicamos toda la informaci\u00f3n de Sonora, M\u00e9xico y el Mundo de manera oportuna y busca que la libertad de expresi\u00f3n sea real. Visita nuestro medio informativo publicado desde Hermosillo, Sonora. %","og_url":"https:\/\/www.sonoraenequipo.com.mx\/super-delegado-federal-en-jalisco-participa-en-licitacion-de-medicamentosmcci\/","og_site_name":"Sonora en Equipo.","article_publisher":"https:\/\/www.facebook.com\/SonoraEE\/","article_published_time":"2019-06-18T23:30:26+00:00","og_image":[{"width":450,"height":297,"url":"https:\/\/www.sonoraenequipo.com.mx\/storage\/2019\/06\/lomeli2.jpg","type":"image\/jpeg"}],"author":"enequipo","twitter_card":"summary_large_image","twitter_creator":"@sonoraenequipo","twitter_site":"@sonoraenequipo","twitter_misc":{"Escrito por":"enequipo","Tiempo de lectura":"2 minutos"},"schema":{"@context":"https:\/\/schema.org","@graph":[{"@type":"Article","@id":"https:\/\/www.sonoraenequipo.com.mx\/super-delegado-federal-en-jalisco-participa-en-licitacion-de-medicamentosmcci\/#article","isPartOf":{"@id":"https:\/\/www.sonoraenequipo.com.mx\/super-delegado-federal-en-jalisco-participa-en-licitacion-de-medicamentosmcci\/"},"author":{"name":"enequipo","@id":"https:\/\/www.sonoraenequipo.com.mx\/#\/schema\/person\/61a39de478a1763473ad55e8a95fddf6"},"headline":"S\u00faper delegado federal en Jalisco, participa en Licitaci\u00f3n de medicamentos:MCCI","datePublished":"2019-06-18T23:30:26+00:00","mainEntityOfPage":{"@id":"https:\/\/www.sonoraenequipo.com.mx\/super-delegado-federal-en-jalisco-participa-en-licitacion-de-medicamentosmcci\/"},"wordCount":493,"commentCount":0,"publisher":{"@id":"https:\/\/www.sonoraenequipo.com.mx\/#organization"},"image":{"@id":"https:\/\/www.sonoraenequipo.com.mx\/super-delegado-federal-en-jalisco-participa-en-licitacion-de-medicamentosmcci\/#primaryimage"},"thumbnailUrl":"https:\/\/www.sonoraenequipo.com.mx\/storage\/2019\/06\/lomeli2.jpg","keywords":["carlos lomeli","S\u00faper delegado"],"articleSection":["Rep\u00fablica"],"inLanguage":"es","potentialAction":[{"@type":"CommentAction","name":"Comment","target":["https:\/\/www.sonoraenequipo.com.mx\/super-delegado-federal-en-jalisco-participa-en-licitacion-de-medicamentosmcci\/#respond"]}]},{"@type":"WebPage","@id":"https:\/\/www.sonoraenequipo.com.mx\/super-delegado-federal-en-jalisco-participa-en-licitacion-de-medicamentosmcci\/","url":"https:\/\/www.sonoraenequipo.com.mx\/super-delegado-federal-en-jalisco-participa-en-licitacion-de-medicamentosmcci\/","name":"Sonora en Equipo. S\u00faper delegado federal en Jalisco, participa en Licitaci\u00f3n de medicamentos:MCCI Rep\u00fablica","isPartOf":{"@id":"https:\/\/www.sonoraenequipo.com.mx\/#website"},"primaryImageOfPage":{"@id":"https:\/\/www.sonoraenequipo.com.mx\/super-delegado-federal-en-jalisco-participa-en-licitacion-de-medicamentosmcci\/#primaryimage"},"image":{"@id":"https:\/\/www.sonoraenequipo.com.mx\/super-delegado-federal-en-jalisco-participa-en-licitacion-de-medicamentosmcci\/#primaryimage"},"thumbnailUrl":"https:\/\/www.sonoraenequipo.com.mx\/storage\/2019\/06\/lomeli2.jpg","datePublished":"2019-06-18T23:30:26+00:00","description":"&nbsp; GUADALAJARA, JALISCO.- Solfran, empresa que el propio Carlos Lomel\u00ed reconoce como suya, participa en la licitaci\u00f3n para la compra consolidada de En Sonora en Equipo publicamos toda la informaci\u00f3n de Sonora, M\u00e9xico y el Mundo de manera oportuna y busca que la libertad de expresi\u00f3n sea real. Visita nuestro medio informativo publicado desde Hermosillo, Sonora. %","breadcrumb":{"@id":"https:\/\/www.sonoraenequipo.com.mx\/super-delegado-federal-en-jalisco-participa-en-licitacion-de-medicamentosmcci\/#breadcrumb"},"inLanguage":"es","potentialAction":[{"@type":"ReadAction","target":["https:\/\/www.sonoraenequipo.com.mx\/super-delegado-federal-en-jalisco-participa-en-licitacion-de-medicamentosmcci\/"]}]},{"@type":"ImageObject","inLanguage":"es","@id":"https:\/\/www.sonoraenequipo.com.mx\/super-delegado-federal-en-jalisco-participa-en-licitacion-de-medicamentosmcci\/#primaryimage","url":"https:\/\/www.sonoraenequipo.com.mx\/storage\/2019\/06\/lomeli2.jpg","contentUrl":"https:\/\/www.sonoraenequipo.com.mx\/storage\/2019\/06\/lomeli2.jpg","width":450,"height":297},{"@type":"BreadcrumbList","@id":"https:\/\/www.sonoraenequipo.com.mx\/super-delegado-federal-en-jalisco-participa-en-licitacion-de-medicamentosmcci\/#breadcrumb","itemListElement":[{"@type":"ListItem","position":1,"name":"Portada","item":"https:\/\/www.sonoraenequipo.com.mx\/"},{"@type":"ListItem","position":2,"name":"S\u00faper delegado federal en Jalisco, participa en Licitaci\u00f3n de medicamentos:MCCI"}]},{"@type":"WebSite","@id":"https:\/\/www.sonoraenequipo.com.mx\/#website","url":"https:\/\/www.sonoraenequipo.com.mx\/","name":"Sonora en Equipo.","description":"Diario en l\u00ednea con Noticias desde Hermosillo, Sonora","publisher":{"@id":"https:\/\/www.sonoraenequipo.com.mx\/#organization"},"potentialAction":[{"@type":"SearchAction","target":{"@type":"EntryPoint","urlTemplate":"https:\/\/www.sonoraenequipo.com.mx\/?s={search_term_string}"},"query-input":{"@type":"PropertyValueSpecification","valueRequired":true,"valueName":"search_term_string"}}],"inLanguage":"es"},{"@type":"Organization","@id":"https:\/\/www.sonoraenequipo.com.mx\/#organization","name":"Sonoraenequipo.com.mx","url":"https:\/\/www.sonoraenequipo.com.mx\/","logo":{"@type":"ImageObject","inLanguage":"es","@id":"https:\/\/www.sonoraenequipo.com.mx\/#\/schema\/logo\/image\/","url":"https:\/\/www.sonoraenequipo.com.mx\/storage\/2019\/01\/sonoraenequipo_opt.png","contentUrl":"https:\/\/www.sonoraenequipo.com.mx\/storage\/2019\/01\/sonoraenequipo_opt.png","width":375,"height":125,"caption":"Sonoraenequipo.com.mx"},"image":{"@id":"https:\/\/www.sonoraenequipo.com.mx\/#\/schema\/logo\/image\/"},"sameAs":["https:\/\/www.facebook.com\/SonoraEE\/","https:\/\/x.com\/sonoraenequipo","https:\/\/www.youtube.com\/channel\/UC338nW-lPEYmJQs4ZABQ1SQ"]},{"@type":"Person","@id":"https:\/\/www.sonoraenequipo.com.mx\/#\/schema\/person\/61a39de478a1763473ad55e8a95fddf6","name":"enequipo","image":{"@type":"ImageObject","inLanguage":"es","@id":"https:\/\/www.sonoraenequipo.com.mx\/#\/schema\/person\/image\/","url":"https:\/\/secure.gravatar.com\/avatar\/e39bc3016d8af598aed3d770c9510dfc2795f37ea1733d99fcc6e97d2c3c9f5e?s=96&d=blank&r=g","contentUrl":"https:\/\/secure.gravatar.com\/avatar\/e39bc3016d8af598aed3d770c9510dfc2795f37ea1733d99fcc6e97d2c3c9f5e?s=96&d=blank&r=g","caption":"enequipo"}}]}},"jetpack_featured_media_url":"https:\/\/www.sonoraenequipo.com.mx\/storage\/2019\/06\/lomeli2.jpg","_links":{"self":[{"href":"https:\/\/www.sonoraenequipo.com.mx\/api\/wp\/v2\/posts\/62521","targetHints":{"allow":["GET"]}}],"collection":[{"href":"https:\/\/www.sonoraenequipo.com.mx\/api\/wp\/v2\/posts"}],"about":[{"href":"https:\/\/www.sonoraenequipo.com.mx\/api\/wp\/v2\/types\/post"}],"author":[{"embeddable":true,"href":"https:\/\/www.sonoraenequipo.com.mx\/api\/wp\/v2\/users\/178"}],"replies":[{"embeddable":true,"href":"https:\/\/www.sonoraenequipo.com.mx\/api\/wp\/v2\/comments?post=62521"}],"version-history":[{"count":0,"href":"https:\/\/www.sonoraenequipo.com.mx\/api\/wp\/v2\/posts\/62521\/revisions"}],"wp:featuredmedia":[{"embeddable":true,"href":"https:\/\/www.sonoraenequipo.com.mx\/api\/wp\/v2\/media\/62522"}],"wp:attachment":[{"href":"https:\/\/www.sonoraenequipo.com.mx\/api\/wp\/v2\/media?parent=62521"}],"wp:term":[{"taxonomy":"category","embeddable":true,"href":"https:\/\/www.sonoraenequipo.com.mx\/api\/wp\/v2\/categories?post=62521"},{"taxonomy":"post_tag","embeddable":true,"href":"https:\/\/www.sonoraenequipo.com.mx\/api\/wp\/v2\/tags?post=62521"}],"curies":[{"name":"wp","href":"https:\/\/api.w.org\/{rel}","templated":true}]}}