{"id":62524,"date":"2019-06-18T16:47:31","date_gmt":"2019-06-18T23:47:31","guid":{"rendered":"http:\/\/www.sonoraenequipo.com.mx\/?p=62524"},"modified":"2019-06-18T18:15:51","modified_gmt":"2019-06-19T01:15:51","slug":"lamenta-pes-que-morena-votara-en-contra-de-revocar-mandato-en-bacum","status":"publish","type":"post","link":"https:\/\/www.sonoraenequipo.com.mx\/lamenta-pes-que-morena-votara-en-contra-de-revocar-mandato-en-bacum\/","title":{"rendered":"Lamenta PES que MORENA votara en contra de\u00a0 revocar mandato en B\u00e1cum"},"content":{"rendered":"<p>HERMOSILLO,SONORA.- &nbsp;Despu\u00e9s de una detallada lectura de los hechos por parte del Presidente de la Comisi\u00f3n de Gobernaci\u00f3n y Puntos Constitucionales, Alonso Montes Pi\u00f1a, con el fin de iniciar el proceso de revocaci\u00f3n de Rogelio Aboyte Lim\u00f3n como Alcalde de B\u00e1cum, la bancada morenista vot\u00f3 en contra de esta importante recisi\u00f3n, a favor de los ciudadanos. <\/p>\n<p>A pesar de todos los esfuerzos hechos por esta Comisi\u00f3n, para se\u00f1alar con fundamentos al marco legal, la ausencia absoluta de Aboyte (emanado de MORENA) en el cargo, la diputada Griselda Soto Almada, en representaci\u00f3n del Grupo Parlamentario de Morena, manifest\u00f3 estar en contra de esta resoluci\u00f3n, tras detallar que no se les cit\u00f3 a las reuniones de trabajo correspondientes, as\u00ed como afirmar que este procedimiento se realiz\u00f3 de forma irregular.<\/p>\n<p>Por lo que, Montes Pi\u00f1a puntualiz\u00f3, que esta Comisi\u00f3n se condujo en todo momento, en lo establecido por la ley y neg\u00f3 lo acusado por la legisladora, pues este organismo cuenta con la evidencia de que se les convoc\u00f3 en tiempo y forma y se les present\u00f3 los perfiles curriculares del Cabildo de B\u00e1cum. As\u00ed, enfatiz\u00f3 que esta es la segunda vez que este grupo pretende hacer acusaciones falsas, con el prop\u00f3sito de afectar directamente a su persona.<\/p>\n<p>Asimismo, calific\u00f3 como inaceptable que los morenistas hayan dado su voto en contra, ya que esto no concuerda con el proyecto de anticorrupci\u00f3n trazado por el Presidente de la Rep\u00fablica, Andr\u00e9s Manuel L\u00f3pez Obrador, lo cual lament\u00f3, pues la ingobernabilidad de B\u00e1cum es insostenible.<\/p>\n<p>Fecha de publicaci\u00f3n 18\/06\/2019<\/p>\n","protected":false},"excerpt":{"rendered":"<p>HERMOSILLO,SONORA.- &nbsp;Despu\u00e9s de una detallada lectura de los hechos por parte del Presidente de la&#8230;<\/p>\n","protected":false},"author":178,"featured_media":62525,"comment_status":"open","ping_status":"open","sticky":false,"template":"","format":"standard","meta":{"_monsterinsights_skip_tracking":false,"_monsterinsights_sitenote_active":false,"_monsterinsights_sitenote_note":"","_monsterinsights_sitenote_category":0,"footnotes":""},"categories":[22],"tags":[3201,108,3200],"class_list":["post"],"yoast_head":" \n<title>Sonora en Equipo. Lamenta PES que MORENA votara en contra de\u00a0 revocar mandato en B\u00e1cum Sonora<\/title>\n<meta name=\"description\" content=\"HERMOSILLO,SONORA.- &nbsp;Despu\u00e9s de una detallada lectura de los hechos por parte del Presidente de la Comisi\u00f3n de Gobernaci\u00f3n y Puntos Constitucionales, En Sonora en Equipo publicamos toda la informaci\u00f3n de Sonora, M\u00e9xico y el Mundo de manera oportuna y busca que la libertad de expresi\u00f3n sea real. Visita nuestro medio informativo publicado desde Hermosillo, Sonora. %\" \/>\n<meta name=\"robots\" content=\"index, follow, max-snippet:-1, max-image-preview:large, max-video-preview:-1\" \/>\n<link rel=\"canonical\" href=\"https:\/\/www.sonoraenequipo.com.mx\/lamenta-pes-que-morena-votara-en-contra-de-revocar-mandato-en-bacum\/\" \/>\n<meta property=\"og:locale\" content=\"es_ES\" \/>\n<meta property=\"og:type\" content=\"article\" \/>\n<meta property=\"og:title\" content=\"Sonora en Equipo. Lamenta PES que MORENA votara en contra de\u00a0 revocar mandato en B\u00e1cum Sonora\" \/>\n<meta property=\"og:description\" content=\"HERMOSILLO,SONORA.- &nbsp;Despu\u00e9s de una detallada lectura de los hechos por parte del Presidente de la Comisi\u00f3n de Gobernaci\u00f3n y Puntos Constitucionales, En Sonora en Equipo publicamos toda la informaci\u00f3n de Sonora, M\u00e9xico y el Mundo de manera oportuna y busca que la libertad de expresi\u00f3n sea real. Visita nuestro medio informativo publicado desde Hermosillo, Sonora. %\" \/>\n<meta property=\"og:url\" content=\"https:\/\/www.sonoraenequipo.com.mx\/lamenta-pes-que-morena-votara-en-contra-de-revocar-mandato-en-bacum\/\" \/>\n<meta property=\"og:site_name\" content=\"Sonora en Equipo.\" \/>\n<meta property=\"article:publisher\" content=\"https:\/\/www.facebook.com\/SonoraEE\/\" \/>\n<meta property=\"article:published_time\" content=\"2019-06-18T23:47:31+00:00\" \/>\n<meta property=\"article:modified_time\" content=\"2019-06-19T01:15:51+00:00\" \/>\n<meta property=\"og:image\" content=\"https:\/\/www.sonoraenequipo.com.mx\/storage\/2019\/06\/alonso-montes.jpg\" \/>\n\t<meta property=\"og:image:width\" content=\"450\" \/>\n\t<meta property=\"og:image:height\" content=\"300\" \/>\n\t<meta property=\"og:image:type\" content=\"image\/jpeg\" \/>\n<meta name=\"author\" content=\"enequipo\" \/>\n<meta name=\"twitter:card\" content=\"summary_large_image\" \/>\n<meta name=\"twitter:creator\" content=\"@sonoraenequipo\" \/>\n<meta name=\"twitter:site\" content=\"@sonoraenequipo\" \/>\n<meta name=\"twitter:label1\" content=\"Escrito por\" \/>\n\t<meta name=\"twitter:data1\" content=\"enequipo\" \/>\n\t<meta name=\"twitter:label2\" content=\"Tiempo de lectura\" \/>\n\t<meta name=\"twitter:data2\" content=\"1 minuto\" \/>\n<script type=\"application\/ld+json\" class=\"yoast-schema-graph\">{\"@context\":\"https:\/\/schema.org\",\"@graph\":[{\"@type\":\"Article\",\"@id\":\"https:\/\/www.sonoraenequipo.com.mx\/lamenta-pes-que-morena-votara-en-contra-de-revocar-mandato-en-bacum\/#article\",\"isPartOf\":{\"@id\":\"https:\/\/www.sonoraenequipo.com.mx\/lamenta-pes-que-morena-votara-en-contra-de-revocar-mandato-en-bacum\/\"},\"author\":{\"name\":\"enequipo\",\"@id\":\"https:\/\/www.sonoraenequipo.com.mx\/#\/schema\/person\/61a39de478a1763473ad55e8a95fddf6\"},\"headline\":\"Lamenta PES que MORENA votara en contra de\u00a0 revocar mandato en B\u00e1cum\",\"datePublished\":\"2019-06-18T23:47:31+00:00\",\"dateModified\":\"2019-06-19T01:15:51+00:00\",\"mainEntityOfPage\":{\"@id\":\"https:\/\/www.sonoraenequipo.com.mx\/lamenta-pes-que-morena-votara-en-contra-de-revocar-mandato-en-bacum\/\"},\"wordCount\":290,\"commentCount\":0,\"publisher\":{\"@id\":\"https:\/\/www.sonoraenequipo.com.mx\/#organization\"},\"image\":{\"@id\":\"https:\/\/www.sonoraenequipo.com.mx\/lamenta-pes-que-morena-votara-en-contra-de-revocar-mandato-en-bacum\/#primaryimage\"},\"thumbnailUrl\":\"https:\/\/www.sonoraenequipo.com.mx\/storage\/2019\/06\/alonso-montes.jpg\",\"keywords\":[\"bacum\",\"morena\",\"revocacion\"],\"articleSection\":[\"Sonora\"],\"inLanguage\":\"es\",\"potentialAction\":[{\"@type\":\"CommentAction\",\"name\":\"Comment\",\"target\":[\"https:\/\/www.sonoraenequipo.com.mx\/lamenta-pes-que-morena-votara-en-contra-de-revocar-mandato-en-bacum\/#respond\"]}]},{\"@type\":\"WebPage\",\"@id\":\"https:\/\/www.sonoraenequipo.com.mx\/lamenta-pes-que-morena-votara-en-contra-de-revocar-mandato-en-bacum\/\",\"url\":\"https:\/\/www.sonoraenequipo.com.mx\/lamenta-pes-que-morena-votara-en-contra-de-revocar-mandato-en-bacum\/\",\"name\":\"Sonora en Equipo. Lamenta PES que MORENA votara en contra de\u00a0 revocar mandato en B\u00e1cum Sonora\",\"isPartOf\":{\"@id\":\"https:\/\/www.sonoraenequipo.com.mx\/#website\"},\"primaryImageOfPage\":{\"@id\":\"https:\/\/www.sonoraenequipo.com.mx\/lamenta-pes-que-morena-votara-en-contra-de-revocar-mandato-en-bacum\/#primaryimage\"},\"image\":{\"@id\":\"https:\/\/www.sonoraenequipo.com.mx\/lamenta-pes-que-morena-votara-en-contra-de-revocar-mandato-en-bacum\/#primaryimage\"},\"thumbnailUrl\":\"https:\/\/www.sonoraenequipo.com.mx\/storage\/2019\/06\/alonso-montes.jpg\",\"datePublished\":\"2019-06-18T23:47:31+00:00\",\"dateModified\":\"2019-06-19T01:15:51+00:00\",\"description\":\"HERMOSILLO,SONORA.- &nbsp;Despu\u00e9s de una detallada lectura de los hechos por parte del Presidente de la Comisi\u00f3n de Gobernaci\u00f3n y Puntos Constitucionales, En Sonora en Equipo publicamos toda la informaci\u00f3n de Sonora, M\u00e9xico y el Mundo de manera oportuna y busca que la libertad de expresi\u00f3n sea real. Visita nuestro medio informativo publicado desde Hermosillo, Sonora. %\",\"breadcrumb\":{\"@id\":\"https:\/\/www.sonoraenequipo.com.mx\/lamenta-pes-que-morena-votara-en-contra-de-revocar-mandato-en-bacum\/#breadcrumb\"},\"inLanguage\":\"es\",\"potentialAction\":[{\"@type\":\"ReadAction\",\"target\":[\"https:\/\/www.sonoraenequipo.com.mx\/lamenta-pes-que-morena-votara-en-contra-de-revocar-mandato-en-bacum\/\"]}]},{\"@type\":\"ImageObject\",\"inLanguage\":\"es\",\"@id\":\"https:\/\/www.sonoraenequipo.com.mx\/lamenta-pes-que-morena-votara-en-contra-de-revocar-mandato-en-bacum\/#primaryimage\",\"url\":\"https:\/\/www.sonoraenequipo.com.mx\/storage\/2019\/06\/alonso-montes.jpg\",\"contentUrl\":\"https:\/\/www.sonoraenequipo.com.mx\/storage\/2019\/06\/alonso-montes.jpg\",\"width\":450,\"height\":300},{\"@type\":\"BreadcrumbList\",\"@id\":\"https:\/\/www.sonoraenequipo.com.mx\/lamenta-pes-que-morena-votara-en-contra-de-revocar-mandato-en-bacum\/#breadcrumb\",\"itemListElement\":[{\"@type\":\"ListItem\",\"position\":1,\"name\":\"Portada\",\"item\":\"https:\/\/www.sonoraenequipo.com.mx\/\"},{\"@type\":\"ListItem\",\"position\":2,\"name\":\"Lamenta PES que MORENA votara en contra de\u00a0 revocar mandato en B\u00e1cum\"}]},{\"@type\":\"WebSite\",\"@id\":\"https:\/\/www.sonoraenequipo.com.mx\/#website\",\"url\":\"https:\/\/www.sonoraenequipo.com.mx\/\",\"name\":\"Sonora en Equipo.\",\"description\":\"Diario en l\u00ednea con Noticias desde Hermosillo, Sonora\",\"publisher\":{\"@id\":\"https:\/\/www.sonoraenequipo.com.mx\/#organization\"},\"potentialAction\":[{\"@type\":\"SearchAction\",\"target\":{\"@type\":\"EntryPoint\",\"urlTemplate\":\"https:\/\/www.sonoraenequipo.com.mx\/?s={search_term_string}\"},\"query-input\":{\"@type\":\"PropertyValueSpecification\",\"valueRequired\":true,\"valueName\":\"search_term_string\"}}],\"inLanguage\":\"es\"},{\"@type\":\"Organization\",\"@id\":\"https:\/\/www.sonoraenequipo.com.mx\/#organization\",\"name\":\"Sonoraenequipo.com.mx\",\"url\":\"https:\/\/www.sonoraenequipo.com.mx\/\",\"logo\":{\"@type\":\"ImageObject\",\"inLanguage\":\"es\",\"@id\":\"https:\/\/www.sonoraenequipo.com.mx\/#\/schema\/logo\/image\/\",\"url\":\"https:\/\/www.sonoraenequipo.com.mx\/storage\/2019\/01\/sonoraenequipo_opt.png\",\"contentUrl\":\"https:\/\/www.sonoraenequipo.com.mx\/storage\/2019\/01\/sonoraenequipo_opt.png\",\"width\":375,\"height\":125,\"caption\":\"Sonoraenequipo.com.mx\"},\"image\":{\"@id\":\"https:\/\/www.sonoraenequipo.com.mx\/#\/schema\/logo\/image\/\"},\"sameAs\":[\"https:\/\/www.facebook.com\/SonoraEE\/\",\"https:\/\/x.com\/sonoraenequipo\",\"https:\/\/www.youtube.com\/channel\/UC338nW-lPEYmJQs4ZABQ1SQ\"]},{\"@type\":\"Person\",\"@id\":\"https:\/\/www.sonoraenequipo.com.mx\/#\/schema\/person\/61a39de478a1763473ad55e8a95fddf6\",\"name\":\"enequipo\",\"image\":{\"@type\":\"ImageObject\",\"inLanguage\":\"es\",\"@id\":\"https:\/\/www.sonoraenequipo.com.mx\/#\/schema\/person\/image\/\",\"url\":\"https:\/\/secure.gravatar.com\/avatar\/e39bc3016d8af598aed3d770c9510dfc2795f37ea1733d99fcc6e97d2c3c9f5e?s=96&d=blank&r=g\",\"contentUrl\":\"https:\/\/secure.gravatar.com\/avatar\/e39bc3016d8af598aed3d770c9510dfc2795f37ea1733d99fcc6e97d2c3c9f5e?s=96&d=blank&r=g\",\"caption\":\"enequipo\"}}]}<\/script>\n ","yoast_head_json":{"title":"Sonora en Equipo. Lamenta PES que MORENA votara en contra de\u00a0 revocar mandato en B\u00e1cum Sonora","description":"HERMOSILLO,SONORA.- &nbsp;Despu\u00e9s de una detallada lectura de los hechos por parte del Presidente de la Comisi\u00f3n de Gobernaci\u00f3n y Puntos Constitucionales, En Sonora en Equipo publicamos toda la informaci\u00f3n de Sonora, M\u00e9xico y el Mundo de manera oportuna y busca que la libertad de expresi\u00f3n sea real. Visita nuestro medio informativo publicado desde Hermosillo, Sonora. %","robots":{"index":"index","follow":"follow","max-snippet":"max-snippet:-1","max-image-preview":"max-image-preview:large","max-video-preview":"max-video-preview:-1"},"canonical":"https:\/\/www.sonoraenequipo.com.mx\/lamenta-pes-que-morena-votara-en-contra-de-revocar-mandato-en-bacum\/","og_locale":"es_ES","og_type":"article","og_title":"Sonora en Equipo. Lamenta PES que MORENA votara en contra de\u00a0 revocar mandato en B\u00e1cum Sonora","og_description":"HERMOSILLO,SONORA.- &nbsp;Despu\u00e9s de una detallada lectura de los hechos por parte del Presidente de la Comisi\u00f3n de Gobernaci\u00f3n y Puntos Constitucionales, En Sonora en Equipo publicamos toda la informaci\u00f3n de Sonora, M\u00e9xico y el Mundo de manera oportuna y busca que la libertad de expresi\u00f3n sea real. Visita nuestro medio informativo publicado desde Hermosillo, Sonora. %","og_url":"https:\/\/www.sonoraenequipo.com.mx\/lamenta-pes-que-morena-votara-en-contra-de-revocar-mandato-en-bacum\/","og_site_name":"Sonora en Equipo.","article_publisher":"https:\/\/www.facebook.com\/SonoraEE\/","article_published_time":"2019-06-18T23:47:31+00:00","article_modified_time":"2019-06-19T01:15:51+00:00","og_image":[{"width":450,"height":300,"url":"https:\/\/www.sonoraenequipo.com.mx\/storage\/2019\/06\/alonso-montes.jpg","type":"image\/jpeg"}],"author":"enequipo","twitter_card":"summary_large_image","twitter_creator":"@sonoraenequipo","twitter_site":"@sonoraenequipo","twitter_misc":{"Escrito por":"enequipo","Tiempo de lectura":"1 minuto"},"schema":{"@context":"https:\/\/schema.org","@graph":[{"@type":"Article","@id":"https:\/\/www.sonoraenequipo.com.mx\/lamenta-pes-que-morena-votara-en-contra-de-revocar-mandato-en-bacum\/#article","isPartOf":{"@id":"https:\/\/www.sonoraenequipo.com.mx\/lamenta-pes-que-morena-votara-en-contra-de-revocar-mandato-en-bacum\/"},"author":{"name":"enequipo","@id":"https:\/\/www.sonoraenequipo.com.mx\/#\/schema\/person\/61a39de478a1763473ad55e8a95fddf6"},"headline":"Lamenta PES que MORENA votara en contra de\u00a0 revocar mandato en B\u00e1cum","datePublished":"2019-06-18T23:47:31+00:00","dateModified":"2019-06-19T01:15:51+00:00","mainEntityOfPage":{"@id":"https:\/\/www.sonoraenequipo.com.mx\/lamenta-pes-que-morena-votara-en-contra-de-revocar-mandato-en-bacum\/"},"wordCount":290,"commentCount":0,"publisher":{"@id":"https:\/\/www.sonoraenequipo.com.mx\/#organization"},"image":{"@id":"https:\/\/www.sonoraenequipo.com.mx\/lamenta-pes-que-morena-votara-en-contra-de-revocar-mandato-en-bacum\/#primaryimage"},"thumbnailUrl":"https:\/\/www.sonoraenequipo.com.mx\/storage\/2019\/06\/alonso-montes.jpg","keywords":["bacum","morena","revocacion"],"articleSection":["Sonora"],"inLanguage":"es","potentialAction":[{"@type":"CommentAction","name":"Comment","target":["https:\/\/www.sonoraenequipo.com.mx\/lamenta-pes-que-morena-votara-en-contra-de-revocar-mandato-en-bacum\/#respond"]}]},{"@type":"WebPage","@id":"https:\/\/www.sonoraenequipo.com.mx\/lamenta-pes-que-morena-votara-en-contra-de-revocar-mandato-en-bacum\/","url":"https:\/\/www.sonoraenequipo.com.mx\/lamenta-pes-que-morena-votara-en-contra-de-revocar-mandato-en-bacum\/","name":"Sonora en Equipo. Lamenta PES que MORENA votara en contra de\u00a0 revocar mandato en B\u00e1cum Sonora","isPartOf":{"@id":"https:\/\/www.sonoraenequipo.com.mx\/#website"},"primaryImageOfPage":{"@id":"https:\/\/www.sonoraenequipo.com.mx\/lamenta-pes-que-morena-votara-en-contra-de-revocar-mandato-en-bacum\/#primaryimage"},"image":{"@id":"https:\/\/www.sonoraenequipo.com.mx\/lamenta-pes-que-morena-votara-en-contra-de-revocar-mandato-en-bacum\/#primaryimage"},"thumbnailUrl":"https:\/\/www.sonoraenequipo.com.mx\/storage\/2019\/06\/alonso-montes.jpg","datePublished":"2019-06-18T23:47:31+00:00","dateModified":"2019-06-19T01:15:51+00:00","description":"HERMOSILLO,SONORA.- &nbsp;Despu\u00e9s de una detallada lectura de los hechos por parte del Presidente de la Comisi\u00f3n de Gobernaci\u00f3n y Puntos Constitucionales, En Sonora en Equipo publicamos toda la informaci\u00f3n de Sonora, M\u00e9xico y el Mundo de manera oportuna y busca que la libertad de expresi\u00f3n sea real. Visita nuestro medio informativo publicado desde Hermosillo, Sonora. %","breadcrumb":{"@id":"https:\/\/www.sonoraenequipo.com.mx\/lamenta-pes-que-morena-votara-en-contra-de-revocar-mandato-en-bacum\/#breadcrumb"},"inLanguage":"es","potentialAction":[{"@type":"ReadAction","target":["https:\/\/www.sonoraenequipo.com.mx\/lamenta-pes-que-morena-votara-en-contra-de-revocar-mandato-en-bacum\/"]}]},{"@type":"ImageObject","inLanguage":"es","@id":"https:\/\/www.sonoraenequipo.com.mx\/lamenta-pes-que-morena-votara-en-contra-de-revocar-mandato-en-bacum\/#primaryimage","url":"https:\/\/www.sonoraenequipo.com.mx\/storage\/2019\/06\/alonso-montes.jpg","contentUrl":"https:\/\/www.sonoraenequipo.com.mx\/storage\/2019\/06\/alonso-montes.jpg","width":450,"height":300},{"@type":"BreadcrumbList","@id":"https:\/\/www.sonoraenequipo.com.mx\/lamenta-pes-que-morena-votara-en-contra-de-revocar-mandato-en-bacum\/#breadcrumb","itemListElement":[{"@type":"ListItem","position":1,"name":"Portada","item":"https:\/\/www.sonoraenequipo.com.mx\/"},{"@type":"ListItem","position":2,"name":"Lamenta PES que MORENA votara en contra de\u00a0 revocar mandato en B\u00e1cum"}]},{"@type":"WebSite","@id":"https:\/\/www.sonoraenequipo.com.mx\/#website","url":"https:\/\/www.sonoraenequipo.com.mx\/","name":"Sonora en Equipo.","description":"Diario en l\u00ednea con Noticias desde Hermosillo, Sonora","publisher":{"@id":"https:\/\/www.sonoraenequipo.com.mx\/#organization"},"potentialAction":[{"@type":"SearchAction","target":{"@type":"EntryPoint","urlTemplate":"https:\/\/www.sonoraenequipo.com.mx\/?s={search_term_string}"},"query-input":{"@type":"PropertyValueSpecification","valueRequired":true,"valueName":"search_term_string"}}],"inLanguage":"es"},{"@type":"Organization","@id":"https:\/\/www.sonoraenequipo.com.mx\/#organization","name":"Sonoraenequipo.com.mx","url":"https:\/\/www.sonoraenequipo.com.mx\/","logo":{"@type":"ImageObject","inLanguage":"es","@id":"https:\/\/www.sonoraenequipo.com.mx\/#\/schema\/logo\/image\/","url":"https:\/\/www.sonoraenequipo.com.mx\/storage\/2019\/01\/sonoraenequipo_opt.png","contentUrl":"https:\/\/www.sonoraenequipo.com.mx\/storage\/2019\/01\/sonoraenequipo_opt.png","width":375,"height":125,"caption":"Sonoraenequipo.com.mx"},"image":{"@id":"https:\/\/www.sonoraenequipo.com.mx\/#\/schema\/logo\/image\/"},"sameAs":["https:\/\/www.facebook.com\/SonoraEE\/","https:\/\/x.com\/sonoraenequipo","https:\/\/www.youtube.com\/channel\/UC338nW-lPEYmJQs4ZABQ1SQ"]},{"@type":"Person","@id":"https:\/\/www.sonoraenequipo.com.mx\/#\/schema\/person\/61a39de478a1763473ad55e8a95fddf6","name":"enequipo","image":{"@type":"ImageObject","inLanguage":"es","@id":"https:\/\/www.sonoraenequipo.com.mx\/#\/schema\/person\/image\/","url":"https:\/\/secure.gravatar.com\/avatar\/e39bc3016d8af598aed3d770c9510dfc2795f37ea1733d99fcc6e97d2c3c9f5e?s=96&d=blank&r=g","contentUrl":"https:\/\/secure.gravatar.com\/avatar\/e39bc3016d8af598aed3d770c9510dfc2795f37ea1733d99fcc6e97d2c3c9f5e?s=96&d=blank&r=g","caption":"enequipo"}}]}},"jetpack_featured_media_url":"https:\/\/www.sonoraenequipo.com.mx\/storage\/2019\/06\/alonso-montes.jpg","_links":{"self":[{"href":"https:\/\/www.sonoraenequipo.com.mx\/api\/wp\/v2\/posts\/62524","targetHints":{"allow":["GET"]}}],"collection":[{"href":"https:\/\/www.sonoraenequipo.com.mx\/api\/wp\/v2\/posts"}],"about":[{"href":"https:\/\/www.sonoraenequipo.com.mx\/api\/wp\/v2\/types\/post"}],"author":[{"embeddable":true,"href":"https:\/\/www.sonoraenequipo.com.mx\/api\/wp\/v2\/users\/178"}],"replies":[{"embeddable":true,"href":"https:\/\/www.sonoraenequipo.com.mx\/api\/wp\/v2\/comments?post=62524"}],"version-history":[{"count":0,"href":"https:\/\/www.sonoraenequipo.com.mx\/api\/wp\/v2\/posts\/62524\/revisions"}],"wp:featuredmedia":[{"embeddable":true,"href":"https:\/\/www.sonoraenequipo.com.mx\/api\/wp\/v2\/media\/62525"}],"wp:attachment":[{"href":"https:\/\/www.sonoraenequipo.com.mx\/api\/wp\/v2\/media?parent=62524"}],"wp:term":[{"taxonomy":"category","embeddable":true,"href":"https:\/\/www.sonoraenequipo.com.mx\/api\/wp\/v2\/categories?post=62524"},{"taxonomy":"post_tag","embeddable":true,"href":"https:\/\/www.sonoraenequipo.com.mx\/api\/wp\/v2\/tags?post=62524"}],"curies":[{"name":"wp","href":"https:\/\/api.w.org\/{rel}","templated":true}]}}