{"id":62527,"date":"2019-06-18T17:10:23","date_gmt":"2019-06-19T00:10:23","guid":{"rendered":"http:\/\/www.sonoraenequipo.com.mx\/?p=62527"},"modified":"2020-05-18T17:29:25","modified_gmt":"2020-05-19T00:29:25","slug":"inconcebible-que-diputados-de-morena-protejan-mandato-de-alcalde-preso-en-estados-unidos-ernesto-de-lucas","status":"publish","type":"post","link":"https:\/\/www.sonoraenequipo.com.mx\/inconcebible-que-diputados-de-morena-protejan-mandato-de-alcalde-preso-en-estados-unidos-ernesto-de-lucas\/","title":{"rendered":"Inconcebible que Diputados de MORENA protejan mandato de alcalde preso en Estados Unidos : De Lucas"},"content":{"rendered":"<p>HERMOSILLO,SONORA.- Como un acto inconcebible hacia los sonorenses, calific\u00f3 el presidente del PRI Sonora, Ernesto De Lucas la votaci\u00f3n en contra que la fracci\u00f3n del Grupo Parlamentario de MORENA emiti\u00f3 en el Congreso del Estado para evitar la revocaci\u00f3n de mandato al alcalde Rogelio Aboyte Lim\u00f3n, preso en Estados Unidos por falsificaci\u00f3n de documentos. <\/p>\n<p>&nbsp;<\/p>\n<p>De Lucas dijo que: \u201cCreo que los diputados de MORENA con su voto en contra dejaron pasar la oportunidad para demostrar el sentido com\u00fan y congruencia hacia los principios que dice encabezar la cuarta transformaci\u00f3n que lidera el presidente L\u00f3pez Obrador.<\/p>\n<p>&nbsp;<\/p>\n<p>\u201cLos votos en contra por parte de los legisladores de MORENA, mismos que no permitieron reunir las 2\/3 partes requeridas, \u00fanicamente ponen en evidencia los intereses de grupo, la defensa absoluta hacia el mandato del alcalde Aboyte Lim\u00f3n, as\u00ed como la falta de inter\u00e9s para que esta lamentable situaci\u00f3n se resuelva de fondo en beneficio del municipio de B\u00e1cum y los problemas de seguridad, agua e ingobernabilidad que aquejan a esa poblaci\u00f3n\u201d,<\/p>\n<p>&nbsp;<\/p>\n<p>\u201cEsta es una prueba m\u00e1s de que MORENA no tiene la menor idea de lo que significa trabajar responsablemente en favor de la gobernabilidad. Este reprobable comportamiento que se presenta a trav\u00e9s de sus diputados en el Congreso del Estado, es ya una tendencia preocupante que de manera paralela tambi\u00e9n se est\u00e1 replicando en los municipios que este partido pol\u00edtico gobierna en nuestra entidad\u201d, sentenci\u00f3 Ernesto De Lucas.<\/p>\n<p>Fecha de publicaci\u00f3n 18\/06\/2019<\/p>\n","protected":false},"excerpt":{"rendered":"<p>HERMOSILLO,SONORA.- Como un acto inconcebible hacia los sonorenses, calific\u00f3 el presidente del PRI Sonora, Ernesto&#8230;<\/p>\n","protected":false},"author":178,"featured_media":62528,"comment_status":"open","ping_status":"open","sticky":false,"template":"","format":"standard","meta":{"_monsterinsights_skip_tracking":false,"_monsterinsights_sitenote_active":false,"_monsterinsights_sitenote_note":"","_monsterinsights_sitenote_category":0,"footnotes":""},"categories":[3281],"tags":[3201,484,108,669],"class_list":["post"],"yoast_head":" \n<title>Sonora en Equipo. Inconcebible que Diputados de MORENA protejan mandato de alcalde preso en Estados Unidos : De Lucas<\/title>\n<meta name=\"description\" content=\"HERMOSILLO,SONORA.- Como un acto inconcebible hacia los sonorenses, calific\u00f3 el presidente del PRI Sonora, Ernesto De Lucas la votaci\u00f3n en contra que la En Sonora en Equipo publicamos toda la informaci\u00f3n de Sonora, M\u00e9xico y el Mundo de manera oportuna y busca que la libertad de expresi\u00f3n sea real. Visita nuestro medio informativo publicado desde Hermosillo, Sonora. %\" \/>\n<meta name=\"robots\" content=\"index, follow, max-snippet:-1, max-image-preview:large, max-video-preview:-1\" \/>\n<link rel=\"canonical\" href=\"https:\/\/www.sonoraenequipo.com.mx\/inconcebible-que-diputados-de-morena-protejan-mandato-de-alcalde-preso-en-estados-unidos-ernesto-de-lucas\/\" \/>\n<meta property=\"og:locale\" content=\"es_ES\" \/>\n<meta property=\"og:type\" content=\"article\" \/>\n<meta property=\"og:title\" content=\"Sonora en Equipo. Inconcebible que Diputados de MORENA protejan mandato de alcalde preso en Estados Unidos : De Lucas\" \/>\n<meta property=\"og:description\" content=\"HERMOSILLO,SONORA.- Como un acto inconcebible hacia los sonorenses, calific\u00f3 el presidente del PRI Sonora, Ernesto De Lucas la votaci\u00f3n en contra que la En Sonora en Equipo publicamos toda la informaci\u00f3n de Sonora, M\u00e9xico y el Mundo de manera oportuna y busca que la libertad de expresi\u00f3n sea real. Visita nuestro medio informativo publicado desde Hermosillo, Sonora. %\" \/>\n<meta property=\"og:url\" content=\"https:\/\/www.sonoraenequipo.com.mx\/inconcebible-que-diputados-de-morena-protejan-mandato-de-alcalde-preso-en-estados-unidos-ernesto-de-lucas\/\" \/>\n<meta property=\"og:site_name\" content=\"Sonora en Equipo.\" \/>\n<meta property=\"article:publisher\" content=\"https:\/\/www.facebook.com\/SonoraEE\/\" \/>\n<meta property=\"article:published_time\" content=\"2019-06-19T00:10:23+00:00\" \/>\n<meta property=\"article:modified_time\" content=\"2020-05-19T00:29:25+00:00\" \/>\n<meta property=\"og:image\" content=\"https:\/\/www.sonoraenequipo.com.mx\/storage\/2019\/06\/delucas2.jpg\" \/>\n\t<meta property=\"og:image:width\" content=\"450\" \/>\n\t<meta property=\"og:image:height\" content=\"333\" \/>\n\t<meta property=\"og:image:type\" content=\"image\/jpeg\" \/>\n<meta name=\"author\" content=\"enequipo\" \/>\n<meta name=\"twitter:card\" content=\"summary_large_image\" \/>\n<meta name=\"twitter:creator\" content=\"@sonoraenequipo\" \/>\n<meta name=\"twitter:site\" content=\"@sonoraenequipo\" \/>\n<meta name=\"twitter:label1\" content=\"Escrito por\" \/>\n\t<meta name=\"twitter:data1\" content=\"enequipo\" \/>\n\t<meta name=\"twitter:label2\" content=\"Tiempo de lectura\" \/>\n\t<meta name=\"twitter:data2\" content=\"1 minuto\" \/>\n<script type=\"application\/ld+json\" class=\"yoast-schema-graph\">{\"@context\":\"https:\/\/schema.org\",\"@graph\":[{\"@type\":\"Article\",\"@id\":\"https:\/\/www.sonoraenequipo.com.mx\/inconcebible-que-diputados-de-morena-protejan-mandato-de-alcalde-preso-en-estados-unidos-ernesto-de-lucas\/#article\",\"isPartOf\":{\"@id\":\"https:\/\/www.sonoraenequipo.com.mx\/inconcebible-que-diputados-de-morena-protejan-mandato-de-alcalde-preso-en-estados-unidos-ernesto-de-lucas\/\"},\"author\":{\"name\":\"enequipo\",\"@id\":\"https:\/\/www.sonoraenequipo.com.mx\/#\/schema\/person\/61a39de478a1763473ad55e8a95fddf6\"},\"headline\":\"Inconcebible que Diputados de MORENA protejan mandato de alcalde preso en Estados Unidos : De Lucas\",\"datePublished\":\"2019-06-19T00:10:23+00:00\",\"dateModified\":\"2020-05-19T00:29:25+00:00\",\"mainEntityOfPage\":{\"@id\":\"https:\/\/www.sonoraenequipo.com.mx\/inconcebible-que-diputados-de-morena-protejan-mandato-de-alcalde-preso-en-estados-unidos-ernesto-de-lucas\/\"},\"wordCount\":275,\"commentCount\":0,\"publisher\":{\"@id\":\"https:\/\/www.sonoraenequipo.com.mx\/#organization\"},\"image\":{\"@id\":\"https:\/\/www.sonoraenequipo.com.mx\/inconcebible-que-diputados-de-morena-protejan-mandato-de-alcalde-preso-en-estados-unidos-ernesto-de-lucas\/#primaryimage\"},\"thumbnailUrl\":\"https:\/\/www.sonoraenequipo.com.mx\/storage\/2019\/06\/delucas2.jpg\",\"keywords\":[\"bacum\",\"Ernesto De Lucas\",\"morena\",\"PRI SONORA\"],\"articleSection\":[\"Congreso\"],\"inLanguage\":\"es\",\"potentialAction\":[{\"@type\":\"CommentAction\",\"name\":\"Comment\",\"target\":[\"https:\/\/www.sonoraenequipo.com.mx\/inconcebible-que-diputados-de-morena-protejan-mandato-de-alcalde-preso-en-estados-unidos-ernesto-de-lucas\/#respond\"]}]},{\"@type\":\"WebPage\",\"@id\":\"https:\/\/www.sonoraenequipo.com.mx\/inconcebible-que-diputados-de-morena-protejan-mandato-de-alcalde-preso-en-estados-unidos-ernesto-de-lucas\/\",\"url\":\"https:\/\/www.sonoraenequipo.com.mx\/inconcebible-que-diputados-de-morena-protejan-mandato-de-alcalde-preso-en-estados-unidos-ernesto-de-lucas\/\",\"name\":\"Sonora en Equipo. Inconcebible que Diputados de MORENA protejan mandato de alcalde preso en Estados Unidos : De Lucas\",\"isPartOf\":{\"@id\":\"https:\/\/www.sonoraenequipo.com.mx\/#website\"},\"primaryImageOfPage\":{\"@id\":\"https:\/\/www.sonoraenequipo.com.mx\/inconcebible-que-diputados-de-morena-protejan-mandato-de-alcalde-preso-en-estados-unidos-ernesto-de-lucas\/#primaryimage\"},\"image\":{\"@id\":\"https:\/\/www.sonoraenequipo.com.mx\/inconcebible-que-diputados-de-morena-protejan-mandato-de-alcalde-preso-en-estados-unidos-ernesto-de-lucas\/#primaryimage\"},\"thumbnailUrl\":\"https:\/\/www.sonoraenequipo.com.mx\/storage\/2019\/06\/delucas2.jpg\",\"datePublished\":\"2019-06-19T00:10:23+00:00\",\"dateModified\":\"2020-05-19T00:29:25+00:00\",\"description\":\"HERMOSILLO,SONORA.- Como un acto inconcebible hacia los sonorenses, calific\u00f3 el presidente del PRI Sonora, Ernesto De Lucas la votaci\u00f3n en contra que la En Sonora en Equipo publicamos toda la informaci\u00f3n de Sonora, M\u00e9xico y el Mundo de manera oportuna y busca que la libertad de expresi\u00f3n sea real. Visita nuestro medio informativo publicado desde Hermosillo, Sonora. %\",\"breadcrumb\":{\"@id\":\"https:\/\/www.sonoraenequipo.com.mx\/inconcebible-que-diputados-de-morena-protejan-mandato-de-alcalde-preso-en-estados-unidos-ernesto-de-lucas\/#breadcrumb\"},\"inLanguage\":\"es\",\"potentialAction\":[{\"@type\":\"ReadAction\",\"target\":[\"https:\/\/www.sonoraenequipo.com.mx\/inconcebible-que-diputados-de-morena-protejan-mandato-de-alcalde-preso-en-estados-unidos-ernesto-de-lucas\/\"]}]},{\"@type\":\"ImageObject\",\"inLanguage\":\"es\",\"@id\":\"https:\/\/www.sonoraenequipo.com.mx\/inconcebible-que-diputados-de-morena-protejan-mandato-de-alcalde-preso-en-estados-unidos-ernesto-de-lucas\/#primaryimage\",\"url\":\"https:\/\/www.sonoraenequipo.com.mx\/storage\/2019\/06\/delucas2.jpg\",\"contentUrl\":\"https:\/\/www.sonoraenequipo.com.mx\/storage\/2019\/06\/delucas2.jpg\",\"width\":450,\"height\":333},{\"@type\":\"BreadcrumbList\",\"@id\":\"https:\/\/www.sonoraenequipo.com.mx\/inconcebible-que-diputados-de-morena-protejan-mandato-de-alcalde-preso-en-estados-unidos-ernesto-de-lucas\/#breadcrumb\",\"itemListElement\":[{\"@type\":\"ListItem\",\"position\":1,\"name\":\"Portada\",\"item\":\"https:\/\/www.sonoraenequipo.com.mx\/\"},{\"@type\":\"ListItem\",\"position\":2,\"name\":\"Inconcebible que Diputados de MORENA protejan mandato de alcalde preso en Estados Unidos : De Lucas\"}]},{\"@type\":\"WebSite\",\"@id\":\"https:\/\/www.sonoraenequipo.com.mx\/#website\",\"url\":\"https:\/\/www.sonoraenequipo.com.mx\/\",\"name\":\"Sonora en Equipo.\",\"description\":\"Diario en l\u00ednea con Noticias desde Hermosillo, Sonora\",\"publisher\":{\"@id\":\"https:\/\/www.sonoraenequipo.com.mx\/#organization\"},\"potentialAction\":[{\"@type\":\"SearchAction\",\"target\":{\"@type\":\"EntryPoint\",\"urlTemplate\":\"https:\/\/www.sonoraenequipo.com.mx\/?s={search_term_string}\"},\"query-input\":{\"@type\":\"PropertyValueSpecification\",\"valueRequired\":true,\"valueName\":\"search_term_string\"}}],\"inLanguage\":\"es\"},{\"@type\":\"Organization\",\"@id\":\"https:\/\/www.sonoraenequipo.com.mx\/#organization\",\"name\":\"Sonoraenequipo.com.mx\",\"url\":\"https:\/\/www.sonoraenequipo.com.mx\/\",\"logo\":{\"@type\":\"ImageObject\",\"inLanguage\":\"es\",\"@id\":\"https:\/\/www.sonoraenequipo.com.mx\/#\/schema\/logo\/image\/\",\"url\":\"https:\/\/www.sonoraenequipo.com.mx\/storage\/2019\/01\/sonoraenequipo_opt.png\",\"contentUrl\":\"https:\/\/www.sonoraenequipo.com.mx\/storage\/2019\/01\/sonoraenequipo_opt.png\",\"width\":375,\"height\":125,\"caption\":\"Sonoraenequipo.com.mx\"},\"image\":{\"@id\":\"https:\/\/www.sonoraenequipo.com.mx\/#\/schema\/logo\/image\/\"},\"sameAs\":[\"https:\/\/www.facebook.com\/SonoraEE\/\",\"https:\/\/x.com\/sonoraenequipo\",\"https:\/\/www.youtube.com\/channel\/UC338nW-lPEYmJQs4ZABQ1SQ\"]},{\"@type\":\"Person\",\"@id\":\"https:\/\/www.sonoraenequipo.com.mx\/#\/schema\/person\/61a39de478a1763473ad55e8a95fddf6\",\"name\":\"enequipo\",\"image\":{\"@type\":\"ImageObject\",\"inLanguage\":\"es\",\"@id\":\"https:\/\/www.sonoraenequipo.com.mx\/#\/schema\/person\/image\/\",\"url\":\"https:\/\/secure.gravatar.com\/avatar\/e39bc3016d8af598aed3d770c9510dfc2795f37ea1733d99fcc6e97d2c3c9f5e?s=96&d=blank&r=g\",\"contentUrl\":\"https:\/\/secure.gravatar.com\/avatar\/e39bc3016d8af598aed3d770c9510dfc2795f37ea1733d99fcc6e97d2c3c9f5e?s=96&d=blank&r=g\",\"caption\":\"enequipo\"}}]}<\/script>\n ","yoast_head_json":{"title":"Sonora en Equipo. Inconcebible que Diputados de MORENA protejan mandato de alcalde preso en Estados Unidos : De Lucas","description":"HERMOSILLO,SONORA.- Como un acto inconcebible hacia los sonorenses, calific\u00f3 el presidente del PRI Sonora, Ernesto De Lucas la votaci\u00f3n en contra que la En Sonora en Equipo publicamos toda la informaci\u00f3n de Sonora, M\u00e9xico y el Mundo de manera oportuna y busca que la libertad de expresi\u00f3n sea real. Visita nuestro medio informativo publicado desde Hermosillo, Sonora. %","robots":{"index":"index","follow":"follow","max-snippet":"max-snippet:-1","max-image-preview":"max-image-preview:large","max-video-preview":"max-video-preview:-1"},"canonical":"https:\/\/www.sonoraenequipo.com.mx\/inconcebible-que-diputados-de-morena-protejan-mandato-de-alcalde-preso-en-estados-unidos-ernesto-de-lucas\/","og_locale":"es_ES","og_type":"article","og_title":"Sonora en Equipo. Inconcebible que Diputados de MORENA protejan mandato de alcalde preso en Estados Unidos : De Lucas","og_description":"HERMOSILLO,SONORA.- Como un acto inconcebible hacia los sonorenses, calific\u00f3 el presidente del PRI Sonora, Ernesto De Lucas la votaci\u00f3n en contra que la En Sonora en Equipo publicamos toda la informaci\u00f3n de Sonora, M\u00e9xico y el Mundo de manera oportuna y busca que la libertad de expresi\u00f3n sea real. Visita nuestro medio informativo publicado desde Hermosillo, Sonora. %","og_url":"https:\/\/www.sonoraenequipo.com.mx\/inconcebible-que-diputados-de-morena-protejan-mandato-de-alcalde-preso-en-estados-unidos-ernesto-de-lucas\/","og_site_name":"Sonora en Equipo.","article_publisher":"https:\/\/www.facebook.com\/SonoraEE\/","article_published_time":"2019-06-19T00:10:23+00:00","article_modified_time":"2020-05-19T00:29:25+00:00","og_image":[{"width":450,"height":333,"url":"https:\/\/www.sonoraenequipo.com.mx\/storage\/2019\/06\/delucas2.jpg","type":"image\/jpeg"}],"author":"enequipo","twitter_card":"summary_large_image","twitter_creator":"@sonoraenequipo","twitter_site":"@sonoraenequipo","twitter_misc":{"Escrito por":"enequipo","Tiempo de lectura":"1 minuto"},"schema":{"@context":"https:\/\/schema.org","@graph":[{"@type":"Article","@id":"https:\/\/www.sonoraenequipo.com.mx\/inconcebible-que-diputados-de-morena-protejan-mandato-de-alcalde-preso-en-estados-unidos-ernesto-de-lucas\/#article","isPartOf":{"@id":"https:\/\/www.sonoraenequipo.com.mx\/inconcebible-que-diputados-de-morena-protejan-mandato-de-alcalde-preso-en-estados-unidos-ernesto-de-lucas\/"},"author":{"name":"enequipo","@id":"https:\/\/www.sonoraenequipo.com.mx\/#\/schema\/person\/61a39de478a1763473ad55e8a95fddf6"},"headline":"Inconcebible que Diputados de MORENA protejan mandato de alcalde preso en Estados Unidos : De Lucas","datePublished":"2019-06-19T00:10:23+00:00","dateModified":"2020-05-19T00:29:25+00:00","mainEntityOfPage":{"@id":"https:\/\/www.sonoraenequipo.com.mx\/inconcebible-que-diputados-de-morena-protejan-mandato-de-alcalde-preso-en-estados-unidos-ernesto-de-lucas\/"},"wordCount":275,"commentCount":0,"publisher":{"@id":"https:\/\/www.sonoraenequipo.com.mx\/#organization"},"image":{"@id":"https:\/\/www.sonoraenequipo.com.mx\/inconcebible-que-diputados-de-morena-protejan-mandato-de-alcalde-preso-en-estados-unidos-ernesto-de-lucas\/#primaryimage"},"thumbnailUrl":"https:\/\/www.sonoraenequipo.com.mx\/storage\/2019\/06\/delucas2.jpg","keywords":["bacum","Ernesto De Lucas","morena","PRI SONORA"],"articleSection":["Congreso"],"inLanguage":"es","potentialAction":[{"@type":"CommentAction","name":"Comment","target":["https:\/\/www.sonoraenequipo.com.mx\/inconcebible-que-diputados-de-morena-protejan-mandato-de-alcalde-preso-en-estados-unidos-ernesto-de-lucas\/#respond"]}]},{"@type":"WebPage","@id":"https:\/\/www.sonoraenequipo.com.mx\/inconcebible-que-diputados-de-morena-protejan-mandato-de-alcalde-preso-en-estados-unidos-ernesto-de-lucas\/","url":"https:\/\/www.sonoraenequipo.com.mx\/inconcebible-que-diputados-de-morena-protejan-mandato-de-alcalde-preso-en-estados-unidos-ernesto-de-lucas\/","name":"Sonora en Equipo. Inconcebible que Diputados de MORENA protejan mandato de alcalde preso en Estados Unidos : De Lucas","isPartOf":{"@id":"https:\/\/www.sonoraenequipo.com.mx\/#website"},"primaryImageOfPage":{"@id":"https:\/\/www.sonoraenequipo.com.mx\/inconcebible-que-diputados-de-morena-protejan-mandato-de-alcalde-preso-en-estados-unidos-ernesto-de-lucas\/#primaryimage"},"image":{"@id":"https:\/\/www.sonoraenequipo.com.mx\/inconcebible-que-diputados-de-morena-protejan-mandato-de-alcalde-preso-en-estados-unidos-ernesto-de-lucas\/#primaryimage"},"thumbnailUrl":"https:\/\/www.sonoraenequipo.com.mx\/storage\/2019\/06\/delucas2.jpg","datePublished":"2019-06-19T00:10:23+00:00","dateModified":"2020-05-19T00:29:25+00:00","description":"HERMOSILLO,SONORA.- Como un acto inconcebible hacia los sonorenses, calific\u00f3 el presidente del PRI Sonora, Ernesto De Lucas la votaci\u00f3n en contra que la En Sonora en Equipo publicamos toda la informaci\u00f3n de Sonora, M\u00e9xico y el Mundo de manera oportuna y busca que la libertad de expresi\u00f3n sea real. Visita nuestro medio informativo publicado desde Hermosillo, Sonora. %","breadcrumb":{"@id":"https:\/\/www.sonoraenequipo.com.mx\/inconcebible-que-diputados-de-morena-protejan-mandato-de-alcalde-preso-en-estados-unidos-ernesto-de-lucas\/#breadcrumb"},"inLanguage":"es","potentialAction":[{"@type":"ReadAction","target":["https:\/\/www.sonoraenequipo.com.mx\/inconcebible-que-diputados-de-morena-protejan-mandato-de-alcalde-preso-en-estados-unidos-ernesto-de-lucas\/"]}]},{"@type":"ImageObject","inLanguage":"es","@id":"https:\/\/www.sonoraenequipo.com.mx\/inconcebible-que-diputados-de-morena-protejan-mandato-de-alcalde-preso-en-estados-unidos-ernesto-de-lucas\/#primaryimage","url":"https:\/\/www.sonoraenequipo.com.mx\/storage\/2019\/06\/delucas2.jpg","contentUrl":"https:\/\/www.sonoraenequipo.com.mx\/storage\/2019\/06\/delucas2.jpg","width":450,"height":333},{"@type":"BreadcrumbList","@id":"https:\/\/www.sonoraenequipo.com.mx\/inconcebible-que-diputados-de-morena-protejan-mandato-de-alcalde-preso-en-estados-unidos-ernesto-de-lucas\/#breadcrumb","itemListElement":[{"@type":"ListItem","position":1,"name":"Portada","item":"https:\/\/www.sonoraenequipo.com.mx\/"},{"@type":"ListItem","position":2,"name":"Inconcebible que Diputados de MORENA protejan mandato de alcalde preso en Estados Unidos : De Lucas"}]},{"@type":"WebSite","@id":"https:\/\/www.sonoraenequipo.com.mx\/#website","url":"https:\/\/www.sonoraenequipo.com.mx\/","name":"Sonora en Equipo.","description":"Diario en l\u00ednea con Noticias desde Hermosillo, Sonora","publisher":{"@id":"https:\/\/www.sonoraenequipo.com.mx\/#organization"},"potentialAction":[{"@type":"SearchAction","target":{"@type":"EntryPoint","urlTemplate":"https:\/\/www.sonoraenequipo.com.mx\/?s={search_term_string}"},"query-input":{"@type":"PropertyValueSpecification","valueRequired":true,"valueName":"search_term_string"}}],"inLanguage":"es"},{"@type":"Organization","@id":"https:\/\/www.sonoraenequipo.com.mx\/#organization","name":"Sonoraenequipo.com.mx","url":"https:\/\/www.sonoraenequipo.com.mx\/","logo":{"@type":"ImageObject","inLanguage":"es","@id":"https:\/\/www.sonoraenequipo.com.mx\/#\/schema\/logo\/image\/","url":"https:\/\/www.sonoraenequipo.com.mx\/storage\/2019\/01\/sonoraenequipo_opt.png","contentUrl":"https:\/\/www.sonoraenequipo.com.mx\/storage\/2019\/01\/sonoraenequipo_opt.png","width":375,"height":125,"caption":"Sonoraenequipo.com.mx"},"image":{"@id":"https:\/\/www.sonoraenequipo.com.mx\/#\/schema\/logo\/image\/"},"sameAs":["https:\/\/www.facebook.com\/SonoraEE\/","https:\/\/x.com\/sonoraenequipo","https:\/\/www.youtube.com\/channel\/UC338nW-lPEYmJQs4ZABQ1SQ"]},{"@type":"Person","@id":"https:\/\/www.sonoraenequipo.com.mx\/#\/schema\/person\/61a39de478a1763473ad55e8a95fddf6","name":"enequipo","image":{"@type":"ImageObject","inLanguage":"es","@id":"https:\/\/www.sonoraenequipo.com.mx\/#\/schema\/person\/image\/","url":"https:\/\/secure.gravatar.com\/avatar\/e39bc3016d8af598aed3d770c9510dfc2795f37ea1733d99fcc6e97d2c3c9f5e?s=96&d=blank&r=g","contentUrl":"https:\/\/secure.gravatar.com\/avatar\/e39bc3016d8af598aed3d770c9510dfc2795f37ea1733d99fcc6e97d2c3c9f5e?s=96&d=blank&r=g","caption":"enequipo"}}]}},"jetpack_featured_media_url":"https:\/\/www.sonoraenequipo.com.mx\/storage\/2019\/06\/delucas2.jpg","_links":{"self":[{"href":"https:\/\/www.sonoraenequipo.com.mx\/api\/wp\/v2\/posts\/62527","targetHints":{"allow":["GET"]}}],"collection":[{"href":"https:\/\/www.sonoraenequipo.com.mx\/api\/wp\/v2\/posts"}],"about":[{"href":"https:\/\/www.sonoraenequipo.com.mx\/api\/wp\/v2\/types\/post"}],"author":[{"embeddable":true,"href":"https:\/\/www.sonoraenequipo.com.mx\/api\/wp\/v2\/users\/178"}],"replies":[{"embeddable":true,"href":"https:\/\/www.sonoraenequipo.com.mx\/api\/wp\/v2\/comments?post=62527"}],"version-history":[{"count":0,"href":"https:\/\/www.sonoraenequipo.com.mx\/api\/wp\/v2\/posts\/62527\/revisions"}],"wp:featuredmedia":[{"embeddable":true,"href":"https:\/\/www.sonoraenequipo.com.mx\/api\/wp\/v2\/media\/62528"}],"wp:attachment":[{"href":"https:\/\/www.sonoraenequipo.com.mx\/api\/wp\/v2\/media?parent=62527"}],"wp:term":[{"taxonomy":"category","embeddable":true,"href":"https:\/\/www.sonoraenequipo.com.mx\/api\/wp\/v2\/categories?post=62527"},{"taxonomy":"post_tag","embeddable":true,"href":"https:\/\/www.sonoraenequipo.com.mx\/api\/wp\/v2\/tags?post=62527"}],"curies":[{"name":"wp","href":"https:\/\/api.w.org\/{rel}","templated":true}]}}