{"id":62532,"date":"2019-06-18T21:39:52","date_gmt":"2019-06-19T04:39:52","guid":{"rendered":"http:\/\/www.sonoraenequipo.com.mx\/?p=62532"},"modified":"2019-06-18T21:43:02","modified_gmt":"2019-06-19T04:43:02","slug":"cabildo-de-hermosillo-enviara-iniciativa-para-hacer-obligatorio-el-seguro-de-danos-a-terceros-para-todos-los-vehiculos-que-circulen-en-sonora","status":"publish","type":"post","link":"https:\/\/www.sonoraenequipo.com.mx\/cabildo-de-hermosillo-enviara-iniciativa-para-hacer-obligatorio-el-seguro-de-danos-a-terceros-para-todos-los-vehiculos-que-circulen-en-sonora\/","title":{"rendered":"Podr\u00eda ser obligatorio el seguro de da\u00f1os a terceros para todos los veh\u00edculos\u00a0 que circulen en Sonora"},"content":{"rendered":"<p>HERMOSILLO,SONORA.-En sesi\u00f3n Ordinaria del Cabildo presidida por la presidenta municipal Celida L\u00f3pez C\u00e1rdenas, se aprob\u00f3 enviar al Congreso del Estado una iniciativa para adicionar una fracci\u00f3n en la Ley de Tr\u00e1nsito que haga obligatorio contar con un seguro de responsabilidad civil en todos los veh\u00edculos que circulen en Sonora. <\/p>\n<p>&nbsp;<\/p>\n<p>La iniciativa de reforma adiciona la fracci\u00f3n VI al art\u00edculo 41 de la Ley de Tr\u00e1nsito de Sonora para quedar: \u201cTodo veh\u00edculo motorizado que transite por v\u00edas p\u00fablicas del Estado deber\u00e1 contar con una p\u00f3liza de seguro de responsabilidad civil contra da\u00f1os a terceros que pudieran ocasionarse en sus bienes o personas, vigentes en los t\u00e9rminos de las disposiciones jur\u00eddicas aplicables\u201d.<\/p>\n<p>&nbsp;<\/p>\n<p>El regidor presidente de la Comisi\u00f3n de Seguridad P\u00fablica y Tr\u00e1nsito, Armando Moreno Soto, explic\u00f3 que se trata de que todo mundo tenga un seguro para que alguien se haga responsable en caso de accidente, dijo, \u201ces a\u00f1adirle esa obligaci\u00f3n a todos los usuarios que traen autom\u00f3vil, para que tengan un seguro, por lo menos en afectaci\u00f3n a terceros\u201d.<\/p>\n<p><strong>Programa \u201cEnfr\u00eda tu Adeudo este Verano\u201d<\/strong><\/p>\n<p>Por otra parte, se qued\u00f3 aprobado por unanimidad arrancar con el programa \u00abEnfr\u00eda tu Adeudo este Verano\u00bb, que otorga est\u00edmulos fiscales a los ciudadanos que regularicen su situaci\u00f3n fiscal con el Ayuntamiento, mismos que estar\u00e1n vigentes del 20 de junio al 31 de agosto.<\/p>\n<p>Los est\u00edmulos fiscales que se autorizaron otorgan el 100 por ciento de descuento en recargos por el impuesto predial y multas de tr\u00e1nsito, a quienes liquiden el adeudo en una sola exhibici\u00f3n, en m\u00f3dulos de Tesorer\u00eda y a trav\u00e9s de la p\u00e1gina de Internet del Gobierno de Hermosillo.<\/p>\n<p>La presidenta de la Comisi\u00f3n de Hacienda, Patrimonio y Cuenta P\u00fablica, Myrna Rea S\u00e1nchez, mencion\u00f3 que tambi\u00e9n incluye eliminar el 100 por ciento del cargo por almacenamiento de veh\u00edculos en un dep\u00f3sito municipal, al pagar s\u00f3lo la multa en cualquier m\u00f3dulo de Tesorer\u00eda.<\/p>\n<p>As\u00ed mismo, los integrantes de Cabildo autorizaron un convenio de colaboraci\u00f3n en materia de Seguridad P\u00fablica, que celebrar\u00e1n el Centro de Evaluaci\u00f3n y Control de Confianza del Estado de Sonora y el Ayuntamiento de Hermosillo, Sonora.<\/p>\n<p><strong>Regularizar\u00e1n situaci\u00f3n jur\u00eddica en la San Luis<\/strong><\/p>\n<p>Adem\u00e1s, en los asuntos de Sindicatura, se donaron unos terrenos de la colonia San Luis a Promotora Inmobiliaria, para que se regularice la situaci\u00f3n jur\u00eddica de las familias que los habitan.<\/p>\n<p>Ambos predios, uno de mil 867.88 metros cuadrados y otro de 26 mil 870.26 metros cuadrados, se pasar\u00e1n a Promotora Inmobiliaria para que administre su regularizaci\u00f3n y titulaci\u00f3n a favor de sus posesionarios.<\/p>\n<p>Fecha de publicaci\u00f3n 18\/06\/2019<\/p>\n","protected":false},"excerpt":{"rendered":"<p>HERMOSILLO,SONORA.-En sesi\u00f3n Ordinaria del Cabildo presidida por la presidenta municipal Celida L\u00f3pez C\u00e1rdenas, se aprob\u00f3&#8230;<\/p>\n","protected":false},"author":178,"featured_media":62573,"comment_status":"open","ping_status":"open","sticky":false,"template":"","format":"standard","meta":{"_monsterinsights_skip_tracking":false,"_monsterinsights_sitenote_active":false,"_monsterinsights_sitenote_note":"","_monsterinsights_sitenote_category":0,"footnotes":""},"categories":[4],"tags":[187,3202],"class_list":["post"],"yoast_head":" \n<title>Sonora en Equipo. Podr\u00eda ser obligatorio el seguro de da\u00f1os a terceros para todos los veh\u00edculos\u00a0 que circulen en Sonora Municipios<\/title>\n<meta name=\"description\" content=\"HERMOSILLO,SONORA.-En sesi\u00f3n Ordinaria del Cabildo presidida por la presidenta municipal Celida L\u00f3pez C\u00e1rdenas, se aprob\u00f3 enviar al Congreso del Estado En Sonora en Equipo publicamos toda la informaci\u00f3n de Sonora, M\u00e9xico y el Mundo de manera oportuna y busca que la libertad de expresi\u00f3n sea real. Visita nuestro medio informativo publicado desde Hermosillo, Sonora. %\" \/>\n<meta name=\"robots\" content=\"index, follow, max-snippet:-1, max-image-preview:large, max-video-preview:-1\" \/>\n<link rel=\"canonical\" href=\"https:\/\/www.sonoraenequipo.com.mx\/cabildo-de-hermosillo-enviara-iniciativa-para-hacer-obligatorio-el-seguro-de-danos-a-terceros-para-todos-los-vehiculos-que-circulen-en-sonora\/\" \/>\n<meta property=\"og:locale\" content=\"es_ES\" \/>\n<meta property=\"og:type\" content=\"article\" \/>\n<meta property=\"og:title\" content=\"Sonora en Equipo. Podr\u00eda ser obligatorio el seguro de da\u00f1os a terceros para todos los veh\u00edculos\u00a0 que circulen en Sonora Municipios\" \/>\n<meta property=\"og:description\" content=\"HERMOSILLO,SONORA.-En sesi\u00f3n Ordinaria del Cabildo presidida por la presidenta municipal Celida L\u00f3pez C\u00e1rdenas, se aprob\u00f3 enviar al Congreso del Estado En Sonora en Equipo publicamos toda la informaci\u00f3n de Sonora, M\u00e9xico y el Mundo de manera oportuna y busca que la libertad de expresi\u00f3n sea real. Visita nuestro medio informativo publicado desde Hermosillo, Sonora. %\" \/>\n<meta property=\"og:url\" content=\"https:\/\/www.sonoraenequipo.com.mx\/cabildo-de-hermosillo-enviara-iniciativa-para-hacer-obligatorio-el-seguro-de-danos-a-terceros-para-todos-los-vehiculos-que-circulen-en-sonora\/\" \/>\n<meta property=\"og:site_name\" content=\"Sonora en Equipo.\" \/>\n<meta property=\"article:publisher\" content=\"https:\/\/www.facebook.com\/SonoraEE\/\" \/>\n<meta property=\"article:published_time\" content=\"2019-06-19T04:39:52+00:00\" \/>\n<meta property=\"article:modified_time\" content=\"2019-06-19T04:43:02+00:00\" \/>\n<meta property=\"og:image\" content=\"https:\/\/www.sonoraenequipo.com.mx\/storage\/2019\/06\/hmo-sesion-seguro.jpg\" \/>\n\t<meta property=\"og:image:width\" content=\"450\" \/>\n\t<meta property=\"og:image:height\" content=\"300\" \/>\n\t<meta property=\"og:image:type\" content=\"image\/jpeg\" \/>\n<meta name=\"author\" content=\"enequipo\" \/>\n<meta name=\"twitter:card\" content=\"summary_large_image\" \/>\n<meta name=\"twitter:creator\" content=\"@sonoraenequipo\" \/>\n<meta name=\"twitter:site\" content=\"@sonoraenequipo\" \/>\n<meta name=\"twitter:label1\" content=\"Escrito por\" \/>\n\t<meta name=\"twitter:data1\" content=\"enequipo\" \/>\n\t<meta name=\"twitter:label2\" content=\"Tiempo de lectura\" \/>\n\t<meta name=\"twitter:data2\" content=\"2 minutos\" \/>\n<script type=\"application\/ld+json\" class=\"yoast-schema-graph\">{\"@context\":\"https:\/\/schema.org\",\"@graph\":[{\"@type\":\"Article\",\"@id\":\"https:\/\/www.sonoraenequipo.com.mx\/cabildo-de-hermosillo-enviara-iniciativa-para-hacer-obligatorio-el-seguro-de-danos-a-terceros-para-todos-los-vehiculos-que-circulen-en-sonora\/#article\",\"isPartOf\":{\"@id\":\"https:\/\/www.sonoraenequipo.com.mx\/cabildo-de-hermosillo-enviara-iniciativa-para-hacer-obligatorio-el-seguro-de-danos-a-terceros-para-todos-los-vehiculos-que-circulen-en-sonora\/\"},\"author\":{\"name\":\"enequipo\",\"@id\":\"https:\/\/www.sonoraenequipo.com.mx\/#\/schema\/person\/61a39de478a1763473ad55e8a95fddf6\"},\"headline\":\"Podr\u00eda ser obligatorio el seguro de da\u00f1os a terceros para todos los veh\u00edculos\u00a0 que circulen en Sonora\",\"datePublished\":\"2019-06-19T04:39:52+00:00\",\"dateModified\":\"2019-06-19T04:43:02+00:00\",\"mainEntityOfPage\":{\"@id\":\"https:\/\/www.sonoraenequipo.com.mx\/cabildo-de-hermosillo-enviara-iniciativa-para-hacer-obligatorio-el-seguro-de-danos-a-terceros-para-todos-los-vehiculos-que-circulen-en-sonora\/\"},\"wordCount\":494,\"commentCount\":0,\"publisher\":{\"@id\":\"https:\/\/www.sonoraenequipo.com.mx\/#organization\"},\"image\":{\"@id\":\"https:\/\/www.sonoraenequipo.com.mx\/cabildo-de-hermosillo-enviara-iniciativa-para-hacer-obligatorio-el-seguro-de-danos-a-terceros-para-todos-los-vehiculos-que-circulen-en-sonora\/#primaryimage\"},\"thumbnailUrl\":\"https:\/\/www.sonoraenequipo.com.mx\/storage\/2019\/06\/hmo-sesion-seguro.jpg\",\"keywords\":[\"Cabildo de Hermosillo\",\"seguro vehicular\"],\"articleSection\":[\"Municipios\"],\"inLanguage\":\"es\",\"potentialAction\":[{\"@type\":\"CommentAction\",\"name\":\"Comment\",\"target\":[\"https:\/\/www.sonoraenequipo.com.mx\/cabildo-de-hermosillo-enviara-iniciativa-para-hacer-obligatorio-el-seguro-de-danos-a-terceros-para-todos-los-vehiculos-que-circulen-en-sonora\/#respond\"]}]},{\"@type\":\"WebPage\",\"@id\":\"https:\/\/www.sonoraenequipo.com.mx\/cabildo-de-hermosillo-enviara-iniciativa-para-hacer-obligatorio-el-seguro-de-danos-a-terceros-para-todos-los-vehiculos-que-circulen-en-sonora\/\",\"url\":\"https:\/\/www.sonoraenequipo.com.mx\/cabildo-de-hermosillo-enviara-iniciativa-para-hacer-obligatorio-el-seguro-de-danos-a-terceros-para-todos-los-vehiculos-que-circulen-en-sonora\/\",\"name\":\"Sonora en Equipo. Podr\u00eda ser obligatorio el seguro de da\u00f1os a terceros para todos los veh\u00edculos\u00a0 que circulen en Sonora Municipios\",\"isPartOf\":{\"@id\":\"https:\/\/www.sonoraenequipo.com.mx\/#website\"},\"primaryImageOfPage\":{\"@id\":\"https:\/\/www.sonoraenequipo.com.mx\/cabildo-de-hermosillo-enviara-iniciativa-para-hacer-obligatorio-el-seguro-de-danos-a-terceros-para-todos-los-vehiculos-que-circulen-en-sonora\/#primaryimage\"},\"image\":{\"@id\":\"https:\/\/www.sonoraenequipo.com.mx\/cabildo-de-hermosillo-enviara-iniciativa-para-hacer-obligatorio-el-seguro-de-danos-a-terceros-para-todos-los-vehiculos-que-circulen-en-sonora\/#primaryimage\"},\"thumbnailUrl\":\"https:\/\/www.sonoraenequipo.com.mx\/storage\/2019\/06\/hmo-sesion-seguro.jpg\",\"datePublished\":\"2019-06-19T04:39:52+00:00\",\"dateModified\":\"2019-06-19T04:43:02+00:00\",\"description\":\"HERMOSILLO,SONORA.-En sesi\u00f3n Ordinaria del Cabildo presidida por la presidenta municipal Celida L\u00f3pez C\u00e1rdenas, se aprob\u00f3 enviar al Congreso del Estado En Sonora en Equipo publicamos toda la informaci\u00f3n de Sonora, M\u00e9xico y el Mundo de manera oportuna y busca que la libertad de expresi\u00f3n sea real. Visita nuestro medio informativo publicado desde Hermosillo, Sonora. %\",\"breadcrumb\":{\"@id\":\"https:\/\/www.sonoraenequipo.com.mx\/cabildo-de-hermosillo-enviara-iniciativa-para-hacer-obligatorio-el-seguro-de-danos-a-terceros-para-todos-los-vehiculos-que-circulen-en-sonora\/#breadcrumb\"},\"inLanguage\":\"es\",\"potentialAction\":[{\"@type\":\"ReadAction\",\"target\":[\"https:\/\/www.sonoraenequipo.com.mx\/cabildo-de-hermosillo-enviara-iniciativa-para-hacer-obligatorio-el-seguro-de-danos-a-terceros-para-todos-los-vehiculos-que-circulen-en-sonora\/\"]}]},{\"@type\":\"ImageObject\",\"inLanguage\":\"es\",\"@id\":\"https:\/\/www.sonoraenequipo.com.mx\/cabildo-de-hermosillo-enviara-iniciativa-para-hacer-obligatorio-el-seguro-de-danos-a-terceros-para-todos-los-vehiculos-que-circulen-en-sonora\/#primaryimage\",\"url\":\"https:\/\/www.sonoraenequipo.com.mx\/storage\/2019\/06\/hmo-sesion-seguro.jpg\",\"contentUrl\":\"https:\/\/www.sonoraenequipo.com.mx\/storage\/2019\/06\/hmo-sesion-seguro.jpg\",\"width\":450,\"height\":300},{\"@type\":\"BreadcrumbList\",\"@id\":\"https:\/\/www.sonoraenequipo.com.mx\/cabildo-de-hermosillo-enviara-iniciativa-para-hacer-obligatorio-el-seguro-de-danos-a-terceros-para-todos-los-vehiculos-que-circulen-en-sonora\/#breadcrumb\",\"itemListElement\":[{\"@type\":\"ListItem\",\"position\":1,\"name\":\"Portada\",\"item\":\"https:\/\/www.sonoraenequipo.com.mx\/\"},{\"@type\":\"ListItem\",\"position\":2,\"name\":\"Podr\u00eda ser obligatorio el seguro de da\u00f1os a terceros para todos los veh\u00edculos\u00a0 que circulen en Sonora\"}]},{\"@type\":\"WebSite\",\"@id\":\"https:\/\/www.sonoraenequipo.com.mx\/#website\",\"url\":\"https:\/\/www.sonoraenequipo.com.mx\/\",\"name\":\"Sonora en Equipo.\",\"description\":\"Diario en l\u00ednea con Noticias desde Hermosillo, Sonora\",\"publisher\":{\"@id\":\"https:\/\/www.sonoraenequipo.com.mx\/#organization\"},\"potentialAction\":[{\"@type\":\"SearchAction\",\"target\":{\"@type\":\"EntryPoint\",\"urlTemplate\":\"https:\/\/www.sonoraenequipo.com.mx\/?s={search_term_string}\"},\"query-input\":{\"@type\":\"PropertyValueSpecification\",\"valueRequired\":true,\"valueName\":\"search_term_string\"}}],\"inLanguage\":\"es\"},{\"@type\":\"Organization\",\"@id\":\"https:\/\/www.sonoraenequipo.com.mx\/#organization\",\"name\":\"Sonoraenequipo.com.mx\",\"url\":\"https:\/\/www.sonoraenequipo.com.mx\/\",\"logo\":{\"@type\":\"ImageObject\",\"inLanguage\":\"es\",\"@id\":\"https:\/\/www.sonoraenequipo.com.mx\/#\/schema\/logo\/image\/\",\"url\":\"https:\/\/www.sonoraenequipo.com.mx\/storage\/2019\/01\/sonoraenequipo_opt.png\",\"contentUrl\":\"https:\/\/www.sonoraenequipo.com.mx\/storage\/2019\/01\/sonoraenequipo_opt.png\",\"width\":375,\"height\":125,\"caption\":\"Sonoraenequipo.com.mx\"},\"image\":{\"@id\":\"https:\/\/www.sonoraenequipo.com.mx\/#\/schema\/logo\/image\/\"},\"sameAs\":[\"https:\/\/www.facebook.com\/SonoraEE\/\",\"https:\/\/x.com\/sonoraenequipo\",\"https:\/\/www.youtube.com\/channel\/UC338nW-lPEYmJQs4ZABQ1SQ\"]},{\"@type\":\"Person\",\"@id\":\"https:\/\/www.sonoraenequipo.com.mx\/#\/schema\/person\/61a39de478a1763473ad55e8a95fddf6\",\"name\":\"enequipo\",\"image\":{\"@type\":\"ImageObject\",\"inLanguage\":\"es\",\"@id\":\"https:\/\/www.sonoraenequipo.com.mx\/#\/schema\/person\/image\/\",\"url\":\"https:\/\/secure.gravatar.com\/avatar\/e39bc3016d8af598aed3d770c9510dfc2795f37ea1733d99fcc6e97d2c3c9f5e?s=96&d=blank&r=g\",\"contentUrl\":\"https:\/\/secure.gravatar.com\/avatar\/e39bc3016d8af598aed3d770c9510dfc2795f37ea1733d99fcc6e97d2c3c9f5e?s=96&d=blank&r=g\",\"caption\":\"enequipo\"}}]}<\/script>\n ","yoast_head_json":{"title":"Sonora en Equipo. Podr\u00eda ser obligatorio el seguro de da\u00f1os a terceros para todos los veh\u00edculos\u00a0 que circulen en Sonora Municipios","description":"HERMOSILLO,SONORA.-En sesi\u00f3n Ordinaria del Cabildo presidida por la presidenta municipal Celida L\u00f3pez C\u00e1rdenas, se aprob\u00f3 enviar al Congreso del Estado En Sonora en Equipo publicamos toda la informaci\u00f3n de Sonora, M\u00e9xico y el Mundo de manera oportuna y busca que la libertad de expresi\u00f3n sea real. Visita nuestro medio informativo publicado desde Hermosillo, Sonora. %","robots":{"index":"index","follow":"follow","max-snippet":"max-snippet:-1","max-image-preview":"max-image-preview:large","max-video-preview":"max-video-preview:-1"},"canonical":"https:\/\/www.sonoraenequipo.com.mx\/cabildo-de-hermosillo-enviara-iniciativa-para-hacer-obligatorio-el-seguro-de-danos-a-terceros-para-todos-los-vehiculos-que-circulen-en-sonora\/","og_locale":"es_ES","og_type":"article","og_title":"Sonora en Equipo. Podr\u00eda ser obligatorio el seguro de da\u00f1os a terceros para todos los veh\u00edculos\u00a0 que circulen en Sonora Municipios","og_description":"HERMOSILLO,SONORA.-En sesi\u00f3n Ordinaria del Cabildo presidida por la presidenta municipal Celida L\u00f3pez C\u00e1rdenas, se aprob\u00f3 enviar al Congreso del Estado En Sonora en Equipo publicamos toda la informaci\u00f3n de Sonora, M\u00e9xico y el Mundo de manera oportuna y busca que la libertad de expresi\u00f3n sea real. Visita nuestro medio informativo publicado desde Hermosillo, Sonora. %","og_url":"https:\/\/www.sonoraenequipo.com.mx\/cabildo-de-hermosillo-enviara-iniciativa-para-hacer-obligatorio-el-seguro-de-danos-a-terceros-para-todos-los-vehiculos-que-circulen-en-sonora\/","og_site_name":"Sonora en Equipo.","article_publisher":"https:\/\/www.facebook.com\/SonoraEE\/","article_published_time":"2019-06-19T04:39:52+00:00","article_modified_time":"2019-06-19T04:43:02+00:00","og_image":[{"width":450,"height":300,"url":"https:\/\/www.sonoraenequipo.com.mx\/storage\/2019\/06\/hmo-sesion-seguro.jpg","type":"image\/jpeg"}],"author":"enequipo","twitter_card":"summary_large_image","twitter_creator":"@sonoraenequipo","twitter_site":"@sonoraenequipo","twitter_misc":{"Escrito por":"enequipo","Tiempo de lectura":"2 minutos"},"schema":{"@context":"https:\/\/schema.org","@graph":[{"@type":"Article","@id":"https:\/\/www.sonoraenequipo.com.mx\/cabildo-de-hermosillo-enviara-iniciativa-para-hacer-obligatorio-el-seguro-de-danos-a-terceros-para-todos-los-vehiculos-que-circulen-en-sonora\/#article","isPartOf":{"@id":"https:\/\/www.sonoraenequipo.com.mx\/cabildo-de-hermosillo-enviara-iniciativa-para-hacer-obligatorio-el-seguro-de-danos-a-terceros-para-todos-los-vehiculos-que-circulen-en-sonora\/"},"author":{"name":"enequipo","@id":"https:\/\/www.sonoraenequipo.com.mx\/#\/schema\/person\/61a39de478a1763473ad55e8a95fddf6"},"headline":"Podr\u00eda ser obligatorio el seguro de da\u00f1os a terceros para todos los veh\u00edculos\u00a0 que circulen en Sonora","datePublished":"2019-06-19T04:39:52+00:00","dateModified":"2019-06-19T04:43:02+00:00","mainEntityOfPage":{"@id":"https:\/\/www.sonoraenequipo.com.mx\/cabildo-de-hermosillo-enviara-iniciativa-para-hacer-obligatorio-el-seguro-de-danos-a-terceros-para-todos-los-vehiculos-que-circulen-en-sonora\/"},"wordCount":494,"commentCount":0,"publisher":{"@id":"https:\/\/www.sonoraenequipo.com.mx\/#organization"},"image":{"@id":"https:\/\/www.sonoraenequipo.com.mx\/cabildo-de-hermosillo-enviara-iniciativa-para-hacer-obligatorio-el-seguro-de-danos-a-terceros-para-todos-los-vehiculos-que-circulen-en-sonora\/#primaryimage"},"thumbnailUrl":"https:\/\/www.sonoraenequipo.com.mx\/storage\/2019\/06\/hmo-sesion-seguro.jpg","keywords":["Cabildo de Hermosillo","seguro vehicular"],"articleSection":["Municipios"],"inLanguage":"es","potentialAction":[{"@type":"CommentAction","name":"Comment","target":["https:\/\/www.sonoraenequipo.com.mx\/cabildo-de-hermosillo-enviara-iniciativa-para-hacer-obligatorio-el-seguro-de-danos-a-terceros-para-todos-los-vehiculos-que-circulen-en-sonora\/#respond"]}]},{"@type":"WebPage","@id":"https:\/\/www.sonoraenequipo.com.mx\/cabildo-de-hermosillo-enviara-iniciativa-para-hacer-obligatorio-el-seguro-de-danos-a-terceros-para-todos-los-vehiculos-que-circulen-en-sonora\/","url":"https:\/\/www.sonoraenequipo.com.mx\/cabildo-de-hermosillo-enviara-iniciativa-para-hacer-obligatorio-el-seguro-de-danos-a-terceros-para-todos-los-vehiculos-que-circulen-en-sonora\/","name":"Sonora en Equipo. Podr\u00eda ser obligatorio el seguro de da\u00f1os a terceros para todos los veh\u00edculos\u00a0 que circulen en Sonora Municipios","isPartOf":{"@id":"https:\/\/www.sonoraenequipo.com.mx\/#website"},"primaryImageOfPage":{"@id":"https:\/\/www.sonoraenequipo.com.mx\/cabildo-de-hermosillo-enviara-iniciativa-para-hacer-obligatorio-el-seguro-de-danos-a-terceros-para-todos-los-vehiculos-que-circulen-en-sonora\/#primaryimage"},"image":{"@id":"https:\/\/www.sonoraenequipo.com.mx\/cabildo-de-hermosillo-enviara-iniciativa-para-hacer-obligatorio-el-seguro-de-danos-a-terceros-para-todos-los-vehiculos-que-circulen-en-sonora\/#primaryimage"},"thumbnailUrl":"https:\/\/www.sonoraenequipo.com.mx\/storage\/2019\/06\/hmo-sesion-seguro.jpg","datePublished":"2019-06-19T04:39:52+00:00","dateModified":"2019-06-19T04:43:02+00:00","description":"HERMOSILLO,SONORA.-En sesi\u00f3n Ordinaria del Cabildo presidida por la presidenta municipal Celida L\u00f3pez C\u00e1rdenas, se aprob\u00f3 enviar al Congreso del Estado En Sonora en Equipo publicamos toda la informaci\u00f3n de Sonora, M\u00e9xico y el Mundo de manera oportuna y busca que la libertad de expresi\u00f3n sea real. Visita nuestro medio informativo publicado desde Hermosillo, Sonora. %","breadcrumb":{"@id":"https:\/\/www.sonoraenequipo.com.mx\/cabildo-de-hermosillo-enviara-iniciativa-para-hacer-obligatorio-el-seguro-de-danos-a-terceros-para-todos-los-vehiculos-que-circulen-en-sonora\/#breadcrumb"},"inLanguage":"es","potentialAction":[{"@type":"ReadAction","target":["https:\/\/www.sonoraenequipo.com.mx\/cabildo-de-hermosillo-enviara-iniciativa-para-hacer-obligatorio-el-seguro-de-danos-a-terceros-para-todos-los-vehiculos-que-circulen-en-sonora\/"]}]},{"@type":"ImageObject","inLanguage":"es","@id":"https:\/\/www.sonoraenequipo.com.mx\/cabildo-de-hermosillo-enviara-iniciativa-para-hacer-obligatorio-el-seguro-de-danos-a-terceros-para-todos-los-vehiculos-que-circulen-en-sonora\/#primaryimage","url":"https:\/\/www.sonoraenequipo.com.mx\/storage\/2019\/06\/hmo-sesion-seguro.jpg","contentUrl":"https:\/\/www.sonoraenequipo.com.mx\/storage\/2019\/06\/hmo-sesion-seguro.jpg","width":450,"height":300},{"@type":"BreadcrumbList","@id":"https:\/\/www.sonoraenequipo.com.mx\/cabildo-de-hermosillo-enviara-iniciativa-para-hacer-obligatorio-el-seguro-de-danos-a-terceros-para-todos-los-vehiculos-que-circulen-en-sonora\/#breadcrumb","itemListElement":[{"@type":"ListItem","position":1,"name":"Portada","item":"https:\/\/www.sonoraenequipo.com.mx\/"},{"@type":"ListItem","position":2,"name":"Podr\u00eda ser obligatorio el seguro de da\u00f1os a terceros para todos los veh\u00edculos\u00a0 que circulen en Sonora"}]},{"@type":"WebSite","@id":"https:\/\/www.sonoraenequipo.com.mx\/#website","url":"https:\/\/www.sonoraenequipo.com.mx\/","name":"Sonora en Equipo.","description":"Diario en l\u00ednea con Noticias desde Hermosillo, Sonora","publisher":{"@id":"https:\/\/www.sonoraenequipo.com.mx\/#organization"},"potentialAction":[{"@type":"SearchAction","target":{"@type":"EntryPoint","urlTemplate":"https:\/\/www.sonoraenequipo.com.mx\/?s={search_term_string}"},"query-input":{"@type":"PropertyValueSpecification","valueRequired":true,"valueName":"search_term_string"}}],"inLanguage":"es"},{"@type":"Organization","@id":"https:\/\/www.sonoraenequipo.com.mx\/#organization","name":"Sonoraenequipo.com.mx","url":"https:\/\/www.sonoraenequipo.com.mx\/","logo":{"@type":"ImageObject","inLanguage":"es","@id":"https:\/\/www.sonoraenequipo.com.mx\/#\/schema\/logo\/image\/","url":"https:\/\/www.sonoraenequipo.com.mx\/storage\/2019\/01\/sonoraenequipo_opt.png","contentUrl":"https:\/\/www.sonoraenequipo.com.mx\/storage\/2019\/01\/sonoraenequipo_opt.png","width":375,"height":125,"caption":"Sonoraenequipo.com.mx"},"image":{"@id":"https:\/\/www.sonoraenequipo.com.mx\/#\/schema\/logo\/image\/"},"sameAs":["https:\/\/www.facebook.com\/SonoraEE\/","https:\/\/x.com\/sonoraenequipo","https:\/\/www.youtube.com\/channel\/UC338nW-lPEYmJQs4ZABQ1SQ"]},{"@type":"Person","@id":"https:\/\/www.sonoraenequipo.com.mx\/#\/schema\/person\/61a39de478a1763473ad55e8a95fddf6","name":"enequipo","image":{"@type":"ImageObject","inLanguage":"es","@id":"https:\/\/www.sonoraenequipo.com.mx\/#\/schema\/person\/image\/","url":"https:\/\/secure.gravatar.com\/avatar\/e39bc3016d8af598aed3d770c9510dfc2795f37ea1733d99fcc6e97d2c3c9f5e?s=96&d=blank&r=g","contentUrl":"https:\/\/secure.gravatar.com\/avatar\/e39bc3016d8af598aed3d770c9510dfc2795f37ea1733d99fcc6e97d2c3c9f5e?s=96&d=blank&r=g","caption":"enequipo"}}]}},"jetpack_featured_media_url":"https:\/\/www.sonoraenequipo.com.mx\/storage\/2019\/06\/hmo-sesion-seguro.jpg","_links":{"self":[{"href":"https:\/\/www.sonoraenequipo.com.mx\/api\/wp\/v2\/posts\/62532","targetHints":{"allow":["GET"]}}],"collection":[{"href":"https:\/\/www.sonoraenequipo.com.mx\/api\/wp\/v2\/posts"}],"about":[{"href":"https:\/\/www.sonoraenequipo.com.mx\/api\/wp\/v2\/types\/post"}],"author":[{"embeddable":true,"href":"https:\/\/www.sonoraenequipo.com.mx\/api\/wp\/v2\/users\/178"}],"replies":[{"embeddable":true,"href":"https:\/\/www.sonoraenequipo.com.mx\/api\/wp\/v2\/comments?post=62532"}],"version-history":[{"count":0,"href":"https:\/\/www.sonoraenequipo.com.mx\/api\/wp\/v2\/posts\/62532\/revisions"}],"wp:featuredmedia":[{"embeddable":true,"href":"https:\/\/www.sonoraenequipo.com.mx\/api\/wp\/v2\/media\/62573"}],"wp:attachment":[{"href":"https:\/\/www.sonoraenequipo.com.mx\/api\/wp\/v2\/media?parent=62532"}],"wp:term":[{"taxonomy":"category","embeddable":true,"href":"https:\/\/www.sonoraenequipo.com.mx\/api\/wp\/v2\/categories?post=62532"},{"taxonomy":"post_tag","embeddable":true,"href":"https:\/\/www.sonoraenequipo.com.mx\/api\/wp\/v2\/tags?post=62532"}],"curies":[{"name":"wp","href":"https:\/\/api.w.org\/{rel}","templated":true}]}}