{"id":62556,"date":"2019-06-18T18:58:27","date_gmt":"2019-06-19T01:58:27","guid":{"rendered":"http:\/\/www.sonoraenequipo.com.mx\/?p=62556"},"modified":"2019-06-18T18:02:36","modified_gmt":"2019-06-19T01:02:36","slug":"unison-y-sec-firman-convenio-de-colaboracion-en-materia-de-proteccion-civil-en-laboratorios-de-educacion-media-superior","status":"publish","type":"post","link":"https:\/\/www.sonoraenequipo.com.mx\/unison-y-sec-firman-convenio-de-colaboracion-en-materia-de-proteccion-civil-en-laboratorios-de-educacion-media-superior\/","title":{"rendered":"Unison y SEC firman convenio de colaboraci\u00f3n"},"content":{"rendered":"<p>HERMOSILLO, SONORA. MX. \u2014 Para establecer las bases de cooperaci\u00f3n en promoci\u00f3n de la salud, seguridad y protecci\u00f3n civil en capacitaciones a docentes de bachillerato, la Universidad de Sonora y la Secretar\u00eda de Educaci\u00f3n y Cultura (SEC) firmaron un convenio de colaboraci\u00f3n interinstitucional en materia de gesti\u00f3n integral de riesgo en los laboratorios de ciencias en instituciones de Educaci\u00f3n Media Superior del Estado de Sonora. <\/p>\n<p>El acuerdo tiene como base principal ofrecer un diplomado presencial y virtual sobre el manejo de materiales peligrosos, normativas en protecci\u00f3n civil, seguridad en instalaciones educativas y gesti\u00f3n integral de riesgos en laboratorios, que ser\u00e1 impartido por catedr\u00e1ticos de la Divisi\u00f3n de Ciencias Biol\u00f3gicas y de la Salud, el Posgrado en Sustentabilidad y del Departamento de Ingenier\u00eda Industrial.<\/p>\n<p>El convenio fue signado por Enrique Fernando Vel\u00e1zquez Contreras, rector de la Universidad de Sonora; On\u00e9simo Mariscales Delgadillo, subsecretario de Educaci\u00f3n Media Superior y Superior; directores de todos los subsistemas de bachillerato y por personal de dependencias gubernamentales estatales y federales.<\/p>\n<p><img loading=\"lazy\" decoding=\"async\" class=\"size-medium  x-left\" src=\"http:\/\/www.sonoraenequipo.com.mx\/storage\/2019\/06\/unison3_opt-600x400.jpg\" alt=\"\" width=\"600\" height=\"400\">En su mensaje, la autoridad universitaria celebr\u00f3 esta iniciativa y se\u00f1al\u00f3 que la Universidad est\u00e1 fuertemente comprometida con el mejoramiento de su entorno y con el cuidado de la naturaleza, formando conciencia ecol\u00f3gica y contribuyendo mediante la propuesta de soluciones a problemas ambientales para posibilitar e impulsar un desarrollo sostenible en el estado y pa\u00eds.<\/p>\n<p>Agradeci\u00f3 al personal acad\u00e9mico que particip\u00f3 en la elaboraci\u00f3n de este acuerdo, que tiene como prop\u00f3sito disminuir los riesgos en \u00e1reas de laboratorios, y que vendr\u00e1 a reforzar los lazos de colaboraci\u00f3n entre la m\u00e1xima casa de estudios de los sonorenses con los diversos centros de estudios de bachilleres.<\/p>\n<p>Por su parte, Mariscales Delgadillo indic\u00f3 que esta firma abre un proceso de certeza en seguir incrementando la cultura de la protecci\u00f3n civil en laboratorios cient\u00edficos donde realizan actividades acad\u00e9micas miles de j\u00f3venes sonorenses.<\/p>\n<p><em>\u201cHago un llamado para que esta alianza sea revisada en cada uno de los planteles y que se puedan realizar jornadas informativas y de socializaci\u00f3n para lograr el objetivo, que es reducir a su m\u00e1ximo los factores que puedan poner en riesgo la integridad de los estudiantes y docentes, as\u00ed como reforzar las actividades de protecci\u00f3n civil\u201d,<\/em> explic\u00f3.<\/p>\n<p>En la actividad estuvieron presentes Alberto Flores Chong, coordinador estatal de Protecci\u00f3n Civil; Guadalupe Yaneth G\u00e1lvez Navarro, subdelegada federal en Sonora de la Secretar\u00eda de Educaci\u00f3n P\u00fablica; Jos\u00e9 Jes\u00fas Roch\u00edn Morales, Procurador Ambiental del Estado; Mario Welfo \u00c1lvarez Beltr\u00e1n, director general del Instituto Sonorense de Cultura, as\u00ed como directores de los subsistemas Cecytes, Cobach, Conalep, Uemstaycm, entre otros invitados especiales.<\/p>\n<p>(Publicado el 18\/06\/2019<\/p>\n","protected":false},"excerpt":{"rendered":"<p>HERMOSILLO, SONORA. MX. \u2014 Para establecer las bases de cooperaci\u00f3n en promoci\u00f3n de la salud,&#8230;<\/p>\n","protected":false},"author":1,"featured_media":62536,"comment_status":"open","ping_status":"open","sticky":false,"template":"","format":"standard","meta":{"_monsterinsights_skip_tracking":false,"_monsterinsights_sitenote_active":false,"_monsterinsights_sitenote_note":"","_monsterinsights_sitenote_category":0,"footnotes":""},"categories":[22],"tags":[],"class_list":["post"],"yoast_head":" \n<title>Sonora en Equipo. Unison y SEC firman convenio de colaboraci\u00f3n Sonora<\/title>\n<meta name=\"description\" content=\"HERMOSILLO, SONORA. MX. \u2014 Para establecer las bases de cooperaci\u00f3n en promoci\u00f3n de la salud, seguridad y protecci\u00f3n civil en capacitaciones a docentes de En Sonora en Equipo publicamos toda la informaci\u00f3n de Sonora, M\u00e9xico y el Mundo de manera oportuna y busca que la libertad de expresi\u00f3n sea real. Visita nuestro medio informativo publicado desde Hermosillo, Sonora. %\" \/>\n<meta name=\"robots\" content=\"index, follow, max-snippet:-1, max-image-preview:large, max-video-preview:-1\" \/>\n<link rel=\"canonical\" href=\"https:\/\/www.sonoraenequipo.com.mx\/unison-y-sec-firman-convenio-de-colaboracion-en-materia-de-proteccion-civil-en-laboratorios-de-educacion-media-superior\/\" \/>\n<meta property=\"og:locale\" content=\"es_ES\" \/>\n<meta property=\"og:type\" content=\"article\" \/>\n<meta property=\"og:title\" content=\"Sonora en Equipo. Unison y SEC firman convenio de colaboraci\u00f3n Sonora\" \/>\n<meta property=\"og:description\" content=\"HERMOSILLO, SONORA. MX. \u2014 Para establecer las bases de cooperaci\u00f3n en promoci\u00f3n de la salud, seguridad y protecci\u00f3n civil en capacitaciones a docentes de En Sonora en Equipo publicamos toda la informaci\u00f3n de Sonora, M\u00e9xico y el Mundo de manera oportuna y busca que la libertad de expresi\u00f3n sea real. Visita nuestro medio informativo publicado desde Hermosillo, Sonora. %\" \/>\n<meta property=\"og:url\" content=\"https:\/\/www.sonoraenequipo.com.mx\/unison-y-sec-firman-convenio-de-colaboracion-en-materia-de-proteccion-civil-en-laboratorios-de-educacion-media-superior\/\" \/>\n<meta property=\"og:site_name\" content=\"Sonora en Equipo.\" \/>\n<meta property=\"article:publisher\" content=\"https:\/\/www.facebook.com\/SonoraEE\/\" \/>\n<meta property=\"article:author\" content=\"https:\/\/www.facebook.com\/SonoraEE\" \/>\n<meta property=\"article:published_time\" content=\"2019-06-19T01:58:27+00:00\" \/>\n<meta property=\"og:image\" content=\"https:\/\/www.sonoraenequipo.com.mx\/storage\/2019\/06\/unison1_opt.jpg\" \/>\n\t<meta property=\"og:image:width\" content=\"701\" \/>\n\t<meta property=\"og:image:height\" content=\"400\" \/>\n\t<meta property=\"og:image:type\" content=\"image\/jpeg\" \/>\n<meta name=\"author\" content=\"enequipo\" \/>\n<meta name=\"twitter:card\" content=\"summary_large_image\" \/>\n<meta name=\"twitter:creator\" content=\"@sonoraenequipo\" \/>\n<meta name=\"twitter:site\" content=\"@sonoraenequipo\" \/>\n<meta name=\"twitter:label1\" content=\"Escrito por\" \/>\n\t<meta name=\"twitter:data1\" content=\"enequipo\" \/>\n\t<meta name=\"twitter:label2\" content=\"Tiempo de lectura\" \/>\n\t<meta name=\"twitter:data2\" content=\"2 minutos\" \/>\n<script type=\"application\/ld+json\" class=\"yoast-schema-graph\">{\"@context\":\"https:\/\/schema.org\",\"@graph\":[{\"@type\":\"Article\",\"@id\":\"https:\/\/www.sonoraenequipo.com.mx\/unison-y-sec-firman-convenio-de-colaboracion-en-materia-de-proteccion-civil-en-laboratorios-de-educacion-media-superior\/#article\",\"isPartOf\":{\"@id\":\"https:\/\/www.sonoraenequipo.com.mx\/unison-y-sec-firman-convenio-de-colaboracion-en-materia-de-proteccion-civil-en-laboratorios-de-educacion-media-superior\/\"},\"author\":{\"name\":\"enequipo\",\"@id\":\"https:\/\/www.sonoraenequipo.com.mx\/#\/schema\/person\/50102df0fb23a8fa9e8effad8fa81386\"},\"headline\":\"Unison y SEC firman convenio de colaboraci\u00f3n\",\"datePublished\":\"2019-06-19T01:58:27+00:00\",\"mainEntityOfPage\":{\"@id\":\"https:\/\/www.sonoraenequipo.com.mx\/unison-y-sec-firman-convenio-de-colaboracion-en-materia-de-proteccion-civil-en-laboratorios-de-educacion-media-superior\/\"},\"wordCount\":469,\"commentCount\":0,\"publisher\":{\"@id\":\"https:\/\/www.sonoraenequipo.com.mx\/#organization\"},\"image\":{\"@id\":\"https:\/\/www.sonoraenequipo.com.mx\/unison-y-sec-firman-convenio-de-colaboracion-en-materia-de-proteccion-civil-en-laboratorios-de-educacion-media-superior\/#primaryimage\"},\"thumbnailUrl\":\"https:\/\/www.sonoraenequipo.com.mx\/storage\/2019\/06\/unison1_opt.jpg\",\"articleSection\":[\"Sonora\"],\"inLanguage\":\"es\",\"potentialAction\":[{\"@type\":\"CommentAction\",\"name\":\"Comment\",\"target\":[\"https:\/\/www.sonoraenequipo.com.mx\/unison-y-sec-firman-convenio-de-colaboracion-en-materia-de-proteccion-civil-en-laboratorios-de-educacion-media-superior\/#respond\"]}]},{\"@type\":\"WebPage\",\"@id\":\"https:\/\/www.sonoraenequipo.com.mx\/unison-y-sec-firman-convenio-de-colaboracion-en-materia-de-proteccion-civil-en-laboratorios-de-educacion-media-superior\/\",\"url\":\"https:\/\/www.sonoraenequipo.com.mx\/unison-y-sec-firman-convenio-de-colaboracion-en-materia-de-proteccion-civil-en-laboratorios-de-educacion-media-superior\/\",\"name\":\"Sonora en Equipo. Unison y SEC firman convenio de colaboraci\u00f3n Sonora\",\"isPartOf\":{\"@id\":\"https:\/\/www.sonoraenequipo.com.mx\/#website\"},\"primaryImageOfPage\":{\"@id\":\"https:\/\/www.sonoraenequipo.com.mx\/unison-y-sec-firman-convenio-de-colaboracion-en-materia-de-proteccion-civil-en-laboratorios-de-educacion-media-superior\/#primaryimage\"},\"image\":{\"@id\":\"https:\/\/www.sonoraenequipo.com.mx\/unison-y-sec-firman-convenio-de-colaboracion-en-materia-de-proteccion-civil-en-laboratorios-de-educacion-media-superior\/#primaryimage\"},\"thumbnailUrl\":\"https:\/\/www.sonoraenequipo.com.mx\/storage\/2019\/06\/unison1_opt.jpg\",\"datePublished\":\"2019-06-19T01:58:27+00:00\",\"description\":\"HERMOSILLO, SONORA. MX. \u2014 Para establecer las bases de cooperaci\u00f3n en promoci\u00f3n de la salud, seguridad y protecci\u00f3n civil en capacitaciones a docentes de En Sonora en Equipo publicamos toda la informaci\u00f3n de Sonora, M\u00e9xico y el Mundo de manera oportuna y busca que la libertad de expresi\u00f3n sea real. Visita nuestro medio informativo publicado desde Hermosillo, Sonora. %\",\"breadcrumb\":{\"@id\":\"https:\/\/www.sonoraenequipo.com.mx\/unison-y-sec-firman-convenio-de-colaboracion-en-materia-de-proteccion-civil-en-laboratorios-de-educacion-media-superior\/#breadcrumb\"},\"inLanguage\":\"es\",\"potentialAction\":[{\"@type\":\"ReadAction\",\"target\":[\"https:\/\/www.sonoraenequipo.com.mx\/unison-y-sec-firman-convenio-de-colaboracion-en-materia-de-proteccion-civil-en-laboratorios-de-educacion-media-superior\/\"]}]},{\"@type\":\"ImageObject\",\"inLanguage\":\"es\",\"@id\":\"https:\/\/www.sonoraenequipo.com.mx\/unison-y-sec-firman-convenio-de-colaboracion-en-materia-de-proteccion-civil-en-laboratorios-de-educacion-media-superior\/#primaryimage\",\"url\":\"https:\/\/www.sonoraenequipo.com.mx\/storage\/2019\/06\/unison1_opt.jpg\",\"contentUrl\":\"https:\/\/www.sonoraenequipo.com.mx\/storage\/2019\/06\/unison1_opt.jpg\",\"width\":701,\"height\":400},{\"@type\":\"BreadcrumbList\",\"@id\":\"https:\/\/www.sonoraenequipo.com.mx\/unison-y-sec-firman-convenio-de-colaboracion-en-materia-de-proteccion-civil-en-laboratorios-de-educacion-media-superior\/#breadcrumb\",\"itemListElement\":[{\"@type\":\"ListItem\",\"position\":1,\"name\":\"Portada\",\"item\":\"https:\/\/www.sonoraenequipo.com.mx\/\"},{\"@type\":\"ListItem\",\"position\":2,\"name\":\"Unison y SEC firman convenio de colaboraci\u00f3n\"}]},{\"@type\":\"WebSite\",\"@id\":\"https:\/\/www.sonoraenequipo.com.mx\/#website\",\"url\":\"https:\/\/www.sonoraenequipo.com.mx\/\",\"name\":\"Sonora en Equipo.\",\"description\":\"Diario en l\u00ednea con Noticias desde Hermosillo, Sonora\",\"publisher\":{\"@id\":\"https:\/\/www.sonoraenequipo.com.mx\/#organization\"},\"potentialAction\":[{\"@type\":\"SearchAction\",\"target\":{\"@type\":\"EntryPoint\",\"urlTemplate\":\"https:\/\/www.sonoraenequipo.com.mx\/?s={search_term_string}\"},\"query-input\":{\"@type\":\"PropertyValueSpecification\",\"valueRequired\":true,\"valueName\":\"search_term_string\"}}],\"inLanguage\":\"es\"},{\"@type\":\"Organization\",\"@id\":\"https:\/\/www.sonoraenequipo.com.mx\/#organization\",\"name\":\"Sonoraenequipo.com.mx\",\"url\":\"https:\/\/www.sonoraenequipo.com.mx\/\",\"logo\":{\"@type\":\"ImageObject\",\"inLanguage\":\"es\",\"@id\":\"https:\/\/www.sonoraenequipo.com.mx\/#\/schema\/logo\/image\/\",\"url\":\"https:\/\/www.sonoraenequipo.com.mx\/storage\/2019\/01\/sonoraenequipo_opt.png\",\"contentUrl\":\"https:\/\/www.sonoraenequipo.com.mx\/storage\/2019\/01\/sonoraenequipo_opt.png\",\"width\":375,\"height\":125,\"caption\":\"Sonoraenequipo.com.mx\"},\"image\":{\"@id\":\"https:\/\/www.sonoraenequipo.com.mx\/#\/schema\/logo\/image\/\"},\"sameAs\":[\"https:\/\/www.facebook.com\/SonoraEE\/\",\"https:\/\/x.com\/sonoraenequipo\",\"https:\/\/www.youtube.com\/channel\/UC338nW-lPEYmJQs4ZABQ1SQ\"]},{\"@type\":\"Person\",\"@id\":\"https:\/\/www.sonoraenequipo.com.mx\/#\/schema\/person\/50102df0fb23a8fa9e8effad8fa81386\",\"name\":\"enequipo\",\"image\":{\"@type\":\"ImageObject\",\"inLanguage\":\"es\",\"@id\":\"https:\/\/www.sonoraenequipo.com.mx\/#\/schema\/person\/image\/\",\"url\":\"https:\/\/secure.gravatar.com\/avatar\/049821681b589dabc0bc20695993ccebb09f5b5d4d790cd9251b97faac7c652b?s=96&d=blank&r=g\",\"contentUrl\":\"https:\/\/secure.gravatar.com\/avatar\/049821681b589dabc0bc20695993ccebb09f5b5d4d790cd9251b97faac7c652b?s=96&d=blank&r=g\",\"caption\":\"enequipo\"},\"sameAs\":[\"https:\/\/www.facebook.com\/SonoraEE\"]}]}<\/script>\n ","yoast_head_json":{"title":"Sonora en Equipo. Unison y SEC firman convenio de colaboraci\u00f3n Sonora","description":"HERMOSILLO, SONORA. MX. \u2014 Para establecer las bases de cooperaci\u00f3n en promoci\u00f3n de la salud, seguridad y protecci\u00f3n civil en capacitaciones a docentes de En Sonora en Equipo publicamos toda la informaci\u00f3n de Sonora, M\u00e9xico y el Mundo de manera oportuna y busca que la libertad de expresi\u00f3n sea real. Visita nuestro medio informativo publicado desde Hermosillo, Sonora. %","robots":{"index":"index","follow":"follow","max-snippet":"max-snippet:-1","max-image-preview":"max-image-preview:large","max-video-preview":"max-video-preview:-1"},"canonical":"https:\/\/www.sonoraenequipo.com.mx\/unison-y-sec-firman-convenio-de-colaboracion-en-materia-de-proteccion-civil-en-laboratorios-de-educacion-media-superior\/","og_locale":"es_ES","og_type":"article","og_title":"Sonora en Equipo. Unison y SEC firman convenio de colaboraci\u00f3n Sonora","og_description":"HERMOSILLO, SONORA. MX. \u2014 Para establecer las bases de cooperaci\u00f3n en promoci\u00f3n de la salud, seguridad y protecci\u00f3n civil en capacitaciones a docentes de En Sonora en Equipo publicamos toda la informaci\u00f3n de Sonora, M\u00e9xico y el Mundo de manera oportuna y busca que la libertad de expresi\u00f3n sea real. Visita nuestro medio informativo publicado desde Hermosillo, Sonora. %","og_url":"https:\/\/www.sonoraenequipo.com.mx\/unison-y-sec-firman-convenio-de-colaboracion-en-materia-de-proteccion-civil-en-laboratorios-de-educacion-media-superior\/","og_site_name":"Sonora en Equipo.","article_publisher":"https:\/\/www.facebook.com\/SonoraEE\/","article_author":"https:\/\/www.facebook.com\/SonoraEE","article_published_time":"2019-06-19T01:58:27+00:00","og_image":[{"width":701,"height":400,"url":"https:\/\/www.sonoraenequipo.com.mx\/storage\/2019\/06\/unison1_opt.jpg","type":"image\/jpeg"}],"author":"enequipo","twitter_card":"summary_large_image","twitter_creator":"@sonoraenequipo","twitter_site":"@sonoraenequipo","twitter_misc":{"Escrito por":"enequipo","Tiempo de lectura":"2 minutos"},"schema":{"@context":"https:\/\/schema.org","@graph":[{"@type":"Article","@id":"https:\/\/www.sonoraenequipo.com.mx\/unison-y-sec-firman-convenio-de-colaboracion-en-materia-de-proteccion-civil-en-laboratorios-de-educacion-media-superior\/#article","isPartOf":{"@id":"https:\/\/www.sonoraenequipo.com.mx\/unison-y-sec-firman-convenio-de-colaboracion-en-materia-de-proteccion-civil-en-laboratorios-de-educacion-media-superior\/"},"author":{"name":"enequipo","@id":"https:\/\/www.sonoraenequipo.com.mx\/#\/schema\/person\/50102df0fb23a8fa9e8effad8fa81386"},"headline":"Unison y SEC firman convenio de colaboraci\u00f3n","datePublished":"2019-06-19T01:58:27+00:00","mainEntityOfPage":{"@id":"https:\/\/www.sonoraenequipo.com.mx\/unison-y-sec-firman-convenio-de-colaboracion-en-materia-de-proteccion-civil-en-laboratorios-de-educacion-media-superior\/"},"wordCount":469,"commentCount":0,"publisher":{"@id":"https:\/\/www.sonoraenequipo.com.mx\/#organization"},"image":{"@id":"https:\/\/www.sonoraenequipo.com.mx\/unison-y-sec-firman-convenio-de-colaboracion-en-materia-de-proteccion-civil-en-laboratorios-de-educacion-media-superior\/#primaryimage"},"thumbnailUrl":"https:\/\/www.sonoraenequipo.com.mx\/storage\/2019\/06\/unison1_opt.jpg","articleSection":["Sonora"],"inLanguage":"es","potentialAction":[{"@type":"CommentAction","name":"Comment","target":["https:\/\/www.sonoraenequipo.com.mx\/unison-y-sec-firman-convenio-de-colaboracion-en-materia-de-proteccion-civil-en-laboratorios-de-educacion-media-superior\/#respond"]}]},{"@type":"WebPage","@id":"https:\/\/www.sonoraenequipo.com.mx\/unison-y-sec-firman-convenio-de-colaboracion-en-materia-de-proteccion-civil-en-laboratorios-de-educacion-media-superior\/","url":"https:\/\/www.sonoraenequipo.com.mx\/unison-y-sec-firman-convenio-de-colaboracion-en-materia-de-proteccion-civil-en-laboratorios-de-educacion-media-superior\/","name":"Sonora en Equipo. Unison y SEC firman convenio de colaboraci\u00f3n Sonora","isPartOf":{"@id":"https:\/\/www.sonoraenequipo.com.mx\/#website"},"primaryImageOfPage":{"@id":"https:\/\/www.sonoraenequipo.com.mx\/unison-y-sec-firman-convenio-de-colaboracion-en-materia-de-proteccion-civil-en-laboratorios-de-educacion-media-superior\/#primaryimage"},"image":{"@id":"https:\/\/www.sonoraenequipo.com.mx\/unison-y-sec-firman-convenio-de-colaboracion-en-materia-de-proteccion-civil-en-laboratorios-de-educacion-media-superior\/#primaryimage"},"thumbnailUrl":"https:\/\/www.sonoraenequipo.com.mx\/storage\/2019\/06\/unison1_opt.jpg","datePublished":"2019-06-19T01:58:27+00:00","description":"HERMOSILLO, SONORA. MX. \u2014 Para establecer las bases de cooperaci\u00f3n en promoci\u00f3n de la salud, seguridad y protecci\u00f3n civil en capacitaciones a docentes de En Sonora en Equipo publicamos toda la informaci\u00f3n de Sonora, M\u00e9xico y el Mundo de manera oportuna y busca que la libertad de expresi\u00f3n sea real. Visita nuestro medio informativo publicado desde Hermosillo, Sonora. %","breadcrumb":{"@id":"https:\/\/www.sonoraenequipo.com.mx\/unison-y-sec-firman-convenio-de-colaboracion-en-materia-de-proteccion-civil-en-laboratorios-de-educacion-media-superior\/#breadcrumb"},"inLanguage":"es","potentialAction":[{"@type":"ReadAction","target":["https:\/\/www.sonoraenequipo.com.mx\/unison-y-sec-firman-convenio-de-colaboracion-en-materia-de-proteccion-civil-en-laboratorios-de-educacion-media-superior\/"]}]},{"@type":"ImageObject","inLanguage":"es","@id":"https:\/\/www.sonoraenequipo.com.mx\/unison-y-sec-firman-convenio-de-colaboracion-en-materia-de-proteccion-civil-en-laboratorios-de-educacion-media-superior\/#primaryimage","url":"https:\/\/www.sonoraenequipo.com.mx\/storage\/2019\/06\/unison1_opt.jpg","contentUrl":"https:\/\/www.sonoraenequipo.com.mx\/storage\/2019\/06\/unison1_opt.jpg","width":701,"height":400},{"@type":"BreadcrumbList","@id":"https:\/\/www.sonoraenequipo.com.mx\/unison-y-sec-firman-convenio-de-colaboracion-en-materia-de-proteccion-civil-en-laboratorios-de-educacion-media-superior\/#breadcrumb","itemListElement":[{"@type":"ListItem","position":1,"name":"Portada","item":"https:\/\/www.sonoraenequipo.com.mx\/"},{"@type":"ListItem","position":2,"name":"Unison y SEC firman convenio de colaboraci\u00f3n"}]},{"@type":"WebSite","@id":"https:\/\/www.sonoraenequipo.com.mx\/#website","url":"https:\/\/www.sonoraenequipo.com.mx\/","name":"Sonora en Equipo.","description":"Diario en l\u00ednea con Noticias desde Hermosillo, Sonora","publisher":{"@id":"https:\/\/www.sonoraenequipo.com.mx\/#organization"},"potentialAction":[{"@type":"SearchAction","target":{"@type":"EntryPoint","urlTemplate":"https:\/\/www.sonoraenequipo.com.mx\/?s={search_term_string}"},"query-input":{"@type":"PropertyValueSpecification","valueRequired":true,"valueName":"search_term_string"}}],"inLanguage":"es"},{"@type":"Organization","@id":"https:\/\/www.sonoraenequipo.com.mx\/#organization","name":"Sonoraenequipo.com.mx","url":"https:\/\/www.sonoraenequipo.com.mx\/","logo":{"@type":"ImageObject","inLanguage":"es","@id":"https:\/\/www.sonoraenequipo.com.mx\/#\/schema\/logo\/image\/","url":"https:\/\/www.sonoraenequipo.com.mx\/storage\/2019\/01\/sonoraenequipo_opt.png","contentUrl":"https:\/\/www.sonoraenequipo.com.mx\/storage\/2019\/01\/sonoraenequipo_opt.png","width":375,"height":125,"caption":"Sonoraenequipo.com.mx"},"image":{"@id":"https:\/\/www.sonoraenequipo.com.mx\/#\/schema\/logo\/image\/"},"sameAs":["https:\/\/www.facebook.com\/SonoraEE\/","https:\/\/x.com\/sonoraenequipo","https:\/\/www.youtube.com\/channel\/UC338nW-lPEYmJQs4ZABQ1SQ"]},{"@type":"Person","@id":"https:\/\/www.sonoraenequipo.com.mx\/#\/schema\/person\/50102df0fb23a8fa9e8effad8fa81386","name":"enequipo","image":{"@type":"ImageObject","inLanguage":"es","@id":"https:\/\/www.sonoraenequipo.com.mx\/#\/schema\/person\/image\/","url":"https:\/\/secure.gravatar.com\/avatar\/049821681b589dabc0bc20695993ccebb09f5b5d4d790cd9251b97faac7c652b?s=96&d=blank&r=g","contentUrl":"https:\/\/secure.gravatar.com\/avatar\/049821681b589dabc0bc20695993ccebb09f5b5d4d790cd9251b97faac7c652b?s=96&d=blank&r=g","caption":"enequipo"},"sameAs":["https:\/\/www.facebook.com\/SonoraEE"]}]}},"jetpack_featured_media_url":"https:\/\/www.sonoraenequipo.com.mx\/storage\/2019\/06\/unison1_opt.jpg","_links":{"self":[{"href":"https:\/\/www.sonoraenequipo.com.mx\/api\/wp\/v2\/posts\/62556","targetHints":{"allow":["GET"]}}],"collection":[{"href":"https:\/\/www.sonoraenequipo.com.mx\/api\/wp\/v2\/posts"}],"about":[{"href":"https:\/\/www.sonoraenequipo.com.mx\/api\/wp\/v2\/types\/post"}],"author":[{"embeddable":true,"href":"https:\/\/www.sonoraenequipo.com.mx\/api\/wp\/v2\/users\/1"}],"replies":[{"embeddable":true,"href":"https:\/\/www.sonoraenequipo.com.mx\/api\/wp\/v2\/comments?post=62556"}],"version-history":[{"count":0,"href":"https:\/\/www.sonoraenequipo.com.mx\/api\/wp\/v2\/posts\/62556\/revisions"}],"wp:featuredmedia":[{"embeddable":true,"href":"https:\/\/www.sonoraenequipo.com.mx\/api\/wp\/v2\/media\/62536"}],"wp:attachment":[{"href":"https:\/\/www.sonoraenequipo.com.mx\/api\/wp\/v2\/media?parent=62556"}],"wp:term":[{"taxonomy":"category","embeddable":true,"href":"https:\/\/www.sonoraenequipo.com.mx\/api\/wp\/v2\/categories?post=62556"},{"taxonomy":"post_tag","embeddable":true,"href":"https:\/\/www.sonoraenequipo.com.mx\/api\/wp\/v2\/tags?post=62556"}],"curies":[{"name":"wp","href":"https:\/\/api.w.org\/{rel}","templated":true}]}}