{"id":62559,"date":"2019-06-18T19:03:02","date_gmt":"2019-06-19T02:03:02","guid":{"rendered":"http:\/\/www.sonoraenequipo.com.mx\/?p=62559"},"modified":"2019-06-18T18:06:40","modified_gmt":"2019-06-19T01:06:40","slug":"presenta-alcaldesa-celida-lopez-el-programa-tutor-afectivo","status":"publish","type":"post","link":"https:\/\/www.sonoraenequipo.com.mx\/presenta-alcaldesa-celida-lopez-el-programa-tutor-afectivo\/","title":{"rendered":"Presenta alcaldesa Celida L\u00f3pez el programa \u201cTutor Afectivo\u201d"},"content":{"rendered":"<p>HERMOSILLO, SONORA. MX. \u2014 <em>\u201cTodos, desde la trinchera en la que estamos, podemos apostarle a la Cuarta Transformaci\u00f3n, empecemos por transformarnos a nosotros mismos, por ser mejores personas y entregarnos a quienes m\u00e1s nos necesitan\u201d<\/em>, expres\u00f3 la alcaldesa Celida L\u00f3pez C\u00e1rdenas en el arranque del programa <em>\u201cTutor Afectivo\u201d.<\/em> <\/p>\n<p><em>\u201cEs muy importante pregonar con el ejemplo, el ejemplo y la generosidad de los servidores p\u00fablicos tiene que ser una constante\u201d,<\/em> asegur\u00f3 en su mensaje a los colaboradores de su administraci\u00f3n que se incorporaron a la estrategia promovida por DIF Hermosillo.<\/p>\n<p>La mun\u00edcipe encabez\u00f3 el inicio de este esquema de atenci\u00f3n acompa\u00f1ada por Karina Z\u00e1rate F\u00e9lix, Directora de DIF Sonora; Bernardeth Ru\u00edz Romero, Directora de DIF Hermosillo y los menores tutorados, Adriana Nazarert y Dilan Yoan Acu\u00f1a Mer\u00e1z.<\/p>\n<p>Dicho modelo, en su primera etapa, significa beneficiar a 100 menores, de entre 4 y 12 a\u00f1os, que ya reciben atenci\u00f3n en los distintos programas de DIF Hermosillo, con un acompa\u00f1amiento en el que los tutores colaboran con sus familias para su bienestar, expuso la alcaldesa Celida L\u00f3pez.<\/p>\n<p>Implica, a\u00f1adi\u00f3, que durante un a\u00f1o estar\u00e1n adoptando emocional, espiritual y f\u00edsicamente a un ni\u00f1o de la ciudad que necesita ese apoyo para mejorar su vida.<\/p>\n<p><em>\u201cMe parece que era muy importante, de una buena vez hablar de un nuevo estilo de gobernar y de hablarlo no con palabras, sino con hechos y con acciones\u201d,<\/em> asegur\u00f3 la alcaldesa Celida L\u00f3pez, a la vez que agradeci\u00f3 la generosidad de todos los funcionarios que aceptaron participar.<\/p>\n<p>Hizo votos porque este ejemplo de los servidores p\u00fablicos municipales cunda, y en un futuro pr\u00f3ximo miles de ni\u00f1os reciban el respaldo de otros tantos ciudadanos de vocaci\u00f3n solidaria.<\/p>\n<p>Por su parte, Bernardeth Ru\u00edz Romero, Directora de DIF Hermosillo, explic\u00f3 que en esta capital son muchos los menores que por las m\u00e1s diversas circunstancias est\u00e1n en riesgo de calle y los tutores solidarios pueden echarles la mano y trabajar a su favor, en alianza con sus familias.<\/p>\n<p>A los ni\u00f1os presentes les pidi\u00f3 no dar cr\u00e9dito a quienes les digan que no pueden mejorar sus vidas y convertirse en lo que quieren ser en el futuro, y agradeci\u00f3 a sus padres por aceptar el apoyo de los tutores afectivos.<\/p>\n<h3>\nMedidas que benefician<\/h3>\n<p>Cecilio Luna, presidente de la Asociaci\u00f3n Estatal de Padres de Familia (AEPF), dijo sentirse complacido con este tipo de acciones, ya que son los programas que como pap\u00e1s agradan.<\/p>\n<p><em>\u201cLa respuesta de funcionarios fue muy efectiva, ojal\u00e1 se replique y se mantengan estos programas tan nobles para nuestros hijos y sobre todo por la situaci\u00f3n vulnerable que viven muchos ni\u00f1os\u201d<\/em>, puntualiz\u00f3.<\/p>\n<p>Miriam Guerrero de la invasi\u00f3n Altares, madre de dos ni\u00f1os que son beneficiarios del programa \u201cTutor Afectivo\u201d, expres\u00f3 que le parece muy bien esta iniciativa, ya que muchos pap\u00e1s no mandan a sus hijos a las escuelas porque no tienen la forma para hacerlo.<\/p>\n<p><em>\u201cEste programa es un apoyo muy grande y muy bueno, los que se puedan sumar h\u00e1ganlo porque pueden ayudar a m\u00e1s ni\u00f1os a cumplir sus metas y alcanzar sus sue\u00f1os\u201d,<\/em> destac\u00f3.<\/p>\n<p>Dulce Mar\u00eda Santiago Ibarra, residente de Altares IV Etapa, se\u00f1al\u00f3 que su nieta est\u00e1 en el programa, por lo que invit\u00f3 a los hermosillenses a que se unan y tengan confianza porque beneficiar\u00e1n a muchos ni\u00f1os, y<em> \u00abtambi\u00e9n quiero agradecerle a la alcaldesa Celida L\u00f3pez y a Bernardeth Ruiz por estas acciones, s\u00ed ayudan a la gente\u201d<\/em>, asever\u00f3.<\/p>\n<p>(Publicado el 18\/06\/2019<\/p>\n","protected":false},"excerpt":{"rendered":"<p>HERMOSILLO, SONORA. MX. \u2014 \u201cTodos, desde la trinchera en la que estamos, podemos apostarle a&#8230;<\/p>\n","protected":false},"author":1,"featured_media":62537,"comment_status":"open","ping_status":"open","sticky":false,"template":"","format":"standard","meta":{"_monsterinsights_skip_tracking":false,"_monsterinsights_sitenote_active":false,"_monsterinsights_sitenote_note":"","_monsterinsights_sitenote_category":0,"footnotes":""},"categories":[4],"tags":[],"class_list":["post"],"yoast_head":" \n<title>Sonora en Equipo. Presenta alcaldesa Celida L\u00f3pez el programa \u201cTutor Afectivo\u201d Municipios<\/title>\n<meta name=\"description\" content=\"HERMOSILLO, SONORA. MX. \u2014 \u201cTodos, desde la trinchera en la que estamos, podemos apostarle a la Cuarta Transformaci\u00f3n, empecemos por transformarnos a En Sonora en Equipo publicamos toda la informaci\u00f3n de Sonora, M\u00e9xico y el Mundo de manera oportuna y busca que la libertad de expresi\u00f3n sea real. Visita nuestro medio informativo publicado desde Hermosillo, Sonora. %\" \/>\n<meta name=\"robots\" content=\"index, follow, max-snippet:-1, max-image-preview:large, max-video-preview:-1\" \/>\n<link rel=\"canonical\" href=\"https:\/\/www.sonoraenequipo.com.mx\/presenta-alcaldesa-celida-lopez-el-programa-tutor-afectivo\/\" \/>\n<meta property=\"og:locale\" content=\"es_ES\" \/>\n<meta property=\"og:type\" content=\"article\" \/>\n<meta property=\"og:title\" content=\"Sonora en Equipo. Presenta alcaldesa Celida L\u00f3pez el programa \u201cTutor Afectivo\u201d Municipios\" \/>\n<meta property=\"og:description\" content=\"HERMOSILLO, SONORA. MX. \u2014 \u201cTodos, desde la trinchera en la que estamos, podemos apostarle a la Cuarta Transformaci\u00f3n, empecemos por transformarnos a En Sonora en Equipo publicamos toda la informaci\u00f3n de Sonora, M\u00e9xico y el Mundo de manera oportuna y busca que la libertad de expresi\u00f3n sea real. Visita nuestro medio informativo publicado desde Hermosillo, Sonora. %\" \/>\n<meta property=\"og:url\" content=\"https:\/\/www.sonoraenequipo.com.mx\/presenta-alcaldesa-celida-lopez-el-programa-tutor-afectivo\/\" \/>\n<meta property=\"og:site_name\" content=\"Sonora en Equipo.\" \/>\n<meta property=\"article:publisher\" content=\"https:\/\/www.facebook.com\/SonoraEE\/\" \/>\n<meta property=\"article:author\" content=\"https:\/\/www.facebook.com\/SonoraEE\" \/>\n<meta property=\"article:published_time\" content=\"2019-06-19T02:03:02+00:00\" \/>\n<meta property=\"og:image\" content=\"https:\/\/www.sonoraenequipo.com.mx\/storage\/2019\/06\/tutorafectivo3_opt.jpg\" \/>\n\t<meta property=\"og:image:width\" content=\"600\" \/>\n\t<meta property=\"og:image:height\" content=\"400\" \/>\n\t<meta property=\"og:image:type\" content=\"image\/jpeg\" \/>\n<meta name=\"author\" content=\"enequipo\" \/>\n<meta name=\"twitter:card\" content=\"summary_large_image\" \/>\n<meta name=\"twitter:creator\" content=\"@sonoraenequipo\" \/>\n<meta name=\"twitter:site\" content=\"@sonoraenequipo\" \/>\n<meta name=\"twitter:label1\" content=\"Escrito por\" \/>\n\t<meta name=\"twitter:data1\" content=\"enequipo\" \/>\n\t<meta name=\"twitter:label2\" content=\"Tiempo de lectura\" \/>\n\t<meta name=\"twitter:data2\" content=\"3 minutos\" \/>\n<script type=\"application\/ld+json\" class=\"yoast-schema-graph\">{\"@context\":\"https:\/\/schema.org\",\"@graph\":[{\"@type\":\"Article\",\"@id\":\"https:\/\/www.sonoraenequipo.com.mx\/presenta-alcaldesa-celida-lopez-el-programa-tutor-afectivo\/#article\",\"isPartOf\":{\"@id\":\"https:\/\/www.sonoraenequipo.com.mx\/presenta-alcaldesa-celida-lopez-el-programa-tutor-afectivo\/\"},\"author\":{\"name\":\"enequipo\",\"@id\":\"https:\/\/www.sonoraenequipo.com.mx\/#\/schema\/person\/50102df0fb23a8fa9e8effad8fa81386\"},\"headline\":\"Presenta alcaldesa Celida L\u00f3pez el programa \u201cTutor Afectivo\u201d\",\"datePublished\":\"2019-06-19T02:03:02+00:00\",\"mainEntityOfPage\":{\"@id\":\"https:\/\/www.sonoraenequipo.com.mx\/presenta-alcaldesa-celida-lopez-el-programa-tutor-afectivo\/\"},\"wordCount\":621,\"commentCount\":0,\"publisher\":{\"@id\":\"https:\/\/www.sonoraenequipo.com.mx\/#organization\"},\"image\":{\"@id\":\"https:\/\/www.sonoraenequipo.com.mx\/presenta-alcaldesa-celida-lopez-el-programa-tutor-afectivo\/#primaryimage\"},\"thumbnailUrl\":\"https:\/\/www.sonoraenequipo.com.mx\/storage\/2019\/06\/tutorafectivo3_opt.jpg\",\"articleSection\":[\"Municipios\"],\"inLanguage\":\"es\",\"potentialAction\":[{\"@type\":\"CommentAction\",\"name\":\"Comment\",\"target\":[\"https:\/\/www.sonoraenequipo.com.mx\/presenta-alcaldesa-celida-lopez-el-programa-tutor-afectivo\/#respond\"]}]},{\"@type\":\"WebPage\",\"@id\":\"https:\/\/www.sonoraenequipo.com.mx\/presenta-alcaldesa-celida-lopez-el-programa-tutor-afectivo\/\",\"url\":\"https:\/\/www.sonoraenequipo.com.mx\/presenta-alcaldesa-celida-lopez-el-programa-tutor-afectivo\/\",\"name\":\"Sonora en Equipo. Presenta alcaldesa Celida L\u00f3pez el programa \u201cTutor Afectivo\u201d Municipios\",\"isPartOf\":{\"@id\":\"https:\/\/www.sonoraenequipo.com.mx\/#website\"},\"primaryImageOfPage\":{\"@id\":\"https:\/\/www.sonoraenequipo.com.mx\/presenta-alcaldesa-celida-lopez-el-programa-tutor-afectivo\/#primaryimage\"},\"image\":{\"@id\":\"https:\/\/www.sonoraenequipo.com.mx\/presenta-alcaldesa-celida-lopez-el-programa-tutor-afectivo\/#primaryimage\"},\"thumbnailUrl\":\"https:\/\/www.sonoraenequipo.com.mx\/storage\/2019\/06\/tutorafectivo3_opt.jpg\",\"datePublished\":\"2019-06-19T02:03:02+00:00\",\"description\":\"HERMOSILLO, SONORA. MX. \u2014 \u201cTodos, desde la trinchera en la que estamos, podemos apostarle a la Cuarta Transformaci\u00f3n, empecemos por transformarnos a En Sonora en Equipo publicamos toda la informaci\u00f3n de Sonora, M\u00e9xico y el Mundo de manera oportuna y busca que la libertad de expresi\u00f3n sea real. Visita nuestro medio informativo publicado desde Hermosillo, Sonora. %\",\"breadcrumb\":{\"@id\":\"https:\/\/www.sonoraenequipo.com.mx\/presenta-alcaldesa-celida-lopez-el-programa-tutor-afectivo\/#breadcrumb\"},\"inLanguage\":\"es\",\"potentialAction\":[{\"@type\":\"ReadAction\",\"target\":[\"https:\/\/www.sonoraenequipo.com.mx\/presenta-alcaldesa-celida-lopez-el-programa-tutor-afectivo\/\"]}]},{\"@type\":\"ImageObject\",\"inLanguage\":\"es\",\"@id\":\"https:\/\/www.sonoraenequipo.com.mx\/presenta-alcaldesa-celida-lopez-el-programa-tutor-afectivo\/#primaryimage\",\"url\":\"https:\/\/www.sonoraenequipo.com.mx\/storage\/2019\/06\/tutorafectivo3_opt.jpg\",\"contentUrl\":\"https:\/\/www.sonoraenequipo.com.mx\/storage\/2019\/06\/tutorafectivo3_opt.jpg\",\"width\":600,\"height\":400},{\"@type\":\"BreadcrumbList\",\"@id\":\"https:\/\/www.sonoraenequipo.com.mx\/presenta-alcaldesa-celida-lopez-el-programa-tutor-afectivo\/#breadcrumb\",\"itemListElement\":[{\"@type\":\"ListItem\",\"position\":1,\"name\":\"Portada\",\"item\":\"https:\/\/www.sonoraenequipo.com.mx\/\"},{\"@type\":\"ListItem\",\"position\":2,\"name\":\"Presenta alcaldesa Celida L\u00f3pez el programa \u201cTutor Afectivo\u201d\"}]},{\"@type\":\"WebSite\",\"@id\":\"https:\/\/www.sonoraenequipo.com.mx\/#website\",\"url\":\"https:\/\/www.sonoraenequipo.com.mx\/\",\"name\":\"Sonora en Equipo.\",\"description\":\"Diario en l\u00ednea con Noticias desde Hermosillo, Sonora\",\"publisher\":{\"@id\":\"https:\/\/www.sonoraenequipo.com.mx\/#organization\"},\"potentialAction\":[{\"@type\":\"SearchAction\",\"target\":{\"@type\":\"EntryPoint\",\"urlTemplate\":\"https:\/\/www.sonoraenequipo.com.mx\/?s={search_term_string}\"},\"query-input\":{\"@type\":\"PropertyValueSpecification\",\"valueRequired\":true,\"valueName\":\"search_term_string\"}}],\"inLanguage\":\"es\"},{\"@type\":\"Organization\",\"@id\":\"https:\/\/www.sonoraenequipo.com.mx\/#organization\",\"name\":\"Sonoraenequipo.com.mx\",\"url\":\"https:\/\/www.sonoraenequipo.com.mx\/\",\"logo\":{\"@type\":\"ImageObject\",\"inLanguage\":\"es\",\"@id\":\"https:\/\/www.sonoraenequipo.com.mx\/#\/schema\/logo\/image\/\",\"url\":\"https:\/\/www.sonoraenequipo.com.mx\/storage\/2019\/01\/sonoraenequipo_opt.png\",\"contentUrl\":\"https:\/\/www.sonoraenequipo.com.mx\/storage\/2019\/01\/sonoraenequipo_opt.png\",\"width\":375,\"height\":125,\"caption\":\"Sonoraenequipo.com.mx\"},\"image\":{\"@id\":\"https:\/\/www.sonoraenequipo.com.mx\/#\/schema\/logo\/image\/\"},\"sameAs\":[\"https:\/\/www.facebook.com\/SonoraEE\/\",\"https:\/\/x.com\/sonoraenequipo\",\"https:\/\/www.youtube.com\/channel\/UC338nW-lPEYmJQs4ZABQ1SQ\"]},{\"@type\":\"Person\",\"@id\":\"https:\/\/www.sonoraenequipo.com.mx\/#\/schema\/person\/50102df0fb23a8fa9e8effad8fa81386\",\"name\":\"enequipo\",\"image\":{\"@type\":\"ImageObject\",\"inLanguage\":\"es\",\"@id\":\"https:\/\/www.sonoraenequipo.com.mx\/#\/schema\/person\/image\/\",\"url\":\"https:\/\/secure.gravatar.com\/avatar\/049821681b589dabc0bc20695993ccebb09f5b5d4d790cd9251b97faac7c652b?s=96&d=blank&r=g\",\"contentUrl\":\"https:\/\/secure.gravatar.com\/avatar\/049821681b589dabc0bc20695993ccebb09f5b5d4d790cd9251b97faac7c652b?s=96&d=blank&r=g\",\"caption\":\"enequipo\"},\"sameAs\":[\"https:\/\/www.facebook.com\/SonoraEE\"]}]}<\/script>\n ","yoast_head_json":{"title":"Sonora en Equipo. Presenta alcaldesa Celida L\u00f3pez el programa \u201cTutor Afectivo\u201d Municipios","description":"HERMOSILLO, SONORA. MX. \u2014 \u201cTodos, desde la trinchera en la que estamos, podemos apostarle a la Cuarta Transformaci\u00f3n, empecemos por transformarnos a En Sonora en Equipo publicamos toda la informaci\u00f3n de Sonora, M\u00e9xico y el Mundo de manera oportuna y busca que la libertad de expresi\u00f3n sea real. Visita nuestro medio informativo publicado desde Hermosillo, Sonora. %","robots":{"index":"index","follow":"follow","max-snippet":"max-snippet:-1","max-image-preview":"max-image-preview:large","max-video-preview":"max-video-preview:-1"},"canonical":"https:\/\/www.sonoraenequipo.com.mx\/presenta-alcaldesa-celida-lopez-el-programa-tutor-afectivo\/","og_locale":"es_ES","og_type":"article","og_title":"Sonora en Equipo. Presenta alcaldesa Celida L\u00f3pez el programa \u201cTutor Afectivo\u201d Municipios","og_description":"HERMOSILLO, SONORA. MX. \u2014 \u201cTodos, desde la trinchera en la que estamos, podemos apostarle a la Cuarta Transformaci\u00f3n, empecemos por transformarnos a En Sonora en Equipo publicamos toda la informaci\u00f3n de Sonora, M\u00e9xico y el Mundo de manera oportuna y busca que la libertad de expresi\u00f3n sea real. Visita nuestro medio informativo publicado desde Hermosillo, Sonora. %","og_url":"https:\/\/www.sonoraenequipo.com.mx\/presenta-alcaldesa-celida-lopez-el-programa-tutor-afectivo\/","og_site_name":"Sonora en Equipo.","article_publisher":"https:\/\/www.facebook.com\/SonoraEE\/","article_author":"https:\/\/www.facebook.com\/SonoraEE","article_published_time":"2019-06-19T02:03:02+00:00","og_image":[{"width":600,"height":400,"url":"https:\/\/www.sonoraenequipo.com.mx\/storage\/2019\/06\/tutorafectivo3_opt.jpg","type":"image\/jpeg"}],"author":"enequipo","twitter_card":"summary_large_image","twitter_creator":"@sonoraenequipo","twitter_site":"@sonoraenequipo","twitter_misc":{"Escrito por":"enequipo","Tiempo de lectura":"3 minutos"},"schema":{"@context":"https:\/\/schema.org","@graph":[{"@type":"Article","@id":"https:\/\/www.sonoraenequipo.com.mx\/presenta-alcaldesa-celida-lopez-el-programa-tutor-afectivo\/#article","isPartOf":{"@id":"https:\/\/www.sonoraenequipo.com.mx\/presenta-alcaldesa-celida-lopez-el-programa-tutor-afectivo\/"},"author":{"name":"enequipo","@id":"https:\/\/www.sonoraenequipo.com.mx\/#\/schema\/person\/50102df0fb23a8fa9e8effad8fa81386"},"headline":"Presenta alcaldesa Celida L\u00f3pez el programa \u201cTutor Afectivo\u201d","datePublished":"2019-06-19T02:03:02+00:00","mainEntityOfPage":{"@id":"https:\/\/www.sonoraenequipo.com.mx\/presenta-alcaldesa-celida-lopez-el-programa-tutor-afectivo\/"},"wordCount":621,"commentCount":0,"publisher":{"@id":"https:\/\/www.sonoraenequipo.com.mx\/#organization"},"image":{"@id":"https:\/\/www.sonoraenequipo.com.mx\/presenta-alcaldesa-celida-lopez-el-programa-tutor-afectivo\/#primaryimage"},"thumbnailUrl":"https:\/\/www.sonoraenequipo.com.mx\/storage\/2019\/06\/tutorafectivo3_opt.jpg","articleSection":["Municipios"],"inLanguage":"es","potentialAction":[{"@type":"CommentAction","name":"Comment","target":["https:\/\/www.sonoraenequipo.com.mx\/presenta-alcaldesa-celida-lopez-el-programa-tutor-afectivo\/#respond"]}]},{"@type":"WebPage","@id":"https:\/\/www.sonoraenequipo.com.mx\/presenta-alcaldesa-celida-lopez-el-programa-tutor-afectivo\/","url":"https:\/\/www.sonoraenequipo.com.mx\/presenta-alcaldesa-celida-lopez-el-programa-tutor-afectivo\/","name":"Sonora en Equipo. Presenta alcaldesa Celida L\u00f3pez el programa \u201cTutor Afectivo\u201d Municipios","isPartOf":{"@id":"https:\/\/www.sonoraenequipo.com.mx\/#website"},"primaryImageOfPage":{"@id":"https:\/\/www.sonoraenequipo.com.mx\/presenta-alcaldesa-celida-lopez-el-programa-tutor-afectivo\/#primaryimage"},"image":{"@id":"https:\/\/www.sonoraenequipo.com.mx\/presenta-alcaldesa-celida-lopez-el-programa-tutor-afectivo\/#primaryimage"},"thumbnailUrl":"https:\/\/www.sonoraenequipo.com.mx\/storage\/2019\/06\/tutorafectivo3_opt.jpg","datePublished":"2019-06-19T02:03:02+00:00","description":"HERMOSILLO, SONORA. MX. \u2014 \u201cTodos, desde la trinchera en la que estamos, podemos apostarle a la Cuarta Transformaci\u00f3n, empecemos por transformarnos a En Sonora en Equipo publicamos toda la informaci\u00f3n de Sonora, M\u00e9xico y el Mundo de manera oportuna y busca que la libertad de expresi\u00f3n sea real. Visita nuestro medio informativo publicado desde Hermosillo, Sonora. %","breadcrumb":{"@id":"https:\/\/www.sonoraenequipo.com.mx\/presenta-alcaldesa-celida-lopez-el-programa-tutor-afectivo\/#breadcrumb"},"inLanguage":"es","potentialAction":[{"@type":"ReadAction","target":["https:\/\/www.sonoraenequipo.com.mx\/presenta-alcaldesa-celida-lopez-el-programa-tutor-afectivo\/"]}]},{"@type":"ImageObject","inLanguage":"es","@id":"https:\/\/www.sonoraenequipo.com.mx\/presenta-alcaldesa-celida-lopez-el-programa-tutor-afectivo\/#primaryimage","url":"https:\/\/www.sonoraenequipo.com.mx\/storage\/2019\/06\/tutorafectivo3_opt.jpg","contentUrl":"https:\/\/www.sonoraenequipo.com.mx\/storage\/2019\/06\/tutorafectivo3_opt.jpg","width":600,"height":400},{"@type":"BreadcrumbList","@id":"https:\/\/www.sonoraenequipo.com.mx\/presenta-alcaldesa-celida-lopez-el-programa-tutor-afectivo\/#breadcrumb","itemListElement":[{"@type":"ListItem","position":1,"name":"Portada","item":"https:\/\/www.sonoraenequipo.com.mx\/"},{"@type":"ListItem","position":2,"name":"Presenta alcaldesa Celida L\u00f3pez el programa \u201cTutor Afectivo\u201d"}]},{"@type":"WebSite","@id":"https:\/\/www.sonoraenequipo.com.mx\/#website","url":"https:\/\/www.sonoraenequipo.com.mx\/","name":"Sonora en Equipo.","description":"Diario en l\u00ednea con Noticias desde Hermosillo, Sonora","publisher":{"@id":"https:\/\/www.sonoraenequipo.com.mx\/#organization"},"potentialAction":[{"@type":"SearchAction","target":{"@type":"EntryPoint","urlTemplate":"https:\/\/www.sonoraenequipo.com.mx\/?s={search_term_string}"},"query-input":{"@type":"PropertyValueSpecification","valueRequired":true,"valueName":"search_term_string"}}],"inLanguage":"es"},{"@type":"Organization","@id":"https:\/\/www.sonoraenequipo.com.mx\/#organization","name":"Sonoraenequipo.com.mx","url":"https:\/\/www.sonoraenequipo.com.mx\/","logo":{"@type":"ImageObject","inLanguage":"es","@id":"https:\/\/www.sonoraenequipo.com.mx\/#\/schema\/logo\/image\/","url":"https:\/\/www.sonoraenequipo.com.mx\/storage\/2019\/01\/sonoraenequipo_opt.png","contentUrl":"https:\/\/www.sonoraenequipo.com.mx\/storage\/2019\/01\/sonoraenequipo_opt.png","width":375,"height":125,"caption":"Sonoraenequipo.com.mx"},"image":{"@id":"https:\/\/www.sonoraenequipo.com.mx\/#\/schema\/logo\/image\/"},"sameAs":["https:\/\/www.facebook.com\/SonoraEE\/","https:\/\/x.com\/sonoraenequipo","https:\/\/www.youtube.com\/channel\/UC338nW-lPEYmJQs4ZABQ1SQ"]},{"@type":"Person","@id":"https:\/\/www.sonoraenequipo.com.mx\/#\/schema\/person\/50102df0fb23a8fa9e8effad8fa81386","name":"enequipo","image":{"@type":"ImageObject","inLanguage":"es","@id":"https:\/\/www.sonoraenequipo.com.mx\/#\/schema\/person\/image\/","url":"https:\/\/secure.gravatar.com\/avatar\/049821681b589dabc0bc20695993ccebb09f5b5d4d790cd9251b97faac7c652b?s=96&d=blank&r=g","contentUrl":"https:\/\/secure.gravatar.com\/avatar\/049821681b589dabc0bc20695993ccebb09f5b5d4d790cd9251b97faac7c652b?s=96&d=blank&r=g","caption":"enequipo"},"sameAs":["https:\/\/www.facebook.com\/SonoraEE"]}]}},"jetpack_featured_media_url":"https:\/\/www.sonoraenequipo.com.mx\/storage\/2019\/06\/tutorafectivo3_opt.jpg","_links":{"self":[{"href":"https:\/\/www.sonoraenequipo.com.mx\/api\/wp\/v2\/posts\/62559","targetHints":{"allow":["GET"]}}],"collection":[{"href":"https:\/\/www.sonoraenequipo.com.mx\/api\/wp\/v2\/posts"}],"about":[{"href":"https:\/\/www.sonoraenequipo.com.mx\/api\/wp\/v2\/types\/post"}],"author":[{"embeddable":true,"href":"https:\/\/www.sonoraenequipo.com.mx\/api\/wp\/v2\/users\/1"}],"replies":[{"embeddable":true,"href":"https:\/\/www.sonoraenequipo.com.mx\/api\/wp\/v2\/comments?post=62559"}],"version-history":[{"count":0,"href":"https:\/\/www.sonoraenequipo.com.mx\/api\/wp\/v2\/posts\/62559\/revisions"}],"wp:featuredmedia":[{"embeddable":true,"href":"https:\/\/www.sonoraenequipo.com.mx\/api\/wp\/v2\/media\/62537"}],"wp:attachment":[{"href":"https:\/\/www.sonoraenequipo.com.mx\/api\/wp\/v2\/media?parent=62559"}],"wp:term":[{"taxonomy":"category","embeddable":true,"href":"https:\/\/www.sonoraenequipo.com.mx\/api\/wp\/v2\/categories?post=62559"},{"taxonomy":"post_tag","embeddable":true,"href":"https:\/\/www.sonoraenequipo.com.mx\/api\/wp\/v2\/tags?post=62559"}],"curies":[{"name":"wp","href":"https:\/\/api.w.org\/{rel}","templated":true}]}}