{"id":62567,"date":"2019-06-18T10:45:23","date_gmt":"2019-06-18T17:45:23","guid":{"rendered":"http:\/\/www.sonoraenequipo.com.mx\/?p=62567"},"modified":"2019-06-18T18:35:48","modified_gmt":"2019-06-19T01:35:48","slug":"amlo-pide-apoyo-a-mark-zuckerberg-para-conectar-a-todo-el-pais","status":"publish","type":"post","link":"https:\/\/www.sonoraenequipo.com.mx\/amlo-pide-apoyo-a-mark-zuckerberg-para-conectar-a-todo-el-pais\/","title":{"rendered":"AMLO pide apoyo a Mark Zuckerberg para \u00abconectar\u00bb a todo el pa\u00eds"},"content":{"rendered":"<p>CIUDAD DE M\u00c9XICO. MX. \u2014 El presidente Andr\u00e9s Manuel L\u00f3pez Obrador convers\u00f3 con el fundador de Facebook, Mark Zuckerberg, sobre un proyecto para llevar internet a todos los mexicanos, especialmente a las comunidades de escasos recursos. <\/p>\n<p>A trav\u00e9s de twitter, AMLO inform\u00f3 que platic\u00f3 por medio de una videoconferencia con el fundador de Facebook, a quien le pidi\u00f3 su apoyo para ayudar a <em>\u00abexpandir\u00bb<\/em> la comunicaci\u00f3n y conectividad en M\u00e9xico.<\/p>\n<p><em>\u00abNo hace falta viajar con frecuencia al extranjero, ahora podemos comunicarnos mediante videoconferencias. As\u00ed convers\u00e9 el d\u00eda de hoy con Mark Zuckerberg, fundador de Facebook y accionista de WhatsApp e Instagram\u00bb,<\/em> dijo L\u00f3pez Obrador.<\/p>\n<p>En dicha videoconferencia, L\u00f3pez Obrador explic\u00f3 al fundador de Facebook que el 20% de la poblaci\u00f3n que ocupa el 80% del territorio, son los m\u00e1s pobres, marginados y los que no tienen comunicaci\u00f3n por internet, por lo cual el prop\u00f3sito de su gobierno es comunicar a todos los pueblos. \u00abSon cerca de 300 mil localidades que no tienen comunicaci\u00f3n\u201d.<\/p>\n<p><em>\u00abContamos con toda la red el\u00e9ctrica que s\u00ed llega al 95% del territorio y queremos aprovechar esa infraestructura para que con fibra \u00f3ptica y posiblemente antenas, podamos comunicar\u00bb.<\/em><\/p>\n<p>Adem\u00e1s se\u00f1al\u00f3 que se trata de un programa para comunicar, informar, mejorar la educaci\u00f3n, la salud, \u00abservicios a muy bajo costo, no con fines de lucro, y dejar un margen, un sector que pueda pagar el servicio para que podamos ser autosuficientes\u00bb.<\/p>\n<p><em>\u00abNos importa mucho el apoyo de ustedes para compartir este proyecto con los representantes de Facebook. Si t\u00fa lo consideras interesante te invitamos a participar para poder hacer una sociedad, ser\u00eda algo extraordinario que Facebook ayudara a la comunicaci\u00f3n y conectividad en M\u00e9xico, sobre todo en beneficio de los pobres\u00bb,<\/em> dijo L\u00f3pez Obrador a Zuckerberg.<\/p>\n<p>(Publicado el 18\/06\/2019<\/p>\n","protected":false},"excerpt":{"rendered":"<p>CIUDAD DE M\u00c9XICO. MX. \u2014 El presidente Andr\u00e9s Manuel L\u00f3pez Obrador convers\u00f3 con el fundador&#8230;<\/p>\n","protected":false},"author":1,"featured_media":62568,"comment_status":"open","ping_status":"open","sticky":false,"template":"","format":"standard","meta":{"_monsterinsights_skip_tracking":false,"_monsterinsights_sitenote_active":false,"_monsterinsights_sitenote_note":"","_monsterinsights_sitenote_category":0,"footnotes":""},"categories":[5],"tags":[],"class_list":["post"],"yoast_head":" \n<title>Sonora en Equipo. AMLO pide apoyo a Mark Zuckerberg para &quot;conectar&quot; a todo el pa\u00eds Rep\u00fablica<\/title>\n<meta name=\"description\" content=\"CIUDAD DE M\u00c9XICO. MX. \u2014 El presidente Andr\u00e9s Manuel L\u00f3pez Obrador convers\u00f3 con el fundador de Facebook, Mark Zuckerberg, sobre un proyecto para llevar En Sonora en Equipo publicamos toda la informaci\u00f3n de Sonora, M\u00e9xico y el Mundo de manera oportuna y busca que la libertad de expresi\u00f3n sea real. Visita nuestro medio informativo publicado desde Hermosillo, Sonora. %\" \/>\n<meta name=\"robots\" content=\"index, follow, max-snippet:-1, max-image-preview:large, max-video-preview:-1\" \/>\n<link rel=\"canonical\" href=\"https:\/\/www.sonoraenequipo.com.mx\/amlo-pide-apoyo-a-mark-zuckerberg-para-conectar-a-todo-el-pais\/\" \/>\n<meta property=\"og:locale\" content=\"es_ES\" \/>\n<meta property=\"og:type\" content=\"article\" \/>\n<meta property=\"og:title\" content=\"Sonora en Equipo. AMLO pide apoyo a Mark Zuckerberg para &quot;conectar&quot; a todo el pa\u00eds Rep\u00fablica\" \/>\n<meta property=\"og:description\" content=\"CIUDAD DE M\u00c9XICO. MX. \u2014 El presidente Andr\u00e9s Manuel L\u00f3pez Obrador convers\u00f3 con el fundador de Facebook, Mark Zuckerberg, sobre un proyecto para llevar En Sonora en Equipo publicamos toda la informaci\u00f3n de Sonora, M\u00e9xico y el Mundo de manera oportuna y busca que la libertad de expresi\u00f3n sea real. Visita nuestro medio informativo publicado desde Hermosillo, Sonora. %\" \/>\n<meta property=\"og:url\" content=\"https:\/\/www.sonoraenequipo.com.mx\/amlo-pide-apoyo-a-mark-zuckerberg-para-conectar-a-todo-el-pais\/\" \/>\n<meta property=\"og:site_name\" content=\"Sonora en Equipo.\" \/>\n<meta property=\"article:publisher\" content=\"https:\/\/www.facebook.com\/SonoraEE\/\" \/>\n<meta property=\"article:author\" content=\"https:\/\/www.facebook.com\/SonoraEE\" \/>\n<meta property=\"article:published_time\" content=\"2019-06-18T17:45:23+00:00\" \/>\n<meta property=\"article:modified_time\" content=\"2019-06-19T01:35:48+00:00\" \/>\n<meta property=\"og:image\" content=\"https:\/\/www.sonoraenequipo.com.mx\/storage\/2019\/06\/AMLO-y-Mark-Zuckerberg_opt1.png\" \/>\n\t<meta property=\"og:image:width\" content=\"641\" \/>\n\t<meta property=\"og:image:height\" content=\"400\" \/>\n\t<meta property=\"og:image:type\" content=\"image\/png\" \/>\n<meta name=\"author\" content=\"enequipo\" \/>\n<meta name=\"twitter:card\" content=\"summary_large_image\" \/>\n<meta name=\"twitter:creator\" content=\"@sonoraenequipo\" \/>\n<meta name=\"twitter:site\" content=\"@sonoraenequipo\" \/>\n<meta name=\"twitter:label1\" content=\"Escrito por\" \/>\n\t<meta name=\"twitter:data1\" content=\"enequipo\" \/>\n\t<meta name=\"twitter:label2\" content=\"Tiempo de lectura\" \/>\n\t<meta name=\"twitter:data2\" content=\"2 minutos\" \/>\n<script type=\"application\/ld+json\" class=\"yoast-schema-graph\">{\"@context\":\"https:\/\/schema.org\",\"@graph\":[{\"@type\":\"Article\",\"@id\":\"https:\/\/www.sonoraenequipo.com.mx\/amlo-pide-apoyo-a-mark-zuckerberg-para-conectar-a-todo-el-pais\/#article\",\"isPartOf\":{\"@id\":\"https:\/\/www.sonoraenequipo.com.mx\/amlo-pide-apoyo-a-mark-zuckerberg-para-conectar-a-todo-el-pais\/\"},\"author\":{\"name\":\"enequipo\",\"@id\":\"https:\/\/www.sonoraenequipo.com.mx\/#\/schema\/person\/50102df0fb23a8fa9e8effad8fa81386\"},\"headline\":\"AMLO pide apoyo a Mark Zuckerberg para \u00abconectar\u00bb a todo el pa\u00eds\",\"datePublished\":\"2019-06-18T17:45:23+00:00\",\"dateModified\":\"2019-06-19T01:35:48+00:00\",\"mainEntityOfPage\":{\"@id\":\"https:\/\/www.sonoraenequipo.com.mx\/amlo-pide-apoyo-a-mark-zuckerberg-para-conectar-a-todo-el-pais\/\"},\"wordCount\":320,\"commentCount\":0,\"publisher\":{\"@id\":\"https:\/\/www.sonoraenequipo.com.mx\/#organization\"},\"image\":{\"@id\":\"https:\/\/www.sonoraenequipo.com.mx\/amlo-pide-apoyo-a-mark-zuckerberg-para-conectar-a-todo-el-pais\/#primaryimage\"},\"thumbnailUrl\":\"https:\/\/www.sonoraenequipo.com.mx\/storage\/2019\/06\/AMLO-y-Mark-Zuckerberg_opt1.png\",\"articleSection\":[\"Rep\u00fablica\"],\"inLanguage\":\"es\",\"potentialAction\":[{\"@type\":\"CommentAction\",\"name\":\"Comment\",\"target\":[\"https:\/\/www.sonoraenequipo.com.mx\/amlo-pide-apoyo-a-mark-zuckerberg-para-conectar-a-todo-el-pais\/#respond\"]}]},{\"@type\":\"WebPage\",\"@id\":\"https:\/\/www.sonoraenequipo.com.mx\/amlo-pide-apoyo-a-mark-zuckerberg-para-conectar-a-todo-el-pais\/\",\"url\":\"https:\/\/www.sonoraenequipo.com.mx\/amlo-pide-apoyo-a-mark-zuckerberg-para-conectar-a-todo-el-pais\/\",\"name\":\"Sonora en Equipo. AMLO pide apoyo a Mark Zuckerberg para \\\"conectar\\\" a todo el pa\u00eds Rep\u00fablica\",\"isPartOf\":{\"@id\":\"https:\/\/www.sonoraenequipo.com.mx\/#website\"},\"primaryImageOfPage\":{\"@id\":\"https:\/\/www.sonoraenequipo.com.mx\/amlo-pide-apoyo-a-mark-zuckerberg-para-conectar-a-todo-el-pais\/#primaryimage\"},\"image\":{\"@id\":\"https:\/\/www.sonoraenequipo.com.mx\/amlo-pide-apoyo-a-mark-zuckerberg-para-conectar-a-todo-el-pais\/#primaryimage\"},\"thumbnailUrl\":\"https:\/\/www.sonoraenequipo.com.mx\/storage\/2019\/06\/AMLO-y-Mark-Zuckerberg_opt1.png\",\"datePublished\":\"2019-06-18T17:45:23+00:00\",\"dateModified\":\"2019-06-19T01:35:48+00:00\",\"description\":\"CIUDAD DE M\u00c9XICO. MX. \u2014 El presidente Andr\u00e9s Manuel L\u00f3pez Obrador convers\u00f3 con el fundador de Facebook, Mark Zuckerberg, sobre un proyecto para llevar En Sonora en Equipo publicamos toda la informaci\u00f3n de Sonora, M\u00e9xico y el Mundo de manera oportuna y busca que la libertad de expresi\u00f3n sea real. Visita nuestro medio informativo publicado desde Hermosillo, Sonora. %\",\"breadcrumb\":{\"@id\":\"https:\/\/www.sonoraenequipo.com.mx\/amlo-pide-apoyo-a-mark-zuckerberg-para-conectar-a-todo-el-pais\/#breadcrumb\"},\"inLanguage\":\"es\",\"potentialAction\":[{\"@type\":\"ReadAction\",\"target\":[\"https:\/\/www.sonoraenequipo.com.mx\/amlo-pide-apoyo-a-mark-zuckerberg-para-conectar-a-todo-el-pais\/\"]}]},{\"@type\":\"ImageObject\",\"inLanguage\":\"es\",\"@id\":\"https:\/\/www.sonoraenequipo.com.mx\/amlo-pide-apoyo-a-mark-zuckerberg-para-conectar-a-todo-el-pais\/#primaryimage\",\"url\":\"https:\/\/www.sonoraenequipo.com.mx\/storage\/2019\/06\/AMLO-y-Mark-Zuckerberg_opt1.png\",\"contentUrl\":\"https:\/\/www.sonoraenequipo.com.mx\/storage\/2019\/06\/AMLO-y-Mark-Zuckerberg_opt1.png\",\"width\":641,\"height\":400},{\"@type\":\"BreadcrumbList\",\"@id\":\"https:\/\/www.sonoraenequipo.com.mx\/amlo-pide-apoyo-a-mark-zuckerberg-para-conectar-a-todo-el-pais\/#breadcrumb\",\"itemListElement\":[{\"@type\":\"ListItem\",\"position\":1,\"name\":\"Portada\",\"item\":\"https:\/\/www.sonoraenequipo.com.mx\/\"},{\"@type\":\"ListItem\",\"position\":2,\"name\":\"AMLO pide apoyo a Mark Zuckerberg para \u00abconectar\u00bb a todo el pa\u00eds\"}]},{\"@type\":\"WebSite\",\"@id\":\"https:\/\/www.sonoraenequipo.com.mx\/#website\",\"url\":\"https:\/\/www.sonoraenequipo.com.mx\/\",\"name\":\"Sonora en Equipo.\",\"description\":\"Diario en l\u00ednea con Noticias desde Hermosillo, Sonora\",\"publisher\":{\"@id\":\"https:\/\/www.sonoraenequipo.com.mx\/#organization\"},\"potentialAction\":[{\"@type\":\"SearchAction\",\"target\":{\"@type\":\"EntryPoint\",\"urlTemplate\":\"https:\/\/www.sonoraenequipo.com.mx\/?s={search_term_string}\"},\"query-input\":{\"@type\":\"PropertyValueSpecification\",\"valueRequired\":true,\"valueName\":\"search_term_string\"}}],\"inLanguage\":\"es\"},{\"@type\":\"Organization\",\"@id\":\"https:\/\/www.sonoraenequipo.com.mx\/#organization\",\"name\":\"Sonoraenequipo.com.mx\",\"url\":\"https:\/\/www.sonoraenequipo.com.mx\/\",\"logo\":{\"@type\":\"ImageObject\",\"inLanguage\":\"es\",\"@id\":\"https:\/\/www.sonoraenequipo.com.mx\/#\/schema\/logo\/image\/\",\"url\":\"https:\/\/www.sonoraenequipo.com.mx\/storage\/2019\/01\/sonoraenequipo_opt.png\",\"contentUrl\":\"https:\/\/www.sonoraenequipo.com.mx\/storage\/2019\/01\/sonoraenequipo_opt.png\",\"width\":375,\"height\":125,\"caption\":\"Sonoraenequipo.com.mx\"},\"image\":{\"@id\":\"https:\/\/www.sonoraenequipo.com.mx\/#\/schema\/logo\/image\/\"},\"sameAs\":[\"https:\/\/www.facebook.com\/SonoraEE\/\",\"https:\/\/x.com\/sonoraenequipo\",\"https:\/\/www.youtube.com\/channel\/UC338nW-lPEYmJQs4ZABQ1SQ\"]},{\"@type\":\"Person\",\"@id\":\"https:\/\/www.sonoraenequipo.com.mx\/#\/schema\/person\/50102df0fb23a8fa9e8effad8fa81386\",\"name\":\"enequipo\",\"image\":{\"@type\":\"ImageObject\",\"inLanguage\":\"es\",\"@id\":\"https:\/\/www.sonoraenequipo.com.mx\/#\/schema\/person\/image\/\",\"url\":\"https:\/\/secure.gravatar.com\/avatar\/049821681b589dabc0bc20695993ccebb09f5b5d4d790cd9251b97faac7c652b?s=96&d=blank&r=g\",\"contentUrl\":\"https:\/\/secure.gravatar.com\/avatar\/049821681b589dabc0bc20695993ccebb09f5b5d4d790cd9251b97faac7c652b?s=96&d=blank&r=g\",\"caption\":\"enequipo\"},\"sameAs\":[\"https:\/\/www.facebook.com\/SonoraEE\"]}]}<\/script>\n ","yoast_head_json":{"title":"Sonora en Equipo. AMLO pide apoyo a Mark Zuckerberg para \"conectar\" a todo el pa\u00eds Rep\u00fablica","description":"CIUDAD DE M\u00c9XICO. MX. \u2014 El presidente Andr\u00e9s Manuel L\u00f3pez Obrador convers\u00f3 con el fundador de Facebook, Mark Zuckerberg, sobre un proyecto para llevar En Sonora en Equipo publicamos toda la informaci\u00f3n de Sonora, M\u00e9xico y el Mundo de manera oportuna y busca que la libertad de expresi\u00f3n sea real. Visita nuestro medio informativo publicado desde Hermosillo, Sonora. %","robots":{"index":"index","follow":"follow","max-snippet":"max-snippet:-1","max-image-preview":"max-image-preview:large","max-video-preview":"max-video-preview:-1"},"canonical":"https:\/\/www.sonoraenequipo.com.mx\/amlo-pide-apoyo-a-mark-zuckerberg-para-conectar-a-todo-el-pais\/","og_locale":"es_ES","og_type":"article","og_title":"Sonora en Equipo. AMLO pide apoyo a Mark Zuckerberg para \"conectar\" a todo el pa\u00eds Rep\u00fablica","og_description":"CIUDAD DE M\u00c9XICO. MX. \u2014 El presidente Andr\u00e9s Manuel L\u00f3pez Obrador convers\u00f3 con el fundador de Facebook, Mark Zuckerberg, sobre un proyecto para llevar En Sonora en Equipo publicamos toda la informaci\u00f3n de Sonora, M\u00e9xico y el Mundo de manera oportuna y busca que la libertad de expresi\u00f3n sea real. Visita nuestro medio informativo publicado desde Hermosillo, Sonora. %","og_url":"https:\/\/www.sonoraenequipo.com.mx\/amlo-pide-apoyo-a-mark-zuckerberg-para-conectar-a-todo-el-pais\/","og_site_name":"Sonora en Equipo.","article_publisher":"https:\/\/www.facebook.com\/SonoraEE\/","article_author":"https:\/\/www.facebook.com\/SonoraEE","article_published_time":"2019-06-18T17:45:23+00:00","article_modified_time":"2019-06-19T01:35:48+00:00","og_image":[{"width":641,"height":400,"url":"https:\/\/www.sonoraenequipo.com.mx\/storage\/2019\/06\/AMLO-y-Mark-Zuckerberg_opt1.png","type":"image\/png"}],"author":"enequipo","twitter_card":"summary_large_image","twitter_creator":"@sonoraenequipo","twitter_site":"@sonoraenequipo","twitter_misc":{"Escrito por":"enequipo","Tiempo de lectura":"2 minutos"},"schema":{"@context":"https:\/\/schema.org","@graph":[{"@type":"Article","@id":"https:\/\/www.sonoraenequipo.com.mx\/amlo-pide-apoyo-a-mark-zuckerberg-para-conectar-a-todo-el-pais\/#article","isPartOf":{"@id":"https:\/\/www.sonoraenequipo.com.mx\/amlo-pide-apoyo-a-mark-zuckerberg-para-conectar-a-todo-el-pais\/"},"author":{"name":"enequipo","@id":"https:\/\/www.sonoraenequipo.com.mx\/#\/schema\/person\/50102df0fb23a8fa9e8effad8fa81386"},"headline":"AMLO pide apoyo a Mark Zuckerberg para \u00abconectar\u00bb a todo el pa\u00eds","datePublished":"2019-06-18T17:45:23+00:00","dateModified":"2019-06-19T01:35:48+00:00","mainEntityOfPage":{"@id":"https:\/\/www.sonoraenequipo.com.mx\/amlo-pide-apoyo-a-mark-zuckerberg-para-conectar-a-todo-el-pais\/"},"wordCount":320,"commentCount":0,"publisher":{"@id":"https:\/\/www.sonoraenequipo.com.mx\/#organization"},"image":{"@id":"https:\/\/www.sonoraenequipo.com.mx\/amlo-pide-apoyo-a-mark-zuckerberg-para-conectar-a-todo-el-pais\/#primaryimage"},"thumbnailUrl":"https:\/\/www.sonoraenequipo.com.mx\/storage\/2019\/06\/AMLO-y-Mark-Zuckerberg_opt1.png","articleSection":["Rep\u00fablica"],"inLanguage":"es","potentialAction":[{"@type":"CommentAction","name":"Comment","target":["https:\/\/www.sonoraenequipo.com.mx\/amlo-pide-apoyo-a-mark-zuckerberg-para-conectar-a-todo-el-pais\/#respond"]}]},{"@type":"WebPage","@id":"https:\/\/www.sonoraenequipo.com.mx\/amlo-pide-apoyo-a-mark-zuckerberg-para-conectar-a-todo-el-pais\/","url":"https:\/\/www.sonoraenequipo.com.mx\/amlo-pide-apoyo-a-mark-zuckerberg-para-conectar-a-todo-el-pais\/","name":"Sonora en Equipo. AMLO pide apoyo a Mark Zuckerberg para \"conectar\" a todo el pa\u00eds Rep\u00fablica","isPartOf":{"@id":"https:\/\/www.sonoraenequipo.com.mx\/#website"},"primaryImageOfPage":{"@id":"https:\/\/www.sonoraenequipo.com.mx\/amlo-pide-apoyo-a-mark-zuckerberg-para-conectar-a-todo-el-pais\/#primaryimage"},"image":{"@id":"https:\/\/www.sonoraenequipo.com.mx\/amlo-pide-apoyo-a-mark-zuckerberg-para-conectar-a-todo-el-pais\/#primaryimage"},"thumbnailUrl":"https:\/\/www.sonoraenequipo.com.mx\/storage\/2019\/06\/AMLO-y-Mark-Zuckerberg_opt1.png","datePublished":"2019-06-18T17:45:23+00:00","dateModified":"2019-06-19T01:35:48+00:00","description":"CIUDAD DE M\u00c9XICO. MX. \u2014 El presidente Andr\u00e9s Manuel L\u00f3pez Obrador convers\u00f3 con el fundador de Facebook, Mark Zuckerberg, sobre un proyecto para llevar En Sonora en Equipo publicamos toda la informaci\u00f3n de Sonora, M\u00e9xico y el Mundo de manera oportuna y busca que la libertad de expresi\u00f3n sea real. Visita nuestro medio informativo publicado desde Hermosillo, Sonora. %","breadcrumb":{"@id":"https:\/\/www.sonoraenequipo.com.mx\/amlo-pide-apoyo-a-mark-zuckerberg-para-conectar-a-todo-el-pais\/#breadcrumb"},"inLanguage":"es","potentialAction":[{"@type":"ReadAction","target":["https:\/\/www.sonoraenequipo.com.mx\/amlo-pide-apoyo-a-mark-zuckerberg-para-conectar-a-todo-el-pais\/"]}]},{"@type":"ImageObject","inLanguage":"es","@id":"https:\/\/www.sonoraenequipo.com.mx\/amlo-pide-apoyo-a-mark-zuckerberg-para-conectar-a-todo-el-pais\/#primaryimage","url":"https:\/\/www.sonoraenequipo.com.mx\/storage\/2019\/06\/AMLO-y-Mark-Zuckerberg_opt1.png","contentUrl":"https:\/\/www.sonoraenequipo.com.mx\/storage\/2019\/06\/AMLO-y-Mark-Zuckerberg_opt1.png","width":641,"height":400},{"@type":"BreadcrumbList","@id":"https:\/\/www.sonoraenequipo.com.mx\/amlo-pide-apoyo-a-mark-zuckerberg-para-conectar-a-todo-el-pais\/#breadcrumb","itemListElement":[{"@type":"ListItem","position":1,"name":"Portada","item":"https:\/\/www.sonoraenequipo.com.mx\/"},{"@type":"ListItem","position":2,"name":"AMLO pide apoyo a Mark Zuckerberg para \u00abconectar\u00bb a todo el pa\u00eds"}]},{"@type":"WebSite","@id":"https:\/\/www.sonoraenequipo.com.mx\/#website","url":"https:\/\/www.sonoraenequipo.com.mx\/","name":"Sonora en Equipo.","description":"Diario en l\u00ednea con Noticias desde Hermosillo, Sonora","publisher":{"@id":"https:\/\/www.sonoraenequipo.com.mx\/#organization"},"potentialAction":[{"@type":"SearchAction","target":{"@type":"EntryPoint","urlTemplate":"https:\/\/www.sonoraenequipo.com.mx\/?s={search_term_string}"},"query-input":{"@type":"PropertyValueSpecification","valueRequired":true,"valueName":"search_term_string"}}],"inLanguage":"es"},{"@type":"Organization","@id":"https:\/\/www.sonoraenequipo.com.mx\/#organization","name":"Sonoraenequipo.com.mx","url":"https:\/\/www.sonoraenequipo.com.mx\/","logo":{"@type":"ImageObject","inLanguage":"es","@id":"https:\/\/www.sonoraenequipo.com.mx\/#\/schema\/logo\/image\/","url":"https:\/\/www.sonoraenequipo.com.mx\/storage\/2019\/01\/sonoraenequipo_opt.png","contentUrl":"https:\/\/www.sonoraenequipo.com.mx\/storage\/2019\/01\/sonoraenequipo_opt.png","width":375,"height":125,"caption":"Sonoraenequipo.com.mx"},"image":{"@id":"https:\/\/www.sonoraenequipo.com.mx\/#\/schema\/logo\/image\/"},"sameAs":["https:\/\/www.facebook.com\/SonoraEE\/","https:\/\/x.com\/sonoraenequipo","https:\/\/www.youtube.com\/channel\/UC338nW-lPEYmJQs4ZABQ1SQ"]},{"@type":"Person","@id":"https:\/\/www.sonoraenequipo.com.mx\/#\/schema\/person\/50102df0fb23a8fa9e8effad8fa81386","name":"enequipo","image":{"@type":"ImageObject","inLanguage":"es","@id":"https:\/\/www.sonoraenequipo.com.mx\/#\/schema\/person\/image\/","url":"https:\/\/secure.gravatar.com\/avatar\/049821681b589dabc0bc20695993ccebb09f5b5d4d790cd9251b97faac7c652b?s=96&d=blank&r=g","contentUrl":"https:\/\/secure.gravatar.com\/avatar\/049821681b589dabc0bc20695993ccebb09f5b5d4d790cd9251b97faac7c652b?s=96&d=blank&r=g","caption":"enequipo"},"sameAs":["https:\/\/www.facebook.com\/SonoraEE"]}]}},"jetpack_featured_media_url":"https:\/\/www.sonoraenequipo.com.mx\/storage\/2019\/06\/AMLO-y-Mark-Zuckerberg_opt1.png","_links":{"self":[{"href":"https:\/\/www.sonoraenequipo.com.mx\/api\/wp\/v2\/posts\/62567","targetHints":{"allow":["GET"]}}],"collection":[{"href":"https:\/\/www.sonoraenequipo.com.mx\/api\/wp\/v2\/posts"}],"about":[{"href":"https:\/\/www.sonoraenequipo.com.mx\/api\/wp\/v2\/types\/post"}],"author":[{"embeddable":true,"href":"https:\/\/www.sonoraenequipo.com.mx\/api\/wp\/v2\/users\/1"}],"replies":[{"embeddable":true,"href":"https:\/\/www.sonoraenequipo.com.mx\/api\/wp\/v2\/comments?post=62567"}],"version-history":[{"count":0,"href":"https:\/\/www.sonoraenequipo.com.mx\/api\/wp\/v2\/posts\/62567\/revisions"}],"wp:featuredmedia":[{"embeddable":true,"href":"https:\/\/www.sonoraenequipo.com.mx\/api\/wp\/v2\/media\/62568"}],"wp:attachment":[{"href":"https:\/\/www.sonoraenequipo.com.mx\/api\/wp\/v2\/media?parent=62567"}],"wp:term":[{"taxonomy":"category","embeddable":true,"href":"https:\/\/www.sonoraenequipo.com.mx\/api\/wp\/v2\/categories?post=62567"},{"taxonomy":"post_tag","embeddable":true,"href":"https:\/\/www.sonoraenequipo.com.mx\/api\/wp\/v2\/tags?post=62567"}],"curies":[{"name":"wp","href":"https:\/\/api.w.org\/{rel}","templated":true}]}}