{"id":62570,"date":"2019-06-18T19:10:22","date_gmt":"2019-06-19T02:10:22","guid":{"rendered":"http:\/\/www.sonoraenequipo.com.mx\/?p=62570"},"modified":"2019-06-18T18:48:54","modified_gmt":"2019-06-19T01:48:54","slug":"se-fortalecen-las-actividades-literarias-en-el-ambito-nacional","status":"publish","type":"post","link":"https:\/\/www.sonoraenequipo.com.mx\/se-fortalecen-las-actividades-literarias-en-el-ambito-nacional\/","title":{"rendered":"Se fortalecen las actividades literarias en el \u00e1mbito nacional"},"content":{"rendered":"<p>CIUDAD DE M\u00c9XICO. MX. \u2014 Con la integraci\u00f3n de la escritora, editora y acad\u00e9mica Leticia Luna\u00a0 como titular de la Coordinaci\u00f3n Nacional de Literatura (CNL), se fortalecen los programas y acciones para la promoci\u00f3n de la literatura mexicana. <\/p>\n<p>La directora del Instituto Nacional de Bellas Artes y Literatura (INBAL), Lucina Jim\u00e9nez, resalt\u00f3 que la nueva coordinadora Nacional de Literatura ha desarrollado un importante trabajo en el \u00e1mbito editorial y de la creaci\u00f3n literaria.<\/p>\n<p>Adem\u00e1s indic\u00f3 que uno de los aspectos fundamentales del Instituto es fortalecer la vida art\u00edstica, para lo cual otra de las actividades ser\u00e1 la de impulsar la vinculaci\u00f3n de la literatura en un di\u00e1logo interdisciplinario con la danza, m\u00fasica, arquitectura y el patrimonio cultural.<\/p>\n<p>Lucina Jim\u00e9nez destac\u00f3 que la recuperaci\u00f3n de la nobleza del INBAL tiene que ver con la historia, con el reconocimiento a sus forjadores, como el compositor y primer director general del Instituto, Carlos Ch\u00e1vez, y con el cumplimiento de sus objetivos.<\/p>\n<p>Record\u00f3 el trabajo de Leticia Luna como acad\u00e9mica y funcionaria en diversas \u00e1reas del Instituto y que, en su nueva responsabilidad, beneficiar\u00e1 en la promoci\u00f3n de las letras mexicanas.<\/p>\n<p>A su vez, Leticia Luna agradeci\u00f3 la confianza y el apoyo para estar al frente de la Coordinaci\u00f3n Nacional de Literatura del INBAL y se comprometi\u00f3 a trabajar con entusiasmo y profesionalismo para impulsar la creaci\u00f3n literaria.<\/p>\n<p>Leticia Luna estudi\u00f3 Periodismo y Comunicaci\u00f3n Colectiva en la Universidad Nacional Aut\u00f3noma de M\u00e9xico (UNAM), curs\u00f3 un diplomado en Historia del arte: M\u00e9xico, Am\u00e9rica Latina y Europa, en el INBAL, entre otros estudios.<\/p>\n<p>Naci\u00f3 en la Ciudad de M\u00e9xico en 1965, ha publicado nueve libros de poes\u00eda, es coautora de varias antolog\u00edas y ha participado en festivales, lecturas de poes\u00eda y ferias del libro de 14 pa\u00edses de Am\u00e9rica Latina, as\u00ed como Estados Unidos, Espa\u00f1a, Portugal, Francia y Marruecos.<\/p>\n<p>(Publicado el 18\/06\/2019 \/Notimex)<\/p>\n","protected":false},"excerpt":{"rendered":"<p>CIUDAD DE M\u00c9XICO. MX. \u2014 Con la integraci\u00f3n de la escritora, editora y acad\u00e9mica Leticia&#8230;<\/p>\n","protected":false},"author":1,"featured_media":62571,"comment_status":"open","ping_status":"open","sticky":false,"template":"","format":"standard","meta":{"_monsterinsights_skip_tracking":false,"_monsterinsights_sitenote_active":false,"_monsterinsights_sitenote_note":"","_monsterinsights_sitenote_category":0,"footnotes":""},"categories":[9],"tags":[],"class_list":["post"],"yoast_head":" \n<title>Sonora en Equipo. Se fortalecen las actividades literarias en el \u00e1mbito nacional Etc\u00e9tera<\/title>\n<meta name=\"description\" content=\"CIUDAD DE M\u00c9XICO. MX. \u2014 Con la integraci\u00f3n de la escritora, editora y acad\u00e9mica Leticia Luna\u00a0 como titular de la Coordinaci\u00f3n Nacional de Literatura En Sonora en Equipo publicamos toda la informaci\u00f3n de Sonora, M\u00e9xico y el Mundo de manera oportuna y busca que la libertad de expresi\u00f3n sea real. Visita nuestro medio informativo publicado desde Hermosillo, Sonora. %\" \/>\n<meta name=\"robots\" content=\"index, follow, max-snippet:-1, max-image-preview:large, max-video-preview:-1\" \/>\n<link rel=\"canonical\" href=\"https:\/\/www.sonoraenequipo.com.mx\/se-fortalecen-las-actividades-literarias-en-el-ambito-nacional\/\" \/>\n<meta property=\"og:locale\" content=\"es_ES\" \/>\n<meta property=\"og:type\" content=\"article\" \/>\n<meta property=\"og:title\" content=\"Sonora en Equipo. Se fortalecen las actividades literarias en el \u00e1mbito nacional Etc\u00e9tera\" \/>\n<meta property=\"og:description\" content=\"CIUDAD DE M\u00c9XICO. MX. \u2014 Con la integraci\u00f3n de la escritora, editora y acad\u00e9mica Leticia Luna\u00a0 como titular de la Coordinaci\u00f3n Nacional de Literatura En Sonora en Equipo publicamos toda la informaci\u00f3n de Sonora, M\u00e9xico y el Mundo de manera oportuna y busca que la libertad de expresi\u00f3n sea real. Visita nuestro medio informativo publicado desde Hermosillo, Sonora. %\" \/>\n<meta property=\"og:url\" content=\"https:\/\/www.sonoraenequipo.com.mx\/se-fortalecen-las-actividades-literarias-en-el-ambito-nacional\/\" \/>\n<meta property=\"og:site_name\" content=\"Sonora en Equipo.\" \/>\n<meta property=\"article:publisher\" content=\"https:\/\/www.facebook.com\/SonoraEE\/\" \/>\n<meta property=\"article:author\" content=\"https:\/\/www.facebook.com\/SonoraEE\" \/>\n<meta property=\"article:published_time\" content=\"2019-06-19T02:10:22+00:00\" \/>\n<meta property=\"og:image\" content=\"https:\/\/www.sonoraenequipo.com.mx\/storage\/2019\/06\/leticialuna_opt.jpg\" \/>\n\t<meta property=\"og:image:width\" content=\"641\" \/>\n\t<meta property=\"og:image:height\" content=\"400\" \/>\n\t<meta property=\"og:image:type\" content=\"image\/jpeg\" \/>\n<meta name=\"author\" content=\"enequipo\" \/>\n<meta name=\"twitter:card\" content=\"summary_large_image\" \/>\n<meta name=\"twitter:creator\" content=\"@sonoraenequipo\" \/>\n<meta name=\"twitter:site\" content=\"@sonoraenequipo\" \/>\n<meta name=\"twitter:label1\" content=\"Escrito por\" \/>\n\t<meta name=\"twitter:data1\" content=\"enequipo\" \/>\n\t<meta name=\"twitter:label2\" content=\"Tiempo de lectura\" \/>\n\t<meta name=\"twitter:data2\" content=\"2 minutos\" \/>\n<script type=\"application\/ld+json\" class=\"yoast-schema-graph\">{\"@context\":\"https:\/\/schema.org\",\"@graph\":[{\"@type\":\"Article\",\"@id\":\"https:\/\/www.sonoraenequipo.com.mx\/se-fortalecen-las-actividades-literarias-en-el-ambito-nacional\/#article\",\"isPartOf\":{\"@id\":\"https:\/\/www.sonoraenequipo.com.mx\/se-fortalecen-las-actividades-literarias-en-el-ambito-nacional\/\"},\"author\":{\"name\":\"enequipo\",\"@id\":\"https:\/\/www.sonoraenequipo.com.mx\/#\/schema\/person\/50102df0fb23a8fa9e8effad8fa81386\"},\"headline\":\"Se fortalecen las actividades literarias en el \u00e1mbito nacional\",\"datePublished\":\"2019-06-19T02:10:22+00:00\",\"mainEntityOfPage\":{\"@id\":\"https:\/\/www.sonoraenequipo.com.mx\/se-fortalecen-las-actividades-literarias-en-el-ambito-nacional\/\"},\"wordCount\":343,\"commentCount\":0,\"publisher\":{\"@id\":\"https:\/\/www.sonoraenequipo.com.mx\/#organization\"},\"image\":{\"@id\":\"https:\/\/www.sonoraenequipo.com.mx\/se-fortalecen-las-actividades-literarias-en-el-ambito-nacional\/#primaryimage\"},\"thumbnailUrl\":\"https:\/\/www.sonoraenequipo.com.mx\/storage\/2019\/06\/leticialuna_opt.jpg\",\"articleSection\":[\"Etc\u00e9tera\"],\"inLanguage\":\"es\",\"potentialAction\":[{\"@type\":\"CommentAction\",\"name\":\"Comment\",\"target\":[\"https:\/\/www.sonoraenequipo.com.mx\/se-fortalecen-las-actividades-literarias-en-el-ambito-nacional\/#respond\"]}]},{\"@type\":\"WebPage\",\"@id\":\"https:\/\/www.sonoraenequipo.com.mx\/se-fortalecen-las-actividades-literarias-en-el-ambito-nacional\/\",\"url\":\"https:\/\/www.sonoraenequipo.com.mx\/se-fortalecen-las-actividades-literarias-en-el-ambito-nacional\/\",\"name\":\"Sonora en Equipo. Se fortalecen las actividades literarias en el \u00e1mbito nacional Etc\u00e9tera\",\"isPartOf\":{\"@id\":\"https:\/\/www.sonoraenequipo.com.mx\/#website\"},\"primaryImageOfPage\":{\"@id\":\"https:\/\/www.sonoraenequipo.com.mx\/se-fortalecen-las-actividades-literarias-en-el-ambito-nacional\/#primaryimage\"},\"image\":{\"@id\":\"https:\/\/www.sonoraenequipo.com.mx\/se-fortalecen-las-actividades-literarias-en-el-ambito-nacional\/#primaryimage\"},\"thumbnailUrl\":\"https:\/\/www.sonoraenequipo.com.mx\/storage\/2019\/06\/leticialuna_opt.jpg\",\"datePublished\":\"2019-06-19T02:10:22+00:00\",\"description\":\"CIUDAD DE M\u00c9XICO. MX. \u2014 Con la integraci\u00f3n de la escritora, editora y acad\u00e9mica Leticia Luna\u00a0 como titular de la Coordinaci\u00f3n Nacional de Literatura En Sonora en Equipo publicamos toda la informaci\u00f3n de Sonora, M\u00e9xico y el Mundo de manera oportuna y busca que la libertad de expresi\u00f3n sea real. Visita nuestro medio informativo publicado desde Hermosillo, Sonora. %\",\"breadcrumb\":{\"@id\":\"https:\/\/www.sonoraenequipo.com.mx\/se-fortalecen-las-actividades-literarias-en-el-ambito-nacional\/#breadcrumb\"},\"inLanguage\":\"es\",\"potentialAction\":[{\"@type\":\"ReadAction\",\"target\":[\"https:\/\/www.sonoraenequipo.com.mx\/se-fortalecen-las-actividades-literarias-en-el-ambito-nacional\/\"]}]},{\"@type\":\"ImageObject\",\"inLanguage\":\"es\",\"@id\":\"https:\/\/www.sonoraenequipo.com.mx\/se-fortalecen-las-actividades-literarias-en-el-ambito-nacional\/#primaryimage\",\"url\":\"https:\/\/www.sonoraenequipo.com.mx\/storage\/2019\/06\/leticialuna_opt.jpg\",\"contentUrl\":\"https:\/\/www.sonoraenequipo.com.mx\/storage\/2019\/06\/leticialuna_opt.jpg\",\"width\":641,\"height\":400},{\"@type\":\"BreadcrumbList\",\"@id\":\"https:\/\/www.sonoraenequipo.com.mx\/se-fortalecen-las-actividades-literarias-en-el-ambito-nacional\/#breadcrumb\",\"itemListElement\":[{\"@type\":\"ListItem\",\"position\":1,\"name\":\"Portada\",\"item\":\"https:\/\/www.sonoraenequipo.com.mx\/\"},{\"@type\":\"ListItem\",\"position\":2,\"name\":\"Se fortalecen las actividades literarias en el \u00e1mbito nacional\"}]},{\"@type\":\"WebSite\",\"@id\":\"https:\/\/www.sonoraenequipo.com.mx\/#website\",\"url\":\"https:\/\/www.sonoraenequipo.com.mx\/\",\"name\":\"Sonora en Equipo.\",\"description\":\"Diario en l\u00ednea con Noticias desde Hermosillo, Sonora\",\"publisher\":{\"@id\":\"https:\/\/www.sonoraenequipo.com.mx\/#organization\"},\"potentialAction\":[{\"@type\":\"SearchAction\",\"target\":{\"@type\":\"EntryPoint\",\"urlTemplate\":\"https:\/\/www.sonoraenequipo.com.mx\/?s={search_term_string}\"},\"query-input\":{\"@type\":\"PropertyValueSpecification\",\"valueRequired\":true,\"valueName\":\"search_term_string\"}}],\"inLanguage\":\"es\"},{\"@type\":\"Organization\",\"@id\":\"https:\/\/www.sonoraenequipo.com.mx\/#organization\",\"name\":\"Sonoraenequipo.com.mx\",\"url\":\"https:\/\/www.sonoraenequipo.com.mx\/\",\"logo\":{\"@type\":\"ImageObject\",\"inLanguage\":\"es\",\"@id\":\"https:\/\/www.sonoraenequipo.com.mx\/#\/schema\/logo\/image\/\",\"url\":\"https:\/\/www.sonoraenequipo.com.mx\/storage\/2019\/01\/sonoraenequipo_opt.png\",\"contentUrl\":\"https:\/\/www.sonoraenequipo.com.mx\/storage\/2019\/01\/sonoraenequipo_opt.png\",\"width\":375,\"height\":125,\"caption\":\"Sonoraenequipo.com.mx\"},\"image\":{\"@id\":\"https:\/\/www.sonoraenequipo.com.mx\/#\/schema\/logo\/image\/\"},\"sameAs\":[\"https:\/\/www.facebook.com\/SonoraEE\/\",\"https:\/\/x.com\/sonoraenequipo\",\"https:\/\/www.youtube.com\/channel\/UC338nW-lPEYmJQs4ZABQ1SQ\"]},{\"@type\":\"Person\",\"@id\":\"https:\/\/www.sonoraenequipo.com.mx\/#\/schema\/person\/50102df0fb23a8fa9e8effad8fa81386\",\"name\":\"enequipo\",\"image\":{\"@type\":\"ImageObject\",\"inLanguage\":\"es\",\"@id\":\"https:\/\/www.sonoraenequipo.com.mx\/#\/schema\/person\/image\/\",\"url\":\"https:\/\/secure.gravatar.com\/avatar\/049821681b589dabc0bc20695993ccebb09f5b5d4d790cd9251b97faac7c652b?s=96&d=blank&r=g\",\"contentUrl\":\"https:\/\/secure.gravatar.com\/avatar\/049821681b589dabc0bc20695993ccebb09f5b5d4d790cd9251b97faac7c652b?s=96&d=blank&r=g\",\"caption\":\"enequipo\"},\"sameAs\":[\"https:\/\/www.facebook.com\/SonoraEE\"]}]}<\/script>\n ","yoast_head_json":{"title":"Sonora en Equipo. Se fortalecen las actividades literarias en el \u00e1mbito nacional Etc\u00e9tera","description":"CIUDAD DE M\u00c9XICO. MX. \u2014 Con la integraci\u00f3n de la escritora, editora y acad\u00e9mica Leticia Luna\u00a0 como titular de la Coordinaci\u00f3n Nacional de Literatura En Sonora en Equipo publicamos toda la informaci\u00f3n de Sonora, M\u00e9xico y el Mundo de manera oportuna y busca que la libertad de expresi\u00f3n sea real. Visita nuestro medio informativo publicado desde Hermosillo, Sonora. %","robots":{"index":"index","follow":"follow","max-snippet":"max-snippet:-1","max-image-preview":"max-image-preview:large","max-video-preview":"max-video-preview:-1"},"canonical":"https:\/\/www.sonoraenequipo.com.mx\/se-fortalecen-las-actividades-literarias-en-el-ambito-nacional\/","og_locale":"es_ES","og_type":"article","og_title":"Sonora en Equipo. Se fortalecen las actividades literarias en el \u00e1mbito nacional Etc\u00e9tera","og_description":"CIUDAD DE M\u00c9XICO. MX. \u2014 Con la integraci\u00f3n de la escritora, editora y acad\u00e9mica Leticia Luna\u00a0 como titular de la Coordinaci\u00f3n Nacional de Literatura En Sonora en Equipo publicamos toda la informaci\u00f3n de Sonora, M\u00e9xico y el Mundo de manera oportuna y busca que la libertad de expresi\u00f3n sea real. Visita nuestro medio informativo publicado desde Hermosillo, Sonora. %","og_url":"https:\/\/www.sonoraenequipo.com.mx\/se-fortalecen-las-actividades-literarias-en-el-ambito-nacional\/","og_site_name":"Sonora en Equipo.","article_publisher":"https:\/\/www.facebook.com\/SonoraEE\/","article_author":"https:\/\/www.facebook.com\/SonoraEE","article_published_time":"2019-06-19T02:10:22+00:00","og_image":[{"width":641,"height":400,"url":"https:\/\/www.sonoraenequipo.com.mx\/storage\/2019\/06\/leticialuna_opt.jpg","type":"image\/jpeg"}],"author":"enequipo","twitter_card":"summary_large_image","twitter_creator":"@sonoraenequipo","twitter_site":"@sonoraenequipo","twitter_misc":{"Escrito por":"enequipo","Tiempo de lectura":"2 minutos"},"schema":{"@context":"https:\/\/schema.org","@graph":[{"@type":"Article","@id":"https:\/\/www.sonoraenequipo.com.mx\/se-fortalecen-las-actividades-literarias-en-el-ambito-nacional\/#article","isPartOf":{"@id":"https:\/\/www.sonoraenequipo.com.mx\/se-fortalecen-las-actividades-literarias-en-el-ambito-nacional\/"},"author":{"name":"enequipo","@id":"https:\/\/www.sonoraenequipo.com.mx\/#\/schema\/person\/50102df0fb23a8fa9e8effad8fa81386"},"headline":"Se fortalecen las actividades literarias en el \u00e1mbito nacional","datePublished":"2019-06-19T02:10:22+00:00","mainEntityOfPage":{"@id":"https:\/\/www.sonoraenequipo.com.mx\/se-fortalecen-las-actividades-literarias-en-el-ambito-nacional\/"},"wordCount":343,"commentCount":0,"publisher":{"@id":"https:\/\/www.sonoraenequipo.com.mx\/#organization"},"image":{"@id":"https:\/\/www.sonoraenequipo.com.mx\/se-fortalecen-las-actividades-literarias-en-el-ambito-nacional\/#primaryimage"},"thumbnailUrl":"https:\/\/www.sonoraenequipo.com.mx\/storage\/2019\/06\/leticialuna_opt.jpg","articleSection":["Etc\u00e9tera"],"inLanguage":"es","potentialAction":[{"@type":"CommentAction","name":"Comment","target":["https:\/\/www.sonoraenequipo.com.mx\/se-fortalecen-las-actividades-literarias-en-el-ambito-nacional\/#respond"]}]},{"@type":"WebPage","@id":"https:\/\/www.sonoraenequipo.com.mx\/se-fortalecen-las-actividades-literarias-en-el-ambito-nacional\/","url":"https:\/\/www.sonoraenequipo.com.mx\/se-fortalecen-las-actividades-literarias-en-el-ambito-nacional\/","name":"Sonora en Equipo. Se fortalecen las actividades literarias en el \u00e1mbito nacional Etc\u00e9tera","isPartOf":{"@id":"https:\/\/www.sonoraenequipo.com.mx\/#website"},"primaryImageOfPage":{"@id":"https:\/\/www.sonoraenequipo.com.mx\/se-fortalecen-las-actividades-literarias-en-el-ambito-nacional\/#primaryimage"},"image":{"@id":"https:\/\/www.sonoraenequipo.com.mx\/se-fortalecen-las-actividades-literarias-en-el-ambito-nacional\/#primaryimage"},"thumbnailUrl":"https:\/\/www.sonoraenequipo.com.mx\/storage\/2019\/06\/leticialuna_opt.jpg","datePublished":"2019-06-19T02:10:22+00:00","description":"CIUDAD DE M\u00c9XICO. MX. \u2014 Con la integraci\u00f3n de la escritora, editora y acad\u00e9mica Leticia Luna\u00a0 como titular de la Coordinaci\u00f3n Nacional de Literatura En Sonora en Equipo publicamos toda la informaci\u00f3n de Sonora, M\u00e9xico y el Mundo de manera oportuna y busca que la libertad de expresi\u00f3n sea real. Visita nuestro medio informativo publicado desde Hermosillo, Sonora. %","breadcrumb":{"@id":"https:\/\/www.sonoraenequipo.com.mx\/se-fortalecen-las-actividades-literarias-en-el-ambito-nacional\/#breadcrumb"},"inLanguage":"es","potentialAction":[{"@type":"ReadAction","target":["https:\/\/www.sonoraenequipo.com.mx\/se-fortalecen-las-actividades-literarias-en-el-ambito-nacional\/"]}]},{"@type":"ImageObject","inLanguage":"es","@id":"https:\/\/www.sonoraenequipo.com.mx\/se-fortalecen-las-actividades-literarias-en-el-ambito-nacional\/#primaryimage","url":"https:\/\/www.sonoraenequipo.com.mx\/storage\/2019\/06\/leticialuna_opt.jpg","contentUrl":"https:\/\/www.sonoraenequipo.com.mx\/storage\/2019\/06\/leticialuna_opt.jpg","width":641,"height":400},{"@type":"BreadcrumbList","@id":"https:\/\/www.sonoraenequipo.com.mx\/se-fortalecen-las-actividades-literarias-en-el-ambito-nacional\/#breadcrumb","itemListElement":[{"@type":"ListItem","position":1,"name":"Portada","item":"https:\/\/www.sonoraenequipo.com.mx\/"},{"@type":"ListItem","position":2,"name":"Se fortalecen las actividades literarias en el \u00e1mbito nacional"}]},{"@type":"WebSite","@id":"https:\/\/www.sonoraenequipo.com.mx\/#website","url":"https:\/\/www.sonoraenequipo.com.mx\/","name":"Sonora en Equipo.","description":"Diario en l\u00ednea con Noticias desde Hermosillo, Sonora","publisher":{"@id":"https:\/\/www.sonoraenequipo.com.mx\/#organization"},"potentialAction":[{"@type":"SearchAction","target":{"@type":"EntryPoint","urlTemplate":"https:\/\/www.sonoraenequipo.com.mx\/?s={search_term_string}"},"query-input":{"@type":"PropertyValueSpecification","valueRequired":true,"valueName":"search_term_string"}}],"inLanguage":"es"},{"@type":"Organization","@id":"https:\/\/www.sonoraenequipo.com.mx\/#organization","name":"Sonoraenequipo.com.mx","url":"https:\/\/www.sonoraenequipo.com.mx\/","logo":{"@type":"ImageObject","inLanguage":"es","@id":"https:\/\/www.sonoraenequipo.com.mx\/#\/schema\/logo\/image\/","url":"https:\/\/www.sonoraenequipo.com.mx\/storage\/2019\/01\/sonoraenequipo_opt.png","contentUrl":"https:\/\/www.sonoraenequipo.com.mx\/storage\/2019\/01\/sonoraenequipo_opt.png","width":375,"height":125,"caption":"Sonoraenequipo.com.mx"},"image":{"@id":"https:\/\/www.sonoraenequipo.com.mx\/#\/schema\/logo\/image\/"},"sameAs":["https:\/\/www.facebook.com\/SonoraEE\/","https:\/\/x.com\/sonoraenequipo","https:\/\/www.youtube.com\/channel\/UC338nW-lPEYmJQs4ZABQ1SQ"]},{"@type":"Person","@id":"https:\/\/www.sonoraenequipo.com.mx\/#\/schema\/person\/50102df0fb23a8fa9e8effad8fa81386","name":"enequipo","image":{"@type":"ImageObject","inLanguage":"es","@id":"https:\/\/www.sonoraenequipo.com.mx\/#\/schema\/person\/image\/","url":"https:\/\/secure.gravatar.com\/avatar\/049821681b589dabc0bc20695993ccebb09f5b5d4d790cd9251b97faac7c652b?s=96&d=blank&r=g","contentUrl":"https:\/\/secure.gravatar.com\/avatar\/049821681b589dabc0bc20695993ccebb09f5b5d4d790cd9251b97faac7c652b?s=96&d=blank&r=g","caption":"enequipo"},"sameAs":["https:\/\/www.facebook.com\/SonoraEE"]}]}},"jetpack_featured_media_url":"https:\/\/www.sonoraenequipo.com.mx\/storage\/2019\/06\/leticialuna_opt.jpg","_links":{"self":[{"href":"https:\/\/www.sonoraenequipo.com.mx\/api\/wp\/v2\/posts\/62570","targetHints":{"allow":["GET"]}}],"collection":[{"href":"https:\/\/www.sonoraenequipo.com.mx\/api\/wp\/v2\/posts"}],"about":[{"href":"https:\/\/www.sonoraenequipo.com.mx\/api\/wp\/v2\/types\/post"}],"author":[{"embeddable":true,"href":"https:\/\/www.sonoraenequipo.com.mx\/api\/wp\/v2\/users\/1"}],"replies":[{"embeddable":true,"href":"https:\/\/www.sonoraenequipo.com.mx\/api\/wp\/v2\/comments?post=62570"}],"version-history":[{"count":0,"href":"https:\/\/www.sonoraenequipo.com.mx\/api\/wp\/v2\/posts\/62570\/revisions"}],"wp:featuredmedia":[{"embeddable":true,"href":"https:\/\/www.sonoraenequipo.com.mx\/api\/wp\/v2\/media\/62571"}],"wp:attachment":[{"href":"https:\/\/www.sonoraenequipo.com.mx\/api\/wp\/v2\/media?parent=62570"}],"wp:term":[{"taxonomy":"category","embeddable":true,"href":"https:\/\/www.sonoraenequipo.com.mx\/api\/wp\/v2\/categories?post=62570"},{"taxonomy":"post_tag","embeddable":true,"href":"https:\/\/www.sonoraenequipo.com.mx\/api\/wp\/v2\/tags?post=62570"}],"curies":[{"name":"wp","href":"https:\/\/api.w.org\/{rel}","templated":true}]}}