{"id":62577,"date":"2019-06-18T22:05:14","date_gmt":"2019-06-19T05:05:14","guid":{"rendered":"http:\/\/www.sonoraenequipo.com.mx\/?p=62577"},"modified":"2019-06-18T22:31:12","modified_gmt":"2019-06-19T05:31:12","slug":"incongruentes-diputados-de-morena-por-proteger-a-alcalde-de-bacum-diputados-del-pan","status":"publish","type":"post","link":"https:\/\/www.sonoraenequipo.com.mx\/incongruentes-diputados-de-morena-por-proteger-a-alcalde-de-bacum-diputados-del-pan\/","title":{"rendered":"Incongruentes diputados de \u00a0Morena por proteger a alcalde de B\u00e1cum: diputados del PAN"},"content":{"rendered":"<p>HERMOSILLO, SONORA. MX. \u2014\u00a0 El Grupo Parlamentario de Acci\u00f3n Nacional calific\u00f3 de inveros\u00edmil y hostil la postura del Grupo Parlamentario de Morena al votar en contra el dictamen en el Congreso del Estado para evitar la revocaci\u00f3n de mandato al alcalde Rogelio Aboyte Lim\u00f3n quien se encuentra preso en Estados Unidos por falsificaci\u00f3n de documentos. <\/p>\n<p>En Acci\u00f3n Nacional estamos a favor de la legalidad y trasparencia, es por ello; que votamos a favor de respaldar dicho dictamen, como legisladores que somos no podemos permitir que el municipio de Bac\u00fam siga por el camino de la ingobernabilidad.<\/p>\n<p>Los diputados de Morena con su voto dejaron muy en claro que su principal inter\u00e9s es defender al alcalde Aboyte Lim\u00f3n (foto) y no vieron por la seguridad de los ciudadanos, dejaron pasar una oportunidad para demostrar del lado de quien est\u00e1n, es por ello; que hacemos un llamado a la rendici\u00f3n de cuentas y al estado de derecho.<\/p>\n<p>La votaci\u00f3n de Morena deja muy en claro los intereses de su grupo al mostrar que para ellos lo importante no son los ciudadanos, como debi\u00f3 ser en beneficio de los habitantes de Bac\u00fam.<\/p>\n<p>Tambi\u00e9n estamos en contra de la denostaci\u00f3n y falta de respeto hacia nuestros compa\u00f1eros legisladores y dejamos en claro nuestro apoyo a los integrantes de la Comisi\u00f3n de Gobernaci\u00f3n y Puntos Constitucionales.<\/p>\n<p>Los legisladores de Morena demostraron una vez m\u00e1s su falta de oficio y prefirieron estar del lado de la incongruencia, dejando claro que no tienen la menor idea de lo que significa trabajar con responsabilidad a favor de la gobernabilidad de los municipios.<\/p>\n<p>Fecha de publicaci\u00f3n 18\/06\/2019<\/p>\n","protected":false},"excerpt":{"rendered":"<p>HERMOSILLO, SONORA. MX. \u2014\u00a0 El Grupo Parlamentario de Acci\u00f3n Nacional calific\u00f3 de inveros\u00edmil y hostil&#8230;<\/p>\n","protected":false},"author":178,"featured_media":62578,"comment_status":"open","ping_status":"open","sticky":false,"template":"","format":"standard","meta":{"_monsterinsights_skip_tracking":false,"_monsterinsights_sitenote_active":false,"_monsterinsights_sitenote_note":"","_monsterinsights_sitenote_category":0,"footnotes":""},"categories":[22],"tags":[3203,3201,108],"class_list":["post"],"yoast_head":" \n<title>Sonora en Equipo. Incongruentes diputados de \u00a0Morena por proteger a alcalde de B\u00e1cum: diputados del PAN Sonora<\/title>\n<meta name=\"description\" content=\"HERMOSILLO, SONORA. MX. \u2014\u00a0 El Grupo Parlamentario de Acci\u00f3n Nacional calific\u00f3 de inveros\u00edmil y hostil la postura del Grupo Parlamentario de Morena al En Sonora en Equipo publicamos toda la informaci\u00f3n de Sonora, M\u00e9xico y el Mundo de manera oportuna y busca que la libertad de expresi\u00f3n sea real. Visita nuestro medio informativo publicado desde Hermosillo, Sonora. %\" \/>\n<meta name=\"robots\" content=\"index, follow, max-snippet:-1, max-image-preview:large, max-video-preview:-1\" \/>\n<link rel=\"canonical\" href=\"https:\/\/www.sonoraenequipo.com.mx\/incongruentes-diputados-de-morena-por-proteger-a-alcalde-de-bacum-diputados-del-pan\/\" \/>\n<meta property=\"og:locale\" content=\"es_ES\" \/>\n<meta property=\"og:type\" content=\"article\" \/>\n<meta property=\"og:title\" content=\"Sonora en Equipo. Incongruentes diputados de \u00a0Morena por proteger a alcalde de B\u00e1cum: diputados del PAN Sonora\" \/>\n<meta property=\"og:description\" content=\"HERMOSILLO, SONORA. MX. \u2014\u00a0 El Grupo Parlamentario de Acci\u00f3n Nacional calific\u00f3 de inveros\u00edmil y hostil la postura del Grupo Parlamentario de Morena al En Sonora en Equipo publicamos toda la informaci\u00f3n de Sonora, M\u00e9xico y el Mundo de manera oportuna y busca que la libertad de expresi\u00f3n sea real. Visita nuestro medio informativo publicado desde Hermosillo, Sonora. %\" \/>\n<meta property=\"og:url\" content=\"https:\/\/www.sonoraenequipo.com.mx\/incongruentes-diputados-de-morena-por-proteger-a-alcalde-de-bacum-diputados-del-pan\/\" \/>\n<meta property=\"og:site_name\" content=\"Sonora en Equipo.\" \/>\n<meta property=\"article:publisher\" content=\"https:\/\/www.facebook.com\/SonoraEE\/\" \/>\n<meta property=\"article:published_time\" content=\"2019-06-19T05:05:14+00:00\" \/>\n<meta property=\"article:modified_time\" content=\"2019-06-19T05:31:12+00:00\" \/>\n<meta property=\"og:image\" content=\"https:\/\/www.sonoraenequipo.com.mx\/storage\/2019\/06\/aboyte.jpg\" \/>\n\t<meta property=\"og:image:width\" content=\"450\" \/>\n\t<meta property=\"og:image:height\" content=\"300\" \/>\n\t<meta property=\"og:image:type\" content=\"image\/jpeg\" \/>\n<meta name=\"author\" content=\"enequipo\" \/>\n<meta name=\"twitter:card\" content=\"summary_large_image\" \/>\n<meta name=\"twitter:creator\" content=\"@sonoraenequipo\" \/>\n<meta name=\"twitter:site\" content=\"@sonoraenequipo\" \/>\n<meta name=\"twitter:label1\" content=\"Escrito por\" \/>\n\t<meta name=\"twitter:data1\" content=\"enequipo\" \/>\n\t<meta name=\"twitter:label2\" content=\"Tiempo de lectura\" \/>\n\t<meta name=\"twitter:data2\" content=\"1 minuto\" \/>\n<script type=\"application\/ld+json\" class=\"yoast-schema-graph\">{\"@context\":\"https:\/\/schema.org\",\"@graph\":[{\"@type\":\"Article\",\"@id\":\"https:\/\/www.sonoraenequipo.com.mx\/incongruentes-diputados-de-morena-por-proteger-a-alcalde-de-bacum-diputados-del-pan\/#article\",\"isPartOf\":{\"@id\":\"https:\/\/www.sonoraenequipo.com.mx\/incongruentes-diputados-de-morena-por-proteger-a-alcalde-de-bacum-diputados-del-pan\/\"},\"author\":{\"name\":\"enequipo\",\"@id\":\"https:\/\/www.sonoraenequipo.com.mx\/#\/schema\/person\/61a39de478a1763473ad55e8a95fddf6\"},\"headline\":\"Incongruentes diputados de \u00a0Morena por proteger a alcalde de B\u00e1cum: diputados del PAN\",\"datePublished\":\"2019-06-19T05:05:14+00:00\",\"dateModified\":\"2019-06-19T05:31:12+00:00\",\"mainEntityOfPage\":{\"@id\":\"https:\/\/www.sonoraenequipo.com.mx\/incongruentes-diputados-de-morena-por-proteger-a-alcalde-de-bacum-diputados-del-pan\/\"},\"wordCount\":300,\"commentCount\":0,\"publisher\":{\"@id\":\"https:\/\/www.sonoraenequipo.com.mx\/#organization\"},\"image\":{\"@id\":\"https:\/\/www.sonoraenequipo.com.mx\/incongruentes-diputados-de-morena-por-proteger-a-alcalde-de-bacum-diputados-del-pan\/#primaryimage\"},\"thumbnailUrl\":\"https:\/\/www.sonoraenequipo.com.mx\/storage\/2019\/06\/aboyte.jpg\",\"keywords\":[\"aboyte\",\"bacum\",\"morena\"],\"articleSection\":[\"Sonora\"],\"inLanguage\":\"es\",\"potentialAction\":[{\"@type\":\"CommentAction\",\"name\":\"Comment\",\"target\":[\"https:\/\/www.sonoraenequipo.com.mx\/incongruentes-diputados-de-morena-por-proteger-a-alcalde-de-bacum-diputados-del-pan\/#respond\"]}]},{\"@type\":\"WebPage\",\"@id\":\"https:\/\/www.sonoraenequipo.com.mx\/incongruentes-diputados-de-morena-por-proteger-a-alcalde-de-bacum-diputados-del-pan\/\",\"url\":\"https:\/\/www.sonoraenequipo.com.mx\/incongruentes-diputados-de-morena-por-proteger-a-alcalde-de-bacum-diputados-del-pan\/\",\"name\":\"Sonora en Equipo. Incongruentes diputados de \u00a0Morena por proteger a alcalde de B\u00e1cum: diputados del PAN Sonora\",\"isPartOf\":{\"@id\":\"https:\/\/www.sonoraenequipo.com.mx\/#website\"},\"primaryImageOfPage\":{\"@id\":\"https:\/\/www.sonoraenequipo.com.mx\/incongruentes-diputados-de-morena-por-proteger-a-alcalde-de-bacum-diputados-del-pan\/#primaryimage\"},\"image\":{\"@id\":\"https:\/\/www.sonoraenequipo.com.mx\/incongruentes-diputados-de-morena-por-proteger-a-alcalde-de-bacum-diputados-del-pan\/#primaryimage\"},\"thumbnailUrl\":\"https:\/\/www.sonoraenequipo.com.mx\/storage\/2019\/06\/aboyte.jpg\",\"datePublished\":\"2019-06-19T05:05:14+00:00\",\"dateModified\":\"2019-06-19T05:31:12+00:00\",\"description\":\"HERMOSILLO, SONORA. MX. \u2014\u00a0 El Grupo Parlamentario de Acci\u00f3n Nacional calific\u00f3 de inveros\u00edmil y hostil la postura del Grupo Parlamentario de Morena al En Sonora en Equipo publicamos toda la informaci\u00f3n de Sonora, M\u00e9xico y el Mundo de manera oportuna y busca que la libertad de expresi\u00f3n sea real. Visita nuestro medio informativo publicado desde Hermosillo, Sonora. %\",\"breadcrumb\":{\"@id\":\"https:\/\/www.sonoraenequipo.com.mx\/incongruentes-diputados-de-morena-por-proteger-a-alcalde-de-bacum-diputados-del-pan\/#breadcrumb\"},\"inLanguage\":\"es\",\"potentialAction\":[{\"@type\":\"ReadAction\",\"target\":[\"https:\/\/www.sonoraenequipo.com.mx\/incongruentes-diputados-de-morena-por-proteger-a-alcalde-de-bacum-diputados-del-pan\/\"]}]},{\"@type\":\"ImageObject\",\"inLanguage\":\"es\",\"@id\":\"https:\/\/www.sonoraenequipo.com.mx\/incongruentes-diputados-de-morena-por-proteger-a-alcalde-de-bacum-diputados-del-pan\/#primaryimage\",\"url\":\"https:\/\/www.sonoraenequipo.com.mx\/storage\/2019\/06\/aboyte.jpg\",\"contentUrl\":\"https:\/\/www.sonoraenequipo.com.mx\/storage\/2019\/06\/aboyte.jpg\",\"width\":450,\"height\":300},{\"@type\":\"BreadcrumbList\",\"@id\":\"https:\/\/www.sonoraenequipo.com.mx\/incongruentes-diputados-de-morena-por-proteger-a-alcalde-de-bacum-diputados-del-pan\/#breadcrumb\",\"itemListElement\":[{\"@type\":\"ListItem\",\"position\":1,\"name\":\"Portada\",\"item\":\"https:\/\/www.sonoraenequipo.com.mx\/\"},{\"@type\":\"ListItem\",\"position\":2,\"name\":\"Incongruentes diputados de \u00a0Morena por proteger a alcalde de B\u00e1cum: diputados del PAN\"}]},{\"@type\":\"WebSite\",\"@id\":\"https:\/\/www.sonoraenequipo.com.mx\/#website\",\"url\":\"https:\/\/www.sonoraenequipo.com.mx\/\",\"name\":\"Sonora en Equipo.\",\"description\":\"Diario en l\u00ednea con Noticias desde Hermosillo, Sonora\",\"publisher\":{\"@id\":\"https:\/\/www.sonoraenequipo.com.mx\/#organization\"},\"potentialAction\":[{\"@type\":\"SearchAction\",\"target\":{\"@type\":\"EntryPoint\",\"urlTemplate\":\"https:\/\/www.sonoraenequipo.com.mx\/?s={search_term_string}\"},\"query-input\":{\"@type\":\"PropertyValueSpecification\",\"valueRequired\":true,\"valueName\":\"search_term_string\"}}],\"inLanguage\":\"es\"},{\"@type\":\"Organization\",\"@id\":\"https:\/\/www.sonoraenequipo.com.mx\/#organization\",\"name\":\"Sonoraenequipo.com.mx\",\"url\":\"https:\/\/www.sonoraenequipo.com.mx\/\",\"logo\":{\"@type\":\"ImageObject\",\"inLanguage\":\"es\",\"@id\":\"https:\/\/www.sonoraenequipo.com.mx\/#\/schema\/logo\/image\/\",\"url\":\"https:\/\/www.sonoraenequipo.com.mx\/storage\/2019\/01\/sonoraenequipo_opt.png\",\"contentUrl\":\"https:\/\/www.sonoraenequipo.com.mx\/storage\/2019\/01\/sonoraenequipo_opt.png\",\"width\":375,\"height\":125,\"caption\":\"Sonoraenequipo.com.mx\"},\"image\":{\"@id\":\"https:\/\/www.sonoraenequipo.com.mx\/#\/schema\/logo\/image\/\"},\"sameAs\":[\"https:\/\/www.facebook.com\/SonoraEE\/\",\"https:\/\/x.com\/sonoraenequipo\",\"https:\/\/www.youtube.com\/channel\/UC338nW-lPEYmJQs4ZABQ1SQ\"]},{\"@type\":\"Person\",\"@id\":\"https:\/\/www.sonoraenequipo.com.mx\/#\/schema\/person\/61a39de478a1763473ad55e8a95fddf6\",\"name\":\"enequipo\",\"image\":{\"@type\":\"ImageObject\",\"inLanguage\":\"es\",\"@id\":\"https:\/\/www.sonoraenequipo.com.mx\/#\/schema\/person\/image\/\",\"url\":\"https:\/\/secure.gravatar.com\/avatar\/e39bc3016d8af598aed3d770c9510dfc2795f37ea1733d99fcc6e97d2c3c9f5e?s=96&d=blank&r=g\",\"contentUrl\":\"https:\/\/secure.gravatar.com\/avatar\/e39bc3016d8af598aed3d770c9510dfc2795f37ea1733d99fcc6e97d2c3c9f5e?s=96&d=blank&r=g\",\"caption\":\"enequipo\"}}]}<\/script>\n ","yoast_head_json":{"title":"Sonora en Equipo. Incongruentes diputados de \u00a0Morena por proteger a alcalde de B\u00e1cum: diputados del PAN Sonora","description":"HERMOSILLO, SONORA. MX. \u2014\u00a0 El Grupo Parlamentario de Acci\u00f3n Nacional calific\u00f3 de inveros\u00edmil y hostil la postura del Grupo Parlamentario de Morena al En Sonora en Equipo publicamos toda la informaci\u00f3n de Sonora, M\u00e9xico y el Mundo de manera oportuna y busca que la libertad de expresi\u00f3n sea real. Visita nuestro medio informativo publicado desde Hermosillo, Sonora. %","robots":{"index":"index","follow":"follow","max-snippet":"max-snippet:-1","max-image-preview":"max-image-preview:large","max-video-preview":"max-video-preview:-1"},"canonical":"https:\/\/www.sonoraenequipo.com.mx\/incongruentes-diputados-de-morena-por-proteger-a-alcalde-de-bacum-diputados-del-pan\/","og_locale":"es_ES","og_type":"article","og_title":"Sonora en Equipo. Incongruentes diputados de \u00a0Morena por proteger a alcalde de B\u00e1cum: diputados del PAN Sonora","og_description":"HERMOSILLO, SONORA. MX. \u2014\u00a0 El Grupo Parlamentario de Acci\u00f3n Nacional calific\u00f3 de inveros\u00edmil y hostil la postura del Grupo Parlamentario de Morena al En Sonora en Equipo publicamos toda la informaci\u00f3n de Sonora, M\u00e9xico y el Mundo de manera oportuna y busca que la libertad de expresi\u00f3n sea real. Visita nuestro medio informativo publicado desde Hermosillo, Sonora. %","og_url":"https:\/\/www.sonoraenequipo.com.mx\/incongruentes-diputados-de-morena-por-proteger-a-alcalde-de-bacum-diputados-del-pan\/","og_site_name":"Sonora en Equipo.","article_publisher":"https:\/\/www.facebook.com\/SonoraEE\/","article_published_time":"2019-06-19T05:05:14+00:00","article_modified_time":"2019-06-19T05:31:12+00:00","og_image":[{"width":450,"height":300,"url":"https:\/\/www.sonoraenequipo.com.mx\/storage\/2019\/06\/aboyte.jpg","type":"image\/jpeg"}],"author":"enequipo","twitter_card":"summary_large_image","twitter_creator":"@sonoraenequipo","twitter_site":"@sonoraenequipo","twitter_misc":{"Escrito por":"enequipo","Tiempo de lectura":"1 minuto"},"schema":{"@context":"https:\/\/schema.org","@graph":[{"@type":"Article","@id":"https:\/\/www.sonoraenequipo.com.mx\/incongruentes-diputados-de-morena-por-proteger-a-alcalde-de-bacum-diputados-del-pan\/#article","isPartOf":{"@id":"https:\/\/www.sonoraenequipo.com.mx\/incongruentes-diputados-de-morena-por-proteger-a-alcalde-de-bacum-diputados-del-pan\/"},"author":{"name":"enequipo","@id":"https:\/\/www.sonoraenequipo.com.mx\/#\/schema\/person\/61a39de478a1763473ad55e8a95fddf6"},"headline":"Incongruentes diputados de \u00a0Morena por proteger a alcalde de B\u00e1cum: diputados del PAN","datePublished":"2019-06-19T05:05:14+00:00","dateModified":"2019-06-19T05:31:12+00:00","mainEntityOfPage":{"@id":"https:\/\/www.sonoraenequipo.com.mx\/incongruentes-diputados-de-morena-por-proteger-a-alcalde-de-bacum-diputados-del-pan\/"},"wordCount":300,"commentCount":0,"publisher":{"@id":"https:\/\/www.sonoraenequipo.com.mx\/#organization"},"image":{"@id":"https:\/\/www.sonoraenequipo.com.mx\/incongruentes-diputados-de-morena-por-proteger-a-alcalde-de-bacum-diputados-del-pan\/#primaryimage"},"thumbnailUrl":"https:\/\/www.sonoraenequipo.com.mx\/storage\/2019\/06\/aboyte.jpg","keywords":["aboyte","bacum","morena"],"articleSection":["Sonora"],"inLanguage":"es","potentialAction":[{"@type":"CommentAction","name":"Comment","target":["https:\/\/www.sonoraenequipo.com.mx\/incongruentes-diputados-de-morena-por-proteger-a-alcalde-de-bacum-diputados-del-pan\/#respond"]}]},{"@type":"WebPage","@id":"https:\/\/www.sonoraenequipo.com.mx\/incongruentes-diputados-de-morena-por-proteger-a-alcalde-de-bacum-diputados-del-pan\/","url":"https:\/\/www.sonoraenequipo.com.mx\/incongruentes-diputados-de-morena-por-proteger-a-alcalde-de-bacum-diputados-del-pan\/","name":"Sonora en Equipo. Incongruentes diputados de \u00a0Morena por proteger a alcalde de B\u00e1cum: diputados del PAN Sonora","isPartOf":{"@id":"https:\/\/www.sonoraenequipo.com.mx\/#website"},"primaryImageOfPage":{"@id":"https:\/\/www.sonoraenequipo.com.mx\/incongruentes-diputados-de-morena-por-proteger-a-alcalde-de-bacum-diputados-del-pan\/#primaryimage"},"image":{"@id":"https:\/\/www.sonoraenequipo.com.mx\/incongruentes-diputados-de-morena-por-proteger-a-alcalde-de-bacum-diputados-del-pan\/#primaryimage"},"thumbnailUrl":"https:\/\/www.sonoraenequipo.com.mx\/storage\/2019\/06\/aboyte.jpg","datePublished":"2019-06-19T05:05:14+00:00","dateModified":"2019-06-19T05:31:12+00:00","description":"HERMOSILLO, SONORA. MX. \u2014\u00a0 El Grupo Parlamentario de Acci\u00f3n Nacional calific\u00f3 de inveros\u00edmil y hostil la postura del Grupo Parlamentario de Morena al En Sonora en Equipo publicamos toda la informaci\u00f3n de Sonora, M\u00e9xico y el Mundo de manera oportuna y busca que la libertad de expresi\u00f3n sea real. Visita nuestro medio informativo publicado desde Hermosillo, Sonora. %","breadcrumb":{"@id":"https:\/\/www.sonoraenequipo.com.mx\/incongruentes-diputados-de-morena-por-proteger-a-alcalde-de-bacum-diputados-del-pan\/#breadcrumb"},"inLanguage":"es","potentialAction":[{"@type":"ReadAction","target":["https:\/\/www.sonoraenequipo.com.mx\/incongruentes-diputados-de-morena-por-proteger-a-alcalde-de-bacum-diputados-del-pan\/"]}]},{"@type":"ImageObject","inLanguage":"es","@id":"https:\/\/www.sonoraenequipo.com.mx\/incongruentes-diputados-de-morena-por-proteger-a-alcalde-de-bacum-diputados-del-pan\/#primaryimage","url":"https:\/\/www.sonoraenequipo.com.mx\/storage\/2019\/06\/aboyte.jpg","contentUrl":"https:\/\/www.sonoraenequipo.com.mx\/storage\/2019\/06\/aboyte.jpg","width":450,"height":300},{"@type":"BreadcrumbList","@id":"https:\/\/www.sonoraenequipo.com.mx\/incongruentes-diputados-de-morena-por-proteger-a-alcalde-de-bacum-diputados-del-pan\/#breadcrumb","itemListElement":[{"@type":"ListItem","position":1,"name":"Portada","item":"https:\/\/www.sonoraenequipo.com.mx\/"},{"@type":"ListItem","position":2,"name":"Incongruentes diputados de \u00a0Morena por proteger a alcalde de B\u00e1cum: diputados del PAN"}]},{"@type":"WebSite","@id":"https:\/\/www.sonoraenequipo.com.mx\/#website","url":"https:\/\/www.sonoraenequipo.com.mx\/","name":"Sonora en Equipo.","description":"Diario en l\u00ednea con Noticias desde Hermosillo, Sonora","publisher":{"@id":"https:\/\/www.sonoraenequipo.com.mx\/#organization"},"potentialAction":[{"@type":"SearchAction","target":{"@type":"EntryPoint","urlTemplate":"https:\/\/www.sonoraenequipo.com.mx\/?s={search_term_string}"},"query-input":{"@type":"PropertyValueSpecification","valueRequired":true,"valueName":"search_term_string"}}],"inLanguage":"es"},{"@type":"Organization","@id":"https:\/\/www.sonoraenequipo.com.mx\/#organization","name":"Sonoraenequipo.com.mx","url":"https:\/\/www.sonoraenequipo.com.mx\/","logo":{"@type":"ImageObject","inLanguage":"es","@id":"https:\/\/www.sonoraenequipo.com.mx\/#\/schema\/logo\/image\/","url":"https:\/\/www.sonoraenequipo.com.mx\/storage\/2019\/01\/sonoraenequipo_opt.png","contentUrl":"https:\/\/www.sonoraenequipo.com.mx\/storage\/2019\/01\/sonoraenequipo_opt.png","width":375,"height":125,"caption":"Sonoraenequipo.com.mx"},"image":{"@id":"https:\/\/www.sonoraenequipo.com.mx\/#\/schema\/logo\/image\/"},"sameAs":["https:\/\/www.facebook.com\/SonoraEE\/","https:\/\/x.com\/sonoraenequipo","https:\/\/www.youtube.com\/channel\/UC338nW-lPEYmJQs4ZABQ1SQ"]},{"@type":"Person","@id":"https:\/\/www.sonoraenequipo.com.mx\/#\/schema\/person\/61a39de478a1763473ad55e8a95fddf6","name":"enequipo","image":{"@type":"ImageObject","inLanguage":"es","@id":"https:\/\/www.sonoraenequipo.com.mx\/#\/schema\/person\/image\/","url":"https:\/\/secure.gravatar.com\/avatar\/e39bc3016d8af598aed3d770c9510dfc2795f37ea1733d99fcc6e97d2c3c9f5e?s=96&d=blank&r=g","contentUrl":"https:\/\/secure.gravatar.com\/avatar\/e39bc3016d8af598aed3d770c9510dfc2795f37ea1733d99fcc6e97d2c3c9f5e?s=96&d=blank&r=g","caption":"enequipo"}}]}},"jetpack_featured_media_url":"https:\/\/www.sonoraenequipo.com.mx\/storage\/2019\/06\/aboyte.jpg","_links":{"self":[{"href":"https:\/\/www.sonoraenequipo.com.mx\/api\/wp\/v2\/posts\/62577","targetHints":{"allow":["GET"]}}],"collection":[{"href":"https:\/\/www.sonoraenequipo.com.mx\/api\/wp\/v2\/posts"}],"about":[{"href":"https:\/\/www.sonoraenequipo.com.mx\/api\/wp\/v2\/types\/post"}],"author":[{"embeddable":true,"href":"https:\/\/www.sonoraenequipo.com.mx\/api\/wp\/v2\/users\/178"}],"replies":[{"embeddable":true,"href":"https:\/\/www.sonoraenequipo.com.mx\/api\/wp\/v2\/comments?post=62577"}],"version-history":[{"count":0,"href":"https:\/\/www.sonoraenequipo.com.mx\/api\/wp\/v2\/posts\/62577\/revisions"}],"wp:featuredmedia":[{"embeddable":true,"href":"https:\/\/www.sonoraenequipo.com.mx\/api\/wp\/v2\/media\/62578"}],"wp:attachment":[{"href":"https:\/\/www.sonoraenequipo.com.mx\/api\/wp\/v2\/media?parent=62577"}],"wp:term":[{"taxonomy":"category","embeddable":true,"href":"https:\/\/www.sonoraenequipo.com.mx\/api\/wp\/v2\/categories?post=62577"},{"taxonomy":"post_tag","embeddable":true,"href":"https:\/\/www.sonoraenequipo.com.mx\/api\/wp\/v2\/tags?post=62577"}],"curies":[{"name":"wp","href":"https:\/\/api.w.org\/{rel}","templated":true}]}}