{"id":62591,"date":"2019-06-19T05:19:13","date_gmt":"2019-06-19T12:19:13","guid":{"rendered":"http:\/\/www.sonoraenequipo.com.mx\/?p=62591"},"modified":"2019-06-19T06:27:33","modified_gmt":"2019-06-19T13:27:33","slug":"revelan-que-la-refineria-dos-bocas-tendra-un-tiempo-de-vida-de-20-anos","status":"publish","type":"post","link":"https:\/\/www.sonoraenequipo.com.mx\/revelan-que-la-refineria-dos-bocas-tendra-un-tiempo-de-vida-de-20-anos\/","title":{"rendered":"Revelan que la refiner\u00eda Dos Bocas tendr\u00e1 un tiempo de vida de 20 a\u00f1os"},"content":{"rendered":"<p>CIUDAD DE M\u00c9XICO. MX. \u2014 La Manifestaci\u00f3n de Impacto Ambiental (MIA) del proyecto de la refiner\u00eda Dos Bocas, promovida por Pemex Transformaci\u00f3n Industrial, omite en su versi\u00f3n p\u00fablica la informaci\u00f3n sobre el monto de inversi\u00f3n requerido y el n\u00famero de empleos que se generar\u00e1n. <\/p>\n<p>Tambi\u00e9n se\u00f1ala que la refiner\u00eda tendr\u00e1 un tiempo de vida de 20 a\u00f1os, aunque podr\u00e1 ampliarse, y se construir\u00e1 en tres a\u00f1os. Esta MIA en modalidad regional es s\u00f3lo para la refiner\u00eda que tendr\u00e1 una extensi\u00f3n de 704 hect\u00e1reas, ya que para el resto de oleoductos y gasoductos que ser\u00e1n realizados por terceros se presentar\u00e1n otros estudios de impacto ambiental.<\/p>\n<p>La refiner\u00eda se ubicar\u00e1 en el municipio Para\u00edso, en la regi\u00f3n Chontalpa de Tabasco. Colinda al norte con el Golfo de M\u00e9xico y la Terminal Mar\u00edtima<em> \u201cDos Bocas\u201d<\/em>, al sur con localidades urbanas, y constar\u00e1 de 17 plantas de proceso e infraestructura de servicios. El responsable t\u00e9cnico del estudio es Jos\u00e9 Cabrera de la Universidad Aut\u00f3noma de Tabasco.<\/p>\n<p>Se\u00f1ala que la mayor parte de los impactos ambientales ser\u00e1n en la etapa de preparaci\u00f3n del sitio por el desmonte, despalme y actividades sobre el suelo que afectan agua, aire, vegetaci\u00f3n y fauna. En la fase de construcci\u00f3n habr\u00e1 efectos sobre la atm\u00f3sfera y el suelo, por la construcci\u00f3n de plataformas, plantas de proceso y servicios, conexiones, tuber\u00edas.<\/p>\n<p>En la operaci\u00f3n se prev\u00e9n<em> \u201cimpactos moderados y severos\u201d<\/em> seg\u00fan las actividades de las instalaciones. Para contrarrestar los impactos adversos al medio ambiente, asegura que \u201ccumplir\u00e1 cabalmente con la normatividad en materia ambiental vigente, as\u00ed como con los m\u00e1s altos est\u00e1ndares internacionales de construcci\u00f3n, operatividad y de administraci\u00f3n de la calidad y seguridad\u201d.<\/p>\n<p>Resume que el proyecto ser\u00e1 positivo porque se evitar\u00e1 la importaci\u00f3n de combustibles y se fomentar\u00e1 la autosuficiencia energ\u00e9tica del pa\u00eds. Detonar\u00e1 el crecimiento del sureste, y en lo social contribuir\u00e1 a mejorar la calidad de vida los habitantes de la regi\u00f3n, con infraestructura y empleo. Adem\u00e1s, indica, ayudar\u00e1 a preservar el sistema ambiental a trav\u00e9s de la producci\u00f3n de combustibles limpios.<\/p>\n<p>La refiner\u00eda se prev\u00e9 que adem\u00e1s de las plantas industriales tendr\u00e1 \u00e1reas de suministro de gas, mezclado en l\u00ednea, tanques de almacenamiento, desfogues y sistemas contra incendio. Plantea que se procesar\u00e1 una carga de 340 mil barriles diarios de aceite crudo pesado tipo maya, para obtener gasolina y diesel.<\/p>\n<p>(Publicado el 19\/06\/2019<\/p>\n","protected":false},"excerpt":{"rendered":"<p>CIUDAD DE M\u00c9XICO. MX. \u2014 La Manifestaci\u00f3n de Impacto Ambiental (MIA) del proyecto de la&#8230;<\/p>\n","protected":false},"author":1,"featured_media":62592,"comment_status":"open","ping_status":"open","sticky":false,"template":"","format":"standard","meta":{"_monsterinsights_skip_tracking":false,"_monsterinsights_sitenote_active":false,"_monsterinsights_sitenote_note":"","_monsterinsights_sitenote_category":0,"footnotes":""},"categories":[5],"tags":[],"class_list":["post"],"yoast_head":" \n<title>Sonora en Equipo. Revelan que la refiner\u00eda Dos Bocas tendr\u00e1 un tiempo de vida de 20 a\u00f1os Rep\u00fablica<\/title>\n<meta name=\"description\" content=\"CIUDAD DE M\u00c9XICO. MX. \u2014 La Manifestaci\u00f3n de Impacto Ambiental (MIA) del proyecto de la refiner\u00eda Dos Bocas, promovida por Pemex Transformaci\u00f3n Industrial, En Sonora en Equipo publicamos toda la informaci\u00f3n de Sonora, M\u00e9xico y el Mundo de manera oportuna y busca que la libertad de expresi\u00f3n sea real. Visita nuestro medio informativo publicado desde Hermosillo, Sonora. %\" \/>\n<meta name=\"robots\" content=\"index, follow, max-snippet:-1, max-image-preview:large, max-video-preview:-1\" \/>\n<link rel=\"canonical\" href=\"https:\/\/www.sonoraenequipo.com.mx\/revelan-que-la-refineria-dos-bocas-tendra-un-tiempo-de-vida-de-20-anos\/\" \/>\n<meta property=\"og:locale\" content=\"es_ES\" \/>\n<meta property=\"og:type\" content=\"article\" \/>\n<meta property=\"og:title\" content=\"Sonora en Equipo. Revelan que la refiner\u00eda Dos Bocas tendr\u00e1 un tiempo de vida de 20 a\u00f1os Rep\u00fablica\" \/>\n<meta property=\"og:description\" content=\"CIUDAD DE M\u00c9XICO. MX. \u2014 La Manifestaci\u00f3n de Impacto Ambiental (MIA) del proyecto de la refiner\u00eda Dos Bocas, promovida por Pemex Transformaci\u00f3n Industrial, En Sonora en Equipo publicamos toda la informaci\u00f3n de Sonora, M\u00e9xico y el Mundo de manera oportuna y busca que la libertad de expresi\u00f3n sea real. Visita nuestro medio informativo publicado desde Hermosillo, Sonora. %\" \/>\n<meta property=\"og:url\" content=\"https:\/\/www.sonoraenequipo.com.mx\/revelan-que-la-refineria-dos-bocas-tendra-un-tiempo-de-vida-de-20-anos\/\" \/>\n<meta property=\"og:site_name\" content=\"Sonora en Equipo.\" \/>\n<meta property=\"article:publisher\" content=\"https:\/\/www.facebook.com\/SonoraEE\/\" \/>\n<meta property=\"article:author\" content=\"https:\/\/www.facebook.com\/SonoraEE\" \/>\n<meta property=\"article:published_time\" content=\"2019-06-19T12:19:13+00:00\" \/>\n<meta property=\"article:modified_time\" content=\"2019-06-19T13:27:33+00:00\" \/>\n<meta property=\"og:image\" content=\"https:\/\/www.sonoraenequipo.com.mx\/storage\/2019\/06\/dos-bocas_opt-1.jpg\" \/>\n\t<meta property=\"og:image:width\" content=\"601\" \/>\n\t<meta property=\"og:image:height\" content=\"400\" \/>\n\t<meta property=\"og:image:type\" content=\"image\/jpeg\" \/>\n<meta name=\"author\" content=\"enequipo\" \/>\n<meta name=\"twitter:card\" content=\"summary_large_image\" \/>\n<meta name=\"twitter:creator\" content=\"@sonoraenequipo\" \/>\n<meta name=\"twitter:site\" content=\"@sonoraenequipo\" \/>\n<meta name=\"twitter:label1\" content=\"Escrito por\" \/>\n\t<meta name=\"twitter:data1\" content=\"enequipo\" \/>\n\t<meta name=\"twitter:label2\" content=\"Tiempo de lectura\" \/>\n\t<meta name=\"twitter:data2\" content=\"2 minutos\" \/>\n<script type=\"application\/ld+json\" class=\"yoast-schema-graph\">{\"@context\":\"https:\/\/schema.org\",\"@graph\":[{\"@type\":\"Article\",\"@id\":\"https:\/\/www.sonoraenequipo.com.mx\/revelan-que-la-refineria-dos-bocas-tendra-un-tiempo-de-vida-de-20-anos\/#article\",\"isPartOf\":{\"@id\":\"https:\/\/www.sonoraenequipo.com.mx\/revelan-que-la-refineria-dos-bocas-tendra-un-tiempo-de-vida-de-20-anos\/\"},\"author\":{\"name\":\"enequipo\",\"@id\":\"https:\/\/www.sonoraenequipo.com.mx\/#\/schema\/person\/50102df0fb23a8fa9e8effad8fa81386\"},\"headline\":\"Revelan que la refiner\u00eda Dos Bocas tendr\u00e1 un tiempo de vida de 20 a\u00f1os\",\"datePublished\":\"2019-06-19T12:19:13+00:00\",\"dateModified\":\"2019-06-19T13:27:33+00:00\",\"mainEntityOfPage\":{\"@id\":\"https:\/\/www.sonoraenequipo.com.mx\/revelan-que-la-refineria-dos-bocas-tendra-un-tiempo-de-vida-de-20-anos\/\"},\"wordCount\":449,\"commentCount\":0,\"publisher\":{\"@id\":\"https:\/\/www.sonoraenequipo.com.mx\/#organization\"},\"image\":{\"@id\":\"https:\/\/www.sonoraenequipo.com.mx\/revelan-que-la-refineria-dos-bocas-tendra-un-tiempo-de-vida-de-20-anos\/#primaryimage\"},\"thumbnailUrl\":\"https:\/\/www.sonoraenequipo.com.mx\/storage\/2019\/06\/dos-bocas_opt-1.jpg\",\"articleSection\":[\"Rep\u00fablica\"],\"inLanguage\":\"es\",\"potentialAction\":[{\"@type\":\"CommentAction\",\"name\":\"Comment\",\"target\":[\"https:\/\/www.sonoraenequipo.com.mx\/revelan-que-la-refineria-dos-bocas-tendra-un-tiempo-de-vida-de-20-anos\/#respond\"]}]},{\"@type\":\"WebPage\",\"@id\":\"https:\/\/www.sonoraenequipo.com.mx\/revelan-que-la-refineria-dos-bocas-tendra-un-tiempo-de-vida-de-20-anos\/\",\"url\":\"https:\/\/www.sonoraenequipo.com.mx\/revelan-que-la-refineria-dos-bocas-tendra-un-tiempo-de-vida-de-20-anos\/\",\"name\":\"Sonora en Equipo. Revelan que la refiner\u00eda Dos Bocas tendr\u00e1 un tiempo de vida de 20 a\u00f1os Rep\u00fablica\",\"isPartOf\":{\"@id\":\"https:\/\/www.sonoraenequipo.com.mx\/#website\"},\"primaryImageOfPage\":{\"@id\":\"https:\/\/www.sonoraenequipo.com.mx\/revelan-que-la-refineria-dos-bocas-tendra-un-tiempo-de-vida-de-20-anos\/#primaryimage\"},\"image\":{\"@id\":\"https:\/\/www.sonoraenequipo.com.mx\/revelan-que-la-refineria-dos-bocas-tendra-un-tiempo-de-vida-de-20-anos\/#primaryimage\"},\"thumbnailUrl\":\"https:\/\/www.sonoraenequipo.com.mx\/storage\/2019\/06\/dos-bocas_opt-1.jpg\",\"datePublished\":\"2019-06-19T12:19:13+00:00\",\"dateModified\":\"2019-06-19T13:27:33+00:00\",\"description\":\"CIUDAD DE M\u00c9XICO. MX. \u2014 La Manifestaci\u00f3n de Impacto Ambiental (MIA) del proyecto de la refiner\u00eda Dos Bocas, promovida por Pemex Transformaci\u00f3n Industrial, En Sonora en Equipo publicamos toda la informaci\u00f3n de Sonora, M\u00e9xico y el Mundo de manera oportuna y busca que la libertad de expresi\u00f3n sea real. Visita nuestro medio informativo publicado desde Hermosillo, Sonora. %\",\"breadcrumb\":{\"@id\":\"https:\/\/www.sonoraenequipo.com.mx\/revelan-que-la-refineria-dos-bocas-tendra-un-tiempo-de-vida-de-20-anos\/#breadcrumb\"},\"inLanguage\":\"es\",\"potentialAction\":[{\"@type\":\"ReadAction\",\"target\":[\"https:\/\/www.sonoraenequipo.com.mx\/revelan-que-la-refineria-dos-bocas-tendra-un-tiempo-de-vida-de-20-anos\/\"]}]},{\"@type\":\"ImageObject\",\"inLanguage\":\"es\",\"@id\":\"https:\/\/www.sonoraenequipo.com.mx\/revelan-que-la-refineria-dos-bocas-tendra-un-tiempo-de-vida-de-20-anos\/#primaryimage\",\"url\":\"https:\/\/www.sonoraenequipo.com.mx\/storage\/2019\/06\/dos-bocas_opt-1.jpg\",\"contentUrl\":\"https:\/\/www.sonoraenequipo.com.mx\/storage\/2019\/06\/dos-bocas_opt-1.jpg\",\"width\":601,\"height\":400},{\"@type\":\"BreadcrumbList\",\"@id\":\"https:\/\/www.sonoraenequipo.com.mx\/revelan-que-la-refineria-dos-bocas-tendra-un-tiempo-de-vida-de-20-anos\/#breadcrumb\",\"itemListElement\":[{\"@type\":\"ListItem\",\"position\":1,\"name\":\"Portada\",\"item\":\"https:\/\/www.sonoraenequipo.com.mx\/\"},{\"@type\":\"ListItem\",\"position\":2,\"name\":\"Revelan que la refiner\u00eda Dos Bocas tendr\u00e1 un tiempo de vida de 20 a\u00f1os\"}]},{\"@type\":\"WebSite\",\"@id\":\"https:\/\/www.sonoraenequipo.com.mx\/#website\",\"url\":\"https:\/\/www.sonoraenequipo.com.mx\/\",\"name\":\"Sonora en Equipo.\",\"description\":\"Diario en l\u00ednea con Noticias desde Hermosillo, Sonora\",\"publisher\":{\"@id\":\"https:\/\/www.sonoraenequipo.com.mx\/#organization\"},\"potentialAction\":[{\"@type\":\"SearchAction\",\"target\":{\"@type\":\"EntryPoint\",\"urlTemplate\":\"https:\/\/www.sonoraenequipo.com.mx\/?s={search_term_string}\"},\"query-input\":{\"@type\":\"PropertyValueSpecification\",\"valueRequired\":true,\"valueName\":\"search_term_string\"}}],\"inLanguage\":\"es\"},{\"@type\":\"Organization\",\"@id\":\"https:\/\/www.sonoraenequipo.com.mx\/#organization\",\"name\":\"Sonoraenequipo.com.mx\",\"url\":\"https:\/\/www.sonoraenequipo.com.mx\/\",\"logo\":{\"@type\":\"ImageObject\",\"inLanguage\":\"es\",\"@id\":\"https:\/\/www.sonoraenequipo.com.mx\/#\/schema\/logo\/image\/\",\"url\":\"https:\/\/www.sonoraenequipo.com.mx\/storage\/2019\/01\/sonoraenequipo_opt.png\",\"contentUrl\":\"https:\/\/www.sonoraenequipo.com.mx\/storage\/2019\/01\/sonoraenequipo_opt.png\",\"width\":375,\"height\":125,\"caption\":\"Sonoraenequipo.com.mx\"},\"image\":{\"@id\":\"https:\/\/www.sonoraenequipo.com.mx\/#\/schema\/logo\/image\/\"},\"sameAs\":[\"https:\/\/www.facebook.com\/SonoraEE\/\",\"https:\/\/x.com\/sonoraenequipo\",\"https:\/\/www.youtube.com\/channel\/UC338nW-lPEYmJQs4ZABQ1SQ\"]},{\"@type\":\"Person\",\"@id\":\"https:\/\/www.sonoraenequipo.com.mx\/#\/schema\/person\/50102df0fb23a8fa9e8effad8fa81386\",\"name\":\"enequipo\",\"image\":{\"@type\":\"ImageObject\",\"inLanguage\":\"es\",\"@id\":\"https:\/\/www.sonoraenequipo.com.mx\/#\/schema\/person\/image\/\",\"url\":\"https:\/\/secure.gravatar.com\/avatar\/049821681b589dabc0bc20695993ccebb09f5b5d4d790cd9251b97faac7c652b?s=96&d=blank&r=g\",\"contentUrl\":\"https:\/\/secure.gravatar.com\/avatar\/049821681b589dabc0bc20695993ccebb09f5b5d4d790cd9251b97faac7c652b?s=96&d=blank&r=g\",\"caption\":\"enequipo\"},\"sameAs\":[\"https:\/\/www.facebook.com\/SonoraEE\"]}]}<\/script>\n ","yoast_head_json":{"title":"Sonora en Equipo. Revelan que la refiner\u00eda Dos Bocas tendr\u00e1 un tiempo de vida de 20 a\u00f1os Rep\u00fablica","description":"CIUDAD DE M\u00c9XICO. MX. \u2014 La Manifestaci\u00f3n de Impacto Ambiental (MIA) del proyecto de la refiner\u00eda Dos Bocas, promovida por Pemex Transformaci\u00f3n Industrial, En Sonora en Equipo publicamos toda la informaci\u00f3n de Sonora, M\u00e9xico y el Mundo de manera oportuna y busca que la libertad de expresi\u00f3n sea real. Visita nuestro medio informativo publicado desde Hermosillo, Sonora. %","robots":{"index":"index","follow":"follow","max-snippet":"max-snippet:-1","max-image-preview":"max-image-preview:large","max-video-preview":"max-video-preview:-1"},"canonical":"https:\/\/www.sonoraenequipo.com.mx\/revelan-que-la-refineria-dos-bocas-tendra-un-tiempo-de-vida-de-20-anos\/","og_locale":"es_ES","og_type":"article","og_title":"Sonora en Equipo. Revelan que la refiner\u00eda Dos Bocas tendr\u00e1 un tiempo de vida de 20 a\u00f1os Rep\u00fablica","og_description":"CIUDAD DE M\u00c9XICO. MX. \u2014 La Manifestaci\u00f3n de Impacto Ambiental (MIA) del proyecto de la refiner\u00eda Dos Bocas, promovida por Pemex Transformaci\u00f3n Industrial, En Sonora en Equipo publicamos toda la informaci\u00f3n de Sonora, M\u00e9xico y el Mundo de manera oportuna y busca que la libertad de expresi\u00f3n sea real. Visita nuestro medio informativo publicado desde Hermosillo, Sonora. %","og_url":"https:\/\/www.sonoraenequipo.com.mx\/revelan-que-la-refineria-dos-bocas-tendra-un-tiempo-de-vida-de-20-anos\/","og_site_name":"Sonora en Equipo.","article_publisher":"https:\/\/www.facebook.com\/SonoraEE\/","article_author":"https:\/\/www.facebook.com\/SonoraEE","article_published_time":"2019-06-19T12:19:13+00:00","article_modified_time":"2019-06-19T13:27:33+00:00","og_image":[{"width":601,"height":400,"url":"https:\/\/www.sonoraenequipo.com.mx\/storage\/2019\/06\/dos-bocas_opt-1.jpg","type":"image\/jpeg"}],"author":"enequipo","twitter_card":"summary_large_image","twitter_creator":"@sonoraenequipo","twitter_site":"@sonoraenequipo","twitter_misc":{"Escrito por":"enequipo","Tiempo de lectura":"2 minutos"},"schema":{"@context":"https:\/\/schema.org","@graph":[{"@type":"Article","@id":"https:\/\/www.sonoraenequipo.com.mx\/revelan-que-la-refineria-dos-bocas-tendra-un-tiempo-de-vida-de-20-anos\/#article","isPartOf":{"@id":"https:\/\/www.sonoraenequipo.com.mx\/revelan-que-la-refineria-dos-bocas-tendra-un-tiempo-de-vida-de-20-anos\/"},"author":{"name":"enequipo","@id":"https:\/\/www.sonoraenequipo.com.mx\/#\/schema\/person\/50102df0fb23a8fa9e8effad8fa81386"},"headline":"Revelan que la refiner\u00eda Dos Bocas tendr\u00e1 un tiempo de vida de 20 a\u00f1os","datePublished":"2019-06-19T12:19:13+00:00","dateModified":"2019-06-19T13:27:33+00:00","mainEntityOfPage":{"@id":"https:\/\/www.sonoraenequipo.com.mx\/revelan-que-la-refineria-dos-bocas-tendra-un-tiempo-de-vida-de-20-anos\/"},"wordCount":449,"commentCount":0,"publisher":{"@id":"https:\/\/www.sonoraenequipo.com.mx\/#organization"},"image":{"@id":"https:\/\/www.sonoraenequipo.com.mx\/revelan-que-la-refineria-dos-bocas-tendra-un-tiempo-de-vida-de-20-anos\/#primaryimage"},"thumbnailUrl":"https:\/\/www.sonoraenequipo.com.mx\/storage\/2019\/06\/dos-bocas_opt-1.jpg","articleSection":["Rep\u00fablica"],"inLanguage":"es","potentialAction":[{"@type":"CommentAction","name":"Comment","target":["https:\/\/www.sonoraenequipo.com.mx\/revelan-que-la-refineria-dos-bocas-tendra-un-tiempo-de-vida-de-20-anos\/#respond"]}]},{"@type":"WebPage","@id":"https:\/\/www.sonoraenequipo.com.mx\/revelan-que-la-refineria-dos-bocas-tendra-un-tiempo-de-vida-de-20-anos\/","url":"https:\/\/www.sonoraenequipo.com.mx\/revelan-que-la-refineria-dos-bocas-tendra-un-tiempo-de-vida-de-20-anos\/","name":"Sonora en Equipo. Revelan que la refiner\u00eda Dos Bocas tendr\u00e1 un tiempo de vida de 20 a\u00f1os Rep\u00fablica","isPartOf":{"@id":"https:\/\/www.sonoraenequipo.com.mx\/#website"},"primaryImageOfPage":{"@id":"https:\/\/www.sonoraenequipo.com.mx\/revelan-que-la-refineria-dos-bocas-tendra-un-tiempo-de-vida-de-20-anos\/#primaryimage"},"image":{"@id":"https:\/\/www.sonoraenequipo.com.mx\/revelan-que-la-refineria-dos-bocas-tendra-un-tiempo-de-vida-de-20-anos\/#primaryimage"},"thumbnailUrl":"https:\/\/www.sonoraenequipo.com.mx\/storage\/2019\/06\/dos-bocas_opt-1.jpg","datePublished":"2019-06-19T12:19:13+00:00","dateModified":"2019-06-19T13:27:33+00:00","description":"CIUDAD DE M\u00c9XICO. MX. \u2014 La Manifestaci\u00f3n de Impacto Ambiental (MIA) del proyecto de la refiner\u00eda Dos Bocas, promovida por Pemex Transformaci\u00f3n Industrial, En Sonora en Equipo publicamos toda la informaci\u00f3n de Sonora, M\u00e9xico y el Mundo de manera oportuna y busca que la libertad de expresi\u00f3n sea real. Visita nuestro medio informativo publicado desde Hermosillo, Sonora. %","breadcrumb":{"@id":"https:\/\/www.sonoraenequipo.com.mx\/revelan-que-la-refineria-dos-bocas-tendra-un-tiempo-de-vida-de-20-anos\/#breadcrumb"},"inLanguage":"es","potentialAction":[{"@type":"ReadAction","target":["https:\/\/www.sonoraenequipo.com.mx\/revelan-que-la-refineria-dos-bocas-tendra-un-tiempo-de-vida-de-20-anos\/"]}]},{"@type":"ImageObject","inLanguage":"es","@id":"https:\/\/www.sonoraenequipo.com.mx\/revelan-que-la-refineria-dos-bocas-tendra-un-tiempo-de-vida-de-20-anos\/#primaryimage","url":"https:\/\/www.sonoraenequipo.com.mx\/storage\/2019\/06\/dos-bocas_opt-1.jpg","contentUrl":"https:\/\/www.sonoraenequipo.com.mx\/storage\/2019\/06\/dos-bocas_opt-1.jpg","width":601,"height":400},{"@type":"BreadcrumbList","@id":"https:\/\/www.sonoraenequipo.com.mx\/revelan-que-la-refineria-dos-bocas-tendra-un-tiempo-de-vida-de-20-anos\/#breadcrumb","itemListElement":[{"@type":"ListItem","position":1,"name":"Portada","item":"https:\/\/www.sonoraenequipo.com.mx\/"},{"@type":"ListItem","position":2,"name":"Revelan que la refiner\u00eda Dos Bocas tendr\u00e1 un tiempo de vida de 20 a\u00f1os"}]},{"@type":"WebSite","@id":"https:\/\/www.sonoraenequipo.com.mx\/#website","url":"https:\/\/www.sonoraenequipo.com.mx\/","name":"Sonora en Equipo.","description":"Diario en l\u00ednea con Noticias desde Hermosillo, Sonora","publisher":{"@id":"https:\/\/www.sonoraenequipo.com.mx\/#organization"},"potentialAction":[{"@type":"SearchAction","target":{"@type":"EntryPoint","urlTemplate":"https:\/\/www.sonoraenequipo.com.mx\/?s={search_term_string}"},"query-input":{"@type":"PropertyValueSpecification","valueRequired":true,"valueName":"search_term_string"}}],"inLanguage":"es"},{"@type":"Organization","@id":"https:\/\/www.sonoraenequipo.com.mx\/#organization","name":"Sonoraenequipo.com.mx","url":"https:\/\/www.sonoraenequipo.com.mx\/","logo":{"@type":"ImageObject","inLanguage":"es","@id":"https:\/\/www.sonoraenequipo.com.mx\/#\/schema\/logo\/image\/","url":"https:\/\/www.sonoraenequipo.com.mx\/storage\/2019\/01\/sonoraenequipo_opt.png","contentUrl":"https:\/\/www.sonoraenequipo.com.mx\/storage\/2019\/01\/sonoraenequipo_opt.png","width":375,"height":125,"caption":"Sonoraenequipo.com.mx"},"image":{"@id":"https:\/\/www.sonoraenequipo.com.mx\/#\/schema\/logo\/image\/"},"sameAs":["https:\/\/www.facebook.com\/SonoraEE\/","https:\/\/x.com\/sonoraenequipo","https:\/\/www.youtube.com\/channel\/UC338nW-lPEYmJQs4ZABQ1SQ"]},{"@type":"Person","@id":"https:\/\/www.sonoraenequipo.com.mx\/#\/schema\/person\/50102df0fb23a8fa9e8effad8fa81386","name":"enequipo","image":{"@type":"ImageObject","inLanguage":"es","@id":"https:\/\/www.sonoraenequipo.com.mx\/#\/schema\/person\/image\/","url":"https:\/\/secure.gravatar.com\/avatar\/049821681b589dabc0bc20695993ccebb09f5b5d4d790cd9251b97faac7c652b?s=96&d=blank&r=g","contentUrl":"https:\/\/secure.gravatar.com\/avatar\/049821681b589dabc0bc20695993ccebb09f5b5d4d790cd9251b97faac7c652b?s=96&d=blank&r=g","caption":"enequipo"},"sameAs":["https:\/\/www.facebook.com\/SonoraEE"]}]}},"jetpack_featured_media_url":"https:\/\/www.sonoraenequipo.com.mx\/storage\/2019\/06\/dos-bocas_opt-1.jpg","_links":{"self":[{"href":"https:\/\/www.sonoraenequipo.com.mx\/api\/wp\/v2\/posts\/62591","targetHints":{"allow":["GET"]}}],"collection":[{"href":"https:\/\/www.sonoraenequipo.com.mx\/api\/wp\/v2\/posts"}],"about":[{"href":"https:\/\/www.sonoraenequipo.com.mx\/api\/wp\/v2\/types\/post"}],"author":[{"embeddable":true,"href":"https:\/\/www.sonoraenequipo.com.mx\/api\/wp\/v2\/users\/1"}],"replies":[{"embeddable":true,"href":"https:\/\/www.sonoraenequipo.com.mx\/api\/wp\/v2\/comments?post=62591"}],"version-history":[{"count":0,"href":"https:\/\/www.sonoraenequipo.com.mx\/api\/wp\/v2\/posts\/62591\/revisions"}],"wp:featuredmedia":[{"embeddable":true,"href":"https:\/\/www.sonoraenequipo.com.mx\/api\/wp\/v2\/media\/62592"}],"wp:attachment":[{"href":"https:\/\/www.sonoraenequipo.com.mx\/api\/wp\/v2\/media?parent=62591"}],"wp:term":[{"taxonomy":"category","embeddable":true,"href":"https:\/\/www.sonoraenequipo.com.mx\/api\/wp\/v2\/categories?post=62591"},{"taxonomy":"post_tag","embeddable":true,"href":"https:\/\/www.sonoraenequipo.com.mx\/api\/wp\/v2\/tags?post=62591"}],"curies":[{"name":"wp","href":"https:\/\/api.w.org\/{rel}","templated":true}]}}