{"id":62598,"date":"2019-06-19T07:45:18","date_gmt":"2019-06-19T14:45:18","guid":{"rendered":"http:\/\/www.sonoraenequipo.com.mx\/?p=62598"},"modified":"2019-06-19T06:43:13","modified_gmt":"2019-06-19T13:43:13","slug":"pablo-gomez-por-eliminar-todo-el-consejo-del-ine-es-un-arcaismo","status":"publish","type":"post","link":"https:\/\/www.sonoraenequipo.com.mx\/pablo-gomez-por-eliminar-todo-el-consejo-del-ine-es-un-arcaismo\/","title":{"rendered":"Pablo G\u00f3mez, por eliminar todo el consejo del INE: \u201ces un arca\u00edsmo\u201d"},"content":{"rendered":"<p>CIUDAD DE M\u00c9XICO. MX. \u2014 El diputado federal de Morena Pablo G\u00f3mez se pronunci\u00f3 por desaparecer el Consejo General del Instituto Nacional Electoral (INE), conformado por 11 consejeros, porque, asegur\u00f3, siempre han sido designados por cuotas partidistas, con <em>\u201crepresentantes virtuales de partidos pol\u00edticos\u201d.<\/em> <\/p>\n<p>En entrevista con La Raz\u00f3n, el legislador plante\u00f3, en su lugar, la conformaci\u00f3n de una Junta General Ejecutiva (JGE) que estar\u00eda conformada por integrantes elegidos mediante un proceso de selecci\u00f3n realizado por una instituci\u00f3n acad\u00e9mica, supervisada, a su vez, por la C\u00e1mara de Diputados, para que concluya el ciclo actual de los consejeros; entre los que hay <em>\u201ccuatro o cinco que forman parte de la camarilla del PRI, encabezada por Marco Ba\u00f1os\u201d.<\/em><\/p>\n<p><em>\u201cEs una situaci\u00f3n que promueve la Constituci\u00f3n; no ocurri\u00f3 de repente, pero se puede corregir. Es una desviaci\u00f3n que en el \u00f3rgano de gobierno haya representantes virtuales con voto de los partidos pol\u00edticos. Hay que modificarla, esa estructura es del pasado y, por fortuna, se envejeci\u00f3 r\u00e1pidamente; ahora tenemos que hacer otra y corregir esa anomal\u00eda\u201d,<\/em> asever\u00f3.<\/p>\n<p>G\u00f3mez \u00c1lvarez coment\u00f3 que el esquema de Consejo General <em>\u201csolamente estorba a las funciones del \u00f3rgano electoral porque tiene demasiadas facultades en las que s\u00f3lo falta que legislen, ya que deciden cu\u00e1ndo deben hacer a un lado a los Oples en los procesos electorales, entre otras atribuciones\u201d.<\/em><\/p>\n<p>Al respecto, las bancadas del PRI, PAN, PRD y MC en el Senado, as\u00ed como el independiente Emilio \u00c1lvarez Icaza, se pronunciaron en contra de la propuesta.<\/p>\n<p>El l\u00edder priista en la C\u00e1mara alta, Miguel \u00c1ngel Osorio, denunci\u00f3 en entrevista que esta iniciativa s\u00f3lo pretende controlar en el Poder Ejecutivo las elecciones, tanto federales como locales, para favorecer a los candidatos de Morena.<\/p>\n<p>Dijo que es una gran incongruencia de los morenistas desaparecer los \u00f3rganos electorales, pues hace a\u00f1os ped\u00edan la ampliaci\u00f3n, vigilancia, supervisi\u00f3n y evaluaci\u00f3n de los procesos comiciales.<\/p>\n<p>A su vez, el independiente Emilio \u00c1lvarez Icaza opin\u00f3 que la propuesta representar\u00eda un retroceso de 30 a\u00f1os y se retornar\u00eda a los tiempos cuando la Secretar\u00eda de Gobernaci\u00f3n controlaba los procesos.<\/p>\n<p><em>\u201cRegresamos a que Gobernaci\u00f3n organice las elecciones. Extra\u00f1amos a Bartlett, a Echeverr\u00eda, a L\u00f3pez Portillo. A m\u00ed me parece una propuesta absolutamente descabellada y de regreso al pasado que no tiene ning\u00fan sentido, por lo menos es un retroceso de 30 a\u00f1os\u201d,<\/em> asever\u00f3.<\/p>\n<p>Miguel \u00c1ngel Mancera, l\u00edder del grupo parlamentario del PRD, coment\u00f3 que se debe analizar a fondo la pretensi\u00f3n de eliminar los organismos electorales a nivel nacional y estatal.<\/p>\n<p>(Publicado el 19\/06\/2019 \/ Gerardo Mej\u00eda\/LARAZ\u00d3N)<\/p>\n","protected":false},"excerpt":{"rendered":"<p>CIUDAD DE M\u00c9XICO. MX. \u2014 El diputado federal de Morena Pablo G\u00f3mez se pronunci\u00f3 por&#8230;<\/p>\n","protected":false},"author":1,"featured_media":62599,"comment_status":"open","ping_status":"open","sticky":false,"template":"","format":"standard","meta":{"_monsterinsights_skip_tracking":false,"_monsterinsights_sitenote_active":false,"_monsterinsights_sitenote_note":"","_monsterinsights_sitenote_category":0,"footnotes":""},"categories":[5],"tags":[],"class_list":["post"],"yoast_head":" \n<title>Pablo G\u00f3mez, por eliminar todo el consejo del INE: \u201ces un arca\u00edsmo\u201d Rep\u00fablica<\/title>\n<meta name=\"description\" content=\"CIUDAD DE M\u00c9XICO. MX. \u2014 El diputado federal de Morena Pablo G\u00f3mez se pronunci\u00f3 por desaparecer el Consejo General del Instituto Nacional Electoral (INE), En Sonora en Equipo publicamos toda la informaci\u00f3n de Sonora, M\u00e9xico y el Mundo de manera oportuna y busca que la libertad de expresi\u00f3n sea real. Visita nuestro medio informativo publicado desde Hermosillo, Sonora. %\" \/>\n<meta name=\"robots\" content=\"index, follow, max-snippet:-1, max-image-preview:large, max-video-preview:-1\" \/>\n<link rel=\"canonical\" href=\"https:\/\/www.sonoraenequipo.com.mx\/pablo-gomez-por-eliminar-todo-el-consejo-del-ine-es-un-arcaismo\/\" \/>\n<meta property=\"og:locale\" content=\"es_ES\" \/>\n<meta property=\"og:type\" content=\"article\" \/>\n<meta property=\"og:title\" content=\"Pablo G\u00f3mez, por eliminar todo el consejo del INE: \u201ces un arca\u00edsmo\u201d Rep\u00fablica\" \/>\n<meta property=\"og:description\" content=\"CIUDAD DE M\u00c9XICO. MX. \u2014 El diputado federal de Morena Pablo G\u00f3mez se pronunci\u00f3 por desaparecer el Consejo General del Instituto Nacional Electoral (INE), En Sonora en Equipo publicamos toda la informaci\u00f3n de Sonora, M\u00e9xico y el Mundo de manera oportuna y busca que la libertad de expresi\u00f3n sea real. Visita nuestro medio informativo publicado desde Hermosillo, Sonora. %\" \/>\n<meta property=\"og:url\" content=\"https:\/\/www.sonoraenequipo.com.mx\/pablo-gomez-por-eliminar-todo-el-consejo-del-ine-es-un-arcaismo\/\" \/>\n<meta property=\"og:site_name\" content=\"Sonora en Equipo.\" \/>\n<meta property=\"article:publisher\" content=\"https:\/\/www.facebook.com\/SonoraEE\/\" \/>\n<meta property=\"article:author\" content=\"https:\/\/www.facebook.com\/SonoraEE\" \/>\n<meta property=\"article:published_time\" content=\"2019-06-19T14:45:18+00:00\" \/>\n<meta property=\"og:image\" content=\"https:\/\/www.sonoraenequipo.com.mx\/storage\/2019\/06\/pablogomez_opt.jpg\" \/>\n\t<meta property=\"og:image:width\" content=\"640\" \/>\n\t<meta property=\"og:image:height\" content=\"400\" \/>\n\t<meta property=\"og:image:type\" content=\"image\/jpeg\" \/>\n<meta name=\"author\" content=\"enequipo\" \/>\n<meta name=\"twitter:card\" content=\"summary_large_image\" \/>\n<meta name=\"twitter:creator\" content=\"@sonoraenequipo\" \/>\n<meta name=\"twitter:site\" content=\"@sonoraenequipo\" \/>\n<meta name=\"twitter:label1\" content=\"Escrito por\" \/>\n\t<meta name=\"twitter:data1\" content=\"enequipo\" \/>\n\t<meta name=\"twitter:label2\" content=\"Tiempo de lectura\" \/>\n\t<meta name=\"twitter:data2\" content=\"2 minutos\" \/>\n<script type=\"application\/ld+json\" class=\"yoast-schema-graph\">{\"@context\":\"https:\/\/schema.org\",\"@graph\":[{\"@type\":\"Article\",\"@id\":\"https:\/\/www.sonoraenequipo.com.mx\/pablo-gomez-por-eliminar-todo-el-consejo-del-ine-es-un-arcaismo\/#article\",\"isPartOf\":{\"@id\":\"https:\/\/www.sonoraenequipo.com.mx\/pablo-gomez-por-eliminar-todo-el-consejo-del-ine-es-un-arcaismo\/\"},\"author\":{\"name\":\"enequipo\",\"@id\":\"https:\/\/www.sonoraenequipo.com.mx\/#\/schema\/person\/50102df0fb23a8fa9e8effad8fa81386\"},\"headline\":\"Pablo G\u00f3mez, por eliminar todo el consejo del INE: \u201ces un arca\u00edsmo\u201d\",\"datePublished\":\"2019-06-19T14:45:18+00:00\",\"mainEntityOfPage\":{\"@id\":\"https:\/\/www.sonoraenequipo.com.mx\/pablo-gomez-por-eliminar-todo-el-consejo-del-ine-es-un-arcaismo\/\"},\"wordCount\":470,\"commentCount\":0,\"publisher\":{\"@id\":\"https:\/\/www.sonoraenequipo.com.mx\/#organization\"},\"image\":{\"@id\":\"https:\/\/www.sonoraenequipo.com.mx\/pablo-gomez-por-eliminar-todo-el-consejo-del-ine-es-un-arcaismo\/#primaryimage\"},\"thumbnailUrl\":\"https:\/\/www.sonoraenequipo.com.mx\/storage\/2019\/06\/pablogomez_opt.jpg\",\"articleSection\":[\"Rep\u00fablica\"],\"inLanguage\":\"es\",\"potentialAction\":[{\"@type\":\"CommentAction\",\"name\":\"Comment\",\"target\":[\"https:\/\/www.sonoraenequipo.com.mx\/pablo-gomez-por-eliminar-todo-el-consejo-del-ine-es-un-arcaismo\/#respond\"]}]},{\"@type\":\"WebPage\",\"@id\":\"https:\/\/www.sonoraenequipo.com.mx\/pablo-gomez-por-eliminar-todo-el-consejo-del-ine-es-un-arcaismo\/\",\"url\":\"https:\/\/www.sonoraenequipo.com.mx\/pablo-gomez-por-eliminar-todo-el-consejo-del-ine-es-un-arcaismo\/\",\"name\":\"Pablo G\u00f3mez, por eliminar todo el consejo del INE: \u201ces un arca\u00edsmo\u201d Rep\u00fablica\",\"isPartOf\":{\"@id\":\"https:\/\/www.sonoraenequipo.com.mx\/#website\"},\"primaryImageOfPage\":{\"@id\":\"https:\/\/www.sonoraenequipo.com.mx\/pablo-gomez-por-eliminar-todo-el-consejo-del-ine-es-un-arcaismo\/#primaryimage\"},\"image\":{\"@id\":\"https:\/\/www.sonoraenequipo.com.mx\/pablo-gomez-por-eliminar-todo-el-consejo-del-ine-es-un-arcaismo\/#primaryimage\"},\"thumbnailUrl\":\"https:\/\/www.sonoraenequipo.com.mx\/storage\/2019\/06\/pablogomez_opt.jpg\",\"datePublished\":\"2019-06-19T14:45:18+00:00\",\"description\":\"CIUDAD DE M\u00c9XICO. MX. \u2014 El diputado federal de Morena Pablo G\u00f3mez se pronunci\u00f3 por desaparecer el Consejo General del Instituto Nacional Electoral (INE), En Sonora en Equipo publicamos toda la informaci\u00f3n de Sonora, M\u00e9xico y el Mundo de manera oportuna y busca que la libertad de expresi\u00f3n sea real. Visita nuestro medio informativo publicado desde Hermosillo, Sonora. %\",\"breadcrumb\":{\"@id\":\"https:\/\/www.sonoraenequipo.com.mx\/pablo-gomez-por-eliminar-todo-el-consejo-del-ine-es-un-arcaismo\/#breadcrumb\"},\"inLanguage\":\"es\",\"potentialAction\":[{\"@type\":\"ReadAction\",\"target\":[\"https:\/\/www.sonoraenequipo.com.mx\/pablo-gomez-por-eliminar-todo-el-consejo-del-ine-es-un-arcaismo\/\"]}]},{\"@type\":\"ImageObject\",\"inLanguage\":\"es\",\"@id\":\"https:\/\/www.sonoraenequipo.com.mx\/pablo-gomez-por-eliminar-todo-el-consejo-del-ine-es-un-arcaismo\/#primaryimage\",\"url\":\"https:\/\/www.sonoraenequipo.com.mx\/storage\/2019\/06\/pablogomez_opt.jpg\",\"contentUrl\":\"https:\/\/www.sonoraenequipo.com.mx\/storage\/2019\/06\/pablogomez_opt.jpg\",\"width\":640,\"height\":400},{\"@type\":\"BreadcrumbList\",\"@id\":\"https:\/\/www.sonoraenequipo.com.mx\/pablo-gomez-por-eliminar-todo-el-consejo-del-ine-es-un-arcaismo\/#breadcrumb\",\"itemListElement\":[{\"@type\":\"ListItem\",\"position\":1,\"name\":\"Portada\",\"item\":\"https:\/\/www.sonoraenequipo.com.mx\/\"},{\"@type\":\"ListItem\",\"position\":2,\"name\":\"Pablo G\u00f3mez, por eliminar todo el consejo del INE: \u201ces un arca\u00edsmo\u201d\"}]},{\"@type\":\"WebSite\",\"@id\":\"https:\/\/www.sonoraenequipo.com.mx\/#website\",\"url\":\"https:\/\/www.sonoraenequipo.com.mx\/\",\"name\":\"Sonora en Equipo.\",\"description\":\"Diario en l\u00ednea con Noticias desde Hermosillo, Sonora\",\"publisher\":{\"@id\":\"https:\/\/www.sonoraenequipo.com.mx\/#organization\"},\"potentialAction\":[{\"@type\":\"SearchAction\",\"target\":{\"@type\":\"EntryPoint\",\"urlTemplate\":\"https:\/\/www.sonoraenequipo.com.mx\/?s={search_term_string}\"},\"query-input\":{\"@type\":\"PropertyValueSpecification\",\"valueRequired\":true,\"valueName\":\"search_term_string\"}}],\"inLanguage\":\"es\"},{\"@type\":\"Organization\",\"@id\":\"https:\/\/www.sonoraenequipo.com.mx\/#organization\",\"name\":\"Sonoraenequipo.com.mx\",\"url\":\"https:\/\/www.sonoraenequipo.com.mx\/\",\"logo\":{\"@type\":\"ImageObject\",\"inLanguage\":\"es\",\"@id\":\"https:\/\/www.sonoraenequipo.com.mx\/#\/schema\/logo\/image\/\",\"url\":\"https:\/\/www.sonoraenequipo.com.mx\/storage\/2019\/01\/sonoraenequipo_opt.png\",\"contentUrl\":\"https:\/\/www.sonoraenequipo.com.mx\/storage\/2019\/01\/sonoraenequipo_opt.png\",\"width\":375,\"height\":125,\"caption\":\"Sonoraenequipo.com.mx\"},\"image\":{\"@id\":\"https:\/\/www.sonoraenequipo.com.mx\/#\/schema\/logo\/image\/\"},\"sameAs\":[\"https:\/\/www.facebook.com\/SonoraEE\/\",\"https:\/\/x.com\/sonoraenequipo\",\"https:\/\/www.youtube.com\/channel\/UC338nW-lPEYmJQs4ZABQ1SQ\"]},{\"@type\":\"Person\",\"@id\":\"https:\/\/www.sonoraenequipo.com.mx\/#\/schema\/person\/50102df0fb23a8fa9e8effad8fa81386\",\"name\":\"enequipo\",\"image\":{\"@type\":\"ImageObject\",\"inLanguage\":\"es\",\"@id\":\"https:\/\/www.sonoraenequipo.com.mx\/#\/schema\/person\/image\/\",\"url\":\"https:\/\/secure.gravatar.com\/avatar\/049821681b589dabc0bc20695993ccebb09f5b5d4d790cd9251b97faac7c652b?s=96&d=blank&r=g\",\"contentUrl\":\"https:\/\/secure.gravatar.com\/avatar\/049821681b589dabc0bc20695993ccebb09f5b5d4d790cd9251b97faac7c652b?s=96&d=blank&r=g\",\"caption\":\"enequipo\"},\"sameAs\":[\"https:\/\/www.facebook.com\/SonoraEE\"]}]}<\/script>\n ","yoast_head_json":{"title":"Pablo G\u00f3mez, por eliminar todo el consejo del INE: \u201ces un arca\u00edsmo\u201d Rep\u00fablica","description":"CIUDAD DE M\u00c9XICO. MX. \u2014 El diputado federal de Morena Pablo G\u00f3mez se pronunci\u00f3 por desaparecer el Consejo General del Instituto Nacional Electoral (INE), En Sonora en Equipo publicamos toda la informaci\u00f3n de Sonora, M\u00e9xico y el Mundo de manera oportuna y busca que la libertad de expresi\u00f3n sea real. Visita nuestro medio informativo publicado desde Hermosillo, Sonora. %","robots":{"index":"index","follow":"follow","max-snippet":"max-snippet:-1","max-image-preview":"max-image-preview:large","max-video-preview":"max-video-preview:-1"},"canonical":"https:\/\/www.sonoraenequipo.com.mx\/pablo-gomez-por-eliminar-todo-el-consejo-del-ine-es-un-arcaismo\/","og_locale":"es_ES","og_type":"article","og_title":"Pablo G\u00f3mez, por eliminar todo el consejo del INE: \u201ces un arca\u00edsmo\u201d Rep\u00fablica","og_description":"CIUDAD DE M\u00c9XICO. MX. \u2014 El diputado federal de Morena Pablo G\u00f3mez se pronunci\u00f3 por desaparecer el Consejo General del Instituto Nacional Electoral (INE), En Sonora en Equipo publicamos toda la informaci\u00f3n de Sonora, M\u00e9xico y el Mundo de manera oportuna y busca que la libertad de expresi\u00f3n sea real. Visita nuestro medio informativo publicado desde Hermosillo, Sonora. %","og_url":"https:\/\/www.sonoraenequipo.com.mx\/pablo-gomez-por-eliminar-todo-el-consejo-del-ine-es-un-arcaismo\/","og_site_name":"Sonora en Equipo.","article_publisher":"https:\/\/www.facebook.com\/SonoraEE\/","article_author":"https:\/\/www.facebook.com\/SonoraEE","article_published_time":"2019-06-19T14:45:18+00:00","og_image":[{"width":640,"height":400,"url":"https:\/\/www.sonoraenequipo.com.mx\/storage\/2019\/06\/pablogomez_opt.jpg","type":"image\/jpeg"}],"author":"enequipo","twitter_card":"summary_large_image","twitter_creator":"@sonoraenequipo","twitter_site":"@sonoraenequipo","twitter_misc":{"Escrito por":"enequipo","Tiempo de lectura":"2 minutos"},"schema":{"@context":"https:\/\/schema.org","@graph":[{"@type":"Article","@id":"https:\/\/www.sonoraenequipo.com.mx\/pablo-gomez-por-eliminar-todo-el-consejo-del-ine-es-un-arcaismo\/#article","isPartOf":{"@id":"https:\/\/www.sonoraenequipo.com.mx\/pablo-gomez-por-eliminar-todo-el-consejo-del-ine-es-un-arcaismo\/"},"author":{"name":"enequipo","@id":"https:\/\/www.sonoraenequipo.com.mx\/#\/schema\/person\/50102df0fb23a8fa9e8effad8fa81386"},"headline":"Pablo G\u00f3mez, por eliminar todo el consejo del INE: \u201ces un arca\u00edsmo\u201d","datePublished":"2019-06-19T14:45:18+00:00","mainEntityOfPage":{"@id":"https:\/\/www.sonoraenequipo.com.mx\/pablo-gomez-por-eliminar-todo-el-consejo-del-ine-es-un-arcaismo\/"},"wordCount":470,"commentCount":0,"publisher":{"@id":"https:\/\/www.sonoraenequipo.com.mx\/#organization"},"image":{"@id":"https:\/\/www.sonoraenequipo.com.mx\/pablo-gomez-por-eliminar-todo-el-consejo-del-ine-es-un-arcaismo\/#primaryimage"},"thumbnailUrl":"https:\/\/www.sonoraenequipo.com.mx\/storage\/2019\/06\/pablogomez_opt.jpg","articleSection":["Rep\u00fablica"],"inLanguage":"es","potentialAction":[{"@type":"CommentAction","name":"Comment","target":["https:\/\/www.sonoraenequipo.com.mx\/pablo-gomez-por-eliminar-todo-el-consejo-del-ine-es-un-arcaismo\/#respond"]}]},{"@type":"WebPage","@id":"https:\/\/www.sonoraenequipo.com.mx\/pablo-gomez-por-eliminar-todo-el-consejo-del-ine-es-un-arcaismo\/","url":"https:\/\/www.sonoraenequipo.com.mx\/pablo-gomez-por-eliminar-todo-el-consejo-del-ine-es-un-arcaismo\/","name":"Pablo G\u00f3mez, por eliminar todo el consejo del INE: \u201ces un arca\u00edsmo\u201d Rep\u00fablica","isPartOf":{"@id":"https:\/\/www.sonoraenequipo.com.mx\/#website"},"primaryImageOfPage":{"@id":"https:\/\/www.sonoraenequipo.com.mx\/pablo-gomez-por-eliminar-todo-el-consejo-del-ine-es-un-arcaismo\/#primaryimage"},"image":{"@id":"https:\/\/www.sonoraenequipo.com.mx\/pablo-gomez-por-eliminar-todo-el-consejo-del-ine-es-un-arcaismo\/#primaryimage"},"thumbnailUrl":"https:\/\/www.sonoraenequipo.com.mx\/storage\/2019\/06\/pablogomez_opt.jpg","datePublished":"2019-06-19T14:45:18+00:00","description":"CIUDAD DE M\u00c9XICO. MX. \u2014 El diputado federal de Morena Pablo G\u00f3mez se pronunci\u00f3 por desaparecer el Consejo General del Instituto Nacional Electoral (INE), En Sonora en Equipo publicamos toda la informaci\u00f3n de Sonora, M\u00e9xico y el Mundo de manera oportuna y busca que la libertad de expresi\u00f3n sea real. Visita nuestro medio informativo publicado desde Hermosillo, Sonora. %","breadcrumb":{"@id":"https:\/\/www.sonoraenequipo.com.mx\/pablo-gomez-por-eliminar-todo-el-consejo-del-ine-es-un-arcaismo\/#breadcrumb"},"inLanguage":"es","potentialAction":[{"@type":"ReadAction","target":["https:\/\/www.sonoraenequipo.com.mx\/pablo-gomez-por-eliminar-todo-el-consejo-del-ine-es-un-arcaismo\/"]}]},{"@type":"ImageObject","inLanguage":"es","@id":"https:\/\/www.sonoraenequipo.com.mx\/pablo-gomez-por-eliminar-todo-el-consejo-del-ine-es-un-arcaismo\/#primaryimage","url":"https:\/\/www.sonoraenequipo.com.mx\/storage\/2019\/06\/pablogomez_opt.jpg","contentUrl":"https:\/\/www.sonoraenequipo.com.mx\/storage\/2019\/06\/pablogomez_opt.jpg","width":640,"height":400},{"@type":"BreadcrumbList","@id":"https:\/\/www.sonoraenequipo.com.mx\/pablo-gomez-por-eliminar-todo-el-consejo-del-ine-es-un-arcaismo\/#breadcrumb","itemListElement":[{"@type":"ListItem","position":1,"name":"Portada","item":"https:\/\/www.sonoraenequipo.com.mx\/"},{"@type":"ListItem","position":2,"name":"Pablo G\u00f3mez, por eliminar todo el consejo del INE: \u201ces un arca\u00edsmo\u201d"}]},{"@type":"WebSite","@id":"https:\/\/www.sonoraenequipo.com.mx\/#website","url":"https:\/\/www.sonoraenequipo.com.mx\/","name":"Sonora en Equipo.","description":"Diario en l\u00ednea con Noticias desde Hermosillo, Sonora","publisher":{"@id":"https:\/\/www.sonoraenequipo.com.mx\/#organization"},"potentialAction":[{"@type":"SearchAction","target":{"@type":"EntryPoint","urlTemplate":"https:\/\/www.sonoraenequipo.com.mx\/?s={search_term_string}"},"query-input":{"@type":"PropertyValueSpecification","valueRequired":true,"valueName":"search_term_string"}}],"inLanguage":"es"},{"@type":"Organization","@id":"https:\/\/www.sonoraenequipo.com.mx\/#organization","name":"Sonoraenequipo.com.mx","url":"https:\/\/www.sonoraenequipo.com.mx\/","logo":{"@type":"ImageObject","inLanguage":"es","@id":"https:\/\/www.sonoraenequipo.com.mx\/#\/schema\/logo\/image\/","url":"https:\/\/www.sonoraenequipo.com.mx\/storage\/2019\/01\/sonoraenequipo_opt.png","contentUrl":"https:\/\/www.sonoraenequipo.com.mx\/storage\/2019\/01\/sonoraenequipo_opt.png","width":375,"height":125,"caption":"Sonoraenequipo.com.mx"},"image":{"@id":"https:\/\/www.sonoraenequipo.com.mx\/#\/schema\/logo\/image\/"},"sameAs":["https:\/\/www.facebook.com\/SonoraEE\/","https:\/\/x.com\/sonoraenequipo","https:\/\/www.youtube.com\/channel\/UC338nW-lPEYmJQs4ZABQ1SQ"]},{"@type":"Person","@id":"https:\/\/www.sonoraenequipo.com.mx\/#\/schema\/person\/50102df0fb23a8fa9e8effad8fa81386","name":"enequipo","image":{"@type":"ImageObject","inLanguage":"es","@id":"https:\/\/www.sonoraenequipo.com.mx\/#\/schema\/person\/image\/","url":"https:\/\/secure.gravatar.com\/avatar\/049821681b589dabc0bc20695993ccebb09f5b5d4d790cd9251b97faac7c652b?s=96&d=blank&r=g","contentUrl":"https:\/\/secure.gravatar.com\/avatar\/049821681b589dabc0bc20695993ccebb09f5b5d4d790cd9251b97faac7c652b?s=96&d=blank&r=g","caption":"enequipo"},"sameAs":["https:\/\/www.facebook.com\/SonoraEE"]}]}},"jetpack_featured_media_url":"https:\/\/www.sonoraenequipo.com.mx\/storage\/2019\/06\/pablogomez_opt.jpg","_links":{"self":[{"href":"https:\/\/www.sonoraenequipo.com.mx\/api\/wp\/v2\/posts\/62598","targetHints":{"allow":["GET"]}}],"collection":[{"href":"https:\/\/www.sonoraenequipo.com.mx\/api\/wp\/v2\/posts"}],"about":[{"href":"https:\/\/www.sonoraenequipo.com.mx\/api\/wp\/v2\/types\/post"}],"author":[{"embeddable":true,"href":"https:\/\/www.sonoraenequipo.com.mx\/api\/wp\/v2\/users\/1"}],"replies":[{"embeddable":true,"href":"https:\/\/www.sonoraenequipo.com.mx\/api\/wp\/v2\/comments?post=62598"}],"version-history":[{"count":0,"href":"https:\/\/www.sonoraenequipo.com.mx\/api\/wp\/v2\/posts\/62598\/revisions"}],"wp:featuredmedia":[{"embeddable":true,"href":"https:\/\/www.sonoraenequipo.com.mx\/api\/wp\/v2\/media\/62599"}],"wp:attachment":[{"href":"https:\/\/www.sonoraenequipo.com.mx\/api\/wp\/v2\/media?parent=62598"}],"wp:term":[{"taxonomy":"category","embeddable":true,"href":"https:\/\/www.sonoraenequipo.com.mx\/api\/wp\/v2\/categories?post=62598"},{"taxonomy":"post_tag","embeddable":true,"href":"https:\/\/www.sonoraenequipo.com.mx\/api\/wp\/v2\/tags?post=62598"}],"curies":[{"name":"wp","href":"https:\/\/api.w.org\/{rel}","templated":true}]}}