{"id":62601,"date":"2019-06-19T08:00:14","date_gmt":"2019-06-19T15:00:14","guid":{"rendered":"http:\/\/www.sonoraenequipo.com.mx\/?p=62601"},"modified":"2019-06-19T07:26:27","modified_gmt":"2019-06-19T14:26:27","slug":"va-por-la-reeleccion-con-avivado-discurso-antimigrante","status":"publish","type":"post","link":"https:\/\/www.sonoraenequipo.com.mx\/va-por-la-reeleccion-con-avivado-discurso-antimigrante\/","title":{"rendered":"Va por la reelecci\u00f3n con avivado discurso antimigrante"},"content":{"rendered":"<p>ESTADOS UNIDOS. \u2014 \u201cConservar grandioso a Estados Unidos\u201d. El presidente Donald Trump actualiz\u00f3 el lema de campa\u00f1a con el que lleg\u00f3 a la Casa Blanca en 2016; entonces el magnate llamaba a hacer que el pa\u00eds recuperara su grandeza. Ahora, m\u00e1s de dos a\u00f1os despu\u00e9s, el mandatario nacionalista se dirigi\u00f3 a su base para pedir que con su voto le ayude a continuar con los logros que ya \u201ccosech\u00f3\u201d para la naci\u00f3n m\u00e1s poderosa, manteni\u00e9ndolo en el poder. <\/p>\n<p>Trump no se movi\u00f3 un solo cent\u00edmetro de los ideales que le dieron la primera victoria: \u201ccontinuar con la construcci\u00f3n de un hermoso muro\u201d en la frontera con M\u00e9xico, para evitar que \u201cpandillas y delincuentes\u201d extranjeros se infiltren en el pa\u00eds para quitar empleos a los estadounidenses, a quienes record\u00f3 que gracias a los esfuerzos de su administraci\u00f3n su puesto en la fuerza laboral est\u00e1 garantizado.<\/p>\n<p>Los adversarios del presidente tuvieron gran espacio en el discurso de casi dos horas ante m\u00e1s de 20 mil personas en Orlando, donde su partido lo recibi\u00f3 con un escenario que incluy\u00f3 pantallas de cine y frases alusivas a su discurso tradicional: votar por los dem\u00f3cratas, dijo, es <em>\u201cvotar por el socialismo, votar por la destrucci\u00f3n de Estados Unidos. Ustedes, todos ustedes, quienes me hicieron llegar a la Casa Blanca en 2016, no pueden permitir que este pa\u00eds se convierta en socialista, yo no lo voy a permitir, nunca ser\u00e1 socialista\u201d.<\/em><\/p>\n<p>De esta manera, Trump lanz\u00f3 el primer ataque contra sus adversarios, a quienes us\u00f3 para reforzar sus principios proteccionistas en contra del libre mercado, de la integraci\u00f3n mundial a trav\u00e9s del multilateralismo y de la apertura a 11 millones de inmigrantes que viven en la ilegalidad.<\/p>\n<p><em>\u201cImag\u00ednense tener en 2020 a un presidente dem\u00f3crata, a un Congreso dem\u00f3crata\u201d, invit\u00f3 a su audiencia: \u201cA ellos no les interesan los estadounidenses, les interesa poner en peligro a EU, quitarnos las oportunidades para regal\u00e1rselas a los ilegales\u201d,<\/em> declar\u00f3 ante v\u00edtores.<\/p>\n<p>Trump no evit\u00f3 reciclar sus ataques contra la excandidata Hillary Clinton y aprovech\u00f3 para desacreditar a los medios, las fake news, y a las encuestadoras que lo ven derrotado frente a sus rivales.<\/p>\n<p>El mandatario asegur\u00f3 que su agenda, la del Partido Republicano, es la mejor opci\u00f3n para los ciudadanos y goza de un gran posicionamiento entre votantes que, insisti\u00f3, le dar\u00e1n el triunfo de nuevo.<\/p>\n<p>En un discurso desordenado, en el que abandonaba un tema para recuperarlo minutos despu\u00e9s, dio un resumen de su administraci\u00f3n: <em>\u201crecuperamos los trabajos y el sistema de salud, tenemos una econom\u00eda incre\u00edble, trabajamos duro para reivindicar a nuestro Ej\u00e9rcito y expulsamos por miles a los indocumentados que atentan contra la seguridad del pa\u00eds\u201d.<br \/>\n<\/em><br \/>\nTambi\u00e9n se refiri\u00f3 a sus esfuerzos por renovar la sociedad mercantil con M\u00e9xico y Canad\u00e1, cuya nueva versi\u00f3n , el T-MEC, \u201ces un gran acuerdo que evita el abuso\u201d de estos pa\u00edses a Estados Unidos, por lo que llam\u00f3 al Congreso a ratificarlo.<\/p>\n<p>Cuando invit\u00f3 a pensar en c\u00f3mo ser\u00eda otro gobierno dem\u00f3crata, asegur\u00f3 que este r\u00e9gimen hipot\u00e9tico manipular\u00eda la ley para perseguir a sus <em>\u201cenemigos\u201d<\/em>. Record\u00f3 que a\u00fan hoy han hecho mucho para desprestigiarlo con la investigaci\u00f3n de Robert Mueller, quien<em> \u201csin \u00e9xito\u201d<\/em> fue contratado para descubrir si hubo<em> \u201cuna falsa colusi\u00f3n\u201d<\/em> de su campa\u00f1a con Rusia, en una<em> \u201cindagatoria politizada y da\u00f1ina\u201d.<\/em><\/p>\n<p>(Publicado el 19\/06\/2019 \/ALEJANDRO GALINDO)<\/p>\n","protected":false},"excerpt":{"rendered":"<p>ESTADOS UNIDOS. \u2014 \u201cConservar grandioso a Estados Unidos\u201d. El presidente Donald Trump actualiz\u00f3 el lema&#8230;<\/p>\n","protected":false},"author":1,"featured_media":62602,"comment_status":"open","ping_status":"open","sticky":false,"template":"","format":"standard","meta":{"_monsterinsights_skip_tracking":false,"_monsterinsights_sitenote_active":false,"_monsterinsights_sitenote_note":"","_monsterinsights_sitenote_category":0,"footnotes":""},"categories":[3],"tags":[],"class_list":["post"],"yoast_head":" \n<title>Sonora en Equipo. Va por la reelecci\u00f3n con avivado discurso antimigrante MUNDO<\/title>\n<meta name=\"description\" content=\"ESTADOS UNIDOS. \u2014 \u201cConservar grandioso a Estados Unidos\u201d. El presidente Donald Trump actualiz\u00f3 el lema de campa\u00f1a con el que lleg\u00f3 a la Casa Blanca en En Sonora en Equipo publicamos toda la informaci\u00f3n de Sonora, M\u00e9xico y el Mundo de manera oportuna y busca que la libertad de expresi\u00f3n sea real. Visita nuestro medio informativo publicado desde Hermosillo, Sonora. %\" \/>\n<meta name=\"robots\" content=\"index, follow, max-snippet:-1, max-image-preview:large, max-video-preview:-1\" \/>\n<link rel=\"canonical\" href=\"https:\/\/www.sonoraenequipo.com.mx\/va-por-la-reeleccion-con-avivado-discurso-antimigrante\/\" \/>\n<meta property=\"og:locale\" content=\"es_ES\" \/>\n<meta property=\"og:type\" content=\"article\" \/>\n<meta property=\"og:title\" content=\"Sonora en Equipo. Va por la reelecci\u00f3n con avivado discurso antimigrante MUNDO\" \/>\n<meta property=\"og:description\" content=\"ESTADOS UNIDOS. \u2014 \u201cConservar grandioso a Estados Unidos\u201d. El presidente Donald Trump actualiz\u00f3 el lema de campa\u00f1a con el que lleg\u00f3 a la Casa Blanca en En Sonora en Equipo publicamos toda la informaci\u00f3n de Sonora, M\u00e9xico y el Mundo de manera oportuna y busca que la libertad de expresi\u00f3n sea real. Visita nuestro medio informativo publicado desde Hermosillo, Sonora. %\" \/>\n<meta property=\"og:url\" content=\"https:\/\/www.sonoraenequipo.com.mx\/va-por-la-reeleccion-con-avivado-discurso-antimigrante\/\" \/>\n<meta property=\"og:site_name\" content=\"Sonora en Equipo.\" \/>\n<meta property=\"article:publisher\" content=\"https:\/\/www.facebook.com\/SonoraEE\/\" \/>\n<meta property=\"article:author\" content=\"https:\/\/www.facebook.com\/SonoraEE\" \/>\n<meta property=\"article:published_time\" content=\"2019-06-19T15:00:14+00:00\" \/>\n<meta property=\"og:image\" content=\"https:\/\/www.sonoraenequipo.com.mx\/storage\/2019\/06\/trump_opt3.jpg\" \/>\n\t<meta property=\"og:image:width\" content=\"600\" \/>\n\t<meta property=\"og:image:height\" content=\"400\" \/>\n\t<meta property=\"og:image:type\" content=\"image\/jpeg\" \/>\n<meta name=\"author\" content=\"enequipo\" \/>\n<meta name=\"twitter:card\" content=\"summary_large_image\" \/>\n<meta name=\"twitter:creator\" content=\"@sonoraenequipo\" \/>\n<meta name=\"twitter:site\" content=\"@sonoraenequipo\" \/>\n<meta name=\"twitter:label1\" content=\"Escrito por\" \/>\n\t<meta name=\"twitter:data1\" content=\"enequipo\" \/>\n\t<meta name=\"twitter:label2\" content=\"Tiempo de lectura\" \/>\n\t<meta name=\"twitter:data2\" content=\"3 minutos\" \/>\n<script type=\"application\/ld+json\" class=\"yoast-schema-graph\">{\"@context\":\"https:\/\/schema.org\",\"@graph\":[{\"@type\":\"Article\",\"@id\":\"https:\/\/www.sonoraenequipo.com.mx\/va-por-la-reeleccion-con-avivado-discurso-antimigrante\/#article\",\"isPartOf\":{\"@id\":\"https:\/\/www.sonoraenequipo.com.mx\/va-por-la-reeleccion-con-avivado-discurso-antimigrante\/\"},\"author\":{\"name\":\"enequipo\",\"@id\":\"https:\/\/www.sonoraenequipo.com.mx\/#\/schema\/person\/50102df0fb23a8fa9e8effad8fa81386\"},\"headline\":\"Va por la reelecci\u00f3n con avivado discurso antimigrante\",\"datePublished\":\"2019-06-19T15:00:14+00:00\",\"mainEntityOfPage\":{\"@id\":\"https:\/\/www.sonoraenequipo.com.mx\/va-por-la-reeleccion-con-avivado-discurso-antimigrante\/\"},\"wordCount\":598,\"commentCount\":0,\"publisher\":{\"@id\":\"https:\/\/www.sonoraenequipo.com.mx\/#organization\"},\"image\":{\"@id\":\"https:\/\/www.sonoraenequipo.com.mx\/va-por-la-reeleccion-con-avivado-discurso-antimigrante\/#primaryimage\"},\"thumbnailUrl\":\"https:\/\/www.sonoraenequipo.com.mx\/storage\/2019\/06\/trump_opt3.jpg\",\"articleSection\":[\"MUNDO\"],\"inLanguage\":\"es\",\"potentialAction\":[{\"@type\":\"CommentAction\",\"name\":\"Comment\",\"target\":[\"https:\/\/www.sonoraenequipo.com.mx\/va-por-la-reeleccion-con-avivado-discurso-antimigrante\/#respond\"]}]},{\"@type\":\"WebPage\",\"@id\":\"https:\/\/www.sonoraenequipo.com.mx\/va-por-la-reeleccion-con-avivado-discurso-antimigrante\/\",\"url\":\"https:\/\/www.sonoraenequipo.com.mx\/va-por-la-reeleccion-con-avivado-discurso-antimigrante\/\",\"name\":\"Sonora en Equipo. Va por la reelecci\u00f3n con avivado discurso antimigrante MUNDO\",\"isPartOf\":{\"@id\":\"https:\/\/www.sonoraenequipo.com.mx\/#website\"},\"primaryImageOfPage\":{\"@id\":\"https:\/\/www.sonoraenequipo.com.mx\/va-por-la-reeleccion-con-avivado-discurso-antimigrante\/#primaryimage\"},\"image\":{\"@id\":\"https:\/\/www.sonoraenequipo.com.mx\/va-por-la-reeleccion-con-avivado-discurso-antimigrante\/#primaryimage\"},\"thumbnailUrl\":\"https:\/\/www.sonoraenequipo.com.mx\/storage\/2019\/06\/trump_opt3.jpg\",\"datePublished\":\"2019-06-19T15:00:14+00:00\",\"description\":\"ESTADOS UNIDOS. \u2014 \u201cConservar grandioso a Estados Unidos\u201d. El presidente Donald Trump actualiz\u00f3 el lema de campa\u00f1a con el que lleg\u00f3 a la Casa Blanca en En Sonora en Equipo publicamos toda la informaci\u00f3n de Sonora, M\u00e9xico y el Mundo de manera oportuna y busca que la libertad de expresi\u00f3n sea real. Visita nuestro medio informativo publicado desde Hermosillo, Sonora. %\",\"breadcrumb\":{\"@id\":\"https:\/\/www.sonoraenequipo.com.mx\/va-por-la-reeleccion-con-avivado-discurso-antimigrante\/#breadcrumb\"},\"inLanguage\":\"es\",\"potentialAction\":[{\"@type\":\"ReadAction\",\"target\":[\"https:\/\/www.sonoraenequipo.com.mx\/va-por-la-reeleccion-con-avivado-discurso-antimigrante\/\"]}]},{\"@type\":\"ImageObject\",\"inLanguage\":\"es\",\"@id\":\"https:\/\/www.sonoraenequipo.com.mx\/va-por-la-reeleccion-con-avivado-discurso-antimigrante\/#primaryimage\",\"url\":\"https:\/\/www.sonoraenequipo.com.mx\/storage\/2019\/06\/trump_opt3.jpg\",\"contentUrl\":\"https:\/\/www.sonoraenequipo.com.mx\/storage\/2019\/06\/trump_opt3.jpg\",\"width\":600,\"height\":400},{\"@type\":\"BreadcrumbList\",\"@id\":\"https:\/\/www.sonoraenequipo.com.mx\/va-por-la-reeleccion-con-avivado-discurso-antimigrante\/#breadcrumb\",\"itemListElement\":[{\"@type\":\"ListItem\",\"position\":1,\"name\":\"Portada\",\"item\":\"https:\/\/www.sonoraenequipo.com.mx\/\"},{\"@type\":\"ListItem\",\"position\":2,\"name\":\"Va por la reelecci\u00f3n con avivado discurso antimigrante\"}]},{\"@type\":\"WebSite\",\"@id\":\"https:\/\/www.sonoraenequipo.com.mx\/#website\",\"url\":\"https:\/\/www.sonoraenequipo.com.mx\/\",\"name\":\"Sonora en Equipo.\",\"description\":\"Diario en l\u00ednea con Noticias desde Hermosillo, Sonora\",\"publisher\":{\"@id\":\"https:\/\/www.sonoraenequipo.com.mx\/#organization\"},\"potentialAction\":[{\"@type\":\"SearchAction\",\"target\":{\"@type\":\"EntryPoint\",\"urlTemplate\":\"https:\/\/www.sonoraenequipo.com.mx\/?s={search_term_string}\"},\"query-input\":{\"@type\":\"PropertyValueSpecification\",\"valueRequired\":true,\"valueName\":\"search_term_string\"}}],\"inLanguage\":\"es\"},{\"@type\":\"Organization\",\"@id\":\"https:\/\/www.sonoraenequipo.com.mx\/#organization\",\"name\":\"Sonoraenequipo.com.mx\",\"url\":\"https:\/\/www.sonoraenequipo.com.mx\/\",\"logo\":{\"@type\":\"ImageObject\",\"inLanguage\":\"es\",\"@id\":\"https:\/\/www.sonoraenequipo.com.mx\/#\/schema\/logo\/image\/\",\"url\":\"https:\/\/www.sonoraenequipo.com.mx\/storage\/2019\/01\/sonoraenequipo_opt.png\",\"contentUrl\":\"https:\/\/www.sonoraenequipo.com.mx\/storage\/2019\/01\/sonoraenequipo_opt.png\",\"width\":375,\"height\":125,\"caption\":\"Sonoraenequipo.com.mx\"},\"image\":{\"@id\":\"https:\/\/www.sonoraenequipo.com.mx\/#\/schema\/logo\/image\/\"},\"sameAs\":[\"https:\/\/www.facebook.com\/SonoraEE\/\",\"https:\/\/x.com\/sonoraenequipo\",\"https:\/\/www.youtube.com\/channel\/UC338nW-lPEYmJQs4ZABQ1SQ\"]},{\"@type\":\"Person\",\"@id\":\"https:\/\/www.sonoraenequipo.com.mx\/#\/schema\/person\/50102df0fb23a8fa9e8effad8fa81386\",\"name\":\"enequipo\",\"image\":{\"@type\":\"ImageObject\",\"inLanguage\":\"es\",\"@id\":\"https:\/\/www.sonoraenequipo.com.mx\/#\/schema\/person\/image\/\",\"url\":\"https:\/\/secure.gravatar.com\/avatar\/049821681b589dabc0bc20695993ccebb09f5b5d4d790cd9251b97faac7c652b?s=96&d=blank&r=g\",\"contentUrl\":\"https:\/\/secure.gravatar.com\/avatar\/049821681b589dabc0bc20695993ccebb09f5b5d4d790cd9251b97faac7c652b?s=96&d=blank&r=g\",\"caption\":\"enequipo\"},\"sameAs\":[\"https:\/\/www.facebook.com\/SonoraEE\"]}]}<\/script>\n ","yoast_head_json":{"title":"Sonora en Equipo. Va por la reelecci\u00f3n con avivado discurso antimigrante MUNDO","description":"ESTADOS UNIDOS. \u2014 \u201cConservar grandioso a Estados Unidos\u201d. El presidente Donald Trump actualiz\u00f3 el lema de campa\u00f1a con el que lleg\u00f3 a la Casa Blanca en En Sonora en Equipo publicamos toda la informaci\u00f3n de Sonora, M\u00e9xico y el Mundo de manera oportuna y busca que la libertad de expresi\u00f3n sea real. Visita nuestro medio informativo publicado desde Hermosillo, Sonora. %","robots":{"index":"index","follow":"follow","max-snippet":"max-snippet:-1","max-image-preview":"max-image-preview:large","max-video-preview":"max-video-preview:-1"},"canonical":"https:\/\/www.sonoraenequipo.com.mx\/va-por-la-reeleccion-con-avivado-discurso-antimigrante\/","og_locale":"es_ES","og_type":"article","og_title":"Sonora en Equipo. Va por la reelecci\u00f3n con avivado discurso antimigrante MUNDO","og_description":"ESTADOS UNIDOS. \u2014 \u201cConservar grandioso a Estados Unidos\u201d. El presidente Donald Trump actualiz\u00f3 el lema de campa\u00f1a con el que lleg\u00f3 a la Casa Blanca en En Sonora en Equipo publicamos toda la informaci\u00f3n de Sonora, M\u00e9xico y el Mundo de manera oportuna y busca que la libertad de expresi\u00f3n sea real. Visita nuestro medio informativo publicado desde Hermosillo, Sonora. %","og_url":"https:\/\/www.sonoraenequipo.com.mx\/va-por-la-reeleccion-con-avivado-discurso-antimigrante\/","og_site_name":"Sonora en Equipo.","article_publisher":"https:\/\/www.facebook.com\/SonoraEE\/","article_author":"https:\/\/www.facebook.com\/SonoraEE","article_published_time":"2019-06-19T15:00:14+00:00","og_image":[{"width":600,"height":400,"url":"https:\/\/www.sonoraenequipo.com.mx\/storage\/2019\/06\/trump_opt3.jpg","type":"image\/jpeg"}],"author":"enequipo","twitter_card":"summary_large_image","twitter_creator":"@sonoraenequipo","twitter_site":"@sonoraenequipo","twitter_misc":{"Escrito por":"enequipo","Tiempo de lectura":"3 minutos"},"schema":{"@context":"https:\/\/schema.org","@graph":[{"@type":"Article","@id":"https:\/\/www.sonoraenequipo.com.mx\/va-por-la-reeleccion-con-avivado-discurso-antimigrante\/#article","isPartOf":{"@id":"https:\/\/www.sonoraenequipo.com.mx\/va-por-la-reeleccion-con-avivado-discurso-antimigrante\/"},"author":{"name":"enequipo","@id":"https:\/\/www.sonoraenequipo.com.mx\/#\/schema\/person\/50102df0fb23a8fa9e8effad8fa81386"},"headline":"Va por la reelecci\u00f3n con avivado discurso antimigrante","datePublished":"2019-06-19T15:00:14+00:00","mainEntityOfPage":{"@id":"https:\/\/www.sonoraenequipo.com.mx\/va-por-la-reeleccion-con-avivado-discurso-antimigrante\/"},"wordCount":598,"commentCount":0,"publisher":{"@id":"https:\/\/www.sonoraenequipo.com.mx\/#organization"},"image":{"@id":"https:\/\/www.sonoraenequipo.com.mx\/va-por-la-reeleccion-con-avivado-discurso-antimigrante\/#primaryimage"},"thumbnailUrl":"https:\/\/www.sonoraenequipo.com.mx\/storage\/2019\/06\/trump_opt3.jpg","articleSection":["MUNDO"],"inLanguage":"es","potentialAction":[{"@type":"CommentAction","name":"Comment","target":["https:\/\/www.sonoraenequipo.com.mx\/va-por-la-reeleccion-con-avivado-discurso-antimigrante\/#respond"]}]},{"@type":"WebPage","@id":"https:\/\/www.sonoraenequipo.com.mx\/va-por-la-reeleccion-con-avivado-discurso-antimigrante\/","url":"https:\/\/www.sonoraenequipo.com.mx\/va-por-la-reeleccion-con-avivado-discurso-antimigrante\/","name":"Sonora en Equipo. Va por la reelecci\u00f3n con avivado discurso antimigrante MUNDO","isPartOf":{"@id":"https:\/\/www.sonoraenequipo.com.mx\/#website"},"primaryImageOfPage":{"@id":"https:\/\/www.sonoraenequipo.com.mx\/va-por-la-reeleccion-con-avivado-discurso-antimigrante\/#primaryimage"},"image":{"@id":"https:\/\/www.sonoraenequipo.com.mx\/va-por-la-reeleccion-con-avivado-discurso-antimigrante\/#primaryimage"},"thumbnailUrl":"https:\/\/www.sonoraenequipo.com.mx\/storage\/2019\/06\/trump_opt3.jpg","datePublished":"2019-06-19T15:00:14+00:00","description":"ESTADOS UNIDOS. \u2014 \u201cConservar grandioso a Estados Unidos\u201d. El presidente Donald Trump actualiz\u00f3 el lema de campa\u00f1a con el que lleg\u00f3 a la Casa Blanca en En Sonora en Equipo publicamos toda la informaci\u00f3n de Sonora, M\u00e9xico y el Mundo de manera oportuna y busca que la libertad de expresi\u00f3n sea real. Visita nuestro medio informativo publicado desde Hermosillo, Sonora. %","breadcrumb":{"@id":"https:\/\/www.sonoraenequipo.com.mx\/va-por-la-reeleccion-con-avivado-discurso-antimigrante\/#breadcrumb"},"inLanguage":"es","potentialAction":[{"@type":"ReadAction","target":["https:\/\/www.sonoraenequipo.com.mx\/va-por-la-reeleccion-con-avivado-discurso-antimigrante\/"]}]},{"@type":"ImageObject","inLanguage":"es","@id":"https:\/\/www.sonoraenequipo.com.mx\/va-por-la-reeleccion-con-avivado-discurso-antimigrante\/#primaryimage","url":"https:\/\/www.sonoraenequipo.com.mx\/storage\/2019\/06\/trump_opt3.jpg","contentUrl":"https:\/\/www.sonoraenequipo.com.mx\/storage\/2019\/06\/trump_opt3.jpg","width":600,"height":400},{"@type":"BreadcrumbList","@id":"https:\/\/www.sonoraenequipo.com.mx\/va-por-la-reeleccion-con-avivado-discurso-antimigrante\/#breadcrumb","itemListElement":[{"@type":"ListItem","position":1,"name":"Portada","item":"https:\/\/www.sonoraenequipo.com.mx\/"},{"@type":"ListItem","position":2,"name":"Va por la reelecci\u00f3n con avivado discurso antimigrante"}]},{"@type":"WebSite","@id":"https:\/\/www.sonoraenequipo.com.mx\/#website","url":"https:\/\/www.sonoraenequipo.com.mx\/","name":"Sonora en Equipo.","description":"Diario en l\u00ednea con Noticias desde Hermosillo, Sonora","publisher":{"@id":"https:\/\/www.sonoraenequipo.com.mx\/#organization"},"potentialAction":[{"@type":"SearchAction","target":{"@type":"EntryPoint","urlTemplate":"https:\/\/www.sonoraenequipo.com.mx\/?s={search_term_string}"},"query-input":{"@type":"PropertyValueSpecification","valueRequired":true,"valueName":"search_term_string"}}],"inLanguage":"es"},{"@type":"Organization","@id":"https:\/\/www.sonoraenequipo.com.mx\/#organization","name":"Sonoraenequipo.com.mx","url":"https:\/\/www.sonoraenequipo.com.mx\/","logo":{"@type":"ImageObject","inLanguage":"es","@id":"https:\/\/www.sonoraenequipo.com.mx\/#\/schema\/logo\/image\/","url":"https:\/\/www.sonoraenequipo.com.mx\/storage\/2019\/01\/sonoraenequipo_opt.png","contentUrl":"https:\/\/www.sonoraenequipo.com.mx\/storage\/2019\/01\/sonoraenequipo_opt.png","width":375,"height":125,"caption":"Sonoraenequipo.com.mx"},"image":{"@id":"https:\/\/www.sonoraenequipo.com.mx\/#\/schema\/logo\/image\/"},"sameAs":["https:\/\/www.facebook.com\/SonoraEE\/","https:\/\/x.com\/sonoraenequipo","https:\/\/www.youtube.com\/channel\/UC338nW-lPEYmJQs4ZABQ1SQ"]},{"@type":"Person","@id":"https:\/\/www.sonoraenequipo.com.mx\/#\/schema\/person\/50102df0fb23a8fa9e8effad8fa81386","name":"enequipo","image":{"@type":"ImageObject","inLanguage":"es","@id":"https:\/\/www.sonoraenequipo.com.mx\/#\/schema\/person\/image\/","url":"https:\/\/secure.gravatar.com\/avatar\/049821681b589dabc0bc20695993ccebb09f5b5d4d790cd9251b97faac7c652b?s=96&d=blank&r=g","contentUrl":"https:\/\/secure.gravatar.com\/avatar\/049821681b589dabc0bc20695993ccebb09f5b5d4d790cd9251b97faac7c652b?s=96&d=blank&r=g","caption":"enequipo"},"sameAs":["https:\/\/www.facebook.com\/SonoraEE"]}]}},"jetpack_featured_media_url":"https:\/\/www.sonoraenequipo.com.mx\/storage\/2019\/06\/trump_opt3.jpg","_links":{"self":[{"href":"https:\/\/www.sonoraenequipo.com.mx\/api\/wp\/v2\/posts\/62601","targetHints":{"allow":["GET"]}}],"collection":[{"href":"https:\/\/www.sonoraenequipo.com.mx\/api\/wp\/v2\/posts"}],"about":[{"href":"https:\/\/www.sonoraenequipo.com.mx\/api\/wp\/v2\/types\/post"}],"author":[{"embeddable":true,"href":"https:\/\/www.sonoraenequipo.com.mx\/api\/wp\/v2\/users\/1"}],"replies":[{"embeddable":true,"href":"https:\/\/www.sonoraenequipo.com.mx\/api\/wp\/v2\/comments?post=62601"}],"version-history":[{"count":0,"href":"https:\/\/www.sonoraenequipo.com.mx\/api\/wp\/v2\/posts\/62601\/revisions"}],"wp:featuredmedia":[{"embeddable":true,"href":"https:\/\/www.sonoraenequipo.com.mx\/api\/wp\/v2\/media\/62602"}],"wp:attachment":[{"href":"https:\/\/www.sonoraenequipo.com.mx\/api\/wp\/v2\/media?parent=62601"}],"wp:term":[{"taxonomy":"category","embeddable":true,"href":"https:\/\/www.sonoraenequipo.com.mx\/api\/wp\/v2\/categories?post=62601"},{"taxonomy":"post_tag","embeddable":true,"href":"https:\/\/www.sonoraenequipo.com.mx\/api\/wp\/v2\/tags?post=62601"}],"curies":[{"name":"wp","href":"https:\/\/api.w.org\/{rel}","templated":true}]}}