{"id":63630,"date":"2019-07-08T14:20:06","date_gmt":"2019-07-08T21:20:06","guid":{"rendered":"http:\/\/www.sonoraenequipo.com.mx\/?p=63630"},"modified":"2019-07-08T13:24:20","modified_gmt":"2019-07-08T20:24:20","slug":"empresas-de-seguridad-privada-respaldan-a-la-guardia-nacional","status":"publish","type":"post","link":"https:\/\/www.sonoraenequipo.com.mx\/empresas-de-seguridad-privada-respaldan-a-la-guardia-nacional\/","title":{"rendered":"Empresas de seguridad privada respaldan a la Guardia Nacional"},"content":{"rendered":"<p>CIUDAD DE M\u00c9XICO. MX. La Asociaci\u00f3n Mexicana de Empresas de Seguridad Privada (AMESP) ofreci\u00f3 al gobierno del presidente Andr\u00e9s Manuel L\u00f3pez Obrador su apoyo y colaboraci\u00f3n con la Guardia Nacional. <\/p>\n<p>La Asociaci\u00f3n Mexicana de Empresas de Seguridad Privada (AMESP) ofreci\u00f3 al gobierno del presidente Andr\u00e9s Manuel L\u00f3pez Obrador su apoyo y colaboraci\u00f3n con la Guardia Nacional.<\/p>\n<p>El presidente de esa asociaci\u00f3n, Joel Ju\u00e1rez Blanco, dijo que comparte el objetivo de velar por la seguridad de la poblaci\u00f3n, salvaguardar sus fronteras, proteger los proyectos estrat\u00e9gicos y lograr un M\u00e9xico en paz.<\/p>\n<p>En un comunicado, detall\u00f3 que la AMESP agrupa a las 42 empresas m\u00e1s grandes e importantes del pa\u00eds, siete de ellas internacionales, con m\u00e1s de 120 mil de las 500 mil personas que laboran en este sector dentro del territorio nacional.<\/p>\n<p>Al respecto, el vicepresidente de este organismo, Jos\u00e9 Luis Calder\u00f3n Gonz\u00e1lez, destac\u00f3 que para garantizar el desarrollo y concretar una adecuada estrategia de paz en M\u00e9xico se debe considerar la importancia de la relaci\u00f3n entre la seguridad nacional que integran las Fuerzas Armadas, la seguridad p\u00fablica, compuesta por las polic\u00edas, procuradur\u00edas y los sistemas penitenciarios de los tres niveles de gobierno.<\/p>\n<p>Adem\u00e1s, la seguridad privada que coadyuva con los entes antes mencionados y con la sociedad en general en distintos niveles de servicio, agreg\u00f3.<\/p>\n<p>(Publicado el 08\/07\/2019 \/NOTIMEX)<\/p>\n","protected":false},"excerpt":{"rendered":"<p>CIUDAD DE M\u00c9XICO. MX. La Asociaci\u00f3n Mexicana de Empresas de Seguridad Privada (AMESP) ofreci\u00f3 al&#8230;<\/p>\n","protected":false},"author":1,"featured_media":63632,"comment_status":"open","ping_status":"open","sticky":false,"template":"","format":"standard","meta":{"_monsterinsights_skip_tracking":false,"_monsterinsights_sitenote_active":false,"_monsterinsights_sitenote_note":"","_monsterinsights_sitenote_category":0,"footnotes":""},"categories":[5],"tags":[],"class_list":["post"],"yoast_head":" \n<title>Sonora en Equipo. Empresas de seguridad privada respaldan a la Guardia Nacional Rep\u00fablica<\/title>\n<meta name=\"description\" content=\"CIUDAD DE M\u00c9XICO. MX. La Asociaci\u00f3n Mexicana de Empresas de Seguridad Privada (AMESP) ofreci\u00f3 al gobierno del presidente Andr\u00e9s Manuel L\u00f3pez Obrador su En Sonora en Equipo publicamos toda la informaci\u00f3n de Sonora, M\u00e9xico y el Mundo de manera oportuna y busca que la libertad de expresi\u00f3n sea real. Visita nuestro medio informativo publicado desde Hermosillo, Sonora. %\" \/>\n<meta name=\"robots\" content=\"index, follow, max-snippet:-1, max-image-preview:large, max-video-preview:-1\" \/>\n<link rel=\"canonical\" href=\"https:\/\/www.sonoraenequipo.com.mx\/empresas-de-seguridad-privada-respaldan-a-la-guardia-nacional\/\" \/>\n<meta property=\"og:locale\" content=\"es_ES\" \/>\n<meta property=\"og:type\" content=\"article\" \/>\n<meta property=\"og:title\" content=\"Sonora en Equipo. Empresas de seguridad privada respaldan a la Guardia Nacional Rep\u00fablica\" \/>\n<meta property=\"og:description\" content=\"CIUDAD DE M\u00c9XICO. MX. La Asociaci\u00f3n Mexicana de Empresas de Seguridad Privada (AMESP) ofreci\u00f3 al gobierno del presidente Andr\u00e9s Manuel L\u00f3pez Obrador su En Sonora en Equipo publicamos toda la informaci\u00f3n de Sonora, M\u00e9xico y el Mundo de manera oportuna y busca que la libertad de expresi\u00f3n sea real. Visita nuestro medio informativo publicado desde Hermosillo, Sonora. %\" \/>\n<meta property=\"og:url\" content=\"https:\/\/www.sonoraenequipo.com.mx\/empresas-de-seguridad-privada-respaldan-a-la-guardia-nacional\/\" \/>\n<meta property=\"og:site_name\" content=\"Sonora en Equipo.\" \/>\n<meta property=\"article:publisher\" content=\"https:\/\/www.facebook.com\/SonoraEE\/\" \/>\n<meta property=\"article:author\" content=\"https:\/\/www.facebook.com\/SonoraEE\" \/>\n<meta property=\"article:published_time\" content=\"2019-07-08T21:20:06+00:00\" \/>\n<meta property=\"og:image\" content=\"https:\/\/www.sonoraenequipo.com.mx\/storage\/2019\/07\/policia-federal-10_opt.jpg\" \/>\n\t<meta property=\"og:image:width\" content=\"713\" \/>\n\t<meta property=\"og:image:height\" content=\"400\" \/>\n\t<meta property=\"og:image:type\" content=\"image\/jpeg\" \/>\n<meta name=\"author\" content=\"enequipo\" \/>\n<meta name=\"twitter:card\" content=\"summary_large_image\" \/>\n<meta name=\"twitter:creator\" content=\"@sonoraenequipo\" \/>\n<meta name=\"twitter:site\" content=\"@sonoraenequipo\" \/>\n<meta name=\"twitter:label1\" content=\"Escrito por\" \/>\n\t<meta name=\"twitter:data1\" content=\"enequipo\" \/>\n\t<meta name=\"twitter:label2\" content=\"Tiempo de lectura\" \/>\n\t<meta name=\"twitter:data2\" content=\"1 minuto\" \/>\n<script type=\"application\/ld+json\" class=\"yoast-schema-graph\">{\"@context\":\"https:\/\/schema.org\",\"@graph\":[{\"@type\":\"Article\",\"@id\":\"https:\/\/www.sonoraenequipo.com.mx\/empresas-de-seguridad-privada-respaldan-a-la-guardia-nacional\/#article\",\"isPartOf\":{\"@id\":\"https:\/\/www.sonoraenequipo.com.mx\/empresas-de-seguridad-privada-respaldan-a-la-guardia-nacional\/\"},\"author\":{\"name\":\"enequipo\",\"@id\":\"https:\/\/www.sonoraenequipo.com.mx\/#\/schema\/person\/50102df0fb23a8fa9e8effad8fa81386\"},\"headline\":\"Empresas de seguridad privada respaldan a la Guardia Nacional\",\"datePublished\":\"2019-07-08T21:20:06+00:00\",\"mainEntityOfPage\":{\"@id\":\"https:\/\/www.sonoraenequipo.com.mx\/empresas-de-seguridad-privada-respaldan-a-la-guardia-nacional\/\"},\"wordCount\":249,\"commentCount\":0,\"publisher\":{\"@id\":\"https:\/\/www.sonoraenequipo.com.mx\/#organization\"},\"image\":{\"@id\":\"https:\/\/www.sonoraenequipo.com.mx\/empresas-de-seguridad-privada-respaldan-a-la-guardia-nacional\/#primaryimage\"},\"thumbnailUrl\":\"https:\/\/www.sonoraenequipo.com.mx\/storage\/2019\/07\/policia-federal-10_opt.jpg\",\"articleSection\":[\"Rep\u00fablica\"],\"inLanguage\":\"es\",\"potentialAction\":[{\"@type\":\"CommentAction\",\"name\":\"Comment\",\"target\":[\"https:\/\/www.sonoraenequipo.com.mx\/empresas-de-seguridad-privada-respaldan-a-la-guardia-nacional\/#respond\"]}]},{\"@type\":\"WebPage\",\"@id\":\"https:\/\/www.sonoraenequipo.com.mx\/empresas-de-seguridad-privada-respaldan-a-la-guardia-nacional\/\",\"url\":\"https:\/\/www.sonoraenequipo.com.mx\/empresas-de-seguridad-privada-respaldan-a-la-guardia-nacional\/\",\"name\":\"Sonora en Equipo. Empresas de seguridad privada respaldan a la Guardia Nacional Rep\u00fablica\",\"isPartOf\":{\"@id\":\"https:\/\/www.sonoraenequipo.com.mx\/#website\"},\"primaryImageOfPage\":{\"@id\":\"https:\/\/www.sonoraenequipo.com.mx\/empresas-de-seguridad-privada-respaldan-a-la-guardia-nacional\/#primaryimage\"},\"image\":{\"@id\":\"https:\/\/www.sonoraenequipo.com.mx\/empresas-de-seguridad-privada-respaldan-a-la-guardia-nacional\/#primaryimage\"},\"thumbnailUrl\":\"https:\/\/www.sonoraenequipo.com.mx\/storage\/2019\/07\/policia-federal-10_opt.jpg\",\"datePublished\":\"2019-07-08T21:20:06+00:00\",\"description\":\"CIUDAD DE M\u00c9XICO. MX. La Asociaci\u00f3n Mexicana de Empresas de Seguridad Privada (AMESP) ofreci\u00f3 al gobierno del presidente Andr\u00e9s Manuel L\u00f3pez Obrador su En Sonora en Equipo publicamos toda la informaci\u00f3n de Sonora, M\u00e9xico y el Mundo de manera oportuna y busca que la libertad de expresi\u00f3n sea real. Visita nuestro medio informativo publicado desde Hermosillo, Sonora. %\",\"breadcrumb\":{\"@id\":\"https:\/\/www.sonoraenequipo.com.mx\/empresas-de-seguridad-privada-respaldan-a-la-guardia-nacional\/#breadcrumb\"},\"inLanguage\":\"es\",\"potentialAction\":[{\"@type\":\"ReadAction\",\"target\":[\"https:\/\/www.sonoraenequipo.com.mx\/empresas-de-seguridad-privada-respaldan-a-la-guardia-nacional\/\"]}]},{\"@type\":\"ImageObject\",\"inLanguage\":\"es\",\"@id\":\"https:\/\/www.sonoraenequipo.com.mx\/empresas-de-seguridad-privada-respaldan-a-la-guardia-nacional\/#primaryimage\",\"url\":\"https:\/\/www.sonoraenequipo.com.mx\/storage\/2019\/07\/policia-federal-10_opt.jpg\",\"contentUrl\":\"https:\/\/www.sonoraenequipo.com.mx\/storage\/2019\/07\/policia-federal-10_opt.jpg\",\"width\":713,\"height\":400},{\"@type\":\"BreadcrumbList\",\"@id\":\"https:\/\/www.sonoraenequipo.com.mx\/empresas-de-seguridad-privada-respaldan-a-la-guardia-nacional\/#breadcrumb\",\"itemListElement\":[{\"@type\":\"ListItem\",\"position\":1,\"name\":\"Portada\",\"item\":\"https:\/\/www.sonoraenequipo.com.mx\/\"},{\"@type\":\"ListItem\",\"position\":2,\"name\":\"Empresas de seguridad privada respaldan a la Guardia Nacional\"}]},{\"@type\":\"WebSite\",\"@id\":\"https:\/\/www.sonoraenequipo.com.mx\/#website\",\"url\":\"https:\/\/www.sonoraenequipo.com.mx\/\",\"name\":\"Sonora en Equipo.\",\"description\":\"Diario en l\u00ednea con Noticias desde Hermosillo, Sonora\",\"publisher\":{\"@id\":\"https:\/\/www.sonoraenequipo.com.mx\/#organization\"},\"potentialAction\":[{\"@type\":\"SearchAction\",\"target\":{\"@type\":\"EntryPoint\",\"urlTemplate\":\"https:\/\/www.sonoraenequipo.com.mx\/?s={search_term_string}\"},\"query-input\":{\"@type\":\"PropertyValueSpecification\",\"valueRequired\":true,\"valueName\":\"search_term_string\"}}],\"inLanguage\":\"es\"},{\"@type\":\"Organization\",\"@id\":\"https:\/\/www.sonoraenequipo.com.mx\/#organization\",\"name\":\"Sonoraenequipo.com.mx\",\"url\":\"https:\/\/www.sonoraenequipo.com.mx\/\",\"logo\":{\"@type\":\"ImageObject\",\"inLanguage\":\"es\",\"@id\":\"https:\/\/www.sonoraenequipo.com.mx\/#\/schema\/logo\/image\/\",\"url\":\"https:\/\/www.sonoraenequipo.com.mx\/storage\/2019\/01\/sonoraenequipo_opt.png\",\"contentUrl\":\"https:\/\/www.sonoraenequipo.com.mx\/storage\/2019\/01\/sonoraenequipo_opt.png\",\"width\":375,\"height\":125,\"caption\":\"Sonoraenequipo.com.mx\"},\"image\":{\"@id\":\"https:\/\/www.sonoraenequipo.com.mx\/#\/schema\/logo\/image\/\"},\"sameAs\":[\"https:\/\/www.facebook.com\/SonoraEE\/\",\"https:\/\/x.com\/sonoraenequipo\",\"https:\/\/www.youtube.com\/channel\/UC338nW-lPEYmJQs4ZABQ1SQ\"]},{\"@type\":\"Person\",\"@id\":\"https:\/\/www.sonoraenequipo.com.mx\/#\/schema\/person\/50102df0fb23a8fa9e8effad8fa81386\",\"name\":\"enequipo\",\"image\":{\"@type\":\"ImageObject\",\"inLanguage\":\"es\",\"@id\":\"https:\/\/www.sonoraenequipo.com.mx\/#\/schema\/person\/image\/\",\"url\":\"https:\/\/secure.gravatar.com\/avatar\/049821681b589dabc0bc20695993ccebb09f5b5d4d790cd9251b97faac7c652b?s=96&d=blank&r=g\",\"contentUrl\":\"https:\/\/secure.gravatar.com\/avatar\/049821681b589dabc0bc20695993ccebb09f5b5d4d790cd9251b97faac7c652b?s=96&d=blank&r=g\",\"caption\":\"enequipo\"},\"sameAs\":[\"https:\/\/www.facebook.com\/SonoraEE\"]}]}<\/script>\n ","yoast_head_json":{"title":"Sonora en Equipo. Empresas de seguridad privada respaldan a la Guardia Nacional Rep\u00fablica","description":"CIUDAD DE M\u00c9XICO. MX. La Asociaci\u00f3n Mexicana de Empresas de Seguridad Privada (AMESP) ofreci\u00f3 al gobierno del presidente Andr\u00e9s Manuel L\u00f3pez Obrador su En Sonora en Equipo publicamos toda la informaci\u00f3n de Sonora, M\u00e9xico y el Mundo de manera oportuna y busca que la libertad de expresi\u00f3n sea real. Visita nuestro medio informativo publicado desde Hermosillo, Sonora. %","robots":{"index":"index","follow":"follow","max-snippet":"max-snippet:-1","max-image-preview":"max-image-preview:large","max-video-preview":"max-video-preview:-1"},"canonical":"https:\/\/www.sonoraenequipo.com.mx\/empresas-de-seguridad-privada-respaldan-a-la-guardia-nacional\/","og_locale":"es_ES","og_type":"article","og_title":"Sonora en Equipo. Empresas de seguridad privada respaldan a la Guardia Nacional Rep\u00fablica","og_description":"CIUDAD DE M\u00c9XICO. MX. La Asociaci\u00f3n Mexicana de Empresas de Seguridad Privada (AMESP) ofreci\u00f3 al gobierno del presidente Andr\u00e9s Manuel L\u00f3pez Obrador su En Sonora en Equipo publicamos toda la informaci\u00f3n de Sonora, M\u00e9xico y el Mundo de manera oportuna y busca que la libertad de expresi\u00f3n sea real. Visita nuestro medio informativo publicado desde Hermosillo, Sonora. %","og_url":"https:\/\/www.sonoraenequipo.com.mx\/empresas-de-seguridad-privada-respaldan-a-la-guardia-nacional\/","og_site_name":"Sonora en Equipo.","article_publisher":"https:\/\/www.facebook.com\/SonoraEE\/","article_author":"https:\/\/www.facebook.com\/SonoraEE","article_published_time":"2019-07-08T21:20:06+00:00","og_image":[{"width":713,"height":400,"url":"https:\/\/www.sonoraenequipo.com.mx\/storage\/2019\/07\/policia-federal-10_opt.jpg","type":"image\/jpeg"}],"author":"enequipo","twitter_card":"summary_large_image","twitter_creator":"@sonoraenequipo","twitter_site":"@sonoraenequipo","twitter_misc":{"Escrito por":"enequipo","Tiempo de lectura":"1 minuto"},"schema":{"@context":"https:\/\/schema.org","@graph":[{"@type":"Article","@id":"https:\/\/www.sonoraenequipo.com.mx\/empresas-de-seguridad-privada-respaldan-a-la-guardia-nacional\/#article","isPartOf":{"@id":"https:\/\/www.sonoraenequipo.com.mx\/empresas-de-seguridad-privada-respaldan-a-la-guardia-nacional\/"},"author":{"name":"enequipo","@id":"https:\/\/www.sonoraenequipo.com.mx\/#\/schema\/person\/50102df0fb23a8fa9e8effad8fa81386"},"headline":"Empresas de seguridad privada respaldan a la Guardia Nacional","datePublished":"2019-07-08T21:20:06+00:00","mainEntityOfPage":{"@id":"https:\/\/www.sonoraenequipo.com.mx\/empresas-de-seguridad-privada-respaldan-a-la-guardia-nacional\/"},"wordCount":249,"commentCount":0,"publisher":{"@id":"https:\/\/www.sonoraenequipo.com.mx\/#organization"},"image":{"@id":"https:\/\/www.sonoraenequipo.com.mx\/empresas-de-seguridad-privada-respaldan-a-la-guardia-nacional\/#primaryimage"},"thumbnailUrl":"https:\/\/www.sonoraenequipo.com.mx\/storage\/2019\/07\/policia-federal-10_opt.jpg","articleSection":["Rep\u00fablica"],"inLanguage":"es","potentialAction":[{"@type":"CommentAction","name":"Comment","target":["https:\/\/www.sonoraenequipo.com.mx\/empresas-de-seguridad-privada-respaldan-a-la-guardia-nacional\/#respond"]}]},{"@type":"WebPage","@id":"https:\/\/www.sonoraenequipo.com.mx\/empresas-de-seguridad-privada-respaldan-a-la-guardia-nacional\/","url":"https:\/\/www.sonoraenequipo.com.mx\/empresas-de-seguridad-privada-respaldan-a-la-guardia-nacional\/","name":"Sonora en Equipo. Empresas de seguridad privada respaldan a la Guardia Nacional Rep\u00fablica","isPartOf":{"@id":"https:\/\/www.sonoraenequipo.com.mx\/#website"},"primaryImageOfPage":{"@id":"https:\/\/www.sonoraenequipo.com.mx\/empresas-de-seguridad-privada-respaldan-a-la-guardia-nacional\/#primaryimage"},"image":{"@id":"https:\/\/www.sonoraenequipo.com.mx\/empresas-de-seguridad-privada-respaldan-a-la-guardia-nacional\/#primaryimage"},"thumbnailUrl":"https:\/\/www.sonoraenequipo.com.mx\/storage\/2019\/07\/policia-federal-10_opt.jpg","datePublished":"2019-07-08T21:20:06+00:00","description":"CIUDAD DE M\u00c9XICO. MX. La Asociaci\u00f3n Mexicana de Empresas de Seguridad Privada (AMESP) ofreci\u00f3 al gobierno del presidente Andr\u00e9s Manuel L\u00f3pez Obrador su En Sonora en Equipo publicamos toda la informaci\u00f3n de Sonora, M\u00e9xico y el Mundo de manera oportuna y busca que la libertad de expresi\u00f3n sea real. Visita nuestro medio informativo publicado desde Hermosillo, Sonora. %","breadcrumb":{"@id":"https:\/\/www.sonoraenequipo.com.mx\/empresas-de-seguridad-privada-respaldan-a-la-guardia-nacional\/#breadcrumb"},"inLanguage":"es","potentialAction":[{"@type":"ReadAction","target":["https:\/\/www.sonoraenequipo.com.mx\/empresas-de-seguridad-privada-respaldan-a-la-guardia-nacional\/"]}]},{"@type":"ImageObject","inLanguage":"es","@id":"https:\/\/www.sonoraenequipo.com.mx\/empresas-de-seguridad-privada-respaldan-a-la-guardia-nacional\/#primaryimage","url":"https:\/\/www.sonoraenequipo.com.mx\/storage\/2019\/07\/policia-federal-10_opt.jpg","contentUrl":"https:\/\/www.sonoraenequipo.com.mx\/storage\/2019\/07\/policia-federal-10_opt.jpg","width":713,"height":400},{"@type":"BreadcrumbList","@id":"https:\/\/www.sonoraenequipo.com.mx\/empresas-de-seguridad-privada-respaldan-a-la-guardia-nacional\/#breadcrumb","itemListElement":[{"@type":"ListItem","position":1,"name":"Portada","item":"https:\/\/www.sonoraenequipo.com.mx\/"},{"@type":"ListItem","position":2,"name":"Empresas de seguridad privada respaldan a la Guardia Nacional"}]},{"@type":"WebSite","@id":"https:\/\/www.sonoraenequipo.com.mx\/#website","url":"https:\/\/www.sonoraenequipo.com.mx\/","name":"Sonora en Equipo.","description":"Diario en l\u00ednea con Noticias desde Hermosillo, Sonora","publisher":{"@id":"https:\/\/www.sonoraenequipo.com.mx\/#organization"},"potentialAction":[{"@type":"SearchAction","target":{"@type":"EntryPoint","urlTemplate":"https:\/\/www.sonoraenequipo.com.mx\/?s={search_term_string}"},"query-input":{"@type":"PropertyValueSpecification","valueRequired":true,"valueName":"search_term_string"}}],"inLanguage":"es"},{"@type":"Organization","@id":"https:\/\/www.sonoraenequipo.com.mx\/#organization","name":"Sonoraenequipo.com.mx","url":"https:\/\/www.sonoraenequipo.com.mx\/","logo":{"@type":"ImageObject","inLanguage":"es","@id":"https:\/\/www.sonoraenequipo.com.mx\/#\/schema\/logo\/image\/","url":"https:\/\/www.sonoraenequipo.com.mx\/storage\/2019\/01\/sonoraenequipo_opt.png","contentUrl":"https:\/\/www.sonoraenequipo.com.mx\/storage\/2019\/01\/sonoraenequipo_opt.png","width":375,"height":125,"caption":"Sonoraenequipo.com.mx"},"image":{"@id":"https:\/\/www.sonoraenequipo.com.mx\/#\/schema\/logo\/image\/"},"sameAs":["https:\/\/www.facebook.com\/SonoraEE\/","https:\/\/x.com\/sonoraenequipo","https:\/\/www.youtube.com\/channel\/UC338nW-lPEYmJQs4ZABQ1SQ"]},{"@type":"Person","@id":"https:\/\/www.sonoraenequipo.com.mx\/#\/schema\/person\/50102df0fb23a8fa9e8effad8fa81386","name":"enequipo","image":{"@type":"ImageObject","inLanguage":"es","@id":"https:\/\/www.sonoraenequipo.com.mx\/#\/schema\/person\/image\/","url":"https:\/\/secure.gravatar.com\/avatar\/049821681b589dabc0bc20695993ccebb09f5b5d4d790cd9251b97faac7c652b?s=96&d=blank&r=g","contentUrl":"https:\/\/secure.gravatar.com\/avatar\/049821681b589dabc0bc20695993ccebb09f5b5d4d790cd9251b97faac7c652b?s=96&d=blank&r=g","caption":"enequipo"},"sameAs":["https:\/\/www.facebook.com\/SonoraEE"]}]}},"jetpack_featured_media_url":"https:\/\/www.sonoraenequipo.com.mx\/storage\/2019\/07\/policia-federal-10_opt.jpg","_links":{"self":[{"href":"https:\/\/www.sonoraenequipo.com.mx\/api\/wp\/v2\/posts\/63630","targetHints":{"allow":["GET"]}}],"collection":[{"href":"https:\/\/www.sonoraenequipo.com.mx\/api\/wp\/v2\/posts"}],"about":[{"href":"https:\/\/www.sonoraenequipo.com.mx\/api\/wp\/v2\/types\/post"}],"author":[{"embeddable":true,"href":"https:\/\/www.sonoraenequipo.com.mx\/api\/wp\/v2\/users\/1"}],"replies":[{"embeddable":true,"href":"https:\/\/www.sonoraenequipo.com.mx\/api\/wp\/v2\/comments?post=63630"}],"version-history":[{"count":0,"href":"https:\/\/www.sonoraenequipo.com.mx\/api\/wp\/v2\/posts\/63630\/revisions"}],"wp:featuredmedia":[{"embeddable":true,"href":"https:\/\/www.sonoraenequipo.com.mx\/api\/wp\/v2\/media\/63632"}],"wp:attachment":[{"href":"https:\/\/www.sonoraenequipo.com.mx\/api\/wp\/v2\/media?parent=63630"}],"wp:term":[{"taxonomy":"category","embeddable":true,"href":"https:\/\/www.sonoraenequipo.com.mx\/api\/wp\/v2\/categories?post=63630"},{"taxonomy":"post_tag","embeddable":true,"href":"https:\/\/www.sonoraenequipo.com.mx\/api\/wp\/v2\/tags?post=63630"}],"curies":[{"name":"wp","href":"https:\/\/api.w.org\/{rel}","templated":true}]}}