{"id":63635,"date":"2019-07-08T13:26:54","date_gmt":"2019-07-08T20:26:54","guid":{"rendered":"http:\/\/www.sonoraenequipo.com.mx\/?p=63635"},"modified":"2019-07-08T13:26:54","modified_gmt":"2019-07-08T20:26:54","slug":"dan-cinco-anos-de-prision-a-ciberacosador-sexual","status":"publish","type":"post","link":"https:\/\/www.sonoraenequipo.com.mx\/dan-cinco-anos-de-prision-a-ciberacosador-sexual\/","title":{"rendered":"Dan cinco a\u00f1os de prisi\u00f3n a ciberacosador sexual"},"content":{"rendered":"<p>&nbsp;<\/p>\n<p>NOGALES,SONORA.- Gan\u00f3 la amistad de una persona menor de edad a trav\u00e9s de Facebook, pero con el tiempo empez\u00f3 el acoso al grado de amenazarla con \u201cquemarla\u201d en las redes sociales. <\/p>\n<p>&nbsp;<\/p>\n<p>Ezequiel \u201cN.\u201d, \u201cEl Zheque\u201d, de 30 a\u00f1os, obtuvo la confianza de una joven de 15 a\u00f1os para chatear seguido, pl\u00e1ticas en las que el individuo fue subiendo de tono con el tiempo.<\/p>\n<p>&nbsp;<\/p>\n<p>Por enviar y pedirle a la v\u00edctima fotos de contenido sexual a trav\u00e9s de la red social, \u00e9l fue sentenciado a 5 a\u00f1os 6 meses de prisi\u00f3n por el delito de exhibiciones obscenas o er\u00f3ticas, ejecutado en menor de edad.<\/p>\n<p>&nbsp;<\/p>\n<p>Adem\u00e1s, \u201cEl Zheque\u201d fue condenado por el Juez Penal a pagar una multa de 7 mil 12 pesos y a cubrir 32 mil 723.60 pesos para la reparaci\u00f3n del da\u00f1o moral.<\/p>\n<p>&nbsp;<\/p>\n<p>Durante el juicio oral, de la causa penal 128\/2018, personal de la Fiscal\u00eda General de Justicia del Estado (FGJE) demostr\u00f3 al Juez los hechos por lo que fue acusado.<\/p>\n<p>&nbsp;<\/p>\n<p>En los d\u00edas de mayo de 2018, Ezequiel \u201cN.\u201d envi\u00f3 una solicitud de amistad, v\u00eda Facebook, a la persona menor de edad y empezaron a platicar por chat.<\/p>\n<p>&nbsp;<\/p>\n<p>Despu\u00e9s, sin recordar fechas, la v\u00edctima recibi\u00f3 una imagen pornogr\u00e1fica que le mand\u00f3 el sujeto y le pidi\u00f3 que la \u201crecreara\u201d, a lo que ella se neg\u00f3 inmediatamente.<\/p>\n<p>&nbsp;<\/p>\n<p>Pero \u00e9l comenz\u00f3 a insistirle que le enviara fotograf\u00edas desnuda, amedrent\u00e1ndola que de no hacerlo la iba a \u201cquemar\u201d en redes sociales y le dejar\u00eda de hablar.<\/p>\n<p>&nbsp;<\/p>\n<p>Por temor, ella accedi\u00f3 y, le mand\u00f3 una imagen de su cuerpo por Messenger, de Facebook, el sujeto le dijo que deseaba tener relaciones sexuales.<\/p>\n<p>&nbsp;<\/p>\n<p>Pasaron d\u00edas, hasta que la madre de la perjudicada not\u00f3 que su hija entraba y sal\u00eda del ba\u00f1o, por lo que al investigar descubri\u00f3 que escondida en ese sitio enviaba mensajes desde su tel\u00e9fono celular.<\/p>\n<p>&nbsp;<\/p>\n<p>Al salir del ba\u00f1o la madre le quit\u00f3 el dispositivo y descubri\u00f3 las conversaciones de su hija con el ahora sentenciado, por lo que de inmediato acudi\u00f3 a denunciar los hechos ante el Ministerio P\u00fablico.<\/p>\n<p>&nbsp;<\/p>\n<p>El 15 de octubre de 2018 elementos de la Agencia Ministerial de Investigaci\u00f3n Criminal (AMIC) ejecutaron orden de aprehensi\u00f3n, el Juez formul\u00f3 imputaci\u00f3n y se vincul\u00f3 a proceso el mismo d\u00eda.<\/p>\n<p>&nbsp;<\/p>\n<p>Para el 6 de febrero de 2019 se formaliz\u00f3 la acusaci\u00f3n en su contra y el 26 de junio el Juez dict\u00f3 fallo condenatorio a Ezequiel \u201cN.\u201d por exhibiciones obscenas o er\u00f3ticas ejecutado en menor de edad.<\/p>\n<p>&nbsp;<\/p>\n<p>Los hechos se demostraron con siete testigos que declararon en audiencia, con pruebas documentales que se exhibieron como las conversaciones e im\u00e1genes enviadas y la prueba material consistente en el tel\u00e9fono de la v\u00edctima.<\/p>\n<p>Fecha de publicaci\u00f3n 08\/07\/2019<\/p>\n","protected":false},"excerpt":{"rendered":"<p>&nbsp; NOGALES,SONORA.- Gan\u00f3 la amistad de una persona menor de edad a trav\u00e9s de Facebook,&#8230;<\/p>\n","protected":false},"author":178,"featured_media":63638,"comment_status":"open","ping_status":"open","sticky":false,"template":"","format":"standard","meta":{"_monsterinsights_skip_tracking":false,"_monsterinsights_sitenote_active":false,"_monsterinsights_sitenote_note":"","_monsterinsights_sitenote_category":0,"footnotes":""},"categories":[3144],"tags":[3268,1242],"class_list":["post"],"yoast_head":" \n<title>Sonora en Equipo. Dan cinco a\u00f1os de prisi\u00f3n a ciberacosador sexual Polic\u00edaca<\/title>\n<meta name=\"description\" content=\"&nbsp; NOGALES,SONORA.- Gan\u00f3 la amistad de una persona menor de edad a trav\u00e9s de Facebook, pero con el tiempo empez\u00f3 el acoso al grado de amenazarla con En Sonora en Equipo publicamos toda la informaci\u00f3n de Sonora, M\u00e9xico y el Mundo de manera oportuna y busca que la libertad de expresi\u00f3n sea real. Visita nuestro medio informativo publicado desde Hermosillo, Sonora. %\" \/>\n<meta name=\"robots\" content=\"index, follow, max-snippet:-1, max-image-preview:large, max-video-preview:-1\" \/>\n<link rel=\"canonical\" href=\"https:\/\/www.sonoraenequipo.com.mx\/dan-cinco-anos-de-prision-a-ciberacosador-sexual\/\" \/>\n<meta property=\"og:locale\" content=\"es_ES\" \/>\n<meta property=\"og:type\" content=\"article\" \/>\n<meta property=\"og:title\" content=\"Sonora en Equipo. Dan cinco a\u00f1os de prisi\u00f3n a ciberacosador sexual Polic\u00edaca\" \/>\n<meta property=\"og:description\" content=\"&nbsp; NOGALES,SONORA.- Gan\u00f3 la amistad de una persona menor de edad a trav\u00e9s de Facebook, pero con el tiempo empez\u00f3 el acoso al grado de amenazarla con En Sonora en Equipo publicamos toda la informaci\u00f3n de Sonora, M\u00e9xico y el Mundo de manera oportuna y busca que la libertad de expresi\u00f3n sea real. Visita nuestro medio informativo publicado desde Hermosillo, Sonora. %\" \/>\n<meta property=\"og:url\" content=\"https:\/\/www.sonoraenequipo.com.mx\/dan-cinco-anos-de-prision-a-ciberacosador-sexual\/\" \/>\n<meta property=\"og:site_name\" content=\"Sonora en Equipo.\" \/>\n<meta property=\"article:publisher\" content=\"https:\/\/www.facebook.com\/SonoraEE\/\" \/>\n<meta property=\"article:published_time\" content=\"2019-07-08T20:26:54+00:00\" \/>\n<meta property=\"og:image\" content=\"https:\/\/www.sonoraenequipo.com.mx\/storage\/2019\/07\/ciber-acoso.jpg\" \/>\n\t<meta property=\"og:image:width\" content=\"450\" \/>\n\t<meta property=\"og:image:height\" content=\"315\" \/>\n\t<meta property=\"og:image:type\" content=\"image\/jpeg\" \/>\n<meta name=\"author\" content=\"enequipo\" \/>\n<meta name=\"twitter:card\" content=\"summary_large_image\" \/>\n<meta name=\"twitter:creator\" content=\"@sonoraenequipo\" \/>\n<meta name=\"twitter:site\" content=\"@sonoraenequipo\" \/>\n<meta name=\"twitter:label1\" content=\"Escrito por\" \/>\n\t<meta name=\"twitter:data1\" content=\"enequipo\" \/>\n\t<meta name=\"twitter:label2\" content=\"Tiempo de lectura\" \/>\n\t<meta name=\"twitter:data2\" content=\"2 minutos\" \/>\n<script type=\"application\/ld+json\" class=\"yoast-schema-graph\">{\"@context\":\"https:\/\/schema.org\",\"@graph\":[{\"@type\":\"Article\",\"@id\":\"https:\/\/www.sonoraenequipo.com.mx\/dan-cinco-anos-de-prision-a-ciberacosador-sexual\/#article\",\"isPartOf\":{\"@id\":\"https:\/\/www.sonoraenequipo.com.mx\/dan-cinco-anos-de-prision-a-ciberacosador-sexual\/\"},\"author\":{\"name\":\"enequipo\",\"@id\":\"https:\/\/www.sonoraenequipo.com.mx\/#\/schema\/person\/61a39de478a1763473ad55e8a95fddf6\"},\"headline\":\"Dan cinco a\u00f1os de prisi\u00f3n a ciberacosador sexual\",\"datePublished\":\"2019-07-08T20:26:54+00:00\",\"mainEntityOfPage\":{\"@id\":\"https:\/\/www.sonoraenequipo.com.mx\/dan-cinco-anos-de-prision-a-ciberacosador-sexual\/\"},\"wordCount\":494,\"commentCount\":0,\"publisher\":{\"@id\":\"https:\/\/www.sonoraenequipo.com.mx\/#organization\"},\"image\":{\"@id\":\"https:\/\/www.sonoraenequipo.com.mx\/dan-cinco-anos-de-prision-a-ciberacosador-sexual\/#primaryimage\"},\"thumbnailUrl\":\"https:\/\/www.sonoraenequipo.com.mx\/storage\/2019\/07\/ciber-acoso.jpg\",\"keywords\":[\"ciber acoso\",\"Nogales\"],\"articleSection\":[\"Polic\u00edaca\"],\"inLanguage\":\"es\",\"potentialAction\":[{\"@type\":\"CommentAction\",\"name\":\"Comment\",\"target\":[\"https:\/\/www.sonoraenequipo.com.mx\/dan-cinco-anos-de-prision-a-ciberacosador-sexual\/#respond\"]}]},{\"@type\":\"WebPage\",\"@id\":\"https:\/\/www.sonoraenequipo.com.mx\/dan-cinco-anos-de-prision-a-ciberacosador-sexual\/\",\"url\":\"https:\/\/www.sonoraenequipo.com.mx\/dan-cinco-anos-de-prision-a-ciberacosador-sexual\/\",\"name\":\"Sonora en Equipo. Dan cinco a\u00f1os de prisi\u00f3n a ciberacosador sexual Polic\u00edaca\",\"isPartOf\":{\"@id\":\"https:\/\/www.sonoraenequipo.com.mx\/#website\"},\"primaryImageOfPage\":{\"@id\":\"https:\/\/www.sonoraenequipo.com.mx\/dan-cinco-anos-de-prision-a-ciberacosador-sexual\/#primaryimage\"},\"image\":{\"@id\":\"https:\/\/www.sonoraenequipo.com.mx\/dan-cinco-anos-de-prision-a-ciberacosador-sexual\/#primaryimage\"},\"thumbnailUrl\":\"https:\/\/www.sonoraenequipo.com.mx\/storage\/2019\/07\/ciber-acoso.jpg\",\"datePublished\":\"2019-07-08T20:26:54+00:00\",\"description\":\"&nbsp; NOGALES,SONORA.- Gan\u00f3 la amistad de una persona menor de edad a trav\u00e9s de Facebook, pero con el tiempo empez\u00f3 el acoso al grado de amenazarla con En Sonora en Equipo publicamos toda la informaci\u00f3n de Sonora, M\u00e9xico y el Mundo de manera oportuna y busca que la libertad de expresi\u00f3n sea real. Visita nuestro medio informativo publicado desde Hermosillo, Sonora. %\",\"breadcrumb\":{\"@id\":\"https:\/\/www.sonoraenequipo.com.mx\/dan-cinco-anos-de-prision-a-ciberacosador-sexual\/#breadcrumb\"},\"inLanguage\":\"es\",\"potentialAction\":[{\"@type\":\"ReadAction\",\"target\":[\"https:\/\/www.sonoraenequipo.com.mx\/dan-cinco-anos-de-prision-a-ciberacosador-sexual\/\"]}]},{\"@type\":\"ImageObject\",\"inLanguage\":\"es\",\"@id\":\"https:\/\/www.sonoraenequipo.com.mx\/dan-cinco-anos-de-prision-a-ciberacosador-sexual\/#primaryimage\",\"url\":\"https:\/\/www.sonoraenequipo.com.mx\/storage\/2019\/07\/ciber-acoso.jpg\",\"contentUrl\":\"https:\/\/www.sonoraenequipo.com.mx\/storage\/2019\/07\/ciber-acoso.jpg\",\"width\":450,\"height\":315},{\"@type\":\"BreadcrumbList\",\"@id\":\"https:\/\/www.sonoraenequipo.com.mx\/dan-cinco-anos-de-prision-a-ciberacosador-sexual\/#breadcrumb\",\"itemListElement\":[{\"@type\":\"ListItem\",\"position\":1,\"name\":\"Portada\",\"item\":\"https:\/\/www.sonoraenequipo.com.mx\/\"},{\"@type\":\"ListItem\",\"position\":2,\"name\":\"Dan cinco a\u00f1os de prisi\u00f3n a ciberacosador sexual\"}]},{\"@type\":\"WebSite\",\"@id\":\"https:\/\/www.sonoraenequipo.com.mx\/#website\",\"url\":\"https:\/\/www.sonoraenequipo.com.mx\/\",\"name\":\"Sonora en Equipo.\",\"description\":\"Diario en l\u00ednea con Noticias desde Hermosillo, Sonora\",\"publisher\":{\"@id\":\"https:\/\/www.sonoraenequipo.com.mx\/#organization\"},\"potentialAction\":[{\"@type\":\"SearchAction\",\"target\":{\"@type\":\"EntryPoint\",\"urlTemplate\":\"https:\/\/www.sonoraenequipo.com.mx\/?s={search_term_string}\"},\"query-input\":{\"@type\":\"PropertyValueSpecification\",\"valueRequired\":true,\"valueName\":\"search_term_string\"}}],\"inLanguage\":\"es\"},{\"@type\":\"Organization\",\"@id\":\"https:\/\/www.sonoraenequipo.com.mx\/#organization\",\"name\":\"Sonoraenequipo.com.mx\",\"url\":\"https:\/\/www.sonoraenequipo.com.mx\/\",\"logo\":{\"@type\":\"ImageObject\",\"inLanguage\":\"es\",\"@id\":\"https:\/\/www.sonoraenequipo.com.mx\/#\/schema\/logo\/image\/\",\"url\":\"https:\/\/www.sonoraenequipo.com.mx\/storage\/2019\/01\/sonoraenequipo_opt.png\",\"contentUrl\":\"https:\/\/www.sonoraenequipo.com.mx\/storage\/2019\/01\/sonoraenequipo_opt.png\",\"width\":375,\"height\":125,\"caption\":\"Sonoraenequipo.com.mx\"},\"image\":{\"@id\":\"https:\/\/www.sonoraenequipo.com.mx\/#\/schema\/logo\/image\/\"},\"sameAs\":[\"https:\/\/www.facebook.com\/SonoraEE\/\",\"https:\/\/x.com\/sonoraenequipo\",\"https:\/\/www.youtube.com\/channel\/UC338nW-lPEYmJQs4ZABQ1SQ\"]},{\"@type\":\"Person\",\"@id\":\"https:\/\/www.sonoraenequipo.com.mx\/#\/schema\/person\/61a39de478a1763473ad55e8a95fddf6\",\"name\":\"enequipo\",\"image\":{\"@type\":\"ImageObject\",\"inLanguage\":\"es\",\"@id\":\"https:\/\/www.sonoraenequipo.com.mx\/#\/schema\/person\/image\/\",\"url\":\"https:\/\/secure.gravatar.com\/avatar\/e39bc3016d8af598aed3d770c9510dfc2795f37ea1733d99fcc6e97d2c3c9f5e?s=96&d=blank&r=g\",\"contentUrl\":\"https:\/\/secure.gravatar.com\/avatar\/e39bc3016d8af598aed3d770c9510dfc2795f37ea1733d99fcc6e97d2c3c9f5e?s=96&d=blank&r=g\",\"caption\":\"enequipo\"}}]}<\/script>\n ","yoast_head_json":{"title":"Sonora en Equipo. Dan cinco a\u00f1os de prisi\u00f3n a ciberacosador sexual Polic\u00edaca","description":"&nbsp; NOGALES,SONORA.- Gan\u00f3 la amistad de una persona menor de edad a trav\u00e9s de Facebook, pero con el tiempo empez\u00f3 el acoso al grado de amenazarla con En Sonora en Equipo publicamos toda la informaci\u00f3n de Sonora, M\u00e9xico y el Mundo de manera oportuna y busca que la libertad de expresi\u00f3n sea real. Visita nuestro medio informativo publicado desde Hermosillo, Sonora. %","robots":{"index":"index","follow":"follow","max-snippet":"max-snippet:-1","max-image-preview":"max-image-preview:large","max-video-preview":"max-video-preview:-1"},"canonical":"https:\/\/www.sonoraenequipo.com.mx\/dan-cinco-anos-de-prision-a-ciberacosador-sexual\/","og_locale":"es_ES","og_type":"article","og_title":"Sonora en Equipo. Dan cinco a\u00f1os de prisi\u00f3n a ciberacosador sexual Polic\u00edaca","og_description":"&nbsp; NOGALES,SONORA.- Gan\u00f3 la amistad de una persona menor de edad a trav\u00e9s de Facebook, pero con el tiempo empez\u00f3 el acoso al grado de amenazarla con En Sonora en Equipo publicamos toda la informaci\u00f3n de Sonora, M\u00e9xico y el Mundo de manera oportuna y busca que la libertad de expresi\u00f3n sea real. Visita nuestro medio informativo publicado desde Hermosillo, Sonora. %","og_url":"https:\/\/www.sonoraenequipo.com.mx\/dan-cinco-anos-de-prision-a-ciberacosador-sexual\/","og_site_name":"Sonora en Equipo.","article_publisher":"https:\/\/www.facebook.com\/SonoraEE\/","article_published_time":"2019-07-08T20:26:54+00:00","og_image":[{"width":450,"height":315,"url":"https:\/\/www.sonoraenequipo.com.mx\/storage\/2019\/07\/ciber-acoso.jpg","type":"image\/jpeg"}],"author":"enequipo","twitter_card":"summary_large_image","twitter_creator":"@sonoraenequipo","twitter_site":"@sonoraenequipo","twitter_misc":{"Escrito por":"enequipo","Tiempo de lectura":"2 minutos"},"schema":{"@context":"https:\/\/schema.org","@graph":[{"@type":"Article","@id":"https:\/\/www.sonoraenequipo.com.mx\/dan-cinco-anos-de-prision-a-ciberacosador-sexual\/#article","isPartOf":{"@id":"https:\/\/www.sonoraenequipo.com.mx\/dan-cinco-anos-de-prision-a-ciberacosador-sexual\/"},"author":{"name":"enequipo","@id":"https:\/\/www.sonoraenequipo.com.mx\/#\/schema\/person\/61a39de478a1763473ad55e8a95fddf6"},"headline":"Dan cinco a\u00f1os de prisi\u00f3n a ciberacosador sexual","datePublished":"2019-07-08T20:26:54+00:00","mainEntityOfPage":{"@id":"https:\/\/www.sonoraenequipo.com.mx\/dan-cinco-anos-de-prision-a-ciberacosador-sexual\/"},"wordCount":494,"commentCount":0,"publisher":{"@id":"https:\/\/www.sonoraenequipo.com.mx\/#organization"},"image":{"@id":"https:\/\/www.sonoraenequipo.com.mx\/dan-cinco-anos-de-prision-a-ciberacosador-sexual\/#primaryimage"},"thumbnailUrl":"https:\/\/www.sonoraenequipo.com.mx\/storage\/2019\/07\/ciber-acoso.jpg","keywords":["ciber acoso","Nogales"],"articleSection":["Polic\u00edaca"],"inLanguage":"es","potentialAction":[{"@type":"CommentAction","name":"Comment","target":["https:\/\/www.sonoraenequipo.com.mx\/dan-cinco-anos-de-prision-a-ciberacosador-sexual\/#respond"]}]},{"@type":"WebPage","@id":"https:\/\/www.sonoraenequipo.com.mx\/dan-cinco-anos-de-prision-a-ciberacosador-sexual\/","url":"https:\/\/www.sonoraenequipo.com.mx\/dan-cinco-anos-de-prision-a-ciberacosador-sexual\/","name":"Sonora en Equipo. Dan cinco a\u00f1os de prisi\u00f3n a ciberacosador sexual Polic\u00edaca","isPartOf":{"@id":"https:\/\/www.sonoraenequipo.com.mx\/#website"},"primaryImageOfPage":{"@id":"https:\/\/www.sonoraenequipo.com.mx\/dan-cinco-anos-de-prision-a-ciberacosador-sexual\/#primaryimage"},"image":{"@id":"https:\/\/www.sonoraenequipo.com.mx\/dan-cinco-anos-de-prision-a-ciberacosador-sexual\/#primaryimage"},"thumbnailUrl":"https:\/\/www.sonoraenequipo.com.mx\/storage\/2019\/07\/ciber-acoso.jpg","datePublished":"2019-07-08T20:26:54+00:00","description":"&nbsp; NOGALES,SONORA.- Gan\u00f3 la amistad de una persona menor de edad a trav\u00e9s de Facebook, pero con el tiempo empez\u00f3 el acoso al grado de amenazarla con En Sonora en Equipo publicamos toda la informaci\u00f3n de Sonora, M\u00e9xico y el Mundo de manera oportuna y busca que la libertad de expresi\u00f3n sea real. Visita nuestro medio informativo publicado desde Hermosillo, Sonora. %","breadcrumb":{"@id":"https:\/\/www.sonoraenequipo.com.mx\/dan-cinco-anos-de-prision-a-ciberacosador-sexual\/#breadcrumb"},"inLanguage":"es","potentialAction":[{"@type":"ReadAction","target":["https:\/\/www.sonoraenequipo.com.mx\/dan-cinco-anos-de-prision-a-ciberacosador-sexual\/"]}]},{"@type":"ImageObject","inLanguage":"es","@id":"https:\/\/www.sonoraenequipo.com.mx\/dan-cinco-anos-de-prision-a-ciberacosador-sexual\/#primaryimage","url":"https:\/\/www.sonoraenequipo.com.mx\/storage\/2019\/07\/ciber-acoso.jpg","contentUrl":"https:\/\/www.sonoraenequipo.com.mx\/storage\/2019\/07\/ciber-acoso.jpg","width":450,"height":315},{"@type":"BreadcrumbList","@id":"https:\/\/www.sonoraenequipo.com.mx\/dan-cinco-anos-de-prision-a-ciberacosador-sexual\/#breadcrumb","itemListElement":[{"@type":"ListItem","position":1,"name":"Portada","item":"https:\/\/www.sonoraenequipo.com.mx\/"},{"@type":"ListItem","position":2,"name":"Dan cinco a\u00f1os de prisi\u00f3n a ciberacosador sexual"}]},{"@type":"WebSite","@id":"https:\/\/www.sonoraenequipo.com.mx\/#website","url":"https:\/\/www.sonoraenequipo.com.mx\/","name":"Sonora en Equipo.","description":"Diario en l\u00ednea con Noticias desde Hermosillo, Sonora","publisher":{"@id":"https:\/\/www.sonoraenequipo.com.mx\/#organization"},"potentialAction":[{"@type":"SearchAction","target":{"@type":"EntryPoint","urlTemplate":"https:\/\/www.sonoraenequipo.com.mx\/?s={search_term_string}"},"query-input":{"@type":"PropertyValueSpecification","valueRequired":true,"valueName":"search_term_string"}}],"inLanguage":"es"},{"@type":"Organization","@id":"https:\/\/www.sonoraenequipo.com.mx\/#organization","name":"Sonoraenequipo.com.mx","url":"https:\/\/www.sonoraenequipo.com.mx\/","logo":{"@type":"ImageObject","inLanguage":"es","@id":"https:\/\/www.sonoraenequipo.com.mx\/#\/schema\/logo\/image\/","url":"https:\/\/www.sonoraenequipo.com.mx\/storage\/2019\/01\/sonoraenequipo_opt.png","contentUrl":"https:\/\/www.sonoraenequipo.com.mx\/storage\/2019\/01\/sonoraenequipo_opt.png","width":375,"height":125,"caption":"Sonoraenequipo.com.mx"},"image":{"@id":"https:\/\/www.sonoraenequipo.com.mx\/#\/schema\/logo\/image\/"},"sameAs":["https:\/\/www.facebook.com\/SonoraEE\/","https:\/\/x.com\/sonoraenequipo","https:\/\/www.youtube.com\/channel\/UC338nW-lPEYmJQs4ZABQ1SQ"]},{"@type":"Person","@id":"https:\/\/www.sonoraenequipo.com.mx\/#\/schema\/person\/61a39de478a1763473ad55e8a95fddf6","name":"enequipo","image":{"@type":"ImageObject","inLanguage":"es","@id":"https:\/\/www.sonoraenequipo.com.mx\/#\/schema\/person\/image\/","url":"https:\/\/secure.gravatar.com\/avatar\/e39bc3016d8af598aed3d770c9510dfc2795f37ea1733d99fcc6e97d2c3c9f5e?s=96&d=blank&r=g","contentUrl":"https:\/\/secure.gravatar.com\/avatar\/e39bc3016d8af598aed3d770c9510dfc2795f37ea1733d99fcc6e97d2c3c9f5e?s=96&d=blank&r=g","caption":"enequipo"}}]}},"jetpack_featured_media_url":"https:\/\/www.sonoraenequipo.com.mx\/storage\/2019\/07\/ciber-acoso.jpg","_links":{"self":[{"href":"https:\/\/www.sonoraenequipo.com.mx\/api\/wp\/v2\/posts\/63635","targetHints":{"allow":["GET"]}}],"collection":[{"href":"https:\/\/www.sonoraenequipo.com.mx\/api\/wp\/v2\/posts"}],"about":[{"href":"https:\/\/www.sonoraenequipo.com.mx\/api\/wp\/v2\/types\/post"}],"author":[{"embeddable":true,"href":"https:\/\/www.sonoraenequipo.com.mx\/api\/wp\/v2\/users\/178"}],"replies":[{"embeddable":true,"href":"https:\/\/www.sonoraenequipo.com.mx\/api\/wp\/v2\/comments?post=63635"}],"version-history":[{"count":0,"href":"https:\/\/www.sonoraenequipo.com.mx\/api\/wp\/v2\/posts\/63635\/revisions"}],"wp:featuredmedia":[{"embeddable":true,"href":"https:\/\/www.sonoraenequipo.com.mx\/api\/wp\/v2\/media\/63638"}],"wp:attachment":[{"href":"https:\/\/www.sonoraenequipo.com.mx\/api\/wp\/v2\/media?parent=63635"}],"wp:term":[{"taxonomy":"category","embeddable":true,"href":"https:\/\/www.sonoraenequipo.com.mx\/api\/wp\/v2\/categories?post=63635"},{"taxonomy":"post_tag","embeddable":true,"href":"https:\/\/www.sonoraenequipo.com.mx\/api\/wp\/v2\/tags?post=63635"}],"curies":[{"name":"wp","href":"https:\/\/api.w.org\/{rel}","templated":true}]}}