{"id":63646,"date":"2019-07-08T14:30:41","date_gmt":"2019-07-08T21:30:41","guid":{"rendered":"http:\/\/www.sonoraenequipo.com.mx\/?p=63646"},"modified":"2019-07-08T18:16:45","modified_gmt":"2019-07-09T01:16:45","slug":"impulsa-itama-creacion-de-proyectos-productivos-entre-adolescentes-internos","status":"publish","type":"post","link":"https:\/\/www.sonoraenequipo.com.mx\/impulsa-itama-creacion-de-proyectos-productivos-entre-adolescentes-internos\/","title":{"rendered":"Impulsa Itama creaci\u00f3n de proyectos productivos entre adolescentes internos"},"content":{"rendered":"<p>HERMOSILLO,SONORA. MX. \u2014\u00a0\u00a0 El Instituto de Tratamiento y de Aplicaci\u00f3n de Medidas para Adolescentes (Itama), impulsa entre la poblaci\u00f3n de j\u00f3venes internos la creaci\u00f3n de proyectos productivos, a fin de que una vez reinsertados a la sociedad les ayude a ser personas econ\u00f3micamente independientes. <\/p>\n<p>La f\u00e1brica de chiles en escabeche, que han iniciado las 11 adolescentes que se encuentran en tratamiento interno en el centro especializado para mujeres \u0093Granja San Antonio\u0094, forma parte de las actividades adicionales a la atenci\u00f3n especializada, que sirve para que ellas aprendan oficios que pueden ser de utilidad en su vida diaria como una fuente de empleo.<\/p>\n<p>Jos\u00e9 Pedro Beltr\u00e1n Valenzuela, encargado de despacho del Itama explic\u00f3 que lo importante de actividades como \u00e9sta, es que ellas personalmente participan en la siembra, cosecha y elaboraci\u00f3n de los chiles en escabeche, fomentando el trabajo en equipo.<\/p>\n<p>Por su parte la directora de la Granja \u0093San Antonio\u0094, Rita Sylvia Castillo Castro, mencion\u00f3 que las j\u00f3venes intervienen de principio a fin en este proyecto, mismo que al egresar puede ser una forma de salir adelante para ellas y sus respectivas familias.<\/p>\n<p>Precis\u00f3 que dicho producto est\u00e1 a la venta y el recurso econ\u00f3mico que se recabe servir\u00e1 para que al egresar cuenten con un capital extra.<\/p>\n<p>Si usted est\u00e1 interesado en apoyar el trabajo de las adolescentes internas en la Granja \u0093San Antonio\u0094 del Itama, adquiriendo los chiles en escabeche, puede comunicarse en Hermosillo a los tel\u00e9fonos: 250 34 00 y 250 37 45.<\/p>\n<p>Fecha de publicaci\u00f3n 08\/07\/2019<\/p>\n","protected":false},"excerpt":{"rendered":"<p>HERMOSILLO,SONORA. MX. \u2014\u00a0\u00a0 El Instituto de Tratamiento y de Aplicaci\u00f3n de Medidas para Adolescentes (Itama),&#8230;<\/p>\n","protected":false},"author":178,"featured_media":63647,"comment_status":"open","ping_status":"open","sticky":false,"template":"","format":"standard","meta":{"_monsterinsights_skip_tracking":false,"_monsterinsights_sitenote_active":false,"_monsterinsights_sitenote_note":"","_monsterinsights_sitenote_category":0,"footnotes":""},"categories":[22],"tags":[3269],"class_list":["post"],"yoast_head":" \n<title>Sonora en Equipo. Impulsa Itama creaci\u00f3n de proyectos productivos entre adolescentes internos Sonora<\/title>\n<meta name=\"description\" content=\"HERMOSILLO,SONORA. MX. \u2014\u00a0\u00a0 El Instituto de Tratamiento y de Aplicaci\u00f3n de Medidas para Adolescentes (Itama), impulsa entre la poblaci\u00f3n de j\u00f3venes En Sonora en Equipo publicamos toda la informaci\u00f3n de Sonora, M\u00e9xico y el Mundo de manera oportuna y busca que la libertad de expresi\u00f3n sea real. Visita nuestro medio informativo publicado desde Hermosillo, Sonora. %\" \/>\n<meta name=\"robots\" content=\"index, follow, max-snippet:-1, max-image-preview:large, max-video-preview:-1\" \/>\n<link rel=\"canonical\" href=\"https:\/\/www.sonoraenequipo.com.mx\/impulsa-itama-creacion-de-proyectos-productivos-entre-adolescentes-internos\/\" \/>\n<meta property=\"og:locale\" content=\"es_ES\" \/>\n<meta property=\"og:type\" content=\"article\" \/>\n<meta property=\"og:title\" content=\"Sonora en Equipo. Impulsa Itama creaci\u00f3n de proyectos productivos entre adolescentes internos Sonora\" \/>\n<meta property=\"og:description\" content=\"HERMOSILLO,SONORA. MX. \u2014\u00a0\u00a0 El Instituto de Tratamiento y de Aplicaci\u00f3n de Medidas para Adolescentes (Itama), impulsa entre la poblaci\u00f3n de j\u00f3venes En Sonora en Equipo publicamos toda la informaci\u00f3n de Sonora, M\u00e9xico y el Mundo de manera oportuna y busca que la libertad de expresi\u00f3n sea real. Visita nuestro medio informativo publicado desde Hermosillo, Sonora. %\" \/>\n<meta property=\"og:url\" content=\"https:\/\/www.sonoraenequipo.com.mx\/impulsa-itama-creacion-de-proyectos-productivos-entre-adolescentes-internos\/\" \/>\n<meta property=\"og:site_name\" content=\"Sonora en Equipo.\" \/>\n<meta property=\"article:publisher\" content=\"https:\/\/www.facebook.com\/SonoraEE\/\" \/>\n<meta property=\"article:published_time\" content=\"2019-07-08T21:30:41+00:00\" \/>\n<meta property=\"article:modified_time\" content=\"2019-07-09T01:16:45+00:00\" \/>\n<meta property=\"og:image\" content=\"https:\/\/www.sonoraenequipo.com.mx\/storage\/2019\/07\/ITAMA.jpg\" \/>\n\t<meta property=\"og:image:width\" content=\"450\" \/>\n\t<meta property=\"og:image:height\" content=\"282\" \/>\n\t<meta property=\"og:image:type\" content=\"image\/jpeg\" \/>\n<meta name=\"author\" content=\"enequipo\" \/>\n<meta name=\"twitter:card\" content=\"summary_large_image\" \/>\n<meta name=\"twitter:creator\" content=\"@sonoraenequipo\" \/>\n<meta name=\"twitter:site\" content=\"@sonoraenequipo\" \/>\n<meta name=\"twitter:label1\" content=\"Escrito por\" \/>\n\t<meta name=\"twitter:data1\" content=\"enequipo\" \/>\n\t<meta name=\"twitter:label2\" content=\"Tiempo de lectura\" \/>\n\t<meta name=\"twitter:data2\" content=\"1 minuto\" \/>\n<script type=\"application\/ld+json\" class=\"yoast-schema-graph\">{\"@context\":\"https:\/\/schema.org\",\"@graph\":[{\"@type\":\"Article\",\"@id\":\"https:\/\/www.sonoraenequipo.com.mx\/impulsa-itama-creacion-de-proyectos-productivos-entre-adolescentes-internos\/#article\",\"isPartOf\":{\"@id\":\"https:\/\/www.sonoraenequipo.com.mx\/impulsa-itama-creacion-de-proyectos-productivos-entre-adolescentes-internos\/\"},\"author\":{\"name\":\"enequipo\",\"@id\":\"https:\/\/www.sonoraenequipo.com.mx\/#\/schema\/person\/61a39de478a1763473ad55e8a95fddf6\"},\"headline\":\"Impulsa Itama creaci\u00f3n de proyectos productivos entre adolescentes internos\",\"datePublished\":\"2019-07-08T21:30:41+00:00\",\"dateModified\":\"2019-07-09T01:16:45+00:00\",\"mainEntityOfPage\":{\"@id\":\"https:\/\/www.sonoraenequipo.com.mx\/impulsa-itama-creacion-de-proyectos-productivos-entre-adolescentes-internos\/\"},\"wordCount\":265,\"commentCount\":0,\"publisher\":{\"@id\":\"https:\/\/www.sonoraenequipo.com.mx\/#organization\"},\"image\":{\"@id\":\"https:\/\/www.sonoraenequipo.com.mx\/impulsa-itama-creacion-de-proyectos-productivos-entre-adolescentes-internos\/#primaryimage\"},\"thumbnailUrl\":\"https:\/\/www.sonoraenequipo.com.mx\/storage\/2019\/07\/ITAMA.jpg\",\"keywords\":[\"ITAMA\"],\"articleSection\":[\"Sonora\"],\"inLanguage\":\"es\",\"potentialAction\":[{\"@type\":\"CommentAction\",\"name\":\"Comment\",\"target\":[\"https:\/\/www.sonoraenequipo.com.mx\/impulsa-itama-creacion-de-proyectos-productivos-entre-adolescentes-internos\/#respond\"]}]},{\"@type\":\"WebPage\",\"@id\":\"https:\/\/www.sonoraenequipo.com.mx\/impulsa-itama-creacion-de-proyectos-productivos-entre-adolescentes-internos\/\",\"url\":\"https:\/\/www.sonoraenequipo.com.mx\/impulsa-itama-creacion-de-proyectos-productivos-entre-adolescentes-internos\/\",\"name\":\"Sonora en Equipo. Impulsa Itama creaci\u00f3n de proyectos productivos entre adolescentes internos Sonora\",\"isPartOf\":{\"@id\":\"https:\/\/www.sonoraenequipo.com.mx\/#website\"},\"primaryImageOfPage\":{\"@id\":\"https:\/\/www.sonoraenequipo.com.mx\/impulsa-itama-creacion-de-proyectos-productivos-entre-adolescentes-internos\/#primaryimage\"},\"image\":{\"@id\":\"https:\/\/www.sonoraenequipo.com.mx\/impulsa-itama-creacion-de-proyectos-productivos-entre-adolescentes-internos\/#primaryimage\"},\"thumbnailUrl\":\"https:\/\/www.sonoraenequipo.com.mx\/storage\/2019\/07\/ITAMA.jpg\",\"datePublished\":\"2019-07-08T21:30:41+00:00\",\"dateModified\":\"2019-07-09T01:16:45+00:00\",\"description\":\"HERMOSILLO,SONORA. MX. \u2014\u00a0\u00a0 El Instituto de Tratamiento y de Aplicaci\u00f3n de Medidas para Adolescentes (Itama), impulsa entre la poblaci\u00f3n de j\u00f3venes En Sonora en Equipo publicamos toda la informaci\u00f3n de Sonora, M\u00e9xico y el Mundo de manera oportuna y busca que la libertad de expresi\u00f3n sea real. Visita nuestro medio informativo publicado desde Hermosillo, Sonora. %\",\"breadcrumb\":{\"@id\":\"https:\/\/www.sonoraenequipo.com.mx\/impulsa-itama-creacion-de-proyectos-productivos-entre-adolescentes-internos\/#breadcrumb\"},\"inLanguage\":\"es\",\"potentialAction\":[{\"@type\":\"ReadAction\",\"target\":[\"https:\/\/www.sonoraenequipo.com.mx\/impulsa-itama-creacion-de-proyectos-productivos-entre-adolescentes-internos\/\"]}]},{\"@type\":\"ImageObject\",\"inLanguage\":\"es\",\"@id\":\"https:\/\/www.sonoraenequipo.com.mx\/impulsa-itama-creacion-de-proyectos-productivos-entre-adolescentes-internos\/#primaryimage\",\"url\":\"https:\/\/www.sonoraenequipo.com.mx\/storage\/2019\/07\/ITAMA.jpg\",\"contentUrl\":\"https:\/\/www.sonoraenequipo.com.mx\/storage\/2019\/07\/ITAMA.jpg\",\"width\":450,\"height\":282},{\"@type\":\"BreadcrumbList\",\"@id\":\"https:\/\/www.sonoraenequipo.com.mx\/impulsa-itama-creacion-de-proyectos-productivos-entre-adolescentes-internos\/#breadcrumb\",\"itemListElement\":[{\"@type\":\"ListItem\",\"position\":1,\"name\":\"Portada\",\"item\":\"https:\/\/www.sonoraenequipo.com.mx\/\"},{\"@type\":\"ListItem\",\"position\":2,\"name\":\"Impulsa Itama creaci\u00f3n de proyectos productivos entre adolescentes internos\"}]},{\"@type\":\"WebSite\",\"@id\":\"https:\/\/www.sonoraenequipo.com.mx\/#website\",\"url\":\"https:\/\/www.sonoraenequipo.com.mx\/\",\"name\":\"Sonora en Equipo.\",\"description\":\"Diario en l\u00ednea con Noticias desde Hermosillo, Sonora\",\"publisher\":{\"@id\":\"https:\/\/www.sonoraenequipo.com.mx\/#organization\"},\"potentialAction\":[{\"@type\":\"SearchAction\",\"target\":{\"@type\":\"EntryPoint\",\"urlTemplate\":\"https:\/\/www.sonoraenequipo.com.mx\/?s={search_term_string}\"},\"query-input\":{\"@type\":\"PropertyValueSpecification\",\"valueRequired\":true,\"valueName\":\"search_term_string\"}}],\"inLanguage\":\"es\"},{\"@type\":\"Organization\",\"@id\":\"https:\/\/www.sonoraenequipo.com.mx\/#organization\",\"name\":\"Sonoraenequipo.com.mx\",\"url\":\"https:\/\/www.sonoraenequipo.com.mx\/\",\"logo\":{\"@type\":\"ImageObject\",\"inLanguage\":\"es\",\"@id\":\"https:\/\/www.sonoraenequipo.com.mx\/#\/schema\/logo\/image\/\",\"url\":\"https:\/\/www.sonoraenequipo.com.mx\/storage\/2019\/01\/sonoraenequipo_opt.png\",\"contentUrl\":\"https:\/\/www.sonoraenequipo.com.mx\/storage\/2019\/01\/sonoraenequipo_opt.png\",\"width\":375,\"height\":125,\"caption\":\"Sonoraenequipo.com.mx\"},\"image\":{\"@id\":\"https:\/\/www.sonoraenequipo.com.mx\/#\/schema\/logo\/image\/\"},\"sameAs\":[\"https:\/\/www.facebook.com\/SonoraEE\/\",\"https:\/\/x.com\/sonoraenequipo\",\"https:\/\/www.youtube.com\/channel\/UC338nW-lPEYmJQs4ZABQ1SQ\"]},{\"@type\":\"Person\",\"@id\":\"https:\/\/www.sonoraenequipo.com.mx\/#\/schema\/person\/61a39de478a1763473ad55e8a95fddf6\",\"name\":\"enequipo\",\"image\":{\"@type\":\"ImageObject\",\"inLanguage\":\"es\",\"@id\":\"https:\/\/www.sonoraenequipo.com.mx\/#\/schema\/person\/image\/\",\"url\":\"https:\/\/secure.gravatar.com\/avatar\/e39bc3016d8af598aed3d770c9510dfc2795f37ea1733d99fcc6e97d2c3c9f5e?s=96&d=blank&r=g\",\"contentUrl\":\"https:\/\/secure.gravatar.com\/avatar\/e39bc3016d8af598aed3d770c9510dfc2795f37ea1733d99fcc6e97d2c3c9f5e?s=96&d=blank&r=g\",\"caption\":\"enequipo\"}}]}<\/script>\n ","yoast_head_json":{"title":"Sonora en Equipo. Impulsa Itama creaci\u00f3n de proyectos productivos entre adolescentes internos Sonora","description":"HERMOSILLO,SONORA. MX. \u2014\u00a0\u00a0 El Instituto de Tratamiento y de Aplicaci\u00f3n de Medidas para Adolescentes (Itama), impulsa entre la poblaci\u00f3n de j\u00f3venes En Sonora en Equipo publicamos toda la informaci\u00f3n de Sonora, M\u00e9xico y el Mundo de manera oportuna y busca que la libertad de expresi\u00f3n sea real. Visita nuestro medio informativo publicado desde Hermosillo, Sonora. %","robots":{"index":"index","follow":"follow","max-snippet":"max-snippet:-1","max-image-preview":"max-image-preview:large","max-video-preview":"max-video-preview:-1"},"canonical":"https:\/\/www.sonoraenequipo.com.mx\/impulsa-itama-creacion-de-proyectos-productivos-entre-adolescentes-internos\/","og_locale":"es_ES","og_type":"article","og_title":"Sonora en Equipo. Impulsa Itama creaci\u00f3n de proyectos productivos entre adolescentes internos Sonora","og_description":"HERMOSILLO,SONORA. MX. \u2014\u00a0\u00a0 El Instituto de Tratamiento y de Aplicaci\u00f3n de Medidas para Adolescentes (Itama), impulsa entre la poblaci\u00f3n de j\u00f3venes En Sonora en Equipo publicamos toda la informaci\u00f3n de Sonora, M\u00e9xico y el Mundo de manera oportuna y busca que la libertad de expresi\u00f3n sea real. Visita nuestro medio informativo publicado desde Hermosillo, Sonora. %","og_url":"https:\/\/www.sonoraenequipo.com.mx\/impulsa-itama-creacion-de-proyectos-productivos-entre-adolescentes-internos\/","og_site_name":"Sonora en Equipo.","article_publisher":"https:\/\/www.facebook.com\/SonoraEE\/","article_published_time":"2019-07-08T21:30:41+00:00","article_modified_time":"2019-07-09T01:16:45+00:00","og_image":[{"width":450,"height":282,"url":"https:\/\/www.sonoraenequipo.com.mx\/storage\/2019\/07\/ITAMA.jpg","type":"image\/jpeg"}],"author":"enequipo","twitter_card":"summary_large_image","twitter_creator":"@sonoraenequipo","twitter_site":"@sonoraenequipo","twitter_misc":{"Escrito por":"enequipo","Tiempo de lectura":"1 minuto"},"schema":{"@context":"https:\/\/schema.org","@graph":[{"@type":"Article","@id":"https:\/\/www.sonoraenequipo.com.mx\/impulsa-itama-creacion-de-proyectos-productivos-entre-adolescentes-internos\/#article","isPartOf":{"@id":"https:\/\/www.sonoraenequipo.com.mx\/impulsa-itama-creacion-de-proyectos-productivos-entre-adolescentes-internos\/"},"author":{"name":"enequipo","@id":"https:\/\/www.sonoraenequipo.com.mx\/#\/schema\/person\/61a39de478a1763473ad55e8a95fddf6"},"headline":"Impulsa Itama creaci\u00f3n de proyectos productivos entre adolescentes internos","datePublished":"2019-07-08T21:30:41+00:00","dateModified":"2019-07-09T01:16:45+00:00","mainEntityOfPage":{"@id":"https:\/\/www.sonoraenequipo.com.mx\/impulsa-itama-creacion-de-proyectos-productivos-entre-adolescentes-internos\/"},"wordCount":265,"commentCount":0,"publisher":{"@id":"https:\/\/www.sonoraenequipo.com.mx\/#organization"},"image":{"@id":"https:\/\/www.sonoraenequipo.com.mx\/impulsa-itama-creacion-de-proyectos-productivos-entre-adolescentes-internos\/#primaryimage"},"thumbnailUrl":"https:\/\/www.sonoraenequipo.com.mx\/storage\/2019\/07\/ITAMA.jpg","keywords":["ITAMA"],"articleSection":["Sonora"],"inLanguage":"es","potentialAction":[{"@type":"CommentAction","name":"Comment","target":["https:\/\/www.sonoraenequipo.com.mx\/impulsa-itama-creacion-de-proyectos-productivos-entre-adolescentes-internos\/#respond"]}]},{"@type":"WebPage","@id":"https:\/\/www.sonoraenequipo.com.mx\/impulsa-itama-creacion-de-proyectos-productivos-entre-adolescentes-internos\/","url":"https:\/\/www.sonoraenequipo.com.mx\/impulsa-itama-creacion-de-proyectos-productivos-entre-adolescentes-internos\/","name":"Sonora en Equipo. Impulsa Itama creaci\u00f3n de proyectos productivos entre adolescentes internos Sonora","isPartOf":{"@id":"https:\/\/www.sonoraenequipo.com.mx\/#website"},"primaryImageOfPage":{"@id":"https:\/\/www.sonoraenequipo.com.mx\/impulsa-itama-creacion-de-proyectos-productivos-entre-adolescentes-internos\/#primaryimage"},"image":{"@id":"https:\/\/www.sonoraenequipo.com.mx\/impulsa-itama-creacion-de-proyectos-productivos-entre-adolescentes-internos\/#primaryimage"},"thumbnailUrl":"https:\/\/www.sonoraenequipo.com.mx\/storage\/2019\/07\/ITAMA.jpg","datePublished":"2019-07-08T21:30:41+00:00","dateModified":"2019-07-09T01:16:45+00:00","description":"HERMOSILLO,SONORA. MX. \u2014\u00a0\u00a0 El Instituto de Tratamiento y de Aplicaci\u00f3n de Medidas para Adolescentes (Itama), impulsa entre la poblaci\u00f3n de j\u00f3venes En Sonora en Equipo publicamos toda la informaci\u00f3n de Sonora, M\u00e9xico y el Mundo de manera oportuna y busca que la libertad de expresi\u00f3n sea real. Visita nuestro medio informativo publicado desde Hermosillo, Sonora. %","breadcrumb":{"@id":"https:\/\/www.sonoraenequipo.com.mx\/impulsa-itama-creacion-de-proyectos-productivos-entre-adolescentes-internos\/#breadcrumb"},"inLanguage":"es","potentialAction":[{"@type":"ReadAction","target":["https:\/\/www.sonoraenequipo.com.mx\/impulsa-itama-creacion-de-proyectos-productivos-entre-adolescentes-internos\/"]}]},{"@type":"ImageObject","inLanguage":"es","@id":"https:\/\/www.sonoraenequipo.com.mx\/impulsa-itama-creacion-de-proyectos-productivos-entre-adolescentes-internos\/#primaryimage","url":"https:\/\/www.sonoraenequipo.com.mx\/storage\/2019\/07\/ITAMA.jpg","contentUrl":"https:\/\/www.sonoraenequipo.com.mx\/storage\/2019\/07\/ITAMA.jpg","width":450,"height":282},{"@type":"BreadcrumbList","@id":"https:\/\/www.sonoraenequipo.com.mx\/impulsa-itama-creacion-de-proyectos-productivos-entre-adolescentes-internos\/#breadcrumb","itemListElement":[{"@type":"ListItem","position":1,"name":"Portada","item":"https:\/\/www.sonoraenequipo.com.mx\/"},{"@type":"ListItem","position":2,"name":"Impulsa Itama creaci\u00f3n de proyectos productivos entre adolescentes internos"}]},{"@type":"WebSite","@id":"https:\/\/www.sonoraenequipo.com.mx\/#website","url":"https:\/\/www.sonoraenequipo.com.mx\/","name":"Sonora en Equipo.","description":"Diario en l\u00ednea con Noticias desde Hermosillo, Sonora","publisher":{"@id":"https:\/\/www.sonoraenequipo.com.mx\/#organization"},"potentialAction":[{"@type":"SearchAction","target":{"@type":"EntryPoint","urlTemplate":"https:\/\/www.sonoraenequipo.com.mx\/?s={search_term_string}"},"query-input":{"@type":"PropertyValueSpecification","valueRequired":true,"valueName":"search_term_string"}}],"inLanguage":"es"},{"@type":"Organization","@id":"https:\/\/www.sonoraenequipo.com.mx\/#organization","name":"Sonoraenequipo.com.mx","url":"https:\/\/www.sonoraenequipo.com.mx\/","logo":{"@type":"ImageObject","inLanguage":"es","@id":"https:\/\/www.sonoraenequipo.com.mx\/#\/schema\/logo\/image\/","url":"https:\/\/www.sonoraenequipo.com.mx\/storage\/2019\/01\/sonoraenequipo_opt.png","contentUrl":"https:\/\/www.sonoraenequipo.com.mx\/storage\/2019\/01\/sonoraenequipo_opt.png","width":375,"height":125,"caption":"Sonoraenequipo.com.mx"},"image":{"@id":"https:\/\/www.sonoraenequipo.com.mx\/#\/schema\/logo\/image\/"},"sameAs":["https:\/\/www.facebook.com\/SonoraEE\/","https:\/\/x.com\/sonoraenequipo","https:\/\/www.youtube.com\/channel\/UC338nW-lPEYmJQs4ZABQ1SQ"]},{"@type":"Person","@id":"https:\/\/www.sonoraenequipo.com.mx\/#\/schema\/person\/61a39de478a1763473ad55e8a95fddf6","name":"enequipo","image":{"@type":"ImageObject","inLanguage":"es","@id":"https:\/\/www.sonoraenequipo.com.mx\/#\/schema\/person\/image\/","url":"https:\/\/secure.gravatar.com\/avatar\/e39bc3016d8af598aed3d770c9510dfc2795f37ea1733d99fcc6e97d2c3c9f5e?s=96&d=blank&r=g","contentUrl":"https:\/\/secure.gravatar.com\/avatar\/e39bc3016d8af598aed3d770c9510dfc2795f37ea1733d99fcc6e97d2c3c9f5e?s=96&d=blank&r=g","caption":"enequipo"}}]}},"jetpack_featured_media_url":"https:\/\/www.sonoraenequipo.com.mx\/storage\/2019\/07\/ITAMA.jpg","_links":{"self":[{"href":"https:\/\/www.sonoraenequipo.com.mx\/api\/wp\/v2\/posts\/63646","targetHints":{"allow":["GET"]}}],"collection":[{"href":"https:\/\/www.sonoraenequipo.com.mx\/api\/wp\/v2\/posts"}],"about":[{"href":"https:\/\/www.sonoraenequipo.com.mx\/api\/wp\/v2\/types\/post"}],"author":[{"embeddable":true,"href":"https:\/\/www.sonoraenequipo.com.mx\/api\/wp\/v2\/users\/178"}],"replies":[{"embeddable":true,"href":"https:\/\/www.sonoraenequipo.com.mx\/api\/wp\/v2\/comments?post=63646"}],"version-history":[{"count":0,"href":"https:\/\/www.sonoraenequipo.com.mx\/api\/wp\/v2\/posts\/63646\/revisions"}],"wp:featuredmedia":[{"embeddable":true,"href":"https:\/\/www.sonoraenequipo.com.mx\/api\/wp\/v2\/media\/63647"}],"wp:attachment":[{"href":"https:\/\/www.sonoraenequipo.com.mx\/api\/wp\/v2\/media?parent=63646"}],"wp:term":[{"taxonomy":"category","embeddable":true,"href":"https:\/\/www.sonoraenequipo.com.mx\/api\/wp\/v2\/categories?post=63646"},{"taxonomy":"post_tag","embeddable":true,"href":"https:\/\/www.sonoraenequipo.com.mx\/api\/wp\/v2\/tags?post=63646"}],"curies":[{"name":"wp","href":"https:\/\/api.w.org\/{rel}","templated":true}]}}