{"id":63660,"date":"2019-07-08T18:00:00","date_gmt":"2019-07-09T01:00:00","guid":{"rendered":"http:\/\/www.sonoraenequipo.com.mx\/?p=63660"},"modified":"2019-07-08T18:41:42","modified_gmt":"2019-07-09T01:41:42","slug":"abogado-de-federales-acusa-a-gobierno-de-cerrarse-al-dialogo","status":"publish","type":"post","link":"https:\/\/www.sonoraenequipo.com.mx\/abogado-de-federales-acusa-a-gobierno-de-cerrarse-al-dialogo\/","title":{"rendered":"Abogado de federales acusa a gobierno de cerrarse al di\u00e1logo"},"content":{"rendered":"<p>CIUDAD DE M\u00c9XICO. MX. \u2014 Enrique Carpizo, abogado de los polic\u00edas federales inconformes con su paso a la Guardia Nacional, sostuvo que persiste el acoso contra ellos, por lo que ya se present\u00f3 un amparo y una denuncia a nivel local por amenazas de muerte contra un elemento que se sum\u00f3 al movimiento. <\/p>\n<p>En declaraciones a los medios en el Centro de la Polic\u00eda Federal (PF) en Iztapalapa, el litigante tambi\u00e9n denunci\u00f3 que se ha incumplido con varios de los ofrecimientos que se les han hecho para terminar con el conflicto.<\/p>\n<p>De acuerdo con Carpizo, no han cesado los acosos laborales y las amenazas contra sus representados, ante lo cual se solicit\u00f3 un amparo y una denuncia a nivel local para proteger la integridad de un elemento que se sum\u00f3 a las manifestaciones.<\/p>\n<p>Afirm\u00f3 que las autoridades faltaron al compromiso de entregar el s\u00e1bado a las 17:00 horas el tabulador que proponen para efecto de entregar un haber a los polic\u00edas que no deseen integrarse al reci\u00e9n creado cuerpo de seguridad.<\/p>\n<p>Igualmente, dijo, se violent\u00f3 el compromiso de clarificar las medidas de contrataci\u00f3n o los t\u00e9rminos laborales de transici\u00f3n al nuevo organismo.<\/p>\n<p>En el Centro de Mando, donde los inconformes se mantienen el plant\u00f3n desde el mi\u00e9rcoles pasado, el abogado acus\u00f3 que las autoridades se han cerrado al di\u00e1logo y a sus peticiones de claridad en la transici\u00f3n, cese de los acosos y represalias y que se ofrezca la mejor alternativa para quienes no deseen continuar en las fuerzas federales.<\/p>\n<p>Subray\u00f3 que ese colectivo no est\u00e1 dispuesto a continuar en la corporaci\u00f3n no por ausencia de patriotismo ni de valor, sino por los tratos, a su decir discriminatorios, de que han sido objeto cuando quisieron entrar la Guardia Nacional.<\/p>\n<p>En tal sentido lament\u00f3 que no se haya designado a ning\u00fan representante de la Comisi\u00f3n Nacional de los de los Derechos Humanos (CNDH) para garantizar el cumplimiento de esas garant\u00edas durante el proceso que se enfrenta.<\/p>\n<p>Enrique Carpizo insisti\u00f3 en que la PF \u00abno est\u00e1 de acuerdo en desaparecer, pero tampoco en que se violenten sus derechos humanos y que pese a que muchos tienen miedo, muchos m\u00e1s seguir\u00e1n luchando\u00bb.<\/p>\n<p>(Publicado el 08\/07\/2019<\/p>\n","protected":false},"excerpt":{"rendered":"<p>CIUDAD DE M\u00c9XICO. MX. \u2014 Enrique Carpizo, abogado de los polic\u00edas federales inconformes con su&#8230;<\/p>\n","protected":false},"author":1,"featured_media":63661,"comment_status":"open","ping_status":"open","sticky":false,"template":"","format":"standard","meta":{"_monsterinsights_skip_tracking":false,"_monsterinsights_sitenote_active":false,"_monsterinsights_sitenote_note":"","_monsterinsights_sitenote_category":0,"footnotes":""},"categories":[5],"tags":[],"class_list":["post"],"yoast_head":" \n<title>Sonora en Equipo. Abogado de federales acusa a gobierno de cerrarse al di\u00e1logo Rep\u00fablica<\/title>\n<meta name=\"description\" content=\"CIUDAD DE M\u00c9XICO. MX. \u2014 Enrique Carpizo, abogado de los polic\u00edas federales inconformes con su paso a la Guardia Nacional, sostuvo que persiste el acoso En Sonora en Equipo publicamos toda la informaci\u00f3n de Sonora, M\u00e9xico y el Mundo de manera oportuna y busca que la libertad de expresi\u00f3n sea real. Visita nuestro medio informativo publicado desde Hermosillo, Sonora. %\" \/>\n<meta name=\"robots\" content=\"index, follow, max-snippet:-1, max-image-preview:large, max-video-preview:-1\" \/>\n<link rel=\"canonical\" href=\"https:\/\/www.sonoraenequipo.com.mx\/abogado-de-federales-acusa-a-gobierno-de-cerrarse-al-dialogo\/\" \/>\n<meta property=\"og:locale\" content=\"es_ES\" \/>\n<meta property=\"og:type\" content=\"article\" \/>\n<meta property=\"og:title\" content=\"Sonora en Equipo. Abogado de federales acusa a gobierno de cerrarse al di\u00e1logo Rep\u00fablica\" \/>\n<meta property=\"og:description\" content=\"CIUDAD DE M\u00c9XICO. MX. \u2014 Enrique Carpizo, abogado de los polic\u00edas federales inconformes con su paso a la Guardia Nacional, sostuvo que persiste el acoso En Sonora en Equipo publicamos toda la informaci\u00f3n de Sonora, M\u00e9xico y el Mundo de manera oportuna y busca que la libertad de expresi\u00f3n sea real. Visita nuestro medio informativo publicado desde Hermosillo, Sonora. %\" \/>\n<meta property=\"og:url\" content=\"https:\/\/www.sonoraenequipo.com.mx\/abogado-de-federales-acusa-a-gobierno-de-cerrarse-al-dialogo\/\" \/>\n<meta property=\"og:site_name\" content=\"Sonora en Equipo.\" \/>\n<meta property=\"article:publisher\" content=\"https:\/\/www.facebook.com\/SonoraEE\/\" \/>\n<meta property=\"article:author\" content=\"https:\/\/www.facebook.com\/SonoraEE\" \/>\n<meta property=\"article:published_time\" content=\"2019-07-09T01:00:00+00:00\" \/>\n<meta property=\"article:modified_time\" content=\"2019-07-09T01:41:42+00:00\" \/>\n<meta property=\"og:image\" content=\"https:\/\/www.sonoraenequipo.com.mx\/storage\/2019\/07\/abogadodefederales_opt.jpg\" \/>\n\t<meta property=\"og:image:width\" content=\"594\" \/>\n\t<meta property=\"og:image:height\" content=\"334\" \/>\n\t<meta property=\"og:image:type\" content=\"image\/jpeg\" \/>\n<meta name=\"author\" content=\"enequipo\" \/>\n<meta name=\"twitter:card\" content=\"summary_large_image\" \/>\n<meta name=\"twitter:creator\" content=\"@sonoraenequipo\" \/>\n<meta name=\"twitter:site\" content=\"@sonoraenequipo\" \/>\n<meta name=\"twitter:label1\" content=\"Escrito por\" \/>\n\t<meta name=\"twitter:data1\" content=\"enequipo\" \/>\n\t<meta name=\"twitter:label2\" content=\"Tiempo de lectura\" \/>\n\t<meta name=\"twitter:data2\" content=\"2 minutos\" \/>\n<script type=\"application\/ld+json\" class=\"yoast-schema-graph\">{\"@context\":\"https:\/\/schema.org\",\"@graph\":[{\"@type\":\"Article\",\"@id\":\"https:\/\/www.sonoraenequipo.com.mx\/abogado-de-federales-acusa-a-gobierno-de-cerrarse-al-dialogo\/#article\",\"isPartOf\":{\"@id\":\"https:\/\/www.sonoraenequipo.com.mx\/abogado-de-federales-acusa-a-gobierno-de-cerrarse-al-dialogo\/\"},\"author\":{\"name\":\"enequipo\",\"@id\":\"https:\/\/www.sonoraenequipo.com.mx\/#\/schema\/person\/50102df0fb23a8fa9e8effad8fa81386\"},\"headline\":\"Abogado de federales acusa a gobierno de cerrarse al di\u00e1logo\",\"datePublished\":\"2019-07-09T01:00:00+00:00\",\"dateModified\":\"2019-07-09T01:41:42+00:00\",\"mainEntityOfPage\":{\"@id\":\"https:\/\/www.sonoraenequipo.com.mx\/abogado-de-federales-acusa-a-gobierno-de-cerrarse-al-dialogo\/\"},\"wordCount\":390,\"commentCount\":0,\"publisher\":{\"@id\":\"https:\/\/www.sonoraenequipo.com.mx\/#organization\"},\"image\":{\"@id\":\"https:\/\/www.sonoraenequipo.com.mx\/abogado-de-federales-acusa-a-gobierno-de-cerrarse-al-dialogo\/#primaryimage\"},\"thumbnailUrl\":\"https:\/\/www.sonoraenequipo.com.mx\/storage\/2019\/07\/abogadodefederales_opt.jpg\",\"articleSection\":[\"Rep\u00fablica\"],\"inLanguage\":\"es\",\"potentialAction\":[{\"@type\":\"CommentAction\",\"name\":\"Comment\",\"target\":[\"https:\/\/www.sonoraenequipo.com.mx\/abogado-de-federales-acusa-a-gobierno-de-cerrarse-al-dialogo\/#respond\"]}]},{\"@type\":\"WebPage\",\"@id\":\"https:\/\/www.sonoraenequipo.com.mx\/abogado-de-federales-acusa-a-gobierno-de-cerrarse-al-dialogo\/\",\"url\":\"https:\/\/www.sonoraenequipo.com.mx\/abogado-de-federales-acusa-a-gobierno-de-cerrarse-al-dialogo\/\",\"name\":\"Sonora en Equipo. Abogado de federales acusa a gobierno de cerrarse al di\u00e1logo Rep\u00fablica\",\"isPartOf\":{\"@id\":\"https:\/\/www.sonoraenequipo.com.mx\/#website\"},\"primaryImageOfPage\":{\"@id\":\"https:\/\/www.sonoraenequipo.com.mx\/abogado-de-federales-acusa-a-gobierno-de-cerrarse-al-dialogo\/#primaryimage\"},\"image\":{\"@id\":\"https:\/\/www.sonoraenequipo.com.mx\/abogado-de-federales-acusa-a-gobierno-de-cerrarse-al-dialogo\/#primaryimage\"},\"thumbnailUrl\":\"https:\/\/www.sonoraenequipo.com.mx\/storage\/2019\/07\/abogadodefederales_opt.jpg\",\"datePublished\":\"2019-07-09T01:00:00+00:00\",\"dateModified\":\"2019-07-09T01:41:42+00:00\",\"description\":\"CIUDAD DE M\u00c9XICO. MX. \u2014 Enrique Carpizo, abogado de los polic\u00edas federales inconformes con su paso a la Guardia Nacional, sostuvo que persiste el acoso En Sonora en Equipo publicamos toda la informaci\u00f3n de Sonora, M\u00e9xico y el Mundo de manera oportuna y busca que la libertad de expresi\u00f3n sea real. Visita nuestro medio informativo publicado desde Hermosillo, Sonora. %\",\"breadcrumb\":{\"@id\":\"https:\/\/www.sonoraenequipo.com.mx\/abogado-de-federales-acusa-a-gobierno-de-cerrarse-al-dialogo\/#breadcrumb\"},\"inLanguage\":\"es\",\"potentialAction\":[{\"@type\":\"ReadAction\",\"target\":[\"https:\/\/www.sonoraenequipo.com.mx\/abogado-de-federales-acusa-a-gobierno-de-cerrarse-al-dialogo\/\"]}]},{\"@type\":\"ImageObject\",\"inLanguage\":\"es\",\"@id\":\"https:\/\/www.sonoraenequipo.com.mx\/abogado-de-federales-acusa-a-gobierno-de-cerrarse-al-dialogo\/#primaryimage\",\"url\":\"https:\/\/www.sonoraenequipo.com.mx\/storage\/2019\/07\/abogadodefederales_opt.jpg\",\"contentUrl\":\"https:\/\/www.sonoraenequipo.com.mx\/storage\/2019\/07\/abogadodefederales_opt.jpg\",\"width\":594,\"height\":334},{\"@type\":\"BreadcrumbList\",\"@id\":\"https:\/\/www.sonoraenequipo.com.mx\/abogado-de-federales-acusa-a-gobierno-de-cerrarse-al-dialogo\/#breadcrumb\",\"itemListElement\":[{\"@type\":\"ListItem\",\"position\":1,\"name\":\"Portada\",\"item\":\"https:\/\/www.sonoraenequipo.com.mx\/\"},{\"@type\":\"ListItem\",\"position\":2,\"name\":\"Abogado de federales acusa a gobierno de cerrarse al di\u00e1logo\"}]},{\"@type\":\"WebSite\",\"@id\":\"https:\/\/www.sonoraenequipo.com.mx\/#website\",\"url\":\"https:\/\/www.sonoraenequipo.com.mx\/\",\"name\":\"Sonora en Equipo.\",\"description\":\"Diario en l\u00ednea con Noticias desde Hermosillo, Sonora\",\"publisher\":{\"@id\":\"https:\/\/www.sonoraenequipo.com.mx\/#organization\"},\"potentialAction\":[{\"@type\":\"SearchAction\",\"target\":{\"@type\":\"EntryPoint\",\"urlTemplate\":\"https:\/\/www.sonoraenequipo.com.mx\/?s={search_term_string}\"},\"query-input\":{\"@type\":\"PropertyValueSpecification\",\"valueRequired\":true,\"valueName\":\"search_term_string\"}}],\"inLanguage\":\"es\"},{\"@type\":\"Organization\",\"@id\":\"https:\/\/www.sonoraenequipo.com.mx\/#organization\",\"name\":\"Sonoraenequipo.com.mx\",\"url\":\"https:\/\/www.sonoraenequipo.com.mx\/\",\"logo\":{\"@type\":\"ImageObject\",\"inLanguage\":\"es\",\"@id\":\"https:\/\/www.sonoraenequipo.com.mx\/#\/schema\/logo\/image\/\",\"url\":\"https:\/\/www.sonoraenequipo.com.mx\/storage\/2019\/01\/sonoraenequipo_opt.png\",\"contentUrl\":\"https:\/\/www.sonoraenequipo.com.mx\/storage\/2019\/01\/sonoraenequipo_opt.png\",\"width\":375,\"height\":125,\"caption\":\"Sonoraenequipo.com.mx\"},\"image\":{\"@id\":\"https:\/\/www.sonoraenequipo.com.mx\/#\/schema\/logo\/image\/\"},\"sameAs\":[\"https:\/\/www.facebook.com\/SonoraEE\/\",\"https:\/\/x.com\/sonoraenequipo\",\"https:\/\/www.youtube.com\/channel\/UC338nW-lPEYmJQs4ZABQ1SQ\"]},{\"@type\":\"Person\",\"@id\":\"https:\/\/www.sonoraenequipo.com.mx\/#\/schema\/person\/50102df0fb23a8fa9e8effad8fa81386\",\"name\":\"enequipo\",\"image\":{\"@type\":\"ImageObject\",\"inLanguage\":\"es\",\"@id\":\"https:\/\/www.sonoraenequipo.com.mx\/#\/schema\/person\/image\/\",\"url\":\"https:\/\/secure.gravatar.com\/avatar\/049821681b589dabc0bc20695993ccebb09f5b5d4d790cd9251b97faac7c652b?s=96&d=blank&r=g\",\"contentUrl\":\"https:\/\/secure.gravatar.com\/avatar\/049821681b589dabc0bc20695993ccebb09f5b5d4d790cd9251b97faac7c652b?s=96&d=blank&r=g\",\"caption\":\"enequipo\"},\"sameAs\":[\"https:\/\/www.facebook.com\/SonoraEE\"]}]}<\/script>\n ","yoast_head_json":{"title":"Sonora en Equipo. Abogado de federales acusa a gobierno de cerrarse al di\u00e1logo Rep\u00fablica","description":"CIUDAD DE M\u00c9XICO. MX. \u2014 Enrique Carpizo, abogado de los polic\u00edas federales inconformes con su paso a la Guardia Nacional, sostuvo que persiste el acoso En Sonora en Equipo publicamos toda la informaci\u00f3n de Sonora, M\u00e9xico y el Mundo de manera oportuna y busca que la libertad de expresi\u00f3n sea real. Visita nuestro medio informativo publicado desde Hermosillo, Sonora. %","robots":{"index":"index","follow":"follow","max-snippet":"max-snippet:-1","max-image-preview":"max-image-preview:large","max-video-preview":"max-video-preview:-1"},"canonical":"https:\/\/www.sonoraenequipo.com.mx\/abogado-de-federales-acusa-a-gobierno-de-cerrarse-al-dialogo\/","og_locale":"es_ES","og_type":"article","og_title":"Sonora en Equipo. Abogado de federales acusa a gobierno de cerrarse al di\u00e1logo Rep\u00fablica","og_description":"CIUDAD DE M\u00c9XICO. MX. \u2014 Enrique Carpizo, abogado de los polic\u00edas federales inconformes con su paso a la Guardia Nacional, sostuvo que persiste el acoso En Sonora en Equipo publicamos toda la informaci\u00f3n de Sonora, M\u00e9xico y el Mundo de manera oportuna y busca que la libertad de expresi\u00f3n sea real. Visita nuestro medio informativo publicado desde Hermosillo, Sonora. %","og_url":"https:\/\/www.sonoraenequipo.com.mx\/abogado-de-federales-acusa-a-gobierno-de-cerrarse-al-dialogo\/","og_site_name":"Sonora en Equipo.","article_publisher":"https:\/\/www.facebook.com\/SonoraEE\/","article_author":"https:\/\/www.facebook.com\/SonoraEE","article_published_time":"2019-07-09T01:00:00+00:00","article_modified_time":"2019-07-09T01:41:42+00:00","og_image":[{"width":594,"height":334,"url":"https:\/\/www.sonoraenequipo.com.mx\/storage\/2019\/07\/abogadodefederales_opt.jpg","type":"image\/jpeg"}],"author":"enequipo","twitter_card":"summary_large_image","twitter_creator":"@sonoraenequipo","twitter_site":"@sonoraenequipo","twitter_misc":{"Escrito por":"enequipo","Tiempo de lectura":"2 minutos"},"schema":{"@context":"https:\/\/schema.org","@graph":[{"@type":"Article","@id":"https:\/\/www.sonoraenequipo.com.mx\/abogado-de-federales-acusa-a-gobierno-de-cerrarse-al-dialogo\/#article","isPartOf":{"@id":"https:\/\/www.sonoraenequipo.com.mx\/abogado-de-federales-acusa-a-gobierno-de-cerrarse-al-dialogo\/"},"author":{"name":"enequipo","@id":"https:\/\/www.sonoraenequipo.com.mx\/#\/schema\/person\/50102df0fb23a8fa9e8effad8fa81386"},"headline":"Abogado de federales acusa a gobierno de cerrarse al di\u00e1logo","datePublished":"2019-07-09T01:00:00+00:00","dateModified":"2019-07-09T01:41:42+00:00","mainEntityOfPage":{"@id":"https:\/\/www.sonoraenequipo.com.mx\/abogado-de-federales-acusa-a-gobierno-de-cerrarse-al-dialogo\/"},"wordCount":390,"commentCount":0,"publisher":{"@id":"https:\/\/www.sonoraenequipo.com.mx\/#organization"},"image":{"@id":"https:\/\/www.sonoraenequipo.com.mx\/abogado-de-federales-acusa-a-gobierno-de-cerrarse-al-dialogo\/#primaryimage"},"thumbnailUrl":"https:\/\/www.sonoraenequipo.com.mx\/storage\/2019\/07\/abogadodefederales_opt.jpg","articleSection":["Rep\u00fablica"],"inLanguage":"es","potentialAction":[{"@type":"CommentAction","name":"Comment","target":["https:\/\/www.sonoraenequipo.com.mx\/abogado-de-federales-acusa-a-gobierno-de-cerrarse-al-dialogo\/#respond"]}]},{"@type":"WebPage","@id":"https:\/\/www.sonoraenequipo.com.mx\/abogado-de-federales-acusa-a-gobierno-de-cerrarse-al-dialogo\/","url":"https:\/\/www.sonoraenequipo.com.mx\/abogado-de-federales-acusa-a-gobierno-de-cerrarse-al-dialogo\/","name":"Sonora en Equipo. Abogado de federales acusa a gobierno de cerrarse al di\u00e1logo Rep\u00fablica","isPartOf":{"@id":"https:\/\/www.sonoraenequipo.com.mx\/#website"},"primaryImageOfPage":{"@id":"https:\/\/www.sonoraenequipo.com.mx\/abogado-de-federales-acusa-a-gobierno-de-cerrarse-al-dialogo\/#primaryimage"},"image":{"@id":"https:\/\/www.sonoraenequipo.com.mx\/abogado-de-federales-acusa-a-gobierno-de-cerrarse-al-dialogo\/#primaryimage"},"thumbnailUrl":"https:\/\/www.sonoraenequipo.com.mx\/storage\/2019\/07\/abogadodefederales_opt.jpg","datePublished":"2019-07-09T01:00:00+00:00","dateModified":"2019-07-09T01:41:42+00:00","description":"CIUDAD DE M\u00c9XICO. MX. \u2014 Enrique Carpizo, abogado de los polic\u00edas federales inconformes con su paso a la Guardia Nacional, sostuvo que persiste el acoso En Sonora en Equipo publicamos toda la informaci\u00f3n de Sonora, M\u00e9xico y el Mundo de manera oportuna y busca que la libertad de expresi\u00f3n sea real. Visita nuestro medio informativo publicado desde Hermosillo, Sonora. %","breadcrumb":{"@id":"https:\/\/www.sonoraenequipo.com.mx\/abogado-de-federales-acusa-a-gobierno-de-cerrarse-al-dialogo\/#breadcrumb"},"inLanguage":"es","potentialAction":[{"@type":"ReadAction","target":["https:\/\/www.sonoraenequipo.com.mx\/abogado-de-federales-acusa-a-gobierno-de-cerrarse-al-dialogo\/"]}]},{"@type":"ImageObject","inLanguage":"es","@id":"https:\/\/www.sonoraenequipo.com.mx\/abogado-de-federales-acusa-a-gobierno-de-cerrarse-al-dialogo\/#primaryimage","url":"https:\/\/www.sonoraenequipo.com.mx\/storage\/2019\/07\/abogadodefederales_opt.jpg","contentUrl":"https:\/\/www.sonoraenequipo.com.mx\/storage\/2019\/07\/abogadodefederales_opt.jpg","width":594,"height":334},{"@type":"BreadcrumbList","@id":"https:\/\/www.sonoraenequipo.com.mx\/abogado-de-federales-acusa-a-gobierno-de-cerrarse-al-dialogo\/#breadcrumb","itemListElement":[{"@type":"ListItem","position":1,"name":"Portada","item":"https:\/\/www.sonoraenequipo.com.mx\/"},{"@type":"ListItem","position":2,"name":"Abogado de federales acusa a gobierno de cerrarse al di\u00e1logo"}]},{"@type":"WebSite","@id":"https:\/\/www.sonoraenequipo.com.mx\/#website","url":"https:\/\/www.sonoraenequipo.com.mx\/","name":"Sonora en Equipo.","description":"Diario en l\u00ednea con Noticias desde Hermosillo, Sonora","publisher":{"@id":"https:\/\/www.sonoraenequipo.com.mx\/#organization"},"potentialAction":[{"@type":"SearchAction","target":{"@type":"EntryPoint","urlTemplate":"https:\/\/www.sonoraenequipo.com.mx\/?s={search_term_string}"},"query-input":{"@type":"PropertyValueSpecification","valueRequired":true,"valueName":"search_term_string"}}],"inLanguage":"es"},{"@type":"Organization","@id":"https:\/\/www.sonoraenequipo.com.mx\/#organization","name":"Sonoraenequipo.com.mx","url":"https:\/\/www.sonoraenequipo.com.mx\/","logo":{"@type":"ImageObject","inLanguage":"es","@id":"https:\/\/www.sonoraenequipo.com.mx\/#\/schema\/logo\/image\/","url":"https:\/\/www.sonoraenequipo.com.mx\/storage\/2019\/01\/sonoraenequipo_opt.png","contentUrl":"https:\/\/www.sonoraenequipo.com.mx\/storage\/2019\/01\/sonoraenequipo_opt.png","width":375,"height":125,"caption":"Sonoraenequipo.com.mx"},"image":{"@id":"https:\/\/www.sonoraenequipo.com.mx\/#\/schema\/logo\/image\/"},"sameAs":["https:\/\/www.facebook.com\/SonoraEE\/","https:\/\/x.com\/sonoraenequipo","https:\/\/www.youtube.com\/channel\/UC338nW-lPEYmJQs4ZABQ1SQ"]},{"@type":"Person","@id":"https:\/\/www.sonoraenequipo.com.mx\/#\/schema\/person\/50102df0fb23a8fa9e8effad8fa81386","name":"enequipo","image":{"@type":"ImageObject","inLanguage":"es","@id":"https:\/\/www.sonoraenequipo.com.mx\/#\/schema\/person\/image\/","url":"https:\/\/secure.gravatar.com\/avatar\/049821681b589dabc0bc20695993ccebb09f5b5d4d790cd9251b97faac7c652b?s=96&d=blank&r=g","contentUrl":"https:\/\/secure.gravatar.com\/avatar\/049821681b589dabc0bc20695993ccebb09f5b5d4d790cd9251b97faac7c652b?s=96&d=blank&r=g","caption":"enequipo"},"sameAs":["https:\/\/www.facebook.com\/SonoraEE"]}]}},"jetpack_featured_media_url":"https:\/\/www.sonoraenequipo.com.mx\/storage\/2019\/07\/abogadodefederales_opt.jpg","_links":{"self":[{"href":"https:\/\/www.sonoraenequipo.com.mx\/api\/wp\/v2\/posts\/63660","targetHints":{"allow":["GET"]}}],"collection":[{"href":"https:\/\/www.sonoraenequipo.com.mx\/api\/wp\/v2\/posts"}],"about":[{"href":"https:\/\/www.sonoraenequipo.com.mx\/api\/wp\/v2\/types\/post"}],"author":[{"embeddable":true,"href":"https:\/\/www.sonoraenequipo.com.mx\/api\/wp\/v2\/users\/1"}],"replies":[{"embeddable":true,"href":"https:\/\/www.sonoraenequipo.com.mx\/api\/wp\/v2\/comments?post=63660"}],"version-history":[{"count":0,"href":"https:\/\/www.sonoraenequipo.com.mx\/api\/wp\/v2\/posts\/63660\/revisions"}],"wp:featuredmedia":[{"embeddable":true,"href":"https:\/\/www.sonoraenequipo.com.mx\/api\/wp\/v2\/media\/63661"}],"wp:attachment":[{"href":"https:\/\/www.sonoraenequipo.com.mx\/api\/wp\/v2\/media?parent=63660"}],"wp:term":[{"taxonomy":"category","embeddable":true,"href":"https:\/\/www.sonoraenequipo.com.mx\/api\/wp\/v2\/categories?post=63660"},{"taxonomy":"post_tag","embeddable":true,"href":"https:\/\/www.sonoraenequipo.com.mx\/api\/wp\/v2\/tags?post=63660"}],"curies":[{"name":"wp","href":"https:\/\/api.w.org\/{rel}","templated":true}]}}