{"id":63682,"date":"2019-07-08T11:45:15","date_gmt":"2019-07-08T18:45:15","guid":{"rendered":"http:\/\/www.sonoraenequipo.com.mx\/?p=63682"},"modified":"2019-07-08T19:22:51","modified_gmt":"2019-07-09T02:22:51","slug":"reciben-trabajadores-de-salud-sonora-cedulas-de-especialidad","status":"publish","type":"post","link":"https:\/\/www.sonoraenequipo.com.mx\/reciben-trabajadores-de-salud-sonora-cedulas-de-especialidad\/","title":{"rendered":"Reciben trabajadores de Salud Sonora c\u00e9dulas de especialidad"},"content":{"rendered":"<p>HERMOSILLO, SONORA. MX. \u2014 Fueron 25 trabajadores de la Secretar\u00eda de Salud en el estado quienes recibieron diplomas y c\u00e9dulas de especialidad en Administraci\u00f3n y Docencia de los servicios de salud, como parte del proceso de capacitaci\u00f3n formal normativa, resalt\u00f3 Enrique Clausen Iberri. <\/p>\n<p>El secretario de Salud en la entidad indic\u00f3 que los diplomas y c\u00e9dulas entregados a afiliados al Sindicato Nacional de Trabajadores de la Secretar\u00eda de Salud (Sntsa), Secci\u00f3n 43, tienen reconocimiento oficial del Instituto Sonorense de Administraci\u00f3n P\u00fablica A. C. (ISAP).<\/p>\n<p><em>\u201cMe gustar\u00eda hacer extensiva esta invitaci\u00f3n a seguir capacit\u00e1ndose a los directores generales, directores de \u00e1rea, subsecretarios y secretario, porque tenemos que estar al nivel del personal sindicalizado que se tiene en el Sntsa; me da mucho gusto esta mejora continua porque ya est\u00e1n capacitados\u201d<\/em>, se\u00f1al\u00f3.<\/p>\n<p>Clausen Iberri invit\u00f3 al personal afiliado al Sntsa, apasionado y con convicci\u00f3n a que se sume al programa \u201cPonte frente al espejo\u201d, que arranc\u00f3 la gobernadora Claudia Pavlovich Arellano, para seguir potenciando lugares en donde se tenga emotividad y alegr\u00eda, ya que uno de los objetivos es tener sonorenses felices.<\/p>\n<p>As\u00ed mismo, extendi\u00f3 una invitaci\u00f3n para que formen parte del programa \u201cExpediente Cl\u00ednico Electr\u00f3nico\u201d, que lanz\u00f3 la gobernadora para que los sonorenses con Seguro Popular puedan atenderse en cualquier unidad de salud y los m\u00e9dicos accedan a su historial m\u00e9dico, con el fin de poder llegar a la universalidad de los servicios.<\/p>\n<p>Por su parte, Mario Villalobos Garc\u00eda, secretario general del Sntsa, Secci\u00f3n 43, apunt\u00f3 que gracias al convenio que se tiene entre el ISAP, la Secretar\u00eda de Salud y el sindicato, se brindan las herramientas y capacitaci\u00f3n a los trabajadores en los diferentes posgrados que se imparten en esta instituci\u00f3n educativa.<\/p>\n<p><em>\u201cFelicito al secretario Enrique Clausen por preocuparse y ocuparse de lo mejor que tiene la Secretar\u00eda de Salud que sin duda alguna es el recurso humano, las mujeres y hombres que d\u00eda a d\u00eda atienden la demanda de la atenci\u00f3n de salud de los sonorenses, continuaremos buscando m\u00e1s convenios para mejorar el ambiente laboral\u201d<\/em>, se\u00f1al\u00f3.<\/p>\n<p>Presentes: Alberto Haaz D\u00edaz, presidente del Consejo Directivo del ISAP; Socorro del Carmen Oth\u00f3n G\u00f3mez, coordinadora de Vinculaci\u00f3n Educativa del Sntsa, Secci\u00f3n 43; as\u00ed como Laura Imelda Rend\u00f3n, alumna egresada de la especialidad en Administraci\u00f3n y Docencia de los servicios de salud.<\/p>\n<p>(Publicado el 08\/07\/2019)<\/p>\n","protected":false},"excerpt":{"rendered":"<p>HERMOSILLO, SONORA. MX. \u2014 Fueron 25 trabajadores de la Secretar\u00eda de Salud en el estado&#8230;<\/p>\n","protected":false},"author":1,"featured_media":63684,"comment_status":"open","ping_status":"open","sticky":false,"template":"","format":"standard","meta":{"_monsterinsights_skip_tracking":false,"_monsterinsights_sitenote_active":false,"_monsterinsights_sitenote_note":"","_monsterinsights_sitenote_category":0,"footnotes":""},"categories":[22],"tags":[],"class_list":["post"],"yoast_head":" \n<title>Sonora en Equipo. Reciben trabajadores de Salud Sonora c\u00e9dulas de especialidad Sonora<\/title>\n<meta name=\"description\" content=\"HERMOSILLO, SONORA. MX. \u2014 Fueron 25 trabajadores de la Secretar\u00eda de Salud en el estado quienes recibieron diplomas y c\u00e9dulas de especialidad en En Sonora en Equipo publicamos toda la informaci\u00f3n de Sonora, M\u00e9xico y el Mundo de manera oportuna y busca que la libertad de expresi\u00f3n sea real. Visita nuestro medio informativo publicado desde Hermosillo, Sonora. %\" \/>\n<meta name=\"robots\" content=\"index, follow, max-snippet:-1, max-image-preview:large, max-video-preview:-1\" \/>\n<link rel=\"canonical\" href=\"https:\/\/www.sonoraenequipo.com.mx\/reciben-trabajadores-de-salud-sonora-cedulas-de-especialidad\/\" \/>\n<meta property=\"og:locale\" content=\"es_ES\" \/>\n<meta property=\"og:type\" content=\"article\" \/>\n<meta property=\"og:title\" content=\"Sonora en Equipo. Reciben trabajadores de Salud Sonora c\u00e9dulas de especialidad Sonora\" \/>\n<meta property=\"og:description\" content=\"HERMOSILLO, SONORA. MX. \u2014 Fueron 25 trabajadores de la Secretar\u00eda de Salud en el estado quienes recibieron diplomas y c\u00e9dulas de especialidad en En Sonora en Equipo publicamos toda la informaci\u00f3n de Sonora, M\u00e9xico y el Mundo de manera oportuna y busca que la libertad de expresi\u00f3n sea real. Visita nuestro medio informativo publicado desde Hermosillo, Sonora. %\" \/>\n<meta property=\"og:url\" content=\"https:\/\/www.sonoraenequipo.com.mx\/reciben-trabajadores-de-salud-sonora-cedulas-de-especialidad\/\" \/>\n<meta property=\"og:site_name\" content=\"Sonora en Equipo.\" \/>\n<meta property=\"article:publisher\" content=\"https:\/\/www.facebook.com\/SonoraEE\/\" \/>\n<meta property=\"article:author\" content=\"https:\/\/www.facebook.com\/SonoraEE\" \/>\n<meta property=\"article:published_time\" content=\"2019-07-08T18:45:15+00:00\" \/>\n<meta property=\"article:modified_time\" content=\"2019-07-09T02:22:51+00:00\" \/>\n<meta property=\"og:image\" content=\"https:\/\/www.sonoraenequipo.com.mx\/storage\/2019\/07\/saludensonora_opt2.jpg\" \/>\n\t<meta property=\"og:image:width\" content=\"600\" \/>\n\t<meta property=\"og:image:height\" content=\"400\" \/>\n\t<meta property=\"og:image:type\" content=\"image\/jpeg\" \/>\n<meta name=\"author\" content=\"enequipo\" \/>\n<meta name=\"twitter:card\" content=\"summary_large_image\" \/>\n<meta name=\"twitter:creator\" content=\"@sonoraenequipo\" \/>\n<meta name=\"twitter:site\" content=\"@sonoraenequipo\" \/>\n<meta name=\"twitter:label1\" content=\"Escrito por\" \/>\n\t<meta name=\"twitter:data1\" content=\"enequipo\" \/>\n\t<meta name=\"twitter:label2\" content=\"Tiempo de lectura\" \/>\n\t<meta name=\"twitter:data2\" content=\"2 minutos\" \/>\n<script type=\"application\/ld+json\" class=\"yoast-schema-graph\">{\"@context\":\"https:\/\/schema.org\",\"@graph\":[{\"@type\":\"Article\",\"@id\":\"https:\/\/www.sonoraenequipo.com.mx\/reciben-trabajadores-de-salud-sonora-cedulas-de-especialidad\/#article\",\"isPartOf\":{\"@id\":\"https:\/\/www.sonoraenequipo.com.mx\/reciben-trabajadores-de-salud-sonora-cedulas-de-especialidad\/\"},\"author\":{\"name\":\"enequipo\",\"@id\":\"https:\/\/www.sonoraenequipo.com.mx\/#\/schema\/person\/50102df0fb23a8fa9e8effad8fa81386\"},\"headline\":\"Reciben trabajadores de Salud Sonora c\u00e9dulas de especialidad\",\"datePublished\":\"2019-07-08T18:45:15+00:00\",\"dateModified\":\"2019-07-09T02:22:51+00:00\",\"mainEntityOfPage\":{\"@id\":\"https:\/\/www.sonoraenequipo.com.mx\/reciben-trabajadores-de-salud-sonora-cedulas-de-especialidad\/\"},\"wordCount\":424,\"commentCount\":0,\"publisher\":{\"@id\":\"https:\/\/www.sonoraenequipo.com.mx\/#organization\"},\"image\":{\"@id\":\"https:\/\/www.sonoraenequipo.com.mx\/reciben-trabajadores-de-salud-sonora-cedulas-de-especialidad\/#primaryimage\"},\"thumbnailUrl\":\"https:\/\/www.sonoraenequipo.com.mx\/storage\/2019\/07\/saludensonora_opt2.jpg\",\"articleSection\":[\"Sonora\"],\"inLanguage\":\"es\",\"potentialAction\":[{\"@type\":\"CommentAction\",\"name\":\"Comment\",\"target\":[\"https:\/\/www.sonoraenequipo.com.mx\/reciben-trabajadores-de-salud-sonora-cedulas-de-especialidad\/#respond\"]}]},{\"@type\":\"WebPage\",\"@id\":\"https:\/\/www.sonoraenequipo.com.mx\/reciben-trabajadores-de-salud-sonora-cedulas-de-especialidad\/\",\"url\":\"https:\/\/www.sonoraenequipo.com.mx\/reciben-trabajadores-de-salud-sonora-cedulas-de-especialidad\/\",\"name\":\"Sonora en Equipo. Reciben trabajadores de Salud Sonora c\u00e9dulas de especialidad Sonora\",\"isPartOf\":{\"@id\":\"https:\/\/www.sonoraenequipo.com.mx\/#website\"},\"primaryImageOfPage\":{\"@id\":\"https:\/\/www.sonoraenequipo.com.mx\/reciben-trabajadores-de-salud-sonora-cedulas-de-especialidad\/#primaryimage\"},\"image\":{\"@id\":\"https:\/\/www.sonoraenequipo.com.mx\/reciben-trabajadores-de-salud-sonora-cedulas-de-especialidad\/#primaryimage\"},\"thumbnailUrl\":\"https:\/\/www.sonoraenequipo.com.mx\/storage\/2019\/07\/saludensonora_opt2.jpg\",\"datePublished\":\"2019-07-08T18:45:15+00:00\",\"dateModified\":\"2019-07-09T02:22:51+00:00\",\"description\":\"HERMOSILLO, SONORA. MX. \u2014 Fueron 25 trabajadores de la Secretar\u00eda de Salud en el estado quienes recibieron diplomas y c\u00e9dulas de especialidad en En Sonora en Equipo publicamos toda la informaci\u00f3n de Sonora, M\u00e9xico y el Mundo de manera oportuna y busca que la libertad de expresi\u00f3n sea real. Visita nuestro medio informativo publicado desde Hermosillo, Sonora. %\",\"breadcrumb\":{\"@id\":\"https:\/\/www.sonoraenequipo.com.mx\/reciben-trabajadores-de-salud-sonora-cedulas-de-especialidad\/#breadcrumb\"},\"inLanguage\":\"es\",\"potentialAction\":[{\"@type\":\"ReadAction\",\"target\":[\"https:\/\/www.sonoraenequipo.com.mx\/reciben-trabajadores-de-salud-sonora-cedulas-de-especialidad\/\"]}]},{\"@type\":\"ImageObject\",\"inLanguage\":\"es\",\"@id\":\"https:\/\/www.sonoraenequipo.com.mx\/reciben-trabajadores-de-salud-sonora-cedulas-de-especialidad\/#primaryimage\",\"url\":\"https:\/\/www.sonoraenequipo.com.mx\/storage\/2019\/07\/saludensonora_opt2.jpg\",\"contentUrl\":\"https:\/\/www.sonoraenequipo.com.mx\/storage\/2019\/07\/saludensonora_opt2.jpg\",\"width\":600,\"height\":400},{\"@type\":\"BreadcrumbList\",\"@id\":\"https:\/\/www.sonoraenequipo.com.mx\/reciben-trabajadores-de-salud-sonora-cedulas-de-especialidad\/#breadcrumb\",\"itemListElement\":[{\"@type\":\"ListItem\",\"position\":1,\"name\":\"Portada\",\"item\":\"https:\/\/www.sonoraenequipo.com.mx\/\"},{\"@type\":\"ListItem\",\"position\":2,\"name\":\"Reciben trabajadores de Salud Sonora c\u00e9dulas de especialidad\"}]},{\"@type\":\"WebSite\",\"@id\":\"https:\/\/www.sonoraenequipo.com.mx\/#website\",\"url\":\"https:\/\/www.sonoraenequipo.com.mx\/\",\"name\":\"Sonora en Equipo.\",\"description\":\"Diario en l\u00ednea con Noticias desde Hermosillo, Sonora\",\"publisher\":{\"@id\":\"https:\/\/www.sonoraenequipo.com.mx\/#organization\"},\"potentialAction\":[{\"@type\":\"SearchAction\",\"target\":{\"@type\":\"EntryPoint\",\"urlTemplate\":\"https:\/\/www.sonoraenequipo.com.mx\/?s={search_term_string}\"},\"query-input\":{\"@type\":\"PropertyValueSpecification\",\"valueRequired\":true,\"valueName\":\"search_term_string\"}}],\"inLanguage\":\"es\"},{\"@type\":\"Organization\",\"@id\":\"https:\/\/www.sonoraenequipo.com.mx\/#organization\",\"name\":\"Sonoraenequipo.com.mx\",\"url\":\"https:\/\/www.sonoraenequipo.com.mx\/\",\"logo\":{\"@type\":\"ImageObject\",\"inLanguage\":\"es\",\"@id\":\"https:\/\/www.sonoraenequipo.com.mx\/#\/schema\/logo\/image\/\",\"url\":\"https:\/\/www.sonoraenequipo.com.mx\/storage\/2019\/01\/sonoraenequipo_opt.png\",\"contentUrl\":\"https:\/\/www.sonoraenequipo.com.mx\/storage\/2019\/01\/sonoraenequipo_opt.png\",\"width\":375,\"height\":125,\"caption\":\"Sonoraenequipo.com.mx\"},\"image\":{\"@id\":\"https:\/\/www.sonoraenequipo.com.mx\/#\/schema\/logo\/image\/\"},\"sameAs\":[\"https:\/\/www.facebook.com\/SonoraEE\/\",\"https:\/\/x.com\/sonoraenequipo\",\"https:\/\/www.youtube.com\/channel\/UC338nW-lPEYmJQs4ZABQ1SQ\"]},{\"@type\":\"Person\",\"@id\":\"https:\/\/www.sonoraenequipo.com.mx\/#\/schema\/person\/50102df0fb23a8fa9e8effad8fa81386\",\"name\":\"enequipo\",\"image\":{\"@type\":\"ImageObject\",\"inLanguage\":\"es\",\"@id\":\"https:\/\/www.sonoraenequipo.com.mx\/#\/schema\/person\/image\/\",\"url\":\"https:\/\/secure.gravatar.com\/avatar\/049821681b589dabc0bc20695993ccebb09f5b5d4d790cd9251b97faac7c652b?s=96&d=blank&r=g\",\"contentUrl\":\"https:\/\/secure.gravatar.com\/avatar\/049821681b589dabc0bc20695993ccebb09f5b5d4d790cd9251b97faac7c652b?s=96&d=blank&r=g\",\"caption\":\"enequipo\"},\"sameAs\":[\"https:\/\/www.facebook.com\/SonoraEE\"]}]}<\/script>\n ","yoast_head_json":{"title":"Sonora en Equipo. Reciben trabajadores de Salud Sonora c\u00e9dulas de especialidad Sonora","description":"HERMOSILLO, SONORA. MX. \u2014 Fueron 25 trabajadores de la Secretar\u00eda de Salud en el estado quienes recibieron diplomas y c\u00e9dulas de especialidad en En Sonora en Equipo publicamos toda la informaci\u00f3n de Sonora, M\u00e9xico y el Mundo de manera oportuna y busca que la libertad de expresi\u00f3n sea real. Visita nuestro medio informativo publicado desde Hermosillo, Sonora. %","robots":{"index":"index","follow":"follow","max-snippet":"max-snippet:-1","max-image-preview":"max-image-preview:large","max-video-preview":"max-video-preview:-1"},"canonical":"https:\/\/www.sonoraenequipo.com.mx\/reciben-trabajadores-de-salud-sonora-cedulas-de-especialidad\/","og_locale":"es_ES","og_type":"article","og_title":"Sonora en Equipo. Reciben trabajadores de Salud Sonora c\u00e9dulas de especialidad Sonora","og_description":"HERMOSILLO, SONORA. MX. \u2014 Fueron 25 trabajadores de la Secretar\u00eda de Salud en el estado quienes recibieron diplomas y c\u00e9dulas de especialidad en En Sonora en Equipo publicamos toda la informaci\u00f3n de Sonora, M\u00e9xico y el Mundo de manera oportuna y busca que la libertad de expresi\u00f3n sea real. Visita nuestro medio informativo publicado desde Hermosillo, Sonora. %","og_url":"https:\/\/www.sonoraenequipo.com.mx\/reciben-trabajadores-de-salud-sonora-cedulas-de-especialidad\/","og_site_name":"Sonora en Equipo.","article_publisher":"https:\/\/www.facebook.com\/SonoraEE\/","article_author":"https:\/\/www.facebook.com\/SonoraEE","article_published_time":"2019-07-08T18:45:15+00:00","article_modified_time":"2019-07-09T02:22:51+00:00","og_image":[{"width":600,"height":400,"url":"https:\/\/www.sonoraenequipo.com.mx\/storage\/2019\/07\/saludensonora_opt2.jpg","type":"image\/jpeg"}],"author":"enequipo","twitter_card":"summary_large_image","twitter_creator":"@sonoraenequipo","twitter_site":"@sonoraenequipo","twitter_misc":{"Escrito por":"enequipo","Tiempo de lectura":"2 minutos"},"schema":{"@context":"https:\/\/schema.org","@graph":[{"@type":"Article","@id":"https:\/\/www.sonoraenequipo.com.mx\/reciben-trabajadores-de-salud-sonora-cedulas-de-especialidad\/#article","isPartOf":{"@id":"https:\/\/www.sonoraenequipo.com.mx\/reciben-trabajadores-de-salud-sonora-cedulas-de-especialidad\/"},"author":{"name":"enequipo","@id":"https:\/\/www.sonoraenequipo.com.mx\/#\/schema\/person\/50102df0fb23a8fa9e8effad8fa81386"},"headline":"Reciben trabajadores de Salud Sonora c\u00e9dulas de especialidad","datePublished":"2019-07-08T18:45:15+00:00","dateModified":"2019-07-09T02:22:51+00:00","mainEntityOfPage":{"@id":"https:\/\/www.sonoraenequipo.com.mx\/reciben-trabajadores-de-salud-sonora-cedulas-de-especialidad\/"},"wordCount":424,"commentCount":0,"publisher":{"@id":"https:\/\/www.sonoraenequipo.com.mx\/#organization"},"image":{"@id":"https:\/\/www.sonoraenequipo.com.mx\/reciben-trabajadores-de-salud-sonora-cedulas-de-especialidad\/#primaryimage"},"thumbnailUrl":"https:\/\/www.sonoraenequipo.com.mx\/storage\/2019\/07\/saludensonora_opt2.jpg","articleSection":["Sonora"],"inLanguage":"es","potentialAction":[{"@type":"CommentAction","name":"Comment","target":["https:\/\/www.sonoraenequipo.com.mx\/reciben-trabajadores-de-salud-sonora-cedulas-de-especialidad\/#respond"]}]},{"@type":"WebPage","@id":"https:\/\/www.sonoraenequipo.com.mx\/reciben-trabajadores-de-salud-sonora-cedulas-de-especialidad\/","url":"https:\/\/www.sonoraenequipo.com.mx\/reciben-trabajadores-de-salud-sonora-cedulas-de-especialidad\/","name":"Sonora en Equipo. Reciben trabajadores de Salud Sonora c\u00e9dulas de especialidad Sonora","isPartOf":{"@id":"https:\/\/www.sonoraenequipo.com.mx\/#website"},"primaryImageOfPage":{"@id":"https:\/\/www.sonoraenequipo.com.mx\/reciben-trabajadores-de-salud-sonora-cedulas-de-especialidad\/#primaryimage"},"image":{"@id":"https:\/\/www.sonoraenequipo.com.mx\/reciben-trabajadores-de-salud-sonora-cedulas-de-especialidad\/#primaryimage"},"thumbnailUrl":"https:\/\/www.sonoraenequipo.com.mx\/storage\/2019\/07\/saludensonora_opt2.jpg","datePublished":"2019-07-08T18:45:15+00:00","dateModified":"2019-07-09T02:22:51+00:00","description":"HERMOSILLO, SONORA. MX. \u2014 Fueron 25 trabajadores de la Secretar\u00eda de Salud en el estado quienes recibieron diplomas y c\u00e9dulas de especialidad en En Sonora en Equipo publicamos toda la informaci\u00f3n de Sonora, M\u00e9xico y el Mundo de manera oportuna y busca que la libertad de expresi\u00f3n sea real. Visita nuestro medio informativo publicado desde Hermosillo, Sonora. %","breadcrumb":{"@id":"https:\/\/www.sonoraenequipo.com.mx\/reciben-trabajadores-de-salud-sonora-cedulas-de-especialidad\/#breadcrumb"},"inLanguage":"es","potentialAction":[{"@type":"ReadAction","target":["https:\/\/www.sonoraenequipo.com.mx\/reciben-trabajadores-de-salud-sonora-cedulas-de-especialidad\/"]}]},{"@type":"ImageObject","inLanguage":"es","@id":"https:\/\/www.sonoraenequipo.com.mx\/reciben-trabajadores-de-salud-sonora-cedulas-de-especialidad\/#primaryimage","url":"https:\/\/www.sonoraenequipo.com.mx\/storage\/2019\/07\/saludensonora_opt2.jpg","contentUrl":"https:\/\/www.sonoraenequipo.com.mx\/storage\/2019\/07\/saludensonora_opt2.jpg","width":600,"height":400},{"@type":"BreadcrumbList","@id":"https:\/\/www.sonoraenequipo.com.mx\/reciben-trabajadores-de-salud-sonora-cedulas-de-especialidad\/#breadcrumb","itemListElement":[{"@type":"ListItem","position":1,"name":"Portada","item":"https:\/\/www.sonoraenequipo.com.mx\/"},{"@type":"ListItem","position":2,"name":"Reciben trabajadores de Salud Sonora c\u00e9dulas de especialidad"}]},{"@type":"WebSite","@id":"https:\/\/www.sonoraenequipo.com.mx\/#website","url":"https:\/\/www.sonoraenequipo.com.mx\/","name":"Sonora en Equipo.","description":"Diario en l\u00ednea con Noticias desde Hermosillo, Sonora","publisher":{"@id":"https:\/\/www.sonoraenequipo.com.mx\/#organization"},"potentialAction":[{"@type":"SearchAction","target":{"@type":"EntryPoint","urlTemplate":"https:\/\/www.sonoraenequipo.com.mx\/?s={search_term_string}"},"query-input":{"@type":"PropertyValueSpecification","valueRequired":true,"valueName":"search_term_string"}}],"inLanguage":"es"},{"@type":"Organization","@id":"https:\/\/www.sonoraenequipo.com.mx\/#organization","name":"Sonoraenequipo.com.mx","url":"https:\/\/www.sonoraenequipo.com.mx\/","logo":{"@type":"ImageObject","inLanguage":"es","@id":"https:\/\/www.sonoraenequipo.com.mx\/#\/schema\/logo\/image\/","url":"https:\/\/www.sonoraenequipo.com.mx\/storage\/2019\/01\/sonoraenequipo_opt.png","contentUrl":"https:\/\/www.sonoraenequipo.com.mx\/storage\/2019\/01\/sonoraenequipo_opt.png","width":375,"height":125,"caption":"Sonoraenequipo.com.mx"},"image":{"@id":"https:\/\/www.sonoraenequipo.com.mx\/#\/schema\/logo\/image\/"},"sameAs":["https:\/\/www.facebook.com\/SonoraEE\/","https:\/\/x.com\/sonoraenequipo","https:\/\/www.youtube.com\/channel\/UC338nW-lPEYmJQs4ZABQ1SQ"]},{"@type":"Person","@id":"https:\/\/www.sonoraenequipo.com.mx\/#\/schema\/person\/50102df0fb23a8fa9e8effad8fa81386","name":"enequipo","image":{"@type":"ImageObject","inLanguage":"es","@id":"https:\/\/www.sonoraenequipo.com.mx\/#\/schema\/person\/image\/","url":"https:\/\/secure.gravatar.com\/avatar\/049821681b589dabc0bc20695993ccebb09f5b5d4d790cd9251b97faac7c652b?s=96&d=blank&r=g","contentUrl":"https:\/\/secure.gravatar.com\/avatar\/049821681b589dabc0bc20695993ccebb09f5b5d4d790cd9251b97faac7c652b?s=96&d=blank&r=g","caption":"enequipo"},"sameAs":["https:\/\/www.facebook.com\/SonoraEE"]}]}},"jetpack_featured_media_url":"https:\/\/www.sonoraenequipo.com.mx\/storage\/2019\/07\/saludensonora_opt2.jpg","_links":{"self":[{"href":"https:\/\/www.sonoraenequipo.com.mx\/api\/wp\/v2\/posts\/63682","targetHints":{"allow":["GET"]}}],"collection":[{"href":"https:\/\/www.sonoraenequipo.com.mx\/api\/wp\/v2\/posts"}],"about":[{"href":"https:\/\/www.sonoraenequipo.com.mx\/api\/wp\/v2\/types\/post"}],"author":[{"embeddable":true,"href":"https:\/\/www.sonoraenequipo.com.mx\/api\/wp\/v2\/users\/1"}],"replies":[{"embeddable":true,"href":"https:\/\/www.sonoraenequipo.com.mx\/api\/wp\/v2\/comments?post=63682"}],"version-history":[{"count":0,"href":"https:\/\/www.sonoraenequipo.com.mx\/api\/wp\/v2\/posts\/63682\/revisions"}],"wp:featuredmedia":[{"embeddable":true,"href":"https:\/\/www.sonoraenequipo.com.mx\/api\/wp\/v2\/media\/63684"}],"wp:attachment":[{"href":"https:\/\/www.sonoraenequipo.com.mx\/api\/wp\/v2\/media?parent=63682"}],"wp:term":[{"taxonomy":"category","embeddable":true,"href":"https:\/\/www.sonoraenequipo.com.mx\/api\/wp\/v2\/categories?post=63682"},{"taxonomy":"post_tag","embeddable":true,"href":"https:\/\/www.sonoraenequipo.com.mx\/api\/wp\/v2\/tags?post=63682"}],"curies":[{"name":"wp","href":"https:\/\/api.w.org\/{rel}","templated":true}]}}