{"id":63694,"date":"2019-07-08T23:58:40","date_gmt":"2019-07-09T06:58:40","guid":{"rendered":"http:\/\/www.sonoraenequipo.com.mx\/?p=63694"},"modified":"2019-07-09T07:43:57","modified_gmt":"2019-07-09T14:43:57","slug":"realiza-nitzia-gradias-foro-de-desarrollo-cientifico-y-tecnologico","status":"publish","type":"post","link":"https:\/\/www.sonoraenequipo.com.mx\/realiza-nitzia-gradias-foro-de-desarrollo-cientifico-y-tecnologico\/","title":{"rendered":"Realiza Nitzia Grad\u00edas Foro de Desarrollo Cient\u00edfico y Tecnol\u00f3gico"},"content":{"rendered":"<p>HERMOSILLO,SONORA.-\u00a0 La necesidad de reformar la Ley de Ciencia y Tecnolog\u00eda, radica, en gran parte, en que las condiciones que exist\u00edan en el momento de su creaci\u00f3n eran muy distintas a las actuales, afirm\u00f3 la diputada priista, Nitzia Grad\u00edas Ahumada. <\/p>\n<p>La legisladora, que preside la Comisi\u00f3n de Ciencia y Tecnolog\u00eda, convoc\u00f3 al Foro de Desarrollo Cient\u00edfico y Tecnol\u00f3gico, con el fin de reforzar la propuesta de reforma a mencionada ley, que expuso a representantes de instituciones educativas, investigadores, empresarios y personas interesadas en estos temas.<\/p>\n<p><em>\u201cBuscamos renovar y fortalecer esta Ley, ya hicimos mesas de trabajo anteriormente, con acad\u00e9micos, investigadores, con el sector privado, con gente de gobierno, y hoy buscamos recabar esas propuestas que hicieron\u201d,<\/em> apunt\u00f3, \u201cla finalidad de todo esto es escucharlos para pr\u00f3ximamente en septiembre presentar la ley ante el pleno\u201d.<\/p>\n<p>Detall\u00f3 que en esta reforma se incluyen nuevos conceptos como: capital semilla, capital de riesgo, compras innovadoras de parte del gobierno, entre otros, que atienden a las inquietudes de recabadas en las mesas de trabajo previas.<\/p>\n<p>Como parte de la comisi\u00f3n de Ciencia y Tecnolog\u00eda acudieron los diputados Mart\u00edn Matrecitos y Carlos Navarrete, quienes reconocieron el trabajo que se ha hecho para llegar a esta primera propuesta y reiteraron su disposici\u00f3n para que lo que se presente en pleno cumpla con las necesidades los sonorenses.<\/p>\n<p>En este foro se present\u00f3 por parte de Aurora Guti\u00e9rrez, investigadora del Centro de Investigaciones Parlamentarias del Estado de Sonora (CIPES), un resumen de lo que contiene esta reforma y cada uno de los asistentes se les entreg\u00f3 un documento con las especificaciones de lo que se busca modificar.<\/p>\n<p>Hicieron uso de la voz: Antonio Rodr\u00edguez, COECYT; Manuel Lira, Fundaci\u00f3n Produce; Ram\u00f3n Pacheco Aguilar y Pablo Wong, CIAD; Gloria Silvia Valdez, COLSON; Jos\u00e9 Carlo Ochoa, INNOVATEC; Antonio Pacheco, AGROPRO; Carlos Guti\u00e9rrez, SEC y Enrique Vel\u00e1zquez Contreras, UNISON.<\/p>\n<p>Todos aportaron puntos de vista sobre lo que hace falta reforzar en esta Ley desde sus respectivas \u00e1reas, y reconocieron la importancia de este tipo de foros, donde se recogen las impresiones de distintos sectores.<\/p>\n<p>Grad\u00edas Ahumada agradeci\u00f3 a todos los presentes su participaci\u00f3n e hizo el compromiso de analizar cada una de sus opiniones para que lo que se apruebe vaya de acuerdo a lo que se requiere para que, desde la ciencia, tecnolog\u00eda e innovaci\u00f3n, se aporte al desarrollo del estado.<\/p>\n<p>Fecha De publicaci\u00f3n 08\/07\/2019<\/p>\n","protected":false},"excerpt":{"rendered":"<p>HERMOSILLO,SONORA.-\u00a0 La necesidad de reformar la Ley de Ciencia y Tecnolog\u00eda, radica, en gran parte,&#8230;<\/p>\n","protected":false},"author":178,"featured_media":63695,"comment_status":"open","ping_status":"open","sticky":false,"template":"","format":"standard","meta":{"_monsterinsights_skip_tracking":false,"_monsterinsights_sitenote_active":false,"_monsterinsights_sitenote_note":"","_monsterinsights_sitenote_category":0,"footnotes":""},"categories":[22],"tags":[3270],"class_list":["post"],"yoast_head":" \n<title>Sonora en Equipo. Realiza Nitzia Grad\u00edas Foro de Desarrollo Cient\u00edfico y Tecnol\u00f3gico Sonora<\/title>\n<meta name=\"description\" content=\"HERMOSILLO,SONORA.-\u00a0 La necesidad de reformar la Ley de Ciencia y Tecnolog\u00eda, radica, en gran parte, en que las condiciones que exist\u00edan en el momento de En Sonora en Equipo publicamos toda la informaci\u00f3n de Sonora, M\u00e9xico y el Mundo de manera oportuna y busca que la libertad de expresi\u00f3n sea real. Visita nuestro medio informativo publicado desde Hermosillo, Sonora. %\" \/>\n<meta name=\"robots\" content=\"index, follow, max-snippet:-1, max-image-preview:large, max-video-preview:-1\" \/>\n<link rel=\"canonical\" href=\"https:\/\/www.sonoraenequipo.com.mx\/realiza-nitzia-gradias-foro-de-desarrollo-cientifico-y-tecnologico\/\" \/>\n<meta property=\"og:locale\" content=\"es_ES\" \/>\n<meta property=\"og:type\" content=\"article\" \/>\n<meta property=\"og:title\" content=\"Sonora en Equipo. Realiza Nitzia Grad\u00edas Foro de Desarrollo Cient\u00edfico y Tecnol\u00f3gico Sonora\" \/>\n<meta property=\"og:description\" content=\"HERMOSILLO,SONORA.-\u00a0 La necesidad de reformar la Ley de Ciencia y Tecnolog\u00eda, radica, en gran parte, en que las condiciones que exist\u00edan en el momento de En Sonora en Equipo publicamos toda la informaci\u00f3n de Sonora, M\u00e9xico y el Mundo de manera oportuna y busca que la libertad de expresi\u00f3n sea real. Visita nuestro medio informativo publicado desde Hermosillo, Sonora. %\" \/>\n<meta property=\"og:url\" content=\"https:\/\/www.sonoraenequipo.com.mx\/realiza-nitzia-gradias-foro-de-desarrollo-cientifico-y-tecnologico\/\" \/>\n<meta property=\"og:site_name\" content=\"Sonora en Equipo.\" \/>\n<meta property=\"article:publisher\" content=\"https:\/\/www.facebook.com\/SonoraEE\/\" \/>\n<meta property=\"article:published_time\" content=\"2019-07-09T06:58:40+00:00\" \/>\n<meta property=\"article:modified_time\" content=\"2019-07-09T14:43:57+00:00\" \/>\n<meta property=\"og:image\" content=\"https:\/\/www.sonoraenequipo.com.mx\/storage\/2019\/07\/nitzia-foro.jpg\" \/>\n\t<meta property=\"og:image:width\" content=\"450\" \/>\n\t<meta property=\"og:image:height\" content=\"300\" \/>\n\t<meta property=\"og:image:type\" content=\"image\/jpeg\" \/>\n<meta name=\"author\" content=\"enequipo\" \/>\n<meta name=\"twitter:card\" content=\"summary_large_image\" \/>\n<meta name=\"twitter:creator\" content=\"@sonoraenequipo\" \/>\n<meta name=\"twitter:site\" content=\"@sonoraenequipo\" \/>\n<meta name=\"twitter:label1\" content=\"Escrito por\" \/>\n\t<meta name=\"twitter:data1\" content=\"enequipo\" \/>\n\t<meta name=\"twitter:label2\" content=\"Tiempo de lectura\" \/>\n\t<meta name=\"twitter:data2\" content=\"2 minutos\" \/>\n<script type=\"application\/ld+json\" class=\"yoast-schema-graph\">{\"@context\":\"https:\/\/schema.org\",\"@graph\":[{\"@type\":\"Article\",\"@id\":\"https:\/\/www.sonoraenequipo.com.mx\/realiza-nitzia-gradias-foro-de-desarrollo-cientifico-y-tecnologico\/#article\",\"isPartOf\":{\"@id\":\"https:\/\/www.sonoraenequipo.com.mx\/realiza-nitzia-gradias-foro-de-desarrollo-cientifico-y-tecnologico\/\"},\"author\":{\"name\":\"enequipo\",\"@id\":\"https:\/\/www.sonoraenequipo.com.mx\/#\/schema\/person\/61a39de478a1763473ad55e8a95fddf6\"},\"headline\":\"Realiza Nitzia Grad\u00edas Foro de Desarrollo Cient\u00edfico y Tecnol\u00f3gico\",\"datePublished\":\"2019-07-09T06:58:40+00:00\",\"dateModified\":\"2019-07-09T14:43:57+00:00\",\"mainEntityOfPage\":{\"@id\":\"https:\/\/www.sonoraenequipo.com.mx\/realiza-nitzia-gradias-foro-de-desarrollo-cientifico-y-tecnologico\/\"},\"wordCount\":431,\"commentCount\":0,\"publisher\":{\"@id\":\"https:\/\/www.sonoraenequipo.com.mx\/#organization\"},\"image\":{\"@id\":\"https:\/\/www.sonoraenequipo.com.mx\/realiza-nitzia-gradias-foro-de-desarrollo-cientifico-y-tecnologico\/#primaryimage\"},\"thumbnailUrl\":\"https:\/\/www.sonoraenequipo.com.mx\/storage\/2019\/07\/nitzia-foro.jpg\",\"keywords\":[\"Nitzia Grad\u00edas\"],\"articleSection\":[\"Sonora\"],\"inLanguage\":\"es\",\"potentialAction\":[{\"@type\":\"CommentAction\",\"name\":\"Comment\",\"target\":[\"https:\/\/www.sonoraenequipo.com.mx\/realiza-nitzia-gradias-foro-de-desarrollo-cientifico-y-tecnologico\/#respond\"]}]},{\"@type\":\"WebPage\",\"@id\":\"https:\/\/www.sonoraenequipo.com.mx\/realiza-nitzia-gradias-foro-de-desarrollo-cientifico-y-tecnologico\/\",\"url\":\"https:\/\/www.sonoraenequipo.com.mx\/realiza-nitzia-gradias-foro-de-desarrollo-cientifico-y-tecnologico\/\",\"name\":\"Sonora en Equipo. Realiza Nitzia Grad\u00edas Foro de Desarrollo Cient\u00edfico y Tecnol\u00f3gico Sonora\",\"isPartOf\":{\"@id\":\"https:\/\/www.sonoraenequipo.com.mx\/#website\"},\"primaryImageOfPage\":{\"@id\":\"https:\/\/www.sonoraenequipo.com.mx\/realiza-nitzia-gradias-foro-de-desarrollo-cientifico-y-tecnologico\/#primaryimage\"},\"image\":{\"@id\":\"https:\/\/www.sonoraenequipo.com.mx\/realiza-nitzia-gradias-foro-de-desarrollo-cientifico-y-tecnologico\/#primaryimage\"},\"thumbnailUrl\":\"https:\/\/www.sonoraenequipo.com.mx\/storage\/2019\/07\/nitzia-foro.jpg\",\"datePublished\":\"2019-07-09T06:58:40+00:00\",\"dateModified\":\"2019-07-09T14:43:57+00:00\",\"description\":\"HERMOSILLO,SONORA.-\u00a0 La necesidad de reformar la Ley de Ciencia y Tecnolog\u00eda, radica, en gran parte, en que las condiciones que exist\u00edan en el momento de En Sonora en Equipo publicamos toda la informaci\u00f3n de Sonora, M\u00e9xico y el Mundo de manera oportuna y busca que la libertad de expresi\u00f3n sea real. Visita nuestro medio informativo publicado desde Hermosillo, Sonora. %\",\"breadcrumb\":{\"@id\":\"https:\/\/www.sonoraenequipo.com.mx\/realiza-nitzia-gradias-foro-de-desarrollo-cientifico-y-tecnologico\/#breadcrumb\"},\"inLanguage\":\"es\",\"potentialAction\":[{\"@type\":\"ReadAction\",\"target\":[\"https:\/\/www.sonoraenequipo.com.mx\/realiza-nitzia-gradias-foro-de-desarrollo-cientifico-y-tecnologico\/\"]}]},{\"@type\":\"ImageObject\",\"inLanguage\":\"es\",\"@id\":\"https:\/\/www.sonoraenequipo.com.mx\/realiza-nitzia-gradias-foro-de-desarrollo-cientifico-y-tecnologico\/#primaryimage\",\"url\":\"https:\/\/www.sonoraenequipo.com.mx\/storage\/2019\/07\/nitzia-foro.jpg\",\"contentUrl\":\"https:\/\/www.sonoraenequipo.com.mx\/storage\/2019\/07\/nitzia-foro.jpg\",\"width\":450,\"height\":300},{\"@type\":\"BreadcrumbList\",\"@id\":\"https:\/\/www.sonoraenequipo.com.mx\/realiza-nitzia-gradias-foro-de-desarrollo-cientifico-y-tecnologico\/#breadcrumb\",\"itemListElement\":[{\"@type\":\"ListItem\",\"position\":1,\"name\":\"Portada\",\"item\":\"https:\/\/www.sonoraenequipo.com.mx\/\"},{\"@type\":\"ListItem\",\"position\":2,\"name\":\"Realiza Nitzia Grad\u00edas Foro de Desarrollo Cient\u00edfico y Tecnol\u00f3gico\"}]},{\"@type\":\"WebSite\",\"@id\":\"https:\/\/www.sonoraenequipo.com.mx\/#website\",\"url\":\"https:\/\/www.sonoraenequipo.com.mx\/\",\"name\":\"Sonora en Equipo.\",\"description\":\"Diario en l\u00ednea con Noticias desde Hermosillo, Sonora\",\"publisher\":{\"@id\":\"https:\/\/www.sonoraenequipo.com.mx\/#organization\"},\"potentialAction\":[{\"@type\":\"SearchAction\",\"target\":{\"@type\":\"EntryPoint\",\"urlTemplate\":\"https:\/\/www.sonoraenequipo.com.mx\/?s={search_term_string}\"},\"query-input\":{\"@type\":\"PropertyValueSpecification\",\"valueRequired\":true,\"valueName\":\"search_term_string\"}}],\"inLanguage\":\"es\"},{\"@type\":\"Organization\",\"@id\":\"https:\/\/www.sonoraenequipo.com.mx\/#organization\",\"name\":\"Sonoraenequipo.com.mx\",\"url\":\"https:\/\/www.sonoraenequipo.com.mx\/\",\"logo\":{\"@type\":\"ImageObject\",\"inLanguage\":\"es\",\"@id\":\"https:\/\/www.sonoraenequipo.com.mx\/#\/schema\/logo\/image\/\",\"url\":\"https:\/\/www.sonoraenequipo.com.mx\/storage\/2019\/01\/sonoraenequipo_opt.png\",\"contentUrl\":\"https:\/\/www.sonoraenequipo.com.mx\/storage\/2019\/01\/sonoraenequipo_opt.png\",\"width\":375,\"height\":125,\"caption\":\"Sonoraenequipo.com.mx\"},\"image\":{\"@id\":\"https:\/\/www.sonoraenequipo.com.mx\/#\/schema\/logo\/image\/\"},\"sameAs\":[\"https:\/\/www.facebook.com\/SonoraEE\/\",\"https:\/\/x.com\/sonoraenequipo\",\"https:\/\/www.youtube.com\/channel\/UC338nW-lPEYmJQs4ZABQ1SQ\"]},{\"@type\":\"Person\",\"@id\":\"https:\/\/www.sonoraenequipo.com.mx\/#\/schema\/person\/61a39de478a1763473ad55e8a95fddf6\",\"name\":\"enequipo\",\"image\":{\"@type\":\"ImageObject\",\"inLanguage\":\"es\",\"@id\":\"https:\/\/www.sonoraenequipo.com.mx\/#\/schema\/person\/image\/\",\"url\":\"https:\/\/secure.gravatar.com\/avatar\/e39bc3016d8af598aed3d770c9510dfc2795f37ea1733d99fcc6e97d2c3c9f5e?s=96&d=blank&r=g\",\"contentUrl\":\"https:\/\/secure.gravatar.com\/avatar\/e39bc3016d8af598aed3d770c9510dfc2795f37ea1733d99fcc6e97d2c3c9f5e?s=96&d=blank&r=g\",\"caption\":\"enequipo\"}}]}<\/script>\n ","yoast_head_json":{"title":"Sonora en Equipo. Realiza Nitzia Grad\u00edas Foro de Desarrollo Cient\u00edfico y Tecnol\u00f3gico Sonora","description":"HERMOSILLO,SONORA.-\u00a0 La necesidad de reformar la Ley de Ciencia y Tecnolog\u00eda, radica, en gran parte, en que las condiciones que exist\u00edan en el momento de En Sonora en Equipo publicamos toda la informaci\u00f3n de Sonora, M\u00e9xico y el Mundo de manera oportuna y busca que la libertad de expresi\u00f3n sea real. Visita nuestro medio informativo publicado desde Hermosillo, Sonora. %","robots":{"index":"index","follow":"follow","max-snippet":"max-snippet:-1","max-image-preview":"max-image-preview:large","max-video-preview":"max-video-preview:-1"},"canonical":"https:\/\/www.sonoraenequipo.com.mx\/realiza-nitzia-gradias-foro-de-desarrollo-cientifico-y-tecnologico\/","og_locale":"es_ES","og_type":"article","og_title":"Sonora en Equipo. Realiza Nitzia Grad\u00edas Foro de Desarrollo Cient\u00edfico y Tecnol\u00f3gico Sonora","og_description":"HERMOSILLO,SONORA.-\u00a0 La necesidad de reformar la Ley de Ciencia y Tecnolog\u00eda, radica, en gran parte, en que las condiciones que exist\u00edan en el momento de En Sonora en Equipo publicamos toda la informaci\u00f3n de Sonora, M\u00e9xico y el Mundo de manera oportuna y busca que la libertad de expresi\u00f3n sea real. Visita nuestro medio informativo publicado desde Hermosillo, Sonora. %","og_url":"https:\/\/www.sonoraenequipo.com.mx\/realiza-nitzia-gradias-foro-de-desarrollo-cientifico-y-tecnologico\/","og_site_name":"Sonora en Equipo.","article_publisher":"https:\/\/www.facebook.com\/SonoraEE\/","article_published_time":"2019-07-09T06:58:40+00:00","article_modified_time":"2019-07-09T14:43:57+00:00","og_image":[{"width":450,"height":300,"url":"https:\/\/www.sonoraenequipo.com.mx\/storage\/2019\/07\/nitzia-foro.jpg","type":"image\/jpeg"}],"author":"enequipo","twitter_card":"summary_large_image","twitter_creator":"@sonoraenequipo","twitter_site":"@sonoraenequipo","twitter_misc":{"Escrito por":"enequipo","Tiempo de lectura":"2 minutos"},"schema":{"@context":"https:\/\/schema.org","@graph":[{"@type":"Article","@id":"https:\/\/www.sonoraenequipo.com.mx\/realiza-nitzia-gradias-foro-de-desarrollo-cientifico-y-tecnologico\/#article","isPartOf":{"@id":"https:\/\/www.sonoraenequipo.com.mx\/realiza-nitzia-gradias-foro-de-desarrollo-cientifico-y-tecnologico\/"},"author":{"name":"enequipo","@id":"https:\/\/www.sonoraenequipo.com.mx\/#\/schema\/person\/61a39de478a1763473ad55e8a95fddf6"},"headline":"Realiza Nitzia Grad\u00edas Foro de Desarrollo Cient\u00edfico y Tecnol\u00f3gico","datePublished":"2019-07-09T06:58:40+00:00","dateModified":"2019-07-09T14:43:57+00:00","mainEntityOfPage":{"@id":"https:\/\/www.sonoraenequipo.com.mx\/realiza-nitzia-gradias-foro-de-desarrollo-cientifico-y-tecnologico\/"},"wordCount":431,"commentCount":0,"publisher":{"@id":"https:\/\/www.sonoraenequipo.com.mx\/#organization"},"image":{"@id":"https:\/\/www.sonoraenequipo.com.mx\/realiza-nitzia-gradias-foro-de-desarrollo-cientifico-y-tecnologico\/#primaryimage"},"thumbnailUrl":"https:\/\/www.sonoraenequipo.com.mx\/storage\/2019\/07\/nitzia-foro.jpg","keywords":["Nitzia Grad\u00edas"],"articleSection":["Sonora"],"inLanguage":"es","potentialAction":[{"@type":"CommentAction","name":"Comment","target":["https:\/\/www.sonoraenequipo.com.mx\/realiza-nitzia-gradias-foro-de-desarrollo-cientifico-y-tecnologico\/#respond"]}]},{"@type":"WebPage","@id":"https:\/\/www.sonoraenequipo.com.mx\/realiza-nitzia-gradias-foro-de-desarrollo-cientifico-y-tecnologico\/","url":"https:\/\/www.sonoraenequipo.com.mx\/realiza-nitzia-gradias-foro-de-desarrollo-cientifico-y-tecnologico\/","name":"Sonora en Equipo. Realiza Nitzia Grad\u00edas Foro de Desarrollo Cient\u00edfico y Tecnol\u00f3gico Sonora","isPartOf":{"@id":"https:\/\/www.sonoraenequipo.com.mx\/#website"},"primaryImageOfPage":{"@id":"https:\/\/www.sonoraenequipo.com.mx\/realiza-nitzia-gradias-foro-de-desarrollo-cientifico-y-tecnologico\/#primaryimage"},"image":{"@id":"https:\/\/www.sonoraenequipo.com.mx\/realiza-nitzia-gradias-foro-de-desarrollo-cientifico-y-tecnologico\/#primaryimage"},"thumbnailUrl":"https:\/\/www.sonoraenequipo.com.mx\/storage\/2019\/07\/nitzia-foro.jpg","datePublished":"2019-07-09T06:58:40+00:00","dateModified":"2019-07-09T14:43:57+00:00","description":"HERMOSILLO,SONORA.-\u00a0 La necesidad de reformar la Ley de Ciencia y Tecnolog\u00eda, radica, en gran parte, en que las condiciones que exist\u00edan en el momento de En Sonora en Equipo publicamos toda la informaci\u00f3n de Sonora, M\u00e9xico y el Mundo de manera oportuna y busca que la libertad de expresi\u00f3n sea real. Visita nuestro medio informativo publicado desde Hermosillo, Sonora. %","breadcrumb":{"@id":"https:\/\/www.sonoraenequipo.com.mx\/realiza-nitzia-gradias-foro-de-desarrollo-cientifico-y-tecnologico\/#breadcrumb"},"inLanguage":"es","potentialAction":[{"@type":"ReadAction","target":["https:\/\/www.sonoraenequipo.com.mx\/realiza-nitzia-gradias-foro-de-desarrollo-cientifico-y-tecnologico\/"]}]},{"@type":"ImageObject","inLanguage":"es","@id":"https:\/\/www.sonoraenequipo.com.mx\/realiza-nitzia-gradias-foro-de-desarrollo-cientifico-y-tecnologico\/#primaryimage","url":"https:\/\/www.sonoraenequipo.com.mx\/storage\/2019\/07\/nitzia-foro.jpg","contentUrl":"https:\/\/www.sonoraenequipo.com.mx\/storage\/2019\/07\/nitzia-foro.jpg","width":450,"height":300},{"@type":"BreadcrumbList","@id":"https:\/\/www.sonoraenequipo.com.mx\/realiza-nitzia-gradias-foro-de-desarrollo-cientifico-y-tecnologico\/#breadcrumb","itemListElement":[{"@type":"ListItem","position":1,"name":"Portada","item":"https:\/\/www.sonoraenequipo.com.mx\/"},{"@type":"ListItem","position":2,"name":"Realiza Nitzia Grad\u00edas Foro de Desarrollo Cient\u00edfico y Tecnol\u00f3gico"}]},{"@type":"WebSite","@id":"https:\/\/www.sonoraenequipo.com.mx\/#website","url":"https:\/\/www.sonoraenequipo.com.mx\/","name":"Sonora en Equipo.","description":"Diario en l\u00ednea con Noticias desde Hermosillo, Sonora","publisher":{"@id":"https:\/\/www.sonoraenequipo.com.mx\/#organization"},"potentialAction":[{"@type":"SearchAction","target":{"@type":"EntryPoint","urlTemplate":"https:\/\/www.sonoraenequipo.com.mx\/?s={search_term_string}"},"query-input":{"@type":"PropertyValueSpecification","valueRequired":true,"valueName":"search_term_string"}}],"inLanguage":"es"},{"@type":"Organization","@id":"https:\/\/www.sonoraenequipo.com.mx\/#organization","name":"Sonoraenequipo.com.mx","url":"https:\/\/www.sonoraenequipo.com.mx\/","logo":{"@type":"ImageObject","inLanguage":"es","@id":"https:\/\/www.sonoraenequipo.com.mx\/#\/schema\/logo\/image\/","url":"https:\/\/www.sonoraenequipo.com.mx\/storage\/2019\/01\/sonoraenequipo_opt.png","contentUrl":"https:\/\/www.sonoraenequipo.com.mx\/storage\/2019\/01\/sonoraenequipo_opt.png","width":375,"height":125,"caption":"Sonoraenequipo.com.mx"},"image":{"@id":"https:\/\/www.sonoraenequipo.com.mx\/#\/schema\/logo\/image\/"},"sameAs":["https:\/\/www.facebook.com\/SonoraEE\/","https:\/\/x.com\/sonoraenequipo","https:\/\/www.youtube.com\/channel\/UC338nW-lPEYmJQs4ZABQ1SQ"]},{"@type":"Person","@id":"https:\/\/www.sonoraenequipo.com.mx\/#\/schema\/person\/61a39de478a1763473ad55e8a95fddf6","name":"enequipo","image":{"@type":"ImageObject","inLanguage":"es","@id":"https:\/\/www.sonoraenequipo.com.mx\/#\/schema\/person\/image\/","url":"https:\/\/secure.gravatar.com\/avatar\/e39bc3016d8af598aed3d770c9510dfc2795f37ea1733d99fcc6e97d2c3c9f5e?s=96&d=blank&r=g","contentUrl":"https:\/\/secure.gravatar.com\/avatar\/e39bc3016d8af598aed3d770c9510dfc2795f37ea1733d99fcc6e97d2c3c9f5e?s=96&d=blank&r=g","caption":"enequipo"}}]}},"jetpack_featured_media_url":"https:\/\/www.sonoraenequipo.com.mx\/storage\/2019\/07\/nitzia-foro.jpg","_links":{"self":[{"href":"https:\/\/www.sonoraenequipo.com.mx\/api\/wp\/v2\/posts\/63694","targetHints":{"allow":["GET"]}}],"collection":[{"href":"https:\/\/www.sonoraenequipo.com.mx\/api\/wp\/v2\/posts"}],"about":[{"href":"https:\/\/www.sonoraenequipo.com.mx\/api\/wp\/v2\/types\/post"}],"author":[{"embeddable":true,"href":"https:\/\/www.sonoraenequipo.com.mx\/api\/wp\/v2\/users\/178"}],"replies":[{"embeddable":true,"href":"https:\/\/www.sonoraenequipo.com.mx\/api\/wp\/v2\/comments?post=63694"}],"version-history":[{"count":0,"href":"https:\/\/www.sonoraenequipo.com.mx\/api\/wp\/v2\/posts\/63694\/revisions"}],"wp:featuredmedia":[{"embeddable":true,"href":"https:\/\/www.sonoraenequipo.com.mx\/api\/wp\/v2\/media\/63695"}],"wp:attachment":[{"href":"https:\/\/www.sonoraenequipo.com.mx\/api\/wp\/v2\/media?parent=63694"}],"wp:term":[{"taxonomy":"category","embeddable":true,"href":"https:\/\/www.sonoraenequipo.com.mx\/api\/wp\/v2\/categories?post=63694"},{"taxonomy":"post_tag","embeddable":true,"href":"https:\/\/www.sonoraenequipo.com.mx\/api\/wp\/v2\/tags?post=63694"}],"curies":[{"name":"wp","href":"https:\/\/api.w.org\/{rel}","templated":true}]}}