{"id":63697,"date":"2019-07-08T21:21:41","date_gmt":"2019-07-09T04:21:41","guid":{"rendered":"http:\/\/www.sonoraenequipo.com.mx\/?p=63697"},"modified":"2019-07-09T07:38:53","modified_gmt":"2019-07-09T14:38:53","slug":"anuncia-imca-programa-este-verano-se-vale-ser-feliz-en-23-colonias-de-hermosillo","status":"publish","type":"post","link":"https:\/\/www.sonoraenequipo.com.mx\/anuncia-imca-programa-este-verano-se-vale-ser-feliz-en-23-colonias-de-hermosillo\/","title":{"rendered":"Anuncia IMCA programa \u201cEste verano se vale ser feliz\u201d en 23 colonias de\u00a0 Hermosillo"},"content":{"rendered":"<p>HERMOSILLO,SONORA.MX. \u2014 \u00a0 \u201cRealmente queremos que se repita esa sensaci\u00f3n de gozo, alegr\u00eda y bienestar en esos espacios de convivencia que generan el arte y la cultura\u201d, expres\u00f3, Diana Reyes Gonz\u00e1lez, Directora del Instituto Municipal de Cultura y Arte (IMCA) al anunciar el programa \u201cEste verano se vale ser feliz, cultura en tu barrio\u201d. <\/p>\n<p>Explic\u00f3 que, como parte del objetivo de la administraci\u00f3n que encabeza Celida L\u00f3pez C\u00e1rdenas, de acercar a todos los espacios posibles la oferta cultural y art\u00edstica del Ayuntamiento, se dise\u00f1\u00f3 una estrategia especial para los meses de julio, agosto y septiembre, en espacios p\u00fablicos de 23 colonias hermosillenses, donde se llevar\u00e1n m\u00e1s de 164 eventos, con participaci\u00f3n de 100 artistas.<\/p>\n<p>La acompa\u00f1aron en el anuncio Aracely Velarde, Directora de Planeaci\u00f3n y Desarrollo Institucional y Yanelis Osorio, Directora de Desarrollo Local y Participaci\u00f3n Ciudadana, respectivamente, ambas a cargo de la operatividad\u00a0 del programa en el que se coordinar\u00e1n con la Direcci\u00f3n de Bienestar Social, Polic\u00eda Preventiva y Tr\u00e1nsito Municipal, Alumbrado P\u00fablico y Servicios P\u00fablicos Municipales.<\/p>\n<p>Las jornadas iniciar\u00e1n desde las 19:00 horas, hasta alrededor de las 22:00 horas, con actividades similares a las organizadas en el marco de las Rutas Culturales, del programa Transformarte del IMCA, abund\u00f3 la funcionaria.<\/p>\n<p>El programa art\u00edstico y cultural incluye a la cuenta cuentos Rosa Vil\u00e1 Font; la orquesta de El Chino Medina; el grupo Tolerados, de Empalme; Nunca Jam\u00e1s, de Ciudad Obreg\u00f3n; Los Monstruos del Espacio Exterior, de Sinaloa; el C\u00e1rtel de la Salsa; Toque y Tono y la compa\u00f1\u00eda La Zancadilla Teatro, y mucho m\u00e1s, detall\u00f3 Diana Reyes.<\/p>\n<p>Las colonias que formar\u00e1n parte de \u201cEste verano se vale ser feliz, cultura en tu barrio\u201d son: Villas del Sur, Haciendas del Sur, Palo Verde, Las Minitas, Real del Carmen, Fuentes del Mezquital, Los Naranjos, El ranchito, Coloso Bajo, Las Amapolas, San Luis, Caf\u00e9 Combate, Olivares, Bugambilias, Ayuntamiento, Lomas de Madrid, Solidaridad 1, El Apache, Los Arroyos, Privadas del Real, Tierra Nueva, San Francisco y Centenario.<\/p>\n<p>El cierre de las jornadas culturales tendr\u00e1 lugar el domingo 29 de septiembre en la plaza Zaragoza, adelant\u00f3 la directora del IMCA, a la vez que invit\u00f3 a los ciudadanos a descargar el variado programa de actividades desde la p\u00e1gina electr\u00f3nica de la instituci\u00f3n www.imcahermosillo.gob.mx .<\/p>\n<p>Fecha De publicaci\u00f3n 08\/07\/2019<\/p>\n","protected":false},"excerpt":{"rendered":"<p>HERMOSILLO,SONORA.MX. \u2014 \u00a0 \u201cRealmente queremos que se repita esa sensaci\u00f3n de gozo, alegr\u00eda y bienestar&#8230;<\/p>\n","protected":false},"author":178,"featured_media":63698,"comment_status":"open","ping_status":"open","sticky":false,"template":"","format":"standard","meta":{"_monsterinsights_skip_tracking":false,"_monsterinsights_sitenote_active":false,"_monsterinsights_sitenote_note":"","_monsterinsights_sitenote_category":0,"footnotes":""},"categories":[4],"tags":[596],"class_list":["post"],"yoast_head":" \n<title>Sonora en Equipo. Anuncia IMCA programa \u201cEste verano se vale ser feliz\u201d en 23 colonias de\u00a0 Hermosillo Municipios<\/title>\n<meta name=\"description\" content=\"HERMOSILLO,SONORA.MX. \u2014 \u00a0 \u201cRealmente queremos que se repita esa sensaci\u00f3n de gozo, alegr\u00eda y bienestar en esos espacios de convivencia que generan el arte En Sonora en Equipo publicamos toda la informaci\u00f3n de Sonora, M\u00e9xico y el Mundo de manera oportuna y busca que la libertad de expresi\u00f3n sea real. Visita nuestro medio informativo publicado desde Hermosillo, Sonora. %\" \/>\n<meta name=\"robots\" content=\"index, follow, max-snippet:-1, max-image-preview:large, max-video-preview:-1\" \/>\n<link rel=\"canonical\" href=\"https:\/\/www.sonoraenequipo.com.mx\/anuncia-imca-programa-este-verano-se-vale-ser-feliz-en-23-colonias-de-hermosillo\/\" \/>\n<meta property=\"og:locale\" content=\"es_ES\" \/>\n<meta property=\"og:type\" content=\"article\" \/>\n<meta property=\"og:title\" content=\"Sonora en Equipo. Anuncia IMCA programa \u201cEste verano se vale ser feliz\u201d en 23 colonias de\u00a0 Hermosillo Municipios\" \/>\n<meta property=\"og:description\" content=\"HERMOSILLO,SONORA.MX. \u2014 \u00a0 \u201cRealmente queremos que se repita esa sensaci\u00f3n de gozo, alegr\u00eda y bienestar en esos espacios de convivencia que generan el arte En Sonora en Equipo publicamos toda la informaci\u00f3n de Sonora, M\u00e9xico y el Mundo de manera oportuna y busca que la libertad de expresi\u00f3n sea real. Visita nuestro medio informativo publicado desde Hermosillo, Sonora. %\" \/>\n<meta property=\"og:url\" content=\"https:\/\/www.sonoraenequipo.com.mx\/anuncia-imca-programa-este-verano-se-vale-ser-feliz-en-23-colonias-de-hermosillo\/\" \/>\n<meta property=\"og:site_name\" content=\"Sonora en Equipo.\" \/>\n<meta property=\"article:publisher\" content=\"https:\/\/www.facebook.com\/SonoraEE\/\" \/>\n<meta property=\"article:published_time\" content=\"2019-07-09T04:21:41+00:00\" \/>\n<meta property=\"article:modified_time\" content=\"2019-07-09T14:38:53+00:00\" \/>\n<meta property=\"og:image\" content=\"https:\/\/www.sonoraenequipo.com.mx\/storage\/2019\/07\/IMCA.jpg\" \/>\n\t<meta property=\"og:image:width\" content=\"450\" \/>\n\t<meta property=\"og:image:height\" content=\"300\" \/>\n\t<meta property=\"og:image:type\" content=\"image\/jpeg\" \/>\n<meta name=\"author\" content=\"enequipo\" \/>\n<meta name=\"twitter:card\" content=\"summary_large_image\" \/>\n<meta name=\"twitter:creator\" content=\"@sonoraenequipo\" \/>\n<meta name=\"twitter:site\" content=\"@sonoraenequipo\" \/>\n<meta name=\"twitter:label1\" content=\"Escrito por\" \/>\n\t<meta name=\"twitter:data1\" content=\"enequipo\" \/>\n\t<meta name=\"twitter:label2\" content=\"Tiempo de lectura\" \/>\n\t<meta name=\"twitter:data2\" content=\"2 minutos\" \/>\n<script type=\"application\/ld+json\" class=\"yoast-schema-graph\">{\"@context\":\"https:\/\/schema.org\",\"@graph\":[{\"@type\":\"Article\",\"@id\":\"https:\/\/www.sonoraenequipo.com.mx\/anuncia-imca-programa-este-verano-se-vale-ser-feliz-en-23-colonias-de-hermosillo\/#article\",\"isPartOf\":{\"@id\":\"https:\/\/www.sonoraenequipo.com.mx\/anuncia-imca-programa-este-verano-se-vale-ser-feliz-en-23-colonias-de-hermosillo\/\"},\"author\":{\"name\":\"enequipo\",\"@id\":\"https:\/\/www.sonoraenequipo.com.mx\/#\/schema\/person\/61a39de478a1763473ad55e8a95fddf6\"},\"headline\":\"Anuncia IMCA programa \u201cEste verano se vale ser feliz\u201d en 23 colonias de\u00a0 Hermosillo\",\"datePublished\":\"2019-07-09T04:21:41+00:00\",\"dateModified\":\"2019-07-09T14:38:53+00:00\",\"mainEntityOfPage\":{\"@id\":\"https:\/\/www.sonoraenequipo.com.mx\/anuncia-imca-programa-este-verano-se-vale-ser-feliz-en-23-colonias-de-hermosillo\/\"},\"wordCount\":413,\"commentCount\":0,\"publisher\":{\"@id\":\"https:\/\/www.sonoraenequipo.com.mx\/#organization\"},\"image\":{\"@id\":\"https:\/\/www.sonoraenequipo.com.mx\/anuncia-imca-programa-este-verano-se-vale-ser-feliz-en-23-colonias-de-hermosillo\/#primaryimage\"},\"thumbnailUrl\":\"https:\/\/www.sonoraenequipo.com.mx\/storage\/2019\/07\/IMCA.jpg\",\"keywords\":[\"Ayuntamiento Hermosillo\"],\"articleSection\":[\"Municipios\"],\"inLanguage\":\"es\",\"potentialAction\":[{\"@type\":\"CommentAction\",\"name\":\"Comment\",\"target\":[\"https:\/\/www.sonoraenequipo.com.mx\/anuncia-imca-programa-este-verano-se-vale-ser-feliz-en-23-colonias-de-hermosillo\/#respond\"]}]},{\"@type\":\"WebPage\",\"@id\":\"https:\/\/www.sonoraenequipo.com.mx\/anuncia-imca-programa-este-verano-se-vale-ser-feliz-en-23-colonias-de-hermosillo\/\",\"url\":\"https:\/\/www.sonoraenequipo.com.mx\/anuncia-imca-programa-este-verano-se-vale-ser-feliz-en-23-colonias-de-hermosillo\/\",\"name\":\"Sonora en Equipo. Anuncia IMCA programa \u201cEste verano se vale ser feliz\u201d en 23 colonias de\u00a0 Hermosillo Municipios\",\"isPartOf\":{\"@id\":\"https:\/\/www.sonoraenequipo.com.mx\/#website\"},\"primaryImageOfPage\":{\"@id\":\"https:\/\/www.sonoraenequipo.com.mx\/anuncia-imca-programa-este-verano-se-vale-ser-feliz-en-23-colonias-de-hermosillo\/#primaryimage\"},\"image\":{\"@id\":\"https:\/\/www.sonoraenequipo.com.mx\/anuncia-imca-programa-este-verano-se-vale-ser-feliz-en-23-colonias-de-hermosillo\/#primaryimage\"},\"thumbnailUrl\":\"https:\/\/www.sonoraenequipo.com.mx\/storage\/2019\/07\/IMCA.jpg\",\"datePublished\":\"2019-07-09T04:21:41+00:00\",\"dateModified\":\"2019-07-09T14:38:53+00:00\",\"description\":\"HERMOSILLO,SONORA.MX. \u2014 \u00a0 \u201cRealmente queremos que se repita esa sensaci\u00f3n de gozo, alegr\u00eda y bienestar en esos espacios de convivencia que generan el arte En Sonora en Equipo publicamos toda la informaci\u00f3n de Sonora, M\u00e9xico y el Mundo de manera oportuna y busca que la libertad de expresi\u00f3n sea real. Visita nuestro medio informativo publicado desde Hermosillo, Sonora. %\",\"breadcrumb\":{\"@id\":\"https:\/\/www.sonoraenequipo.com.mx\/anuncia-imca-programa-este-verano-se-vale-ser-feliz-en-23-colonias-de-hermosillo\/#breadcrumb\"},\"inLanguage\":\"es\",\"potentialAction\":[{\"@type\":\"ReadAction\",\"target\":[\"https:\/\/www.sonoraenequipo.com.mx\/anuncia-imca-programa-este-verano-se-vale-ser-feliz-en-23-colonias-de-hermosillo\/\"]}]},{\"@type\":\"ImageObject\",\"inLanguage\":\"es\",\"@id\":\"https:\/\/www.sonoraenequipo.com.mx\/anuncia-imca-programa-este-verano-se-vale-ser-feliz-en-23-colonias-de-hermosillo\/#primaryimage\",\"url\":\"https:\/\/www.sonoraenequipo.com.mx\/storage\/2019\/07\/IMCA.jpg\",\"contentUrl\":\"https:\/\/www.sonoraenequipo.com.mx\/storage\/2019\/07\/IMCA.jpg\",\"width\":450,\"height\":300},{\"@type\":\"BreadcrumbList\",\"@id\":\"https:\/\/www.sonoraenequipo.com.mx\/anuncia-imca-programa-este-verano-se-vale-ser-feliz-en-23-colonias-de-hermosillo\/#breadcrumb\",\"itemListElement\":[{\"@type\":\"ListItem\",\"position\":1,\"name\":\"Portada\",\"item\":\"https:\/\/www.sonoraenequipo.com.mx\/\"},{\"@type\":\"ListItem\",\"position\":2,\"name\":\"Anuncia IMCA programa \u201cEste verano se vale ser feliz\u201d en 23 colonias de\u00a0 Hermosillo\"}]},{\"@type\":\"WebSite\",\"@id\":\"https:\/\/www.sonoraenequipo.com.mx\/#website\",\"url\":\"https:\/\/www.sonoraenequipo.com.mx\/\",\"name\":\"Sonora en Equipo.\",\"description\":\"Diario en l\u00ednea con Noticias desde Hermosillo, Sonora\",\"publisher\":{\"@id\":\"https:\/\/www.sonoraenequipo.com.mx\/#organization\"},\"potentialAction\":[{\"@type\":\"SearchAction\",\"target\":{\"@type\":\"EntryPoint\",\"urlTemplate\":\"https:\/\/www.sonoraenequipo.com.mx\/?s={search_term_string}\"},\"query-input\":{\"@type\":\"PropertyValueSpecification\",\"valueRequired\":true,\"valueName\":\"search_term_string\"}}],\"inLanguage\":\"es\"},{\"@type\":\"Organization\",\"@id\":\"https:\/\/www.sonoraenequipo.com.mx\/#organization\",\"name\":\"Sonoraenequipo.com.mx\",\"url\":\"https:\/\/www.sonoraenequipo.com.mx\/\",\"logo\":{\"@type\":\"ImageObject\",\"inLanguage\":\"es\",\"@id\":\"https:\/\/www.sonoraenequipo.com.mx\/#\/schema\/logo\/image\/\",\"url\":\"https:\/\/www.sonoraenequipo.com.mx\/storage\/2019\/01\/sonoraenequipo_opt.png\",\"contentUrl\":\"https:\/\/www.sonoraenequipo.com.mx\/storage\/2019\/01\/sonoraenequipo_opt.png\",\"width\":375,\"height\":125,\"caption\":\"Sonoraenequipo.com.mx\"},\"image\":{\"@id\":\"https:\/\/www.sonoraenequipo.com.mx\/#\/schema\/logo\/image\/\"},\"sameAs\":[\"https:\/\/www.facebook.com\/SonoraEE\/\",\"https:\/\/x.com\/sonoraenequipo\",\"https:\/\/www.youtube.com\/channel\/UC338nW-lPEYmJQs4ZABQ1SQ\"]},{\"@type\":\"Person\",\"@id\":\"https:\/\/www.sonoraenequipo.com.mx\/#\/schema\/person\/61a39de478a1763473ad55e8a95fddf6\",\"name\":\"enequipo\",\"image\":{\"@type\":\"ImageObject\",\"inLanguage\":\"es\",\"@id\":\"https:\/\/www.sonoraenequipo.com.mx\/#\/schema\/person\/image\/\",\"url\":\"https:\/\/secure.gravatar.com\/avatar\/e39bc3016d8af598aed3d770c9510dfc2795f37ea1733d99fcc6e97d2c3c9f5e?s=96&d=blank&r=g\",\"contentUrl\":\"https:\/\/secure.gravatar.com\/avatar\/e39bc3016d8af598aed3d770c9510dfc2795f37ea1733d99fcc6e97d2c3c9f5e?s=96&d=blank&r=g\",\"caption\":\"enequipo\"}}]}<\/script>\n ","yoast_head_json":{"title":"Sonora en Equipo. Anuncia IMCA programa \u201cEste verano se vale ser feliz\u201d en 23 colonias de\u00a0 Hermosillo Municipios","description":"HERMOSILLO,SONORA.MX. \u2014 \u00a0 \u201cRealmente queremos que se repita esa sensaci\u00f3n de gozo, alegr\u00eda y bienestar en esos espacios de convivencia que generan el arte En Sonora en Equipo publicamos toda la informaci\u00f3n de Sonora, M\u00e9xico y el Mundo de manera oportuna y busca que la libertad de expresi\u00f3n sea real. Visita nuestro medio informativo publicado desde Hermosillo, Sonora. %","robots":{"index":"index","follow":"follow","max-snippet":"max-snippet:-1","max-image-preview":"max-image-preview:large","max-video-preview":"max-video-preview:-1"},"canonical":"https:\/\/www.sonoraenequipo.com.mx\/anuncia-imca-programa-este-verano-se-vale-ser-feliz-en-23-colonias-de-hermosillo\/","og_locale":"es_ES","og_type":"article","og_title":"Sonora en Equipo. Anuncia IMCA programa \u201cEste verano se vale ser feliz\u201d en 23 colonias de\u00a0 Hermosillo Municipios","og_description":"HERMOSILLO,SONORA.MX. \u2014 \u00a0 \u201cRealmente queremos que se repita esa sensaci\u00f3n de gozo, alegr\u00eda y bienestar en esos espacios de convivencia que generan el arte En Sonora en Equipo publicamos toda la informaci\u00f3n de Sonora, M\u00e9xico y el Mundo de manera oportuna y busca que la libertad de expresi\u00f3n sea real. Visita nuestro medio informativo publicado desde Hermosillo, Sonora. %","og_url":"https:\/\/www.sonoraenequipo.com.mx\/anuncia-imca-programa-este-verano-se-vale-ser-feliz-en-23-colonias-de-hermosillo\/","og_site_name":"Sonora en Equipo.","article_publisher":"https:\/\/www.facebook.com\/SonoraEE\/","article_published_time":"2019-07-09T04:21:41+00:00","article_modified_time":"2019-07-09T14:38:53+00:00","og_image":[{"width":450,"height":300,"url":"https:\/\/www.sonoraenequipo.com.mx\/storage\/2019\/07\/IMCA.jpg","type":"image\/jpeg"}],"author":"enequipo","twitter_card":"summary_large_image","twitter_creator":"@sonoraenequipo","twitter_site":"@sonoraenequipo","twitter_misc":{"Escrito por":"enequipo","Tiempo de lectura":"2 minutos"},"schema":{"@context":"https:\/\/schema.org","@graph":[{"@type":"Article","@id":"https:\/\/www.sonoraenequipo.com.mx\/anuncia-imca-programa-este-verano-se-vale-ser-feliz-en-23-colonias-de-hermosillo\/#article","isPartOf":{"@id":"https:\/\/www.sonoraenequipo.com.mx\/anuncia-imca-programa-este-verano-se-vale-ser-feliz-en-23-colonias-de-hermosillo\/"},"author":{"name":"enequipo","@id":"https:\/\/www.sonoraenequipo.com.mx\/#\/schema\/person\/61a39de478a1763473ad55e8a95fddf6"},"headline":"Anuncia IMCA programa \u201cEste verano se vale ser feliz\u201d en 23 colonias de\u00a0 Hermosillo","datePublished":"2019-07-09T04:21:41+00:00","dateModified":"2019-07-09T14:38:53+00:00","mainEntityOfPage":{"@id":"https:\/\/www.sonoraenequipo.com.mx\/anuncia-imca-programa-este-verano-se-vale-ser-feliz-en-23-colonias-de-hermosillo\/"},"wordCount":413,"commentCount":0,"publisher":{"@id":"https:\/\/www.sonoraenequipo.com.mx\/#organization"},"image":{"@id":"https:\/\/www.sonoraenequipo.com.mx\/anuncia-imca-programa-este-verano-se-vale-ser-feliz-en-23-colonias-de-hermosillo\/#primaryimage"},"thumbnailUrl":"https:\/\/www.sonoraenequipo.com.mx\/storage\/2019\/07\/IMCA.jpg","keywords":["Ayuntamiento Hermosillo"],"articleSection":["Municipios"],"inLanguage":"es","potentialAction":[{"@type":"CommentAction","name":"Comment","target":["https:\/\/www.sonoraenequipo.com.mx\/anuncia-imca-programa-este-verano-se-vale-ser-feliz-en-23-colonias-de-hermosillo\/#respond"]}]},{"@type":"WebPage","@id":"https:\/\/www.sonoraenequipo.com.mx\/anuncia-imca-programa-este-verano-se-vale-ser-feliz-en-23-colonias-de-hermosillo\/","url":"https:\/\/www.sonoraenequipo.com.mx\/anuncia-imca-programa-este-verano-se-vale-ser-feliz-en-23-colonias-de-hermosillo\/","name":"Sonora en Equipo. Anuncia IMCA programa \u201cEste verano se vale ser feliz\u201d en 23 colonias de\u00a0 Hermosillo Municipios","isPartOf":{"@id":"https:\/\/www.sonoraenequipo.com.mx\/#website"},"primaryImageOfPage":{"@id":"https:\/\/www.sonoraenequipo.com.mx\/anuncia-imca-programa-este-verano-se-vale-ser-feliz-en-23-colonias-de-hermosillo\/#primaryimage"},"image":{"@id":"https:\/\/www.sonoraenequipo.com.mx\/anuncia-imca-programa-este-verano-se-vale-ser-feliz-en-23-colonias-de-hermosillo\/#primaryimage"},"thumbnailUrl":"https:\/\/www.sonoraenequipo.com.mx\/storage\/2019\/07\/IMCA.jpg","datePublished":"2019-07-09T04:21:41+00:00","dateModified":"2019-07-09T14:38:53+00:00","description":"HERMOSILLO,SONORA.MX. \u2014 \u00a0 \u201cRealmente queremos que se repita esa sensaci\u00f3n de gozo, alegr\u00eda y bienestar en esos espacios de convivencia que generan el arte En Sonora en Equipo publicamos toda la informaci\u00f3n de Sonora, M\u00e9xico y el Mundo de manera oportuna y busca que la libertad de expresi\u00f3n sea real. Visita nuestro medio informativo publicado desde Hermosillo, Sonora. %","breadcrumb":{"@id":"https:\/\/www.sonoraenequipo.com.mx\/anuncia-imca-programa-este-verano-se-vale-ser-feliz-en-23-colonias-de-hermosillo\/#breadcrumb"},"inLanguage":"es","potentialAction":[{"@type":"ReadAction","target":["https:\/\/www.sonoraenequipo.com.mx\/anuncia-imca-programa-este-verano-se-vale-ser-feliz-en-23-colonias-de-hermosillo\/"]}]},{"@type":"ImageObject","inLanguage":"es","@id":"https:\/\/www.sonoraenequipo.com.mx\/anuncia-imca-programa-este-verano-se-vale-ser-feliz-en-23-colonias-de-hermosillo\/#primaryimage","url":"https:\/\/www.sonoraenequipo.com.mx\/storage\/2019\/07\/IMCA.jpg","contentUrl":"https:\/\/www.sonoraenequipo.com.mx\/storage\/2019\/07\/IMCA.jpg","width":450,"height":300},{"@type":"BreadcrumbList","@id":"https:\/\/www.sonoraenequipo.com.mx\/anuncia-imca-programa-este-verano-se-vale-ser-feliz-en-23-colonias-de-hermosillo\/#breadcrumb","itemListElement":[{"@type":"ListItem","position":1,"name":"Portada","item":"https:\/\/www.sonoraenequipo.com.mx\/"},{"@type":"ListItem","position":2,"name":"Anuncia IMCA programa \u201cEste verano se vale ser feliz\u201d en 23 colonias de\u00a0 Hermosillo"}]},{"@type":"WebSite","@id":"https:\/\/www.sonoraenequipo.com.mx\/#website","url":"https:\/\/www.sonoraenequipo.com.mx\/","name":"Sonora en Equipo.","description":"Diario en l\u00ednea con Noticias desde Hermosillo, Sonora","publisher":{"@id":"https:\/\/www.sonoraenequipo.com.mx\/#organization"},"potentialAction":[{"@type":"SearchAction","target":{"@type":"EntryPoint","urlTemplate":"https:\/\/www.sonoraenequipo.com.mx\/?s={search_term_string}"},"query-input":{"@type":"PropertyValueSpecification","valueRequired":true,"valueName":"search_term_string"}}],"inLanguage":"es"},{"@type":"Organization","@id":"https:\/\/www.sonoraenequipo.com.mx\/#organization","name":"Sonoraenequipo.com.mx","url":"https:\/\/www.sonoraenequipo.com.mx\/","logo":{"@type":"ImageObject","inLanguage":"es","@id":"https:\/\/www.sonoraenequipo.com.mx\/#\/schema\/logo\/image\/","url":"https:\/\/www.sonoraenequipo.com.mx\/storage\/2019\/01\/sonoraenequipo_opt.png","contentUrl":"https:\/\/www.sonoraenequipo.com.mx\/storage\/2019\/01\/sonoraenequipo_opt.png","width":375,"height":125,"caption":"Sonoraenequipo.com.mx"},"image":{"@id":"https:\/\/www.sonoraenequipo.com.mx\/#\/schema\/logo\/image\/"},"sameAs":["https:\/\/www.facebook.com\/SonoraEE\/","https:\/\/x.com\/sonoraenequipo","https:\/\/www.youtube.com\/channel\/UC338nW-lPEYmJQs4ZABQ1SQ"]},{"@type":"Person","@id":"https:\/\/www.sonoraenequipo.com.mx\/#\/schema\/person\/61a39de478a1763473ad55e8a95fddf6","name":"enequipo","image":{"@type":"ImageObject","inLanguage":"es","@id":"https:\/\/www.sonoraenequipo.com.mx\/#\/schema\/person\/image\/","url":"https:\/\/secure.gravatar.com\/avatar\/e39bc3016d8af598aed3d770c9510dfc2795f37ea1733d99fcc6e97d2c3c9f5e?s=96&d=blank&r=g","contentUrl":"https:\/\/secure.gravatar.com\/avatar\/e39bc3016d8af598aed3d770c9510dfc2795f37ea1733d99fcc6e97d2c3c9f5e?s=96&d=blank&r=g","caption":"enequipo"}}]}},"jetpack_featured_media_url":"https:\/\/www.sonoraenequipo.com.mx\/storage\/2019\/07\/IMCA.jpg","_links":{"self":[{"href":"https:\/\/www.sonoraenequipo.com.mx\/api\/wp\/v2\/posts\/63697","targetHints":{"allow":["GET"]}}],"collection":[{"href":"https:\/\/www.sonoraenequipo.com.mx\/api\/wp\/v2\/posts"}],"about":[{"href":"https:\/\/www.sonoraenequipo.com.mx\/api\/wp\/v2\/types\/post"}],"author":[{"embeddable":true,"href":"https:\/\/www.sonoraenequipo.com.mx\/api\/wp\/v2\/users\/178"}],"replies":[{"embeddable":true,"href":"https:\/\/www.sonoraenequipo.com.mx\/api\/wp\/v2\/comments?post=63697"}],"version-history":[{"count":0,"href":"https:\/\/www.sonoraenequipo.com.mx\/api\/wp\/v2\/posts\/63697\/revisions"}],"wp:featuredmedia":[{"embeddable":true,"href":"https:\/\/www.sonoraenequipo.com.mx\/api\/wp\/v2\/media\/63698"}],"wp:attachment":[{"href":"https:\/\/www.sonoraenequipo.com.mx\/api\/wp\/v2\/media?parent=63697"}],"wp:term":[{"taxonomy":"category","embeddable":true,"href":"https:\/\/www.sonoraenequipo.com.mx\/api\/wp\/v2\/categories?post=63697"},{"taxonomy":"post_tag","embeddable":true,"href":"https:\/\/www.sonoraenequipo.com.mx\/api\/wp\/v2\/tags?post=63697"}],"curies":[{"name":"wp","href":"https:\/\/api.w.org\/{rel}","templated":true}]}}