{"id":63708,"date":"2019-07-09T12:59:08","date_gmt":"2019-07-09T19:59:08","guid":{"rendered":"http:\/\/www.sonoraenequipo.com.mx\/?p=63708"},"modified":"2020-05-18T17:26:33","modified_gmt":"2020-05-19T00:26:33","slug":"prepara-tu-cuerpo-para-el-verano","status":"publish","type":"post","link":"https:\/\/www.sonoraenequipo.com.mx\/prepara-tu-cuerpo-para-el-verano\/","title":{"rendered":"Prepara tu cuerpo para el verano"},"content":{"rendered":"<p>CIUDAD DE M\u00c9XICO. MX. \u2014\u00a0 Para estas fechas, muchas personas ya se preparan para sentirse y lucir mejor durante las vacaciones de verano, fij\u00e1ndose objetivos como hacer m\u00e1s ejercicio y bajar de peso. <\/p>\n<p>Por eso, Ana Mar\u00eda Gonz\u00e1lez, Nutri\u00f3loga certificada por el Colegio Mexicano de Nutri\u00f3logas, te comparte algunos pr\u00e1cticos consejos para que logres adoptar un estilo de vida m\u00e1s saludable y, al mismo tiempo, consigas perder un poco de peso antes del verano.<\/p>\n<p>Establece peque\u00f1as metas. Por ejemplo, si quieres bajar 10 kilos, comienza con el objetivo de bajar dos. Una vez que hayas alcanzado esta primera meta, establece un nuevo reto. Si tus horarios son complicados, busca alguna clase o ejercicio que se acople a tus actividades semanales. O bien, descarga alguna aplicaci\u00f3n que te ayude a establecer rutinas que puedas realizar en casa.<\/p>\n<p>Revisa tu refrigerador y tu alacena. \u00bfLos alimentos que tienes son parte del plan? Pon hasta adelante aquellos que son bajos en grasa, az\u00facar y calor\u00edas, ya que, si son los primeros que ves, ser\u00e1 m\u00e1s f\u00e1cil elegirlos. Tambi\u00e9n ten siempre en el refrigerador tus frutas y verduras ya picadas o incluso congeladas.<\/p>\n<p>Haz cambios inteligentes. Muchas de las calor\u00edas que llegan a nuestro cuerpo las consumimos sin saberlo, debido a los ingredientes que se utilizaron al cocinar nuestros platillos. Una excelente opci\u00f3n es sustituir algunos ingredientes para hacer las recetas bajas en calor\u00edas, como el aceite de canola por el aceite de coco o aguacate; los l\u00e1cteos por sus versiones descremadas o bajas en grasa y los endulzantes tradicionales por sustitutos de az\u00facar como estevia o sucralosa.<\/p>\n<p>Mu\u00e9vete un poco m\u00e1s. En este plan no puede faltar el ejercicio, ya que es la otra parte de la balanza en el equilibrio entre lo que comemos y lo que gastamos. Realizar 30 minutos de ejercicio al d\u00eda te ayudar\u00e1 tambi\u00e9n a mejorar tu estado de \u00e1nimo y tener m\u00e1s energ\u00eda. Busca algo que te guste y ases\u00f3rate adecuadamente.<\/p>\n<p>Mant\u00e9n tu cuerpo hidratado y tu mente ocupada. En ocasiones, la sed y el ocio pueden hacernos comer sin realmente tener hambre. Ten siempre a la mano una botella de agua. Si optas por bebidas preparadas, escoge las que no contienen az\u00facar o son bajas en calor\u00edas. Haz conciencia de tus se\u00f1ales de hambre y saciedad. Los antojos son pasajeros. Si logras distraerte durante 15 minutos es muy probable que lo olvides.<\/p>\n<p>Piensa a largo plazo. No hay nada peor que alcanzar nuestra meta para vernos bien durante una semana o un par de meses. Aprovecha esta motivaci\u00f3n haciendo cambios con los que puedas vivir a largo plazo. De esta forma, podr\u00e1s disfrutar de los resultados de forma permanente.<\/p>\n<p>Con estos sencillos consejos, recibir\u00e1s el verano sinti\u00e9ndote mucho mejor f\u00edsica y emocionalmente. \u00a1No hay pretextos!<\/p>\n<p>Fecha de publicaci\u00f3n 09\/07\/2019<\/p>\n","protected":false},"excerpt":{"rendered":"<p>CIUDAD DE M\u00c9XICO. MX. \u2014\u00a0 Para estas fechas, muchas personas ya se preparan para sentirse&#8230;<\/p>\n","protected":false},"author":178,"featured_media":63709,"comment_status":"open","ping_status":"open","sticky":false,"template":"","format":"standard","meta":{"_monsterinsights_skip_tracking":false,"_monsterinsights_sitenote_active":false,"_monsterinsights_sitenote_note":"","_monsterinsights_sitenote_category":0,"footnotes":""},"categories":[12],"tags":[3272,3271],"class_list":["post"],"yoast_head":" \n<title>Sonora en Equipo. Prepara tu cuerpo para el verano<\/title>\n<meta name=\"description\" content=\"CIUDAD DE M\u00c9XICO. MX. \u2014\u00a0 Para estas fechas, muchas personas ya se preparan para sentirse y lucir mejor durante las vacaciones de verano, fij\u00e1ndose En Sonora en Equipo publicamos toda la informaci\u00f3n de Sonora, M\u00e9xico y el Mundo de manera oportuna y busca que la libertad de expresi\u00f3n sea real. Visita nuestro medio informativo publicado desde Hermosillo, Sonora. %\" \/>\n<meta name=\"robots\" content=\"index, follow, max-snippet:-1, max-image-preview:large, max-video-preview:-1\" \/>\n<link rel=\"canonical\" href=\"https:\/\/www.sonoraenequipo.com.mx\/prepara-tu-cuerpo-para-el-verano\/\" \/>\n<meta property=\"og:locale\" content=\"es_ES\" \/>\n<meta property=\"og:type\" content=\"article\" \/>\n<meta property=\"og:title\" content=\"Sonora en Equipo. Prepara tu cuerpo para el verano\" \/>\n<meta property=\"og:description\" content=\"CIUDAD DE M\u00c9XICO. MX. \u2014\u00a0 Para estas fechas, muchas personas ya se preparan para sentirse y lucir mejor durante las vacaciones de verano, fij\u00e1ndose En Sonora en Equipo publicamos toda la informaci\u00f3n de Sonora, M\u00e9xico y el Mundo de manera oportuna y busca que la libertad de expresi\u00f3n sea real. Visita nuestro medio informativo publicado desde Hermosillo, Sonora. %\" \/>\n<meta property=\"og:url\" content=\"https:\/\/www.sonoraenequipo.com.mx\/prepara-tu-cuerpo-para-el-verano\/\" \/>\n<meta property=\"og:site_name\" content=\"Sonora en Equipo.\" \/>\n<meta property=\"article:publisher\" content=\"https:\/\/www.facebook.com\/SonoraEE\/\" \/>\n<meta property=\"article:published_time\" content=\"2019-07-09T19:59:08+00:00\" \/>\n<meta property=\"article:modified_time\" content=\"2020-05-19T00:26:33+00:00\" \/>\n<meta property=\"og:image\" content=\"https:\/\/www.sonoraenequipo.com.mx\/storage\/2019\/07\/BIKINI.jpg\" \/>\n\t<meta property=\"og:image:width\" content=\"450\" \/>\n\t<meta property=\"og:image:height\" content=\"321\" \/>\n\t<meta property=\"og:image:type\" content=\"image\/jpeg\" \/>\n<meta name=\"author\" content=\"enequipo\" \/>\n<meta name=\"twitter:card\" content=\"summary_large_image\" \/>\n<meta name=\"twitter:creator\" content=\"@sonoraenequipo\" \/>\n<meta name=\"twitter:site\" content=\"@sonoraenequipo\" \/>\n<meta name=\"twitter:label1\" content=\"Escrito por\" \/>\n\t<meta name=\"twitter:data1\" content=\"enequipo\" \/>\n\t<meta name=\"twitter:label2\" content=\"Tiempo de lectura\" \/>\n\t<meta name=\"twitter:data2\" content=\"2 minutos\" \/>\n<script type=\"application\/ld+json\" class=\"yoast-schema-graph\">{\"@context\":\"https:\/\/schema.org\",\"@graph\":[{\"@type\":\"Article\",\"@id\":\"https:\/\/www.sonoraenequipo.com.mx\/prepara-tu-cuerpo-para-el-verano\/#article\",\"isPartOf\":{\"@id\":\"https:\/\/www.sonoraenequipo.com.mx\/prepara-tu-cuerpo-para-el-verano\/\"},\"author\":{\"name\":\"enequipo\",\"@id\":\"https:\/\/www.sonoraenequipo.com.mx\/#\/schema\/person\/61a39de478a1763473ad55e8a95fddf6\"},\"headline\":\"Prepara tu cuerpo para el verano\",\"datePublished\":\"2019-07-09T19:59:08+00:00\",\"dateModified\":\"2020-05-19T00:26:33+00:00\",\"mainEntityOfPage\":{\"@id\":\"https:\/\/www.sonoraenequipo.com.mx\/prepara-tu-cuerpo-para-el-verano\/\"},\"wordCount\":502,\"commentCount\":0,\"publisher\":{\"@id\":\"https:\/\/www.sonoraenequipo.com.mx\/#organization\"},\"image\":{\"@id\":\"https:\/\/www.sonoraenequipo.com.mx\/prepara-tu-cuerpo-para-el-verano\/#primaryimage\"},\"thumbnailUrl\":\"https:\/\/www.sonoraenequipo.com.mx\/storage\/2019\/07\/BIKINI.jpg\",\"keywords\":[\"CUERPO\",\"VERANO\"],\"articleSection\":[\"Especiales\"],\"inLanguage\":\"es\",\"potentialAction\":[{\"@type\":\"CommentAction\",\"name\":\"Comment\",\"target\":[\"https:\/\/www.sonoraenequipo.com.mx\/prepara-tu-cuerpo-para-el-verano\/#respond\"]}]},{\"@type\":\"WebPage\",\"@id\":\"https:\/\/www.sonoraenequipo.com.mx\/prepara-tu-cuerpo-para-el-verano\/\",\"url\":\"https:\/\/www.sonoraenequipo.com.mx\/prepara-tu-cuerpo-para-el-verano\/\",\"name\":\"Sonora en Equipo. Prepara tu cuerpo para el verano\",\"isPartOf\":{\"@id\":\"https:\/\/www.sonoraenequipo.com.mx\/#website\"},\"primaryImageOfPage\":{\"@id\":\"https:\/\/www.sonoraenequipo.com.mx\/prepara-tu-cuerpo-para-el-verano\/#primaryimage\"},\"image\":{\"@id\":\"https:\/\/www.sonoraenequipo.com.mx\/prepara-tu-cuerpo-para-el-verano\/#primaryimage\"},\"thumbnailUrl\":\"https:\/\/www.sonoraenequipo.com.mx\/storage\/2019\/07\/BIKINI.jpg\",\"datePublished\":\"2019-07-09T19:59:08+00:00\",\"dateModified\":\"2020-05-19T00:26:33+00:00\",\"description\":\"CIUDAD DE M\u00c9XICO. MX. \u2014\u00a0 Para estas fechas, muchas personas ya se preparan para sentirse y lucir mejor durante las vacaciones de verano, fij\u00e1ndose En Sonora en Equipo publicamos toda la informaci\u00f3n de Sonora, M\u00e9xico y el Mundo de manera oportuna y busca que la libertad de expresi\u00f3n sea real. Visita nuestro medio informativo publicado desde Hermosillo, Sonora. %\",\"breadcrumb\":{\"@id\":\"https:\/\/www.sonoraenequipo.com.mx\/prepara-tu-cuerpo-para-el-verano\/#breadcrumb\"},\"inLanguage\":\"es\",\"potentialAction\":[{\"@type\":\"ReadAction\",\"target\":[\"https:\/\/www.sonoraenequipo.com.mx\/prepara-tu-cuerpo-para-el-verano\/\"]}]},{\"@type\":\"ImageObject\",\"inLanguage\":\"es\",\"@id\":\"https:\/\/www.sonoraenequipo.com.mx\/prepara-tu-cuerpo-para-el-verano\/#primaryimage\",\"url\":\"https:\/\/www.sonoraenequipo.com.mx\/storage\/2019\/07\/BIKINI.jpg\",\"contentUrl\":\"https:\/\/www.sonoraenequipo.com.mx\/storage\/2019\/07\/BIKINI.jpg\",\"width\":450,\"height\":321},{\"@type\":\"BreadcrumbList\",\"@id\":\"https:\/\/www.sonoraenequipo.com.mx\/prepara-tu-cuerpo-para-el-verano\/#breadcrumb\",\"itemListElement\":[{\"@type\":\"ListItem\",\"position\":1,\"name\":\"Portada\",\"item\":\"https:\/\/www.sonoraenequipo.com.mx\/\"},{\"@type\":\"ListItem\",\"position\":2,\"name\":\"Prepara tu cuerpo para el verano\"}]},{\"@type\":\"WebSite\",\"@id\":\"https:\/\/www.sonoraenequipo.com.mx\/#website\",\"url\":\"https:\/\/www.sonoraenequipo.com.mx\/\",\"name\":\"Sonora en Equipo.\",\"description\":\"Diario en l\u00ednea con Noticias desde Hermosillo, Sonora\",\"publisher\":{\"@id\":\"https:\/\/www.sonoraenequipo.com.mx\/#organization\"},\"potentialAction\":[{\"@type\":\"SearchAction\",\"target\":{\"@type\":\"EntryPoint\",\"urlTemplate\":\"https:\/\/www.sonoraenequipo.com.mx\/?s={search_term_string}\"},\"query-input\":{\"@type\":\"PropertyValueSpecification\",\"valueRequired\":true,\"valueName\":\"search_term_string\"}}],\"inLanguage\":\"es\"},{\"@type\":\"Organization\",\"@id\":\"https:\/\/www.sonoraenequipo.com.mx\/#organization\",\"name\":\"Sonoraenequipo.com.mx\",\"url\":\"https:\/\/www.sonoraenequipo.com.mx\/\",\"logo\":{\"@type\":\"ImageObject\",\"inLanguage\":\"es\",\"@id\":\"https:\/\/www.sonoraenequipo.com.mx\/#\/schema\/logo\/image\/\",\"url\":\"https:\/\/www.sonoraenequipo.com.mx\/storage\/2019\/01\/sonoraenequipo_opt.png\",\"contentUrl\":\"https:\/\/www.sonoraenequipo.com.mx\/storage\/2019\/01\/sonoraenequipo_opt.png\",\"width\":375,\"height\":125,\"caption\":\"Sonoraenequipo.com.mx\"},\"image\":{\"@id\":\"https:\/\/www.sonoraenequipo.com.mx\/#\/schema\/logo\/image\/\"},\"sameAs\":[\"https:\/\/www.facebook.com\/SonoraEE\/\",\"https:\/\/x.com\/sonoraenequipo\",\"https:\/\/www.youtube.com\/channel\/UC338nW-lPEYmJQs4ZABQ1SQ\"]},{\"@type\":\"Person\",\"@id\":\"https:\/\/www.sonoraenequipo.com.mx\/#\/schema\/person\/61a39de478a1763473ad55e8a95fddf6\",\"name\":\"enequipo\",\"image\":{\"@type\":\"ImageObject\",\"inLanguage\":\"es\",\"@id\":\"https:\/\/www.sonoraenequipo.com.mx\/#\/schema\/person\/image\/\",\"url\":\"https:\/\/secure.gravatar.com\/avatar\/e39bc3016d8af598aed3d770c9510dfc2795f37ea1733d99fcc6e97d2c3c9f5e?s=96&d=blank&r=g\",\"contentUrl\":\"https:\/\/secure.gravatar.com\/avatar\/e39bc3016d8af598aed3d770c9510dfc2795f37ea1733d99fcc6e97d2c3c9f5e?s=96&d=blank&r=g\",\"caption\":\"enequipo\"}}]}<\/script>\n ","yoast_head_json":{"title":"Sonora en Equipo. Prepara tu cuerpo para el verano","description":"CIUDAD DE M\u00c9XICO. MX. \u2014\u00a0 Para estas fechas, muchas personas ya se preparan para sentirse y lucir mejor durante las vacaciones de verano, fij\u00e1ndose En Sonora en Equipo publicamos toda la informaci\u00f3n de Sonora, M\u00e9xico y el Mundo de manera oportuna y busca que la libertad de expresi\u00f3n sea real. Visita nuestro medio informativo publicado desde Hermosillo, Sonora. %","robots":{"index":"index","follow":"follow","max-snippet":"max-snippet:-1","max-image-preview":"max-image-preview:large","max-video-preview":"max-video-preview:-1"},"canonical":"https:\/\/www.sonoraenequipo.com.mx\/prepara-tu-cuerpo-para-el-verano\/","og_locale":"es_ES","og_type":"article","og_title":"Sonora en Equipo. Prepara tu cuerpo para el verano","og_description":"CIUDAD DE M\u00c9XICO. MX. \u2014\u00a0 Para estas fechas, muchas personas ya se preparan para sentirse y lucir mejor durante las vacaciones de verano, fij\u00e1ndose En Sonora en Equipo publicamos toda la informaci\u00f3n de Sonora, M\u00e9xico y el Mundo de manera oportuna y busca que la libertad de expresi\u00f3n sea real. Visita nuestro medio informativo publicado desde Hermosillo, Sonora. %","og_url":"https:\/\/www.sonoraenequipo.com.mx\/prepara-tu-cuerpo-para-el-verano\/","og_site_name":"Sonora en Equipo.","article_publisher":"https:\/\/www.facebook.com\/SonoraEE\/","article_published_time":"2019-07-09T19:59:08+00:00","article_modified_time":"2020-05-19T00:26:33+00:00","og_image":[{"width":450,"height":321,"url":"https:\/\/www.sonoraenequipo.com.mx\/storage\/2019\/07\/BIKINI.jpg","type":"image\/jpeg"}],"author":"enequipo","twitter_card":"summary_large_image","twitter_creator":"@sonoraenequipo","twitter_site":"@sonoraenequipo","twitter_misc":{"Escrito por":"enequipo","Tiempo de lectura":"2 minutos"},"schema":{"@context":"https:\/\/schema.org","@graph":[{"@type":"Article","@id":"https:\/\/www.sonoraenequipo.com.mx\/prepara-tu-cuerpo-para-el-verano\/#article","isPartOf":{"@id":"https:\/\/www.sonoraenequipo.com.mx\/prepara-tu-cuerpo-para-el-verano\/"},"author":{"name":"enequipo","@id":"https:\/\/www.sonoraenequipo.com.mx\/#\/schema\/person\/61a39de478a1763473ad55e8a95fddf6"},"headline":"Prepara tu cuerpo para el verano","datePublished":"2019-07-09T19:59:08+00:00","dateModified":"2020-05-19T00:26:33+00:00","mainEntityOfPage":{"@id":"https:\/\/www.sonoraenequipo.com.mx\/prepara-tu-cuerpo-para-el-verano\/"},"wordCount":502,"commentCount":0,"publisher":{"@id":"https:\/\/www.sonoraenequipo.com.mx\/#organization"},"image":{"@id":"https:\/\/www.sonoraenequipo.com.mx\/prepara-tu-cuerpo-para-el-verano\/#primaryimage"},"thumbnailUrl":"https:\/\/www.sonoraenequipo.com.mx\/storage\/2019\/07\/BIKINI.jpg","keywords":["CUERPO","VERANO"],"articleSection":["Especiales"],"inLanguage":"es","potentialAction":[{"@type":"CommentAction","name":"Comment","target":["https:\/\/www.sonoraenequipo.com.mx\/prepara-tu-cuerpo-para-el-verano\/#respond"]}]},{"@type":"WebPage","@id":"https:\/\/www.sonoraenequipo.com.mx\/prepara-tu-cuerpo-para-el-verano\/","url":"https:\/\/www.sonoraenequipo.com.mx\/prepara-tu-cuerpo-para-el-verano\/","name":"Sonora en Equipo. Prepara tu cuerpo para el verano","isPartOf":{"@id":"https:\/\/www.sonoraenequipo.com.mx\/#website"},"primaryImageOfPage":{"@id":"https:\/\/www.sonoraenequipo.com.mx\/prepara-tu-cuerpo-para-el-verano\/#primaryimage"},"image":{"@id":"https:\/\/www.sonoraenequipo.com.mx\/prepara-tu-cuerpo-para-el-verano\/#primaryimage"},"thumbnailUrl":"https:\/\/www.sonoraenequipo.com.mx\/storage\/2019\/07\/BIKINI.jpg","datePublished":"2019-07-09T19:59:08+00:00","dateModified":"2020-05-19T00:26:33+00:00","description":"CIUDAD DE M\u00c9XICO. MX. \u2014\u00a0 Para estas fechas, muchas personas ya se preparan para sentirse y lucir mejor durante las vacaciones de verano, fij\u00e1ndose En Sonora en Equipo publicamos toda la informaci\u00f3n de Sonora, M\u00e9xico y el Mundo de manera oportuna y busca que la libertad de expresi\u00f3n sea real. Visita nuestro medio informativo publicado desde Hermosillo, Sonora. %","breadcrumb":{"@id":"https:\/\/www.sonoraenequipo.com.mx\/prepara-tu-cuerpo-para-el-verano\/#breadcrumb"},"inLanguage":"es","potentialAction":[{"@type":"ReadAction","target":["https:\/\/www.sonoraenequipo.com.mx\/prepara-tu-cuerpo-para-el-verano\/"]}]},{"@type":"ImageObject","inLanguage":"es","@id":"https:\/\/www.sonoraenequipo.com.mx\/prepara-tu-cuerpo-para-el-verano\/#primaryimage","url":"https:\/\/www.sonoraenequipo.com.mx\/storage\/2019\/07\/BIKINI.jpg","contentUrl":"https:\/\/www.sonoraenequipo.com.mx\/storage\/2019\/07\/BIKINI.jpg","width":450,"height":321},{"@type":"BreadcrumbList","@id":"https:\/\/www.sonoraenequipo.com.mx\/prepara-tu-cuerpo-para-el-verano\/#breadcrumb","itemListElement":[{"@type":"ListItem","position":1,"name":"Portada","item":"https:\/\/www.sonoraenequipo.com.mx\/"},{"@type":"ListItem","position":2,"name":"Prepara tu cuerpo para el verano"}]},{"@type":"WebSite","@id":"https:\/\/www.sonoraenequipo.com.mx\/#website","url":"https:\/\/www.sonoraenequipo.com.mx\/","name":"Sonora en Equipo.","description":"Diario en l\u00ednea con Noticias desde Hermosillo, Sonora","publisher":{"@id":"https:\/\/www.sonoraenequipo.com.mx\/#organization"},"potentialAction":[{"@type":"SearchAction","target":{"@type":"EntryPoint","urlTemplate":"https:\/\/www.sonoraenequipo.com.mx\/?s={search_term_string}"},"query-input":{"@type":"PropertyValueSpecification","valueRequired":true,"valueName":"search_term_string"}}],"inLanguage":"es"},{"@type":"Organization","@id":"https:\/\/www.sonoraenequipo.com.mx\/#organization","name":"Sonoraenequipo.com.mx","url":"https:\/\/www.sonoraenequipo.com.mx\/","logo":{"@type":"ImageObject","inLanguage":"es","@id":"https:\/\/www.sonoraenequipo.com.mx\/#\/schema\/logo\/image\/","url":"https:\/\/www.sonoraenequipo.com.mx\/storage\/2019\/01\/sonoraenequipo_opt.png","contentUrl":"https:\/\/www.sonoraenequipo.com.mx\/storage\/2019\/01\/sonoraenequipo_opt.png","width":375,"height":125,"caption":"Sonoraenequipo.com.mx"},"image":{"@id":"https:\/\/www.sonoraenequipo.com.mx\/#\/schema\/logo\/image\/"},"sameAs":["https:\/\/www.facebook.com\/SonoraEE\/","https:\/\/x.com\/sonoraenequipo","https:\/\/www.youtube.com\/channel\/UC338nW-lPEYmJQs4ZABQ1SQ"]},{"@type":"Person","@id":"https:\/\/www.sonoraenequipo.com.mx\/#\/schema\/person\/61a39de478a1763473ad55e8a95fddf6","name":"enequipo","image":{"@type":"ImageObject","inLanguage":"es","@id":"https:\/\/www.sonoraenequipo.com.mx\/#\/schema\/person\/image\/","url":"https:\/\/secure.gravatar.com\/avatar\/e39bc3016d8af598aed3d770c9510dfc2795f37ea1733d99fcc6e97d2c3c9f5e?s=96&d=blank&r=g","contentUrl":"https:\/\/secure.gravatar.com\/avatar\/e39bc3016d8af598aed3d770c9510dfc2795f37ea1733d99fcc6e97d2c3c9f5e?s=96&d=blank&r=g","caption":"enequipo"}}]}},"jetpack_featured_media_url":"https:\/\/www.sonoraenequipo.com.mx\/storage\/2019\/07\/BIKINI.jpg","_links":{"self":[{"href":"https:\/\/www.sonoraenequipo.com.mx\/api\/wp\/v2\/posts\/63708","targetHints":{"allow":["GET"]}}],"collection":[{"href":"https:\/\/www.sonoraenequipo.com.mx\/api\/wp\/v2\/posts"}],"about":[{"href":"https:\/\/www.sonoraenequipo.com.mx\/api\/wp\/v2\/types\/post"}],"author":[{"embeddable":true,"href":"https:\/\/www.sonoraenequipo.com.mx\/api\/wp\/v2\/users\/178"}],"replies":[{"embeddable":true,"href":"https:\/\/www.sonoraenequipo.com.mx\/api\/wp\/v2\/comments?post=63708"}],"version-history":[{"count":0,"href":"https:\/\/www.sonoraenequipo.com.mx\/api\/wp\/v2\/posts\/63708\/revisions"}],"wp:featuredmedia":[{"embeddable":true,"href":"https:\/\/www.sonoraenequipo.com.mx\/api\/wp\/v2\/media\/63709"}],"wp:attachment":[{"href":"https:\/\/www.sonoraenequipo.com.mx\/api\/wp\/v2\/media?parent=63708"}],"wp:term":[{"taxonomy":"category","embeddable":true,"href":"https:\/\/www.sonoraenequipo.com.mx\/api\/wp\/v2\/categories?post=63708"},{"taxonomy":"post_tag","embeddable":true,"href":"https:\/\/www.sonoraenequipo.com.mx\/api\/wp\/v2\/tags?post=63708"}],"curies":[{"name":"wp","href":"https:\/\/api.w.org\/{rel}","templated":true}]}}