{"id":63713,"date":"2019-07-09T13:18:41","date_gmt":"2019-07-09T20:18:41","guid":{"rendered":"http:\/\/www.sonoraenequipo.com.mx\/?p=63713"},"modified":"2019-07-09T20:55:54","modified_gmt":"2019-07-10T03:55:54","slug":"ee-uu-judios-protestan-por-condiciones-en-centros-de-detencion-de-migrantes","status":"publish","type":"post","link":"https:\/\/www.sonoraenequipo.com.mx\/ee-uu-judios-protestan-por-condiciones-en-centros-de-detencion-de-migrantes\/","title":{"rendered":"Jud\u00edos protestan por condiciones en centros de detenci\u00f3n de migrantes"},"content":{"rendered":"<p>WASHINGTON, ESTADOS UNIDOS. \u2014\u00a0 18 jud\u00edos fueron arrestados este martes cuando participaban en una protesta en el coraz\u00f3n de Washington por las condiciones de los centros de detenci\u00f3n de migrantes de Estados Unidos en la frontera con M\u00e9xico. <\/p>\n<p>De acuerdo a la nota de prensa publicada por el colectivo Never Again Action, que organiz\u00f3 la manifestaci\u00f3n junto a Sanctuary DMV y La ColectiVA, la idea era tomar acci\u00f3n y mostrar solidaridad por el \u201cataque del gobierno de los EE.UU. a las comunidades de inmigrantes, que constituyen una crisis moral\u201d.<\/p>\n<p>El grupo explic\u00f3 que protestaron en el edificio de oficinas de la C\u00e1mara de Representantes, en el Capitolio, porque \u201cesta crisis moral est\u00e1 ocurriendo en todo el pa\u00eds, no solo en la frontera\u201d y consideran que el Congreso es \u201cresponsable\u201d.<\/p>\n<p>\u201cLos perpetradores y facilitadores de estos campamentos no son solo agentes de ICE (Servicio de Inmigraci\u00f3n y Control de Aduanas) y CBP (Patrulla Fronteriza). El Congreso financia a estas agencias\u201d.<\/p>\n<p>Recientes reportes de agencias federales denunciaron una sobrepoblaci\u00f3n importante y condiciones de salud delicadas en centros de detenci\u00f3n de Texas. Adem\u00e1s, el foco tambi\u00e9n se ha puesto en los menores de edad, quienes pasan d\u00edas o semanas detenidos, cuid\u00e1ndose los unos a los otros, en instalaciones sin las condiciones adecuadas.<\/p>\n<p>El grupo record\u00f3 que en los \u00faltimos meses han fallecido siete ni\u00f1os y 12 adultos bajo la custodia de las autoridades estadounidenses.<\/p>\n<p>\u201cComo jud\u00edos, sabemos que lo que comienza como deshumanizaci\u00f3n puede convertirse en violaciones graves de los derechos humanos. Nos negamos a dejar que estos horrores sigan por m\u00e1s tiempo\u201d, indicaron en el texto.<\/p>\n<p>El comunicado tambi\u00e9n hace referencia a los 4.600 millones de d\u00f3lares aprobados por el Congreso recientemente y firmados por el presidente Donald Trump que servir\u00e1n para camas e instalaciones temporales.<\/p>\n<p>Indican que esos fondos servir\u00e1n para financiar \u201cla criminalizaci\u00f3n, detenci\u00f3n y deportaci\u00f3n de aquellos que buscan refugio en nuestra frontera sur. El argumento de que ICE y CBP necesitan fondos para mejorar las condiciones es una mentira descarada. Necesitamos libertad, no jaulas m\u00e1s bonitas\u201d.<\/p>\n<p>Never Again Action asegur\u00f3 que no \u201cpermaneceremos en silencio\u201d mientras siga ocurriendo esta situaci\u00f3n en la comunidad de migrantes en EE.UU.<\/p>\n<p>Funcionarios estadounidenses han asegurado que los reportes sobre alimentos y agua inadecuados y celdas sucias en una estaci\u00f3n en Texas no tienen fundamento.<\/p>\n<p>El presidente Donald Trump ha asegurado que el informe sobre las malas condiciones de los centros de detenci\u00f3n es \u00abfalso\u00bb y \u00abexagerado\u00bb.<\/p>\n<p>Fecha de publicaci\u00f3n 09\/07\/2019 (Voz de Am\u00e9rica)<\/p>\n","protected":false},"excerpt":{"rendered":"<p>WASHINGTON, ESTADOS UNIDOS. \u2014\u00a0 18 jud\u00edos fueron arrestados este martes cuando participaban en una protesta&#8230;<\/p>\n","protected":false},"author":178,"featured_media":63714,"comment_status":"open","ping_status":"open","sticky":false,"template":"","format":"standard","meta":{"_monsterinsights_skip_tracking":false,"_monsterinsights_sitenote_active":false,"_monsterinsights_sitenote_note":"","_monsterinsights_sitenote_category":0,"footnotes":""},"categories":[3],"tags":[962],"class_list":["post"],"yoast_head":" \n<title>Sonora en Equipo. Jud\u00edos protestan por condiciones en centros de detenci\u00f3n de migrantes MUNDO<\/title>\n<meta name=\"description\" content=\"WASHINGTON, ESTADOS UNIDOS. \u2014\u00a0 18 jud\u00edos fueron arrestados este martes cuando participaban en una protesta en el coraz\u00f3n de Washington por las condiciones En Sonora en Equipo publicamos toda la informaci\u00f3n de Sonora, M\u00e9xico y el Mundo de manera oportuna y busca que la libertad de expresi\u00f3n sea real. Visita nuestro medio informativo publicado desde Hermosillo, Sonora. %\" \/>\n<meta name=\"robots\" content=\"index, follow, max-snippet:-1, max-image-preview:large, max-video-preview:-1\" \/>\n<link rel=\"canonical\" href=\"https:\/\/www.sonoraenequipo.com.mx\/ee-uu-judios-protestan-por-condiciones-en-centros-de-detencion-de-migrantes\/\" \/>\n<meta property=\"og:locale\" content=\"es_ES\" \/>\n<meta property=\"og:type\" content=\"article\" \/>\n<meta property=\"og:title\" content=\"Sonora en Equipo. Jud\u00edos protestan por condiciones en centros de detenci\u00f3n de migrantes MUNDO\" \/>\n<meta property=\"og:description\" content=\"WASHINGTON, ESTADOS UNIDOS. \u2014\u00a0 18 jud\u00edos fueron arrestados este martes cuando participaban en una protesta en el coraz\u00f3n de Washington por las condiciones En Sonora en Equipo publicamos toda la informaci\u00f3n de Sonora, M\u00e9xico y el Mundo de manera oportuna y busca que la libertad de expresi\u00f3n sea real. Visita nuestro medio informativo publicado desde Hermosillo, Sonora. %\" \/>\n<meta property=\"og:url\" content=\"https:\/\/www.sonoraenequipo.com.mx\/ee-uu-judios-protestan-por-condiciones-en-centros-de-detencion-de-migrantes\/\" \/>\n<meta property=\"og:site_name\" content=\"Sonora en Equipo.\" \/>\n<meta property=\"article:publisher\" content=\"https:\/\/www.facebook.com\/SonoraEE\/\" \/>\n<meta property=\"article:published_time\" content=\"2019-07-09T20:18:41+00:00\" \/>\n<meta property=\"article:modified_time\" content=\"2019-07-10T03:55:54+00:00\" \/>\n<meta property=\"og:image\" content=\"https:\/\/www.sonoraenequipo.com.mx\/storage\/2019\/07\/judios.jpg\" \/>\n\t<meta property=\"og:image:width\" content=\"450\" \/>\n\t<meta property=\"og:image:height\" content=\"253\" \/>\n\t<meta property=\"og:image:type\" content=\"image\/jpeg\" \/>\n<meta name=\"author\" content=\"enequipo\" \/>\n<meta name=\"twitter:card\" content=\"summary_large_image\" \/>\n<meta name=\"twitter:creator\" content=\"@sonoraenequipo\" \/>\n<meta name=\"twitter:site\" content=\"@sonoraenequipo\" \/>\n<meta name=\"twitter:label1\" content=\"Escrito por\" \/>\n\t<meta name=\"twitter:data1\" content=\"enequipo\" \/>\n\t<meta name=\"twitter:label2\" content=\"Tiempo de lectura\" \/>\n\t<meta name=\"twitter:data2\" content=\"2 minutos\" \/>\n<script type=\"application\/ld+json\" class=\"yoast-schema-graph\">{\"@context\":\"https:\/\/schema.org\",\"@graph\":[{\"@type\":\"Article\",\"@id\":\"https:\/\/www.sonoraenequipo.com.mx\/ee-uu-judios-protestan-por-condiciones-en-centros-de-detencion-de-migrantes\/#article\",\"isPartOf\":{\"@id\":\"https:\/\/www.sonoraenequipo.com.mx\/ee-uu-judios-protestan-por-condiciones-en-centros-de-detencion-de-migrantes\/\"},\"author\":{\"name\":\"enequipo\",\"@id\":\"https:\/\/www.sonoraenequipo.com.mx\/#\/schema\/person\/61a39de478a1763473ad55e8a95fddf6\"},\"headline\":\"Jud\u00edos protestan por condiciones en centros de detenci\u00f3n de migrantes\",\"datePublished\":\"2019-07-09T20:18:41+00:00\",\"dateModified\":\"2019-07-10T03:55:54+00:00\",\"mainEntityOfPage\":{\"@id\":\"https:\/\/www.sonoraenequipo.com.mx\/ee-uu-judios-protestan-por-condiciones-en-centros-de-detencion-de-migrantes\/\"},\"wordCount\":452,\"commentCount\":0,\"publisher\":{\"@id\":\"https:\/\/www.sonoraenequipo.com.mx\/#organization\"},\"image\":{\"@id\":\"https:\/\/www.sonoraenequipo.com.mx\/ee-uu-judios-protestan-por-condiciones-en-centros-de-detencion-de-migrantes\/#primaryimage\"},\"thumbnailUrl\":\"https:\/\/www.sonoraenequipo.com.mx\/storage\/2019\/07\/judios.jpg\",\"keywords\":[\"JUDIOS\"],\"articleSection\":[\"MUNDO\"],\"inLanguage\":\"es\",\"potentialAction\":[{\"@type\":\"CommentAction\",\"name\":\"Comment\",\"target\":[\"https:\/\/www.sonoraenequipo.com.mx\/ee-uu-judios-protestan-por-condiciones-en-centros-de-detencion-de-migrantes\/#respond\"]}]},{\"@type\":\"WebPage\",\"@id\":\"https:\/\/www.sonoraenequipo.com.mx\/ee-uu-judios-protestan-por-condiciones-en-centros-de-detencion-de-migrantes\/\",\"url\":\"https:\/\/www.sonoraenequipo.com.mx\/ee-uu-judios-protestan-por-condiciones-en-centros-de-detencion-de-migrantes\/\",\"name\":\"Sonora en Equipo. Jud\u00edos protestan por condiciones en centros de detenci\u00f3n de migrantes MUNDO\",\"isPartOf\":{\"@id\":\"https:\/\/www.sonoraenequipo.com.mx\/#website\"},\"primaryImageOfPage\":{\"@id\":\"https:\/\/www.sonoraenequipo.com.mx\/ee-uu-judios-protestan-por-condiciones-en-centros-de-detencion-de-migrantes\/#primaryimage\"},\"image\":{\"@id\":\"https:\/\/www.sonoraenequipo.com.mx\/ee-uu-judios-protestan-por-condiciones-en-centros-de-detencion-de-migrantes\/#primaryimage\"},\"thumbnailUrl\":\"https:\/\/www.sonoraenequipo.com.mx\/storage\/2019\/07\/judios.jpg\",\"datePublished\":\"2019-07-09T20:18:41+00:00\",\"dateModified\":\"2019-07-10T03:55:54+00:00\",\"description\":\"WASHINGTON, ESTADOS UNIDOS. \u2014\u00a0 18 jud\u00edos fueron arrestados este martes cuando participaban en una protesta en el coraz\u00f3n de Washington por las condiciones En Sonora en Equipo publicamos toda la informaci\u00f3n de Sonora, M\u00e9xico y el Mundo de manera oportuna y busca que la libertad de expresi\u00f3n sea real. Visita nuestro medio informativo publicado desde Hermosillo, Sonora. %\",\"breadcrumb\":{\"@id\":\"https:\/\/www.sonoraenequipo.com.mx\/ee-uu-judios-protestan-por-condiciones-en-centros-de-detencion-de-migrantes\/#breadcrumb\"},\"inLanguage\":\"es\",\"potentialAction\":[{\"@type\":\"ReadAction\",\"target\":[\"https:\/\/www.sonoraenequipo.com.mx\/ee-uu-judios-protestan-por-condiciones-en-centros-de-detencion-de-migrantes\/\"]}]},{\"@type\":\"ImageObject\",\"inLanguage\":\"es\",\"@id\":\"https:\/\/www.sonoraenequipo.com.mx\/ee-uu-judios-protestan-por-condiciones-en-centros-de-detencion-de-migrantes\/#primaryimage\",\"url\":\"https:\/\/www.sonoraenequipo.com.mx\/storage\/2019\/07\/judios.jpg\",\"contentUrl\":\"https:\/\/www.sonoraenequipo.com.mx\/storage\/2019\/07\/judios.jpg\",\"width\":450,\"height\":253},{\"@type\":\"BreadcrumbList\",\"@id\":\"https:\/\/www.sonoraenequipo.com.mx\/ee-uu-judios-protestan-por-condiciones-en-centros-de-detencion-de-migrantes\/#breadcrumb\",\"itemListElement\":[{\"@type\":\"ListItem\",\"position\":1,\"name\":\"Portada\",\"item\":\"https:\/\/www.sonoraenequipo.com.mx\/\"},{\"@type\":\"ListItem\",\"position\":2,\"name\":\"Jud\u00edos protestan por condiciones en centros de detenci\u00f3n de migrantes\"}]},{\"@type\":\"WebSite\",\"@id\":\"https:\/\/www.sonoraenequipo.com.mx\/#website\",\"url\":\"https:\/\/www.sonoraenequipo.com.mx\/\",\"name\":\"Sonora en Equipo.\",\"description\":\"Diario en l\u00ednea con Noticias desde Hermosillo, Sonora\",\"publisher\":{\"@id\":\"https:\/\/www.sonoraenequipo.com.mx\/#organization\"},\"potentialAction\":[{\"@type\":\"SearchAction\",\"target\":{\"@type\":\"EntryPoint\",\"urlTemplate\":\"https:\/\/www.sonoraenequipo.com.mx\/?s={search_term_string}\"},\"query-input\":{\"@type\":\"PropertyValueSpecification\",\"valueRequired\":true,\"valueName\":\"search_term_string\"}}],\"inLanguage\":\"es\"},{\"@type\":\"Organization\",\"@id\":\"https:\/\/www.sonoraenequipo.com.mx\/#organization\",\"name\":\"Sonoraenequipo.com.mx\",\"url\":\"https:\/\/www.sonoraenequipo.com.mx\/\",\"logo\":{\"@type\":\"ImageObject\",\"inLanguage\":\"es\",\"@id\":\"https:\/\/www.sonoraenequipo.com.mx\/#\/schema\/logo\/image\/\",\"url\":\"https:\/\/www.sonoraenequipo.com.mx\/storage\/2019\/01\/sonoraenequipo_opt.png\",\"contentUrl\":\"https:\/\/www.sonoraenequipo.com.mx\/storage\/2019\/01\/sonoraenequipo_opt.png\",\"width\":375,\"height\":125,\"caption\":\"Sonoraenequipo.com.mx\"},\"image\":{\"@id\":\"https:\/\/www.sonoraenequipo.com.mx\/#\/schema\/logo\/image\/\"},\"sameAs\":[\"https:\/\/www.facebook.com\/SonoraEE\/\",\"https:\/\/x.com\/sonoraenequipo\",\"https:\/\/www.youtube.com\/channel\/UC338nW-lPEYmJQs4ZABQ1SQ\"]},{\"@type\":\"Person\",\"@id\":\"https:\/\/www.sonoraenequipo.com.mx\/#\/schema\/person\/61a39de478a1763473ad55e8a95fddf6\",\"name\":\"enequipo\",\"image\":{\"@type\":\"ImageObject\",\"inLanguage\":\"es\",\"@id\":\"https:\/\/www.sonoraenequipo.com.mx\/#\/schema\/person\/image\/\",\"url\":\"https:\/\/secure.gravatar.com\/avatar\/e39bc3016d8af598aed3d770c9510dfc2795f37ea1733d99fcc6e97d2c3c9f5e?s=96&d=blank&r=g\",\"contentUrl\":\"https:\/\/secure.gravatar.com\/avatar\/e39bc3016d8af598aed3d770c9510dfc2795f37ea1733d99fcc6e97d2c3c9f5e?s=96&d=blank&r=g\",\"caption\":\"enequipo\"}}]}<\/script>\n ","yoast_head_json":{"title":"Sonora en Equipo. Jud\u00edos protestan por condiciones en centros de detenci\u00f3n de migrantes MUNDO","description":"WASHINGTON, ESTADOS UNIDOS. \u2014\u00a0 18 jud\u00edos fueron arrestados este martes cuando participaban en una protesta en el coraz\u00f3n de Washington por las condiciones En Sonora en Equipo publicamos toda la informaci\u00f3n de Sonora, M\u00e9xico y el Mundo de manera oportuna y busca que la libertad de expresi\u00f3n sea real. Visita nuestro medio informativo publicado desde Hermosillo, Sonora. %","robots":{"index":"index","follow":"follow","max-snippet":"max-snippet:-1","max-image-preview":"max-image-preview:large","max-video-preview":"max-video-preview:-1"},"canonical":"https:\/\/www.sonoraenequipo.com.mx\/ee-uu-judios-protestan-por-condiciones-en-centros-de-detencion-de-migrantes\/","og_locale":"es_ES","og_type":"article","og_title":"Sonora en Equipo. Jud\u00edos protestan por condiciones en centros de detenci\u00f3n de migrantes MUNDO","og_description":"WASHINGTON, ESTADOS UNIDOS. \u2014\u00a0 18 jud\u00edos fueron arrestados este martes cuando participaban en una protesta en el coraz\u00f3n de Washington por las condiciones En Sonora en Equipo publicamos toda la informaci\u00f3n de Sonora, M\u00e9xico y el Mundo de manera oportuna y busca que la libertad de expresi\u00f3n sea real. Visita nuestro medio informativo publicado desde Hermosillo, Sonora. %","og_url":"https:\/\/www.sonoraenequipo.com.mx\/ee-uu-judios-protestan-por-condiciones-en-centros-de-detencion-de-migrantes\/","og_site_name":"Sonora en Equipo.","article_publisher":"https:\/\/www.facebook.com\/SonoraEE\/","article_published_time":"2019-07-09T20:18:41+00:00","article_modified_time":"2019-07-10T03:55:54+00:00","og_image":[{"width":450,"height":253,"url":"https:\/\/www.sonoraenequipo.com.mx\/storage\/2019\/07\/judios.jpg","type":"image\/jpeg"}],"author":"enequipo","twitter_card":"summary_large_image","twitter_creator":"@sonoraenequipo","twitter_site":"@sonoraenequipo","twitter_misc":{"Escrito por":"enequipo","Tiempo de lectura":"2 minutos"},"schema":{"@context":"https:\/\/schema.org","@graph":[{"@type":"Article","@id":"https:\/\/www.sonoraenequipo.com.mx\/ee-uu-judios-protestan-por-condiciones-en-centros-de-detencion-de-migrantes\/#article","isPartOf":{"@id":"https:\/\/www.sonoraenequipo.com.mx\/ee-uu-judios-protestan-por-condiciones-en-centros-de-detencion-de-migrantes\/"},"author":{"name":"enequipo","@id":"https:\/\/www.sonoraenequipo.com.mx\/#\/schema\/person\/61a39de478a1763473ad55e8a95fddf6"},"headline":"Jud\u00edos protestan por condiciones en centros de detenci\u00f3n de migrantes","datePublished":"2019-07-09T20:18:41+00:00","dateModified":"2019-07-10T03:55:54+00:00","mainEntityOfPage":{"@id":"https:\/\/www.sonoraenequipo.com.mx\/ee-uu-judios-protestan-por-condiciones-en-centros-de-detencion-de-migrantes\/"},"wordCount":452,"commentCount":0,"publisher":{"@id":"https:\/\/www.sonoraenequipo.com.mx\/#organization"},"image":{"@id":"https:\/\/www.sonoraenequipo.com.mx\/ee-uu-judios-protestan-por-condiciones-en-centros-de-detencion-de-migrantes\/#primaryimage"},"thumbnailUrl":"https:\/\/www.sonoraenequipo.com.mx\/storage\/2019\/07\/judios.jpg","keywords":["JUDIOS"],"articleSection":["MUNDO"],"inLanguage":"es","potentialAction":[{"@type":"CommentAction","name":"Comment","target":["https:\/\/www.sonoraenequipo.com.mx\/ee-uu-judios-protestan-por-condiciones-en-centros-de-detencion-de-migrantes\/#respond"]}]},{"@type":"WebPage","@id":"https:\/\/www.sonoraenequipo.com.mx\/ee-uu-judios-protestan-por-condiciones-en-centros-de-detencion-de-migrantes\/","url":"https:\/\/www.sonoraenequipo.com.mx\/ee-uu-judios-protestan-por-condiciones-en-centros-de-detencion-de-migrantes\/","name":"Sonora en Equipo. Jud\u00edos protestan por condiciones en centros de detenci\u00f3n de migrantes MUNDO","isPartOf":{"@id":"https:\/\/www.sonoraenequipo.com.mx\/#website"},"primaryImageOfPage":{"@id":"https:\/\/www.sonoraenequipo.com.mx\/ee-uu-judios-protestan-por-condiciones-en-centros-de-detencion-de-migrantes\/#primaryimage"},"image":{"@id":"https:\/\/www.sonoraenequipo.com.mx\/ee-uu-judios-protestan-por-condiciones-en-centros-de-detencion-de-migrantes\/#primaryimage"},"thumbnailUrl":"https:\/\/www.sonoraenequipo.com.mx\/storage\/2019\/07\/judios.jpg","datePublished":"2019-07-09T20:18:41+00:00","dateModified":"2019-07-10T03:55:54+00:00","description":"WASHINGTON, ESTADOS UNIDOS. \u2014\u00a0 18 jud\u00edos fueron arrestados este martes cuando participaban en una protesta en el coraz\u00f3n de Washington por las condiciones En Sonora en Equipo publicamos toda la informaci\u00f3n de Sonora, M\u00e9xico y el Mundo de manera oportuna y busca que la libertad de expresi\u00f3n sea real. Visita nuestro medio informativo publicado desde Hermosillo, Sonora. %","breadcrumb":{"@id":"https:\/\/www.sonoraenequipo.com.mx\/ee-uu-judios-protestan-por-condiciones-en-centros-de-detencion-de-migrantes\/#breadcrumb"},"inLanguage":"es","potentialAction":[{"@type":"ReadAction","target":["https:\/\/www.sonoraenequipo.com.mx\/ee-uu-judios-protestan-por-condiciones-en-centros-de-detencion-de-migrantes\/"]}]},{"@type":"ImageObject","inLanguage":"es","@id":"https:\/\/www.sonoraenequipo.com.mx\/ee-uu-judios-protestan-por-condiciones-en-centros-de-detencion-de-migrantes\/#primaryimage","url":"https:\/\/www.sonoraenequipo.com.mx\/storage\/2019\/07\/judios.jpg","contentUrl":"https:\/\/www.sonoraenequipo.com.mx\/storage\/2019\/07\/judios.jpg","width":450,"height":253},{"@type":"BreadcrumbList","@id":"https:\/\/www.sonoraenequipo.com.mx\/ee-uu-judios-protestan-por-condiciones-en-centros-de-detencion-de-migrantes\/#breadcrumb","itemListElement":[{"@type":"ListItem","position":1,"name":"Portada","item":"https:\/\/www.sonoraenequipo.com.mx\/"},{"@type":"ListItem","position":2,"name":"Jud\u00edos protestan por condiciones en centros de detenci\u00f3n de migrantes"}]},{"@type":"WebSite","@id":"https:\/\/www.sonoraenequipo.com.mx\/#website","url":"https:\/\/www.sonoraenequipo.com.mx\/","name":"Sonora en Equipo.","description":"Diario en l\u00ednea con Noticias desde Hermosillo, Sonora","publisher":{"@id":"https:\/\/www.sonoraenequipo.com.mx\/#organization"},"potentialAction":[{"@type":"SearchAction","target":{"@type":"EntryPoint","urlTemplate":"https:\/\/www.sonoraenequipo.com.mx\/?s={search_term_string}"},"query-input":{"@type":"PropertyValueSpecification","valueRequired":true,"valueName":"search_term_string"}}],"inLanguage":"es"},{"@type":"Organization","@id":"https:\/\/www.sonoraenequipo.com.mx\/#organization","name":"Sonoraenequipo.com.mx","url":"https:\/\/www.sonoraenequipo.com.mx\/","logo":{"@type":"ImageObject","inLanguage":"es","@id":"https:\/\/www.sonoraenequipo.com.mx\/#\/schema\/logo\/image\/","url":"https:\/\/www.sonoraenequipo.com.mx\/storage\/2019\/01\/sonoraenequipo_opt.png","contentUrl":"https:\/\/www.sonoraenequipo.com.mx\/storage\/2019\/01\/sonoraenequipo_opt.png","width":375,"height":125,"caption":"Sonoraenequipo.com.mx"},"image":{"@id":"https:\/\/www.sonoraenequipo.com.mx\/#\/schema\/logo\/image\/"},"sameAs":["https:\/\/www.facebook.com\/SonoraEE\/","https:\/\/x.com\/sonoraenequipo","https:\/\/www.youtube.com\/channel\/UC338nW-lPEYmJQs4ZABQ1SQ"]},{"@type":"Person","@id":"https:\/\/www.sonoraenequipo.com.mx\/#\/schema\/person\/61a39de478a1763473ad55e8a95fddf6","name":"enequipo","image":{"@type":"ImageObject","inLanguage":"es","@id":"https:\/\/www.sonoraenequipo.com.mx\/#\/schema\/person\/image\/","url":"https:\/\/secure.gravatar.com\/avatar\/e39bc3016d8af598aed3d770c9510dfc2795f37ea1733d99fcc6e97d2c3c9f5e?s=96&d=blank&r=g","contentUrl":"https:\/\/secure.gravatar.com\/avatar\/e39bc3016d8af598aed3d770c9510dfc2795f37ea1733d99fcc6e97d2c3c9f5e?s=96&d=blank&r=g","caption":"enequipo"}}]}},"jetpack_featured_media_url":"https:\/\/www.sonoraenequipo.com.mx\/storage\/2019\/07\/judios.jpg","_links":{"self":[{"href":"https:\/\/www.sonoraenequipo.com.mx\/api\/wp\/v2\/posts\/63713","targetHints":{"allow":["GET"]}}],"collection":[{"href":"https:\/\/www.sonoraenequipo.com.mx\/api\/wp\/v2\/posts"}],"about":[{"href":"https:\/\/www.sonoraenequipo.com.mx\/api\/wp\/v2\/types\/post"}],"author":[{"embeddable":true,"href":"https:\/\/www.sonoraenequipo.com.mx\/api\/wp\/v2\/users\/178"}],"replies":[{"embeddable":true,"href":"https:\/\/www.sonoraenequipo.com.mx\/api\/wp\/v2\/comments?post=63713"}],"version-history":[{"count":0,"href":"https:\/\/www.sonoraenequipo.com.mx\/api\/wp\/v2\/posts\/63713\/revisions"}],"wp:featuredmedia":[{"embeddable":true,"href":"https:\/\/www.sonoraenequipo.com.mx\/api\/wp\/v2\/media\/63714"}],"wp:attachment":[{"href":"https:\/\/www.sonoraenequipo.com.mx\/api\/wp\/v2\/media?parent=63713"}],"wp:term":[{"taxonomy":"category","embeddable":true,"href":"https:\/\/www.sonoraenequipo.com.mx\/api\/wp\/v2\/categories?post=63713"},{"taxonomy":"post_tag","embeddable":true,"href":"https:\/\/www.sonoraenequipo.com.mx\/api\/wp\/v2\/tags?post=63713"}],"curies":[{"name":"wp","href":"https:\/\/api.w.org\/{rel}","templated":true}]}}