{"id":63721,"date":"2019-07-09T14:31:13","date_gmt":"2019-07-09T21:31:13","guid":{"rendered":"http:\/\/www.sonoraenequipo.com.mx\/?p=63721"},"modified":"2019-07-09T20:53:27","modified_gmt":"2019-07-10T03:53:27","slug":"eric-swalwell-deja-la-interna-del-partido-democrata-por-la-presidencia","status":"publish","type":"post","link":"https:\/\/www.sonoraenequipo.com.mx\/eric-swalwell-deja-la-interna-del-partido-democrata-por-la-presidencia\/","title":{"rendered":"Eric Swalwell deja la interna del partido Dem\u00f3crata por la \u00a0presidencia"},"content":{"rendered":"<p>WASHINGTON, ESTADOS UNIDOS.\u2014\u00a0 El diputado Eric Swalwell anunci\u00f3 hoy su retiro de la contienda interna del Partido Dem\u00f3crata a la candidatura a la presidencia de Estados Unidos inform\u00f3 v\u00eda Twitter la cadena abc. <\/p>\n<p>Conocido por: El dem\u00f3crata que representa al 15\u00ba distrito de California anunci\u00f3 su intenci\u00f3 en abril pasado pero ante la gran cantidad de aspirantes algunos de mucho peso \u00a0en la contienda \u00a0se le consider\u00f3 entre los de menores probabilidades.<\/p>\n<p>Swalwell ha criticado frecuentemente la presidencia de Trump y cobr\u00f3 fama al presentarse constantemente en programas de televisi\u00f3n por cable. Se ha centrado en el combate a la violencia con armas de fuego y viaj\u00f3 a Iowa en diciembre con Cameron Kasky, sobreviviente del tiroteo de 2018 en la preparatoria Marjory Stoneman Douglas en Parkland, Florida, y cofundador de March of Our Lives.<\/p>\n<p>Fecha de publicaci\u00f3n 09\/07\/2019<\/p>\n","protected":false},"excerpt":{"rendered":"<p>WASHINGTON, ESTADOS UNIDOS.\u2014\u00a0 El diputado Eric Swalwell anunci\u00f3 hoy su retiro de la contienda interna&#8230;<\/p>\n","protected":false},"author":178,"featured_media":63722,"comment_status":"open","ping_status":"open","sticky":false,"template":"","format":"standard","meta":{"_monsterinsights_skip_tracking":false,"_monsterinsights_sitenote_active":false,"_monsterinsights_sitenote_note":"","_monsterinsights_sitenote_category":0,"footnotes":""},"categories":[3],"tags":[3274],"class_list":["post"],"yoast_head":" \n<title>Sonora en Equipo. Eric Swalwell deja la interna del partido Dem\u00f3crata por la \u00a0presidencia MUNDO<\/title>\n<meta name=\"description\" content=\"WASHINGTON, ESTADOS UNIDOS.\u2014\u00a0 El diputado Eric Swalwell anunci\u00f3 hoy su retiro de la contienda interna del Partido Dem\u00f3crata a la candidatura a la En Sonora en Equipo publicamos toda la informaci\u00f3n de Sonora, M\u00e9xico y el Mundo de manera oportuna y busca que la libertad de expresi\u00f3n sea real. Visita nuestro medio informativo publicado desde Hermosillo, Sonora. %\" \/>\n<meta name=\"robots\" content=\"index, follow, max-snippet:-1, max-image-preview:large, max-video-preview:-1\" \/>\n<link rel=\"canonical\" href=\"https:\/\/www.sonoraenequipo.com.mx\/eric-swalwell-deja-la-interna-del-partido-democrata-por-la-presidencia\/\" \/>\n<meta property=\"og:locale\" content=\"es_ES\" \/>\n<meta property=\"og:type\" content=\"article\" \/>\n<meta property=\"og:title\" content=\"Sonora en Equipo. Eric Swalwell deja la interna del partido Dem\u00f3crata por la \u00a0presidencia MUNDO\" \/>\n<meta property=\"og:description\" content=\"WASHINGTON, ESTADOS UNIDOS.\u2014\u00a0 El diputado Eric Swalwell anunci\u00f3 hoy su retiro de la contienda interna del Partido Dem\u00f3crata a la candidatura a la En Sonora en Equipo publicamos toda la informaci\u00f3n de Sonora, M\u00e9xico y el Mundo de manera oportuna y busca que la libertad de expresi\u00f3n sea real. Visita nuestro medio informativo publicado desde Hermosillo, Sonora. %\" \/>\n<meta property=\"og:url\" content=\"https:\/\/www.sonoraenequipo.com.mx\/eric-swalwell-deja-la-interna-del-partido-democrata-por-la-presidencia\/\" \/>\n<meta property=\"og:site_name\" content=\"Sonora en Equipo.\" \/>\n<meta property=\"article:publisher\" content=\"https:\/\/www.facebook.com\/SonoraEE\/\" \/>\n<meta property=\"article:published_time\" content=\"2019-07-09T21:31:13+00:00\" \/>\n<meta property=\"article:modified_time\" content=\"2019-07-10T03:53:27+00:00\" \/>\n<meta property=\"og:image\" content=\"https:\/\/www.sonoraenequipo.com.mx\/storage\/2019\/07\/swalwell.jpg\" \/>\n\t<meta property=\"og:image:width\" content=\"450\" \/>\n\t<meta property=\"og:image:height\" content=\"259\" \/>\n\t<meta property=\"og:image:type\" content=\"image\/jpeg\" \/>\n<meta name=\"author\" content=\"enequipo\" \/>\n<meta name=\"twitter:card\" content=\"summary_large_image\" \/>\n<meta name=\"twitter:creator\" content=\"@sonoraenequipo\" \/>\n<meta name=\"twitter:site\" content=\"@sonoraenequipo\" \/>\n<meta name=\"twitter:label1\" content=\"Escrito por\" \/>\n\t<meta name=\"twitter:data1\" content=\"enequipo\" \/>\n\t<meta name=\"twitter:label2\" content=\"Tiempo de lectura\" \/>\n\t<meta name=\"twitter:data2\" content=\"1 minuto\" \/>\n<script type=\"application\/ld+json\" class=\"yoast-schema-graph\">{\"@context\":\"https:\/\/schema.org\",\"@graph\":[{\"@type\":\"Article\",\"@id\":\"https:\/\/www.sonoraenequipo.com.mx\/eric-swalwell-deja-la-interna-del-partido-democrata-por-la-presidencia\/#article\",\"isPartOf\":{\"@id\":\"https:\/\/www.sonoraenequipo.com.mx\/eric-swalwell-deja-la-interna-del-partido-democrata-por-la-presidencia\/\"},\"author\":{\"name\":\"enequipo\",\"@id\":\"https:\/\/www.sonoraenequipo.com.mx\/#\/schema\/person\/61a39de478a1763473ad55e8a95fddf6\"},\"headline\":\"Eric Swalwell deja la interna del partido Dem\u00f3crata por la \u00a0presidencia\",\"datePublished\":\"2019-07-09T21:31:13+00:00\",\"dateModified\":\"2019-07-10T03:53:27+00:00\",\"mainEntityOfPage\":{\"@id\":\"https:\/\/www.sonoraenequipo.com.mx\/eric-swalwell-deja-la-interna-del-partido-democrata-por-la-presidencia\/\"},\"wordCount\":153,\"commentCount\":0,\"publisher\":{\"@id\":\"https:\/\/www.sonoraenequipo.com.mx\/#organization\"},\"image\":{\"@id\":\"https:\/\/www.sonoraenequipo.com.mx\/eric-swalwell-deja-la-interna-del-partido-democrata-por-la-presidencia\/#primaryimage\"},\"thumbnailUrl\":\"https:\/\/www.sonoraenequipo.com.mx\/storage\/2019\/07\/swalwell.jpg\",\"keywords\":[\"Eric Swalwell\"],\"articleSection\":[\"MUNDO\"],\"inLanguage\":\"es\",\"potentialAction\":[{\"@type\":\"CommentAction\",\"name\":\"Comment\",\"target\":[\"https:\/\/www.sonoraenequipo.com.mx\/eric-swalwell-deja-la-interna-del-partido-democrata-por-la-presidencia\/#respond\"]}]},{\"@type\":\"WebPage\",\"@id\":\"https:\/\/www.sonoraenequipo.com.mx\/eric-swalwell-deja-la-interna-del-partido-democrata-por-la-presidencia\/\",\"url\":\"https:\/\/www.sonoraenequipo.com.mx\/eric-swalwell-deja-la-interna-del-partido-democrata-por-la-presidencia\/\",\"name\":\"Sonora en Equipo. Eric Swalwell deja la interna del partido Dem\u00f3crata por la \u00a0presidencia MUNDO\",\"isPartOf\":{\"@id\":\"https:\/\/www.sonoraenequipo.com.mx\/#website\"},\"primaryImageOfPage\":{\"@id\":\"https:\/\/www.sonoraenequipo.com.mx\/eric-swalwell-deja-la-interna-del-partido-democrata-por-la-presidencia\/#primaryimage\"},\"image\":{\"@id\":\"https:\/\/www.sonoraenequipo.com.mx\/eric-swalwell-deja-la-interna-del-partido-democrata-por-la-presidencia\/#primaryimage\"},\"thumbnailUrl\":\"https:\/\/www.sonoraenequipo.com.mx\/storage\/2019\/07\/swalwell.jpg\",\"datePublished\":\"2019-07-09T21:31:13+00:00\",\"dateModified\":\"2019-07-10T03:53:27+00:00\",\"description\":\"WASHINGTON, ESTADOS UNIDOS.\u2014\u00a0 El diputado Eric Swalwell anunci\u00f3 hoy su retiro de la contienda interna del Partido Dem\u00f3crata a la candidatura a la En Sonora en Equipo publicamos toda la informaci\u00f3n de Sonora, M\u00e9xico y el Mundo de manera oportuna y busca que la libertad de expresi\u00f3n sea real. Visita nuestro medio informativo publicado desde Hermosillo, Sonora. %\",\"breadcrumb\":{\"@id\":\"https:\/\/www.sonoraenequipo.com.mx\/eric-swalwell-deja-la-interna-del-partido-democrata-por-la-presidencia\/#breadcrumb\"},\"inLanguage\":\"es\",\"potentialAction\":[{\"@type\":\"ReadAction\",\"target\":[\"https:\/\/www.sonoraenequipo.com.mx\/eric-swalwell-deja-la-interna-del-partido-democrata-por-la-presidencia\/\"]}]},{\"@type\":\"ImageObject\",\"inLanguage\":\"es\",\"@id\":\"https:\/\/www.sonoraenequipo.com.mx\/eric-swalwell-deja-la-interna-del-partido-democrata-por-la-presidencia\/#primaryimage\",\"url\":\"https:\/\/www.sonoraenequipo.com.mx\/storage\/2019\/07\/swalwell.jpg\",\"contentUrl\":\"https:\/\/www.sonoraenequipo.com.mx\/storage\/2019\/07\/swalwell.jpg\",\"width\":450,\"height\":259},{\"@type\":\"BreadcrumbList\",\"@id\":\"https:\/\/www.sonoraenequipo.com.mx\/eric-swalwell-deja-la-interna-del-partido-democrata-por-la-presidencia\/#breadcrumb\",\"itemListElement\":[{\"@type\":\"ListItem\",\"position\":1,\"name\":\"Portada\",\"item\":\"https:\/\/www.sonoraenequipo.com.mx\/\"},{\"@type\":\"ListItem\",\"position\":2,\"name\":\"Eric Swalwell deja la interna del partido Dem\u00f3crata por la \u00a0presidencia\"}]},{\"@type\":\"WebSite\",\"@id\":\"https:\/\/www.sonoraenequipo.com.mx\/#website\",\"url\":\"https:\/\/www.sonoraenequipo.com.mx\/\",\"name\":\"Sonora en Equipo.\",\"description\":\"Diario en l\u00ednea con Noticias desde Hermosillo, Sonora\",\"publisher\":{\"@id\":\"https:\/\/www.sonoraenequipo.com.mx\/#organization\"},\"potentialAction\":[{\"@type\":\"SearchAction\",\"target\":{\"@type\":\"EntryPoint\",\"urlTemplate\":\"https:\/\/www.sonoraenequipo.com.mx\/?s={search_term_string}\"},\"query-input\":{\"@type\":\"PropertyValueSpecification\",\"valueRequired\":true,\"valueName\":\"search_term_string\"}}],\"inLanguage\":\"es\"},{\"@type\":\"Organization\",\"@id\":\"https:\/\/www.sonoraenequipo.com.mx\/#organization\",\"name\":\"Sonoraenequipo.com.mx\",\"url\":\"https:\/\/www.sonoraenequipo.com.mx\/\",\"logo\":{\"@type\":\"ImageObject\",\"inLanguage\":\"es\",\"@id\":\"https:\/\/www.sonoraenequipo.com.mx\/#\/schema\/logo\/image\/\",\"url\":\"https:\/\/www.sonoraenequipo.com.mx\/storage\/2019\/01\/sonoraenequipo_opt.png\",\"contentUrl\":\"https:\/\/www.sonoraenequipo.com.mx\/storage\/2019\/01\/sonoraenequipo_opt.png\",\"width\":375,\"height\":125,\"caption\":\"Sonoraenequipo.com.mx\"},\"image\":{\"@id\":\"https:\/\/www.sonoraenequipo.com.mx\/#\/schema\/logo\/image\/\"},\"sameAs\":[\"https:\/\/www.facebook.com\/SonoraEE\/\",\"https:\/\/x.com\/sonoraenequipo\",\"https:\/\/www.youtube.com\/channel\/UC338nW-lPEYmJQs4ZABQ1SQ\"]},{\"@type\":\"Person\",\"@id\":\"https:\/\/www.sonoraenequipo.com.mx\/#\/schema\/person\/61a39de478a1763473ad55e8a95fddf6\",\"name\":\"enequipo\",\"image\":{\"@type\":\"ImageObject\",\"inLanguage\":\"es\",\"@id\":\"https:\/\/www.sonoraenequipo.com.mx\/#\/schema\/person\/image\/\",\"url\":\"https:\/\/secure.gravatar.com\/avatar\/e39bc3016d8af598aed3d770c9510dfc2795f37ea1733d99fcc6e97d2c3c9f5e?s=96&d=blank&r=g\",\"contentUrl\":\"https:\/\/secure.gravatar.com\/avatar\/e39bc3016d8af598aed3d770c9510dfc2795f37ea1733d99fcc6e97d2c3c9f5e?s=96&d=blank&r=g\",\"caption\":\"enequipo\"}}]}<\/script>\n ","yoast_head_json":{"title":"Sonora en Equipo. Eric Swalwell deja la interna del partido Dem\u00f3crata por la \u00a0presidencia MUNDO","description":"WASHINGTON, ESTADOS UNIDOS.\u2014\u00a0 El diputado Eric Swalwell anunci\u00f3 hoy su retiro de la contienda interna del Partido Dem\u00f3crata a la candidatura a la En Sonora en Equipo publicamos toda la informaci\u00f3n de Sonora, M\u00e9xico y el Mundo de manera oportuna y busca que la libertad de expresi\u00f3n sea real. Visita nuestro medio informativo publicado desde Hermosillo, Sonora. %","robots":{"index":"index","follow":"follow","max-snippet":"max-snippet:-1","max-image-preview":"max-image-preview:large","max-video-preview":"max-video-preview:-1"},"canonical":"https:\/\/www.sonoraenequipo.com.mx\/eric-swalwell-deja-la-interna-del-partido-democrata-por-la-presidencia\/","og_locale":"es_ES","og_type":"article","og_title":"Sonora en Equipo. Eric Swalwell deja la interna del partido Dem\u00f3crata por la \u00a0presidencia MUNDO","og_description":"WASHINGTON, ESTADOS UNIDOS.\u2014\u00a0 El diputado Eric Swalwell anunci\u00f3 hoy su retiro de la contienda interna del Partido Dem\u00f3crata a la candidatura a la En Sonora en Equipo publicamos toda la informaci\u00f3n de Sonora, M\u00e9xico y el Mundo de manera oportuna y busca que la libertad de expresi\u00f3n sea real. Visita nuestro medio informativo publicado desde Hermosillo, Sonora. %","og_url":"https:\/\/www.sonoraenequipo.com.mx\/eric-swalwell-deja-la-interna-del-partido-democrata-por-la-presidencia\/","og_site_name":"Sonora en Equipo.","article_publisher":"https:\/\/www.facebook.com\/SonoraEE\/","article_published_time":"2019-07-09T21:31:13+00:00","article_modified_time":"2019-07-10T03:53:27+00:00","og_image":[{"width":450,"height":259,"url":"https:\/\/www.sonoraenequipo.com.mx\/storage\/2019\/07\/swalwell.jpg","type":"image\/jpeg"}],"author":"enequipo","twitter_card":"summary_large_image","twitter_creator":"@sonoraenequipo","twitter_site":"@sonoraenequipo","twitter_misc":{"Escrito por":"enequipo","Tiempo de lectura":"1 minuto"},"schema":{"@context":"https:\/\/schema.org","@graph":[{"@type":"Article","@id":"https:\/\/www.sonoraenequipo.com.mx\/eric-swalwell-deja-la-interna-del-partido-democrata-por-la-presidencia\/#article","isPartOf":{"@id":"https:\/\/www.sonoraenequipo.com.mx\/eric-swalwell-deja-la-interna-del-partido-democrata-por-la-presidencia\/"},"author":{"name":"enequipo","@id":"https:\/\/www.sonoraenequipo.com.mx\/#\/schema\/person\/61a39de478a1763473ad55e8a95fddf6"},"headline":"Eric Swalwell deja la interna del partido Dem\u00f3crata por la \u00a0presidencia","datePublished":"2019-07-09T21:31:13+00:00","dateModified":"2019-07-10T03:53:27+00:00","mainEntityOfPage":{"@id":"https:\/\/www.sonoraenequipo.com.mx\/eric-swalwell-deja-la-interna-del-partido-democrata-por-la-presidencia\/"},"wordCount":153,"commentCount":0,"publisher":{"@id":"https:\/\/www.sonoraenequipo.com.mx\/#organization"},"image":{"@id":"https:\/\/www.sonoraenequipo.com.mx\/eric-swalwell-deja-la-interna-del-partido-democrata-por-la-presidencia\/#primaryimage"},"thumbnailUrl":"https:\/\/www.sonoraenequipo.com.mx\/storage\/2019\/07\/swalwell.jpg","keywords":["Eric Swalwell"],"articleSection":["MUNDO"],"inLanguage":"es","potentialAction":[{"@type":"CommentAction","name":"Comment","target":["https:\/\/www.sonoraenequipo.com.mx\/eric-swalwell-deja-la-interna-del-partido-democrata-por-la-presidencia\/#respond"]}]},{"@type":"WebPage","@id":"https:\/\/www.sonoraenequipo.com.mx\/eric-swalwell-deja-la-interna-del-partido-democrata-por-la-presidencia\/","url":"https:\/\/www.sonoraenequipo.com.mx\/eric-swalwell-deja-la-interna-del-partido-democrata-por-la-presidencia\/","name":"Sonora en Equipo. Eric Swalwell deja la interna del partido Dem\u00f3crata por la \u00a0presidencia MUNDO","isPartOf":{"@id":"https:\/\/www.sonoraenequipo.com.mx\/#website"},"primaryImageOfPage":{"@id":"https:\/\/www.sonoraenequipo.com.mx\/eric-swalwell-deja-la-interna-del-partido-democrata-por-la-presidencia\/#primaryimage"},"image":{"@id":"https:\/\/www.sonoraenequipo.com.mx\/eric-swalwell-deja-la-interna-del-partido-democrata-por-la-presidencia\/#primaryimage"},"thumbnailUrl":"https:\/\/www.sonoraenequipo.com.mx\/storage\/2019\/07\/swalwell.jpg","datePublished":"2019-07-09T21:31:13+00:00","dateModified":"2019-07-10T03:53:27+00:00","description":"WASHINGTON, ESTADOS UNIDOS.\u2014\u00a0 El diputado Eric Swalwell anunci\u00f3 hoy su retiro de la contienda interna del Partido Dem\u00f3crata a la candidatura a la En Sonora en Equipo publicamos toda la informaci\u00f3n de Sonora, M\u00e9xico y el Mundo de manera oportuna y busca que la libertad de expresi\u00f3n sea real. Visita nuestro medio informativo publicado desde Hermosillo, Sonora. %","breadcrumb":{"@id":"https:\/\/www.sonoraenequipo.com.mx\/eric-swalwell-deja-la-interna-del-partido-democrata-por-la-presidencia\/#breadcrumb"},"inLanguage":"es","potentialAction":[{"@type":"ReadAction","target":["https:\/\/www.sonoraenequipo.com.mx\/eric-swalwell-deja-la-interna-del-partido-democrata-por-la-presidencia\/"]}]},{"@type":"ImageObject","inLanguage":"es","@id":"https:\/\/www.sonoraenequipo.com.mx\/eric-swalwell-deja-la-interna-del-partido-democrata-por-la-presidencia\/#primaryimage","url":"https:\/\/www.sonoraenequipo.com.mx\/storage\/2019\/07\/swalwell.jpg","contentUrl":"https:\/\/www.sonoraenequipo.com.mx\/storage\/2019\/07\/swalwell.jpg","width":450,"height":259},{"@type":"BreadcrumbList","@id":"https:\/\/www.sonoraenequipo.com.mx\/eric-swalwell-deja-la-interna-del-partido-democrata-por-la-presidencia\/#breadcrumb","itemListElement":[{"@type":"ListItem","position":1,"name":"Portada","item":"https:\/\/www.sonoraenequipo.com.mx\/"},{"@type":"ListItem","position":2,"name":"Eric Swalwell deja la interna del partido Dem\u00f3crata por la \u00a0presidencia"}]},{"@type":"WebSite","@id":"https:\/\/www.sonoraenequipo.com.mx\/#website","url":"https:\/\/www.sonoraenequipo.com.mx\/","name":"Sonora en Equipo.","description":"Diario en l\u00ednea con Noticias desde Hermosillo, Sonora","publisher":{"@id":"https:\/\/www.sonoraenequipo.com.mx\/#organization"},"potentialAction":[{"@type":"SearchAction","target":{"@type":"EntryPoint","urlTemplate":"https:\/\/www.sonoraenequipo.com.mx\/?s={search_term_string}"},"query-input":{"@type":"PropertyValueSpecification","valueRequired":true,"valueName":"search_term_string"}}],"inLanguage":"es"},{"@type":"Organization","@id":"https:\/\/www.sonoraenequipo.com.mx\/#organization","name":"Sonoraenequipo.com.mx","url":"https:\/\/www.sonoraenequipo.com.mx\/","logo":{"@type":"ImageObject","inLanguage":"es","@id":"https:\/\/www.sonoraenequipo.com.mx\/#\/schema\/logo\/image\/","url":"https:\/\/www.sonoraenequipo.com.mx\/storage\/2019\/01\/sonoraenequipo_opt.png","contentUrl":"https:\/\/www.sonoraenequipo.com.mx\/storage\/2019\/01\/sonoraenequipo_opt.png","width":375,"height":125,"caption":"Sonoraenequipo.com.mx"},"image":{"@id":"https:\/\/www.sonoraenequipo.com.mx\/#\/schema\/logo\/image\/"},"sameAs":["https:\/\/www.facebook.com\/SonoraEE\/","https:\/\/x.com\/sonoraenequipo","https:\/\/www.youtube.com\/channel\/UC338nW-lPEYmJQs4ZABQ1SQ"]},{"@type":"Person","@id":"https:\/\/www.sonoraenequipo.com.mx\/#\/schema\/person\/61a39de478a1763473ad55e8a95fddf6","name":"enequipo","image":{"@type":"ImageObject","inLanguage":"es","@id":"https:\/\/www.sonoraenequipo.com.mx\/#\/schema\/person\/image\/","url":"https:\/\/secure.gravatar.com\/avatar\/e39bc3016d8af598aed3d770c9510dfc2795f37ea1733d99fcc6e97d2c3c9f5e?s=96&d=blank&r=g","contentUrl":"https:\/\/secure.gravatar.com\/avatar\/e39bc3016d8af598aed3d770c9510dfc2795f37ea1733d99fcc6e97d2c3c9f5e?s=96&d=blank&r=g","caption":"enequipo"}}]}},"jetpack_featured_media_url":"https:\/\/www.sonoraenequipo.com.mx\/storage\/2019\/07\/swalwell.jpg","_links":{"self":[{"href":"https:\/\/www.sonoraenequipo.com.mx\/api\/wp\/v2\/posts\/63721","targetHints":{"allow":["GET"]}}],"collection":[{"href":"https:\/\/www.sonoraenequipo.com.mx\/api\/wp\/v2\/posts"}],"about":[{"href":"https:\/\/www.sonoraenequipo.com.mx\/api\/wp\/v2\/types\/post"}],"author":[{"embeddable":true,"href":"https:\/\/www.sonoraenequipo.com.mx\/api\/wp\/v2\/users\/178"}],"replies":[{"embeddable":true,"href":"https:\/\/www.sonoraenequipo.com.mx\/api\/wp\/v2\/comments?post=63721"}],"version-history":[{"count":0,"href":"https:\/\/www.sonoraenequipo.com.mx\/api\/wp\/v2\/posts\/63721\/revisions"}],"wp:featuredmedia":[{"embeddable":true,"href":"https:\/\/www.sonoraenequipo.com.mx\/api\/wp\/v2\/media\/63722"}],"wp:attachment":[{"href":"https:\/\/www.sonoraenequipo.com.mx\/api\/wp\/v2\/media?parent=63721"}],"wp:term":[{"taxonomy":"category","embeddable":true,"href":"https:\/\/www.sonoraenequipo.com.mx\/api\/wp\/v2\/categories?post=63721"},{"taxonomy":"post_tag","embeddable":true,"href":"https:\/\/www.sonoraenequipo.com.mx\/api\/wp\/v2\/tags?post=63721"}],"curies":[{"name":"wp","href":"https:\/\/api.w.org\/{rel}","templated":true}]}}