{"id":63726,"date":"2019-07-09T15:32:18","date_gmt":"2019-07-09T22:32:18","guid":{"rendered":"http:\/\/www.sonoraenequipo.com.mx\/?p=63726"},"modified":"2019-07-09T20:51:36","modified_gmt":"2019-07-10T03:51:36","slug":"se-suma-hies-himes-al-programa-medico-en-tu-familia%c2%94","status":"publish","type":"post","link":"https:\/\/www.sonoraenequipo.com.mx\/se-suma-hies-himes-al-programa-medico-en-tu-familia%c2%94\/","title":{"rendered":"Se suma HIES-Himes al programa M\u00e9dico en tu familia\u0094"},"content":{"rendered":"<p>HERMOSILLO,SONORA. MX. \u2014\u00a0 Con el fin de brindar atenci\u00f3n especializada a los pacientes que se detecten en su domicilio, el Hospital Infantil e Integral de la Mujer del Estado (HIES-Himes) se integra al programa \u0093M\u00e9dico en tu familia\u0094, resalt\u00f3 \u00c1ngel S\u00e1nchez Hudson. <\/p>\n<p>El coordinador del programa resalt\u00f3 que con ello se fortalecen las acciones para brindar atenci\u00f3n m\u00e9dica a todas aquellas personas que por diversas situaciones no pueden acudir a una unidad de salud, como los adultos mayores, personas con discapacidad, en situaci\u00f3n de abandono, en etapa terminal o con falta de recursos.<\/p>\n<p>Record\u00f3 que durante los recorridos que realizan por los domicilios, el personal atiende tambi\u00e9n a mujeres embarazadas que est\u00e1n sin control prenatal y en alto riesgo; las personas que pueden acceder al programa deben estar inscritas en el Seguro Popular o no tienen ninguna seguridad social.<\/p>\n<p>\u0093Este programa fue creado por la gobernadora del estado, Claudia Pavlovich Arellano y el secretario de Salud, Enrique Clausen Iberri, para atender a la poblaci\u00f3n m\u00e1s vulnerable en Sonora\u0094, apunt\u00f3.<\/p>\n<p>Las brigadas que integran el programa, agreg\u00f3, tambi\u00e9n ofrecen los servicios de odontolog\u00eda, sicolog\u00eda, nutrici\u00f3n, enfermer\u00eda y fisioterapia, as\u00ed como el apoyo de trabajo social para vincular al paciente al centro de salud que le corresponde, a fin de que pueda acudir cuando tenga las condiciones de hacerlo.<\/p>\n<p>El funcionario estatal enfatiz\u00f3 que durante las visitas a los domicilios no se atienden urgencias ni se traslada a pacientes, pero en caso de requerir una atenci\u00f3n especializada se solicita una ambulancia para que lo lleve a un hospital.<\/p>\n<p>Destac\u00f3 que gracias a la firma de un convenio que realiz\u00f3 la gobernadora con autoridades de las universidades m\u00e1s importantes de la entidad, los alumnos y pasantes de las carreras de Ciencias de la Salud son quienes acuden primero a levantar los censos en las colonias y localidades.<\/p>\n<p>\u0093Las universidades nos prestan a sus estudiantes y son quienes primero cooperan con el censo al ir casa por casa para visitar las colonias y despu\u00e9s brigadas integrales acuden para atender a un paciente que no pueda caminar, que tiene alg\u00fan problema que necesita terapia f\u00edsica, entre otros\u0094, coment\u00f3.<\/p>\n<p>Por \u00faltimo, S\u00e1nchez Hudson invit\u00f3 a la poblaci\u00f3n a acudir a los centros de salud para ingresar al programa \u0093M\u00e9dico en tu familia\u0094 a un familiar, amigo o vecino, donde el personal tomar\u00e1 los datos y el director del centro los hace llegar de inmediato por v\u00eda electr\u00f3nica para que se programe la visita.<\/p>\n<p>Fecha de publicaci\u00f3n 09\/07\/2019<\/p>\n","protected":false},"excerpt":{"rendered":"<p>HERMOSILLO,SONORA. MX. \u2014\u00a0 Con el fin de brindar atenci\u00f3n especializada a los pacientes que se&#8230;<\/p>\n","protected":false},"author":178,"featured_media":63727,"comment_status":"open","ping_status":"open","sticky":false,"template":"","format":"standard","meta":{"_monsterinsights_skip_tracking":false,"_monsterinsights_sitenote_active":false,"_monsterinsights_sitenote_note":"","_monsterinsights_sitenote_category":0,"footnotes":""},"categories":[22],"tags":[3276,3277],"class_list":["post"],"yoast_head":" \n<title>Sonora en Equipo. Se suma HIES-Himes al programa M\u00e9dico en tu familia\u0094<\/title>\n<meta name=\"description\" content=\"HERMOSILLO,SONORA. MX. \u2014\u00a0 Con el fin de brindar atenci\u00f3n especializada a los pacientes que se detecten en su domicilio, el Hospital Infantil e Integral de En Sonora en Equipo publicamos toda la informaci\u00f3n de Sonora, M\u00e9xico y el Mundo de manera oportuna y busca que la libertad de expresi\u00f3n sea real. Visita nuestro medio informativo publicado desde Hermosillo, Sonora. %\" \/>\n<meta name=\"robots\" content=\"index, follow, max-snippet:-1, max-image-preview:large, max-video-preview:-1\" \/>\n<link rel=\"canonical\" href=\"https:\/\/www.sonoraenequipo.com.mx\/se-suma-hies-himes-al-programa-medico-en-tu-familia\u0094\/\" \/>\n<meta property=\"og:locale\" content=\"es_ES\" \/>\n<meta property=\"og:type\" content=\"article\" \/>\n<meta property=\"og:title\" content=\"Sonora en Equipo. Se suma HIES-Himes al programa M\u00e9dico en tu familia\u0094\" \/>\n<meta property=\"og:description\" content=\"HERMOSILLO,SONORA. MX. \u2014\u00a0 Con el fin de brindar atenci\u00f3n especializada a los pacientes que se detecten en su domicilio, el Hospital Infantil e Integral de En Sonora en Equipo publicamos toda la informaci\u00f3n de Sonora, M\u00e9xico y el Mundo de manera oportuna y busca que la libertad de expresi\u00f3n sea real. Visita nuestro medio informativo publicado desde Hermosillo, Sonora. %\" \/>\n<meta property=\"og:url\" content=\"https:\/\/www.sonoraenequipo.com.mx\/se-suma-hies-himes-al-programa-medico-en-tu-familia\u0094\/\" \/>\n<meta property=\"og:site_name\" content=\"Sonora en Equipo.\" \/>\n<meta property=\"article:publisher\" content=\"https:\/\/www.facebook.com\/SonoraEE\/\" \/>\n<meta property=\"article:published_time\" content=\"2019-07-09T22:32:18+00:00\" \/>\n<meta property=\"article:modified_time\" content=\"2019-07-10T03:51:36+00:00\" \/>\n<meta property=\"og:image\" content=\"https:\/\/www.sonoraenequipo.com.mx\/storage\/2019\/07\/HIES2.jpg\" \/>\n\t<meta property=\"og:image:width\" content=\"450\" \/>\n\t<meta property=\"og:image:height\" content=\"338\" \/>\n\t<meta property=\"og:image:type\" content=\"image\/jpeg\" \/>\n<meta name=\"author\" content=\"enequipo\" \/>\n<meta name=\"twitter:card\" content=\"summary_large_image\" \/>\n<meta name=\"twitter:creator\" content=\"@sonoraenequipo\" \/>\n<meta name=\"twitter:site\" content=\"@sonoraenequipo\" \/>\n<meta name=\"twitter:label1\" content=\"Escrito por\" \/>\n\t<meta name=\"twitter:data1\" content=\"enequipo\" \/>\n\t<meta name=\"twitter:label2\" content=\"Tiempo de lectura\" \/>\n\t<meta name=\"twitter:data2\" content=\"2 minutos\" \/>\n<script type=\"application\/ld+json\" class=\"yoast-schema-graph\">{\"@context\":\"https:\/\/schema.org\",\"@graph\":[{\"@type\":\"Article\",\"@id\":\"https:\/\/www.sonoraenequipo.com.mx\/se-suma-hies-himes-al-programa-medico-en-tu-familia%c2%94\/#article\",\"isPartOf\":{\"@id\":\"https:\/\/www.sonoraenequipo.com.mx\/se-suma-hies-himes-al-programa-medico-en-tu-familia%c2%94\/\"},\"author\":{\"name\":\"enequipo\",\"@id\":\"https:\/\/www.sonoraenequipo.com.mx\/#\/schema\/person\/61a39de478a1763473ad55e8a95fddf6\"},\"headline\":\"Se suma HIES-Himes al programa M\u00e9dico en tu familia\u0094\",\"datePublished\":\"2019-07-09T22:32:18+00:00\",\"dateModified\":\"2019-07-10T03:51:36+00:00\",\"mainEntityOfPage\":{\"@id\":\"https:\/\/www.sonoraenequipo.com.mx\/se-suma-hies-himes-al-programa-medico-en-tu-familia%c2%94\/\"},\"wordCount\":446,\"commentCount\":0,\"publisher\":{\"@id\":\"https:\/\/www.sonoraenequipo.com.mx\/#organization\"},\"image\":{\"@id\":\"https:\/\/www.sonoraenequipo.com.mx\/se-suma-hies-himes-al-programa-medico-en-tu-familia%c2%94\/#primaryimage\"},\"thumbnailUrl\":\"https:\/\/www.sonoraenequipo.com.mx\/storage\/2019\/07\/HIES2.jpg\",\"keywords\":[\"HIES\",\"MEDICO\"],\"articleSection\":[\"Sonora\"],\"inLanguage\":\"es\",\"potentialAction\":[{\"@type\":\"CommentAction\",\"name\":\"Comment\",\"target\":[\"https:\/\/www.sonoraenequipo.com.mx\/se-suma-hies-himes-al-programa-medico-en-tu-familia%c2%94\/#respond\"]}]},{\"@type\":\"WebPage\",\"@id\":\"https:\/\/www.sonoraenequipo.com.mx\/se-suma-hies-himes-al-programa-medico-en-tu-familia%c2%94\/\",\"url\":\"https:\/\/www.sonoraenequipo.com.mx\/se-suma-hies-himes-al-programa-medico-en-tu-familia%c2%94\/\",\"name\":\"Sonora en Equipo. Se suma HIES-Himes al programa M\u00e9dico en tu familia\u0094\",\"isPartOf\":{\"@id\":\"https:\/\/www.sonoraenequipo.com.mx\/#website\"},\"primaryImageOfPage\":{\"@id\":\"https:\/\/www.sonoraenequipo.com.mx\/se-suma-hies-himes-al-programa-medico-en-tu-familia%c2%94\/#primaryimage\"},\"image\":{\"@id\":\"https:\/\/www.sonoraenequipo.com.mx\/se-suma-hies-himes-al-programa-medico-en-tu-familia%c2%94\/#primaryimage\"},\"thumbnailUrl\":\"https:\/\/www.sonoraenequipo.com.mx\/storage\/2019\/07\/HIES2.jpg\",\"datePublished\":\"2019-07-09T22:32:18+00:00\",\"dateModified\":\"2019-07-10T03:51:36+00:00\",\"description\":\"HERMOSILLO,SONORA. MX. \u2014\u00a0 Con el fin de brindar atenci\u00f3n especializada a los pacientes que se detecten en su domicilio, el Hospital Infantil e Integral de En Sonora en Equipo publicamos toda la informaci\u00f3n de Sonora, M\u00e9xico y el Mundo de manera oportuna y busca que la libertad de expresi\u00f3n sea real. Visita nuestro medio informativo publicado desde Hermosillo, Sonora. %\",\"breadcrumb\":{\"@id\":\"https:\/\/www.sonoraenequipo.com.mx\/se-suma-hies-himes-al-programa-medico-en-tu-familia%c2%94\/#breadcrumb\"},\"inLanguage\":\"es\",\"potentialAction\":[{\"@type\":\"ReadAction\",\"target\":[\"https:\/\/www.sonoraenequipo.com.mx\/se-suma-hies-himes-al-programa-medico-en-tu-familia%c2%94\/\"]}]},{\"@type\":\"ImageObject\",\"inLanguage\":\"es\",\"@id\":\"https:\/\/www.sonoraenequipo.com.mx\/se-suma-hies-himes-al-programa-medico-en-tu-familia%c2%94\/#primaryimage\",\"url\":\"https:\/\/www.sonoraenequipo.com.mx\/storage\/2019\/07\/HIES2.jpg\",\"contentUrl\":\"https:\/\/www.sonoraenequipo.com.mx\/storage\/2019\/07\/HIES2.jpg\",\"width\":450,\"height\":338},{\"@type\":\"BreadcrumbList\",\"@id\":\"https:\/\/www.sonoraenequipo.com.mx\/se-suma-hies-himes-al-programa-medico-en-tu-familia%c2%94\/#breadcrumb\",\"itemListElement\":[{\"@type\":\"ListItem\",\"position\":1,\"name\":\"Portada\",\"item\":\"https:\/\/www.sonoraenequipo.com.mx\/\"},{\"@type\":\"ListItem\",\"position\":2,\"name\":\"Se suma HIES-Himes al programa M\u00e9dico en tu familia\u0094\"}]},{\"@type\":\"WebSite\",\"@id\":\"https:\/\/www.sonoraenequipo.com.mx\/#website\",\"url\":\"https:\/\/www.sonoraenequipo.com.mx\/\",\"name\":\"Sonora en Equipo.\",\"description\":\"Diario en l\u00ednea con Noticias desde Hermosillo, Sonora\",\"publisher\":{\"@id\":\"https:\/\/www.sonoraenequipo.com.mx\/#organization\"},\"potentialAction\":[{\"@type\":\"SearchAction\",\"target\":{\"@type\":\"EntryPoint\",\"urlTemplate\":\"https:\/\/www.sonoraenequipo.com.mx\/?s={search_term_string}\"},\"query-input\":{\"@type\":\"PropertyValueSpecification\",\"valueRequired\":true,\"valueName\":\"search_term_string\"}}],\"inLanguage\":\"es\"},{\"@type\":\"Organization\",\"@id\":\"https:\/\/www.sonoraenequipo.com.mx\/#organization\",\"name\":\"Sonoraenequipo.com.mx\",\"url\":\"https:\/\/www.sonoraenequipo.com.mx\/\",\"logo\":{\"@type\":\"ImageObject\",\"inLanguage\":\"es\",\"@id\":\"https:\/\/www.sonoraenequipo.com.mx\/#\/schema\/logo\/image\/\",\"url\":\"https:\/\/www.sonoraenequipo.com.mx\/storage\/2019\/01\/sonoraenequipo_opt.png\",\"contentUrl\":\"https:\/\/www.sonoraenequipo.com.mx\/storage\/2019\/01\/sonoraenequipo_opt.png\",\"width\":375,\"height\":125,\"caption\":\"Sonoraenequipo.com.mx\"},\"image\":{\"@id\":\"https:\/\/www.sonoraenequipo.com.mx\/#\/schema\/logo\/image\/\"},\"sameAs\":[\"https:\/\/www.facebook.com\/SonoraEE\/\",\"https:\/\/x.com\/sonoraenequipo\",\"https:\/\/www.youtube.com\/channel\/UC338nW-lPEYmJQs4ZABQ1SQ\"]},{\"@type\":\"Person\",\"@id\":\"https:\/\/www.sonoraenequipo.com.mx\/#\/schema\/person\/61a39de478a1763473ad55e8a95fddf6\",\"name\":\"enequipo\",\"image\":{\"@type\":\"ImageObject\",\"inLanguage\":\"es\",\"@id\":\"https:\/\/www.sonoraenequipo.com.mx\/#\/schema\/person\/image\/\",\"url\":\"https:\/\/secure.gravatar.com\/avatar\/e39bc3016d8af598aed3d770c9510dfc2795f37ea1733d99fcc6e97d2c3c9f5e?s=96&d=blank&r=g\",\"contentUrl\":\"https:\/\/secure.gravatar.com\/avatar\/e39bc3016d8af598aed3d770c9510dfc2795f37ea1733d99fcc6e97d2c3c9f5e?s=96&d=blank&r=g\",\"caption\":\"enequipo\"}}]}<\/script>\n ","yoast_head_json":{"title":"Sonora en Equipo. Se suma HIES-Himes al programa M\u00e9dico en tu familia\u0094","description":"HERMOSILLO,SONORA. MX. \u2014\u00a0 Con el fin de brindar atenci\u00f3n especializada a los pacientes que se detecten en su domicilio, el Hospital Infantil e Integral de En Sonora en Equipo publicamos toda la informaci\u00f3n de Sonora, M\u00e9xico y el Mundo de manera oportuna y busca que la libertad de expresi\u00f3n sea real. Visita nuestro medio informativo publicado desde Hermosillo, Sonora. %","robots":{"index":"index","follow":"follow","max-snippet":"max-snippet:-1","max-image-preview":"max-image-preview:large","max-video-preview":"max-video-preview:-1"},"canonical":"https:\/\/www.sonoraenequipo.com.mx\/se-suma-hies-himes-al-programa-medico-en-tu-familia\u0094\/","og_locale":"es_ES","og_type":"article","og_title":"Sonora en Equipo. Se suma HIES-Himes al programa M\u00e9dico en tu familia\u0094","og_description":"HERMOSILLO,SONORA. MX. \u2014\u00a0 Con el fin de brindar atenci\u00f3n especializada a los pacientes que se detecten en su domicilio, el Hospital Infantil e Integral de En Sonora en Equipo publicamos toda la informaci\u00f3n de Sonora, M\u00e9xico y el Mundo de manera oportuna y busca que la libertad de expresi\u00f3n sea real. Visita nuestro medio informativo publicado desde Hermosillo, Sonora. %","og_url":"https:\/\/www.sonoraenequipo.com.mx\/se-suma-hies-himes-al-programa-medico-en-tu-familia\u0094\/","og_site_name":"Sonora en Equipo.","article_publisher":"https:\/\/www.facebook.com\/SonoraEE\/","article_published_time":"2019-07-09T22:32:18+00:00","article_modified_time":"2019-07-10T03:51:36+00:00","og_image":[{"width":450,"height":338,"url":"https:\/\/www.sonoraenequipo.com.mx\/storage\/2019\/07\/HIES2.jpg","type":"image\/jpeg"}],"author":"enequipo","twitter_card":"summary_large_image","twitter_creator":"@sonoraenequipo","twitter_site":"@sonoraenequipo","twitter_misc":{"Escrito por":"enequipo","Tiempo de lectura":"2 minutos"},"schema":{"@context":"https:\/\/schema.org","@graph":[{"@type":"Article","@id":"https:\/\/www.sonoraenequipo.com.mx\/se-suma-hies-himes-al-programa-medico-en-tu-familia%c2%94\/#article","isPartOf":{"@id":"https:\/\/www.sonoraenequipo.com.mx\/se-suma-hies-himes-al-programa-medico-en-tu-familia%c2%94\/"},"author":{"name":"enequipo","@id":"https:\/\/www.sonoraenequipo.com.mx\/#\/schema\/person\/61a39de478a1763473ad55e8a95fddf6"},"headline":"Se suma HIES-Himes al programa M\u00e9dico en tu familia\u0094","datePublished":"2019-07-09T22:32:18+00:00","dateModified":"2019-07-10T03:51:36+00:00","mainEntityOfPage":{"@id":"https:\/\/www.sonoraenequipo.com.mx\/se-suma-hies-himes-al-programa-medico-en-tu-familia%c2%94\/"},"wordCount":446,"commentCount":0,"publisher":{"@id":"https:\/\/www.sonoraenequipo.com.mx\/#organization"},"image":{"@id":"https:\/\/www.sonoraenequipo.com.mx\/se-suma-hies-himes-al-programa-medico-en-tu-familia%c2%94\/#primaryimage"},"thumbnailUrl":"https:\/\/www.sonoraenequipo.com.mx\/storage\/2019\/07\/HIES2.jpg","keywords":["HIES","MEDICO"],"articleSection":["Sonora"],"inLanguage":"es","potentialAction":[{"@type":"CommentAction","name":"Comment","target":["https:\/\/www.sonoraenequipo.com.mx\/se-suma-hies-himes-al-programa-medico-en-tu-familia%c2%94\/#respond"]}]},{"@type":"WebPage","@id":"https:\/\/www.sonoraenequipo.com.mx\/se-suma-hies-himes-al-programa-medico-en-tu-familia%c2%94\/","url":"https:\/\/www.sonoraenequipo.com.mx\/se-suma-hies-himes-al-programa-medico-en-tu-familia%c2%94\/","name":"Sonora en Equipo. Se suma HIES-Himes al programa M\u00e9dico en tu familia\u0094","isPartOf":{"@id":"https:\/\/www.sonoraenequipo.com.mx\/#website"},"primaryImageOfPage":{"@id":"https:\/\/www.sonoraenequipo.com.mx\/se-suma-hies-himes-al-programa-medico-en-tu-familia%c2%94\/#primaryimage"},"image":{"@id":"https:\/\/www.sonoraenequipo.com.mx\/se-suma-hies-himes-al-programa-medico-en-tu-familia%c2%94\/#primaryimage"},"thumbnailUrl":"https:\/\/www.sonoraenequipo.com.mx\/storage\/2019\/07\/HIES2.jpg","datePublished":"2019-07-09T22:32:18+00:00","dateModified":"2019-07-10T03:51:36+00:00","description":"HERMOSILLO,SONORA. MX. \u2014\u00a0 Con el fin de brindar atenci\u00f3n especializada a los pacientes que se detecten en su domicilio, el Hospital Infantil e Integral de En Sonora en Equipo publicamos toda la informaci\u00f3n de Sonora, M\u00e9xico y el Mundo de manera oportuna y busca que la libertad de expresi\u00f3n sea real. Visita nuestro medio informativo publicado desde Hermosillo, Sonora. %","breadcrumb":{"@id":"https:\/\/www.sonoraenequipo.com.mx\/se-suma-hies-himes-al-programa-medico-en-tu-familia%c2%94\/#breadcrumb"},"inLanguage":"es","potentialAction":[{"@type":"ReadAction","target":["https:\/\/www.sonoraenequipo.com.mx\/se-suma-hies-himes-al-programa-medico-en-tu-familia%c2%94\/"]}]},{"@type":"ImageObject","inLanguage":"es","@id":"https:\/\/www.sonoraenequipo.com.mx\/se-suma-hies-himes-al-programa-medico-en-tu-familia%c2%94\/#primaryimage","url":"https:\/\/www.sonoraenequipo.com.mx\/storage\/2019\/07\/HIES2.jpg","contentUrl":"https:\/\/www.sonoraenequipo.com.mx\/storage\/2019\/07\/HIES2.jpg","width":450,"height":338},{"@type":"BreadcrumbList","@id":"https:\/\/www.sonoraenequipo.com.mx\/se-suma-hies-himes-al-programa-medico-en-tu-familia%c2%94\/#breadcrumb","itemListElement":[{"@type":"ListItem","position":1,"name":"Portada","item":"https:\/\/www.sonoraenequipo.com.mx\/"},{"@type":"ListItem","position":2,"name":"Se suma HIES-Himes al programa M\u00e9dico en tu familia\u0094"}]},{"@type":"WebSite","@id":"https:\/\/www.sonoraenequipo.com.mx\/#website","url":"https:\/\/www.sonoraenequipo.com.mx\/","name":"Sonora en Equipo.","description":"Diario en l\u00ednea con Noticias desde Hermosillo, Sonora","publisher":{"@id":"https:\/\/www.sonoraenequipo.com.mx\/#organization"},"potentialAction":[{"@type":"SearchAction","target":{"@type":"EntryPoint","urlTemplate":"https:\/\/www.sonoraenequipo.com.mx\/?s={search_term_string}"},"query-input":{"@type":"PropertyValueSpecification","valueRequired":true,"valueName":"search_term_string"}}],"inLanguage":"es"},{"@type":"Organization","@id":"https:\/\/www.sonoraenequipo.com.mx\/#organization","name":"Sonoraenequipo.com.mx","url":"https:\/\/www.sonoraenequipo.com.mx\/","logo":{"@type":"ImageObject","inLanguage":"es","@id":"https:\/\/www.sonoraenequipo.com.mx\/#\/schema\/logo\/image\/","url":"https:\/\/www.sonoraenequipo.com.mx\/storage\/2019\/01\/sonoraenequipo_opt.png","contentUrl":"https:\/\/www.sonoraenequipo.com.mx\/storage\/2019\/01\/sonoraenequipo_opt.png","width":375,"height":125,"caption":"Sonoraenequipo.com.mx"},"image":{"@id":"https:\/\/www.sonoraenequipo.com.mx\/#\/schema\/logo\/image\/"},"sameAs":["https:\/\/www.facebook.com\/SonoraEE\/","https:\/\/x.com\/sonoraenequipo","https:\/\/www.youtube.com\/channel\/UC338nW-lPEYmJQs4ZABQ1SQ"]},{"@type":"Person","@id":"https:\/\/www.sonoraenequipo.com.mx\/#\/schema\/person\/61a39de478a1763473ad55e8a95fddf6","name":"enequipo","image":{"@type":"ImageObject","inLanguage":"es","@id":"https:\/\/www.sonoraenequipo.com.mx\/#\/schema\/person\/image\/","url":"https:\/\/secure.gravatar.com\/avatar\/e39bc3016d8af598aed3d770c9510dfc2795f37ea1733d99fcc6e97d2c3c9f5e?s=96&d=blank&r=g","contentUrl":"https:\/\/secure.gravatar.com\/avatar\/e39bc3016d8af598aed3d770c9510dfc2795f37ea1733d99fcc6e97d2c3c9f5e?s=96&d=blank&r=g","caption":"enequipo"}}]}},"jetpack_featured_media_url":"https:\/\/www.sonoraenequipo.com.mx\/storage\/2019\/07\/HIES2.jpg","_links":{"self":[{"href":"https:\/\/www.sonoraenequipo.com.mx\/api\/wp\/v2\/posts\/63726","targetHints":{"allow":["GET"]}}],"collection":[{"href":"https:\/\/www.sonoraenequipo.com.mx\/api\/wp\/v2\/posts"}],"about":[{"href":"https:\/\/www.sonoraenequipo.com.mx\/api\/wp\/v2\/types\/post"}],"author":[{"embeddable":true,"href":"https:\/\/www.sonoraenequipo.com.mx\/api\/wp\/v2\/users\/178"}],"replies":[{"embeddable":true,"href":"https:\/\/www.sonoraenequipo.com.mx\/api\/wp\/v2\/comments?post=63726"}],"version-history":[{"count":0,"href":"https:\/\/www.sonoraenequipo.com.mx\/api\/wp\/v2\/posts\/63726\/revisions"}],"wp:featuredmedia":[{"embeddable":true,"href":"https:\/\/www.sonoraenequipo.com.mx\/api\/wp\/v2\/media\/63727"}],"wp:attachment":[{"href":"https:\/\/www.sonoraenequipo.com.mx\/api\/wp\/v2\/media?parent=63726"}],"wp:term":[{"taxonomy":"category","embeddable":true,"href":"https:\/\/www.sonoraenequipo.com.mx\/api\/wp\/v2\/categories?post=63726"},{"taxonomy":"post_tag","embeddable":true,"href":"https:\/\/www.sonoraenequipo.com.mx\/api\/wp\/v2\/tags?post=63726"}],"curies":[{"name":"wp","href":"https:\/\/api.w.org\/{rel}","templated":true}]}}