{"id":63729,"date":"2019-07-09T16:02:00","date_gmt":"2019-07-09T23:02:00","guid":{"rendered":"http:\/\/www.sonoraenequipo.com.mx\/?p=63729"},"modified":"2019-07-09T20:50:53","modified_gmt":"2019-07-10T03:50:53","slug":"inician-operaciones-vuelos-hermosillo-cancun-y-hermosillo-los-cabos","status":"publish","type":"post","link":"https:\/\/www.sonoraenequipo.com.mx\/inician-operaciones-vuelos-hermosillo-cancun-y-hermosillo-los-cabos\/","title":{"rendered":"Inician operaciones vuelos Hermosillo-Canc\u00fan y Hermosillo-Los Cabos"},"content":{"rendered":"<p>HERMOSILLO,SONORA. \u2014\u00a0\u00a0 Para aumentar la conectividad de Sonora con otros estados, y con ello incrementar el n\u00famero de visitantes y turistas, la aerol\u00ednea VivaAerobus, con el apoyo de la Comisi\u00f3n del Fomento al Turismo del Estado de Sonora (Cofetur), inici\u00f3 con las rutas de vuelo Hermosillo-Canc\u00fan y Hermosillo-Los Cabos. <\/p>\n<p>H\u00e9ctor Platt Maz\u00f3n, subcoordinador operativo de la Cofetur, acompa\u00f1ado por Walfred Castro y Andrea Rodr\u00edguez, director de Comunicaci\u00f3n Corporativa y gerente nacional de Ventas, de VivaAerobus, respectivamente, presentaron los dos nuevos destinos que Sonora tiene para promover a la entidad.<\/p>\n<p>La conectividad a\u00e9rea ha sido una de las encomiendas m\u00e1s puntuales que les ha dado la gobernadora Claudia Pavlovich, enfatiz\u00f3 el funcionario estatal, y reiter\u00f3 el compromiso del Gobierno del Estado por continuar trabajando \u00abde la mano\u00bb con esta empresa para generar m\u00e1s rutas por el bien de Sonora y el sector tur\u00edstico.<\/p>\n<p>Por su parte, Walfred Castro se\u00f1al\u00f3 que la ruta Hermosillo-Canc\u00fan inici\u00f3 con operaciones desde el pasado 1 de junio, teniendo salidas los d\u00edas s\u00e1bado y mi\u00e9rcoles, y se espera que por lo menos se mantenga hasta diciembre, mientras que Hermosillo-Los Cabos, comenz\u00f3 el pasado 10 de junio con vuelos los d\u00edas lunes y jueves, ruta que estar\u00e1 de manera permanente.<\/p>\n<p>El director de Comunicaci\u00f3n Operativa de VivaAerobus indic\u00f3 que ambos destinos se abrieron producto de la buena demanda que se tiene, as\u00ed como de la buena relaci\u00f3n y coordinaci\u00f3n con el Gobierno del Estado.<\/p>\n<p>\u0093Se debe al compromiso que hay de las autoridades, de la promoci\u00f3n tur\u00edstica, de las facilidades de las autoridades aeroportuarias que ponen todo en la mesa y ah\u00ed vemos todo nosotros para que incentivemos el turismo\u0094, afirm\u00f3.<\/p>\n<p>La ruta Hermosillo-Ciudad de M\u00e9xico, a\u00f1adi\u00f3, ha tenido gran demanda desde su apertura el pasado mes de marzo, teniendo un costo de 940 pesos en vuelo sencillo; la ruta Hermosillo-Canc\u00fan tiene vuelos desde mil 250 pesos en viaje sencillo, y Hermosillo-Los Cabos tiene vuelos desde 845 pesos, en viaje sencillo.<\/p>\n<p>Fecha de publicaci\u00f3n 09\/07\/2019<\/p>\n","protected":false},"excerpt":{"rendered":"<p>HERMOSILLO,SONORA. \u2014\u00a0\u00a0 Para aumentar la conectividad de Sonora con otros estados, y con ello incrementar&#8230;<\/p>\n","protected":false},"author":178,"featured_media":63730,"comment_status":"open","ping_status":"open","sticky":false,"template":"","format":"standard","meta":{"_monsterinsights_skip_tracking":false,"_monsterinsights_sitenote_active":false,"_monsterinsights_sitenote_note":"","_monsterinsights_sitenote_category":0,"footnotes":""},"categories":[22],"tags":[3278,35],"class_list":["post"],"yoast_head":" \n<title>Sonora en Equipo. Inician operaciones vuelos Hermosillo-Canc\u00fan y Hermosillo-Los Cabos Sonora<\/title>\n<meta name=\"description\" content=\"HERMOSILLO,SONORA. \u2014\u00a0\u00a0 Para aumentar la conectividad de Sonora con otros estados, y con ello incrementar el n\u00famero de visitantes y turistas, la aerol\u00ednea En Sonora en Equipo publicamos toda la informaci\u00f3n de Sonora, M\u00e9xico y el Mundo de manera oportuna y busca que la libertad de expresi\u00f3n sea real. Visita nuestro medio informativo publicado desde Hermosillo, Sonora. %\" \/>\n<meta name=\"robots\" content=\"index, follow, max-snippet:-1, max-image-preview:large, max-video-preview:-1\" \/>\n<link rel=\"canonical\" href=\"https:\/\/www.sonoraenequipo.com.mx\/inician-operaciones-vuelos-hermosillo-cancun-y-hermosillo-los-cabos\/\" \/>\n<meta property=\"og:locale\" content=\"es_ES\" \/>\n<meta property=\"og:type\" content=\"article\" \/>\n<meta property=\"og:title\" content=\"Sonora en Equipo. Inician operaciones vuelos Hermosillo-Canc\u00fan y Hermosillo-Los Cabos Sonora\" \/>\n<meta property=\"og:description\" content=\"HERMOSILLO,SONORA. \u2014\u00a0\u00a0 Para aumentar la conectividad de Sonora con otros estados, y con ello incrementar el n\u00famero de visitantes y turistas, la aerol\u00ednea En Sonora en Equipo publicamos toda la informaci\u00f3n de Sonora, M\u00e9xico y el Mundo de manera oportuna y busca que la libertad de expresi\u00f3n sea real. Visita nuestro medio informativo publicado desde Hermosillo, Sonora. %\" \/>\n<meta property=\"og:url\" content=\"https:\/\/www.sonoraenequipo.com.mx\/inician-operaciones-vuelos-hermosillo-cancun-y-hermosillo-los-cabos\/\" \/>\n<meta property=\"og:site_name\" content=\"Sonora en Equipo.\" \/>\n<meta property=\"article:publisher\" content=\"https:\/\/www.facebook.com\/SonoraEE\/\" \/>\n<meta property=\"article:published_time\" content=\"2019-07-09T23:02:00+00:00\" \/>\n<meta property=\"article:modified_time\" content=\"2019-07-10T03:50:53+00:00\" \/>\n<meta property=\"og:image\" content=\"https:\/\/www.sonoraenequipo.com.mx\/storage\/2019\/07\/cofetur2.jpg\" \/>\n\t<meta property=\"og:image:width\" content=\"450\" \/>\n\t<meta property=\"og:image:height\" content=\"300\" \/>\n\t<meta property=\"og:image:type\" content=\"image\/jpeg\" \/>\n<meta name=\"author\" content=\"enequipo\" \/>\n<meta name=\"twitter:card\" content=\"summary_large_image\" \/>\n<meta name=\"twitter:creator\" content=\"@sonoraenequipo\" \/>\n<meta name=\"twitter:site\" content=\"@sonoraenequipo\" \/>\n<meta name=\"twitter:label1\" content=\"Escrito por\" \/>\n\t<meta name=\"twitter:data1\" content=\"enequipo\" \/>\n\t<meta name=\"twitter:label2\" content=\"Tiempo de lectura\" \/>\n\t<meta name=\"twitter:data2\" content=\"2 minutos\" \/>\n<script type=\"application\/ld+json\" class=\"yoast-schema-graph\">{\"@context\":\"https:\/\/schema.org\",\"@graph\":[{\"@type\":\"Article\",\"@id\":\"https:\/\/www.sonoraenequipo.com.mx\/inician-operaciones-vuelos-hermosillo-cancun-y-hermosillo-los-cabos\/#article\",\"isPartOf\":{\"@id\":\"https:\/\/www.sonoraenequipo.com.mx\/inician-operaciones-vuelos-hermosillo-cancun-y-hermosillo-los-cabos\/\"},\"author\":{\"name\":\"enequipo\",\"@id\":\"https:\/\/www.sonoraenequipo.com.mx\/#\/schema\/person\/61a39de478a1763473ad55e8a95fddf6\"},\"headline\":\"Inician operaciones vuelos Hermosillo-Canc\u00fan y Hermosillo-Los Cabos\",\"datePublished\":\"2019-07-09T23:02:00+00:00\",\"dateModified\":\"2019-07-10T03:50:53+00:00\",\"mainEntityOfPage\":{\"@id\":\"https:\/\/www.sonoraenequipo.com.mx\/inician-operaciones-vuelos-hermosillo-cancun-y-hermosillo-los-cabos\/\"},\"wordCount\":357,\"commentCount\":0,\"publisher\":{\"@id\":\"https:\/\/www.sonoraenequipo.com.mx\/#organization\"},\"image\":{\"@id\":\"https:\/\/www.sonoraenequipo.com.mx\/inician-operaciones-vuelos-hermosillo-cancun-y-hermosillo-los-cabos\/#primaryimage\"},\"thumbnailUrl\":\"https:\/\/www.sonoraenequipo.com.mx\/storage\/2019\/07\/cofetur2.jpg\",\"keywords\":[\"CANCUN\",\"hermosillo\"],\"articleSection\":[\"Sonora\"],\"inLanguage\":\"es\",\"potentialAction\":[{\"@type\":\"CommentAction\",\"name\":\"Comment\",\"target\":[\"https:\/\/www.sonoraenequipo.com.mx\/inician-operaciones-vuelos-hermosillo-cancun-y-hermosillo-los-cabos\/#respond\"]}]},{\"@type\":\"WebPage\",\"@id\":\"https:\/\/www.sonoraenequipo.com.mx\/inician-operaciones-vuelos-hermosillo-cancun-y-hermosillo-los-cabos\/\",\"url\":\"https:\/\/www.sonoraenequipo.com.mx\/inician-operaciones-vuelos-hermosillo-cancun-y-hermosillo-los-cabos\/\",\"name\":\"Sonora en Equipo. Inician operaciones vuelos Hermosillo-Canc\u00fan y Hermosillo-Los Cabos Sonora\",\"isPartOf\":{\"@id\":\"https:\/\/www.sonoraenequipo.com.mx\/#website\"},\"primaryImageOfPage\":{\"@id\":\"https:\/\/www.sonoraenequipo.com.mx\/inician-operaciones-vuelos-hermosillo-cancun-y-hermosillo-los-cabos\/#primaryimage\"},\"image\":{\"@id\":\"https:\/\/www.sonoraenequipo.com.mx\/inician-operaciones-vuelos-hermosillo-cancun-y-hermosillo-los-cabos\/#primaryimage\"},\"thumbnailUrl\":\"https:\/\/www.sonoraenequipo.com.mx\/storage\/2019\/07\/cofetur2.jpg\",\"datePublished\":\"2019-07-09T23:02:00+00:00\",\"dateModified\":\"2019-07-10T03:50:53+00:00\",\"description\":\"HERMOSILLO,SONORA. \u2014\u00a0\u00a0 Para aumentar la conectividad de Sonora con otros estados, y con ello incrementar el n\u00famero de visitantes y turistas, la aerol\u00ednea En Sonora en Equipo publicamos toda la informaci\u00f3n de Sonora, M\u00e9xico y el Mundo de manera oportuna y busca que la libertad de expresi\u00f3n sea real. Visita nuestro medio informativo publicado desde Hermosillo, Sonora. %\",\"breadcrumb\":{\"@id\":\"https:\/\/www.sonoraenequipo.com.mx\/inician-operaciones-vuelos-hermosillo-cancun-y-hermosillo-los-cabos\/#breadcrumb\"},\"inLanguage\":\"es\",\"potentialAction\":[{\"@type\":\"ReadAction\",\"target\":[\"https:\/\/www.sonoraenequipo.com.mx\/inician-operaciones-vuelos-hermosillo-cancun-y-hermosillo-los-cabos\/\"]}]},{\"@type\":\"ImageObject\",\"inLanguage\":\"es\",\"@id\":\"https:\/\/www.sonoraenequipo.com.mx\/inician-operaciones-vuelos-hermosillo-cancun-y-hermosillo-los-cabos\/#primaryimage\",\"url\":\"https:\/\/www.sonoraenequipo.com.mx\/storage\/2019\/07\/cofetur2.jpg\",\"contentUrl\":\"https:\/\/www.sonoraenequipo.com.mx\/storage\/2019\/07\/cofetur2.jpg\",\"width\":450,\"height\":300},{\"@type\":\"BreadcrumbList\",\"@id\":\"https:\/\/www.sonoraenequipo.com.mx\/inician-operaciones-vuelos-hermosillo-cancun-y-hermosillo-los-cabos\/#breadcrumb\",\"itemListElement\":[{\"@type\":\"ListItem\",\"position\":1,\"name\":\"Portada\",\"item\":\"https:\/\/www.sonoraenequipo.com.mx\/\"},{\"@type\":\"ListItem\",\"position\":2,\"name\":\"Inician operaciones vuelos Hermosillo-Canc\u00fan y Hermosillo-Los Cabos\"}]},{\"@type\":\"WebSite\",\"@id\":\"https:\/\/www.sonoraenequipo.com.mx\/#website\",\"url\":\"https:\/\/www.sonoraenequipo.com.mx\/\",\"name\":\"Sonora en Equipo.\",\"description\":\"Diario en l\u00ednea con Noticias desde Hermosillo, Sonora\",\"publisher\":{\"@id\":\"https:\/\/www.sonoraenequipo.com.mx\/#organization\"},\"potentialAction\":[{\"@type\":\"SearchAction\",\"target\":{\"@type\":\"EntryPoint\",\"urlTemplate\":\"https:\/\/www.sonoraenequipo.com.mx\/?s={search_term_string}\"},\"query-input\":{\"@type\":\"PropertyValueSpecification\",\"valueRequired\":true,\"valueName\":\"search_term_string\"}}],\"inLanguage\":\"es\"},{\"@type\":\"Organization\",\"@id\":\"https:\/\/www.sonoraenequipo.com.mx\/#organization\",\"name\":\"Sonoraenequipo.com.mx\",\"url\":\"https:\/\/www.sonoraenequipo.com.mx\/\",\"logo\":{\"@type\":\"ImageObject\",\"inLanguage\":\"es\",\"@id\":\"https:\/\/www.sonoraenequipo.com.mx\/#\/schema\/logo\/image\/\",\"url\":\"https:\/\/www.sonoraenequipo.com.mx\/storage\/2019\/01\/sonoraenequipo_opt.png\",\"contentUrl\":\"https:\/\/www.sonoraenequipo.com.mx\/storage\/2019\/01\/sonoraenequipo_opt.png\",\"width\":375,\"height\":125,\"caption\":\"Sonoraenequipo.com.mx\"},\"image\":{\"@id\":\"https:\/\/www.sonoraenequipo.com.mx\/#\/schema\/logo\/image\/\"},\"sameAs\":[\"https:\/\/www.facebook.com\/SonoraEE\/\",\"https:\/\/x.com\/sonoraenequipo\",\"https:\/\/www.youtube.com\/channel\/UC338nW-lPEYmJQs4ZABQ1SQ\"]},{\"@type\":\"Person\",\"@id\":\"https:\/\/www.sonoraenequipo.com.mx\/#\/schema\/person\/61a39de478a1763473ad55e8a95fddf6\",\"name\":\"enequipo\",\"image\":{\"@type\":\"ImageObject\",\"inLanguage\":\"es\",\"@id\":\"https:\/\/www.sonoraenequipo.com.mx\/#\/schema\/person\/image\/\",\"url\":\"https:\/\/secure.gravatar.com\/avatar\/e39bc3016d8af598aed3d770c9510dfc2795f37ea1733d99fcc6e97d2c3c9f5e?s=96&d=blank&r=g\",\"contentUrl\":\"https:\/\/secure.gravatar.com\/avatar\/e39bc3016d8af598aed3d770c9510dfc2795f37ea1733d99fcc6e97d2c3c9f5e?s=96&d=blank&r=g\",\"caption\":\"enequipo\"}}]}<\/script>\n ","yoast_head_json":{"title":"Sonora en Equipo. Inician operaciones vuelos Hermosillo-Canc\u00fan y Hermosillo-Los Cabos Sonora","description":"HERMOSILLO,SONORA. \u2014\u00a0\u00a0 Para aumentar la conectividad de Sonora con otros estados, y con ello incrementar el n\u00famero de visitantes y turistas, la aerol\u00ednea En Sonora en Equipo publicamos toda la informaci\u00f3n de Sonora, M\u00e9xico y el Mundo de manera oportuna y busca que la libertad de expresi\u00f3n sea real. Visita nuestro medio informativo publicado desde Hermosillo, Sonora. %","robots":{"index":"index","follow":"follow","max-snippet":"max-snippet:-1","max-image-preview":"max-image-preview:large","max-video-preview":"max-video-preview:-1"},"canonical":"https:\/\/www.sonoraenequipo.com.mx\/inician-operaciones-vuelos-hermosillo-cancun-y-hermosillo-los-cabos\/","og_locale":"es_ES","og_type":"article","og_title":"Sonora en Equipo. Inician operaciones vuelos Hermosillo-Canc\u00fan y Hermosillo-Los Cabos Sonora","og_description":"HERMOSILLO,SONORA. \u2014\u00a0\u00a0 Para aumentar la conectividad de Sonora con otros estados, y con ello incrementar el n\u00famero de visitantes y turistas, la aerol\u00ednea En Sonora en Equipo publicamos toda la informaci\u00f3n de Sonora, M\u00e9xico y el Mundo de manera oportuna y busca que la libertad de expresi\u00f3n sea real. Visita nuestro medio informativo publicado desde Hermosillo, Sonora. %","og_url":"https:\/\/www.sonoraenequipo.com.mx\/inician-operaciones-vuelos-hermosillo-cancun-y-hermosillo-los-cabos\/","og_site_name":"Sonora en Equipo.","article_publisher":"https:\/\/www.facebook.com\/SonoraEE\/","article_published_time":"2019-07-09T23:02:00+00:00","article_modified_time":"2019-07-10T03:50:53+00:00","og_image":[{"width":450,"height":300,"url":"https:\/\/www.sonoraenequipo.com.mx\/storage\/2019\/07\/cofetur2.jpg","type":"image\/jpeg"}],"author":"enequipo","twitter_card":"summary_large_image","twitter_creator":"@sonoraenequipo","twitter_site":"@sonoraenequipo","twitter_misc":{"Escrito por":"enequipo","Tiempo de lectura":"2 minutos"},"schema":{"@context":"https:\/\/schema.org","@graph":[{"@type":"Article","@id":"https:\/\/www.sonoraenequipo.com.mx\/inician-operaciones-vuelos-hermosillo-cancun-y-hermosillo-los-cabos\/#article","isPartOf":{"@id":"https:\/\/www.sonoraenequipo.com.mx\/inician-operaciones-vuelos-hermosillo-cancun-y-hermosillo-los-cabos\/"},"author":{"name":"enequipo","@id":"https:\/\/www.sonoraenequipo.com.mx\/#\/schema\/person\/61a39de478a1763473ad55e8a95fddf6"},"headline":"Inician operaciones vuelos Hermosillo-Canc\u00fan y Hermosillo-Los Cabos","datePublished":"2019-07-09T23:02:00+00:00","dateModified":"2019-07-10T03:50:53+00:00","mainEntityOfPage":{"@id":"https:\/\/www.sonoraenequipo.com.mx\/inician-operaciones-vuelos-hermosillo-cancun-y-hermosillo-los-cabos\/"},"wordCount":357,"commentCount":0,"publisher":{"@id":"https:\/\/www.sonoraenequipo.com.mx\/#organization"},"image":{"@id":"https:\/\/www.sonoraenequipo.com.mx\/inician-operaciones-vuelos-hermosillo-cancun-y-hermosillo-los-cabos\/#primaryimage"},"thumbnailUrl":"https:\/\/www.sonoraenequipo.com.mx\/storage\/2019\/07\/cofetur2.jpg","keywords":["CANCUN","hermosillo"],"articleSection":["Sonora"],"inLanguage":"es","potentialAction":[{"@type":"CommentAction","name":"Comment","target":["https:\/\/www.sonoraenequipo.com.mx\/inician-operaciones-vuelos-hermosillo-cancun-y-hermosillo-los-cabos\/#respond"]}]},{"@type":"WebPage","@id":"https:\/\/www.sonoraenequipo.com.mx\/inician-operaciones-vuelos-hermosillo-cancun-y-hermosillo-los-cabos\/","url":"https:\/\/www.sonoraenequipo.com.mx\/inician-operaciones-vuelos-hermosillo-cancun-y-hermosillo-los-cabos\/","name":"Sonora en Equipo. Inician operaciones vuelos Hermosillo-Canc\u00fan y Hermosillo-Los Cabos Sonora","isPartOf":{"@id":"https:\/\/www.sonoraenequipo.com.mx\/#website"},"primaryImageOfPage":{"@id":"https:\/\/www.sonoraenequipo.com.mx\/inician-operaciones-vuelos-hermosillo-cancun-y-hermosillo-los-cabos\/#primaryimage"},"image":{"@id":"https:\/\/www.sonoraenequipo.com.mx\/inician-operaciones-vuelos-hermosillo-cancun-y-hermosillo-los-cabos\/#primaryimage"},"thumbnailUrl":"https:\/\/www.sonoraenequipo.com.mx\/storage\/2019\/07\/cofetur2.jpg","datePublished":"2019-07-09T23:02:00+00:00","dateModified":"2019-07-10T03:50:53+00:00","description":"HERMOSILLO,SONORA. \u2014\u00a0\u00a0 Para aumentar la conectividad de Sonora con otros estados, y con ello incrementar el n\u00famero de visitantes y turistas, la aerol\u00ednea En Sonora en Equipo publicamos toda la informaci\u00f3n de Sonora, M\u00e9xico y el Mundo de manera oportuna y busca que la libertad de expresi\u00f3n sea real. Visita nuestro medio informativo publicado desde Hermosillo, Sonora. %","breadcrumb":{"@id":"https:\/\/www.sonoraenequipo.com.mx\/inician-operaciones-vuelos-hermosillo-cancun-y-hermosillo-los-cabos\/#breadcrumb"},"inLanguage":"es","potentialAction":[{"@type":"ReadAction","target":["https:\/\/www.sonoraenequipo.com.mx\/inician-operaciones-vuelos-hermosillo-cancun-y-hermosillo-los-cabos\/"]}]},{"@type":"ImageObject","inLanguage":"es","@id":"https:\/\/www.sonoraenequipo.com.mx\/inician-operaciones-vuelos-hermosillo-cancun-y-hermosillo-los-cabos\/#primaryimage","url":"https:\/\/www.sonoraenequipo.com.mx\/storage\/2019\/07\/cofetur2.jpg","contentUrl":"https:\/\/www.sonoraenequipo.com.mx\/storage\/2019\/07\/cofetur2.jpg","width":450,"height":300},{"@type":"BreadcrumbList","@id":"https:\/\/www.sonoraenequipo.com.mx\/inician-operaciones-vuelos-hermosillo-cancun-y-hermosillo-los-cabos\/#breadcrumb","itemListElement":[{"@type":"ListItem","position":1,"name":"Portada","item":"https:\/\/www.sonoraenequipo.com.mx\/"},{"@type":"ListItem","position":2,"name":"Inician operaciones vuelos Hermosillo-Canc\u00fan y Hermosillo-Los Cabos"}]},{"@type":"WebSite","@id":"https:\/\/www.sonoraenequipo.com.mx\/#website","url":"https:\/\/www.sonoraenequipo.com.mx\/","name":"Sonora en Equipo.","description":"Diario en l\u00ednea con Noticias desde Hermosillo, Sonora","publisher":{"@id":"https:\/\/www.sonoraenequipo.com.mx\/#organization"},"potentialAction":[{"@type":"SearchAction","target":{"@type":"EntryPoint","urlTemplate":"https:\/\/www.sonoraenequipo.com.mx\/?s={search_term_string}"},"query-input":{"@type":"PropertyValueSpecification","valueRequired":true,"valueName":"search_term_string"}}],"inLanguage":"es"},{"@type":"Organization","@id":"https:\/\/www.sonoraenequipo.com.mx\/#organization","name":"Sonoraenequipo.com.mx","url":"https:\/\/www.sonoraenequipo.com.mx\/","logo":{"@type":"ImageObject","inLanguage":"es","@id":"https:\/\/www.sonoraenequipo.com.mx\/#\/schema\/logo\/image\/","url":"https:\/\/www.sonoraenequipo.com.mx\/storage\/2019\/01\/sonoraenequipo_opt.png","contentUrl":"https:\/\/www.sonoraenequipo.com.mx\/storage\/2019\/01\/sonoraenequipo_opt.png","width":375,"height":125,"caption":"Sonoraenequipo.com.mx"},"image":{"@id":"https:\/\/www.sonoraenequipo.com.mx\/#\/schema\/logo\/image\/"},"sameAs":["https:\/\/www.facebook.com\/SonoraEE\/","https:\/\/x.com\/sonoraenequipo","https:\/\/www.youtube.com\/channel\/UC338nW-lPEYmJQs4ZABQ1SQ"]},{"@type":"Person","@id":"https:\/\/www.sonoraenequipo.com.mx\/#\/schema\/person\/61a39de478a1763473ad55e8a95fddf6","name":"enequipo","image":{"@type":"ImageObject","inLanguage":"es","@id":"https:\/\/www.sonoraenequipo.com.mx\/#\/schema\/person\/image\/","url":"https:\/\/secure.gravatar.com\/avatar\/e39bc3016d8af598aed3d770c9510dfc2795f37ea1733d99fcc6e97d2c3c9f5e?s=96&d=blank&r=g","contentUrl":"https:\/\/secure.gravatar.com\/avatar\/e39bc3016d8af598aed3d770c9510dfc2795f37ea1733d99fcc6e97d2c3c9f5e?s=96&d=blank&r=g","caption":"enequipo"}}]}},"jetpack_featured_media_url":"https:\/\/www.sonoraenequipo.com.mx\/storage\/2019\/07\/cofetur2.jpg","_links":{"self":[{"href":"https:\/\/www.sonoraenequipo.com.mx\/api\/wp\/v2\/posts\/63729","targetHints":{"allow":["GET"]}}],"collection":[{"href":"https:\/\/www.sonoraenequipo.com.mx\/api\/wp\/v2\/posts"}],"about":[{"href":"https:\/\/www.sonoraenequipo.com.mx\/api\/wp\/v2\/types\/post"}],"author":[{"embeddable":true,"href":"https:\/\/www.sonoraenequipo.com.mx\/api\/wp\/v2\/users\/178"}],"replies":[{"embeddable":true,"href":"https:\/\/www.sonoraenequipo.com.mx\/api\/wp\/v2\/comments?post=63729"}],"version-history":[{"count":0,"href":"https:\/\/www.sonoraenequipo.com.mx\/api\/wp\/v2\/posts\/63729\/revisions"}],"wp:featuredmedia":[{"embeddable":true,"href":"https:\/\/www.sonoraenequipo.com.mx\/api\/wp\/v2\/media\/63730"}],"wp:attachment":[{"href":"https:\/\/www.sonoraenequipo.com.mx\/api\/wp\/v2\/media?parent=63729"}],"wp:term":[{"taxonomy":"category","embeddable":true,"href":"https:\/\/www.sonoraenequipo.com.mx\/api\/wp\/v2\/categories?post=63729"},{"taxonomy":"post_tag","embeddable":true,"href":"https:\/\/www.sonoraenequipo.com.mx\/api\/wp\/v2\/tags?post=63729"}],"curies":[{"name":"wp","href":"https:\/\/api.w.org\/{rel}","templated":true}]}}