{"id":63732,"date":"2019-07-10T11:42:54","date_gmt":"2019-07-10T18:42:54","guid":{"rendered":"http:\/\/www.sonoraenequipo.com.mx\/?p=63732"},"modified":"2019-07-10T17:35:43","modified_gmt":"2019-07-11T00:35:43","slug":"alfonso-romo-de-los-personajes-influyentes-en-hacienda","status":"publish","type":"post","link":"https:\/\/www.sonoraenequipo.com.mx\/alfonso-romo-de-los-personajes-influyentes-en-hacienda\/","title":{"rendered":"Alfonso Romo de los personajes influyentes en Hacienda"},"content":{"rendered":"<p>CIUDAD DE M\u00c9XICO. MX. \u2014 \u00a0 El Presidente de M\u00e9xico Andr\u00e9s Manuel L\u00f3pez Obrador \u00a0rechaz\u00f3 que la renuncia de Carlos Urz\u00faa a la Secretar\u00eda de Hacienda sea una se\u00f1al de \u00a0fractura en su gobierno.<\/p>\n<p> <\/p>\n<p>En la rueda de prensa de esta ma\u00f1ana el presidente respondi\u00f3 sobre\u00a0 la carta de dimisi\u00f3n \u00a0donde Urz\u00faa hizo referencia a que una de las razones era la presencia en la dependencia de personas que toman decisiones sin sustento, sin evidencia, sin el cuidado de los efectos, que hacen imposiciones de funcionarios, que son personajes influyentes que motivan imposiciones. \u00bfQui\u00e9nes son, presidente?, se le cuestion\u00f3<\/p>\n<p>Respondi\u00f3: \u00a0en un gobierno democr\u00e1tico y en un gobierno que tiene como prop\u00f3sito transformar al pa\u00eds, siempre existen diferencias, discrepancias. Si se tratara de gobiernos conservadores, de mantener el statu quo, de no llevar a cabo cambios, la vida ser\u00eda muy plana, nunca suceder\u00edan cosas, as\u00ed es la historia pol\u00edtica de M\u00e9xico.<\/p>\n<p><em>\u201cLo importante es que el gobierno contin\u00faa su marcha sin problema, porque ya no somos nosotros los fundamentales, no somos los hombres los m\u00e1s importantes, las mujeres, sino es el proceso de transformaci\u00f3n que est\u00e1 echando a andar.<\/em><\/p>\n<p><em>Lo otro. Tambi\u00e9n discrepancias en el manejo de la banca de desarrollo. Yo le encargu\u00e9 a Alfonso Romo que ayudara en la coordinaci\u00f3n para el funcionamiento de la banca de desarrollo y no hab\u00eda en esto acuerdo, o sea, hab\u00eda diferencias entre ellos notorias.<\/em><\/p>\n<p>Entonces,<strong> \u00bfuno de los personajes es Romo?<\/strong><\/p>\n<p><em>S\u00ed, seguramente eso era algo evidente, ten\u00edan diferencias, y con otras \u00e1reas asinti\u00f3 L\u00f3pez Obrador<\/em><\/p>\n<p><em>He dicho que antes de que termine este a\u00f1o queremos dejar sentadas las bases para la transformaci\u00f3n; vamos de prisa y no nos vamos a detener, los cambios van.<\/em><\/p>\n<p>Es mejor acostumbrarnos y entender el contexto, las circunstancias de cambios que se van a seguir dando, incluso puede haber hasta otras renuncias.<\/p>\n<p>yo tuve diferencias con \u00e9l (Urz\u00faa), yo lo respeto mucho.<\/p>\n<p>Pero estamos en un proceso de transformaci\u00f3n, aqu\u00ed no se oculta nada, no es que sali\u00f3 del gobierno por motivos de salud. No, es que \u00e9l es un hombre con criterios, como nosotros. Tuvimos, entre otras discrepancias, lo del plan de desarrollo, que hubo dos versiones y la versi\u00f3n que qued\u00f3 es la versi\u00f3n que yo autoric\u00e9, que incluso me toc\u00f3 escribirla, porque hab\u00eda otra versi\u00f3n. Y sent\u00ed que era continuismo.<\/p>\n<p>era una concepci\u00f3n todav\u00eda en la inercia neoliberal y hab\u00eda que marcar la diferencia. El plan de desarrollo que se present\u00f3 al Congreso tiene como antecedente el plan liberal de 1906 y el plan sexenal del general C\u00e1rdenas.<\/p>\n<p>Ah\u00ed ya no van a encontrar ustedes nada que tenga que ver con los t\u00e9rminos propios de la pol\u00edtica neoliberal, ah\u00ed se habla de que los problemas de M\u00e9xico tienen que ver con la corrupci\u00f3n, con la impunidad. Se habla del saqueo a la naci\u00f3n, se habla de que no vamos a continuar con la pol\u00edtica privatizadora, otras cosas.<\/p>\n<p>Hubo diferencias con quien present\u00f3 su renuncia al Seguro Social, Germ\u00e1n Mart\u00ednez, que tambi\u00e9n le agradezco, porque nos ayud\u00f3 en un tiempo y tambi\u00e9n de manera libre decidi\u00f3 renunciar, como lo hizo Carlos. Y otras diferencias tambi\u00e9n se tuvieron con el SAT, con la directora del SAT.<\/p>\n<p>Esas son en general y puede haber otras, pero nada extra\u00f1o, no es para rasgarse las vestiduras. Esto es as\u00ed, porque los cambios van, no hay esa quietud, ese inmovilismo en donde no pasa nada, porque hay continuidad, es m\u00e1s de lo mismo.<\/p>\n<p>Nosotros estamos iniciando una etapa nueva despu\u00e9s de 36 a\u00f1os de la pol\u00edtica econ\u00f3mica neoliberal y esto lleva a ajustes.<\/p>\n<p>Afortunadamente, vamos bien, hay muy buenos servidores p\u00fablicos en el gobierno, el relevo fue natural, es el subsecretario de Hacienda.<\/p>\n<p>Esto ya se repiti\u00f3 en el gobierno de la ciudad. Cuando fui jefe de gobierno ah\u00ed estuvo Carlos, \u00e9l decidi\u00f3 salirse para ir a la academia, entr\u00f3 Gustavo Ponce y luego de lo que sabemos sobre lo de Gustavo Ponce entr\u00f3 Arturo, yconcluy\u00f3; incluso, cuando yo ya no estaba, \u00e9l sigui\u00f3 con Alejandro Encinas como secretario de Finanzas.<\/p>\n<p>es una gente \u00a0que le tengo confianza, est\u00e1 bien formado, es un profesional de la econom\u00eda, tiene experiencia, es honesto y tiene sensibilidad social.<\/p>\n<p>Entonces, hay van las cosas, vamos bien y tiene que ver mucho con el ambiente, la atm\u00f3sfera de libertad que hay en el pa\u00eds y en el gobierno. Ya no es aquello de que no puedes hablar, no puedes expresarte, no puedes protestar.<\/p>\n<p>Fecha de publicaci\u00f3n 10\/07\/2019<\/p>\n","protected":false},"excerpt":{"rendered":"<p>CIUDAD DE M\u00c9XICO. MX. \u2014 \u00a0 El Presidente de M\u00e9xico Andr\u00e9s Manuel L\u00f3pez Obrador \u00a0rechaz\u00f3&#8230;<\/p>\n","protected":false},"author":6,"featured_media":57010,"comment_status":"open","ping_status":"open","sticky":false,"template":"","format":"standard","meta":{"_monsterinsights_skip_tracking":false,"_monsterinsights_sitenote_active":false,"_monsterinsights_sitenote_note":"","_monsterinsights_sitenote_category":0,"footnotes":""},"categories":[5],"tags":[3279],"class_list":["post"],"yoast_head":" \n<title>Sonora en Equipo. Alfonso Romo de los personajes influyentes en Hacienda Rep\u00fablica<\/title>\n<meta name=\"description\" content=\"CIUDAD DE M\u00c9XICO. MX. \u2014 \u00a0 El Presidente de M\u00e9xico Andr\u00e9s Manuel L\u00f3pez Obrador \u00a0rechaz\u00f3 que la renuncia de Carlos Urz\u00faa a la Secretar\u00eda de Hacienda sea una En Sonora en Equipo publicamos toda la informaci\u00f3n de Sonora, M\u00e9xico y el Mundo de manera oportuna y busca que la libertad de expresi\u00f3n sea real. Visita nuestro medio informativo publicado desde Hermosillo, Sonora. %\" \/>\n<meta name=\"robots\" content=\"index, follow, max-snippet:-1, max-image-preview:large, max-video-preview:-1\" \/>\n<link rel=\"canonical\" href=\"https:\/\/www.sonoraenequipo.com.mx\/alfonso-romo-de-los-personajes-influyentes-en-hacienda\/\" \/>\n<meta property=\"og:locale\" content=\"es_ES\" \/>\n<meta property=\"og:type\" content=\"article\" \/>\n<meta property=\"og:title\" content=\"Sonora en Equipo. Alfonso Romo de los personajes influyentes en Hacienda Rep\u00fablica\" \/>\n<meta property=\"og:description\" content=\"CIUDAD DE M\u00c9XICO. MX. \u2014 \u00a0 El Presidente de M\u00e9xico Andr\u00e9s Manuel L\u00f3pez Obrador \u00a0rechaz\u00f3 que la renuncia de Carlos Urz\u00faa a la Secretar\u00eda de Hacienda sea una En Sonora en Equipo publicamos toda la informaci\u00f3n de Sonora, M\u00e9xico y el Mundo de manera oportuna y busca que la libertad de expresi\u00f3n sea real. Visita nuestro medio informativo publicado desde Hermosillo, Sonora. %\" \/>\n<meta property=\"og:url\" content=\"https:\/\/www.sonoraenequipo.com.mx\/alfonso-romo-de-los-personajes-influyentes-en-hacienda\/\" \/>\n<meta property=\"og:site_name\" content=\"Sonora en Equipo.\" \/>\n<meta property=\"article:publisher\" content=\"https:\/\/www.facebook.com\/SonoraEE\/\" \/>\n<meta property=\"article:published_time\" content=\"2019-07-10T18:42:54+00:00\" \/>\n<meta property=\"article:modified_time\" content=\"2019-07-11T00:35:43+00:00\" \/>\n<meta property=\"og:image\" content=\"https:\/\/www.sonoraenequipo.com.mx\/storage\/2019\/03\/romo-alfonso_opt.jpg\" \/>\n\t<meta property=\"og:image:width\" content=\"713\" \/>\n\t<meta property=\"og:image:height\" content=\"400\" \/>\n\t<meta property=\"og:image:type\" content=\"image\/jpeg\" \/>\n<meta name=\"author\" content=\"Nacho Bandin\" \/>\n<meta name=\"twitter:card\" content=\"summary_large_image\" \/>\n<meta name=\"twitter:creator\" content=\"@sonoraenequipo\" \/>\n<meta name=\"twitter:site\" content=\"@sonoraenequipo\" \/>\n<meta name=\"twitter:label1\" content=\"Escrito por\" \/>\n\t<meta name=\"twitter:data1\" content=\"Nacho Bandin\" \/>\n\t<meta name=\"twitter:label2\" content=\"Tiempo de lectura\" \/>\n\t<meta name=\"twitter:data2\" content=\"4 minutos\" \/>\n<script type=\"application\/ld+json\" class=\"yoast-schema-graph\">{\"@context\":\"https:\/\/schema.org\",\"@graph\":[{\"@type\":\"Article\",\"@id\":\"https:\/\/www.sonoraenequipo.com.mx\/alfonso-romo-de-los-personajes-influyentes-en-hacienda\/#article\",\"isPartOf\":{\"@id\":\"https:\/\/www.sonoraenequipo.com.mx\/alfonso-romo-de-los-personajes-influyentes-en-hacienda\/\"},\"author\":{\"name\":\"Nacho Bandin\",\"@id\":\"https:\/\/www.sonoraenequipo.com.mx\/#\/schema\/person\/fbd9952aca28efec00f1fb7fa9428cad\"},\"headline\":\"Alfonso Romo de los personajes influyentes en Hacienda\",\"datePublished\":\"2019-07-10T18:42:54+00:00\",\"dateModified\":\"2019-07-11T00:35:43+00:00\",\"mainEntityOfPage\":{\"@id\":\"https:\/\/www.sonoraenequipo.com.mx\/alfonso-romo-de-los-personajes-influyentes-en-hacienda\/\"},\"wordCount\":808,\"commentCount\":0,\"publisher\":{\"@id\":\"https:\/\/www.sonoraenequipo.com.mx\/#organization\"},\"image\":{\"@id\":\"https:\/\/www.sonoraenequipo.com.mx\/alfonso-romo-de-los-personajes-influyentes-en-hacienda\/#primaryimage\"},\"thumbnailUrl\":\"https:\/\/www.sonoraenequipo.com.mx\/storage\/2019\/03\/romo-alfonso_opt.jpg\",\"keywords\":[\"alfonso romo\"],\"articleSection\":[\"Rep\u00fablica\"],\"inLanguage\":\"es\",\"potentialAction\":[{\"@type\":\"CommentAction\",\"name\":\"Comment\",\"target\":[\"https:\/\/www.sonoraenequipo.com.mx\/alfonso-romo-de-los-personajes-influyentes-en-hacienda\/#respond\"]}]},{\"@type\":\"WebPage\",\"@id\":\"https:\/\/www.sonoraenequipo.com.mx\/alfonso-romo-de-los-personajes-influyentes-en-hacienda\/\",\"url\":\"https:\/\/www.sonoraenequipo.com.mx\/alfonso-romo-de-los-personajes-influyentes-en-hacienda\/\",\"name\":\"Sonora en Equipo. Alfonso Romo de los personajes influyentes en Hacienda Rep\u00fablica\",\"isPartOf\":{\"@id\":\"https:\/\/www.sonoraenequipo.com.mx\/#website\"},\"primaryImageOfPage\":{\"@id\":\"https:\/\/www.sonoraenequipo.com.mx\/alfonso-romo-de-los-personajes-influyentes-en-hacienda\/#primaryimage\"},\"image\":{\"@id\":\"https:\/\/www.sonoraenequipo.com.mx\/alfonso-romo-de-los-personajes-influyentes-en-hacienda\/#primaryimage\"},\"thumbnailUrl\":\"https:\/\/www.sonoraenequipo.com.mx\/storage\/2019\/03\/romo-alfonso_opt.jpg\",\"datePublished\":\"2019-07-10T18:42:54+00:00\",\"dateModified\":\"2019-07-11T00:35:43+00:00\",\"description\":\"CIUDAD DE M\u00c9XICO. MX. \u2014 \u00a0 El Presidente de M\u00e9xico Andr\u00e9s Manuel L\u00f3pez Obrador \u00a0rechaz\u00f3 que la renuncia de Carlos Urz\u00faa a la Secretar\u00eda de Hacienda sea una En Sonora en Equipo publicamos toda la informaci\u00f3n de Sonora, M\u00e9xico y el Mundo de manera oportuna y busca que la libertad de expresi\u00f3n sea real. Visita nuestro medio informativo publicado desde Hermosillo, Sonora. %\",\"breadcrumb\":{\"@id\":\"https:\/\/www.sonoraenequipo.com.mx\/alfonso-romo-de-los-personajes-influyentes-en-hacienda\/#breadcrumb\"},\"inLanguage\":\"es\",\"potentialAction\":[{\"@type\":\"ReadAction\",\"target\":[\"https:\/\/www.sonoraenequipo.com.mx\/alfonso-romo-de-los-personajes-influyentes-en-hacienda\/\"]}]},{\"@type\":\"ImageObject\",\"inLanguage\":\"es\",\"@id\":\"https:\/\/www.sonoraenequipo.com.mx\/alfonso-romo-de-los-personajes-influyentes-en-hacienda\/#primaryimage\",\"url\":\"https:\/\/www.sonoraenequipo.com.mx\/storage\/2019\/03\/romo-alfonso_opt.jpg\",\"contentUrl\":\"https:\/\/www.sonoraenequipo.com.mx\/storage\/2019\/03\/romo-alfonso_opt.jpg\",\"width\":713,\"height\":400,\"caption\":\"90307076. M\u00e9xico, 7 Mar 2019 (Notimex- Gustavo Dur\u00e1n).- Fue presentada la Red de Soluciones para el Desarrollo Sostenible, con la presencia del rector de la UNAM, Enrique Graue Wiechers; Alfonso Romo, Jefe de la oficina de la Presidencia de la Rep\u00fablica, y la Jefa de Gobierno Claudia Sheinbaum. NOTIMEX\/FOTO\/GUSTAVO DURAN\/GDH\/POL\/\"},{\"@type\":\"BreadcrumbList\",\"@id\":\"https:\/\/www.sonoraenequipo.com.mx\/alfonso-romo-de-los-personajes-influyentes-en-hacienda\/#breadcrumb\",\"itemListElement\":[{\"@type\":\"ListItem\",\"position\":1,\"name\":\"Portada\",\"item\":\"https:\/\/www.sonoraenequipo.com.mx\/\"},{\"@type\":\"ListItem\",\"position\":2,\"name\":\"Alfonso Romo de los personajes influyentes en Hacienda\"}]},{\"@type\":\"WebSite\",\"@id\":\"https:\/\/www.sonoraenequipo.com.mx\/#website\",\"url\":\"https:\/\/www.sonoraenequipo.com.mx\/\",\"name\":\"Sonora en Equipo.\",\"description\":\"Diario en l\u00ednea con Noticias desde Hermosillo, Sonora\",\"publisher\":{\"@id\":\"https:\/\/www.sonoraenequipo.com.mx\/#organization\"},\"potentialAction\":[{\"@type\":\"SearchAction\",\"target\":{\"@type\":\"EntryPoint\",\"urlTemplate\":\"https:\/\/www.sonoraenequipo.com.mx\/?s={search_term_string}\"},\"query-input\":{\"@type\":\"PropertyValueSpecification\",\"valueRequired\":true,\"valueName\":\"search_term_string\"}}],\"inLanguage\":\"es\"},{\"@type\":\"Organization\",\"@id\":\"https:\/\/www.sonoraenequipo.com.mx\/#organization\",\"name\":\"Sonoraenequipo.com.mx\",\"url\":\"https:\/\/www.sonoraenequipo.com.mx\/\",\"logo\":{\"@type\":\"ImageObject\",\"inLanguage\":\"es\",\"@id\":\"https:\/\/www.sonoraenequipo.com.mx\/#\/schema\/logo\/image\/\",\"url\":\"https:\/\/www.sonoraenequipo.com.mx\/storage\/2019\/01\/sonoraenequipo_opt.png\",\"contentUrl\":\"https:\/\/www.sonoraenequipo.com.mx\/storage\/2019\/01\/sonoraenequipo_opt.png\",\"width\":375,\"height\":125,\"caption\":\"Sonoraenequipo.com.mx\"},\"image\":{\"@id\":\"https:\/\/www.sonoraenequipo.com.mx\/#\/schema\/logo\/image\/\"},\"sameAs\":[\"https:\/\/www.facebook.com\/SonoraEE\/\",\"https:\/\/x.com\/sonoraenequipo\",\"https:\/\/www.youtube.com\/channel\/UC338nW-lPEYmJQs4ZABQ1SQ\"]},{\"@type\":\"Person\",\"@id\":\"https:\/\/www.sonoraenequipo.com.mx\/#\/schema\/person\/fbd9952aca28efec00f1fb7fa9428cad\",\"name\":\"Nacho Bandin\",\"image\":{\"@type\":\"ImageObject\",\"inLanguage\":\"es\",\"@id\":\"https:\/\/www.sonoraenequipo.com.mx\/#\/schema\/person\/image\/\",\"url\":\"https:\/\/secure.gravatar.com\/avatar\/aa8b9910cb9aca6bb907bea274a87d80d1290d00069310f251740e3ee0bf15f1?s=96&d=blank&r=g\",\"contentUrl\":\"https:\/\/secure.gravatar.com\/avatar\/aa8b9910cb9aca6bb907bea274a87d80d1290d00069310f251740e3ee0bf15f1?s=96&d=blank&r=g\",\"caption\":\"Nacho Bandin\"},\"sameAs\":[\"http:\/\/sonoraenequipo.com.mx\"]}]}<\/script>\n ","yoast_head_json":{"title":"Sonora en Equipo. Alfonso Romo de los personajes influyentes en Hacienda Rep\u00fablica","description":"CIUDAD DE M\u00c9XICO. MX. \u2014 \u00a0 El Presidente de M\u00e9xico Andr\u00e9s Manuel L\u00f3pez Obrador \u00a0rechaz\u00f3 que la renuncia de Carlos Urz\u00faa a la Secretar\u00eda de Hacienda sea una En Sonora en Equipo publicamos toda la informaci\u00f3n de Sonora, M\u00e9xico y el Mundo de manera oportuna y busca que la libertad de expresi\u00f3n sea real. Visita nuestro medio informativo publicado desde Hermosillo, Sonora. %","robots":{"index":"index","follow":"follow","max-snippet":"max-snippet:-1","max-image-preview":"max-image-preview:large","max-video-preview":"max-video-preview:-1"},"canonical":"https:\/\/www.sonoraenequipo.com.mx\/alfonso-romo-de-los-personajes-influyentes-en-hacienda\/","og_locale":"es_ES","og_type":"article","og_title":"Sonora en Equipo. Alfonso Romo de los personajes influyentes en Hacienda Rep\u00fablica","og_description":"CIUDAD DE M\u00c9XICO. MX. \u2014 \u00a0 El Presidente de M\u00e9xico Andr\u00e9s Manuel L\u00f3pez Obrador \u00a0rechaz\u00f3 que la renuncia de Carlos Urz\u00faa a la Secretar\u00eda de Hacienda sea una En Sonora en Equipo publicamos toda la informaci\u00f3n de Sonora, M\u00e9xico y el Mundo de manera oportuna y busca que la libertad de expresi\u00f3n sea real. Visita nuestro medio informativo publicado desde Hermosillo, Sonora. %","og_url":"https:\/\/www.sonoraenequipo.com.mx\/alfonso-romo-de-los-personajes-influyentes-en-hacienda\/","og_site_name":"Sonora en Equipo.","article_publisher":"https:\/\/www.facebook.com\/SonoraEE\/","article_published_time":"2019-07-10T18:42:54+00:00","article_modified_time":"2019-07-11T00:35:43+00:00","og_image":[{"width":713,"height":400,"url":"https:\/\/www.sonoraenequipo.com.mx\/storage\/2019\/03\/romo-alfonso_opt.jpg","type":"image\/jpeg"}],"author":"Nacho Bandin","twitter_card":"summary_large_image","twitter_creator":"@sonoraenequipo","twitter_site":"@sonoraenequipo","twitter_misc":{"Escrito por":"Nacho Bandin","Tiempo de lectura":"4 minutos"},"schema":{"@context":"https:\/\/schema.org","@graph":[{"@type":"Article","@id":"https:\/\/www.sonoraenequipo.com.mx\/alfonso-romo-de-los-personajes-influyentes-en-hacienda\/#article","isPartOf":{"@id":"https:\/\/www.sonoraenequipo.com.mx\/alfonso-romo-de-los-personajes-influyentes-en-hacienda\/"},"author":{"name":"Nacho Bandin","@id":"https:\/\/www.sonoraenequipo.com.mx\/#\/schema\/person\/fbd9952aca28efec00f1fb7fa9428cad"},"headline":"Alfonso Romo de los personajes influyentes en Hacienda","datePublished":"2019-07-10T18:42:54+00:00","dateModified":"2019-07-11T00:35:43+00:00","mainEntityOfPage":{"@id":"https:\/\/www.sonoraenequipo.com.mx\/alfonso-romo-de-los-personajes-influyentes-en-hacienda\/"},"wordCount":808,"commentCount":0,"publisher":{"@id":"https:\/\/www.sonoraenequipo.com.mx\/#organization"},"image":{"@id":"https:\/\/www.sonoraenequipo.com.mx\/alfonso-romo-de-los-personajes-influyentes-en-hacienda\/#primaryimage"},"thumbnailUrl":"https:\/\/www.sonoraenequipo.com.mx\/storage\/2019\/03\/romo-alfonso_opt.jpg","keywords":["alfonso romo"],"articleSection":["Rep\u00fablica"],"inLanguage":"es","potentialAction":[{"@type":"CommentAction","name":"Comment","target":["https:\/\/www.sonoraenequipo.com.mx\/alfonso-romo-de-los-personajes-influyentes-en-hacienda\/#respond"]}]},{"@type":"WebPage","@id":"https:\/\/www.sonoraenequipo.com.mx\/alfonso-romo-de-los-personajes-influyentes-en-hacienda\/","url":"https:\/\/www.sonoraenequipo.com.mx\/alfonso-romo-de-los-personajes-influyentes-en-hacienda\/","name":"Sonora en Equipo. Alfonso Romo de los personajes influyentes en Hacienda Rep\u00fablica","isPartOf":{"@id":"https:\/\/www.sonoraenequipo.com.mx\/#website"},"primaryImageOfPage":{"@id":"https:\/\/www.sonoraenequipo.com.mx\/alfonso-romo-de-los-personajes-influyentes-en-hacienda\/#primaryimage"},"image":{"@id":"https:\/\/www.sonoraenequipo.com.mx\/alfonso-romo-de-los-personajes-influyentes-en-hacienda\/#primaryimage"},"thumbnailUrl":"https:\/\/www.sonoraenequipo.com.mx\/storage\/2019\/03\/romo-alfonso_opt.jpg","datePublished":"2019-07-10T18:42:54+00:00","dateModified":"2019-07-11T00:35:43+00:00","description":"CIUDAD DE M\u00c9XICO. MX. \u2014 \u00a0 El Presidente de M\u00e9xico Andr\u00e9s Manuel L\u00f3pez Obrador \u00a0rechaz\u00f3 que la renuncia de Carlos Urz\u00faa a la Secretar\u00eda de Hacienda sea una En Sonora en Equipo publicamos toda la informaci\u00f3n de Sonora, M\u00e9xico y el Mundo de manera oportuna y busca que la libertad de expresi\u00f3n sea real. Visita nuestro medio informativo publicado desde Hermosillo, Sonora. %","breadcrumb":{"@id":"https:\/\/www.sonoraenequipo.com.mx\/alfonso-romo-de-los-personajes-influyentes-en-hacienda\/#breadcrumb"},"inLanguage":"es","potentialAction":[{"@type":"ReadAction","target":["https:\/\/www.sonoraenequipo.com.mx\/alfonso-romo-de-los-personajes-influyentes-en-hacienda\/"]}]},{"@type":"ImageObject","inLanguage":"es","@id":"https:\/\/www.sonoraenequipo.com.mx\/alfonso-romo-de-los-personajes-influyentes-en-hacienda\/#primaryimage","url":"https:\/\/www.sonoraenequipo.com.mx\/storage\/2019\/03\/romo-alfonso_opt.jpg","contentUrl":"https:\/\/www.sonoraenequipo.com.mx\/storage\/2019\/03\/romo-alfonso_opt.jpg","width":713,"height":400,"caption":"90307076. M\u00e9xico, 7 Mar 2019 (Notimex- Gustavo Dur\u00e1n).- Fue presentada la Red de Soluciones para el Desarrollo Sostenible, con la presencia del rector de la UNAM, Enrique Graue Wiechers; Alfonso Romo, Jefe de la oficina de la Presidencia de la Rep\u00fablica, y la Jefa de Gobierno Claudia Sheinbaum. NOTIMEX\/FOTO\/GUSTAVO DURAN\/GDH\/POL\/"},{"@type":"BreadcrumbList","@id":"https:\/\/www.sonoraenequipo.com.mx\/alfonso-romo-de-los-personajes-influyentes-en-hacienda\/#breadcrumb","itemListElement":[{"@type":"ListItem","position":1,"name":"Portada","item":"https:\/\/www.sonoraenequipo.com.mx\/"},{"@type":"ListItem","position":2,"name":"Alfonso Romo de los personajes influyentes en Hacienda"}]},{"@type":"WebSite","@id":"https:\/\/www.sonoraenequipo.com.mx\/#website","url":"https:\/\/www.sonoraenequipo.com.mx\/","name":"Sonora en Equipo.","description":"Diario en l\u00ednea con Noticias desde Hermosillo, Sonora","publisher":{"@id":"https:\/\/www.sonoraenequipo.com.mx\/#organization"},"potentialAction":[{"@type":"SearchAction","target":{"@type":"EntryPoint","urlTemplate":"https:\/\/www.sonoraenequipo.com.mx\/?s={search_term_string}"},"query-input":{"@type":"PropertyValueSpecification","valueRequired":true,"valueName":"search_term_string"}}],"inLanguage":"es"},{"@type":"Organization","@id":"https:\/\/www.sonoraenequipo.com.mx\/#organization","name":"Sonoraenequipo.com.mx","url":"https:\/\/www.sonoraenequipo.com.mx\/","logo":{"@type":"ImageObject","inLanguage":"es","@id":"https:\/\/www.sonoraenequipo.com.mx\/#\/schema\/logo\/image\/","url":"https:\/\/www.sonoraenequipo.com.mx\/storage\/2019\/01\/sonoraenequipo_opt.png","contentUrl":"https:\/\/www.sonoraenequipo.com.mx\/storage\/2019\/01\/sonoraenequipo_opt.png","width":375,"height":125,"caption":"Sonoraenequipo.com.mx"},"image":{"@id":"https:\/\/www.sonoraenequipo.com.mx\/#\/schema\/logo\/image\/"},"sameAs":["https:\/\/www.facebook.com\/SonoraEE\/","https:\/\/x.com\/sonoraenequipo","https:\/\/www.youtube.com\/channel\/UC338nW-lPEYmJQs4ZABQ1SQ"]},{"@type":"Person","@id":"https:\/\/www.sonoraenequipo.com.mx\/#\/schema\/person\/fbd9952aca28efec00f1fb7fa9428cad","name":"Nacho Bandin","image":{"@type":"ImageObject","inLanguage":"es","@id":"https:\/\/www.sonoraenequipo.com.mx\/#\/schema\/person\/image\/","url":"https:\/\/secure.gravatar.com\/avatar\/aa8b9910cb9aca6bb907bea274a87d80d1290d00069310f251740e3ee0bf15f1?s=96&d=blank&r=g","contentUrl":"https:\/\/secure.gravatar.com\/avatar\/aa8b9910cb9aca6bb907bea274a87d80d1290d00069310f251740e3ee0bf15f1?s=96&d=blank&r=g","caption":"Nacho Bandin"},"sameAs":["http:\/\/sonoraenequipo.com.mx"]}]}},"jetpack_featured_media_url":"https:\/\/www.sonoraenequipo.com.mx\/storage\/2019\/03\/romo-alfonso_opt.jpg","_links":{"self":[{"href":"https:\/\/www.sonoraenequipo.com.mx\/api\/wp\/v2\/posts\/63732","targetHints":{"allow":["GET"]}}],"collection":[{"href":"https:\/\/www.sonoraenequipo.com.mx\/api\/wp\/v2\/posts"}],"about":[{"href":"https:\/\/www.sonoraenequipo.com.mx\/api\/wp\/v2\/types\/post"}],"author":[{"embeddable":true,"href":"https:\/\/www.sonoraenequipo.com.mx\/api\/wp\/v2\/users\/6"}],"replies":[{"embeddable":true,"href":"https:\/\/www.sonoraenequipo.com.mx\/api\/wp\/v2\/comments?post=63732"}],"version-history":[{"count":0,"href":"https:\/\/www.sonoraenequipo.com.mx\/api\/wp\/v2\/posts\/63732\/revisions"}],"wp:featuredmedia":[{"embeddable":true,"href":"https:\/\/www.sonoraenequipo.com.mx\/api\/wp\/v2\/media\/57010"}],"wp:attachment":[{"href":"https:\/\/www.sonoraenequipo.com.mx\/api\/wp\/v2\/media?parent=63732"}],"wp:term":[{"taxonomy":"category","embeddable":true,"href":"https:\/\/www.sonoraenequipo.com.mx\/api\/wp\/v2\/categories?post=63732"},{"taxonomy":"post_tag","embeddable":true,"href":"https:\/\/www.sonoraenequipo.com.mx\/api\/wp\/v2\/tags?post=63732"}],"curies":[{"name":"wp","href":"https:\/\/api.w.org\/{rel}","templated":true}]}}