{"id":63744,"date":"2019-07-09T17:00:10","date_gmt":"2019-07-10T00:00:10","guid":{"rendered":"http:\/\/www.sonoraenequipo.com.mx\/?p=63744"},"modified":"2019-07-09T21:10:19","modified_gmt":"2019-07-10T04:10:19","slug":"mensaje-del-nuevo-secretario-de-hacienda-de-mexico-arturo-herrera","status":"publish","type":"post","link":"https:\/\/www.sonoraenequipo.com.mx\/mensaje-del-nuevo-secretario-de-hacienda-de-mexico-arturo-herrera\/","title":{"rendered":"Mensaje del nuevo Secretario de Hacienda de M\u00e9xico, Arturo Herrera"},"content":{"rendered":"<div class=\"article__singular--teaser\"><\/div>\n<p>CIUDAD DE M\u00c9XICO. MX. \u2014 El secretario de <strong>Hacienda<\/strong>, <strong>Arturo Herrera<\/strong>, ofreci\u00f3 un mensaje a medios la tarde de este martes tras la renuncia de <strong>Carlos Urz\u00faa<\/strong>. <\/p>\n<p><em>\u201cEs uno de los honores m\u00e1s grandes a los que podr\u00eda aspirar; no le vamos a fallar a \u00e9l (<strong>Andr\u00e9s Manuel L\u00f3pez Obrador<\/strong>) y al pa\u00eds\u201d,<\/em> declar\u00f3 <strong>Herrera\u00a0<\/strong>y tambi\u00e9n\u00a0aprovech\u00f3 para agradecer la confianza del\u00a0exsecretario Urz\u00faa.<\/p>\n<p><strong>Herrera<\/strong>\u00a0record\u00f3 en conferencia de prensa que los compromisos de <strong>Hacienda<\/strong> seguir\u00e1n siendo garantizar la estabilidad macroecon\u00f3mica, manejar de manera responsable las finanzas p\u00fablicas, respetar la autonom\u00eda del <strong>Banco de M\u00e9xico<\/strong>\u00a0y tener finanzas sanas.<\/p>\n<p><em>\u201cSe busca un crecimiento que coincida entre el campo y la ciudad\u201d,<\/em> declar\u00f3.<\/p>\n<p>En cuanto a <strong>Pemex<\/strong>, el titular de <strong>Hacienda<\/strong> se\u00f1al\u00f3 que la empresa es central para la\u00a0econom\u00eda y finanzas p\u00fablicas del pa\u00eds.<\/p>\n<p><em>\u201cVamos a seguir apoyando. El <strong>plan de negocios de Pemex<\/strong> est\u00e1 enfocado en inversi\u00f3n, exploraci\u00f3n y producci\u00f3n\u201d<\/em>, indic\u00f3.<\/p>\n<p>Sobre la construcci\u00f3n de la refiner\u00eda de\u00a0<strong>Dos Bocas<\/strong>, declar\u00f3 que es un tema relativamente menor, debido a que producci\u00f3n y exploraci\u00f3n son las \u00e1reas en las que m\u00e1s invierte <strong>Pemex<\/strong>.<\/p>\n<p><strong>Arturo Herrera<\/strong> asegur\u00f3 que desconoce los\u00a0detalles espec\u00edficos a los que se refiri\u00f3 <strong>Carlos Urz\u00faa<\/strong> en su carta de renuncia: \u201cyo estoy muy confiado en el equipo hacendario, espero trabajar con ellos de manera muy coordinada. Me interesa ver c\u00f3mo es la operaci\u00f3n\u201d y agreg\u00f3 que en este momento no tiene pensado realizar cambios de personal al interior de la Secretar\u00eda ni ha determinado qui\u00e9n ser\u00e1 su sustituto como subsecretario.<\/p>\n<p>El secretario enfatiz\u00f3 que tiene plena confianza en el presidente, recordando que es la segunda vez que lo promueve en su carrera, y dijo que espera que <strong>L\u00f3pez Obrador<\/strong> tenga confianza en \u00e9l.<\/p>\n<p>Neg\u00f3 que <strong>M\u00e9xico<\/strong> est\u00e9 entrando a una <strong>recesi\u00f3n econ\u00f3mica<\/strong>, sin embargo, acept\u00f3 estar preocupado por una desaceleraci\u00f3n global que podr\u00eda impactar al pa\u00eds.<\/p>\n<p><em>\u201cYo no veo una <strong>recesi\u00f3n<\/strong> en puerta. Nos preocupa una <strong>desaceleraci\u00f3n<\/strong> a nivel global que tiene un impacto en la econom\u00eda mexicana, pero estamos muy lejos de pensar que estamos cerca de una recesi\u00f3n\u201d<\/em>, declar\u00f3.<\/p>\n<p>En cuanto a la duraci\u00f3n de su periodo al frente de <strong>Hacienda y Cr\u00e9dito P\u00fablico<\/strong>, aclar\u00f3 que ser\u00e1 el titular <em>\u201chasta que el presidente <strong>L\u00f3pez Obrador<\/strong> lo determine\u201d.<\/em><\/p>\n<p>Sobre el <strong>Aeropuerto de Santa Luc\u00eda<\/strong>, se limit\u00f3 a decir que las grandes ciudades del mundo tienen un modelo de sistemas aeroportuarios.<\/p>\n<p><iframe loading=\"lazy\" title=\"Arturo Herrera Guti\u00e9rrez, nuevo titular de la Secretar\u00eda de Hacienda y Cr\u00e9dito P\u00fablico\" width=\"640\" height=\"360\" src=\"https:\/\/www.youtube.com\/embed\/lu1I3dVwxRI?feature=oembed\" frameborder=\"0\" allow=\"accelerometer; autoplay; clipboard-write; encrypted-media; gyroscope; picture-in-picture; web-share\" referrerpolicy=\"strict-origin-when-cross-origin\" allowfullscreen><\/iframe><\/p>\n<p>(Publicado el 09\/07\/2019<\/p>\n","protected":false},"excerpt":{"rendered":"<p>CIUDAD DE M\u00c9XICO. MX. \u2014 El secretario de Hacienda, Arturo Herrera, ofreci\u00f3 un mensaje a&#8230;<\/p>\n","protected":false},"author":1,"featured_media":63745,"comment_status":"open","ping_status":"open","sticky":false,"template":"","format":"standard","meta":{"_monsterinsights_skip_tracking":false,"_monsterinsights_sitenote_active":false,"_monsterinsights_sitenote_note":"","_monsterinsights_sitenote_category":0,"footnotes":""},"categories":[5],"tags":[],"class_list":["post"],"yoast_head":" \n<title>Sonora en Equipo. Mensaje del nuevo Secretario de Hacienda de M\u00e9xico, Arturo Herrera Rep\u00fablica<\/title>\n<meta name=\"description\" content=\"CIUDAD DE M\u00c9XICO. MX. \u2014 El secretario de Hacienda, Arturo Herrera, ofreci\u00f3 un mensaje a medios la tarde de este martes tras la renuncia de Carlos Urz\u00faa. En Sonora en Equipo publicamos toda la informaci\u00f3n de Sonora, M\u00e9xico y el Mundo de manera oportuna y busca que la libertad de expresi\u00f3n sea real. Visita nuestro medio informativo publicado desde Hermosillo, Sonora. %\" \/>\n<meta name=\"robots\" content=\"index, follow, max-snippet:-1, max-image-preview:large, max-video-preview:-1\" \/>\n<link rel=\"canonical\" href=\"https:\/\/www.sonoraenequipo.com.mx\/mensaje-del-nuevo-secretario-de-hacienda-de-mexico-arturo-herrera\/\" \/>\n<meta property=\"og:locale\" content=\"es_ES\" \/>\n<meta property=\"og:type\" content=\"article\" \/>\n<meta property=\"og:title\" content=\"Sonora en Equipo. Mensaje del nuevo Secretario de Hacienda de M\u00e9xico, Arturo Herrera Rep\u00fablica\" \/>\n<meta property=\"og:description\" content=\"CIUDAD DE M\u00c9XICO. MX. \u2014 El secretario de Hacienda, Arturo Herrera, ofreci\u00f3 un mensaje a medios la tarde de este martes tras la renuncia de Carlos Urz\u00faa. En Sonora en Equipo publicamos toda la informaci\u00f3n de Sonora, M\u00e9xico y el Mundo de manera oportuna y busca que la libertad de expresi\u00f3n sea real. Visita nuestro medio informativo publicado desde Hermosillo, Sonora. %\" \/>\n<meta property=\"og:url\" content=\"https:\/\/www.sonoraenequipo.com.mx\/mensaje-del-nuevo-secretario-de-hacienda-de-mexico-arturo-herrera\/\" \/>\n<meta property=\"og:site_name\" content=\"Sonora en Equipo.\" \/>\n<meta property=\"article:publisher\" content=\"https:\/\/www.facebook.com\/SonoraEE\/\" \/>\n<meta property=\"article:author\" content=\"https:\/\/www.facebook.com\/SonoraEE\" \/>\n<meta property=\"article:published_time\" content=\"2019-07-10T00:00:10+00:00\" \/>\n<meta property=\"article:modified_time\" content=\"2019-07-10T04:10:19+00:00\" \/>\n<meta property=\"og:image\" content=\"https:\/\/www.sonoraenequipo.com.mx\/storage\/2019\/07\/nuevoshcp_opt.jpg\" \/>\n\t<meta property=\"og:image:width\" content=\"643\" \/>\n\t<meta property=\"og:image:height\" content=\"400\" \/>\n\t<meta property=\"og:image:type\" content=\"image\/jpeg\" \/>\n<meta name=\"author\" content=\"enequipo\" \/>\n<meta name=\"twitter:card\" content=\"summary_large_image\" \/>\n<meta name=\"twitter:creator\" content=\"@sonoraenequipo\" \/>\n<meta name=\"twitter:site\" content=\"@sonoraenequipo\" \/>\n<meta name=\"twitter:label1\" content=\"Escrito por\" \/>\n\t<meta name=\"twitter:data1\" content=\"enequipo\" \/>\n\t<meta name=\"twitter:label2\" content=\"Tiempo de lectura\" \/>\n\t<meta name=\"twitter:data2\" content=\"2 minutos\" \/>\n<script type=\"application\/ld+json\" class=\"yoast-schema-graph\">{\"@context\":\"https:\/\/schema.org\",\"@graph\":[{\"@type\":\"Article\",\"@id\":\"https:\/\/www.sonoraenequipo.com.mx\/mensaje-del-nuevo-secretario-de-hacienda-de-mexico-arturo-herrera\/#article\",\"isPartOf\":{\"@id\":\"https:\/\/www.sonoraenequipo.com.mx\/mensaje-del-nuevo-secretario-de-hacienda-de-mexico-arturo-herrera\/\"},\"author\":{\"name\":\"enequipo\",\"@id\":\"https:\/\/www.sonoraenequipo.com.mx\/#\/schema\/person\/50102df0fb23a8fa9e8effad8fa81386\"},\"headline\":\"Mensaje del nuevo Secretario de Hacienda de M\u00e9xico, Arturo Herrera\",\"datePublished\":\"2019-07-10T00:00:10+00:00\",\"dateModified\":\"2019-07-10T04:10:19+00:00\",\"mainEntityOfPage\":{\"@id\":\"https:\/\/www.sonoraenequipo.com.mx\/mensaje-del-nuevo-secretario-de-hacienda-de-mexico-arturo-herrera\/\"},\"wordCount\":464,\"commentCount\":0,\"publisher\":{\"@id\":\"https:\/\/www.sonoraenequipo.com.mx\/#organization\"},\"image\":{\"@id\":\"https:\/\/www.sonoraenequipo.com.mx\/mensaje-del-nuevo-secretario-de-hacienda-de-mexico-arturo-herrera\/#primaryimage\"},\"thumbnailUrl\":\"https:\/\/www.sonoraenequipo.com.mx\/storage\/2019\/07\/nuevoshcp_opt.jpg\",\"articleSection\":[\"Rep\u00fablica\"],\"inLanguage\":\"es\",\"potentialAction\":[{\"@type\":\"CommentAction\",\"name\":\"Comment\",\"target\":[\"https:\/\/www.sonoraenequipo.com.mx\/mensaje-del-nuevo-secretario-de-hacienda-de-mexico-arturo-herrera\/#respond\"]}]},{\"@type\":\"WebPage\",\"@id\":\"https:\/\/www.sonoraenequipo.com.mx\/mensaje-del-nuevo-secretario-de-hacienda-de-mexico-arturo-herrera\/\",\"url\":\"https:\/\/www.sonoraenequipo.com.mx\/mensaje-del-nuevo-secretario-de-hacienda-de-mexico-arturo-herrera\/\",\"name\":\"Sonora en Equipo. Mensaje del nuevo Secretario de Hacienda de M\u00e9xico, Arturo Herrera Rep\u00fablica\",\"isPartOf\":{\"@id\":\"https:\/\/www.sonoraenequipo.com.mx\/#website\"},\"primaryImageOfPage\":{\"@id\":\"https:\/\/www.sonoraenequipo.com.mx\/mensaje-del-nuevo-secretario-de-hacienda-de-mexico-arturo-herrera\/#primaryimage\"},\"image\":{\"@id\":\"https:\/\/www.sonoraenequipo.com.mx\/mensaje-del-nuevo-secretario-de-hacienda-de-mexico-arturo-herrera\/#primaryimage\"},\"thumbnailUrl\":\"https:\/\/www.sonoraenequipo.com.mx\/storage\/2019\/07\/nuevoshcp_opt.jpg\",\"datePublished\":\"2019-07-10T00:00:10+00:00\",\"dateModified\":\"2019-07-10T04:10:19+00:00\",\"description\":\"CIUDAD DE M\u00c9XICO. MX. \u2014 El secretario de Hacienda, Arturo Herrera, ofreci\u00f3 un mensaje a medios la tarde de este martes tras la renuncia de Carlos Urz\u00faa. En Sonora en Equipo publicamos toda la informaci\u00f3n de Sonora, M\u00e9xico y el Mundo de manera oportuna y busca que la libertad de expresi\u00f3n sea real. Visita nuestro medio informativo publicado desde Hermosillo, Sonora. %\",\"breadcrumb\":{\"@id\":\"https:\/\/www.sonoraenequipo.com.mx\/mensaje-del-nuevo-secretario-de-hacienda-de-mexico-arturo-herrera\/#breadcrumb\"},\"inLanguage\":\"es\",\"potentialAction\":[{\"@type\":\"ReadAction\",\"target\":[\"https:\/\/www.sonoraenequipo.com.mx\/mensaje-del-nuevo-secretario-de-hacienda-de-mexico-arturo-herrera\/\"]}]},{\"@type\":\"ImageObject\",\"inLanguage\":\"es\",\"@id\":\"https:\/\/www.sonoraenequipo.com.mx\/mensaje-del-nuevo-secretario-de-hacienda-de-mexico-arturo-herrera\/#primaryimage\",\"url\":\"https:\/\/www.sonoraenequipo.com.mx\/storage\/2019\/07\/nuevoshcp_opt.jpg\",\"contentUrl\":\"https:\/\/www.sonoraenequipo.com.mx\/storage\/2019\/07\/nuevoshcp_opt.jpg\",\"width\":643,\"height\":400},{\"@type\":\"BreadcrumbList\",\"@id\":\"https:\/\/www.sonoraenequipo.com.mx\/mensaje-del-nuevo-secretario-de-hacienda-de-mexico-arturo-herrera\/#breadcrumb\",\"itemListElement\":[{\"@type\":\"ListItem\",\"position\":1,\"name\":\"Portada\",\"item\":\"https:\/\/www.sonoraenequipo.com.mx\/\"},{\"@type\":\"ListItem\",\"position\":2,\"name\":\"Mensaje del nuevo Secretario de Hacienda de M\u00e9xico, Arturo Herrera\"}]},{\"@type\":\"WebSite\",\"@id\":\"https:\/\/www.sonoraenequipo.com.mx\/#website\",\"url\":\"https:\/\/www.sonoraenequipo.com.mx\/\",\"name\":\"Sonora en Equipo.\",\"description\":\"Diario en l\u00ednea con Noticias desde Hermosillo, Sonora\",\"publisher\":{\"@id\":\"https:\/\/www.sonoraenequipo.com.mx\/#organization\"},\"potentialAction\":[{\"@type\":\"SearchAction\",\"target\":{\"@type\":\"EntryPoint\",\"urlTemplate\":\"https:\/\/www.sonoraenequipo.com.mx\/?s={search_term_string}\"},\"query-input\":{\"@type\":\"PropertyValueSpecification\",\"valueRequired\":true,\"valueName\":\"search_term_string\"}}],\"inLanguage\":\"es\"},{\"@type\":\"Organization\",\"@id\":\"https:\/\/www.sonoraenequipo.com.mx\/#organization\",\"name\":\"Sonoraenequipo.com.mx\",\"url\":\"https:\/\/www.sonoraenequipo.com.mx\/\",\"logo\":{\"@type\":\"ImageObject\",\"inLanguage\":\"es\",\"@id\":\"https:\/\/www.sonoraenequipo.com.mx\/#\/schema\/logo\/image\/\",\"url\":\"https:\/\/www.sonoraenequipo.com.mx\/storage\/2019\/01\/sonoraenequipo_opt.png\",\"contentUrl\":\"https:\/\/www.sonoraenequipo.com.mx\/storage\/2019\/01\/sonoraenequipo_opt.png\",\"width\":375,\"height\":125,\"caption\":\"Sonoraenequipo.com.mx\"},\"image\":{\"@id\":\"https:\/\/www.sonoraenequipo.com.mx\/#\/schema\/logo\/image\/\"},\"sameAs\":[\"https:\/\/www.facebook.com\/SonoraEE\/\",\"https:\/\/x.com\/sonoraenequipo\",\"https:\/\/www.youtube.com\/channel\/UC338nW-lPEYmJQs4ZABQ1SQ\"]},{\"@type\":\"Person\",\"@id\":\"https:\/\/www.sonoraenequipo.com.mx\/#\/schema\/person\/50102df0fb23a8fa9e8effad8fa81386\",\"name\":\"enequipo\",\"image\":{\"@type\":\"ImageObject\",\"inLanguage\":\"es\",\"@id\":\"https:\/\/www.sonoraenequipo.com.mx\/#\/schema\/person\/image\/\",\"url\":\"https:\/\/secure.gravatar.com\/avatar\/049821681b589dabc0bc20695993ccebb09f5b5d4d790cd9251b97faac7c652b?s=96&d=blank&r=g\",\"contentUrl\":\"https:\/\/secure.gravatar.com\/avatar\/049821681b589dabc0bc20695993ccebb09f5b5d4d790cd9251b97faac7c652b?s=96&d=blank&r=g\",\"caption\":\"enequipo\"},\"sameAs\":[\"https:\/\/www.facebook.com\/SonoraEE\"]}]}<\/script>\n ","yoast_head_json":{"title":"Sonora en Equipo. Mensaje del nuevo Secretario de Hacienda de M\u00e9xico, Arturo Herrera Rep\u00fablica","description":"CIUDAD DE M\u00c9XICO. MX. \u2014 El secretario de Hacienda, Arturo Herrera, ofreci\u00f3 un mensaje a medios la tarde de este martes tras la renuncia de Carlos Urz\u00faa. En Sonora en Equipo publicamos toda la informaci\u00f3n de Sonora, M\u00e9xico y el Mundo de manera oportuna y busca que la libertad de expresi\u00f3n sea real. Visita nuestro medio informativo publicado desde Hermosillo, Sonora. %","robots":{"index":"index","follow":"follow","max-snippet":"max-snippet:-1","max-image-preview":"max-image-preview:large","max-video-preview":"max-video-preview:-1"},"canonical":"https:\/\/www.sonoraenequipo.com.mx\/mensaje-del-nuevo-secretario-de-hacienda-de-mexico-arturo-herrera\/","og_locale":"es_ES","og_type":"article","og_title":"Sonora en Equipo. Mensaje del nuevo Secretario de Hacienda de M\u00e9xico, Arturo Herrera Rep\u00fablica","og_description":"CIUDAD DE M\u00c9XICO. MX. \u2014 El secretario de Hacienda, Arturo Herrera, ofreci\u00f3 un mensaje a medios la tarde de este martes tras la renuncia de Carlos Urz\u00faa. En Sonora en Equipo publicamos toda la informaci\u00f3n de Sonora, M\u00e9xico y el Mundo de manera oportuna y busca que la libertad de expresi\u00f3n sea real. Visita nuestro medio informativo publicado desde Hermosillo, Sonora. %","og_url":"https:\/\/www.sonoraenequipo.com.mx\/mensaje-del-nuevo-secretario-de-hacienda-de-mexico-arturo-herrera\/","og_site_name":"Sonora en Equipo.","article_publisher":"https:\/\/www.facebook.com\/SonoraEE\/","article_author":"https:\/\/www.facebook.com\/SonoraEE","article_published_time":"2019-07-10T00:00:10+00:00","article_modified_time":"2019-07-10T04:10:19+00:00","og_image":[{"width":643,"height":400,"url":"https:\/\/www.sonoraenequipo.com.mx\/storage\/2019\/07\/nuevoshcp_opt.jpg","type":"image\/jpeg"}],"author":"enequipo","twitter_card":"summary_large_image","twitter_creator":"@sonoraenequipo","twitter_site":"@sonoraenequipo","twitter_misc":{"Escrito por":"enequipo","Tiempo de lectura":"2 minutos"},"schema":{"@context":"https:\/\/schema.org","@graph":[{"@type":"Article","@id":"https:\/\/www.sonoraenequipo.com.mx\/mensaje-del-nuevo-secretario-de-hacienda-de-mexico-arturo-herrera\/#article","isPartOf":{"@id":"https:\/\/www.sonoraenequipo.com.mx\/mensaje-del-nuevo-secretario-de-hacienda-de-mexico-arturo-herrera\/"},"author":{"name":"enequipo","@id":"https:\/\/www.sonoraenequipo.com.mx\/#\/schema\/person\/50102df0fb23a8fa9e8effad8fa81386"},"headline":"Mensaje del nuevo Secretario de Hacienda de M\u00e9xico, Arturo Herrera","datePublished":"2019-07-10T00:00:10+00:00","dateModified":"2019-07-10T04:10:19+00:00","mainEntityOfPage":{"@id":"https:\/\/www.sonoraenequipo.com.mx\/mensaje-del-nuevo-secretario-de-hacienda-de-mexico-arturo-herrera\/"},"wordCount":464,"commentCount":0,"publisher":{"@id":"https:\/\/www.sonoraenequipo.com.mx\/#organization"},"image":{"@id":"https:\/\/www.sonoraenequipo.com.mx\/mensaje-del-nuevo-secretario-de-hacienda-de-mexico-arturo-herrera\/#primaryimage"},"thumbnailUrl":"https:\/\/www.sonoraenequipo.com.mx\/storage\/2019\/07\/nuevoshcp_opt.jpg","articleSection":["Rep\u00fablica"],"inLanguage":"es","potentialAction":[{"@type":"CommentAction","name":"Comment","target":["https:\/\/www.sonoraenequipo.com.mx\/mensaje-del-nuevo-secretario-de-hacienda-de-mexico-arturo-herrera\/#respond"]}]},{"@type":"WebPage","@id":"https:\/\/www.sonoraenequipo.com.mx\/mensaje-del-nuevo-secretario-de-hacienda-de-mexico-arturo-herrera\/","url":"https:\/\/www.sonoraenequipo.com.mx\/mensaje-del-nuevo-secretario-de-hacienda-de-mexico-arturo-herrera\/","name":"Sonora en Equipo. Mensaje del nuevo Secretario de Hacienda de M\u00e9xico, Arturo Herrera Rep\u00fablica","isPartOf":{"@id":"https:\/\/www.sonoraenequipo.com.mx\/#website"},"primaryImageOfPage":{"@id":"https:\/\/www.sonoraenequipo.com.mx\/mensaje-del-nuevo-secretario-de-hacienda-de-mexico-arturo-herrera\/#primaryimage"},"image":{"@id":"https:\/\/www.sonoraenequipo.com.mx\/mensaje-del-nuevo-secretario-de-hacienda-de-mexico-arturo-herrera\/#primaryimage"},"thumbnailUrl":"https:\/\/www.sonoraenequipo.com.mx\/storage\/2019\/07\/nuevoshcp_opt.jpg","datePublished":"2019-07-10T00:00:10+00:00","dateModified":"2019-07-10T04:10:19+00:00","description":"CIUDAD DE M\u00c9XICO. MX. \u2014 El secretario de Hacienda, Arturo Herrera, ofreci\u00f3 un mensaje a medios la tarde de este martes tras la renuncia de Carlos Urz\u00faa. En Sonora en Equipo publicamos toda la informaci\u00f3n de Sonora, M\u00e9xico y el Mundo de manera oportuna y busca que la libertad de expresi\u00f3n sea real. Visita nuestro medio informativo publicado desde Hermosillo, Sonora. %","breadcrumb":{"@id":"https:\/\/www.sonoraenequipo.com.mx\/mensaje-del-nuevo-secretario-de-hacienda-de-mexico-arturo-herrera\/#breadcrumb"},"inLanguage":"es","potentialAction":[{"@type":"ReadAction","target":["https:\/\/www.sonoraenequipo.com.mx\/mensaje-del-nuevo-secretario-de-hacienda-de-mexico-arturo-herrera\/"]}]},{"@type":"ImageObject","inLanguage":"es","@id":"https:\/\/www.sonoraenequipo.com.mx\/mensaje-del-nuevo-secretario-de-hacienda-de-mexico-arturo-herrera\/#primaryimage","url":"https:\/\/www.sonoraenequipo.com.mx\/storage\/2019\/07\/nuevoshcp_opt.jpg","contentUrl":"https:\/\/www.sonoraenequipo.com.mx\/storage\/2019\/07\/nuevoshcp_opt.jpg","width":643,"height":400},{"@type":"BreadcrumbList","@id":"https:\/\/www.sonoraenequipo.com.mx\/mensaje-del-nuevo-secretario-de-hacienda-de-mexico-arturo-herrera\/#breadcrumb","itemListElement":[{"@type":"ListItem","position":1,"name":"Portada","item":"https:\/\/www.sonoraenequipo.com.mx\/"},{"@type":"ListItem","position":2,"name":"Mensaje del nuevo Secretario de Hacienda de M\u00e9xico, Arturo Herrera"}]},{"@type":"WebSite","@id":"https:\/\/www.sonoraenequipo.com.mx\/#website","url":"https:\/\/www.sonoraenequipo.com.mx\/","name":"Sonora en Equipo.","description":"Diario en l\u00ednea con Noticias desde Hermosillo, Sonora","publisher":{"@id":"https:\/\/www.sonoraenequipo.com.mx\/#organization"},"potentialAction":[{"@type":"SearchAction","target":{"@type":"EntryPoint","urlTemplate":"https:\/\/www.sonoraenequipo.com.mx\/?s={search_term_string}"},"query-input":{"@type":"PropertyValueSpecification","valueRequired":true,"valueName":"search_term_string"}}],"inLanguage":"es"},{"@type":"Organization","@id":"https:\/\/www.sonoraenequipo.com.mx\/#organization","name":"Sonoraenequipo.com.mx","url":"https:\/\/www.sonoraenequipo.com.mx\/","logo":{"@type":"ImageObject","inLanguage":"es","@id":"https:\/\/www.sonoraenequipo.com.mx\/#\/schema\/logo\/image\/","url":"https:\/\/www.sonoraenequipo.com.mx\/storage\/2019\/01\/sonoraenequipo_opt.png","contentUrl":"https:\/\/www.sonoraenequipo.com.mx\/storage\/2019\/01\/sonoraenequipo_opt.png","width":375,"height":125,"caption":"Sonoraenequipo.com.mx"},"image":{"@id":"https:\/\/www.sonoraenequipo.com.mx\/#\/schema\/logo\/image\/"},"sameAs":["https:\/\/www.facebook.com\/SonoraEE\/","https:\/\/x.com\/sonoraenequipo","https:\/\/www.youtube.com\/channel\/UC338nW-lPEYmJQs4ZABQ1SQ"]},{"@type":"Person","@id":"https:\/\/www.sonoraenequipo.com.mx\/#\/schema\/person\/50102df0fb23a8fa9e8effad8fa81386","name":"enequipo","image":{"@type":"ImageObject","inLanguage":"es","@id":"https:\/\/www.sonoraenequipo.com.mx\/#\/schema\/person\/image\/","url":"https:\/\/secure.gravatar.com\/avatar\/049821681b589dabc0bc20695993ccebb09f5b5d4d790cd9251b97faac7c652b?s=96&d=blank&r=g","contentUrl":"https:\/\/secure.gravatar.com\/avatar\/049821681b589dabc0bc20695993ccebb09f5b5d4d790cd9251b97faac7c652b?s=96&d=blank&r=g","caption":"enequipo"},"sameAs":["https:\/\/www.facebook.com\/SonoraEE"]}]}},"jetpack_featured_media_url":"https:\/\/www.sonoraenequipo.com.mx\/storage\/2019\/07\/nuevoshcp_opt.jpg","_links":{"self":[{"href":"https:\/\/www.sonoraenequipo.com.mx\/api\/wp\/v2\/posts\/63744","targetHints":{"allow":["GET"]}}],"collection":[{"href":"https:\/\/www.sonoraenequipo.com.mx\/api\/wp\/v2\/posts"}],"about":[{"href":"https:\/\/www.sonoraenequipo.com.mx\/api\/wp\/v2\/types\/post"}],"author":[{"embeddable":true,"href":"https:\/\/www.sonoraenequipo.com.mx\/api\/wp\/v2\/users\/1"}],"replies":[{"embeddable":true,"href":"https:\/\/www.sonoraenequipo.com.mx\/api\/wp\/v2\/comments?post=63744"}],"version-history":[{"count":0,"href":"https:\/\/www.sonoraenequipo.com.mx\/api\/wp\/v2\/posts\/63744\/revisions"}],"wp:featuredmedia":[{"embeddable":true,"href":"https:\/\/www.sonoraenequipo.com.mx\/api\/wp\/v2\/media\/63745"}],"wp:attachment":[{"href":"https:\/\/www.sonoraenequipo.com.mx\/api\/wp\/v2\/media?parent=63744"}],"wp:term":[{"taxonomy":"category","embeddable":true,"href":"https:\/\/www.sonoraenequipo.com.mx\/api\/wp\/v2\/categories?post=63744"},{"taxonomy":"post_tag","embeddable":true,"href":"https:\/\/www.sonoraenequipo.com.mx\/api\/wp\/v2\/tags?post=63744"}],"curies":[{"name":"wp","href":"https:\/\/api.w.org\/{rel}","templated":true}]}}