{"id":63751,"date":"2019-07-10T12:53:47","date_gmt":"2019-07-10T19:53:47","guid":{"rendered":"http:\/\/www.sonoraenequipo.com.mx\/?p=63751"},"modified":"2019-07-10T17:39:41","modified_gmt":"2019-07-11T00:39:41","slug":"disfruta-el-verano-en-parque-infantil","status":"publish","type":"post","link":"https:\/\/www.sonoraenequipo.com.mx\/disfruta-el-verano-en-parque-infantil\/","title":{"rendered":"Disfruta el verano en Parque Infantil"},"content":{"rendered":"<p>HERMOSILLO,SONORA. MX. \u2014\u00a0 Durante el periodo vacacional, el Parque Infantil contar\u00e1 con actividades educativas llenas de diversi\u00f3n para disfrutar el verano en familia, indic\u00f3 Karina Z\u00e1rate F\u00e9lix. <\/p>\n<p>La directora del Sistema DIF Sonora resalt\u00f3 que cumpliendo con la responsabilidad de generar acciones de uni\u00f3n familiar, sano esparcimiento de ni\u00f1as, ni\u00f1os y adolescentes, prevenci\u00f3n y reforzamiento de valores, se dise\u00f1\u00f3 un programa de actividades gratuitas atractivas para todas las edades.<\/p>\n<p>\u0093Todo el mes de julio el Parque Infantil cuenta con actividades deportivas, recreativas educativas para divertirse en familia, los invitamos a disfrutar juntos de esta vacaciones, participando en actividades dise\u00f1adas especialmente para ustedes\u0094, dijo.<\/p>\n<p>Cada s\u00e1bado de julio se contar\u00e1 con un programa de Noche de Planetario, donde ni\u00f1as y ni\u00f1os podr\u00e1n aprender y observar los astros y el universo; los domingos son de Pel\u00edcula, se trasmitir\u00e1 Toy Story 3; y el domingo 21 de julio habr\u00e1 una fiesta llena de diversi\u00f3n, luces y m\u00fasica a cargo de DJ Infantil en la explanada del Parque.<\/p>\n<p>Adem\u00e1s, actualmente el Parque Infantil lleva a cabo el Campamento de Verano \u0093Exploraci\u00f3n y Aventura\u0094, en coordinaci\u00f3n con La Rana en La Hamaca, las inscripciones siguen abiertas y pueden comunicarse al celular 6623551343.<\/p>\n<p>Record\u00f3 que en apoyo a la econom\u00eda de las familias, los costos de entradas y juegos son accesibles, adem\u00e1s se cuentan con excelentes promociones, tal como entrada gratuita al parque los d\u00edas martes, los mi\u00e9rcoles 2&#215;1 en el costo del boleto de ingreso y los d\u00edas 5 de cada mes es gratis la entrada para ni\u00f1as y ni\u00f1os.<\/p>\n<p>Z\u00e1rate F\u00e9lix refiri\u00f3 que, como es usual, este periodo vacacional de verano el horario del parque se extendi\u00f3 para que las familias disfruten m\u00e1s tiempo, informando que de martes a viernes es de las 12:00 a las 20:00 horas; s\u00e1bados y domingos de julio de 14:00 a 22:00 horas.<\/p>\n<p>Informaci\u00f3n en corto:<\/p>\n<p>Entrada al Parque Infantil 10.00 pesos<\/p>\n<p>Martes entrada gratis<\/p>\n<p>Mi\u00e9rcoles entrada 2 x 1<\/p>\n<p>Pulsera sin l\u00edmite $50 pesos<\/p>\n<p>Actividades de verano<\/p>\n<p>Pinta Caritas<\/p>\n<p>Chapoteo Veraniego<\/p>\n<p>Pel\u00edculas Infantiles<\/p>\n<p>Sesiones en el Planetario.<\/p>\n<p>Fecha de publicaci\u00f3n 10\/07\/2019<\/p>\n","protected":false},"excerpt":{"rendered":"<p>HERMOSILLO,SONORA. MX. \u2014\u00a0 Durante el periodo vacacional, el Parque Infantil contar\u00e1 con actividades educativas llenas&#8230;<\/p>\n","protected":false},"author":178,"featured_media":63753,"comment_status":"open","ping_status":"open","sticky":false,"template":"","format":"standard","meta":{"_monsterinsights_skip_tracking":false,"_monsterinsights_sitenote_active":false,"_monsterinsights_sitenote_note":"","_monsterinsights_sitenote_category":0,"footnotes":""},"categories":[22],"tags":[3280],"class_list":["post"],"yoast_head":" \n<title>Sonora en Equipo. Disfruta el verano en Parque Infantil Sonora<\/title>\n<meta name=\"description\" content=\"HERMOSILLO,SONORA. MX. \u2014\u00a0 Durante el periodo vacacional, el Parque Infantil contar\u00e1 con actividades educativas llenas de diversi\u00f3n para disfrutar el En Sonora en Equipo publicamos toda la informaci\u00f3n de Sonora, M\u00e9xico y el Mundo de manera oportuna y busca que la libertad de expresi\u00f3n sea real. Visita nuestro medio informativo publicado desde Hermosillo, Sonora. %\" \/>\n<meta name=\"robots\" content=\"index, follow, max-snippet:-1, max-image-preview:large, max-video-preview:-1\" \/>\n<link rel=\"canonical\" href=\"https:\/\/www.sonoraenequipo.com.mx\/disfruta-el-verano-en-parque-infantil\/\" \/>\n<meta property=\"og:locale\" content=\"es_ES\" \/>\n<meta property=\"og:type\" content=\"article\" \/>\n<meta property=\"og:title\" content=\"Sonora en Equipo. Disfruta el verano en Parque Infantil Sonora\" \/>\n<meta property=\"og:description\" content=\"HERMOSILLO,SONORA. MX. \u2014\u00a0 Durante el periodo vacacional, el Parque Infantil contar\u00e1 con actividades educativas llenas de diversi\u00f3n para disfrutar el En Sonora en Equipo publicamos toda la informaci\u00f3n de Sonora, M\u00e9xico y el Mundo de manera oportuna y busca que la libertad de expresi\u00f3n sea real. Visita nuestro medio informativo publicado desde Hermosillo, Sonora. %\" \/>\n<meta property=\"og:url\" content=\"https:\/\/www.sonoraenequipo.com.mx\/disfruta-el-verano-en-parque-infantil\/\" \/>\n<meta property=\"og:site_name\" content=\"Sonora en Equipo.\" \/>\n<meta property=\"article:publisher\" content=\"https:\/\/www.facebook.com\/SonoraEE\/\" \/>\n<meta property=\"article:published_time\" content=\"2019-07-10T19:53:47+00:00\" \/>\n<meta property=\"article:modified_time\" content=\"2019-07-11T00:39:41+00:00\" \/>\n<meta property=\"og:image\" content=\"https:\/\/www.sonoraenequipo.com.mx\/storage\/2019\/07\/PARQUE.jpg\" \/>\n\t<meta property=\"og:image:width\" content=\"450\" \/>\n\t<meta property=\"og:image:height\" content=\"300\" \/>\n\t<meta property=\"og:image:type\" content=\"image\/jpeg\" \/>\n<meta name=\"author\" content=\"enequipo\" \/>\n<meta name=\"twitter:card\" content=\"summary_large_image\" \/>\n<meta name=\"twitter:creator\" content=\"@sonoraenequipo\" \/>\n<meta name=\"twitter:site\" content=\"@sonoraenequipo\" \/>\n<meta name=\"twitter:label1\" content=\"Escrito por\" \/>\n\t<meta name=\"twitter:data1\" content=\"enequipo\" \/>\n\t<meta name=\"twitter:label2\" content=\"Tiempo de lectura\" \/>\n\t<meta name=\"twitter:data2\" content=\"2 minutos\" \/>\n<script type=\"application\/ld+json\" class=\"yoast-schema-graph\">{\"@context\":\"https:\/\/schema.org\",\"@graph\":[{\"@type\":\"Article\",\"@id\":\"https:\/\/www.sonoraenequipo.com.mx\/disfruta-el-verano-en-parque-infantil\/#article\",\"isPartOf\":{\"@id\":\"https:\/\/www.sonoraenequipo.com.mx\/disfruta-el-verano-en-parque-infantil\/\"},\"author\":{\"name\":\"enequipo\",\"@id\":\"https:\/\/www.sonoraenequipo.com.mx\/#\/schema\/person\/61a39de478a1763473ad55e8a95fddf6\"},\"headline\":\"Disfruta el verano en Parque Infantil\",\"datePublished\":\"2019-07-10T19:53:47+00:00\",\"dateModified\":\"2019-07-11T00:39:41+00:00\",\"mainEntityOfPage\":{\"@id\":\"https:\/\/www.sonoraenequipo.com.mx\/disfruta-el-verano-en-parque-infantil\/\"},\"wordCount\":370,\"commentCount\":0,\"publisher\":{\"@id\":\"https:\/\/www.sonoraenequipo.com.mx\/#organization\"},\"image\":{\"@id\":\"https:\/\/www.sonoraenequipo.com.mx\/disfruta-el-verano-en-parque-infantil\/#primaryimage\"},\"thumbnailUrl\":\"https:\/\/www.sonoraenequipo.com.mx\/storage\/2019\/07\/PARQUE.jpg\",\"keywords\":[\"parque infantil\"],\"articleSection\":[\"Sonora\"],\"inLanguage\":\"es\",\"potentialAction\":[{\"@type\":\"CommentAction\",\"name\":\"Comment\",\"target\":[\"https:\/\/www.sonoraenequipo.com.mx\/disfruta-el-verano-en-parque-infantil\/#respond\"]}]},{\"@type\":\"WebPage\",\"@id\":\"https:\/\/www.sonoraenequipo.com.mx\/disfruta-el-verano-en-parque-infantil\/\",\"url\":\"https:\/\/www.sonoraenequipo.com.mx\/disfruta-el-verano-en-parque-infantil\/\",\"name\":\"Sonora en Equipo. Disfruta el verano en Parque Infantil Sonora\",\"isPartOf\":{\"@id\":\"https:\/\/www.sonoraenequipo.com.mx\/#website\"},\"primaryImageOfPage\":{\"@id\":\"https:\/\/www.sonoraenequipo.com.mx\/disfruta-el-verano-en-parque-infantil\/#primaryimage\"},\"image\":{\"@id\":\"https:\/\/www.sonoraenequipo.com.mx\/disfruta-el-verano-en-parque-infantil\/#primaryimage\"},\"thumbnailUrl\":\"https:\/\/www.sonoraenequipo.com.mx\/storage\/2019\/07\/PARQUE.jpg\",\"datePublished\":\"2019-07-10T19:53:47+00:00\",\"dateModified\":\"2019-07-11T00:39:41+00:00\",\"description\":\"HERMOSILLO,SONORA. MX. \u2014\u00a0 Durante el periodo vacacional, el Parque Infantil contar\u00e1 con actividades educativas llenas de diversi\u00f3n para disfrutar el En Sonora en Equipo publicamos toda la informaci\u00f3n de Sonora, M\u00e9xico y el Mundo de manera oportuna y busca que la libertad de expresi\u00f3n sea real. Visita nuestro medio informativo publicado desde Hermosillo, Sonora. %\",\"breadcrumb\":{\"@id\":\"https:\/\/www.sonoraenequipo.com.mx\/disfruta-el-verano-en-parque-infantil\/#breadcrumb\"},\"inLanguage\":\"es\",\"potentialAction\":[{\"@type\":\"ReadAction\",\"target\":[\"https:\/\/www.sonoraenequipo.com.mx\/disfruta-el-verano-en-parque-infantil\/\"]}]},{\"@type\":\"ImageObject\",\"inLanguage\":\"es\",\"@id\":\"https:\/\/www.sonoraenequipo.com.mx\/disfruta-el-verano-en-parque-infantil\/#primaryimage\",\"url\":\"https:\/\/www.sonoraenequipo.com.mx\/storage\/2019\/07\/PARQUE.jpg\",\"contentUrl\":\"https:\/\/www.sonoraenequipo.com.mx\/storage\/2019\/07\/PARQUE.jpg\",\"width\":450,\"height\":300},{\"@type\":\"BreadcrumbList\",\"@id\":\"https:\/\/www.sonoraenequipo.com.mx\/disfruta-el-verano-en-parque-infantil\/#breadcrumb\",\"itemListElement\":[{\"@type\":\"ListItem\",\"position\":1,\"name\":\"Portada\",\"item\":\"https:\/\/www.sonoraenequipo.com.mx\/\"},{\"@type\":\"ListItem\",\"position\":2,\"name\":\"Disfruta el verano en Parque Infantil\"}]},{\"@type\":\"WebSite\",\"@id\":\"https:\/\/www.sonoraenequipo.com.mx\/#website\",\"url\":\"https:\/\/www.sonoraenequipo.com.mx\/\",\"name\":\"Sonora en Equipo.\",\"description\":\"Diario en l\u00ednea con Noticias desde Hermosillo, Sonora\",\"publisher\":{\"@id\":\"https:\/\/www.sonoraenequipo.com.mx\/#organization\"},\"potentialAction\":[{\"@type\":\"SearchAction\",\"target\":{\"@type\":\"EntryPoint\",\"urlTemplate\":\"https:\/\/www.sonoraenequipo.com.mx\/?s={search_term_string}\"},\"query-input\":{\"@type\":\"PropertyValueSpecification\",\"valueRequired\":true,\"valueName\":\"search_term_string\"}}],\"inLanguage\":\"es\"},{\"@type\":\"Organization\",\"@id\":\"https:\/\/www.sonoraenequipo.com.mx\/#organization\",\"name\":\"Sonoraenequipo.com.mx\",\"url\":\"https:\/\/www.sonoraenequipo.com.mx\/\",\"logo\":{\"@type\":\"ImageObject\",\"inLanguage\":\"es\",\"@id\":\"https:\/\/www.sonoraenequipo.com.mx\/#\/schema\/logo\/image\/\",\"url\":\"https:\/\/www.sonoraenequipo.com.mx\/storage\/2019\/01\/sonoraenequipo_opt.png\",\"contentUrl\":\"https:\/\/www.sonoraenequipo.com.mx\/storage\/2019\/01\/sonoraenequipo_opt.png\",\"width\":375,\"height\":125,\"caption\":\"Sonoraenequipo.com.mx\"},\"image\":{\"@id\":\"https:\/\/www.sonoraenequipo.com.mx\/#\/schema\/logo\/image\/\"},\"sameAs\":[\"https:\/\/www.facebook.com\/SonoraEE\/\",\"https:\/\/x.com\/sonoraenequipo\",\"https:\/\/www.youtube.com\/channel\/UC338nW-lPEYmJQs4ZABQ1SQ\"]},{\"@type\":\"Person\",\"@id\":\"https:\/\/www.sonoraenequipo.com.mx\/#\/schema\/person\/61a39de478a1763473ad55e8a95fddf6\",\"name\":\"enequipo\",\"image\":{\"@type\":\"ImageObject\",\"inLanguage\":\"es\",\"@id\":\"https:\/\/www.sonoraenequipo.com.mx\/#\/schema\/person\/image\/\",\"url\":\"https:\/\/secure.gravatar.com\/avatar\/e39bc3016d8af598aed3d770c9510dfc2795f37ea1733d99fcc6e97d2c3c9f5e?s=96&d=blank&r=g\",\"contentUrl\":\"https:\/\/secure.gravatar.com\/avatar\/e39bc3016d8af598aed3d770c9510dfc2795f37ea1733d99fcc6e97d2c3c9f5e?s=96&d=blank&r=g\",\"caption\":\"enequipo\"}}]}<\/script>\n ","yoast_head_json":{"title":"Sonora en Equipo. Disfruta el verano en Parque Infantil Sonora","description":"HERMOSILLO,SONORA. MX. \u2014\u00a0 Durante el periodo vacacional, el Parque Infantil contar\u00e1 con actividades educativas llenas de diversi\u00f3n para disfrutar el En Sonora en Equipo publicamos toda la informaci\u00f3n de Sonora, M\u00e9xico y el Mundo de manera oportuna y busca que la libertad de expresi\u00f3n sea real. Visita nuestro medio informativo publicado desde Hermosillo, Sonora. %","robots":{"index":"index","follow":"follow","max-snippet":"max-snippet:-1","max-image-preview":"max-image-preview:large","max-video-preview":"max-video-preview:-1"},"canonical":"https:\/\/www.sonoraenequipo.com.mx\/disfruta-el-verano-en-parque-infantil\/","og_locale":"es_ES","og_type":"article","og_title":"Sonora en Equipo. Disfruta el verano en Parque Infantil Sonora","og_description":"HERMOSILLO,SONORA. MX. \u2014\u00a0 Durante el periodo vacacional, el Parque Infantil contar\u00e1 con actividades educativas llenas de diversi\u00f3n para disfrutar el En Sonora en Equipo publicamos toda la informaci\u00f3n de Sonora, M\u00e9xico y el Mundo de manera oportuna y busca que la libertad de expresi\u00f3n sea real. Visita nuestro medio informativo publicado desde Hermosillo, Sonora. %","og_url":"https:\/\/www.sonoraenequipo.com.mx\/disfruta-el-verano-en-parque-infantil\/","og_site_name":"Sonora en Equipo.","article_publisher":"https:\/\/www.facebook.com\/SonoraEE\/","article_published_time":"2019-07-10T19:53:47+00:00","article_modified_time":"2019-07-11T00:39:41+00:00","og_image":[{"width":450,"height":300,"url":"https:\/\/www.sonoraenequipo.com.mx\/storage\/2019\/07\/PARQUE.jpg","type":"image\/jpeg"}],"author":"enequipo","twitter_card":"summary_large_image","twitter_creator":"@sonoraenequipo","twitter_site":"@sonoraenequipo","twitter_misc":{"Escrito por":"enequipo","Tiempo de lectura":"2 minutos"},"schema":{"@context":"https:\/\/schema.org","@graph":[{"@type":"Article","@id":"https:\/\/www.sonoraenequipo.com.mx\/disfruta-el-verano-en-parque-infantil\/#article","isPartOf":{"@id":"https:\/\/www.sonoraenequipo.com.mx\/disfruta-el-verano-en-parque-infantil\/"},"author":{"name":"enequipo","@id":"https:\/\/www.sonoraenequipo.com.mx\/#\/schema\/person\/61a39de478a1763473ad55e8a95fddf6"},"headline":"Disfruta el verano en Parque Infantil","datePublished":"2019-07-10T19:53:47+00:00","dateModified":"2019-07-11T00:39:41+00:00","mainEntityOfPage":{"@id":"https:\/\/www.sonoraenequipo.com.mx\/disfruta-el-verano-en-parque-infantil\/"},"wordCount":370,"commentCount":0,"publisher":{"@id":"https:\/\/www.sonoraenequipo.com.mx\/#organization"},"image":{"@id":"https:\/\/www.sonoraenequipo.com.mx\/disfruta-el-verano-en-parque-infantil\/#primaryimage"},"thumbnailUrl":"https:\/\/www.sonoraenequipo.com.mx\/storage\/2019\/07\/PARQUE.jpg","keywords":["parque infantil"],"articleSection":["Sonora"],"inLanguage":"es","potentialAction":[{"@type":"CommentAction","name":"Comment","target":["https:\/\/www.sonoraenequipo.com.mx\/disfruta-el-verano-en-parque-infantil\/#respond"]}]},{"@type":"WebPage","@id":"https:\/\/www.sonoraenequipo.com.mx\/disfruta-el-verano-en-parque-infantil\/","url":"https:\/\/www.sonoraenequipo.com.mx\/disfruta-el-verano-en-parque-infantil\/","name":"Sonora en Equipo. Disfruta el verano en Parque Infantil Sonora","isPartOf":{"@id":"https:\/\/www.sonoraenequipo.com.mx\/#website"},"primaryImageOfPage":{"@id":"https:\/\/www.sonoraenequipo.com.mx\/disfruta-el-verano-en-parque-infantil\/#primaryimage"},"image":{"@id":"https:\/\/www.sonoraenequipo.com.mx\/disfruta-el-verano-en-parque-infantil\/#primaryimage"},"thumbnailUrl":"https:\/\/www.sonoraenequipo.com.mx\/storage\/2019\/07\/PARQUE.jpg","datePublished":"2019-07-10T19:53:47+00:00","dateModified":"2019-07-11T00:39:41+00:00","description":"HERMOSILLO,SONORA. MX. \u2014\u00a0 Durante el periodo vacacional, el Parque Infantil contar\u00e1 con actividades educativas llenas de diversi\u00f3n para disfrutar el En Sonora en Equipo publicamos toda la informaci\u00f3n de Sonora, M\u00e9xico y el Mundo de manera oportuna y busca que la libertad de expresi\u00f3n sea real. Visita nuestro medio informativo publicado desde Hermosillo, Sonora. %","breadcrumb":{"@id":"https:\/\/www.sonoraenequipo.com.mx\/disfruta-el-verano-en-parque-infantil\/#breadcrumb"},"inLanguage":"es","potentialAction":[{"@type":"ReadAction","target":["https:\/\/www.sonoraenequipo.com.mx\/disfruta-el-verano-en-parque-infantil\/"]}]},{"@type":"ImageObject","inLanguage":"es","@id":"https:\/\/www.sonoraenequipo.com.mx\/disfruta-el-verano-en-parque-infantil\/#primaryimage","url":"https:\/\/www.sonoraenequipo.com.mx\/storage\/2019\/07\/PARQUE.jpg","contentUrl":"https:\/\/www.sonoraenequipo.com.mx\/storage\/2019\/07\/PARQUE.jpg","width":450,"height":300},{"@type":"BreadcrumbList","@id":"https:\/\/www.sonoraenequipo.com.mx\/disfruta-el-verano-en-parque-infantil\/#breadcrumb","itemListElement":[{"@type":"ListItem","position":1,"name":"Portada","item":"https:\/\/www.sonoraenequipo.com.mx\/"},{"@type":"ListItem","position":2,"name":"Disfruta el verano en Parque Infantil"}]},{"@type":"WebSite","@id":"https:\/\/www.sonoraenequipo.com.mx\/#website","url":"https:\/\/www.sonoraenequipo.com.mx\/","name":"Sonora en Equipo.","description":"Diario en l\u00ednea con Noticias desde Hermosillo, Sonora","publisher":{"@id":"https:\/\/www.sonoraenequipo.com.mx\/#organization"},"potentialAction":[{"@type":"SearchAction","target":{"@type":"EntryPoint","urlTemplate":"https:\/\/www.sonoraenequipo.com.mx\/?s={search_term_string}"},"query-input":{"@type":"PropertyValueSpecification","valueRequired":true,"valueName":"search_term_string"}}],"inLanguage":"es"},{"@type":"Organization","@id":"https:\/\/www.sonoraenequipo.com.mx\/#organization","name":"Sonoraenequipo.com.mx","url":"https:\/\/www.sonoraenequipo.com.mx\/","logo":{"@type":"ImageObject","inLanguage":"es","@id":"https:\/\/www.sonoraenequipo.com.mx\/#\/schema\/logo\/image\/","url":"https:\/\/www.sonoraenequipo.com.mx\/storage\/2019\/01\/sonoraenequipo_opt.png","contentUrl":"https:\/\/www.sonoraenequipo.com.mx\/storage\/2019\/01\/sonoraenequipo_opt.png","width":375,"height":125,"caption":"Sonoraenequipo.com.mx"},"image":{"@id":"https:\/\/www.sonoraenequipo.com.mx\/#\/schema\/logo\/image\/"},"sameAs":["https:\/\/www.facebook.com\/SonoraEE\/","https:\/\/x.com\/sonoraenequipo","https:\/\/www.youtube.com\/channel\/UC338nW-lPEYmJQs4ZABQ1SQ"]},{"@type":"Person","@id":"https:\/\/www.sonoraenequipo.com.mx\/#\/schema\/person\/61a39de478a1763473ad55e8a95fddf6","name":"enequipo","image":{"@type":"ImageObject","inLanguage":"es","@id":"https:\/\/www.sonoraenequipo.com.mx\/#\/schema\/person\/image\/","url":"https:\/\/secure.gravatar.com\/avatar\/e39bc3016d8af598aed3d770c9510dfc2795f37ea1733d99fcc6e97d2c3c9f5e?s=96&d=blank&r=g","contentUrl":"https:\/\/secure.gravatar.com\/avatar\/e39bc3016d8af598aed3d770c9510dfc2795f37ea1733d99fcc6e97d2c3c9f5e?s=96&d=blank&r=g","caption":"enequipo"}}]}},"jetpack_featured_media_url":"https:\/\/www.sonoraenequipo.com.mx\/storage\/2019\/07\/PARQUE.jpg","_links":{"self":[{"href":"https:\/\/www.sonoraenequipo.com.mx\/api\/wp\/v2\/posts\/63751","targetHints":{"allow":["GET"]}}],"collection":[{"href":"https:\/\/www.sonoraenequipo.com.mx\/api\/wp\/v2\/posts"}],"about":[{"href":"https:\/\/www.sonoraenequipo.com.mx\/api\/wp\/v2\/types\/post"}],"author":[{"embeddable":true,"href":"https:\/\/www.sonoraenequipo.com.mx\/api\/wp\/v2\/users\/178"}],"replies":[{"embeddable":true,"href":"https:\/\/www.sonoraenequipo.com.mx\/api\/wp\/v2\/comments?post=63751"}],"version-history":[{"count":0,"href":"https:\/\/www.sonoraenequipo.com.mx\/api\/wp\/v2\/posts\/63751\/revisions"}],"wp:featuredmedia":[{"embeddable":true,"href":"https:\/\/www.sonoraenequipo.com.mx\/api\/wp\/v2\/media\/63753"}],"wp:attachment":[{"href":"https:\/\/www.sonoraenequipo.com.mx\/api\/wp\/v2\/media?parent=63751"}],"wp:term":[{"taxonomy":"category","embeddable":true,"href":"https:\/\/www.sonoraenequipo.com.mx\/api\/wp\/v2\/categories?post=63751"},{"taxonomy":"post_tag","embeddable":true,"href":"https:\/\/www.sonoraenequipo.com.mx\/api\/wp\/v2\/tags?post=63751"}],"curies":[{"name":"wp","href":"https:\/\/api.w.org\/{rel}","templated":true}]}}