{"id":63774,"date":"2019-07-10T11:25:12","date_gmt":"2019-07-10T18:25:12","guid":{"rendered":"http:\/\/www.sonoraenequipo.com.mx\/?p=63774"},"modified":"2019-07-10T17:25:53","modified_gmt":"2019-07-11T00:25:53","slug":"convocan-sec-y-sep-a-participar-en-verano-fundacion-telefonica-prende-mx","status":"publish","type":"post","link":"https:\/\/www.sonoraenequipo.com.mx\/convocan-sec-y-sep-a-participar-en-verano-fundacion-telefonica-prende-mx\/","title":{"rendered":"Convocan SEC y SEP a participar en \u201cVerano Fundaci\u00f3n Telef\u00f3nica-@prende.mx\u201d"},"content":{"rendered":"<p>HERMOSILLO, SONORA. MX. \u2014 Para incentivar la innovaci\u00f3n docente, mediante el desarrollo de habilidades digitales y el pensamiento computacional, la Secretar\u00eda de Educaci\u00f3n y Cultura (SEC) invita a docentes a participar en el \u201cVerano Fundaci\u00f3n Telef\u00f3nica-@prende.mx\u201d, anunci\u00f3 Carlos Valente Guti\u00e9rrez Fragosa. <\/p>\n<p>El director general de Innovaci\u00f3n y Desarrollo Tecnol\u00f3gico de la SEC indic\u00f3 que se trata de una actividad organizada por la Secretar\u00eda de Educaci\u00f3n P\u00fablica (SEP), a trav\u00e9s de la Coordinaci\u00f3n General @prende.mx y en colaboraci\u00f3n con Fundaci\u00f3n Telef\u00f3nica.<\/p>\n<p>Detall\u00f3 que podr\u00e1n participar las figuras educativas de escuelas p\u00fablicas de educaci\u00f3n B\u00e1sica, interesadas en el fortalecimiento de competencias pedag\u00f3gicas para la incorporaci\u00f3n de tecnolog\u00eda como mediadora de aprendizaje.<\/p>\n<p>Guti\u00e9rrez Fragosa se\u00f1al\u00f3 que el curso es totalmente gratuito y se realizar\u00e1 del 22 al 26 de julio de 9:00 a 13:00 horas en dos sedes ubicadas en Hermosillo y Navojoa.<\/p>\n<p>Inform\u00f3 que la actividad se compone de tres cursos secuenciados: <em>\u201cTIC Medio\u201d, \u201cTIC Profesional\u201d e \u201cInnovaci\u00f3n profesional\u201d,<\/em> que se realizar\u00e1n a trav\u00e9s de la metodolog\u00eda mixta que combina la modalidad presencial y en l\u00ednea.<\/p>\n<p>El funcionario estatal abund\u00f3 que algunos de los temas incluidos en la capacitaci\u00f3n est\u00e1n relacionados con las aplicaciones pr\u00e1cticas del uso de las TIC, experiencias de planificaci\u00f3n did\u00e1ctica, neurodid\u00e1ctica e innovaci\u00f3n pedag\u00f3gica.<\/p>\n<p>Los requisitos, a\u00f1adi\u00f3, son disposici\u00f3n y compromiso para completar en su totalidad el curso, desempe\u00f1arse como figura educativa en instituciones p\u00fablicas de educaci\u00f3n B\u00e1sica y contar con equipo de c\u00f3mputo, entre otros.<\/p>\n<p>Asimismo, coment\u00f3 que los interesados deber\u00e1n llenar lo m\u00e1s pronto posible el formulario de inscripci\u00f3n en l\u00ednea en el portal https:\/\/forms.gle\/36rCPL5wW7Rb9Y3R9 ya que el registro se cierra el 10 de julio.<\/p>\n<p>El director general de Innovaci\u00f3n y Desarrollo Tecnol\u00f3gico puntualiz\u00f3 que para mayor informaci\u00f3n o dificultades en la inscripci\u00f3n, los docentes podr\u00e1n remitirse al correo electr\u00f3nico: atencion.aprendemx@nube.sep.gob.mx.<\/p>\n<p>(Publicado el 10\/07\/2019<\/p>\n","protected":false},"excerpt":{"rendered":"<p>HERMOSILLO, SONORA. MX. \u2014 Para incentivar la innovaci\u00f3n docente, mediante el desarrollo de habilidades digitales&#8230;<\/p>\n","protected":false},"author":1,"featured_media":63761,"comment_status":"open","ping_status":"open","sticky":false,"template":"","format":"standard","meta":{"_monsterinsights_skip_tracking":false,"_monsterinsights_sitenote_active":false,"_monsterinsights_sitenote_note":"","_monsterinsights_sitenote_category":0,"footnotes":""},"categories":[22],"tags":[],"class_list":["post"],"yoast_head":" \n<title>Convocan SEC y SEP a participar en \u201cVerano Fundaci\u00f3n Telef\u00f3nica-@prende.mx\u201d Sonora<\/title>\n<meta name=\"description\" content=\"HERMOSILLO, SONORA. MX. \u2014 Para incentivar la innovaci\u00f3n docente, mediante el desarrollo de habilidades digitales y el pensamiento computacional, la En Sonora en Equipo publicamos toda la informaci\u00f3n de Sonora, M\u00e9xico y el Mundo de manera oportuna y busca que la libertad de expresi\u00f3n sea real. Visita nuestro medio informativo publicado desde Hermosillo, Sonora. %\" \/>\n<meta name=\"robots\" content=\"index, follow, max-snippet:-1, max-image-preview:large, max-video-preview:-1\" \/>\n<link rel=\"canonical\" href=\"https:\/\/www.sonoraenequipo.com.mx\/convocan-sec-y-sep-a-participar-en-verano-fundacion-telefonica-prende-mx\/\" \/>\n<meta property=\"og:locale\" content=\"es_ES\" \/>\n<meta property=\"og:type\" content=\"article\" \/>\n<meta property=\"og:title\" content=\"Convocan SEC y SEP a participar en \u201cVerano Fundaci\u00f3n Telef\u00f3nica-@prende.mx\u201d Sonora\" \/>\n<meta property=\"og:description\" content=\"HERMOSILLO, SONORA. MX. \u2014 Para incentivar la innovaci\u00f3n docente, mediante el desarrollo de habilidades digitales y el pensamiento computacional, la En Sonora en Equipo publicamos toda la informaci\u00f3n de Sonora, M\u00e9xico y el Mundo de manera oportuna y busca que la libertad de expresi\u00f3n sea real. Visita nuestro medio informativo publicado desde Hermosillo, Sonora. %\" \/>\n<meta property=\"og:url\" content=\"https:\/\/www.sonoraenequipo.com.mx\/convocan-sec-y-sep-a-participar-en-verano-fundacion-telefonica-prende-mx\/\" \/>\n<meta property=\"og:site_name\" content=\"Sonora en Equipo.\" \/>\n<meta property=\"article:publisher\" content=\"https:\/\/www.facebook.com\/SonoraEE\/\" \/>\n<meta property=\"article:author\" content=\"https:\/\/www.facebook.com\/SonoraEE\" \/>\n<meta property=\"article:published_time\" content=\"2019-07-10T18:25:12+00:00\" \/>\n<meta property=\"article:modified_time\" content=\"2019-07-11T00:25:53+00:00\" \/>\n<meta property=\"og:image\" content=\"https:\/\/www.sonoraenequipo.com.mx\/storage\/2019\/07\/sec_opt3.jpg\" \/>\n\t<meta property=\"og:image:width\" content=\"574\" \/>\n\t<meta property=\"og:image:height\" content=\"377\" \/>\n\t<meta property=\"og:image:type\" content=\"image\/jpeg\" \/>\n<meta name=\"author\" content=\"enequipo\" \/>\n<meta name=\"twitter:card\" content=\"summary_large_image\" \/>\n<meta name=\"twitter:creator\" content=\"@sonoraenequipo\" \/>\n<meta name=\"twitter:site\" content=\"@sonoraenequipo\" \/>\n<meta name=\"twitter:label1\" content=\"Escrito por\" \/>\n\t<meta name=\"twitter:data1\" content=\"enequipo\" \/>\n\t<meta name=\"twitter:label2\" content=\"Tiempo de lectura\" \/>\n\t<meta name=\"twitter:data2\" content=\"2 minutos\" \/>\n<script type=\"application\/ld+json\" class=\"yoast-schema-graph\">{\"@context\":\"https:\/\/schema.org\",\"@graph\":[{\"@type\":\"Article\",\"@id\":\"https:\/\/www.sonoraenequipo.com.mx\/convocan-sec-y-sep-a-participar-en-verano-fundacion-telefonica-prende-mx\/#article\",\"isPartOf\":{\"@id\":\"https:\/\/www.sonoraenequipo.com.mx\/convocan-sec-y-sep-a-participar-en-verano-fundacion-telefonica-prende-mx\/\"},\"author\":{\"name\":\"enequipo\",\"@id\":\"https:\/\/www.sonoraenequipo.com.mx\/#\/schema\/person\/50102df0fb23a8fa9e8effad8fa81386\"},\"headline\":\"Convocan SEC y SEP a participar en \u201cVerano Fundaci\u00f3n Telef\u00f3nica-@prende.mx\u201d\",\"datePublished\":\"2019-07-10T18:25:12+00:00\",\"dateModified\":\"2019-07-11T00:25:53+00:00\",\"mainEntityOfPage\":{\"@id\":\"https:\/\/www.sonoraenequipo.com.mx\/convocan-sec-y-sep-a-participar-en-verano-fundacion-telefonica-prende-mx\/\"},\"wordCount\":375,\"commentCount\":0,\"publisher\":{\"@id\":\"https:\/\/www.sonoraenequipo.com.mx\/#organization\"},\"image\":{\"@id\":\"https:\/\/www.sonoraenequipo.com.mx\/convocan-sec-y-sep-a-participar-en-verano-fundacion-telefonica-prende-mx\/#primaryimage\"},\"thumbnailUrl\":\"https:\/\/www.sonoraenequipo.com.mx\/storage\/2019\/07\/sec_opt3.jpg\",\"articleSection\":[\"Sonora\"],\"inLanguage\":\"es\",\"potentialAction\":[{\"@type\":\"CommentAction\",\"name\":\"Comment\",\"target\":[\"https:\/\/www.sonoraenequipo.com.mx\/convocan-sec-y-sep-a-participar-en-verano-fundacion-telefonica-prende-mx\/#respond\"]}]},{\"@type\":\"WebPage\",\"@id\":\"https:\/\/www.sonoraenequipo.com.mx\/convocan-sec-y-sep-a-participar-en-verano-fundacion-telefonica-prende-mx\/\",\"url\":\"https:\/\/www.sonoraenequipo.com.mx\/convocan-sec-y-sep-a-participar-en-verano-fundacion-telefonica-prende-mx\/\",\"name\":\"Convocan SEC y SEP a participar en \u201cVerano Fundaci\u00f3n Telef\u00f3nica-@prende.mx\u201d Sonora\",\"isPartOf\":{\"@id\":\"https:\/\/www.sonoraenequipo.com.mx\/#website\"},\"primaryImageOfPage\":{\"@id\":\"https:\/\/www.sonoraenequipo.com.mx\/convocan-sec-y-sep-a-participar-en-verano-fundacion-telefonica-prende-mx\/#primaryimage\"},\"image\":{\"@id\":\"https:\/\/www.sonoraenequipo.com.mx\/convocan-sec-y-sep-a-participar-en-verano-fundacion-telefonica-prende-mx\/#primaryimage\"},\"thumbnailUrl\":\"https:\/\/www.sonoraenequipo.com.mx\/storage\/2019\/07\/sec_opt3.jpg\",\"datePublished\":\"2019-07-10T18:25:12+00:00\",\"dateModified\":\"2019-07-11T00:25:53+00:00\",\"description\":\"HERMOSILLO, SONORA. MX. \u2014 Para incentivar la innovaci\u00f3n docente, mediante el desarrollo de habilidades digitales y el pensamiento computacional, la En Sonora en Equipo publicamos toda la informaci\u00f3n de Sonora, M\u00e9xico y el Mundo de manera oportuna y busca que la libertad de expresi\u00f3n sea real. Visita nuestro medio informativo publicado desde Hermosillo, Sonora. %\",\"breadcrumb\":{\"@id\":\"https:\/\/www.sonoraenequipo.com.mx\/convocan-sec-y-sep-a-participar-en-verano-fundacion-telefonica-prende-mx\/#breadcrumb\"},\"inLanguage\":\"es\",\"potentialAction\":[{\"@type\":\"ReadAction\",\"target\":[\"https:\/\/www.sonoraenequipo.com.mx\/convocan-sec-y-sep-a-participar-en-verano-fundacion-telefonica-prende-mx\/\"]}]},{\"@type\":\"ImageObject\",\"inLanguage\":\"es\",\"@id\":\"https:\/\/www.sonoraenequipo.com.mx\/convocan-sec-y-sep-a-participar-en-verano-fundacion-telefonica-prende-mx\/#primaryimage\",\"url\":\"https:\/\/www.sonoraenequipo.com.mx\/storage\/2019\/07\/sec_opt3.jpg\",\"contentUrl\":\"https:\/\/www.sonoraenequipo.com.mx\/storage\/2019\/07\/sec_opt3.jpg\",\"width\":574,\"height\":377},{\"@type\":\"BreadcrumbList\",\"@id\":\"https:\/\/www.sonoraenequipo.com.mx\/convocan-sec-y-sep-a-participar-en-verano-fundacion-telefonica-prende-mx\/#breadcrumb\",\"itemListElement\":[{\"@type\":\"ListItem\",\"position\":1,\"name\":\"Portada\",\"item\":\"https:\/\/www.sonoraenequipo.com.mx\/\"},{\"@type\":\"ListItem\",\"position\":2,\"name\":\"Convocan SEC y SEP a participar en \u201cVerano Fundaci\u00f3n Telef\u00f3nica-@prende.mx\u201d\"}]},{\"@type\":\"WebSite\",\"@id\":\"https:\/\/www.sonoraenequipo.com.mx\/#website\",\"url\":\"https:\/\/www.sonoraenequipo.com.mx\/\",\"name\":\"Sonora en Equipo.\",\"description\":\"Diario en l\u00ednea con Noticias desde Hermosillo, Sonora\",\"publisher\":{\"@id\":\"https:\/\/www.sonoraenequipo.com.mx\/#organization\"},\"potentialAction\":[{\"@type\":\"SearchAction\",\"target\":{\"@type\":\"EntryPoint\",\"urlTemplate\":\"https:\/\/www.sonoraenequipo.com.mx\/?s={search_term_string}\"},\"query-input\":{\"@type\":\"PropertyValueSpecification\",\"valueRequired\":true,\"valueName\":\"search_term_string\"}}],\"inLanguage\":\"es\"},{\"@type\":\"Organization\",\"@id\":\"https:\/\/www.sonoraenequipo.com.mx\/#organization\",\"name\":\"Sonoraenequipo.com.mx\",\"url\":\"https:\/\/www.sonoraenequipo.com.mx\/\",\"logo\":{\"@type\":\"ImageObject\",\"inLanguage\":\"es\",\"@id\":\"https:\/\/www.sonoraenequipo.com.mx\/#\/schema\/logo\/image\/\",\"url\":\"https:\/\/www.sonoraenequipo.com.mx\/storage\/2019\/01\/sonoraenequipo_opt.png\",\"contentUrl\":\"https:\/\/www.sonoraenequipo.com.mx\/storage\/2019\/01\/sonoraenequipo_opt.png\",\"width\":375,\"height\":125,\"caption\":\"Sonoraenequipo.com.mx\"},\"image\":{\"@id\":\"https:\/\/www.sonoraenequipo.com.mx\/#\/schema\/logo\/image\/\"},\"sameAs\":[\"https:\/\/www.facebook.com\/SonoraEE\/\",\"https:\/\/x.com\/sonoraenequipo\",\"https:\/\/www.youtube.com\/channel\/UC338nW-lPEYmJQs4ZABQ1SQ\"]},{\"@type\":\"Person\",\"@id\":\"https:\/\/www.sonoraenequipo.com.mx\/#\/schema\/person\/50102df0fb23a8fa9e8effad8fa81386\",\"name\":\"enequipo\",\"image\":{\"@type\":\"ImageObject\",\"inLanguage\":\"es\",\"@id\":\"https:\/\/www.sonoraenequipo.com.mx\/#\/schema\/person\/image\/\",\"url\":\"https:\/\/secure.gravatar.com\/avatar\/049821681b589dabc0bc20695993ccebb09f5b5d4d790cd9251b97faac7c652b?s=96&d=blank&r=g\",\"contentUrl\":\"https:\/\/secure.gravatar.com\/avatar\/049821681b589dabc0bc20695993ccebb09f5b5d4d790cd9251b97faac7c652b?s=96&d=blank&r=g\",\"caption\":\"enequipo\"},\"sameAs\":[\"https:\/\/www.facebook.com\/SonoraEE\"]}]}<\/script>\n ","yoast_head_json":{"title":"Convocan SEC y SEP a participar en \u201cVerano Fundaci\u00f3n Telef\u00f3nica-@prende.mx\u201d Sonora","description":"HERMOSILLO, SONORA. MX. \u2014 Para incentivar la innovaci\u00f3n docente, mediante el desarrollo de habilidades digitales y el pensamiento computacional, la En Sonora en Equipo publicamos toda la informaci\u00f3n de Sonora, M\u00e9xico y el Mundo de manera oportuna y busca que la libertad de expresi\u00f3n sea real. Visita nuestro medio informativo publicado desde Hermosillo, Sonora. %","robots":{"index":"index","follow":"follow","max-snippet":"max-snippet:-1","max-image-preview":"max-image-preview:large","max-video-preview":"max-video-preview:-1"},"canonical":"https:\/\/www.sonoraenequipo.com.mx\/convocan-sec-y-sep-a-participar-en-verano-fundacion-telefonica-prende-mx\/","og_locale":"es_ES","og_type":"article","og_title":"Convocan SEC y SEP a participar en \u201cVerano Fundaci\u00f3n Telef\u00f3nica-@prende.mx\u201d Sonora","og_description":"HERMOSILLO, SONORA. MX. \u2014 Para incentivar la innovaci\u00f3n docente, mediante el desarrollo de habilidades digitales y el pensamiento computacional, la En Sonora en Equipo publicamos toda la informaci\u00f3n de Sonora, M\u00e9xico y el Mundo de manera oportuna y busca que la libertad de expresi\u00f3n sea real. Visita nuestro medio informativo publicado desde Hermosillo, Sonora. %","og_url":"https:\/\/www.sonoraenequipo.com.mx\/convocan-sec-y-sep-a-participar-en-verano-fundacion-telefonica-prende-mx\/","og_site_name":"Sonora en Equipo.","article_publisher":"https:\/\/www.facebook.com\/SonoraEE\/","article_author":"https:\/\/www.facebook.com\/SonoraEE","article_published_time":"2019-07-10T18:25:12+00:00","article_modified_time":"2019-07-11T00:25:53+00:00","og_image":[{"width":574,"height":377,"url":"https:\/\/www.sonoraenequipo.com.mx\/storage\/2019\/07\/sec_opt3.jpg","type":"image\/jpeg"}],"author":"enequipo","twitter_card":"summary_large_image","twitter_creator":"@sonoraenequipo","twitter_site":"@sonoraenequipo","twitter_misc":{"Escrito por":"enequipo","Tiempo de lectura":"2 minutos"},"schema":{"@context":"https:\/\/schema.org","@graph":[{"@type":"Article","@id":"https:\/\/www.sonoraenequipo.com.mx\/convocan-sec-y-sep-a-participar-en-verano-fundacion-telefonica-prende-mx\/#article","isPartOf":{"@id":"https:\/\/www.sonoraenequipo.com.mx\/convocan-sec-y-sep-a-participar-en-verano-fundacion-telefonica-prende-mx\/"},"author":{"name":"enequipo","@id":"https:\/\/www.sonoraenequipo.com.mx\/#\/schema\/person\/50102df0fb23a8fa9e8effad8fa81386"},"headline":"Convocan SEC y SEP a participar en \u201cVerano Fundaci\u00f3n Telef\u00f3nica-@prende.mx\u201d","datePublished":"2019-07-10T18:25:12+00:00","dateModified":"2019-07-11T00:25:53+00:00","mainEntityOfPage":{"@id":"https:\/\/www.sonoraenequipo.com.mx\/convocan-sec-y-sep-a-participar-en-verano-fundacion-telefonica-prende-mx\/"},"wordCount":375,"commentCount":0,"publisher":{"@id":"https:\/\/www.sonoraenequipo.com.mx\/#organization"},"image":{"@id":"https:\/\/www.sonoraenequipo.com.mx\/convocan-sec-y-sep-a-participar-en-verano-fundacion-telefonica-prende-mx\/#primaryimage"},"thumbnailUrl":"https:\/\/www.sonoraenequipo.com.mx\/storage\/2019\/07\/sec_opt3.jpg","articleSection":["Sonora"],"inLanguage":"es","potentialAction":[{"@type":"CommentAction","name":"Comment","target":["https:\/\/www.sonoraenequipo.com.mx\/convocan-sec-y-sep-a-participar-en-verano-fundacion-telefonica-prende-mx\/#respond"]}]},{"@type":"WebPage","@id":"https:\/\/www.sonoraenequipo.com.mx\/convocan-sec-y-sep-a-participar-en-verano-fundacion-telefonica-prende-mx\/","url":"https:\/\/www.sonoraenequipo.com.mx\/convocan-sec-y-sep-a-participar-en-verano-fundacion-telefonica-prende-mx\/","name":"Convocan SEC y SEP a participar en \u201cVerano Fundaci\u00f3n Telef\u00f3nica-@prende.mx\u201d Sonora","isPartOf":{"@id":"https:\/\/www.sonoraenequipo.com.mx\/#website"},"primaryImageOfPage":{"@id":"https:\/\/www.sonoraenequipo.com.mx\/convocan-sec-y-sep-a-participar-en-verano-fundacion-telefonica-prende-mx\/#primaryimage"},"image":{"@id":"https:\/\/www.sonoraenequipo.com.mx\/convocan-sec-y-sep-a-participar-en-verano-fundacion-telefonica-prende-mx\/#primaryimage"},"thumbnailUrl":"https:\/\/www.sonoraenequipo.com.mx\/storage\/2019\/07\/sec_opt3.jpg","datePublished":"2019-07-10T18:25:12+00:00","dateModified":"2019-07-11T00:25:53+00:00","description":"HERMOSILLO, SONORA. MX. \u2014 Para incentivar la innovaci\u00f3n docente, mediante el desarrollo de habilidades digitales y el pensamiento computacional, la En Sonora en Equipo publicamos toda la informaci\u00f3n de Sonora, M\u00e9xico y el Mundo de manera oportuna y busca que la libertad de expresi\u00f3n sea real. Visita nuestro medio informativo publicado desde Hermosillo, Sonora. %","breadcrumb":{"@id":"https:\/\/www.sonoraenequipo.com.mx\/convocan-sec-y-sep-a-participar-en-verano-fundacion-telefonica-prende-mx\/#breadcrumb"},"inLanguage":"es","potentialAction":[{"@type":"ReadAction","target":["https:\/\/www.sonoraenequipo.com.mx\/convocan-sec-y-sep-a-participar-en-verano-fundacion-telefonica-prende-mx\/"]}]},{"@type":"ImageObject","inLanguage":"es","@id":"https:\/\/www.sonoraenequipo.com.mx\/convocan-sec-y-sep-a-participar-en-verano-fundacion-telefonica-prende-mx\/#primaryimage","url":"https:\/\/www.sonoraenequipo.com.mx\/storage\/2019\/07\/sec_opt3.jpg","contentUrl":"https:\/\/www.sonoraenequipo.com.mx\/storage\/2019\/07\/sec_opt3.jpg","width":574,"height":377},{"@type":"BreadcrumbList","@id":"https:\/\/www.sonoraenequipo.com.mx\/convocan-sec-y-sep-a-participar-en-verano-fundacion-telefonica-prende-mx\/#breadcrumb","itemListElement":[{"@type":"ListItem","position":1,"name":"Portada","item":"https:\/\/www.sonoraenequipo.com.mx\/"},{"@type":"ListItem","position":2,"name":"Convocan SEC y SEP a participar en \u201cVerano Fundaci\u00f3n Telef\u00f3nica-@prende.mx\u201d"}]},{"@type":"WebSite","@id":"https:\/\/www.sonoraenequipo.com.mx\/#website","url":"https:\/\/www.sonoraenequipo.com.mx\/","name":"Sonora en Equipo.","description":"Diario en l\u00ednea con Noticias desde Hermosillo, Sonora","publisher":{"@id":"https:\/\/www.sonoraenequipo.com.mx\/#organization"},"potentialAction":[{"@type":"SearchAction","target":{"@type":"EntryPoint","urlTemplate":"https:\/\/www.sonoraenequipo.com.mx\/?s={search_term_string}"},"query-input":{"@type":"PropertyValueSpecification","valueRequired":true,"valueName":"search_term_string"}}],"inLanguage":"es"},{"@type":"Organization","@id":"https:\/\/www.sonoraenequipo.com.mx\/#organization","name":"Sonoraenequipo.com.mx","url":"https:\/\/www.sonoraenequipo.com.mx\/","logo":{"@type":"ImageObject","inLanguage":"es","@id":"https:\/\/www.sonoraenequipo.com.mx\/#\/schema\/logo\/image\/","url":"https:\/\/www.sonoraenequipo.com.mx\/storage\/2019\/01\/sonoraenequipo_opt.png","contentUrl":"https:\/\/www.sonoraenequipo.com.mx\/storage\/2019\/01\/sonoraenequipo_opt.png","width":375,"height":125,"caption":"Sonoraenequipo.com.mx"},"image":{"@id":"https:\/\/www.sonoraenequipo.com.mx\/#\/schema\/logo\/image\/"},"sameAs":["https:\/\/www.facebook.com\/SonoraEE\/","https:\/\/x.com\/sonoraenequipo","https:\/\/www.youtube.com\/channel\/UC338nW-lPEYmJQs4ZABQ1SQ"]},{"@type":"Person","@id":"https:\/\/www.sonoraenequipo.com.mx\/#\/schema\/person\/50102df0fb23a8fa9e8effad8fa81386","name":"enequipo","image":{"@type":"ImageObject","inLanguage":"es","@id":"https:\/\/www.sonoraenequipo.com.mx\/#\/schema\/person\/image\/","url":"https:\/\/secure.gravatar.com\/avatar\/049821681b589dabc0bc20695993ccebb09f5b5d4d790cd9251b97faac7c652b?s=96&d=blank&r=g","contentUrl":"https:\/\/secure.gravatar.com\/avatar\/049821681b589dabc0bc20695993ccebb09f5b5d4d790cd9251b97faac7c652b?s=96&d=blank&r=g","caption":"enequipo"},"sameAs":["https:\/\/www.facebook.com\/SonoraEE"]}]}},"jetpack_featured_media_url":"https:\/\/www.sonoraenequipo.com.mx\/storage\/2019\/07\/sec_opt3.jpg","_links":{"self":[{"href":"https:\/\/www.sonoraenequipo.com.mx\/api\/wp\/v2\/posts\/63774","targetHints":{"allow":["GET"]}}],"collection":[{"href":"https:\/\/www.sonoraenequipo.com.mx\/api\/wp\/v2\/posts"}],"about":[{"href":"https:\/\/www.sonoraenequipo.com.mx\/api\/wp\/v2\/types\/post"}],"author":[{"embeddable":true,"href":"https:\/\/www.sonoraenequipo.com.mx\/api\/wp\/v2\/users\/1"}],"replies":[{"embeddable":true,"href":"https:\/\/www.sonoraenequipo.com.mx\/api\/wp\/v2\/comments?post=63774"}],"version-history":[{"count":0,"href":"https:\/\/www.sonoraenequipo.com.mx\/api\/wp\/v2\/posts\/63774\/revisions"}],"wp:featuredmedia":[{"embeddable":true,"href":"https:\/\/www.sonoraenequipo.com.mx\/api\/wp\/v2\/media\/63761"}],"wp:attachment":[{"href":"https:\/\/www.sonoraenequipo.com.mx\/api\/wp\/v2\/media?parent=63774"}],"wp:term":[{"taxonomy":"category","embeddable":true,"href":"https:\/\/www.sonoraenequipo.com.mx\/api\/wp\/v2\/categories?post=63774"},{"taxonomy":"post_tag","embeddable":true,"href":"https:\/\/www.sonoraenequipo.com.mx\/api\/wp\/v2\/tags?post=63774"}],"curies":[{"name":"wp","href":"https:\/\/api.w.org\/{rel}","templated":true}]}}