{"id":63776,"date":"2019-07-10T12:15:40","date_gmt":"2019-07-10T19:15:40","guid":{"rendered":"http:\/\/www.sonoraenequipo.com.mx\/?p=63776"},"modified":"2019-07-10T17:28:52","modified_gmt":"2019-07-11T00:28:52","slug":"reaniman-en-el-centro-de-salud-urbano-el-sahuaro-a-menor-de-7-meses","status":"publish","type":"post","link":"https:\/\/www.sonoraenequipo.com.mx\/reaniman-en-el-centro-de-salud-urbano-el-sahuaro-a-menor-de-7-meses\/","title":{"rendered":"Reaniman en el Centro de Salud Urbano El Sahuaro a menor de 7 meses"},"content":{"rendered":"<p>HERMOSILLO, SONORA. MX. \u2014 Un menor de 7 meses de edad, que ten\u00eda minutos sin respirar, fue llevado de urgencia al Centro de Salud Urbano El Sahuaro, donde el personal actu\u00f3 de manera inmediata y logr\u00f3 dar las maniobras b\u00e1sicas de reanimaci\u00f3n para preservar la vida, resalt\u00f3 Juan Carlos Quintero L\u00f3pez. <\/p>\n<p>El director de la unidad de salud enfatiz\u00f3 que, a pesar de ser una unidad de primer nivel de atenci\u00f3n, no se cuenta con la infraestructura para atender este tipo de urgencias, sin embargo, el personal est\u00e1 capacitado para realizar reanimaci\u00f3n cardiopulmonar y tiene un equipo b\u00e1sico para ello.<\/p>\n<p><em>\u201cEn la unidad s\u00ed contamos con un equipo peque\u00f1o para brindar la atenci\u00f3n de reanimaci\u00f3n b\u00e1sica, porque como tenemos servicio de odontolog\u00eda donde se utilizan anest\u00e9sicos y se hacen procedimientos quir\u00fargicos, por ello tenemos el riesgo de que se presenten eventos cardio respiratorios, no es lo habitual, pero s\u00ed contamos con esto\u201d,<\/em> indic\u00f3.<\/p>\n<p>Quintero L\u00f3pez agreg\u00f3 que inmediatamente se activ\u00f3 el c\u00f3digo de emergencia, por lo que junto con el odont\u00f3logo Miguel \u00c1ngel Franco, quien tambi\u00e9n es param\u00e9dico y bombero y comand\u00f3 el equipo, la doctora Flor del Carmen Acosta G\u00e1ndara y los enfermeros Bruno Jos\u00e9 Valle Rivas, Elvira Acosta Guti\u00e9rrez e Iris Sujegh Diaz S\u00e1nchez, llevaron a cabo los protocolos al detectar al menor sin signos vitales.<\/p>\n<p>El personal, a\u00f1adi\u00f3, inici\u00f3 las maniobras de reanimaci\u00f3n b\u00e1sicas con el equipo que se tiene, mientras que se avis\u00f3 al 9-1-1, de donde mandaron una ambulancia.<\/p>\n<p>Al llegar la unidad de emergencia, apunt\u00f3, se requiri\u00f3 el uso del desfibrilador port\u00e1til en el menor, no siendo factible continuar en el centro de salud, por lo que se opt\u00f3 trasladarlo de inmediato a la unidad hospitalaria m\u00e1s cercana, que era la Cl\u00ednica 14 del IMSS.<\/p>\n<p><em>\u201cTodo esto no dur\u00f3 ni siete minutos, al menor se le continuaron las maniobras y se va mi compa\u00f1ero odont\u00f3logo Franco, dando atenci\u00f3n al paciente hacia el hospital No.14 del IMSS, se entrega el menor y se queda ah\u00ed, donde se logra el paciente estabilizar, adem\u00e1s particip\u00f3 tambi\u00e9n en su atenci\u00f3n hospitalaria personal de esta unidad\u201d<\/em>, se\u00f1al\u00f3.<\/p>\n<p>La clave de que se haya logrado salvar al menor, puntualiz\u00f3, fue que se continu\u00f3 hasta el \u00faltimo momento con los ciclos de reanimaci\u00f3n, lo que marc\u00f3 la diferencia de que permaneciera con vida.<\/p>\n<p>Explic\u00f3 que como se trata de un paciente joven ten\u00eda mayor probabilidad de recuperaci\u00f3n al no desistir con las maniobras de reanimaci\u00f3n y ya con todo lo que se le puede hacer en el hospital tiene mejores posibilidades de \u00e9xito.<\/p>\n<p><em>\u201cS\u00ed, es la diferencia de haber actuado gracias al personal que se tiene en el Centro de Salud, se logr\u00f3 esto, un equipo que actu\u00f3 de manera sincronizada, eficaz y eficiente, yo particip\u00e9 con ellos y me siento muy orgulloso del equipo\u201d,<\/em> finaliz\u00f3.<\/p>\n<p>(Publicado el 10\/07\/2019<\/p>\n","protected":false},"excerpt":{"rendered":"<p>HERMOSILLO, SONORA. MX. \u2014 Un menor de 7 meses de edad, que ten\u00eda minutos sin&#8230;<\/p>\n","protected":false},"author":1,"featured_media":63768,"comment_status":"open","ping_status":"open","sticky":false,"template":"","format":"standard","meta":{"_monsterinsights_skip_tracking":false,"_monsterinsights_sitenote_active":false,"_monsterinsights_sitenote_note":"","_monsterinsights_sitenote_category":0,"footnotes":""},"categories":[4],"tags":[],"class_list":["post"],"yoast_head":" \n<title>Sonora en Equipo. Reaniman en el Centro de Salud Urbano El Sahuaro a menor de 7 meses Municipios<\/title>\n<meta name=\"description\" content=\"HERMOSILLO, SONORA. MX. \u2014 Un menor de 7 meses de edad, que ten\u00eda minutos sin respirar, fue llevado de urgencia al Centro de Salud Urbano El Sahuaro, donde En Sonora en Equipo publicamos toda la informaci\u00f3n de Sonora, M\u00e9xico y el Mundo de manera oportuna y busca que la libertad de expresi\u00f3n sea real. Visita nuestro medio informativo publicado desde Hermosillo, Sonora. %\" \/>\n<meta name=\"robots\" content=\"index, follow, max-snippet:-1, max-image-preview:large, max-video-preview:-1\" \/>\n<link rel=\"canonical\" href=\"https:\/\/www.sonoraenequipo.com.mx\/reaniman-en-el-centro-de-salud-urbano-el-sahuaro-a-menor-de-7-meses\/\" \/>\n<meta property=\"og:locale\" content=\"es_ES\" \/>\n<meta property=\"og:type\" content=\"article\" \/>\n<meta property=\"og:title\" content=\"Sonora en Equipo. Reaniman en el Centro de Salud Urbano El Sahuaro a menor de 7 meses Municipios\" \/>\n<meta property=\"og:description\" content=\"HERMOSILLO, SONORA. MX. \u2014 Un menor de 7 meses de edad, que ten\u00eda minutos sin respirar, fue llevado de urgencia al Centro de Salud Urbano El Sahuaro, donde En Sonora en Equipo publicamos toda la informaci\u00f3n de Sonora, M\u00e9xico y el Mundo de manera oportuna y busca que la libertad de expresi\u00f3n sea real. Visita nuestro medio informativo publicado desde Hermosillo, Sonora. %\" \/>\n<meta property=\"og:url\" content=\"https:\/\/www.sonoraenequipo.com.mx\/reaniman-en-el-centro-de-salud-urbano-el-sahuaro-a-menor-de-7-meses\/\" \/>\n<meta property=\"og:site_name\" content=\"Sonora en Equipo.\" \/>\n<meta property=\"article:publisher\" content=\"https:\/\/www.facebook.com\/SonoraEE\/\" \/>\n<meta property=\"article:author\" content=\"https:\/\/www.facebook.com\/SonoraEE\" \/>\n<meta property=\"article:published_time\" content=\"2019-07-10T19:15:40+00:00\" \/>\n<meta property=\"article:modified_time\" content=\"2019-07-11T00:28:52+00:00\" \/>\n<meta property=\"og:image\" content=\"https:\/\/www.sonoraenequipo.com.mx\/storage\/2019\/07\/centrodesalud_elsahuaro_opt.jpg\" \/>\n\t<meta property=\"og:image:width\" content=\"711\" \/>\n\t<meta property=\"og:image:height\" content=\"400\" \/>\n\t<meta property=\"og:image:type\" content=\"image\/jpeg\" \/>\n<meta name=\"author\" content=\"enequipo\" \/>\n<meta name=\"twitter:card\" content=\"summary_large_image\" \/>\n<meta name=\"twitter:creator\" content=\"@sonoraenequipo\" \/>\n<meta name=\"twitter:site\" content=\"@sonoraenequipo\" \/>\n<meta name=\"twitter:label1\" content=\"Escrito por\" \/>\n\t<meta name=\"twitter:data1\" content=\"enequipo\" \/>\n\t<meta name=\"twitter:label2\" content=\"Tiempo de lectura\" \/>\n\t<meta name=\"twitter:data2\" content=\"3 minutos\" \/>\n<script type=\"application\/ld+json\" class=\"yoast-schema-graph\">{\"@context\":\"https:\/\/schema.org\",\"@graph\":[{\"@type\":\"Article\",\"@id\":\"https:\/\/www.sonoraenequipo.com.mx\/reaniman-en-el-centro-de-salud-urbano-el-sahuaro-a-menor-de-7-meses\/#article\",\"isPartOf\":{\"@id\":\"https:\/\/www.sonoraenequipo.com.mx\/reaniman-en-el-centro-de-salud-urbano-el-sahuaro-a-menor-de-7-meses\/\"},\"author\":{\"name\":\"enequipo\",\"@id\":\"https:\/\/www.sonoraenequipo.com.mx\/#\/schema\/person\/50102df0fb23a8fa9e8effad8fa81386\"},\"headline\":\"Reaniman en el Centro de Salud Urbano El Sahuaro a menor de 7 meses\",\"datePublished\":\"2019-07-10T19:15:40+00:00\",\"dateModified\":\"2019-07-11T00:28:52+00:00\",\"mainEntityOfPage\":{\"@id\":\"https:\/\/www.sonoraenequipo.com.mx\/reaniman-en-el-centro-de-salud-urbano-el-sahuaro-a-menor-de-7-meses\/\"},\"wordCount\":517,\"commentCount\":0,\"publisher\":{\"@id\":\"https:\/\/www.sonoraenequipo.com.mx\/#organization\"},\"image\":{\"@id\":\"https:\/\/www.sonoraenequipo.com.mx\/reaniman-en-el-centro-de-salud-urbano-el-sahuaro-a-menor-de-7-meses\/#primaryimage\"},\"thumbnailUrl\":\"https:\/\/www.sonoraenequipo.com.mx\/storage\/2019\/07\/centrodesalud_elsahuaro_opt.jpg\",\"articleSection\":[\"Municipios\"],\"inLanguage\":\"es\",\"potentialAction\":[{\"@type\":\"CommentAction\",\"name\":\"Comment\",\"target\":[\"https:\/\/www.sonoraenequipo.com.mx\/reaniman-en-el-centro-de-salud-urbano-el-sahuaro-a-menor-de-7-meses\/#respond\"]}]},{\"@type\":\"WebPage\",\"@id\":\"https:\/\/www.sonoraenequipo.com.mx\/reaniman-en-el-centro-de-salud-urbano-el-sahuaro-a-menor-de-7-meses\/\",\"url\":\"https:\/\/www.sonoraenequipo.com.mx\/reaniman-en-el-centro-de-salud-urbano-el-sahuaro-a-menor-de-7-meses\/\",\"name\":\"Sonora en Equipo. Reaniman en el Centro de Salud Urbano El Sahuaro a menor de 7 meses Municipios\",\"isPartOf\":{\"@id\":\"https:\/\/www.sonoraenequipo.com.mx\/#website\"},\"primaryImageOfPage\":{\"@id\":\"https:\/\/www.sonoraenequipo.com.mx\/reaniman-en-el-centro-de-salud-urbano-el-sahuaro-a-menor-de-7-meses\/#primaryimage\"},\"image\":{\"@id\":\"https:\/\/www.sonoraenequipo.com.mx\/reaniman-en-el-centro-de-salud-urbano-el-sahuaro-a-menor-de-7-meses\/#primaryimage\"},\"thumbnailUrl\":\"https:\/\/www.sonoraenequipo.com.mx\/storage\/2019\/07\/centrodesalud_elsahuaro_opt.jpg\",\"datePublished\":\"2019-07-10T19:15:40+00:00\",\"dateModified\":\"2019-07-11T00:28:52+00:00\",\"description\":\"HERMOSILLO, SONORA. MX. \u2014 Un menor de 7 meses de edad, que ten\u00eda minutos sin respirar, fue llevado de urgencia al Centro de Salud Urbano El Sahuaro, donde En Sonora en Equipo publicamos toda la informaci\u00f3n de Sonora, M\u00e9xico y el Mundo de manera oportuna y busca que la libertad de expresi\u00f3n sea real. Visita nuestro medio informativo publicado desde Hermosillo, Sonora. %\",\"breadcrumb\":{\"@id\":\"https:\/\/www.sonoraenequipo.com.mx\/reaniman-en-el-centro-de-salud-urbano-el-sahuaro-a-menor-de-7-meses\/#breadcrumb\"},\"inLanguage\":\"es\",\"potentialAction\":[{\"@type\":\"ReadAction\",\"target\":[\"https:\/\/www.sonoraenequipo.com.mx\/reaniman-en-el-centro-de-salud-urbano-el-sahuaro-a-menor-de-7-meses\/\"]}]},{\"@type\":\"ImageObject\",\"inLanguage\":\"es\",\"@id\":\"https:\/\/www.sonoraenequipo.com.mx\/reaniman-en-el-centro-de-salud-urbano-el-sahuaro-a-menor-de-7-meses\/#primaryimage\",\"url\":\"https:\/\/www.sonoraenequipo.com.mx\/storage\/2019\/07\/centrodesalud_elsahuaro_opt.jpg\",\"contentUrl\":\"https:\/\/www.sonoraenequipo.com.mx\/storage\/2019\/07\/centrodesalud_elsahuaro_opt.jpg\",\"width\":711,\"height\":400},{\"@type\":\"BreadcrumbList\",\"@id\":\"https:\/\/www.sonoraenequipo.com.mx\/reaniman-en-el-centro-de-salud-urbano-el-sahuaro-a-menor-de-7-meses\/#breadcrumb\",\"itemListElement\":[{\"@type\":\"ListItem\",\"position\":1,\"name\":\"Portada\",\"item\":\"https:\/\/www.sonoraenequipo.com.mx\/\"},{\"@type\":\"ListItem\",\"position\":2,\"name\":\"Reaniman en el Centro de Salud Urbano El Sahuaro a menor de 7 meses\"}]},{\"@type\":\"WebSite\",\"@id\":\"https:\/\/www.sonoraenequipo.com.mx\/#website\",\"url\":\"https:\/\/www.sonoraenequipo.com.mx\/\",\"name\":\"Sonora en Equipo.\",\"description\":\"Diario en l\u00ednea con Noticias desde Hermosillo, Sonora\",\"publisher\":{\"@id\":\"https:\/\/www.sonoraenequipo.com.mx\/#organization\"},\"potentialAction\":[{\"@type\":\"SearchAction\",\"target\":{\"@type\":\"EntryPoint\",\"urlTemplate\":\"https:\/\/www.sonoraenequipo.com.mx\/?s={search_term_string}\"},\"query-input\":{\"@type\":\"PropertyValueSpecification\",\"valueRequired\":true,\"valueName\":\"search_term_string\"}}],\"inLanguage\":\"es\"},{\"@type\":\"Organization\",\"@id\":\"https:\/\/www.sonoraenequipo.com.mx\/#organization\",\"name\":\"Sonoraenequipo.com.mx\",\"url\":\"https:\/\/www.sonoraenequipo.com.mx\/\",\"logo\":{\"@type\":\"ImageObject\",\"inLanguage\":\"es\",\"@id\":\"https:\/\/www.sonoraenequipo.com.mx\/#\/schema\/logo\/image\/\",\"url\":\"https:\/\/www.sonoraenequipo.com.mx\/storage\/2019\/01\/sonoraenequipo_opt.png\",\"contentUrl\":\"https:\/\/www.sonoraenequipo.com.mx\/storage\/2019\/01\/sonoraenequipo_opt.png\",\"width\":375,\"height\":125,\"caption\":\"Sonoraenequipo.com.mx\"},\"image\":{\"@id\":\"https:\/\/www.sonoraenequipo.com.mx\/#\/schema\/logo\/image\/\"},\"sameAs\":[\"https:\/\/www.facebook.com\/SonoraEE\/\",\"https:\/\/x.com\/sonoraenequipo\",\"https:\/\/www.youtube.com\/channel\/UC338nW-lPEYmJQs4ZABQ1SQ\"]},{\"@type\":\"Person\",\"@id\":\"https:\/\/www.sonoraenequipo.com.mx\/#\/schema\/person\/50102df0fb23a8fa9e8effad8fa81386\",\"name\":\"enequipo\",\"image\":{\"@type\":\"ImageObject\",\"inLanguage\":\"es\",\"@id\":\"https:\/\/www.sonoraenequipo.com.mx\/#\/schema\/person\/image\/\",\"url\":\"https:\/\/secure.gravatar.com\/avatar\/049821681b589dabc0bc20695993ccebb09f5b5d4d790cd9251b97faac7c652b?s=96&d=blank&r=g\",\"contentUrl\":\"https:\/\/secure.gravatar.com\/avatar\/049821681b589dabc0bc20695993ccebb09f5b5d4d790cd9251b97faac7c652b?s=96&d=blank&r=g\",\"caption\":\"enequipo\"},\"sameAs\":[\"https:\/\/www.facebook.com\/SonoraEE\"]}]}<\/script>\n ","yoast_head_json":{"title":"Sonora en Equipo. Reaniman en el Centro de Salud Urbano El Sahuaro a menor de 7 meses Municipios","description":"HERMOSILLO, SONORA. MX. \u2014 Un menor de 7 meses de edad, que ten\u00eda minutos sin respirar, fue llevado de urgencia al Centro de Salud Urbano El Sahuaro, donde En Sonora en Equipo publicamos toda la informaci\u00f3n de Sonora, M\u00e9xico y el Mundo de manera oportuna y busca que la libertad de expresi\u00f3n sea real. Visita nuestro medio informativo publicado desde Hermosillo, Sonora. %","robots":{"index":"index","follow":"follow","max-snippet":"max-snippet:-1","max-image-preview":"max-image-preview:large","max-video-preview":"max-video-preview:-1"},"canonical":"https:\/\/www.sonoraenequipo.com.mx\/reaniman-en-el-centro-de-salud-urbano-el-sahuaro-a-menor-de-7-meses\/","og_locale":"es_ES","og_type":"article","og_title":"Sonora en Equipo. Reaniman en el Centro de Salud Urbano El Sahuaro a menor de 7 meses Municipios","og_description":"HERMOSILLO, SONORA. MX. \u2014 Un menor de 7 meses de edad, que ten\u00eda minutos sin respirar, fue llevado de urgencia al Centro de Salud Urbano El Sahuaro, donde En Sonora en Equipo publicamos toda la informaci\u00f3n de Sonora, M\u00e9xico y el Mundo de manera oportuna y busca que la libertad de expresi\u00f3n sea real. Visita nuestro medio informativo publicado desde Hermosillo, Sonora. %","og_url":"https:\/\/www.sonoraenequipo.com.mx\/reaniman-en-el-centro-de-salud-urbano-el-sahuaro-a-menor-de-7-meses\/","og_site_name":"Sonora en Equipo.","article_publisher":"https:\/\/www.facebook.com\/SonoraEE\/","article_author":"https:\/\/www.facebook.com\/SonoraEE","article_published_time":"2019-07-10T19:15:40+00:00","article_modified_time":"2019-07-11T00:28:52+00:00","og_image":[{"width":711,"height":400,"url":"https:\/\/www.sonoraenequipo.com.mx\/storage\/2019\/07\/centrodesalud_elsahuaro_opt.jpg","type":"image\/jpeg"}],"author":"enequipo","twitter_card":"summary_large_image","twitter_creator":"@sonoraenequipo","twitter_site":"@sonoraenequipo","twitter_misc":{"Escrito por":"enequipo","Tiempo de lectura":"3 minutos"},"schema":{"@context":"https:\/\/schema.org","@graph":[{"@type":"Article","@id":"https:\/\/www.sonoraenequipo.com.mx\/reaniman-en-el-centro-de-salud-urbano-el-sahuaro-a-menor-de-7-meses\/#article","isPartOf":{"@id":"https:\/\/www.sonoraenequipo.com.mx\/reaniman-en-el-centro-de-salud-urbano-el-sahuaro-a-menor-de-7-meses\/"},"author":{"name":"enequipo","@id":"https:\/\/www.sonoraenequipo.com.mx\/#\/schema\/person\/50102df0fb23a8fa9e8effad8fa81386"},"headline":"Reaniman en el Centro de Salud Urbano El Sahuaro a menor de 7 meses","datePublished":"2019-07-10T19:15:40+00:00","dateModified":"2019-07-11T00:28:52+00:00","mainEntityOfPage":{"@id":"https:\/\/www.sonoraenequipo.com.mx\/reaniman-en-el-centro-de-salud-urbano-el-sahuaro-a-menor-de-7-meses\/"},"wordCount":517,"commentCount":0,"publisher":{"@id":"https:\/\/www.sonoraenequipo.com.mx\/#organization"},"image":{"@id":"https:\/\/www.sonoraenequipo.com.mx\/reaniman-en-el-centro-de-salud-urbano-el-sahuaro-a-menor-de-7-meses\/#primaryimage"},"thumbnailUrl":"https:\/\/www.sonoraenequipo.com.mx\/storage\/2019\/07\/centrodesalud_elsahuaro_opt.jpg","articleSection":["Municipios"],"inLanguage":"es","potentialAction":[{"@type":"CommentAction","name":"Comment","target":["https:\/\/www.sonoraenequipo.com.mx\/reaniman-en-el-centro-de-salud-urbano-el-sahuaro-a-menor-de-7-meses\/#respond"]}]},{"@type":"WebPage","@id":"https:\/\/www.sonoraenequipo.com.mx\/reaniman-en-el-centro-de-salud-urbano-el-sahuaro-a-menor-de-7-meses\/","url":"https:\/\/www.sonoraenequipo.com.mx\/reaniman-en-el-centro-de-salud-urbano-el-sahuaro-a-menor-de-7-meses\/","name":"Sonora en Equipo. Reaniman en el Centro de Salud Urbano El Sahuaro a menor de 7 meses Municipios","isPartOf":{"@id":"https:\/\/www.sonoraenequipo.com.mx\/#website"},"primaryImageOfPage":{"@id":"https:\/\/www.sonoraenequipo.com.mx\/reaniman-en-el-centro-de-salud-urbano-el-sahuaro-a-menor-de-7-meses\/#primaryimage"},"image":{"@id":"https:\/\/www.sonoraenequipo.com.mx\/reaniman-en-el-centro-de-salud-urbano-el-sahuaro-a-menor-de-7-meses\/#primaryimage"},"thumbnailUrl":"https:\/\/www.sonoraenequipo.com.mx\/storage\/2019\/07\/centrodesalud_elsahuaro_opt.jpg","datePublished":"2019-07-10T19:15:40+00:00","dateModified":"2019-07-11T00:28:52+00:00","description":"HERMOSILLO, SONORA. MX. \u2014 Un menor de 7 meses de edad, que ten\u00eda minutos sin respirar, fue llevado de urgencia al Centro de Salud Urbano El Sahuaro, donde En Sonora en Equipo publicamos toda la informaci\u00f3n de Sonora, M\u00e9xico y el Mundo de manera oportuna y busca que la libertad de expresi\u00f3n sea real. Visita nuestro medio informativo publicado desde Hermosillo, Sonora. %","breadcrumb":{"@id":"https:\/\/www.sonoraenequipo.com.mx\/reaniman-en-el-centro-de-salud-urbano-el-sahuaro-a-menor-de-7-meses\/#breadcrumb"},"inLanguage":"es","potentialAction":[{"@type":"ReadAction","target":["https:\/\/www.sonoraenequipo.com.mx\/reaniman-en-el-centro-de-salud-urbano-el-sahuaro-a-menor-de-7-meses\/"]}]},{"@type":"ImageObject","inLanguage":"es","@id":"https:\/\/www.sonoraenequipo.com.mx\/reaniman-en-el-centro-de-salud-urbano-el-sahuaro-a-menor-de-7-meses\/#primaryimage","url":"https:\/\/www.sonoraenequipo.com.mx\/storage\/2019\/07\/centrodesalud_elsahuaro_opt.jpg","contentUrl":"https:\/\/www.sonoraenequipo.com.mx\/storage\/2019\/07\/centrodesalud_elsahuaro_opt.jpg","width":711,"height":400},{"@type":"BreadcrumbList","@id":"https:\/\/www.sonoraenequipo.com.mx\/reaniman-en-el-centro-de-salud-urbano-el-sahuaro-a-menor-de-7-meses\/#breadcrumb","itemListElement":[{"@type":"ListItem","position":1,"name":"Portada","item":"https:\/\/www.sonoraenequipo.com.mx\/"},{"@type":"ListItem","position":2,"name":"Reaniman en el Centro de Salud Urbano El Sahuaro a menor de 7 meses"}]},{"@type":"WebSite","@id":"https:\/\/www.sonoraenequipo.com.mx\/#website","url":"https:\/\/www.sonoraenequipo.com.mx\/","name":"Sonora en Equipo.","description":"Diario en l\u00ednea con Noticias desde Hermosillo, Sonora","publisher":{"@id":"https:\/\/www.sonoraenequipo.com.mx\/#organization"},"potentialAction":[{"@type":"SearchAction","target":{"@type":"EntryPoint","urlTemplate":"https:\/\/www.sonoraenequipo.com.mx\/?s={search_term_string}"},"query-input":{"@type":"PropertyValueSpecification","valueRequired":true,"valueName":"search_term_string"}}],"inLanguage":"es"},{"@type":"Organization","@id":"https:\/\/www.sonoraenequipo.com.mx\/#organization","name":"Sonoraenequipo.com.mx","url":"https:\/\/www.sonoraenequipo.com.mx\/","logo":{"@type":"ImageObject","inLanguage":"es","@id":"https:\/\/www.sonoraenequipo.com.mx\/#\/schema\/logo\/image\/","url":"https:\/\/www.sonoraenequipo.com.mx\/storage\/2019\/01\/sonoraenequipo_opt.png","contentUrl":"https:\/\/www.sonoraenequipo.com.mx\/storage\/2019\/01\/sonoraenequipo_opt.png","width":375,"height":125,"caption":"Sonoraenequipo.com.mx"},"image":{"@id":"https:\/\/www.sonoraenequipo.com.mx\/#\/schema\/logo\/image\/"},"sameAs":["https:\/\/www.facebook.com\/SonoraEE\/","https:\/\/x.com\/sonoraenequipo","https:\/\/www.youtube.com\/channel\/UC338nW-lPEYmJQs4ZABQ1SQ"]},{"@type":"Person","@id":"https:\/\/www.sonoraenequipo.com.mx\/#\/schema\/person\/50102df0fb23a8fa9e8effad8fa81386","name":"enequipo","image":{"@type":"ImageObject","inLanguage":"es","@id":"https:\/\/www.sonoraenequipo.com.mx\/#\/schema\/person\/image\/","url":"https:\/\/secure.gravatar.com\/avatar\/049821681b589dabc0bc20695993ccebb09f5b5d4d790cd9251b97faac7c652b?s=96&d=blank&r=g","contentUrl":"https:\/\/secure.gravatar.com\/avatar\/049821681b589dabc0bc20695993ccebb09f5b5d4d790cd9251b97faac7c652b?s=96&d=blank&r=g","caption":"enequipo"},"sameAs":["https:\/\/www.facebook.com\/SonoraEE"]}]}},"jetpack_featured_media_url":"https:\/\/www.sonoraenequipo.com.mx\/storage\/2019\/07\/centrodesalud_elsahuaro_opt.jpg","_links":{"self":[{"href":"https:\/\/www.sonoraenequipo.com.mx\/api\/wp\/v2\/posts\/63776","targetHints":{"allow":["GET"]}}],"collection":[{"href":"https:\/\/www.sonoraenequipo.com.mx\/api\/wp\/v2\/posts"}],"about":[{"href":"https:\/\/www.sonoraenequipo.com.mx\/api\/wp\/v2\/types\/post"}],"author":[{"embeddable":true,"href":"https:\/\/www.sonoraenequipo.com.mx\/api\/wp\/v2\/users\/1"}],"replies":[{"embeddable":true,"href":"https:\/\/www.sonoraenequipo.com.mx\/api\/wp\/v2\/comments?post=63776"}],"version-history":[{"count":0,"href":"https:\/\/www.sonoraenequipo.com.mx\/api\/wp\/v2\/posts\/63776\/revisions"}],"wp:featuredmedia":[{"embeddable":true,"href":"https:\/\/www.sonoraenequipo.com.mx\/api\/wp\/v2\/media\/63768"}],"wp:attachment":[{"href":"https:\/\/www.sonoraenequipo.com.mx\/api\/wp\/v2\/media?parent=63776"}],"wp:term":[{"taxonomy":"category","embeddable":true,"href":"https:\/\/www.sonoraenequipo.com.mx\/api\/wp\/v2\/categories?post=63776"},{"taxonomy":"post_tag","embeddable":true,"href":"https:\/\/www.sonoraenequipo.com.mx\/api\/wp\/v2\/tags?post=63776"}],"curies":[{"name":"wp","href":"https:\/\/api.w.org\/{rel}","templated":true}]}}