{"id":64337,"date":"2019-07-21T22:00:53","date_gmt":"2019-07-22T05:00:53","guid":{"rendered":"https:\/\/www.sonoraenequipo.com.mx\/?p=64337"},"modified":"2019-07-21T20:20:04","modified_gmt":"2019-07-22T03:20:04","slug":"opositores-rechazan-la-cartilla-moral-pt-dice-que-es-para-el-bienestar","status":"publish","type":"post","link":"https:\/\/www.sonoraenequipo.com.mx\/opositores-rechazan-la-cartilla-moral-pt-dice-que-es-para-el-bienestar\/","title":{"rendered":"Opositores rechazan la Cartilla Moral; PT dice que es para el bienestar"},"content":{"rendered":"<p>CIUDAD DE M\u00c9XICO. MX. \u2014 El diputado del PT, Benjam\u00edn Robles Montoya, dijo que la Cartilla Moral busca hacer conciencia para que los ciudadanos retomen el rumbo del buen vivir, y rechaz\u00f3 que sea \u00abpunta de lanza\u00bb para las elecciones de 2021, mientras que opositores advirtieron el riesgo de que iglesias evang\u00e9licas formen una estructura electoral a trav\u00e9s de grupos religiosos. <\/p>\n<p>En entrevistas por separado, la activista y coordinadora de los diputados del Partido de la Revoluci\u00f3n Democr\u00e1tica (PRD), Ver\u00f3nica Ju\u00e1rez Pi\u00f1a, y la legisladora de Movimiento Ciudadano, Martha Tagle, calificaron al documento como una violaci\u00f3n al Estado laico, y expresaron preocupaci\u00f3n de que a trav\u00e9s de grupos religiosos se quiera imponer la visi\u00f3n moral del titular del del Ejecutivo federal.<\/p>\n<p>Coincidieron en que lo que tiene que haber es la defensa del Estado laico, y que en vez de repartir cartillas morales se debe repartir la Constituci\u00f3n, a fin que la gente conozca sus responsabilidades y derechos.<\/p>\n<p><em>\u201cLo peor que nos puede ocurrir es que tambi\u00e9n se est\u00e9 formando una estructura electoral a trav\u00e9s de grupos religiosos que, como ya hemos visto en otros tiempos, no han dejado nada bueno al pa\u00eds\u201d,<\/em> se\u00f1al\u00f3 Ju\u00e1rez Pi\u00f1a.<\/p>\n<p>La tambi\u00e9n activista de derechos humanos, Martha Tagle Mart\u00ednez, consider\u00f3 muy importante que el presidente de la Rep\u00fablica aclare si las iglesias evang\u00e9licas que conforman Confraternice est\u00e1n repartiendo la Cartilla Moral, sobre todo sobre en el marco la ceremonia luctuosa por el 147 aniversario de la muerte de Benito Ju\u00e1rez.<\/p>\n<p>Sostuvo que alguien que sigue los ideales de Ju\u00e1rez debe tener clara la separaci\u00f3n del Estado y la Iglesia y no imponer una visi\u00f3n religiosa ni una cartilla que ni en su tiempo se entreg\u00f3.<\/p>\n<p>A su vez, Robles Montoya consider\u00f3 que las legisladoras <em>\u201cest\u00e1n dando &#8216;patadas de ahogado&#8217;. Lo que se pretende es que el pueblo retome la directriz, la confianza, pero sobre todo la honestidad que se ha perdido\u201d.<\/em><\/p>\n<p>Al referirse a la Cartilla Moral, el diputado por Oaxaca dijo que ahora es tiempo de los ciudadanos, de la gente que durante d\u00e9cadas estuvo olvidada a consecuencia de la falta de moral, de la hipocres\u00eda y de los abusos.<\/p>\n<p><em>\u201cLo que se busca no es educar, lo que se requiere es hacer conciencia, buscar que los ciudadanos retomen el rumbo de un buen vivir\u201d,<\/em> se\u00f1al\u00f3 Robles Montoya.<\/p>\n<p>(Publicado el 21\/07\/2019 \/Gloria Islas Rodr\u00edguez)<\/p>\n","protected":false},"excerpt":{"rendered":"<p>CIUDAD DE M\u00c9XICO. MX. \u2014 El diputado del PT, Benjam\u00edn Robles Montoya, dijo que la&#8230;<\/p>\n","protected":false},"author":1,"featured_media":64338,"comment_status":"open","ping_status":"open","sticky":false,"template":"","format":"standard","meta":{"_monsterinsights_skip_tracking":false,"_monsterinsights_sitenote_active":false,"_monsterinsights_sitenote_note":"","_monsterinsights_sitenote_category":0,"footnotes":""},"categories":[5],"tags":[],"class_list":["post"],"yoast_head":" \n<title>Sonora en Equipo. Opositores rechazan la Cartilla Moral; PT dice que es para el bienestar Rep\u00fablica<\/title>\n<meta name=\"description\" content=\"CIUDAD DE M\u00c9XICO. MX. \u2014 El diputado del PT, Benjam\u00edn Robles Montoya, dijo que la Cartilla Moral busca hacer conciencia para que los ciudadanos retomen el En Sonora en Equipo publicamos toda la informaci\u00f3n de Sonora, M\u00e9xico y el Mundo de manera oportuna y busca que la libertad de expresi\u00f3n sea real. Visita nuestro medio informativo publicado desde Hermosillo, Sonora. %\" \/>\n<meta name=\"robots\" content=\"index, follow, max-snippet:-1, max-image-preview:large, max-video-preview:-1\" \/>\n<link rel=\"canonical\" href=\"https:\/\/www.sonoraenequipo.com.mx\/opositores-rechazan-la-cartilla-moral-pt-dice-que-es-para-el-bienestar\/\" \/>\n<meta property=\"og:locale\" content=\"es_ES\" \/>\n<meta property=\"og:type\" content=\"article\" \/>\n<meta property=\"og:title\" content=\"Sonora en Equipo. Opositores rechazan la Cartilla Moral; PT dice que es para el bienestar Rep\u00fablica\" \/>\n<meta property=\"og:description\" content=\"CIUDAD DE M\u00c9XICO. MX. \u2014 El diputado del PT, Benjam\u00edn Robles Montoya, dijo que la Cartilla Moral busca hacer conciencia para que los ciudadanos retomen el En Sonora en Equipo publicamos toda la informaci\u00f3n de Sonora, M\u00e9xico y el Mundo de manera oportuna y busca que la libertad de expresi\u00f3n sea real. Visita nuestro medio informativo publicado desde Hermosillo, Sonora. %\" \/>\n<meta property=\"og:url\" content=\"https:\/\/www.sonoraenequipo.com.mx\/opositores-rechazan-la-cartilla-moral-pt-dice-que-es-para-el-bienestar\/\" \/>\n<meta property=\"og:site_name\" content=\"Sonora en Equipo.\" \/>\n<meta property=\"article:publisher\" content=\"https:\/\/www.facebook.com\/SonoraEE\/\" \/>\n<meta property=\"article:author\" content=\"https:\/\/www.facebook.com\/SonoraEE\" \/>\n<meta property=\"article:published_time\" content=\"2019-07-22T05:00:53+00:00\" \/>\n<meta property=\"og:image\" content=\"https:\/\/www.sonoraenequipo.com.mx\/storage\/2019\/07\/cartilla-moral-amlo_opt.jpg\" \/>\n\t<meta property=\"og:image:width\" content=\"771\" \/>\n\t<meta property=\"og:image:height\" content=\"400\" \/>\n\t<meta property=\"og:image:type\" content=\"image\/jpeg\" \/>\n<meta name=\"author\" content=\"enequipo\" \/>\n<meta name=\"twitter:card\" content=\"summary_large_image\" \/>\n<meta name=\"twitter:creator\" content=\"@sonoraenequipo\" \/>\n<meta name=\"twitter:site\" content=\"@sonoraenequipo\" \/>\n<meta name=\"twitter:label1\" content=\"Escrito por\" \/>\n\t<meta name=\"twitter:data1\" content=\"enequipo\" \/>\n\t<meta name=\"twitter:label2\" content=\"Tiempo de lectura\" \/>\n\t<meta name=\"twitter:data2\" content=\"2 minutos\" \/>\n<script type=\"application\/ld+json\" class=\"yoast-schema-graph\">{\"@context\":\"https:\/\/schema.org\",\"@graph\":[{\"@type\":\"Article\",\"@id\":\"https:\/\/www.sonoraenequipo.com.mx\/opositores-rechazan-la-cartilla-moral-pt-dice-que-es-para-el-bienestar\/#article\",\"isPartOf\":{\"@id\":\"https:\/\/www.sonoraenequipo.com.mx\/opositores-rechazan-la-cartilla-moral-pt-dice-que-es-para-el-bienestar\/\"},\"author\":{\"name\":\"enequipo\",\"@id\":\"https:\/\/www.sonoraenequipo.com.mx\/#\/schema\/person\/50102df0fb23a8fa9e8effad8fa81386\"},\"headline\":\"Opositores rechazan la Cartilla Moral; PT dice que es para el bienestar\",\"datePublished\":\"2019-07-22T05:00:53+00:00\",\"mainEntityOfPage\":{\"@id\":\"https:\/\/www.sonoraenequipo.com.mx\/opositores-rechazan-la-cartilla-moral-pt-dice-que-es-para-el-bienestar\/\"},\"wordCount\":433,\"commentCount\":0,\"publisher\":{\"@id\":\"https:\/\/www.sonoraenequipo.com.mx\/#organization\"},\"image\":{\"@id\":\"https:\/\/www.sonoraenequipo.com.mx\/opositores-rechazan-la-cartilla-moral-pt-dice-que-es-para-el-bienestar\/#primaryimage\"},\"thumbnailUrl\":\"https:\/\/www.sonoraenequipo.com.mx\/storage\/2019\/07\/cartilla-moral-amlo_opt.jpg\",\"articleSection\":[\"Rep\u00fablica\"],\"inLanguage\":\"es\",\"potentialAction\":[{\"@type\":\"CommentAction\",\"name\":\"Comment\",\"target\":[\"https:\/\/www.sonoraenequipo.com.mx\/opositores-rechazan-la-cartilla-moral-pt-dice-que-es-para-el-bienestar\/#respond\"]}]},{\"@type\":\"WebPage\",\"@id\":\"https:\/\/www.sonoraenequipo.com.mx\/opositores-rechazan-la-cartilla-moral-pt-dice-que-es-para-el-bienestar\/\",\"url\":\"https:\/\/www.sonoraenequipo.com.mx\/opositores-rechazan-la-cartilla-moral-pt-dice-que-es-para-el-bienestar\/\",\"name\":\"Sonora en Equipo. Opositores rechazan la Cartilla Moral; PT dice que es para el bienestar Rep\u00fablica\",\"isPartOf\":{\"@id\":\"https:\/\/www.sonoraenequipo.com.mx\/#website\"},\"primaryImageOfPage\":{\"@id\":\"https:\/\/www.sonoraenequipo.com.mx\/opositores-rechazan-la-cartilla-moral-pt-dice-que-es-para-el-bienestar\/#primaryimage\"},\"image\":{\"@id\":\"https:\/\/www.sonoraenequipo.com.mx\/opositores-rechazan-la-cartilla-moral-pt-dice-que-es-para-el-bienestar\/#primaryimage\"},\"thumbnailUrl\":\"https:\/\/www.sonoraenequipo.com.mx\/storage\/2019\/07\/cartilla-moral-amlo_opt.jpg\",\"datePublished\":\"2019-07-22T05:00:53+00:00\",\"description\":\"CIUDAD DE M\u00c9XICO. MX. \u2014 El diputado del PT, Benjam\u00edn Robles Montoya, dijo que la Cartilla Moral busca hacer conciencia para que los ciudadanos retomen el En Sonora en Equipo publicamos toda la informaci\u00f3n de Sonora, M\u00e9xico y el Mundo de manera oportuna y busca que la libertad de expresi\u00f3n sea real. Visita nuestro medio informativo publicado desde Hermosillo, Sonora. %\",\"breadcrumb\":{\"@id\":\"https:\/\/www.sonoraenequipo.com.mx\/opositores-rechazan-la-cartilla-moral-pt-dice-que-es-para-el-bienestar\/#breadcrumb\"},\"inLanguage\":\"es\",\"potentialAction\":[{\"@type\":\"ReadAction\",\"target\":[\"https:\/\/www.sonoraenequipo.com.mx\/opositores-rechazan-la-cartilla-moral-pt-dice-que-es-para-el-bienestar\/\"]}]},{\"@type\":\"ImageObject\",\"inLanguage\":\"es\",\"@id\":\"https:\/\/www.sonoraenequipo.com.mx\/opositores-rechazan-la-cartilla-moral-pt-dice-que-es-para-el-bienestar\/#primaryimage\",\"url\":\"https:\/\/www.sonoraenequipo.com.mx\/storage\/2019\/07\/cartilla-moral-amlo_opt.jpg\",\"contentUrl\":\"https:\/\/www.sonoraenequipo.com.mx\/storage\/2019\/07\/cartilla-moral-amlo_opt.jpg\",\"width\":771,\"height\":400},{\"@type\":\"BreadcrumbList\",\"@id\":\"https:\/\/www.sonoraenequipo.com.mx\/opositores-rechazan-la-cartilla-moral-pt-dice-que-es-para-el-bienestar\/#breadcrumb\",\"itemListElement\":[{\"@type\":\"ListItem\",\"position\":1,\"name\":\"Portada\",\"item\":\"https:\/\/www.sonoraenequipo.com.mx\/\"},{\"@type\":\"ListItem\",\"position\":2,\"name\":\"Opositores rechazan la Cartilla Moral; PT dice que es para el bienestar\"}]},{\"@type\":\"WebSite\",\"@id\":\"https:\/\/www.sonoraenequipo.com.mx\/#website\",\"url\":\"https:\/\/www.sonoraenequipo.com.mx\/\",\"name\":\"Sonora en Equipo.\",\"description\":\"Diario en l\u00ednea con Noticias desde Hermosillo, Sonora\",\"publisher\":{\"@id\":\"https:\/\/www.sonoraenequipo.com.mx\/#organization\"},\"potentialAction\":[{\"@type\":\"SearchAction\",\"target\":{\"@type\":\"EntryPoint\",\"urlTemplate\":\"https:\/\/www.sonoraenequipo.com.mx\/?s={search_term_string}\"},\"query-input\":{\"@type\":\"PropertyValueSpecification\",\"valueRequired\":true,\"valueName\":\"search_term_string\"}}],\"inLanguage\":\"es\"},{\"@type\":\"Organization\",\"@id\":\"https:\/\/www.sonoraenequipo.com.mx\/#organization\",\"name\":\"Sonoraenequipo.com.mx\",\"url\":\"https:\/\/www.sonoraenequipo.com.mx\/\",\"logo\":{\"@type\":\"ImageObject\",\"inLanguage\":\"es\",\"@id\":\"https:\/\/www.sonoraenequipo.com.mx\/#\/schema\/logo\/image\/\",\"url\":\"https:\/\/www.sonoraenequipo.com.mx\/storage\/2019\/01\/sonoraenequipo_opt.png\",\"contentUrl\":\"https:\/\/www.sonoraenequipo.com.mx\/storage\/2019\/01\/sonoraenequipo_opt.png\",\"width\":375,\"height\":125,\"caption\":\"Sonoraenequipo.com.mx\"},\"image\":{\"@id\":\"https:\/\/www.sonoraenequipo.com.mx\/#\/schema\/logo\/image\/\"},\"sameAs\":[\"https:\/\/www.facebook.com\/SonoraEE\/\",\"https:\/\/x.com\/sonoraenequipo\",\"https:\/\/www.youtube.com\/channel\/UC338nW-lPEYmJQs4ZABQ1SQ\"]},{\"@type\":\"Person\",\"@id\":\"https:\/\/www.sonoraenequipo.com.mx\/#\/schema\/person\/50102df0fb23a8fa9e8effad8fa81386\",\"name\":\"enequipo\",\"image\":{\"@type\":\"ImageObject\",\"inLanguage\":\"es\",\"@id\":\"https:\/\/www.sonoraenequipo.com.mx\/#\/schema\/person\/image\/\",\"url\":\"https:\/\/secure.gravatar.com\/avatar\/049821681b589dabc0bc20695993ccebb09f5b5d4d790cd9251b97faac7c652b?s=96&d=blank&r=g\",\"contentUrl\":\"https:\/\/secure.gravatar.com\/avatar\/049821681b589dabc0bc20695993ccebb09f5b5d4d790cd9251b97faac7c652b?s=96&d=blank&r=g\",\"caption\":\"enequipo\"},\"sameAs\":[\"https:\/\/www.facebook.com\/SonoraEE\"]}]}<\/script>\n ","yoast_head_json":{"title":"Sonora en Equipo. Opositores rechazan la Cartilla Moral; PT dice que es para el bienestar Rep\u00fablica","description":"CIUDAD DE M\u00c9XICO. MX. \u2014 El diputado del PT, Benjam\u00edn Robles Montoya, dijo que la Cartilla Moral busca hacer conciencia para que los ciudadanos retomen el En Sonora en Equipo publicamos toda la informaci\u00f3n de Sonora, M\u00e9xico y el Mundo de manera oportuna y busca que la libertad de expresi\u00f3n sea real. Visita nuestro medio informativo publicado desde Hermosillo, Sonora. %","robots":{"index":"index","follow":"follow","max-snippet":"max-snippet:-1","max-image-preview":"max-image-preview:large","max-video-preview":"max-video-preview:-1"},"canonical":"https:\/\/www.sonoraenequipo.com.mx\/opositores-rechazan-la-cartilla-moral-pt-dice-que-es-para-el-bienestar\/","og_locale":"es_ES","og_type":"article","og_title":"Sonora en Equipo. Opositores rechazan la Cartilla Moral; PT dice que es para el bienestar Rep\u00fablica","og_description":"CIUDAD DE M\u00c9XICO. MX. \u2014 El diputado del PT, Benjam\u00edn Robles Montoya, dijo que la Cartilla Moral busca hacer conciencia para que los ciudadanos retomen el En Sonora en Equipo publicamos toda la informaci\u00f3n de Sonora, M\u00e9xico y el Mundo de manera oportuna y busca que la libertad de expresi\u00f3n sea real. Visita nuestro medio informativo publicado desde Hermosillo, Sonora. %","og_url":"https:\/\/www.sonoraenequipo.com.mx\/opositores-rechazan-la-cartilla-moral-pt-dice-que-es-para-el-bienestar\/","og_site_name":"Sonora en Equipo.","article_publisher":"https:\/\/www.facebook.com\/SonoraEE\/","article_author":"https:\/\/www.facebook.com\/SonoraEE","article_published_time":"2019-07-22T05:00:53+00:00","og_image":[{"width":771,"height":400,"url":"https:\/\/www.sonoraenequipo.com.mx\/storage\/2019\/07\/cartilla-moral-amlo_opt.jpg","type":"image\/jpeg"}],"author":"enequipo","twitter_card":"summary_large_image","twitter_creator":"@sonoraenequipo","twitter_site":"@sonoraenequipo","twitter_misc":{"Escrito por":"enequipo","Tiempo de lectura":"2 minutos"},"schema":{"@context":"https:\/\/schema.org","@graph":[{"@type":"Article","@id":"https:\/\/www.sonoraenequipo.com.mx\/opositores-rechazan-la-cartilla-moral-pt-dice-que-es-para-el-bienestar\/#article","isPartOf":{"@id":"https:\/\/www.sonoraenequipo.com.mx\/opositores-rechazan-la-cartilla-moral-pt-dice-que-es-para-el-bienestar\/"},"author":{"name":"enequipo","@id":"https:\/\/www.sonoraenequipo.com.mx\/#\/schema\/person\/50102df0fb23a8fa9e8effad8fa81386"},"headline":"Opositores rechazan la Cartilla Moral; PT dice que es para el bienestar","datePublished":"2019-07-22T05:00:53+00:00","mainEntityOfPage":{"@id":"https:\/\/www.sonoraenequipo.com.mx\/opositores-rechazan-la-cartilla-moral-pt-dice-que-es-para-el-bienestar\/"},"wordCount":433,"commentCount":0,"publisher":{"@id":"https:\/\/www.sonoraenequipo.com.mx\/#organization"},"image":{"@id":"https:\/\/www.sonoraenequipo.com.mx\/opositores-rechazan-la-cartilla-moral-pt-dice-que-es-para-el-bienestar\/#primaryimage"},"thumbnailUrl":"https:\/\/www.sonoraenequipo.com.mx\/storage\/2019\/07\/cartilla-moral-amlo_opt.jpg","articleSection":["Rep\u00fablica"],"inLanguage":"es","potentialAction":[{"@type":"CommentAction","name":"Comment","target":["https:\/\/www.sonoraenequipo.com.mx\/opositores-rechazan-la-cartilla-moral-pt-dice-que-es-para-el-bienestar\/#respond"]}]},{"@type":"WebPage","@id":"https:\/\/www.sonoraenequipo.com.mx\/opositores-rechazan-la-cartilla-moral-pt-dice-que-es-para-el-bienestar\/","url":"https:\/\/www.sonoraenequipo.com.mx\/opositores-rechazan-la-cartilla-moral-pt-dice-que-es-para-el-bienestar\/","name":"Sonora en Equipo. Opositores rechazan la Cartilla Moral; PT dice que es para el bienestar Rep\u00fablica","isPartOf":{"@id":"https:\/\/www.sonoraenequipo.com.mx\/#website"},"primaryImageOfPage":{"@id":"https:\/\/www.sonoraenequipo.com.mx\/opositores-rechazan-la-cartilla-moral-pt-dice-que-es-para-el-bienestar\/#primaryimage"},"image":{"@id":"https:\/\/www.sonoraenequipo.com.mx\/opositores-rechazan-la-cartilla-moral-pt-dice-que-es-para-el-bienestar\/#primaryimage"},"thumbnailUrl":"https:\/\/www.sonoraenequipo.com.mx\/storage\/2019\/07\/cartilla-moral-amlo_opt.jpg","datePublished":"2019-07-22T05:00:53+00:00","description":"CIUDAD DE M\u00c9XICO. MX. \u2014 El diputado del PT, Benjam\u00edn Robles Montoya, dijo que la Cartilla Moral busca hacer conciencia para que los ciudadanos retomen el En Sonora en Equipo publicamos toda la informaci\u00f3n de Sonora, M\u00e9xico y el Mundo de manera oportuna y busca que la libertad de expresi\u00f3n sea real. Visita nuestro medio informativo publicado desde Hermosillo, Sonora. %","breadcrumb":{"@id":"https:\/\/www.sonoraenequipo.com.mx\/opositores-rechazan-la-cartilla-moral-pt-dice-que-es-para-el-bienestar\/#breadcrumb"},"inLanguage":"es","potentialAction":[{"@type":"ReadAction","target":["https:\/\/www.sonoraenequipo.com.mx\/opositores-rechazan-la-cartilla-moral-pt-dice-que-es-para-el-bienestar\/"]}]},{"@type":"ImageObject","inLanguage":"es","@id":"https:\/\/www.sonoraenequipo.com.mx\/opositores-rechazan-la-cartilla-moral-pt-dice-que-es-para-el-bienestar\/#primaryimage","url":"https:\/\/www.sonoraenequipo.com.mx\/storage\/2019\/07\/cartilla-moral-amlo_opt.jpg","contentUrl":"https:\/\/www.sonoraenequipo.com.mx\/storage\/2019\/07\/cartilla-moral-amlo_opt.jpg","width":771,"height":400},{"@type":"BreadcrumbList","@id":"https:\/\/www.sonoraenequipo.com.mx\/opositores-rechazan-la-cartilla-moral-pt-dice-que-es-para-el-bienestar\/#breadcrumb","itemListElement":[{"@type":"ListItem","position":1,"name":"Portada","item":"https:\/\/www.sonoraenequipo.com.mx\/"},{"@type":"ListItem","position":2,"name":"Opositores rechazan la Cartilla Moral; PT dice que es para el bienestar"}]},{"@type":"WebSite","@id":"https:\/\/www.sonoraenequipo.com.mx\/#website","url":"https:\/\/www.sonoraenequipo.com.mx\/","name":"Sonora en Equipo.","description":"Diario en l\u00ednea con Noticias desde Hermosillo, Sonora","publisher":{"@id":"https:\/\/www.sonoraenequipo.com.mx\/#organization"},"potentialAction":[{"@type":"SearchAction","target":{"@type":"EntryPoint","urlTemplate":"https:\/\/www.sonoraenequipo.com.mx\/?s={search_term_string}"},"query-input":{"@type":"PropertyValueSpecification","valueRequired":true,"valueName":"search_term_string"}}],"inLanguage":"es"},{"@type":"Organization","@id":"https:\/\/www.sonoraenequipo.com.mx\/#organization","name":"Sonoraenequipo.com.mx","url":"https:\/\/www.sonoraenequipo.com.mx\/","logo":{"@type":"ImageObject","inLanguage":"es","@id":"https:\/\/www.sonoraenequipo.com.mx\/#\/schema\/logo\/image\/","url":"https:\/\/www.sonoraenequipo.com.mx\/storage\/2019\/01\/sonoraenequipo_opt.png","contentUrl":"https:\/\/www.sonoraenequipo.com.mx\/storage\/2019\/01\/sonoraenequipo_opt.png","width":375,"height":125,"caption":"Sonoraenequipo.com.mx"},"image":{"@id":"https:\/\/www.sonoraenequipo.com.mx\/#\/schema\/logo\/image\/"},"sameAs":["https:\/\/www.facebook.com\/SonoraEE\/","https:\/\/x.com\/sonoraenequipo","https:\/\/www.youtube.com\/channel\/UC338nW-lPEYmJQs4ZABQ1SQ"]},{"@type":"Person","@id":"https:\/\/www.sonoraenequipo.com.mx\/#\/schema\/person\/50102df0fb23a8fa9e8effad8fa81386","name":"enequipo","image":{"@type":"ImageObject","inLanguage":"es","@id":"https:\/\/www.sonoraenequipo.com.mx\/#\/schema\/person\/image\/","url":"https:\/\/secure.gravatar.com\/avatar\/049821681b589dabc0bc20695993ccebb09f5b5d4d790cd9251b97faac7c652b?s=96&d=blank&r=g","contentUrl":"https:\/\/secure.gravatar.com\/avatar\/049821681b589dabc0bc20695993ccebb09f5b5d4d790cd9251b97faac7c652b?s=96&d=blank&r=g","caption":"enequipo"},"sameAs":["https:\/\/www.facebook.com\/SonoraEE"]}]}},"jetpack_featured_media_url":"https:\/\/www.sonoraenequipo.com.mx\/storage\/2019\/07\/cartilla-moral-amlo_opt.jpg","_links":{"self":[{"href":"https:\/\/www.sonoraenequipo.com.mx\/api\/wp\/v2\/posts\/64337","targetHints":{"allow":["GET"]}}],"collection":[{"href":"https:\/\/www.sonoraenequipo.com.mx\/api\/wp\/v2\/posts"}],"about":[{"href":"https:\/\/www.sonoraenequipo.com.mx\/api\/wp\/v2\/types\/post"}],"author":[{"embeddable":true,"href":"https:\/\/www.sonoraenequipo.com.mx\/api\/wp\/v2\/users\/1"}],"replies":[{"embeddable":true,"href":"https:\/\/www.sonoraenequipo.com.mx\/api\/wp\/v2\/comments?post=64337"}],"version-history":[{"count":0,"href":"https:\/\/www.sonoraenequipo.com.mx\/api\/wp\/v2\/posts\/64337\/revisions"}],"wp:featuredmedia":[{"embeddable":true,"href":"https:\/\/www.sonoraenequipo.com.mx\/api\/wp\/v2\/media\/64338"}],"wp:attachment":[{"href":"https:\/\/www.sonoraenequipo.com.mx\/api\/wp\/v2\/media?parent=64337"}],"wp:term":[{"taxonomy":"category","embeddable":true,"href":"https:\/\/www.sonoraenequipo.com.mx\/api\/wp\/v2\/categories?post=64337"},{"taxonomy":"post_tag","embeddable":true,"href":"https:\/\/www.sonoraenequipo.com.mx\/api\/wp\/v2\/tags?post=64337"}],"curies":[{"name":"wp","href":"https:\/\/api.w.org\/{rel}","templated":true}]}}