{"id":64344,"date":"2019-07-21T23:25:26","date_gmt":"2019-07-22T06:25:26","guid":{"rendered":"https:\/\/www.sonoraenequipo.com.mx\/?p=64344"},"modified":"2019-07-21T20:41:07","modified_gmt":"2019-07-22T03:41:07","slug":"notas-sueltas-limpiar-la-casa","status":"publish","type":"post","link":"https:\/\/www.sonoraenequipo.com.mx\/notas-sueltas-limpiar-la-casa\/","title":{"rendered":"NOTAS SUELTAS. Limpiar la casa"},"content":{"rendered":"<p><em>\u201cSupongo que el \u00fanico momento en que la mayor\u00eda de la gente piensa en la injusticia es cuando les sucede a ellos\u201d<\/em> (Charles Bukowski). <\/p>\n<p>Usted sabe que no se le pueden pedir peras al olmo, o al menos est\u00e1 enterado de que tal solicitud jam\u00e1s tendr\u00e1 sentido en la realidad, de suerte que cualquier reproche, reclamaci\u00f3n o expresi\u00f3n de disgusto sale sobrando. La realidad es, independientemente de nuestra conciencia.<\/p>\n<p>Lo anterior que suena m\u00e1s o menos l\u00f3gico pero cr\u00edptico se debe a que no hace mucho est\u00e1bamos gobernados por una cleptocracia que hac\u00eda de las suyas en el orden federal, estatal y municipal, llevando al l\u00edmite la paciencia de una gran mayor\u00eda de ciudadanos que optaron por lo que se debi\u00f3 hacer desde hace algunos sexenios: darle una patada en el trasero al PRIAN y fauna que lo acompa\u00f1a.<\/p>\n<p>A estas alturas, porque llevamos la mitad del a\u00f1o con otra administraci\u00f3n tanto federal como municipal, en el caso de Sonora, a\u00fan no obra el milagro de la transformaci\u00f3n del agua en vino y la multiplicaci\u00f3n de los panes y los peces, habida cuenta las grandes y poderosas inercias y la compleja trama de intereses y complicidades que todo sistema basado en la corrupci\u00f3n de unos y la indolencia de otros promueve y defiende; sin embargo, se percibe un cambio en el discurso y hay acciones que permiten vislumbrar un mejor futuro.<\/p>\n<p>Como usted se habr\u00e1 dado cuenta, el camino del actual gobierno est\u00e1 plagado de obst\u00e1culos que implican acciones legales para impedir que las promesas hechas en campa\u00f1a aterricen en acciones y resultados concretos. Ah\u00ed tiene usted la furibunda oposici\u00f3n a la Ley de Austeridad que, curiosamente, han encabezado los propios integrantes del Poder Judicial, donde los ministros de la Suprema Corte de Justicia de la Naci\u00f3n defienden como gatos boca arriba sus jugosos sueldos y prestaciones, su calidad de intocables legales de acuerdo con su muy particular interpretaci\u00f3n de las normas. En Sonora, como usted recordar\u00e1, hubo cambios de \u00faltima hora en la Constituci\u00f3n para restar facultades al Congreso.<\/p>\n<p>La gran batalla que se libra en la actualidad mexicana es la de un r\u00e9gimen que concede privilegios inauditos a los negocios privados a costa del inter\u00e9s p\u00fablico, pasando por un esquema de corrupci\u00f3n institucionalizado y sostenido en cada gobierno que protege a los delincuentes y castiga, margina y silencia a los opositores que creen en el estado de derecho y la soberan\u00eda nacional, frente al impulso ciudadano que promueve el progreso, la justicia y la inclusi\u00f3n representado por el nuevo gobierno. Pasado y presente cara a cara, decidiendo nuestro futuro como naci\u00f3n.<\/p>\n<p>Si el debate nacional gira en torno a la reacci\u00f3n de M\u00e9xico frente a las amenazas internas de un sistema que huele a putrefacci\u00f3n, no pueden quedar excluidas las muy importantes y determinantes condiciones del contexto internacional. Ante las amenazas de terrorismo arancelario M\u00e9xico debe diversificar sus mercados y promover o reactivar alianzas estrat\u00e9gicas y productivas con pa\u00edses distintos a Estados Unidos.<\/p>\n<p>En el interior, es imposible ignorar que somos un pa\u00eds geogr\u00e1fica y culturalmente diverso, donde la acci\u00f3n p\u00fablica debe tomar en cuenta la complejidad de nuestra sociedad y avanzar siempre en la b\u00fasqueda del bien com\u00fan sin dejar de considerar y respetar las tradiciones, costumbres y valores locales y regionales; es decir, buscar la unidad en la diversidad para el progreso de todos.<\/p>\n<p>Lo anterior no tiene nada que ver con la exigencia de ciertos grupos de inter\u00e9s que pretenden seguir gozando de los mismos niveles de impunidad a que est\u00e1n acostumbrados, pues est\u00e1n bastante lejos de la sana intenci\u00f3n de preservar la paz social con justicia y equidad y, en cambio, postulan la inmovilidad del gobierno para no \u201cpisar callos\u201d y que siga siendo c\u00f3mplice y patrocinador de la ganancia privada a costa del inter\u00e9s p\u00fablico.<\/p>\n<p>Los neoconservadores de guarache estaban acostumbrados a que el gobierno les aportara dinero para programas \u201csociales\u201d sin responsabilidad alguna; recursos inagotables para el fomento de la \u201cproducci\u00f3n\u201d; consideraciones especiales porque \u201ccreaban fuentes de trabajo\u201d; disposici\u00f3n ilimitada de los recursos regionales porque \u201calentaban la competitividad y el empleo\u201d; Concesiones a particulares asociadas al cuidado de infantes \u201cen apoyo la cobertura que el gobierno no puede alcanzar\u201d, mientras que en el sector p\u00fablico se tienen subejercicios constantes, fugas importantes de dinero por pago de equipo, materiales de curaci\u00f3n y medicamentos con sobreprecios, subrogaciones de servicios hospitalarios y de farmacia, entre otros que pasan por el manoteo inmobiliario en los ayuntamientos y la privatizaci\u00f3n de los servicios p\u00fablicos por v\u00eda de concesiones que incluyen patente de corso.<\/p>\n<p>Sin duda el amafiamiento pol\u00edtico y la anarqu\u00eda administrativa maquillada con complejos ejercicios de simulaci\u00f3n de corruptelas han sido ventanas muy grandes de oportunidades de enriquecimiento bastante explicable, aunque tomados por muchos como parte de la \u201cnormalidad\u201d que aspiran mantener.<\/p>\n<p>Vemos en la actualidad ciertos grupos de ciudadanos <em>\u201capartidistas\u201d,<\/em> de preocupados pol\u00edticos ahora <em>\u201cde oposici\u00f3n responsable\u201d,<\/em> de damas caceroleras vestidas de blanco y con chaleco, de productores indignados por la suspensi\u00f3n de los apoyos, de artistas telenoveleros abanderados de la mediocridad medi\u00e1tica que se proclaman \u201cdecepcionados\u201d, de <em>\u201cperiodistas\u201d<\/em> hu\u00e9rfanos de moral y de chayote, de organizaciones patronales que se rasgan las vestiduras alarmados por el <em>\u201cdesorden\u201d<\/em> y advierten sobre una <em>\u201cdictadura\u201d<\/em> pero que, pese a todo lo dicho, no pueden realmente negar que la corrupci\u00f3n pol\u00edtica y administrativa inherente a un modelo de relaciones econ\u00f3micas centrada en el mercado y el individualismo m\u00e1s rapaz es, esencialmente, inhumana, excluyente y criminal. Entonces \u00bfqu\u00e9 defienden, sino la perversidad de un sistema que los hace tanto v\u00edctimas como c\u00f3mplices?<\/p>\n<p>Debemos entender que la capa de suciedad oculta en verdadero color de las cosas, y que el esfuerzo actual es el de limpiar la casa. \u00bfPor qu\u00e9 no apoyar los programas y las acciones que nos ofrecen la posibilidad de una mejor expectativa de vida?<\/p>\n<p>(Publicado el 21\/07\/2019<\/p>\n","protected":false},"excerpt":{"rendered":"<p>\u201cSupongo que el \u00fanico momento en que la mayor\u00eda de la gente piensa en la&#8230;<\/p>\n","protected":false},"author":8,"featured_media":64345,"comment_status":"open","ping_status":"open","sticky":false,"template":"","format":"standard","meta":{"_monsterinsights_skip_tracking":false,"_monsterinsights_sitenote_active":false,"_monsterinsights_sitenote_note":"","_monsterinsights_sitenote_category":0,"footnotes":""},"categories":[14],"tags":[],"class_list":["post"],"yoast_head":" \n<title>Sonora en Equipo. NOTAS SUELTAS. Limpiar la casa Voces<\/title>\n<meta name=\"description\" content=\"\u201cSupongo que el \u00fanico momento en que la mayor\u00eda de la gente piensa en la injusticia es cuando les sucede a ellos\u201d (Charles Bukowski). Usted sabe que no se En Sonora en Equipo publicamos toda la informaci\u00f3n de Sonora, M\u00e9xico y el Mundo de manera oportuna y busca que la libertad de expresi\u00f3n sea real. Visita nuestro medio informativo publicado desde Hermosillo, Sonora. %\" \/>\n<meta name=\"robots\" content=\"index, follow, max-snippet:-1, max-image-preview:large, max-video-preview:-1\" \/>\n<link rel=\"canonical\" href=\"https:\/\/www.sonoraenequipo.com.mx\/notas-sueltas-limpiar-la-casa\/\" \/>\n<meta property=\"og:locale\" content=\"es_ES\" \/>\n<meta property=\"og:type\" content=\"article\" \/>\n<meta property=\"og:title\" content=\"Sonora en Equipo. NOTAS SUELTAS. Limpiar la casa Voces\" \/>\n<meta property=\"og:description\" content=\"\u201cSupongo que el \u00fanico momento en que la mayor\u00eda de la gente piensa en la injusticia es cuando les sucede a ellos\u201d (Charles Bukowski). Usted sabe que no se En Sonora en Equipo publicamos toda la informaci\u00f3n de Sonora, M\u00e9xico y el Mundo de manera oportuna y busca que la libertad de expresi\u00f3n sea real. Visita nuestro medio informativo publicado desde Hermosillo, Sonora. %\" \/>\n<meta property=\"og:url\" content=\"https:\/\/www.sonoraenequipo.com.mx\/notas-sueltas-limpiar-la-casa\/\" \/>\n<meta property=\"og:site_name\" content=\"Sonora en Equipo.\" \/>\n<meta property=\"article:publisher\" content=\"https:\/\/www.facebook.com\/SonoraEE\/\" \/>\n<meta property=\"article:published_time\" content=\"2019-07-22T06:25:26+00:00\" \/>\n<meta property=\"og:image\" content=\"https:\/\/www.sonoraenequipo.com.mx\/storage\/2019\/07\/conservadores_opt.jpg\" \/>\n\t<meta property=\"og:image:width\" content=\"600\" \/>\n\t<meta property=\"og:image:height\" content=\"400\" \/>\n\t<meta property=\"og:image:type\" content=\"image\/jpeg\" \/>\n<meta name=\"author\" content=\"Jos\u00e9 Dar\u00edo Arredondo L\u00f3pez\" \/>\n<meta name=\"twitter:card\" content=\"summary_large_image\" \/>\n<meta name=\"twitter:creator\" content=\"@sonoraenequipo\" \/>\n<meta name=\"twitter:site\" content=\"@sonoraenequipo\" \/>\n<meta name=\"twitter:label1\" content=\"Escrito por\" \/>\n\t<meta name=\"twitter:data1\" content=\"Jos\u00e9 Dar\u00edo Arredondo L\u00f3pez\" \/>\n\t<meta name=\"twitter:label2\" content=\"Tiempo de lectura\" \/>\n\t<meta name=\"twitter:data2\" content=\"5 minutos\" \/>\n<script type=\"application\/ld+json\" class=\"yoast-schema-graph\">{\"@context\":\"https:\/\/schema.org\",\"@graph\":[{\"@type\":\"Article\",\"@id\":\"https:\/\/www.sonoraenequipo.com.mx\/notas-sueltas-limpiar-la-casa\/#article\",\"isPartOf\":{\"@id\":\"https:\/\/www.sonoraenequipo.com.mx\/notas-sueltas-limpiar-la-casa\/\"},\"author\":{\"name\":\"Jos\u00e9 Dar\u00edo Arredondo L\u00f3pez\",\"@id\":\"https:\/\/www.sonoraenequipo.com.mx\/#\/schema\/person\/b2f7d4b3e5504aad00b5aca5d6793968\"},\"headline\":\"NOTAS SUELTAS. Limpiar la casa\",\"datePublished\":\"2019-07-22T06:25:26+00:00\",\"mainEntityOfPage\":{\"@id\":\"https:\/\/www.sonoraenequipo.com.mx\/notas-sueltas-limpiar-la-casa\/\"},\"wordCount\":1045,\"commentCount\":0,\"publisher\":{\"@id\":\"https:\/\/www.sonoraenequipo.com.mx\/#organization\"},\"image\":{\"@id\":\"https:\/\/www.sonoraenequipo.com.mx\/notas-sueltas-limpiar-la-casa\/#primaryimage\"},\"thumbnailUrl\":\"https:\/\/www.sonoraenequipo.com.mx\/storage\/2019\/07\/conservadores_opt.jpg\",\"articleSection\":[\"Voces\"],\"inLanguage\":\"es\",\"potentialAction\":[{\"@type\":\"CommentAction\",\"name\":\"Comment\",\"target\":[\"https:\/\/www.sonoraenequipo.com.mx\/notas-sueltas-limpiar-la-casa\/#respond\"]}]},{\"@type\":\"WebPage\",\"@id\":\"https:\/\/www.sonoraenequipo.com.mx\/notas-sueltas-limpiar-la-casa\/\",\"url\":\"https:\/\/www.sonoraenequipo.com.mx\/notas-sueltas-limpiar-la-casa\/\",\"name\":\"Sonora en Equipo. NOTAS SUELTAS. Limpiar la casa Voces\",\"isPartOf\":{\"@id\":\"https:\/\/www.sonoraenequipo.com.mx\/#website\"},\"primaryImageOfPage\":{\"@id\":\"https:\/\/www.sonoraenequipo.com.mx\/notas-sueltas-limpiar-la-casa\/#primaryimage\"},\"image\":{\"@id\":\"https:\/\/www.sonoraenequipo.com.mx\/notas-sueltas-limpiar-la-casa\/#primaryimage\"},\"thumbnailUrl\":\"https:\/\/www.sonoraenequipo.com.mx\/storage\/2019\/07\/conservadores_opt.jpg\",\"datePublished\":\"2019-07-22T06:25:26+00:00\",\"description\":\"\u201cSupongo que el \u00fanico momento en que la mayor\u00eda de la gente piensa en la injusticia es cuando les sucede a ellos\u201d (Charles Bukowski). Usted sabe que no se En Sonora en Equipo publicamos toda la informaci\u00f3n de Sonora, M\u00e9xico y el Mundo de manera oportuna y busca que la libertad de expresi\u00f3n sea real. Visita nuestro medio informativo publicado desde Hermosillo, Sonora. %\",\"breadcrumb\":{\"@id\":\"https:\/\/www.sonoraenequipo.com.mx\/notas-sueltas-limpiar-la-casa\/#breadcrumb\"},\"inLanguage\":\"es\",\"potentialAction\":[{\"@type\":\"ReadAction\",\"target\":[\"https:\/\/www.sonoraenequipo.com.mx\/notas-sueltas-limpiar-la-casa\/\"]}]},{\"@type\":\"ImageObject\",\"inLanguage\":\"es\",\"@id\":\"https:\/\/www.sonoraenequipo.com.mx\/notas-sueltas-limpiar-la-casa\/#primaryimage\",\"url\":\"https:\/\/www.sonoraenequipo.com.mx\/storage\/2019\/07\/conservadores_opt.jpg\",\"contentUrl\":\"https:\/\/www.sonoraenequipo.com.mx\/storage\/2019\/07\/conservadores_opt.jpg\",\"width\":600,\"height\":400},{\"@type\":\"BreadcrumbList\",\"@id\":\"https:\/\/www.sonoraenequipo.com.mx\/notas-sueltas-limpiar-la-casa\/#breadcrumb\",\"itemListElement\":[{\"@type\":\"ListItem\",\"position\":1,\"name\":\"Portada\",\"item\":\"https:\/\/www.sonoraenequipo.com.mx\/\"},{\"@type\":\"ListItem\",\"position\":2,\"name\":\"NOTAS SUELTAS. Limpiar la casa\"}]},{\"@type\":\"WebSite\",\"@id\":\"https:\/\/www.sonoraenequipo.com.mx\/#website\",\"url\":\"https:\/\/www.sonoraenequipo.com.mx\/\",\"name\":\"Sonora en Equipo.\",\"description\":\"Diario en l\u00ednea con Noticias desde Hermosillo, Sonora\",\"publisher\":{\"@id\":\"https:\/\/www.sonoraenequipo.com.mx\/#organization\"},\"potentialAction\":[{\"@type\":\"SearchAction\",\"target\":{\"@type\":\"EntryPoint\",\"urlTemplate\":\"https:\/\/www.sonoraenequipo.com.mx\/?s={search_term_string}\"},\"query-input\":{\"@type\":\"PropertyValueSpecification\",\"valueRequired\":true,\"valueName\":\"search_term_string\"}}],\"inLanguage\":\"es\"},{\"@type\":\"Organization\",\"@id\":\"https:\/\/www.sonoraenequipo.com.mx\/#organization\",\"name\":\"Sonoraenequipo.com.mx\",\"url\":\"https:\/\/www.sonoraenequipo.com.mx\/\",\"logo\":{\"@type\":\"ImageObject\",\"inLanguage\":\"es\",\"@id\":\"https:\/\/www.sonoraenequipo.com.mx\/#\/schema\/logo\/image\/\",\"url\":\"https:\/\/www.sonoraenequipo.com.mx\/storage\/2019\/01\/sonoraenequipo_opt.png\",\"contentUrl\":\"https:\/\/www.sonoraenequipo.com.mx\/storage\/2019\/01\/sonoraenequipo_opt.png\",\"width\":375,\"height\":125,\"caption\":\"Sonoraenequipo.com.mx\"},\"image\":{\"@id\":\"https:\/\/www.sonoraenequipo.com.mx\/#\/schema\/logo\/image\/\"},\"sameAs\":[\"https:\/\/www.facebook.com\/SonoraEE\/\",\"https:\/\/x.com\/sonoraenequipo\",\"https:\/\/www.youtube.com\/channel\/UC338nW-lPEYmJQs4ZABQ1SQ\"]},{\"@type\":\"Person\",\"@id\":\"https:\/\/www.sonoraenequipo.com.mx\/#\/schema\/person\/b2f7d4b3e5504aad00b5aca5d6793968\",\"name\":\"Jos\u00e9 Dar\u00edo Arredondo L\u00f3pez\",\"image\":{\"@type\":\"ImageObject\",\"inLanguage\":\"es\",\"@id\":\"https:\/\/www.sonoraenequipo.com.mx\/#\/schema\/person\/image\/\",\"url\":\"https:\/\/secure.gravatar.com\/avatar\/f2045d0fa3f125a8f9d8560826b10fdcf77b66c7124667565c680e91be13a925?s=96&d=blank&r=g\",\"contentUrl\":\"https:\/\/secure.gravatar.com\/avatar\/f2045d0fa3f125a8f9d8560826b10fdcf77b66c7124667565c680e91be13a925?s=96&d=blank&r=g\",\"caption\":\"Jos\u00e9 Dar\u00edo Arredondo L\u00f3pez\"},\"sameAs\":[\"http:\/\/sonoraenequipo.com.mx\"]}]}<\/script>\n ","yoast_head_json":{"title":"Sonora en Equipo. NOTAS SUELTAS. Limpiar la casa Voces","description":"\u201cSupongo que el \u00fanico momento en que la mayor\u00eda de la gente piensa en la injusticia es cuando les sucede a ellos\u201d (Charles Bukowski). Usted sabe que no se En Sonora en Equipo publicamos toda la informaci\u00f3n de Sonora, M\u00e9xico y el Mundo de manera oportuna y busca que la libertad de expresi\u00f3n sea real. Visita nuestro medio informativo publicado desde Hermosillo, Sonora. %","robots":{"index":"index","follow":"follow","max-snippet":"max-snippet:-1","max-image-preview":"max-image-preview:large","max-video-preview":"max-video-preview:-1"},"canonical":"https:\/\/www.sonoraenequipo.com.mx\/notas-sueltas-limpiar-la-casa\/","og_locale":"es_ES","og_type":"article","og_title":"Sonora en Equipo. NOTAS SUELTAS. Limpiar la casa Voces","og_description":"\u201cSupongo que el \u00fanico momento en que la mayor\u00eda de la gente piensa en la injusticia es cuando les sucede a ellos\u201d (Charles Bukowski). Usted sabe que no se En Sonora en Equipo publicamos toda la informaci\u00f3n de Sonora, M\u00e9xico y el Mundo de manera oportuna y busca que la libertad de expresi\u00f3n sea real. Visita nuestro medio informativo publicado desde Hermosillo, Sonora. %","og_url":"https:\/\/www.sonoraenequipo.com.mx\/notas-sueltas-limpiar-la-casa\/","og_site_name":"Sonora en Equipo.","article_publisher":"https:\/\/www.facebook.com\/SonoraEE\/","article_published_time":"2019-07-22T06:25:26+00:00","og_image":[{"width":600,"height":400,"url":"https:\/\/www.sonoraenequipo.com.mx\/storage\/2019\/07\/conservadores_opt.jpg","type":"image\/jpeg"}],"author":"Jos\u00e9 Dar\u00edo Arredondo L\u00f3pez","twitter_card":"summary_large_image","twitter_creator":"@sonoraenequipo","twitter_site":"@sonoraenequipo","twitter_misc":{"Escrito por":"Jos\u00e9 Dar\u00edo Arredondo L\u00f3pez","Tiempo de lectura":"5 minutos"},"schema":{"@context":"https:\/\/schema.org","@graph":[{"@type":"Article","@id":"https:\/\/www.sonoraenequipo.com.mx\/notas-sueltas-limpiar-la-casa\/#article","isPartOf":{"@id":"https:\/\/www.sonoraenequipo.com.mx\/notas-sueltas-limpiar-la-casa\/"},"author":{"name":"Jos\u00e9 Dar\u00edo Arredondo L\u00f3pez","@id":"https:\/\/www.sonoraenequipo.com.mx\/#\/schema\/person\/b2f7d4b3e5504aad00b5aca5d6793968"},"headline":"NOTAS SUELTAS. Limpiar la casa","datePublished":"2019-07-22T06:25:26+00:00","mainEntityOfPage":{"@id":"https:\/\/www.sonoraenequipo.com.mx\/notas-sueltas-limpiar-la-casa\/"},"wordCount":1045,"commentCount":0,"publisher":{"@id":"https:\/\/www.sonoraenequipo.com.mx\/#organization"},"image":{"@id":"https:\/\/www.sonoraenequipo.com.mx\/notas-sueltas-limpiar-la-casa\/#primaryimage"},"thumbnailUrl":"https:\/\/www.sonoraenequipo.com.mx\/storage\/2019\/07\/conservadores_opt.jpg","articleSection":["Voces"],"inLanguage":"es","potentialAction":[{"@type":"CommentAction","name":"Comment","target":["https:\/\/www.sonoraenequipo.com.mx\/notas-sueltas-limpiar-la-casa\/#respond"]}]},{"@type":"WebPage","@id":"https:\/\/www.sonoraenequipo.com.mx\/notas-sueltas-limpiar-la-casa\/","url":"https:\/\/www.sonoraenequipo.com.mx\/notas-sueltas-limpiar-la-casa\/","name":"Sonora en Equipo. NOTAS SUELTAS. Limpiar la casa Voces","isPartOf":{"@id":"https:\/\/www.sonoraenequipo.com.mx\/#website"},"primaryImageOfPage":{"@id":"https:\/\/www.sonoraenequipo.com.mx\/notas-sueltas-limpiar-la-casa\/#primaryimage"},"image":{"@id":"https:\/\/www.sonoraenequipo.com.mx\/notas-sueltas-limpiar-la-casa\/#primaryimage"},"thumbnailUrl":"https:\/\/www.sonoraenequipo.com.mx\/storage\/2019\/07\/conservadores_opt.jpg","datePublished":"2019-07-22T06:25:26+00:00","description":"\u201cSupongo que el \u00fanico momento en que la mayor\u00eda de la gente piensa en la injusticia es cuando les sucede a ellos\u201d (Charles Bukowski). Usted sabe que no se En Sonora en Equipo publicamos toda la informaci\u00f3n de Sonora, M\u00e9xico y el Mundo de manera oportuna y busca que la libertad de expresi\u00f3n sea real. Visita nuestro medio informativo publicado desde Hermosillo, Sonora. %","breadcrumb":{"@id":"https:\/\/www.sonoraenequipo.com.mx\/notas-sueltas-limpiar-la-casa\/#breadcrumb"},"inLanguage":"es","potentialAction":[{"@type":"ReadAction","target":["https:\/\/www.sonoraenequipo.com.mx\/notas-sueltas-limpiar-la-casa\/"]}]},{"@type":"ImageObject","inLanguage":"es","@id":"https:\/\/www.sonoraenequipo.com.mx\/notas-sueltas-limpiar-la-casa\/#primaryimage","url":"https:\/\/www.sonoraenequipo.com.mx\/storage\/2019\/07\/conservadores_opt.jpg","contentUrl":"https:\/\/www.sonoraenequipo.com.mx\/storage\/2019\/07\/conservadores_opt.jpg","width":600,"height":400},{"@type":"BreadcrumbList","@id":"https:\/\/www.sonoraenequipo.com.mx\/notas-sueltas-limpiar-la-casa\/#breadcrumb","itemListElement":[{"@type":"ListItem","position":1,"name":"Portada","item":"https:\/\/www.sonoraenequipo.com.mx\/"},{"@type":"ListItem","position":2,"name":"NOTAS SUELTAS. Limpiar la casa"}]},{"@type":"WebSite","@id":"https:\/\/www.sonoraenequipo.com.mx\/#website","url":"https:\/\/www.sonoraenequipo.com.mx\/","name":"Sonora en Equipo.","description":"Diario en l\u00ednea con Noticias desde Hermosillo, Sonora","publisher":{"@id":"https:\/\/www.sonoraenequipo.com.mx\/#organization"},"potentialAction":[{"@type":"SearchAction","target":{"@type":"EntryPoint","urlTemplate":"https:\/\/www.sonoraenequipo.com.mx\/?s={search_term_string}"},"query-input":{"@type":"PropertyValueSpecification","valueRequired":true,"valueName":"search_term_string"}}],"inLanguage":"es"},{"@type":"Organization","@id":"https:\/\/www.sonoraenequipo.com.mx\/#organization","name":"Sonoraenequipo.com.mx","url":"https:\/\/www.sonoraenequipo.com.mx\/","logo":{"@type":"ImageObject","inLanguage":"es","@id":"https:\/\/www.sonoraenequipo.com.mx\/#\/schema\/logo\/image\/","url":"https:\/\/www.sonoraenequipo.com.mx\/storage\/2019\/01\/sonoraenequipo_opt.png","contentUrl":"https:\/\/www.sonoraenequipo.com.mx\/storage\/2019\/01\/sonoraenequipo_opt.png","width":375,"height":125,"caption":"Sonoraenequipo.com.mx"},"image":{"@id":"https:\/\/www.sonoraenequipo.com.mx\/#\/schema\/logo\/image\/"},"sameAs":["https:\/\/www.facebook.com\/SonoraEE\/","https:\/\/x.com\/sonoraenequipo","https:\/\/www.youtube.com\/channel\/UC338nW-lPEYmJQs4ZABQ1SQ"]},{"@type":"Person","@id":"https:\/\/www.sonoraenequipo.com.mx\/#\/schema\/person\/b2f7d4b3e5504aad00b5aca5d6793968","name":"Jos\u00e9 Dar\u00edo Arredondo L\u00f3pez","image":{"@type":"ImageObject","inLanguage":"es","@id":"https:\/\/www.sonoraenequipo.com.mx\/#\/schema\/person\/image\/","url":"https:\/\/secure.gravatar.com\/avatar\/f2045d0fa3f125a8f9d8560826b10fdcf77b66c7124667565c680e91be13a925?s=96&d=blank&r=g","contentUrl":"https:\/\/secure.gravatar.com\/avatar\/f2045d0fa3f125a8f9d8560826b10fdcf77b66c7124667565c680e91be13a925?s=96&d=blank&r=g","caption":"Jos\u00e9 Dar\u00edo Arredondo L\u00f3pez"},"sameAs":["http:\/\/sonoraenequipo.com.mx"]}]}},"jetpack_featured_media_url":"https:\/\/www.sonoraenequipo.com.mx\/storage\/2019\/07\/conservadores_opt.jpg","_links":{"self":[{"href":"https:\/\/www.sonoraenequipo.com.mx\/api\/wp\/v2\/posts\/64344","targetHints":{"allow":["GET"]}}],"collection":[{"href":"https:\/\/www.sonoraenequipo.com.mx\/api\/wp\/v2\/posts"}],"about":[{"href":"https:\/\/www.sonoraenequipo.com.mx\/api\/wp\/v2\/types\/post"}],"author":[{"embeddable":true,"href":"https:\/\/www.sonoraenequipo.com.mx\/api\/wp\/v2\/users\/8"}],"replies":[{"embeddable":true,"href":"https:\/\/www.sonoraenequipo.com.mx\/api\/wp\/v2\/comments?post=64344"}],"version-history":[{"count":0,"href":"https:\/\/www.sonoraenequipo.com.mx\/api\/wp\/v2\/posts\/64344\/revisions"}],"wp:featuredmedia":[{"embeddable":true,"href":"https:\/\/www.sonoraenequipo.com.mx\/api\/wp\/v2\/media\/64345"}],"wp:attachment":[{"href":"https:\/\/www.sonoraenequipo.com.mx\/api\/wp\/v2\/media?parent=64344"}],"wp:term":[{"taxonomy":"category","embeddable":true,"href":"https:\/\/www.sonoraenequipo.com.mx\/api\/wp\/v2\/categories?post=64344"},{"taxonomy":"post_tag","embeddable":true,"href":"https:\/\/www.sonoraenequipo.com.mx\/api\/wp\/v2\/tags?post=64344"}],"curies":[{"name":"wp","href":"https:\/\/api.w.org\/{rel}","templated":true}]}}