{"id":64375,"date":"2019-07-21T22:16:47","date_gmt":"2019-07-22T05:16:47","guid":{"rendered":"https:\/\/www.sonoraenequipo.com.mx\/?p=64375"},"modified":"2019-07-21T22:18:45","modified_gmt":"2019-07-22T05:18:45","slug":"64375-2","status":"publish","type":"post","link":"https:\/\/www.sonoraenequipo.com.mx\/64375-2\/","title":{"rendered":"Mitos y verdades sobre el consumo de cereal"},"content":{"rendered":"<p>HERMOSILLO,SONORA.- \u00a0El consumo de cereales comerciales ultraprocesados se ha promovido a trav\u00e9s de la publicidad masiva como un h\u00e1bito dietario saludable, pero, \u00bfqu\u00e9 dice la ciencia al respecto? Cient\u00edficos del Centro de Investigaci\u00f3n en Alimentaci\u00f3n y Desarrollo (CIAD) nos comparten su opini\u00f3n. <\/p>\n<p>Ana Mar\u00eda Calder\u00f3n de la Barca y Heliodoro Alem\u00e1n Mateo, ambos profesores de la Coordinaci\u00f3n de Nutrici\u00f3n del CIAD, coinciden en que es necesario, en primera instancia, puntualizar que el \u201ccereal\u201d no son solo los productos de hojuelas de ma\u00edz o arroz inflado que se venden en caja. Tambi\u00e9n son cereales todos aquellos granos como la avena, cebada y trigo, que pueden encontrarse descascarillados o en forma integral. Algunos de estos est\u00e1n incluidos, despu\u00e9s de mucho procesamiento, en los \u201ccereales\u201d de caja.<\/p>\n<p>Los acad\u00e9micos concuerdan en que, a trav\u00e9s de los medios de comunicaci\u00f3n, se ofrece la idea de que desayunar o cenar cereal comercial diariamente es un h\u00e1bito saludable, que puede favorecer al control de peso y que, incluso, puede representar un aperitivo entre comidas o como postre. Sin embargo, esto dista de ser necesariamente cierto.<\/p>\n<p>Explicaron los especialistas que los \u201ccereales\u201d comerciales de ma\u00edz y arroz suelen caracterizarse por su alto contenido cal\u00f3rico, en particular por su gran aporte de az\u00facares y bajo o nulo contenido de fibra diet\u00e9tica. Aunque se promueven con propaganda de \u201cadicionados con vitaminas, minerales, prote\u00ednas y fibra\u201d, no brindan un aporte nutricional adecuado de prote\u00edna y fibra diet\u00e9tica; de hecho, tienen m\u00e1s fibra los frijoles y la fruta, como una pera o una naranja.<\/p>\n<p><strong>La informaci\u00f3n es saludable<\/strong><\/p>\n<p>Tampoco se trata de satanizar a los \u201ccereales\u201d comerciales como da\u00f1inos para la salud o que deban de evitarse a toda costa, aunque s\u00ed es pertinente enfatizar que no deben ser la base de la alimentaci\u00f3n. Pueden formar parte de una alimentaci\u00f3n donde haya frutas, verduras, prote\u00edna animal y leguminosas, se\u00f1alaron. En otras palabras, si el desayuno o la cena es solo un plato de cereal con leche, es un platillo muy incompleto.<\/p>\n<p>Por lo anterior, recomendaron consultar el Plato del Bien Comer, una gu\u00eda que orienta con mucha claridad c\u00f3mo debe de conformarse una alimentaci\u00f3n equilibrada.<\/p>\n<p>Recalcaron que es muy importante que, a pesar de que los cereales procesados de ma\u00edz y arroz sean de las comidas favoritas de los ni\u00f1os, no se les debe proporcionar diariamente. Especialmente deben evitarse aquellos que se ofertan como \u201cpapillas\u201d o primeros alimentos para menores de dos a\u00f1os, debido a su composici\u00f3n desbalanceada.<\/p>\n<p>Asimismo, es importante que la primera opci\u00f3n no sea ofrecer dichos productos, sino cereales como avena integral, cebada o mezcla de granos con frutos secos (granola sin az\u00facar), y mezclada con fruta fresca en trozos, como manzana o pl\u00e1tano, adem\u00e1s de la leche.<\/p>\n<p>Por \u00faltimo, los investigadores indicaron que el consejo de procurar los alimentos en su forma natural y que sean propios de la regi\u00f3n no se restringe solo a los cereales, sino a todo lo que conforma nuestra dieta. La naturaleza ofrece, a trav\u00e9s de los alimentos, vitaminas, prote\u00ednas, minerales, l\u00edpidos o grasas, fibra y carbohidratos, los cuales son necesarios para tener un buen estado de nutrici\u00f3n y salud.<\/p>\n<p>Fecha de publicaci\u00f3n 21\/07\/2019<\/p>\n","protected":false},"excerpt":{"rendered":"<p>HERMOSILLO,SONORA.- \u00a0El consumo de cereales comerciales ultraprocesados se ha promovido a trav\u00e9s de la publicidad&#8230;<\/p>\n","protected":false},"author":178,"featured_media":64376,"comment_status":"open","ping_status":"open","sticky":false,"template":"","format":"standard","meta":{"_monsterinsights_skip_tracking":false,"_monsterinsights_sitenote_active":false,"_monsterinsights_sitenote_note":"","_monsterinsights_sitenote_category":0,"footnotes":""},"categories":[2216],"tags":[1227],"class_list":["post"],"yoast_head":" \n<title>Sonora en Equipo. Mitos y verdades sobre el consumo de cereal Ciencia y Tecnolog\u00eda<\/title>\n<meta name=\"description\" content=\"HERMOSILLO,SONORA.- \u00a0El consumo de cereales comerciales ultraprocesados se ha promovido a trav\u00e9s de la publicidad masiva como un h\u00e1bito dietario En Sonora en Equipo publicamos toda la informaci\u00f3n de Sonora, M\u00e9xico y el Mundo de manera oportuna y busca que la libertad de expresi\u00f3n sea real. Visita nuestro medio informativo publicado desde Hermosillo, Sonora. %\" \/>\n<meta name=\"robots\" content=\"index, follow, max-snippet:-1, max-image-preview:large, max-video-preview:-1\" \/>\n<link rel=\"canonical\" href=\"https:\/\/www.sonoraenequipo.com.mx\/64375-2\/\" \/>\n<meta property=\"og:locale\" content=\"es_ES\" \/>\n<meta property=\"og:type\" content=\"article\" \/>\n<meta property=\"og:title\" content=\"Sonora en Equipo. Mitos y verdades sobre el consumo de cereal Ciencia y Tecnolog\u00eda\" \/>\n<meta property=\"og:description\" content=\"HERMOSILLO,SONORA.- \u00a0El consumo de cereales comerciales ultraprocesados se ha promovido a trav\u00e9s de la publicidad masiva como un h\u00e1bito dietario En Sonora en Equipo publicamos toda la informaci\u00f3n de Sonora, M\u00e9xico y el Mundo de manera oportuna y busca que la libertad de expresi\u00f3n sea real. Visita nuestro medio informativo publicado desde Hermosillo, Sonora. %\" \/>\n<meta property=\"og:url\" content=\"https:\/\/www.sonoraenequipo.com.mx\/64375-2\/\" \/>\n<meta property=\"og:site_name\" content=\"Sonora en Equipo.\" \/>\n<meta property=\"article:publisher\" content=\"https:\/\/www.facebook.com\/SonoraEE\/\" \/>\n<meta property=\"article:published_time\" content=\"2019-07-22T05:16:47+00:00\" \/>\n<meta property=\"article:modified_time\" content=\"2019-07-22T05:18:45+00:00\" \/>\n<meta property=\"og:image\" content=\"https:\/\/www.sonoraenequipo.com.mx\/storage\/2019\/07\/cereal.jpg\" \/>\n\t<meta property=\"og:image:width\" content=\"450\" \/>\n\t<meta property=\"og:image:height\" content=\"300\" \/>\n\t<meta property=\"og:image:type\" content=\"image\/jpeg\" \/>\n<meta name=\"author\" content=\"enequipo\" \/>\n<meta name=\"twitter:card\" content=\"summary_large_image\" \/>\n<meta name=\"twitter:creator\" content=\"@sonoraenequipo\" \/>\n<meta name=\"twitter:site\" content=\"@sonoraenequipo\" \/>\n<meta name=\"twitter:label1\" content=\"Escrito por\" \/>\n\t<meta name=\"twitter:data1\" content=\"enequipo\" \/>\n\t<meta name=\"twitter:label2\" content=\"Tiempo de lectura\" \/>\n\t<meta name=\"twitter:data2\" content=\"3 minutos\" \/>\n<script type=\"application\/ld+json\" class=\"yoast-schema-graph\">{\"@context\":\"https:\/\/schema.org\",\"@graph\":[{\"@type\":\"Article\",\"@id\":\"https:\/\/www.sonoraenequipo.com.mx\/64375-2\/#article\",\"isPartOf\":{\"@id\":\"https:\/\/www.sonoraenequipo.com.mx\/64375-2\/\"},\"author\":{\"name\":\"enequipo\",\"@id\":\"https:\/\/www.sonoraenequipo.com.mx\/#\/schema\/person\/61a39de478a1763473ad55e8a95fddf6\"},\"headline\":\"Mitos y verdades sobre el consumo de cereal\",\"datePublished\":\"2019-07-22T05:16:47+00:00\",\"dateModified\":\"2019-07-22T05:18:45+00:00\",\"mainEntityOfPage\":{\"@id\":\"https:\/\/www.sonoraenequipo.com.mx\/64375-2\/\"},\"wordCount\":581,\"commentCount\":0,\"publisher\":{\"@id\":\"https:\/\/www.sonoraenequipo.com.mx\/#organization\"},\"image\":{\"@id\":\"https:\/\/www.sonoraenequipo.com.mx\/64375-2\/#primaryimage\"},\"thumbnailUrl\":\"https:\/\/www.sonoraenequipo.com.mx\/storage\/2019\/07\/cereal.jpg\",\"keywords\":[\"CIAD\"],\"articleSection\":[\"Ciencia y Tecnolog\u00eda\"],\"inLanguage\":\"es\",\"potentialAction\":[{\"@type\":\"CommentAction\",\"name\":\"Comment\",\"target\":[\"https:\/\/www.sonoraenequipo.com.mx\/64375-2\/#respond\"]}]},{\"@type\":\"WebPage\",\"@id\":\"https:\/\/www.sonoraenequipo.com.mx\/64375-2\/\",\"url\":\"https:\/\/www.sonoraenequipo.com.mx\/64375-2\/\",\"name\":\"Sonora en Equipo. Mitos y verdades sobre el consumo de cereal Ciencia y Tecnolog\u00eda\",\"isPartOf\":{\"@id\":\"https:\/\/www.sonoraenequipo.com.mx\/#website\"},\"primaryImageOfPage\":{\"@id\":\"https:\/\/www.sonoraenequipo.com.mx\/64375-2\/#primaryimage\"},\"image\":{\"@id\":\"https:\/\/www.sonoraenequipo.com.mx\/64375-2\/#primaryimage\"},\"thumbnailUrl\":\"https:\/\/www.sonoraenequipo.com.mx\/storage\/2019\/07\/cereal.jpg\",\"datePublished\":\"2019-07-22T05:16:47+00:00\",\"dateModified\":\"2019-07-22T05:18:45+00:00\",\"description\":\"HERMOSILLO,SONORA.- \u00a0El consumo de cereales comerciales ultraprocesados se ha promovido a trav\u00e9s de la publicidad masiva como un h\u00e1bito dietario En Sonora en Equipo publicamos toda la informaci\u00f3n de Sonora, M\u00e9xico y el Mundo de manera oportuna y busca que la libertad de expresi\u00f3n sea real. Visita nuestro medio informativo publicado desde Hermosillo, Sonora. %\",\"breadcrumb\":{\"@id\":\"https:\/\/www.sonoraenequipo.com.mx\/64375-2\/#breadcrumb\"},\"inLanguage\":\"es\",\"potentialAction\":[{\"@type\":\"ReadAction\",\"target\":[\"https:\/\/www.sonoraenequipo.com.mx\/64375-2\/\"]}]},{\"@type\":\"ImageObject\",\"inLanguage\":\"es\",\"@id\":\"https:\/\/www.sonoraenequipo.com.mx\/64375-2\/#primaryimage\",\"url\":\"https:\/\/www.sonoraenequipo.com.mx\/storage\/2019\/07\/cereal.jpg\",\"contentUrl\":\"https:\/\/www.sonoraenequipo.com.mx\/storage\/2019\/07\/cereal.jpg\",\"width\":450,\"height\":300},{\"@type\":\"BreadcrumbList\",\"@id\":\"https:\/\/www.sonoraenequipo.com.mx\/64375-2\/#breadcrumb\",\"itemListElement\":[{\"@type\":\"ListItem\",\"position\":1,\"name\":\"Portada\",\"item\":\"https:\/\/www.sonoraenequipo.com.mx\/\"},{\"@type\":\"ListItem\",\"position\":2,\"name\":\"Mitos y verdades sobre el consumo de cereal\"}]},{\"@type\":\"WebSite\",\"@id\":\"https:\/\/www.sonoraenequipo.com.mx\/#website\",\"url\":\"https:\/\/www.sonoraenequipo.com.mx\/\",\"name\":\"Sonora en Equipo.\",\"description\":\"Diario en l\u00ednea con Noticias desde Hermosillo, Sonora\",\"publisher\":{\"@id\":\"https:\/\/www.sonoraenequipo.com.mx\/#organization\"},\"potentialAction\":[{\"@type\":\"SearchAction\",\"target\":{\"@type\":\"EntryPoint\",\"urlTemplate\":\"https:\/\/www.sonoraenequipo.com.mx\/?s={search_term_string}\"},\"query-input\":{\"@type\":\"PropertyValueSpecification\",\"valueRequired\":true,\"valueName\":\"search_term_string\"}}],\"inLanguage\":\"es\"},{\"@type\":\"Organization\",\"@id\":\"https:\/\/www.sonoraenequipo.com.mx\/#organization\",\"name\":\"Sonoraenequipo.com.mx\",\"url\":\"https:\/\/www.sonoraenequipo.com.mx\/\",\"logo\":{\"@type\":\"ImageObject\",\"inLanguage\":\"es\",\"@id\":\"https:\/\/www.sonoraenequipo.com.mx\/#\/schema\/logo\/image\/\",\"url\":\"https:\/\/www.sonoraenequipo.com.mx\/storage\/2019\/01\/sonoraenequipo_opt.png\",\"contentUrl\":\"https:\/\/www.sonoraenequipo.com.mx\/storage\/2019\/01\/sonoraenequipo_opt.png\",\"width\":375,\"height\":125,\"caption\":\"Sonoraenequipo.com.mx\"},\"image\":{\"@id\":\"https:\/\/www.sonoraenequipo.com.mx\/#\/schema\/logo\/image\/\"},\"sameAs\":[\"https:\/\/www.facebook.com\/SonoraEE\/\",\"https:\/\/x.com\/sonoraenequipo\",\"https:\/\/www.youtube.com\/channel\/UC338nW-lPEYmJQs4ZABQ1SQ\"]},{\"@type\":\"Person\",\"@id\":\"https:\/\/www.sonoraenequipo.com.mx\/#\/schema\/person\/61a39de478a1763473ad55e8a95fddf6\",\"name\":\"enequipo\",\"image\":{\"@type\":\"ImageObject\",\"inLanguage\":\"es\",\"@id\":\"https:\/\/www.sonoraenequipo.com.mx\/#\/schema\/person\/image\/\",\"url\":\"https:\/\/secure.gravatar.com\/avatar\/e39bc3016d8af598aed3d770c9510dfc2795f37ea1733d99fcc6e97d2c3c9f5e?s=96&d=blank&r=g\",\"contentUrl\":\"https:\/\/secure.gravatar.com\/avatar\/e39bc3016d8af598aed3d770c9510dfc2795f37ea1733d99fcc6e97d2c3c9f5e?s=96&d=blank&r=g\",\"caption\":\"enequipo\"}}]}<\/script>\n ","yoast_head_json":{"title":"Sonora en Equipo. Mitos y verdades sobre el consumo de cereal Ciencia y Tecnolog\u00eda","description":"HERMOSILLO,SONORA.- \u00a0El consumo de cereales comerciales ultraprocesados se ha promovido a trav\u00e9s de la publicidad masiva como un h\u00e1bito dietario En Sonora en Equipo publicamos toda la informaci\u00f3n de Sonora, M\u00e9xico y el Mundo de manera oportuna y busca que la libertad de expresi\u00f3n sea real. Visita nuestro medio informativo publicado desde Hermosillo, Sonora. %","robots":{"index":"index","follow":"follow","max-snippet":"max-snippet:-1","max-image-preview":"max-image-preview:large","max-video-preview":"max-video-preview:-1"},"canonical":"https:\/\/www.sonoraenequipo.com.mx\/64375-2\/","og_locale":"es_ES","og_type":"article","og_title":"Sonora en Equipo. Mitos y verdades sobre el consumo de cereal Ciencia y Tecnolog\u00eda","og_description":"HERMOSILLO,SONORA.- \u00a0El consumo de cereales comerciales ultraprocesados se ha promovido a trav\u00e9s de la publicidad masiva como un h\u00e1bito dietario En Sonora en Equipo publicamos toda la informaci\u00f3n de Sonora, M\u00e9xico y el Mundo de manera oportuna y busca que la libertad de expresi\u00f3n sea real. Visita nuestro medio informativo publicado desde Hermosillo, Sonora. %","og_url":"https:\/\/www.sonoraenequipo.com.mx\/64375-2\/","og_site_name":"Sonora en Equipo.","article_publisher":"https:\/\/www.facebook.com\/SonoraEE\/","article_published_time":"2019-07-22T05:16:47+00:00","article_modified_time":"2019-07-22T05:18:45+00:00","og_image":[{"width":450,"height":300,"url":"https:\/\/www.sonoraenequipo.com.mx\/storage\/2019\/07\/cereal.jpg","type":"image\/jpeg"}],"author":"enequipo","twitter_card":"summary_large_image","twitter_creator":"@sonoraenequipo","twitter_site":"@sonoraenequipo","twitter_misc":{"Escrito por":"enequipo","Tiempo de lectura":"3 minutos"},"schema":{"@context":"https:\/\/schema.org","@graph":[{"@type":"Article","@id":"https:\/\/www.sonoraenequipo.com.mx\/64375-2\/#article","isPartOf":{"@id":"https:\/\/www.sonoraenequipo.com.mx\/64375-2\/"},"author":{"name":"enequipo","@id":"https:\/\/www.sonoraenequipo.com.mx\/#\/schema\/person\/61a39de478a1763473ad55e8a95fddf6"},"headline":"Mitos y verdades sobre el consumo de cereal","datePublished":"2019-07-22T05:16:47+00:00","dateModified":"2019-07-22T05:18:45+00:00","mainEntityOfPage":{"@id":"https:\/\/www.sonoraenequipo.com.mx\/64375-2\/"},"wordCount":581,"commentCount":0,"publisher":{"@id":"https:\/\/www.sonoraenequipo.com.mx\/#organization"},"image":{"@id":"https:\/\/www.sonoraenequipo.com.mx\/64375-2\/#primaryimage"},"thumbnailUrl":"https:\/\/www.sonoraenequipo.com.mx\/storage\/2019\/07\/cereal.jpg","keywords":["CIAD"],"articleSection":["Ciencia y Tecnolog\u00eda"],"inLanguage":"es","potentialAction":[{"@type":"CommentAction","name":"Comment","target":["https:\/\/www.sonoraenequipo.com.mx\/64375-2\/#respond"]}]},{"@type":"WebPage","@id":"https:\/\/www.sonoraenequipo.com.mx\/64375-2\/","url":"https:\/\/www.sonoraenequipo.com.mx\/64375-2\/","name":"Sonora en Equipo. Mitos y verdades sobre el consumo de cereal Ciencia y Tecnolog\u00eda","isPartOf":{"@id":"https:\/\/www.sonoraenequipo.com.mx\/#website"},"primaryImageOfPage":{"@id":"https:\/\/www.sonoraenequipo.com.mx\/64375-2\/#primaryimage"},"image":{"@id":"https:\/\/www.sonoraenequipo.com.mx\/64375-2\/#primaryimage"},"thumbnailUrl":"https:\/\/www.sonoraenequipo.com.mx\/storage\/2019\/07\/cereal.jpg","datePublished":"2019-07-22T05:16:47+00:00","dateModified":"2019-07-22T05:18:45+00:00","description":"HERMOSILLO,SONORA.- \u00a0El consumo de cereales comerciales ultraprocesados se ha promovido a trav\u00e9s de la publicidad masiva como un h\u00e1bito dietario En Sonora en Equipo publicamos toda la informaci\u00f3n de Sonora, M\u00e9xico y el Mundo de manera oportuna y busca que la libertad de expresi\u00f3n sea real. Visita nuestro medio informativo publicado desde Hermosillo, Sonora. %","breadcrumb":{"@id":"https:\/\/www.sonoraenequipo.com.mx\/64375-2\/#breadcrumb"},"inLanguage":"es","potentialAction":[{"@type":"ReadAction","target":["https:\/\/www.sonoraenequipo.com.mx\/64375-2\/"]}]},{"@type":"ImageObject","inLanguage":"es","@id":"https:\/\/www.sonoraenequipo.com.mx\/64375-2\/#primaryimage","url":"https:\/\/www.sonoraenequipo.com.mx\/storage\/2019\/07\/cereal.jpg","contentUrl":"https:\/\/www.sonoraenequipo.com.mx\/storage\/2019\/07\/cereal.jpg","width":450,"height":300},{"@type":"BreadcrumbList","@id":"https:\/\/www.sonoraenequipo.com.mx\/64375-2\/#breadcrumb","itemListElement":[{"@type":"ListItem","position":1,"name":"Portada","item":"https:\/\/www.sonoraenequipo.com.mx\/"},{"@type":"ListItem","position":2,"name":"Mitos y verdades sobre el consumo de cereal"}]},{"@type":"WebSite","@id":"https:\/\/www.sonoraenequipo.com.mx\/#website","url":"https:\/\/www.sonoraenequipo.com.mx\/","name":"Sonora en Equipo.","description":"Diario en l\u00ednea con Noticias desde Hermosillo, Sonora","publisher":{"@id":"https:\/\/www.sonoraenequipo.com.mx\/#organization"},"potentialAction":[{"@type":"SearchAction","target":{"@type":"EntryPoint","urlTemplate":"https:\/\/www.sonoraenequipo.com.mx\/?s={search_term_string}"},"query-input":{"@type":"PropertyValueSpecification","valueRequired":true,"valueName":"search_term_string"}}],"inLanguage":"es"},{"@type":"Organization","@id":"https:\/\/www.sonoraenequipo.com.mx\/#organization","name":"Sonoraenequipo.com.mx","url":"https:\/\/www.sonoraenequipo.com.mx\/","logo":{"@type":"ImageObject","inLanguage":"es","@id":"https:\/\/www.sonoraenequipo.com.mx\/#\/schema\/logo\/image\/","url":"https:\/\/www.sonoraenequipo.com.mx\/storage\/2019\/01\/sonoraenequipo_opt.png","contentUrl":"https:\/\/www.sonoraenequipo.com.mx\/storage\/2019\/01\/sonoraenequipo_opt.png","width":375,"height":125,"caption":"Sonoraenequipo.com.mx"},"image":{"@id":"https:\/\/www.sonoraenequipo.com.mx\/#\/schema\/logo\/image\/"},"sameAs":["https:\/\/www.facebook.com\/SonoraEE\/","https:\/\/x.com\/sonoraenequipo","https:\/\/www.youtube.com\/channel\/UC338nW-lPEYmJQs4ZABQ1SQ"]},{"@type":"Person","@id":"https:\/\/www.sonoraenequipo.com.mx\/#\/schema\/person\/61a39de478a1763473ad55e8a95fddf6","name":"enequipo","image":{"@type":"ImageObject","inLanguage":"es","@id":"https:\/\/www.sonoraenequipo.com.mx\/#\/schema\/person\/image\/","url":"https:\/\/secure.gravatar.com\/avatar\/e39bc3016d8af598aed3d770c9510dfc2795f37ea1733d99fcc6e97d2c3c9f5e?s=96&d=blank&r=g","contentUrl":"https:\/\/secure.gravatar.com\/avatar\/e39bc3016d8af598aed3d770c9510dfc2795f37ea1733d99fcc6e97d2c3c9f5e?s=96&d=blank&r=g","caption":"enequipo"}}]}},"jetpack_featured_media_url":"https:\/\/www.sonoraenequipo.com.mx\/storage\/2019\/07\/cereal.jpg","_links":{"self":[{"href":"https:\/\/www.sonoraenequipo.com.mx\/api\/wp\/v2\/posts\/64375","targetHints":{"allow":["GET"]}}],"collection":[{"href":"https:\/\/www.sonoraenequipo.com.mx\/api\/wp\/v2\/posts"}],"about":[{"href":"https:\/\/www.sonoraenequipo.com.mx\/api\/wp\/v2\/types\/post"}],"author":[{"embeddable":true,"href":"https:\/\/www.sonoraenequipo.com.mx\/api\/wp\/v2\/users\/178"}],"replies":[{"embeddable":true,"href":"https:\/\/www.sonoraenequipo.com.mx\/api\/wp\/v2\/comments?post=64375"}],"version-history":[{"count":0,"href":"https:\/\/www.sonoraenequipo.com.mx\/api\/wp\/v2\/posts\/64375\/revisions"}],"wp:featuredmedia":[{"embeddable":true,"href":"https:\/\/www.sonoraenequipo.com.mx\/api\/wp\/v2\/media\/64376"}],"wp:attachment":[{"href":"https:\/\/www.sonoraenequipo.com.mx\/api\/wp\/v2\/media?parent=64375"}],"wp:term":[{"taxonomy":"category","embeddable":true,"href":"https:\/\/www.sonoraenequipo.com.mx\/api\/wp\/v2\/categories?post=64375"},{"taxonomy":"post_tag","embeddable":true,"href":"https:\/\/www.sonoraenequipo.com.mx\/api\/wp\/v2\/tags?post=64375"}],"curies":[{"name":"wp","href":"https:\/\/api.w.org\/{rel}","templated":true}]}}