{"id":64382,"date":"2019-07-22T05:30:40","date_gmt":"2019-07-22T12:30:40","guid":{"rendered":"https:\/\/www.sonoraenequipo.com.mx\/?p=64382"},"modified":"2020-05-18T17:33:33","modified_gmt":"2020-05-19T00:33:33","slug":"la-migracion-y-la-4t-politica-contradictoria-y-con-mucha-improvisacion","status":"publish","type":"post","link":"https:\/\/www.sonoraenequipo.com.mx\/la-migracion-y-la-4t-politica-contradictoria-y-con-mucha-improvisacion\/","title":{"rendered":"La migraci\u00f3n y la 4T: Pol\u00edtica contradictoria y con mucha improvisaci\u00f3n"},"content":{"rendered":"\n<p>CIUDAD DE M\u00c9XICO. MX. \u2014 Si bien la administraci\u00f3n de Andr\u00e9s Manuel L\u00f3pez Obrador comenz\u00f3 enfatizando la defensa de los derechos humanos en materia migratoria, pronto, en respuesta a las exigencias del presidente estadunidense Donald Trump, dio un viraje. Hasta ahora, la pol\u00edtica migratoria del actual gobierno federal ha sido contradictoria y se ha improvisado mucho, resume Leopoldo Santos, profesor e investigador de El Colegio de Sonora.<\/p>\n\n\n\n<p>El investigador propone que har\u00eda falta que L\u00f3pez Obrador alerte a la poblaci\u00f3n que existe la posibilidad de que la actual situaci\u00f3n se transforme en una de emergencia, en cuyo caso se requerir\u00e1 del apoyo de todos los mexicanos.<\/p>\n\n\n\n<p><a href=\"https:\/\/www.jornada.com.mx\/ultimas\/especiales\/como-va-la-cuarta-transformacion#1\">https:\/\/www.jornada.com.mx\/ultimas\/especiales\/como-va-la-cuarta-transformacion#1<\/a><\/p>\n\n\n\n<p><\/p>\n\n\n\n<p>(Publicado el 22\/07\/2019 \/ Especial de<a href=\"https:\/\/www.jornada.com.mx\/ultimas\/especiales\/como-va-la-cuarta-transformacion\"> LA JORNADA<\/a>)<\/p>\n","protected":false},"excerpt":{"rendered":"<p>CIUDAD DE M\u00c9XICO. MX. \u2014 Si bien la administraci\u00f3n de Andr\u00e9s Manuel L\u00f3pez Obrador comenz\u00f3&#8230;<\/p>\n","protected":false},"author":1,"featured_media":64384,"comment_status":"open","ping_status":"open","sticky":false,"template":"","format":"standard","meta":{"_monsterinsights_skip_tracking":false,"_monsterinsights_sitenote_active":false,"_monsterinsights_sitenote_note":"","_monsterinsights_sitenote_category":0,"footnotes":""},"categories":[5],"tags":[],"class_list":["post"],"yoast_head":" \n<title>Sonora en Equipo. La migraci\u00f3n y la 4T: Pol\u00edtica contradictoria y con mucha improvisaci\u00f3n<\/title>\n<meta name=\"description\" content=\"CIUDAD DE M\u00c9XICO. MX. \u2014 Si bien la administraci\u00f3n de Andr\u00e9s Manuel L\u00f3pez Obrador comenz\u00f3 enfatizando la defensa de los derechos humanos en materia En Sonora en Equipo publicamos toda la informaci\u00f3n de Sonora, M\u00e9xico y el Mundo de manera oportuna y busca que la libertad de expresi\u00f3n sea real. Visita nuestro medio informativo publicado desde Hermosillo, Sonora. %\" \/>\n<meta name=\"robots\" content=\"index, follow, max-snippet:-1, max-image-preview:large, max-video-preview:-1\" \/>\n<link rel=\"canonical\" href=\"https:\/\/www.sonoraenequipo.com.mx\/la-migracion-y-la-4t-politica-contradictoria-y-con-mucha-improvisacion\/\" \/>\n<meta property=\"og:locale\" content=\"es_ES\" \/>\n<meta property=\"og:type\" content=\"article\" \/>\n<meta property=\"og:title\" content=\"Sonora en Equipo. La migraci\u00f3n y la 4T: Pol\u00edtica contradictoria y con mucha improvisaci\u00f3n\" \/>\n<meta property=\"og:description\" content=\"CIUDAD DE M\u00c9XICO. MX. \u2014 Si bien la administraci\u00f3n de Andr\u00e9s Manuel L\u00f3pez Obrador comenz\u00f3 enfatizando la defensa de los derechos humanos en materia En Sonora en Equipo publicamos toda la informaci\u00f3n de Sonora, M\u00e9xico y el Mundo de manera oportuna y busca que la libertad de expresi\u00f3n sea real. Visita nuestro medio informativo publicado desde Hermosillo, Sonora. %\" \/>\n<meta property=\"og:url\" content=\"https:\/\/www.sonoraenequipo.com.mx\/la-migracion-y-la-4t-politica-contradictoria-y-con-mucha-improvisacion\/\" \/>\n<meta property=\"og:site_name\" content=\"Sonora en Equipo.\" \/>\n<meta property=\"article:publisher\" content=\"https:\/\/www.facebook.com\/SonoraEE\/\" \/>\n<meta property=\"article:author\" content=\"https:\/\/www.facebook.com\/SonoraEE\" \/>\n<meta property=\"article:published_time\" content=\"2019-07-22T12:30:40+00:00\" \/>\n<meta property=\"article:modified_time\" content=\"2020-05-19T00:33:33+00:00\" \/>\n<meta property=\"og:image\" content=\"https:\/\/www.sonoraenequipo.com.mx\/storage\/2019\/07\/Cuarta-Transformaci\u00f3n_opt.jpg\" \/>\n\t<meta property=\"og:image:width\" content=\"1026\" \/>\n\t<meta property=\"og:image:height\" content=\"400\" \/>\n\t<meta property=\"og:image:type\" content=\"image\/jpeg\" \/>\n<meta name=\"author\" content=\"enequipo\" \/>\n<meta name=\"twitter:card\" content=\"summary_large_image\" \/>\n<meta name=\"twitter:creator\" content=\"@sonoraenequipo\" \/>\n<meta name=\"twitter:site\" content=\"@sonoraenequipo\" \/>\n<meta name=\"twitter:label1\" content=\"Escrito por\" \/>\n\t<meta name=\"twitter:data1\" content=\"enequipo\" \/>\n\t<meta name=\"twitter:label2\" content=\"Tiempo de lectura\" \/>\n\t<meta name=\"twitter:data2\" content=\"1 minuto\" \/>\n<script type=\"application\/ld+json\" class=\"yoast-schema-graph\">{\"@context\":\"https:\/\/schema.org\",\"@graph\":[{\"@type\":\"Article\",\"@id\":\"https:\/\/www.sonoraenequipo.com.mx\/la-migracion-y-la-4t-politica-contradictoria-y-con-mucha-improvisacion\/#article\",\"isPartOf\":{\"@id\":\"https:\/\/www.sonoraenequipo.com.mx\/la-migracion-y-la-4t-politica-contradictoria-y-con-mucha-improvisacion\/\"},\"author\":{\"name\":\"enequipo\",\"@id\":\"https:\/\/www.sonoraenequipo.com.mx\/#\/schema\/person\/50102df0fb23a8fa9e8effad8fa81386\"},\"headline\":\"La migraci\u00f3n y la 4T: Pol\u00edtica contradictoria y con mucha improvisaci\u00f3n\",\"datePublished\":\"2019-07-22T12:30:40+00:00\",\"dateModified\":\"2020-05-19T00:33:33+00:00\",\"mainEntityOfPage\":{\"@id\":\"https:\/\/www.sonoraenequipo.com.mx\/la-migracion-y-la-4t-politica-contradictoria-y-con-mucha-improvisacion\/\"},\"wordCount\":142,\"commentCount\":0,\"publisher\":{\"@id\":\"https:\/\/www.sonoraenequipo.com.mx\/#organization\"},\"image\":{\"@id\":\"https:\/\/www.sonoraenequipo.com.mx\/la-migracion-y-la-4t-politica-contradictoria-y-con-mucha-improvisacion\/#primaryimage\"},\"thumbnailUrl\":\"https:\/\/www.sonoraenequipo.com.mx\/storage\/2019\/07\/Cuarta-Transformaci\u00f3n_opt.jpg\",\"articleSection\":[\"Rep\u00fablica\"],\"inLanguage\":\"es\",\"potentialAction\":[{\"@type\":\"CommentAction\",\"name\":\"Comment\",\"target\":[\"https:\/\/www.sonoraenequipo.com.mx\/la-migracion-y-la-4t-politica-contradictoria-y-con-mucha-improvisacion\/#respond\"]}]},{\"@type\":\"WebPage\",\"@id\":\"https:\/\/www.sonoraenequipo.com.mx\/la-migracion-y-la-4t-politica-contradictoria-y-con-mucha-improvisacion\/\",\"url\":\"https:\/\/www.sonoraenequipo.com.mx\/la-migracion-y-la-4t-politica-contradictoria-y-con-mucha-improvisacion\/\",\"name\":\"Sonora en Equipo. La migraci\u00f3n y la 4T: Pol\u00edtica contradictoria y con mucha improvisaci\u00f3n\",\"isPartOf\":{\"@id\":\"https:\/\/www.sonoraenequipo.com.mx\/#website\"},\"primaryImageOfPage\":{\"@id\":\"https:\/\/www.sonoraenequipo.com.mx\/la-migracion-y-la-4t-politica-contradictoria-y-con-mucha-improvisacion\/#primaryimage\"},\"image\":{\"@id\":\"https:\/\/www.sonoraenequipo.com.mx\/la-migracion-y-la-4t-politica-contradictoria-y-con-mucha-improvisacion\/#primaryimage\"},\"thumbnailUrl\":\"https:\/\/www.sonoraenequipo.com.mx\/storage\/2019\/07\/Cuarta-Transformaci\u00f3n_opt.jpg\",\"datePublished\":\"2019-07-22T12:30:40+00:00\",\"dateModified\":\"2020-05-19T00:33:33+00:00\",\"description\":\"CIUDAD DE M\u00c9XICO. MX. \u2014 Si bien la administraci\u00f3n de Andr\u00e9s Manuel L\u00f3pez Obrador comenz\u00f3 enfatizando la defensa de los derechos humanos en materia En Sonora en Equipo publicamos toda la informaci\u00f3n de Sonora, M\u00e9xico y el Mundo de manera oportuna y busca que la libertad de expresi\u00f3n sea real. Visita nuestro medio informativo publicado desde Hermosillo, Sonora. %\",\"breadcrumb\":{\"@id\":\"https:\/\/www.sonoraenequipo.com.mx\/la-migracion-y-la-4t-politica-contradictoria-y-con-mucha-improvisacion\/#breadcrumb\"},\"inLanguage\":\"es\",\"potentialAction\":[{\"@type\":\"ReadAction\",\"target\":[\"https:\/\/www.sonoraenequipo.com.mx\/la-migracion-y-la-4t-politica-contradictoria-y-con-mucha-improvisacion\/\"]}]},{\"@type\":\"ImageObject\",\"inLanguage\":\"es\",\"@id\":\"https:\/\/www.sonoraenequipo.com.mx\/la-migracion-y-la-4t-politica-contradictoria-y-con-mucha-improvisacion\/#primaryimage\",\"url\":\"https:\/\/www.sonoraenequipo.com.mx\/storage\/2019\/07\/Cuarta-Transformaci\u00f3n_opt.jpg\",\"contentUrl\":\"https:\/\/www.sonoraenequipo.com.mx\/storage\/2019\/07\/Cuarta-Transformaci\u00f3n_opt.jpg\",\"width\":1026,\"height\":400},{\"@type\":\"BreadcrumbList\",\"@id\":\"https:\/\/www.sonoraenequipo.com.mx\/la-migracion-y-la-4t-politica-contradictoria-y-con-mucha-improvisacion\/#breadcrumb\",\"itemListElement\":[{\"@type\":\"ListItem\",\"position\":1,\"name\":\"Portada\",\"item\":\"https:\/\/www.sonoraenequipo.com.mx\/\"},{\"@type\":\"ListItem\",\"position\":2,\"name\":\"La migraci\u00f3n y la 4T: Pol\u00edtica contradictoria y con mucha improvisaci\u00f3n\"}]},{\"@type\":\"WebSite\",\"@id\":\"https:\/\/www.sonoraenequipo.com.mx\/#website\",\"url\":\"https:\/\/www.sonoraenequipo.com.mx\/\",\"name\":\"Sonora en Equipo.\",\"description\":\"Diario en l\u00ednea con Noticias desde Hermosillo, Sonora\",\"publisher\":{\"@id\":\"https:\/\/www.sonoraenequipo.com.mx\/#organization\"},\"potentialAction\":[{\"@type\":\"SearchAction\",\"target\":{\"@type\":\"EntryPoint\",\"urlTemplate\":\"https:\/\/www.sonoraenequipo.com.mx\/?s={search_term_string}\"},\"query-input\":{\"@type\":\"PropertyValueSpecification\",\"valueRequired\":true,\"valueName\":\"search_term_string\"}}],\"inLanguage\":\"es\"},{\"@type\":\"Organization\",\"@id\":\"https:\/\/www.sonoraenequipo.com.mx\/#organization\",\"name\":\"Sonoraenequipo.com.mx\",\"url\":\"https:\/\/www.sonoraenequipo.com.mx\/\",\"logo\":{\"@type\":\"ImageObject\",\"inLanguage\":\"es\",\"@id\":\"https:\/\/www.sonoraenequipo.com.mx\/#\/schema\/logo\/image\/\",\"url\":\"https:\/\/www.sonoraenequipo.com.mx\/storage\/2019\/01\/sonoraenequipo_opt.png\",\"contentUrl\":\"https:\/\/www.sonoraenequipo.com.mx\/storage\/2019\/01\/sonoraenequipo_opt.png\",\"width\":375,\"height\":125,\"caption\":\"Sonoraenequipo.com.mx\"},\"image\":{\"@id\":\"https:\/\/www.sonoraenequipo.com.mx\/#\/schema\/logo\/image\/\"},\"sameAs\":[\"https:\/\/www.facebook.com\/SonoraEE\/\",\"https:\/\/x.com\/sonoraenequipo\",\"https:\/\/www.youtube.com\/channel\/UC338nW-lPEYmJQs4ZABQ1SQ\"]},{\"@type\":\"Person\",\"@id\":\"https:\/\/www.sonoraenequipo.com.mx\/#\/schema\/person\/50102df0fb23a8fa9e8effad8fa81386\",\"name\":\"enequipo\",\"image\":{\"@type\":\"ImageObject\",\"inLanguage\":\"es\",\"@id\":\"https:\/\/www.sonoraenequipo.com.mx\/#\/schema\/person\/image\/\",\"url\":\"https:\/\/secure.gravatar.com\/avatar\/049821681b589dabc0bc20695993ccebb09f5b5d4d790cd9251b97faac7c652b?s=96&d=blank&r=g\",\"contentUrl\":\"https:\/\/secure.gravatar.com\/avatar\/049821681b589dabc0bc20695993ccebb09f5b5d4d790cd9251b97faac7c652b?s=96&d=blank&r=g\",\"caption\":\"enequipo\"},\"sameAs\":[\"https:\/\/www.facebook.com\/SonoraEE\"]}]}<\/script>\n ","yoast_head_json":{"title":"Sonora en Equipo. La migraci\u00f3n y la 4T: Pol\u00edtica contradictoria y con mucha improvisaci\u00f3n","description":"CIUDAD DE M\u00c9XICO. MX. \u2014 Si bien la administraci\u00f3n de Andr\u00e9s Manuel L\u00f3pez Obrador comenz\u00f3 enfatizando la defensa de los derechos humanos en materia En Sonora en Equipo publicamos toda la informaci\u00f3n de Sonora, M\u00e9xico y el Mundo de manera oportuna y busca que la libertad de expresi\u00f3n sea real. Visita nuestro medio informativo publicado desde Hermosillo, Sonora. %","robots":{"index":"index","follow":"follow","max-snippet":"max-snippet:-1","max-image-preview":"max-image-preview:large","max-video-preview":"max-video-preview:-1"},"canonical":"https:\/\/www.sonoraenequipo.com.mx\/la-migracion-y-la-4t-politica-contradictoria-y-con-mucha-improvisacion\/","og_locale":"es_ES","og_type":"article","og_title":"Sonora en Equipo. La migraci\u00f3n y la 4T: Pol\u00edtica contradictoria y con mucha improvisaci\u00f3n","og_description":"CIUDAD DE M\u00c9XICO. MX. \u2014 Si bien la administraci\u00f3n de Andr\u00e9s Manuel L\u00f3pez Obrador comenz\u00f3 enfatizando la defensa de los derechos humanos en materia En Sonora en Equipo publicamos toda la informaci\u00f3n de Sonora, M\u00e9xico y el Mundo de manera oportuna y busca que la libertad de expresi\u00f3n sea real. Visita nuestro medio informativo publicado desde Hermosillo, Sonora. %","og_url":"https:\/\/www.sonoraenequipo.com.mx\/la-migracion-y-la-4t-politica-contradictoria-y-con-mucha-improvisacion\/","og_site_name":"Sonora en Equipo.","article_publisher":"https:\/\/www.facebook.com\/SonoraEE\/","article_author":"https:\/\/www.facebook.com\/SonoraEE","article_published_time":"2019-07-22T12:30:40+00:00","article_modified_time":"2020-05-19T00:33:33+00:00","og_image":[{"width":1026,"height":400,"url":"https:\/\/www.sonoraenequipo.com.mx\/storage\/2019\/07\/Cuarta-Transformaci\u00f3n_opt.jpg","type":"image\/jpeg"}],"author":"enequipo","twitter_card":"summary_large_image","twitter_creator":"@sonoraenequipo","twitter_site":"@sonoraenequipo","twitter_misc":{"Escrito por":"enequipo","Tiempo de lectura":"1 minuto"},"schema":{"@context":"https:\/\/schema.org","@graph":[{"@type":"Article","@id":"https:\/\/www.sonoraenequipo.com.mx\/la-migracion-y-la-4t-politica-contradictoria-y-con-mucha-improvisacion\/#article","isPartOf":{"@id":"https:\/\/www.sonoraenequipo.com.mx\/la-migracion-y-la-4t-politica-contradictoria-y-con-mucha-improvisacion\/"},"author":{"name":"enequipo","@id":"https:\/\/www.sonoraenequipo.com.mx\/#\/schema\/person\/50102df0fb23a8fa9e8effad8fa81386"},"headline":"La migraci\u00f3n y la 4T: Pol\u00edtica contradictoria y con mucha improvisaci\u00f3n","datePublished":"2019-07-22T12:30:40+00:00","dateModified":"2020-05-19T00:33:33+00:00","mainEntityOfPage":{"@id":"https:\/\/www.sonoraenequipo.com.mx\/la-migracion-y-la-4t-politica-contradictoria-y-con-mucha-improvisacion\/"},"wordCount":142,"commentCount":0,"publisher":{"@id":"https:\/\/www.sonoraenequipo.com.mx\/#organization"},"image":{"@id":"https:\/\/www.sonoraenequipo.com.mx\/la-migracion-y-la-4t-politica-contradictoria-y-con-mucha-improvisacion\/#primaryimage"},"thumbnailUrl":"https:\/\/www.sonoraenequipo.com.mx\/storage\/2019\/07\/Cuarta-Transformaci\u00f3n_opt.jpg","articleSection":["Rep\u00fablica"],"inLanguage":"es","potentialAction":[{"@type":"CommentAction","name":"Comment","target":["https:\/\/www.sonoraenequipo.com.mx\/la-migracion-y-la-4t-politica-contradictoria-y-con-mucha-improvisacion\/#respond"]}]},{"@type":"WebPage","@id":"https:\/\/www.sonoraenequipo.com.mx\/la-migracion-y-la-4t-politica-contradictoria-y-con-mucha-improvisacion\/","url":"https:\/\/www.sonoraenequipo.com.mx\/la-migracion-y-la-4t-politica-contradictoria-y-con-mucha-improvisacion\/","name":"Sonora en Equipo. La migraci\u00f3n y la 4T: Pol\u00edtica contradictoria y con mucha improvisaci\u00f3n","isPartOf":{"@id":"https:\/\/www.sonoraenequipo.com.mx\/#website"},"primaryImageOfPage":{"@id":"https:\/\/www.sonoraenequipo.com.mx\/la-migracion-y-la-4t-politica-contradictoria-y-con-mucha-improvisacion\/#primaryimage"},"image":{"@id":"https:\/\/www.sonoraenequipo.com.mx\/la-migracion-y-la-4t-politica-contradictoria-y-con-mucha-improvisacion\/#primaryimage"},"thumbnailUrl":"https:\/\/www.sonoraenequipo.com.mx\/storage\/2019\/07\/Cuarta-Transformaci\u00f3n_opt.jpg","datePublished":"2019-07-22T12:30:40+00:00","dateModified":"2020-05-19T00:33:33+00:00","description":"CIUDAD DE M\u00c9XICO. MX. \u2014 Si bien la administraci\u00f3n de Andr\u00e9s Manuel L\u00f3pez Obrador comenz\u00f3 enfatizando la defensa de los derechos humanos en materia En Sonora en Equipo publicamos toda la informaci\u00f3n de Sonora, M\u00e9xico y el Mundo de manera oportuna y busca que la libertad de expresi\u00f3n sea real. Visita nuestro medio informativo publicado desde Hermosillo, Sonora. %","breadcrumb":{"@id":"https:\/\/www.sonoraenequipo.com.mx\/la-migracion-y-la-4t-politica-contradictoria-y-con-mucha-improvisacion\/#breadcrumb"},"inLanguage":"es","potentialAction":[{"@type":"ReadAction","target":["https:\/\/www.sonoraenequipo.com.mx\/la-migracion-y-la-4t-politica-contradictoria-y-con-mucha-improvisacion\/"]}]},{"@type":"ImageObject","inLanguage":"es","@id":"https:\/\/www.sonoraenequipo.com.mx\/la-migracion-y-la-4t-politica-contradictoria-y-con-mucha-improvisacion\/#primaryimage","url":"https:\/\/www.sonoraenequipo.com.mx\/storage\/2019\/07\/Cuarta-Transformaci\u00f3n_opt.jpg","contentUrl":"https:\/\/www.sonoraenequipo.com.mx\/storage\/2019\/07\/Cuarta-Transformaci\u00f3n_opt.jpg","width":1026,"height":400},{"@type":"BreadcrumbList","@id":"https:\/\/www.sonoraenequipo.com.mx\/la-migracion-y-la-4t-politica-contradictoria-y-con-mucha-improvisacion\/#breadcrumb","itemListElement":[{"@type":"ListItem","position":1,"name":"Portada","item":"https:\/\/www.sonoraenequipo.com.mx\/"},{"@type":"ListItem","position":2,"name":"La migraci\u00f3n y la 4T: Pol\u00edtica contradictoria y con mucha improvisaci\u00f3n"}]},{"@type":"WebSite","@id":"https:\/\/www.sonoraenequipo.com.mx\/#website","url":"https:\/\/www.sonoraenequipo.com.mx\/","name":"Sonora en Equipo.","description":"Diario en l\u00ednea con Noticias desde Hermosillo, Sonora","publisher":{"@id":"https:\/\/www.sonoraenequipo.com.mx\/#organization"},"potentialAction":[{"@type":"SearchAction","target":{"@type":"EntryPoint","urlTemplate":"https:\/\/www.sonoraenequipo.com.mx\/?s={search_term_string}"},"query-input":{"@type":"PropertyValueSpecification","valueRequired":true,"valueName":"search_term_string"}}],"inLanguage":"es"},{"@type":"Organization","@id":"https:\/\/www.sonoraenequipo.com.mx\/#organization","name":"Sonoraenequipo.com.mx","url":"https:\/\/www.sonoraenequipo.com.mx\/","logo":{"@type":"ImageObject","inLanguage":"es","@id":"https:\/\/www.sonoraenequipo.com.mx\/#\/schema\/logo\/image\/","url":"https:\/\/www.sonoraenequipo.com.mx\/storage\/2019\/01\/sonoraenequipo_opt.png","contentUrl":"https:\/\/www.sonoraenequipo.com.mx\/storage\/2019\/01\/sonoraenequipo_opt.png","width":375,"height":125,"caption":"Sonoraenequipo.com.mx"},"image":{"@id":"https:\/\/www.sonoraenequipo.com.mx\/#\/schema\/logo\/image\/"},"sameAs":["https:\/\/www.facebook.com\/SonoraEE\/","https:\/\/x.com\/sonoraenequipo","https:\/\/www.youtube.com\/channel\/UC338nW-lPEYmJQs4ZABQ1SQ"]},{"@type":"Person","@id":"https:\/\/www.sonoraenequipo.com.mx\/#\/schema\/person\/50102df0fb23a8fa9e8effad8fa81386","name":"enequipo","image":{"@type":"ImageObject","inLanguage":"es","@id":"https:\/\/www.sonoraenequipo.com.mx\/#\/schema\/person\/image\/","url":"https:\/\/secure.gravatar.com\/avatar\/049821681b589dabc0bc20695993ccebb09f5b5d4d790cd9251b97faac7c652b?s=96&d=blank&r=g","contentUrl":"https:\/\/secure.gravatar.com\/avatar\/049821681b589dabc0bc20695993ccebb09f5b5d4d790cd9251b97faac7c652b?s=96&d=blank&r=g","caption":"enequipo"},"sameAs":["https:\/\/www.facebook.com\/SonoraEE"]}]}},"jetpack_featured_media_url":"https:\/\/www.sonoraenequipo.com.mx\/storage\/2019\/07\/Cuarta-Transformaci\u00f3n_opt.jpg","_links":{"self":[{"href":"https:\/\/www.sonoraenequipo.com.mx\/api\/wp\/v2\/posts\/64382","targetHints":{"allow":["GET"]}}],"collection":[{"href":"https:\/\/www.sonoraenequipo.com.mx\/api\/wp\/v2\/posts"}],"about":[{"href":"https:\/\/www.sonoraenequipo.com.mx\/api\/wp\/v2\/types\/post"}],"author":[{"embeddable":true,"href":"https:\/\/www.sonoraenequipo.com.mx\/api\/wp\/v2\/users\/1"}],"replies":[{"embeddable":true,"href":"https:\/\/www.sonoraenequipo.com.mx\/api\/wp\/v2\/comments?post=64382"}],"version-history":[{"count":0,"href":"https:\/\/www.sonoraenequipo.com.mx\/api\/wp\/v2\/posts\/64382\/revisions"}],"wp:featuredmedia":[{"embeddable":true,"href":"https:\/\/www.sonoraenequipo.com.mx\/api\/wp\/v2\/media\/64384"}],"wp:attachment":[{"href":"https:\/\/www.sonoraenequipo.com.mx\/api\/wp\/v2\/media?parent=64382"}],"wp:term":[{"taxonomy":"category","embeddable":true,"href":"https:\/\/www.sonoraenequipo.com.mx\/api\/wp\/v2\/categories?post=64382"},{"taxonomy":"post_tag","embeddable":true,"href":"https:\/\/www.sonoraenequipo.com.mx\/api\/wp\/v2\/tags?post=64382"}],"curies":[{"name":"wp","href":"https:\/\/api.w.org\/{rel}","templated":true}]}}