{"id":64406,"date":"2019-07-22T06:10:53","date_gmt":"2019-07-22T13:10:53","guid":{"rendered":"https:\/\/www.sonoraenequipo.com.mx\/?p=64406"},"modified":"2019-07-22T07:05:37","modified_gmt":"2019-07-22T14:05:37","slug":"los-medios-y-la-4t-ha-aumentado-el-numero-de-periodistas-asesinados","status":"publish","type":"post","link":"https:\/\/www.sonoraenequipo.com.mx\/los-medios-y-la-4t-ha-aumentado-el-numero-de-periodistas-asesinados\/","title":{"rendered":"Los medios y la 4T: Ha aumentado el n\u00famero de periodistas asesinados"},"content":{"rendered":"<p>CIUDAD DE M\u00c9XICO. MX. \u2014 Luis Hern\u00e1ndez Navarro, coordinador de Opini\u00f3n de La Jornada, plantea la relaci\u00f3n de los medios con la 4T desde varios \u00e1ngulos, entre ellos: En lo que va de este gobierno federal, el n\u00famero de periodistas asesinados ha aumentado, y muchos trabajaban en radios comunitarios, eran activistas sociales. Por otro lado, en el marco de la crisis de los partidos de oposici\u00f3n de la derecha, fundamentalmente del PAN y del PRI, una cierta prensa ha ocupado su lugar <\/p>\n<p><a href=\"https:\/\/www.jornada.com.mx\/ultimas\/especiales\/como-va-la-cuarta-transformacion#5\">https:\/\/www.jornada.com.mx\/ultimas\/especiales\/como-va-la-cuarta-transformacion#5<\/a><\/p>\n<p>&nbsp;<\/p>\n<p>(Publicado el 22\/07\/2019<\/p>\n","protected":false},"excerpt":{"rendered":"<p>CIUDAD DE M\u00c9XICO. MX. \u2014 Luis Hern\u00e1ndez Navarro, coordinador de Opini\u00f3n de La Jornada, plantea&#8230;<\/p>\n","protected":false},"author":1,"featured_media":64401,"comment_status":"open","ping_status":"open","sticky":false,"template":"","format":"standard","meta":{"_monsterinsights_skip_tracking":false,"_monsterinsights_sitenote_active":false,"_monsterinsights_sitenote_note":"","_monsterinsights_sitenote_category":0,"footnotes":""},"categories":[5],"tags":[],"class_list":["post"],"yoast_head":" \n<title>Sonora en Equipo. Los medios y la 4T: Ha aumentado el n\u00famero de periodistas asesinados Rep\u00fablica<\/title>\n<meta name=\"description\" content=\"CIUDAD DE M\u00c9XICO. MX. \u2014 Luis Hern\u00e1ndez Navarro, coordinador de Opini\u00f3n de La Jornada, plantea la relaci\u00f3n de los medios con la 4T desde varios \u00e1ngulos, En Sonora en Equipo publicamos toda la informaci\u00f3n de Sonora, M\u00e9xico y el Mundo de manera oportuna y busca que la libertad de expresi\u00f3n sea real. Visita nuestro medio informativo publicado desde Hermosillo, Sonora. %\" \/>\n<meta name=\"robots\" content=\"index, follow, max-snippet:-1, max-image-preview:large, max-video-preview:-1\" \/>\n<link rel=\"canonical\" href=\"https:\/\/www.sonoraenequipo.com.mx\/los-medios-y-la-4t-ha-aumentado-el-numero-de-periodistas-asesinados\/\" \/>\n<meta property=\"og:locale\" content=\"es_ES\" \/>\n<meta property=\"og:type\" content=\"article\" \/>\n<meta property=\"og:title\" content=\"Sonora en Equipo. Los medios y la 4T: Ha aumentado el n\u00famero de periodistas asesinados Rep\u00fablica\" \/>\n<meta property=\"og:description\" content=\"CIUDAD DE M\u00c9XICO. MX. \u2014 Luis Hern\u00e1ndez Navarro, coordinador de Opini\u00f3n de La Jornada, plantea la relaci\u00f3n de los medios con la 4T desde varios \u00e1ngulos, En Sonora en Equipo publicamos toda la informaci\u00f3n de Sonora, M\u00e9xico y el Mundo de manera oportuna y busca que la libertad de expresi\u00f3n sea real. Visita nuestro medio informativo publicado desde Hermosillo, Sonora. %\" \/>\n<meta property=\"og:url\" content=\"https:\/\/www.sonoraenequipo.com.mx\/los-medios-y-la-4t-ha-aumentado-el-numero-de-periodistas-asesinados\/\" \/>\n<meta property=\"og:site_name\" content=\"Sonora en Equipo.\" \/>\n<meta property=\"article:publisher\" content=\"https:\/\/www.facebook.com\/SonoraEE\/\" \/>\n<meta property=\"article:author\" content=\"https:\/\/www.facebook.com\/SonoraEE\" \/>\n<meta property=\"article:published_time\" content=\"2019-07-22T13:10:53+00:00\" \/>\n<meta property=\"article:modified_time\" content=\"2019-07-22T14:05:37+00:00\" \/>\n<meta property=\"og:image\" content=\"https:\/\/www.sonoraenequipo.com.mx\/storage\/2019\/07\/luishernandeznavarro_lajornada_opt.png\" \/>\n\t<meta property=\"og:image:width\" content=\"711\" \/>\n\t<meta property=\"og:image:height\" content=\"400\" \/>\n\t<meta property=\"og:image:type\" content=\"image\/png\" \/>\n<meta name=\"author\" content=\"enequipo\" \/>\n<meta name=\"twitter:card\" content=\"summary_large_image\" \/>\n<meta name=\"twitter:creator\" content=\"@sonoraenequipo\" \/>\n<meta name=\"twitter:site\" content=\"@sonoraenequipo\" \/>\n<meta name=\"twitter:label1\" content=\"Escrito por\" \/>\n\t<meta name=\"twitter:data1\" content=\"enequipo\" \/>\n<script type=\"application\/ld+json\" class=\"yoast-schema-graph\">{\"@context\":\"https:\/\/schema.org\",\"@graph\":[{\"@type\":\"Article\",\"@id\":\"https:\/\/www.sonoraenequipo.com.mx\/los-medios-y-la-4t-ha-aumentado-el-numero-de-periodistas-asesinados\/#article\",\"isPartOf\":{\"@id\":\"https:\/\/www.sonoraenequipo.com.mx\/los-medios-y-la-4t-ha-aumentado-el-numero-de-periodistas-asesinados\/\"},\"author\":{\"name\":\"enequipo\",\"@id\":\"https:\/\/www.sonoraenequipo.com.mx\/#\/schema\/person\/50102df0fb23a8fa9e8effad8fa81386\"},\"headline\":\"Los medios y la 4T: Ha aumentado el n\u00famero de periodistas asesinados\",\"datePublished\":\"2019-07-22T13:10:53+00:00\",\"dateModified\":\"2019-07-22T14:05:37+00:00\",\"mainEntityOfPage\":{\"@id\":\"https:\/\/www.sonoraenequipo.com.mx\/los-medios-y-la-4t-ha-aumentado-el-numero-de-periodistas-asesinados\/\"},\"wordCount\":111,\"commentCount\":0,\"publisher\":{\"@id\":\"https:\/\/www.sonoraenequipo.com.mx\/#organization\"},\"image\":{\"@id\":\"https:\/\/www.sonoraenequipo.com.mx\/los-medios-y-la-4t-ha-aumentado-el-numero-de-periodistas-asesinados\/#primaryimage\"},\"thumbnailUrl\":\"https:\/\/www.sonoraenequipo.com.mx\/storage\/2019\/07\/luishernandeznavarro_lajornada_opt.png\",\"articleSection\":[\"Rep\u00fablica\"],\"inLanguage\":\"es\",\"potentialAction\":[{\"@type\":\"CommentAction\",\"name\":\"Comment\",\"target\":[\"https:\/\/www.sonoraenequipo.com.mx\/los-medios-y-la-4t-ha-aumentado-el-numero-de-periodistas-asesinados\/#respond\"]}]},{\"@type\":\"WebPage\",\"@id\":\"https:\/\/www.sonoraenequipo.com.mx\/los-medios-y-la-4t-ha-aumentado-el-numero-de-periodistas-asesinados\/\",\"url\":\"https:\/\/www.sonoraenequipo.com.mx\/los-medios-y-la-4t-ha-aumentado-el-numero-de-periodistas-asesinados\/\",\"name\":\"Sonora en Equipo. Los medios y la 4T: Ha aumentado el n\u00famero de periodistas asesinados Rep\u00fablica\",\"isPartOf\":{\"@id\":\"https:\/\/www.sonoraenequipo.com.mx\/#website\"},\"primaryImageOfPage\":{\"@id\":\"https:\/\/www.sonoraenequipo.com.mx\/los-medios-y-la-4t-ha-aumentado-el-numero-de-periodistas-asesinados\/#primaryimage\"},\"image\":{\"@id\":\"https:\/\/www.sonoraenequipo.com.mx\/los-medios-y-la-4t-ha-aumentado-el-numero-de-periodistas-asesinados\/#primaryimage\"},\"thumbnailUrl\":\"https:\/\/www.sonoraenequipo.com.mx\/storage\/2019\/07\/luishernandeznavarro_lajornada_opt.png\",\"datePublished\":\"2019-07-22T13:10:53+00:00\",\"dateModified\":\"2019-07-22T14:05:37+00:00\",\"description\":\"CIUDAD DE M\u00c9XICO. MX. \u2014 Luis Hern\u00e1ndez Navarro, coordinador de Opini\u00f3n de La Jornada, plantea la relaci\u00f3n de los medios con la 4T desde varios \u00e1ngulos, En Sonora en Equipo publicamos toda la informaci\u00f3n de Sonora, M\u00e9xico y el Mundo de manera oportuna y busca que la libertad de expresi\u00f3n sea real. Visita nuestro medio informativo publicado desde Hermosillo, Sonora. %\",\"breadcrumb\":{\"@id\":\"https:\/\/www.sonoraenequipo.com.mx\/los-medios-y-la-4t-ha-aumentado-el-numero-de-periodistas-asesinados\/#breadcrumb\"},\"inLanguage\":\"es\",\"potentialAction\":[{\"@type\":\"ReadAction\",\"target\":[\"https:\/\/www.sonoraenequipo.com.mx\/los-medios-y-la-4t-ha-aumentado-el-numero-de-periodistas-asesinados\/\"]}]},{\"@type\":\"ImageObject\",\"inLanguage\":\"es\",\"@id\":\"https:\/\/www.sonoraenequipo.com.mx\/los-medios-y-la-4t-ha-aumentado-el-numero-de-periodistas-asesinados\/#primaryimage\",\"url\":\"https:\/\/www.sonoraenequipo.com.mx\/storage\/2019\/07\/luishernandeznavarro_lajornada_opt.png\",\"contentUrl\":\"https:\/\/www.sonoraenequipo.com.mx\/storage\/2019\/07\/luishernandeznavarro_lajornada_opt.png\",\"width\":711,\"height\":400},{\"@type\":\"BreadcrumbList\",\"@id\":\"https:\/\/www.sonoraenequipo.com.mx\/los-medios-y-la-4t-ha-aumentado-el-numero-de-periodistas-asesinados\/#breadcrumb\",\"itemListElement\":[{\"@type\":\"ListItem\",\"position\":1,\"name\":\"Portada\",\"item\":\"https:\/\/www.sonoraenequipo.com.mx\/\"},{\"@type\":\"ListItem\",\"position\":2,\"name\":\"Los medios y la 4T: Ha aumentado el n\u00famero de periodistas asesinados\"}]},{\"@type\":\"WebSite\",\"@id\":\"https:\/\/www.sonoraenequipo.com.mx\/#website\",\"url\":\"https:\/\/www.sonoraenequipo.com.mx\/\",\"name\":\"Sonora en Equipo.\",\"description\":\"Diario en l\u00ednea con Noticias desde Hermosillo, Sonora\",\"publisher\":{\"@id\":\"https:\/\/www.sonoraenequipo.com.mx\/#organization\"},\"potentialAction\":[{\"@type\":\"SearchAction\",\"target\":{\"@type\":\"EntryPoint\",\"urlTemplate\":\"https:\/\/www.sonoraenequipo.com.mx\/?s={search_term_string}\"},\"query-input\":{\"@type\":\"PropertyValueSpecification\",\"valueRequired\":true,\"valueName\":\"search_term_string\"}}],\"inLanguage\":\"es\"},{\"@type\":\"Organization\",\"@id\":\"https:\/\/www.sonoraenequipo.com.mx\/#organization\",\"name\":\"Sonoraenequipo.com.mx\",\"url\":\"https:\/\/www.sonoraenequipo.com.mx\/\",\"logo\":{\"@type\":\"ImageObject\",\"inLanguage\":\"es\",\"@id\":\"https:\/\/www.sonoraenequipo.com.mx\/#\/schema\/logo\/image\/\",\"url\":\"https:\/\/www.sonoraenequipo.com.mx\/storage\/2019\/01\/sonoraenequipo_opt.png\",\"contentUrl\":\"https:\/\/www.sonoraenequipo.com.mx\/storage\/2019\/01\/sonoraenequipo_opt.png\",\"width\":375,\"height\":125,\"caption\":\"Sonoraenequipo.com.mx\"},\"image\":{\"@id\":\"https:\/\/www.sonoraenequipo.com.mx\/#\/schema\/logo\/image\/\"},\"sameAs\":[\"https:\/\/www.facebook.com\/SonoraEE\/\",\"https:\/\/x.com\/sonoraenequipo\",\"https:\/\/www.youtube.com\/channel\/UC338nW-lPEYmJQs4ZABQ1SQ\"]},{\"@type\":\"Person\",\"@id\":\"https:\/\/www.sonoraenequipo.com.mx\/#\/schema\/person\/50102df0fb23a8fa9e8effad8fa81386\",\"name\":\"enequipo\",\"image\":{\"@type\":\"ImageObject\",\"inLanguage\":\"es\",\"@id\":\"https:\/\/www.sonoraenequipo.com.mx\/#\/schema\/person\/image\/\",\"url\":\"https:\/\/secure.gravatar.com\/avatar\/049821681b589dabc0bc20695993ccebb09f5b5d4d790cd9251b97faac7c652b?s=96&d=blank&r=g\",\"contentUrl\":\"https:\/\/secure.gravatar.com\/avatar\/049821681b589dabc0bc20695993ccebb09f5b5d4d790cd9251b97faac7c652b?s=96&d=blank&r=g\",\"caption\":\"enequipo\"},\"sameAs\":[\"https:\/\/www.facebook.com\/SonoraEE\"]}]}<\/script>\n ","yoast_head_json":{"title":"Sonora en Equipo. Los medios y la 4T: Ha aumentado el n\u00famero de periodistas asesinados Rep\u00fablica","description":"CIUDAD DE M\u00c9XICO. MX. \u2014 Luis Hern\u00e1ndez Navarro, coordinador de Opini\u00f3n de La Jornada, plantea la relaci\u00f3n de los medios con la 4T desde varios \u00e1ngulos, En Sonora en Equipo publicamos toda la informaci\u00f3n de Sonora, M\u00e9xico y el Mundo de manera oportuna y busca que la libertad de expresi\u00f3n sea real. Visita nuestro medio informativo publicado desde Hermosillo, Sonora. %","robots":{"index":"index","follow":"follow","max-snippet":"max-snippet:-1","max-image-preview":"max-image-preview:large","max-video-preview":"max-video-preview:-1"},"canonical":"https:\/\/www.sonoraenequipo.com.mx\/los-medios-y-la-4t-ha-aumentado-el-numero-de-periodistas-asesinados\/","og_locale":"es_ES","og_type":"article","og_title":"Sonora en Equipo. Los medios y la 4T: Ha aumentado el n\u00famero de periodistas asesinados Rep\u00fablica","og_description":"CIUDAD DE M\u00c9XICO. MX. \u2014 Luis Hern\u00e1ndez Navarro, coordinador de Opini\u00f3n de La Jornada, plantea la relaci\u00f3n de los medios con la 4T desde varios \u00e1ngulos, En Sonora en Equipo publicamos toda la informaci\u00f3n de Sonora, M\u00e9xico y el Mundo de manera oportuna y busca que la libertad de expresi\u00f3n sea real. Visita nuestro medio informativo publicado desde Hermosillo, Sonora. %","og_url":"https:\/\/www.sonoraenequipo.com.mx\/los-medios-y-la-4t-ha-aumentado-el-numero-de-periodistas-asesinados\/","og_site_name":"Sonora en Equipo.","article_publisher":"https:\/\/www.facebook.com\/SonoraEE\/","article_author":"https:\/\/www.facebook.com\/SonoraEE","article_published_time":"2019-07-22T13:10:53+00:00","article_modified_time":"2019-07-22T14:05:37+00:00","og_image":[{"width":711,"height":400,"url":"https:\/\/www.sonoraenequipo.com.mx\/storage\/2019\/07\/luishernandeznavarro_lajornada_opt.png","type":"image\/png"}],"author":"enequipo","twitter_card":"summary_large_image","twitter_creator":"@sonoraenequipo","twitter_site":"@sonoraenequipo","twitter_misc":{"Escrito por":"enequipo"},"schema":{"@context":"https:\/\/schema.org","@graph":[{"@type":"Article","@id":"https:\/\/www.sonoraenequipo.com.mx\/los-medios-y-la-4t-ha-aumentado-el-numero-de-periodistas-asesinados\/#article","isPartOf":{"@id":"https:\/\/www.sonoraenequipo.com.mx\/los-medios-y-la-4t-ha-aumentado-el-numero-de-periodistas-asesinados\/"},"author":{"name":"enequipo","@id":"https:\/\/www.sonoraenequipo.com.mx\/#\/schema\/person\/50102df0fb23a8fa9e8effad8fa81386"},"headline":"Los medios y la 4T: Ha aumentado el n\u00famero de periodistas asesinados","datePublished":"2019-07-22T13:10:53+00:00","dateModified":"2019-07-22T14:05:37+00:00","mainEntityOfPage":{"@id":"https:\/\/www.sonoraenequipo.com.mx\/los-medios-y-la-4t-ha-aumentado-el-numero-de-periodistas-asesinados\/"},"wordCount":111,"commentCount":0,"publisher":{"@id":"https:\/\/www.sonoraenequipo.com.mx\/#organization"},"image":{"@id":"https:\/\/www.sonoraenequipo.com.mx\/los-medios-y-la-4t-ha-aumentado-el-numero-de-periodistas-asesinados\/#primaryimage"},"thumbnailUrl":"https:\/\/www.sonoraenequipo.com.mx\/storage\/2019\/07\/luishernandeznavarro_lajornada_opt.png","articleSection":["Rep\u00fablica"],"inLanguage":"es","potentialAction":[{"@type":"CommentAction","name":"Comment","target":["https:\/\/www.sonoraenequipo.com.mx\/los-medios-y-la-4t-ha-aumentado-el-numero-de-periodistas-asesinados\/#respond"]}]},{"@type":"WebPage","@id":"https:\/\/www.sonoraenequipo.com.mx\/los-medios-y-la-4t-ha-aumentado-el-numero-de-periodistas-asesinados\/","url":"https:\/\/www.sonoraenequipo.com.mx\/los-medios-y-la-4t-ha-aumentado-el-numero-de-periodistas-asesinados\/","name":"Sonora en Equipo. Los medios y la 4T: Ha aumentado el n\u00famero de periodistas asesinados Rep\u00fablica","isPartOf":{"@id":"https:\/\/www.sonoraenequipo.com.mx\/#website"},"primaryImageOfPage":{"@id":"https:\/\/www.sonoraenequipo.com.mx\/los-medios-y-la-4t-ha-aumentado-el-numero-de-periodistas-asesinados\/#primaryimage"},"image":{"@id":"https:\/\/www.sonoraenequipo.com.mx\/los-medios-y-la-4t-ha-aumentado-el-numero-de-periodistas-asesinados\/#primaryimage"},"thumbnailUrl":"https:\/\/www.sonoraenequipo.com.mx\/storage\/2019\/07\/luishernandeznavarro_lajornada_opt.png","datePublished":"2019-07-22T13:10:53+00:00","dateModified":"2019-07-22T14:05:37+00:00","description":"CIUDAD DE M\u00c9XICO. MX. \u2014 Luis Hern\u00e1ndez Navarro, coordinador de Opini\u00f3n de La Jornada, plantea la relaci\u00f3n de los medios con la 4T desde varios \u00e1ngulos, En Sonora en Equipo publicamos toda la informaci\u00f3n de Sonora, M\u00e9xico y el Mundo de manera oportuna y busca que la libertad de expresi\u00f3n sea real. Visita nuestro medio informativo publicado desde Hermosillo, Sonora. %","breadcrumb":{"@id":"https:\/\/www.sonoraenequipo.com.mx\/los-medios-y-la-4t-ha-aumentado-el-numero-de-periodistas-asesinados\/#breadcrumb"},"inLanguage":"es","potentialAction":[{"@type":"ReadAction","target":["https:\/\/www.sonoraenequipo.com.mx\/los-medios-y-la-4t-ha-aumentado-el-numero-de-periodistas-asesinados\/"]}]},{"@type":"ImageObject","inLanguage":"es","@id":"https:\/\/www.sonoraenequipo.com.mx\/los-medios-y-la-4t-ha-aumentado-el-numero-de-periodistas-asesinados\/#primaryimage","url":"https:\/\/www.sonoraenequipo.com.mx\/storage\/2019\/07\/luishernandeznavarro_lajornada_opt.png","contentUrl":"https:\/\/www.sonoraenequipo.com.mx\/storage\/2019\/07\/luishernandeznavarro_lajornada_opt.png","width":711,"height":400},{"@type":"BreadcrumbList","@id":"https:\/\/www.sonoraenequipo.com.mx\/los-medios-y-la-4t-ha-aumentado-el-numero-de-periodistas-asesinados\/#breadcrumb","itemListElement":[{"@type":"ListItem","position":1,"name":"Portada","item":"https:\/\/www.sonoraenequipo.com.mx\/"},{"@type":"ListItem","position":2,"name":"Los medios y la 4T: Ha aumentado el n\u00famero de periodistas asesinados"}]},{"@type":"WebSite","@id":"https:\/\/www.sonoraenequipo.com.mx\/#website","url":"https:\/\/www.sonoraenequipo.com.mx\/","name":"Sonora en Equipo.","description":"Diario en l\u00ednea con Noticias desde Hermosillo, Sonora","publisher":{"@id":"https:\/\/www.sonoraenequipo.com.mx\/#organization"},"potentialAction":[{"@type":"SearchAction","target":{"@type":"EntryPoint","urlTemplate":"https:\/\/www.sonoraenequipo.com.mx\/?s={search_term_string}"},"query-input":{"@type":"PropertyValueSpecification","valueRequired":true,"valueName":"search_term_string"}}],"inLanguage":"es"},{"@type":"Organization","@id":"https:\/\/www.sonoraenequipo.com.mx\/#organization","name":"Sonoraenequipo.com.mx","url":"https:\/\/www.sonoraenequipo.com.mx\/","logo":{"@type":"ImageObject","inLanguage":"es","@id":"https:\/\/www.sonoraenequipo.com.mx\/#\/schema\/logo\/image\/","url":"https:\/\/www.sonoraenequipo.com.mx\/storage\/2019\/01\/sonoraenequipo_opt.png","contentUrl":"https:\/\/www.sonoraenequipo.com.mx\/storage\/2019\/01\/sonoraenequipo_opt.png","width":375,"height":125,"caption":"Sonoraenequipo.com.mx"},"image":{"@id":"https:\/\/www.sonoraenequipo.com.mx\/#\/schema\/logo\/image\/"},"sameAs":["https:\/\/www.facebook.com\/SonoraEE\/","https:\/\/x.com\/sonoraenequipo","https:\/\/www.youtube.com\/channel\/UC338nW-lPEYmJQs4ZABQ1SQ"]},{"@type":"Person","@id":"https:\/\/www.sonoraenequipo.com.mx\/#\/schema\/person\/50102df0fb23a8fa9e8effad8fa81386","name":"enequipo","image":{"@type":"ImageObject","inLanguage":"es","@id":"https:\/\/www.sonoraenequipo.com.mx\/#\/schema\/person\/image\/","url":"https:\/\/secure.gravatar.com\/avatar\/049821681b589dabc0bc20695993ccebb09f5b5d4d790cd9251b97faac7c652b?s=96&d=blank&r=g","contentUrl":"https:\/\/secure.gravatar.com\/avatar\/049821681b589dabc0bc20695993ccebb09f5b5d4d790cd9251b97faac7c652b?s=96&d=blank&r=g","caption":"enequipo"},"sameAs":["https:\/\/www.facebook.com\/SonoraEE"]}]}},"jetpack_featured_media_url":"https:\/\/www.sonoraenequipo.com.mx\/storage\/2019\/07\/luishernandeznavarro_lajornada_opt.png","_links":{"self":[{"href":"https:\/\/www.sonoraenequipo.com.mx\/api\/wp\/v2\/posts\/64406","targetHints":{"allow":["GET"]}}],"collection":[{"href":"https:\/\/www.sonoraenequipo.com.mx\/api\/wp\/v2\/posts"}],"about":[{"href":"https:\/\/www.sonoraenequipo.com.mx\/api\/wp\/v2\/types\/post"}],"author":[{"embeddable":true,"href":"https:\/\/www.sonoraenequipo.com.mx\/api\/wp\/v2\/users\/1"}],"replies":[{"embeddable":true,"href":"https:\/\/www.sonoraenequipo.com.mx\/api\/wp\/v2\/comments?post=64406"}],"version-history":[{"count":0,"href":"https:\/\/www.sonoraenequipo.com.mx\/api\/wp\/v2\/posts\/64406\/revisions"}],"wp:featuredmedia":[{"embeddable":true,"href":"https:\/\/www.sonoraenequipo.com.mx\/api\/wp\/v2\/media\/64401"}],"wp:attachment":[{"href":"https:\/\/www.sonoraenequipo.com.mx\/api\/wp\/v2\/media?parent=64406"}],"wp:term":[{"taxonomy":"category","embeddable":true,"href":"https:\/\/www.sonoraenequipo.com.mx\/api\/wp\/v2\/categories?post=64406"},{"taxonomy":"post_tag","embeddable":true,"href":"https:\/\/www.sonoraenequipo.com.mx\/api\/wp\/v2\/tags?post=64406"}],"curies":[{"name":"wp","href":"https:\/\/api.w.org\/{rel}","templated":true}]}}