{"id":64432,"date":"2019-07-22T16:17:51","date_gmt":"2019-07-22T23:17:51","guid":{"rendered":"https:\/\/www.sonoraenequipo.com.mx\/?p=64432"},"modified":"2019-07-22T21:09:26","modified_gmt":"2019-07-23T04:09:26","slug":"el-t-mec-fortalecera-la-cooperacion-ambiental-en-america-del-norte","status":"publish","type":"post","link":"https:\/\/www.sonoraenequipo.com.mx\/el-t-mec-fortalecera-la-cooperacion-ambiental-en-america-del-norte\/","title":{"rendered":"\u00a0El T-MEC fortalecer\u00e1 la cooperaci\u00f3n ambiental en Am\u00e9rica del Norte"},"content":{"rendered":"<p>CIUDAD DE M\u00c9XICO.MX. \u2014\u00a0 El Dr. V\u00edctor M. Toledo, Secretario de Medio Ambiente y Recursos Naturales, recibi\u00f3 a un grupo de congresistas estadounidenses con el fin de intercambiar opiniones sobre el cap\u00edtulo ambiental del Tratado M\u00e9xico-Estados Unidos-Canad\u00e1 (T-MEC). <\/p>\n<p>Durante la reuni\u00f3n, en la cual estuvo acompa\u00f1ado por el Dr. Jes\u00fas Seade, Subsecretario de Am\u00e9rica del Norte de la Canciller\u00eda, as\u00ed como por funcionarios del sector ambiental, se\u00f1al\u00f3 que el T-MEC recoge en su cap\u00edtulo 24 la amplia experiencia de colaboraci\u00f3n en Am\u00e9rica del Norte en materia ambiental. Una vez que entre en vigor, el tratado permitir\u00e1 ampliar esta cooperaci\u00f3n e impulsar proyectos en la frontera M\u00e9xico-Estados Unidos.<\/p>\n<p>Am\u00e9rica del Norte cuenta con arreglos institucionales para atender los asuntos ambientales regionales. Ejemplo de ello es la Comisi\u00f3n para la Cooperaci\u00f3n Ambiental (CCA) y el Banco de Desarrollo de Am\u00e9rica del Norte (BANDAN), cuyo funcionamiento se ver\u00e1 fortalecido con la entrada en vigor del T-MEC.<\/p>\n<p>Finalmente, el Dr. Toledo Manzur destac\u00f3 que el sector ambiental trabaja actualmente en el an\u00e1lisis de las medidas legales y administrativas necesarias para implementar los compromisos derivados del cap\u00edtulo 24 del T-MEC, e invit\u00f3 a los congresistas estadounidenses a seguir promoviendo un s\u00f3lido marco legal que favorezca a nuestras instituciones e impulse un mayor n\u00famero de proyectos conjuntos.<\/p>\n<p>El T-MEC fue aprobado el 19 de junio por el Senado mexicano. Este tratado reemplazar\u00e1 al Tratado de Libre Comercio de Am\u00e9rica del Norte (TLCAN) una vez que Estados Unidos y Canad\u00e1 lo ratifiquen.<\/p>\n<p>Fecha de publicaci\u00f3n 22\/07\/2019<\/p>\n","protected":false},"excerpt":{"rendered":"<p>CIUDAD DE M\u00c9XICO.MX. \u2014\u00a0 El Dr. V\u00edctor M. Toledo, Secretario de Medio Ambiente y Recursos&#8230;<\/p>\n","protected":false},"author":178,"featured_media":64434,"comment_status":"open","ping_status":"open","sticky":false,"template":"","format":"standard","meta":{"_monsterinsights_skip_tracking":false,"_monsterinsights_sitenote_active":false,"_monsterinsights_sitenote_note":"","_monsterinsights_sitenote_category":0,"footnotes":""},"categories":[5],"tags":[],"class_list":["post"],"yoast_head":" \n<title>Sonora en Equipo. \u00a0El T-MEC fortalecer\u00e1 la cooperaci\u00f3n ambiental en Am\u00e9rica del Norte Rep\u00fablica<\/title>\n<meta name=\"description\" content=\"CIUDAD DE M\u00c9XICO.MX. \u2014\u00a0 El Dr. V\u00edctor M. Toledo, Secretario de Medio Ambiente y Recursos Naturales, recibi\u00f3 a un grupo de congresistas estadounidenses con En Sonora en Equipo publicamos toda la informaci\u00f3n de Sonora, M\u00e9xico y el Mundo de manera oportuna y busca que la libertad de expresi\u00f3n sea real. Visita nuestro medio informativo publicado desde Hermosillo, Sonora. %\" \/>\n<meta name=\"robots\" content=\"index, follow, max-snippet:-1, max-image-preview:large, max-video-preview:-1\" \/>\n<link rel=\"canonical\" href=\"https:\/\/www.sonoraenequipo.com.mx\/el-t-mec-fortalecera-la-cooperacion-ambiental-en-america-del-norte\/\" \/>\n<meta property=\"og:locale\" content=\"es_ES\" \/>\n<meta property=\"og:type\" content=\"article\" \/>\n<meta property=\"og:title\" content=\"Sonora en Equipo. \u00a0El T-MEC fortalecer\u00e1 la cooperaci\u00f3n ambiental en Am\u00e9rica del Norte Rep\u00fablica\" \/>\n<meta property=\"og:description\" content=\"CIUDAD DE M\u00c9XICO.MX. \u2014\u00a0 El Dr. V\u00edctor M. Toledo, Secretario de Medio Ambiente y Recursos Naturales, recibi\u00f3 a un grupo de congresistas estadounidenses con En Sonora en Equipo publicamos toda la informaci\u00f3n de Sonora, M\u00e9xico y el Mundo de manera oportuna y busca que la libertad de expresi\u00f3n sea real. Visita nuestro medio informativo publicado desde Hermosillo, Sonora. %\" \/>\n<meta property=\"og:url\" content=\"https:\/\/www.sonoraenequipo.com.mx\/el-t-mec-fortalecera-la-cooperacion-ambiental-en-america-del-norte\/\" \/>\n<meta property=\"og:site_name\" content=\"Sonora en Equipo.\" \/>\n<meta property=\"article:publisher\" content=\"https:\/\/www.facebook.com\/SonoraEE\/\" \/>\n<meta property=\"article:published_time\" content=\"2019-07-22T23:17:51+00:00\" \/>\n<meta property=\"article:modified_time\" content=\"2019-07-23T04:09:26+00:00\" \/>\n<meta property=\"og:image\" content=\"https:\/\/www.sonoraenequipo.com.mx\/storage\/2019\/07\/semarnat-t-mec.jpg\" \/>\n\t<meta property=\"og:image:width\" content=\"450\" \/>\n\t<meta property=\"og:image:height\" content=\"253\" \/>\n\t<meta property=\"og:image:type\" content=\"image\/jpeg\" \/>\n<meta name=\"author\" content=\"enequipo\" \/>\n<meta name=\"twitter:card\" content=\"summary_large_image\" \/>\n<meta name=\"twitter:creator\" content=\"@sonoraenequipo\" \/>\n<meta name=\"twitter:site\" content=\"@sonoraenequipo\" \/>\n<meta name=\"twitter:label1\" content=\"Escrito por\" \/>\n\t<meta name=\"twitter:data1\" content=\"enequipo\" \/>\n\t<meta name=\"twitter:label2\" content=\"Tiempo de lectura\" \/>\n\t<meta name=\"twitter:data2\" content=\"1 minuto\" \/>\n<script type=\"application\/ld+json\" class=\"yoast-schema-graph\">{\"@context\":\"https:\/\/schema.org\",\"@graph\":[{\"@type\":\"Article\",\"@id\":\"https:\/\/www.sonoraenequipo.com.mx\/el-t-mec-fortalecera-la-cooperacion-ambiental-en-america-del-norte\/#article\",\"isPartOf\":{\"@id\":\"https:\/\/www.sonoraenequipo.com.mx\/el-t-mec-fortalecera-la-cooperacion-ambiental-en-america-del-norte\/\"},\"author\":{\"name\":\"enequipo\",\"@id\":\"https:\/\/www.sonoraenequipo.com.mx\/#\/schema\/person\/61a39de478a1763473ad55e8a95fddf6\"},\"headline\":\"\u00a0El T-MEC fortalecer\u00e1 la cooperaci\u00f3n ambiental en Am\u00e9rica del Norte\",\"datePublished\":\"2019-07-22T23:17:51+00:00\",\"dateModified\":\"2019-07-23T04:09:26+00:00\",\"mainEntityOfPage\":{\"@id\":\"https:\/\/www.sonoraenequipo.com.mx\/el-t-mec-fortalecera-la-cooperacion-ambiental-en-america-del-norte\/\"},\"wordCount\":282,\"commentCount\":0,\"publisher\":{\"@id\":\"https:\/\/www.sonoraenequipo.com.mx\/#organization\"},\"image\":{\"@id\":\"https:\/\/www.sonoraenequipo.com.mx\/el-t-mec-fortalecera-la-cooperacion-ambiental-en-america-del-norte\/#primaryimage\"},\"thumbnailUrl\":\"https:\/\/www.sonoraenequipo.com.mx\/storage\/2019\/07\/semarnat-t-mec.jpg\",\"articleSection\":[\"Rep\u00fablica\"],\"inLanguage\":\"es\",\"potentialAction\":[{\"@type\":\"CommentAction\",\"name\":\"Comment\",\"target\":[\"https:\/\/www.sonoraenequipo.com.mx\/el-t-mec-fortalecera-la-cooperacion-ambiental-en-america-del-norte\/#respond\"]}]},{\"@type\":\"WebPage\",\"@id\":\"https:\/\/www.sonoraenequipo.com.mx\/el-t-mec-fortalecera-la-cooperacion-ambiental-en-america-del-norte\/\",\"url\":\"https:\/\/www.sonoraenequipo.com.mx\/el-t-mec-fortalecera-la-cooperacion-ambiental-en-america-del-norte\/\",\"name\":\"Sonora en Equipo. \u00a0El T-MEC fortalecer\u00e1 la cooperaci\u00f3n ambiental en Am\u00e9rica del Norte Rep\u00fablica\",\"isPartOf\":{\"@id\":\"https:\/\/www.sonoraenequipo.com.mx\/#website\"},\"primaryImageOfPage\":{\"@id\":\"https:\/\/www.sonoraenequipo.com.mx\/el-t-mec-fortalecera-la-cooperacion-ambiental-en-america-del-norte\/#primaryimage\"},\"image\":{\"@id\":\"https:\/\/www.sonoraenequipo.com.mx\/el-t-mec-fortalecera-la-cooperacion-ambiental-en-america-del-norte\/#primaryimage\"},\"thumbnailUrl\":\"https:\/\/www.sonoraenequipo.com.mx\/storage\/2019\/07\/semarnat-t-mec.jpg\",\"datePublished\":\"2019-07-22T23:17:51+00:00\",\"dateModified\":\"2019-07-23T04:09:26+00:00\",\"description\":\"CIUDAD DE M\u00c9XICO.MX. \u2014\u00a0 El Dr. V\u00edctor M. Toledo, Secretario de Medio Ambiente y Recursos Naturales, recibi\u00f3 a un grupo de congresistas estadounidenses con En Sonora en Equipo publicamos toda la informaci\u00f3n de Sonora, M\u00e9xico y el Mundo de manera oportuna y busca que la libertad de expresi\u00f3n sea real. Visita nuestro medio informativo publicado desde Hermosillo, Sonora. %\",\"breadcrumb\":{\"@id\":\"https:\/\/www.sonoraenequipo.com.mx\/el-t-mec-fortalecera-la-cooperacion-ambiental-en-america-del-norte\/#breadcrumb\"},\"inLanguage\":\"es\",\"potentialAction\":[{\"@type\":\"ReadAction\",\"target\":[\"https:\/\/www.sonoraenequipo.com.mx\/el-t-mec-fortalecera-la-cooperacion-ambiental-en-america-del-norte\/\"]}]},{\"@type\":\"ImageObject\",\"inLanguage\":\"es\",\"@id\":\"https:\/\/www.sonoraenequipo.com.mx\/el-t-mec-fortalecera-la-cooperacion-ambiental-en-america-del-norte\/#primaryimage\",\"url\":\"https:\/\/www.sonoraenequipo.com.mx\/storage\/2019\/07\/semarnat-t-mec.jpg\",\"contentUrl\":\"https:\/\/www.sonoraenequipo.com.mx\/storage\/2019\/07\/semarnat-t-mec.jpg\",\"width\":450,\"height\":253},{\"@type\":\"BreadcrumbList\",\"@id\":\"https:\/\/www.sonoraenequipo.com.mx\/el-t-mec-fortalecera-la-cooperacion-ambiental-en-america-del-norte\/#breadcrumb\",\"itemListElement\":[{\"@type\":\"ListItem\",\"position\":1,\"name\":\"Portada\",\"item\":\"https:\/\/www.sonoraenequipo.com.mx\/\"},{\"@type\":\"ListItem\",\"position\":2,\"name\":\"\u00a0El T-MEC fortalecer\u00e1 la cooperaci\u00f3n ambiental en Am\u00e9rica del Norte\"}]},{\"@type\":\"WebSite\",\"@id\":\"https:\/\/www.sonoraenequipo.com.mx\/#website\",\"url\":\"https:\/\/www.sonoraenequipo.com.mx\/\",\"name\":\"Sonora en Equipo.\",\"description\":\"Diario en l\u00ednea con Noticias desde Hermosillo, Sonora\",\"publisher\":{\"@id\":\"https:\/\/www.sonoraenequipo.com.mx\/#organization\"},\"potentialAction\":[{\"@type\":\"SearchAction\",\"target\":{\"@type\":\"EntryPoint\",\"urlTemplate\":\"https:\/\/www.sonoraenequipo.com.mx\/?s={search_term_string}\"},\"query-input\":{\"@type\":\"PropertyValueSpecification\",\"valueRequired\":true,\"valueName\":\"search_term_string\"}}],\"inLanguage\":\"es\"},{\"@type\":\"Organization\",\"@id\":\"https:\/\/www.sonoraenequipo.com.mx\/#organization\",\"name\":\"Sonoraenequipo.com.mx\",\"url\":\"https:\/\/www.sonoraenequipo.com.mx\/\",\"logo\":{\"@type\":\"ImageObject\",\"inLanguage\":\"es\",\"@id\":\"https:\/\/www.sonoraenequipo.com.mx\/#\/schema\/logo\/image\/\",\"url\":\"https:\/\/www.sonoraenequipo.com.mx\/storage\/2019\/01\/sonoraenequipo_opt.png\",\"contentUrl\":\"https:\/\/www.sonoraenequipo.com.mx\/storage\/2019\/01\/sonoraenequipo_opt.png\",\"width\":375,\"height\":125,\"caption\":\"Sonoraenequipo.com.mx\"},\"image\":{\"@id\":\"https:\/\/www.sonoraenequipo.com.mx\/#\/schema\/logo\/image\/\"},\"sameAs\":[\"https:\/\/www.facebook.com\/SonoraEE\/\",\"https:\/\/x.com\/sonoraenequipo\",\"https:\/\/www.youtube.com\/channel\/UC338nW-lPEYmJQs4ZABQ1SQ\"]},{\"@type\":\"Person\",\"@id\":\"https:\/\/www.sonoraenequipo.com.mx\/#\/schema\/person\/61a39de478a1763473ad55e8a95fddf6\",\"name\":\"enequipo\",\"image\":{\"@type\":\"ImageObject\",\"inLanguage\":\"es\",\"@id\":\"https:\/\/www.sonoraenequipo.com.mx\/#\/schema\/person\/image\/\",\"url\":\"https:\/\/secure.gravatar.com\/avatar\/e39bc3016d8af598aed3d770c9510dfc2795f37ea1733d99fcc6e97d2c3c9f5e?s=96&d=blank&r=g\",\"contentUrl\":\"https:\/\/secure.gravatar.com\/avatar\/e39bc3016d8af598aed3d770c9510dfc2795f37ea1733d99fcc6e97d2c3c9f5e?s=96&d=blank&r=g\",\"caption\":\"enequipo\"}}]}<\/script>\n ","yoast_head_json":{"title":"Sonora en Equipo. \u00a0El T-MEC fortalecer\u00e1 la cooperaci\u00f3n ambiental en Am\u00e9rica del Norte Rep\u00fablica","description":"CIUDAD DE M\u00c9XICO.MX. \u2014\u00a0 El Dr. V\u00edctor M. Toledo, Secretario de Medio Ambiente y Recursos Naturales, recibi\u00f3 a un grupo de congresistas estadounidenses con En Sonora en Equipo publicamos toda la informaci\u00f3n de Sonora, M\u00e9xico y el Mundo de manera oportuna y busca que la libertad de expresi\u00f3n sea real. Visita nuestro medio informativo publicado desde Hermosillo, Sonora. %","robots":{"index":"index","follow":"follow","max-snippet":"max-snippet:-1","max-image-preview":"max-image-preview:large","max-video-preview":"max-video-preview:-1"},"canonical":"https:\/\/www.sonoraenequipo.com.mx\/el-t-mec-fortalecera-la-cooperacion-ambiental-en-america-del-norte\/","og_locale":"es_ES","og_type":"article","og_title":"Sonora en Equipo. \u00a0El T-MEC fortalecer\u00e1 la cooperaci\u00f3n ambiental en Am\u00e9rica del Norte Rep\u00fablica","og_description":"CIUDAD DE M\u00c9XICO.MX. \u2014\u00a0 El Dr. V\u00edctor M. Toledo, Secretario de Medio Ambiente y Recursos Naturales, recibi\u00f3 a un grupo de congresistas estadounidenses con En Sonora en Equipo publicamos toda la informaci\u00f3n de Sonora, M\u00e9xico y el Mundo de manera oportuna y busca que la libertad de expresi\u00f3n sea real. Visita nuestro medio informativo publicado desde Hermosillo, Sonora. %","og_url":"https:\/\/www.sonoraenequipo.com.mx\/el-t-mec-fortalecera-la-cooperacion-ambiental-en-america-del-norte\/","og_site_name":"Sonora en Equipo.","article_publisher":"https:\/\/www.facebook.com\/SonoraEE\/","article_published_time":"2019-07-22T23:17:51+00:00","article_modified_time":"2019-07-23T04:09:26+00:00","og_image":[{"width":450,"height":253,"url":"https:\/\/www.sonoraenequipo.com.mx\/storage\/2019\/07\/semarnat-t-mec.jpg","type":"image\/jpeg"}],"author":"enequipo","twitter_card":"summary_large_image","twitter_creator":"@sonoraenequipo","twitter_site":"@sonoraenequipo","twitter_misc":{"Escrito por":"enequipo","Tiempo de lectura":"1 minuto"},"schema":{"@context":"https:\/\/schema.org","@graph":[{"@type":"Article","@id":"https:\/\/www.sonoraenequipo.com.mx\/el-t-mec-fortalecera-la-cooperacion-ambiental-en-america-del-norte\/#article","isPartOf":{"@id":"https:\/\/www.sonoraenequipo.com.mx\/el-t-mec-fortalecera-la-cooperacion-ambiental-en-america-del-norte\/"},"author":{"name":"enequipo","@id":"https:\/\/www.sonoraenequipo.com.mx\/#\/schema\/person\/61a39de478a1763473ad55e8a95fddf6"},"headline":"\u00a0El T-MEC fortalecer\u00e1 la cooperaci\u00f3n ambiental en Am\u00e9rica del Norte","datePublished":"2019-07-22T23:17:51+00:00","dateModified":"2019-07-23T04:09:26+00:00","mainEntityOfPage":{"@id":"https:\/\/www.sonoraenequipo.com.mx\/el-t-mec-fortalecera-la-cooperacion-ambiental-en-america-del-norte\/"},"wordCount":282,"commentCount":0,"publisher":{"@id":"https:\/\/www.sonoraenequipo.com.mx\/#organization"},"image":{"@id":"https:\/\/www.sonoraenequipo.com.mx\/el-t-mec-fortalecera-la-cooperacion-ambiental-en-america-del-norte\/#primaryimage"},"thumbnailUrl":"https:\/\/www.sonoraenequipo.com.mx\/storage\/2019\/07\/semarnat-t-mec.jpg","articleSection":["Rep\u00fablica"],"inLanguage":"es","potentialAction":[{"@type":"CommentAction","name":"Comment","target":["https:\/\/www.sonoraenequipo.com.mx\/el-t-mec-fortalecera-la-cooperacion-ambiental-en-america-del-norte\/#respond"]}]},{"@type":"WebPage","@id":"https:\/\/www.sonoraenequipo.com.mx\/el-t-mec-fortalecera-la-cooperacion-ambiental-en-america-del-norte\/","url":"https:\/\/www.sonoraenequipo.com.mx\/el-t-mec-fortalecera-la-cooperacion-ambiental-en-america-del-norte\/","name":"Sonora en Equipo. \u00a0El T-MEC fortalecer\u00e1 la cooperaci\u00f3n ambiental en Am\u00e9rica del Norte Rep\u00fablica","isPartOf":{"@id":"https:\/\/www.sonoraenequipo.com.mx\/#website"},"primaryImageOfPage":{"@id":"https:\/\/www.sonoraenequipo.com.mx\/el-t-mec-fortalecera-la-cooperacion-ambiental-en-america-del-norte\/#primaryimage"},"image":{"@id":"https:\/\/www.sonoraenequipo.com.mx\/el-t-mec-fortalecera-la-cooperacion-ambiental-en-america-del-norte\/#primaryimage"},"thumbnailUrl":"https:\/\/www.sonoraenequipo.com.mx\/storage\/2019\/07\/semarnat-t-mec.jpg","datePublished":"2019-07-22T23:17:51+00:00","dateModified":"2019-07-23T04:09:26+00:00","description":"CIUDAD DE M\u00c9XICO.MX. \u2014\u00a0 El Dr. V\u00edctor M. Toledo, Secretario de Medio Ambiente y Recursos Naturales, recibi\u00f3 a un grupo de congresistas estadounidenses con En Sonora en Equipo publicamos toda la informaci\u00f3n de Sonora, M\u00e9xico y el Mundo de manera oportuna y busca que la libertad de expresi\u00f3n sea real. Visita nuestro medio informativo publicado desde Hermosillo, Sonora. %","breadcrumb":{"@id":"https:\/\/www.sonoraenequipo.com.mx\/el-t-mec-fortalecera-la-cooperacion-ambiental-en-america-del-norte\/#breadcrumb"},"inLanguage":"es","potentialAction":[{"@type":"ReadAction","target":["https:\/\/www.sonoraenequipo.com.mx\/el-t-mec-fortalecera-la-cooperacion-ambiental-en-america-del-norte\/"]}]},{"@type":"ImageObject","inLanguage":"es","@id":"https:\/\/www.sonoraenequipo.com.mx\/el-t-mec-fortalecera-la-cooperacion-ambiental-en-america-del-norte\/#primaryimage","url":"https:\/\/www.sonoraenequipo.com.mx\/storage\/2019\/07\/semarnat-t-mec.jpg","contentUrl":"https:\/\/www.sonoraenequipo.com.mx\/storage\/2019\/07\/semarnat-t-mec.jpg","width":450,"height":253},{"@type":"BreadcrumbList","@id":"https:\/\/www.sonoraenequipo.com.mx\/el-t-mec-fortalecera-la-cooperacion-ambiental-en-america-del-norte\/#breadcrumb","itemListElement":[{"@type":"ListItem","position":1,"name":"Portada","item":"https:\/\/www.sonoraenequipo.com.mx\/"},{"@type":"ListItem","position":2,"name":"\u00a0El T-MEC fortalecer\u00e1 la cooperaci\u00f3n ambiental en Am\u00e9rica del Norte"}]},{"@type":"WebSite","@id":"https:\/\/www.sonoraenequipo.com.mx\/#website","url":"https:\/\/www.sonoraenequipo.com.mx\/","name":"Sonora en Equipo.","description":"Diario en l\u00ednea con Noticias desde Hermosillo, Sonora","publisher":{"@id":"https:\/\/www.sonoraenequipo.com.mx\/#organization"},"potentialAction":[{"@type":"SearchAction","target":{"@type":"EntryPoint","urlTemplate":"https:\/\/www.sonoraenequipo.com.mx\/?s={search_term_string}"},"query-input":{"@type":"PropertyValueSpecification","valueRequired":true,"valueName":"search_term_string"}}],"inLanguage":"es"},{"@type":"Organization","@id":"https:\/\/www.sonoraenequipo.com.mx\/#organization","name":"Sonoraenequipo.com.mx","url":"https:\/\/www.sonoraenequipo.com.mx\/","logo":{"@type":"ImageObject","inLanguage":"es","@id":"https:\/\/www.sonoraenequipo.com.mx\/#\/schema\/logo\/image\/","url":"https:\/\/www.sonoraenequipo.com.mx\/storage\/2019\/01\/sonoraenequipo_opt.png","contentUrl":"https:\/\/www.sonoraenequipo.com.mx\/storage\/2019\/01\/sonoraenequipo_opt.png","width":375,"height":125,"caption":"Sonoraenequipo.com.mx"},"image":{"@id":"https:\/\/www.sonoraenequipo.com.mx\/#\/schema\/logo\/image\/"},"sameAs":["https:\/\/www.facebook.com\/SonoraEE\/","https:\/\/x.com\/sonoraenequipo","https:\/\/www.youtube.com\/channel\/UC338nW-lPEYmJQs4ZABQ1SQ"]},{"@type":"Person","@id":"https:\/\/www.sonoraenequipo.com.mx\/#\/schema\/person\/61a39de478a1763473ad55e8a95fddf6","name":"enequipo","image":{"@type":"ImageObject","inLanguage":"es","@id":"https:\/\/www.sonoraenequipo.com.mx\/#\/schema\/person\/image\/","url":"https:\/\/secure.gravatar.com\/avatar\/e39bc3016d8af598aed3d770c9510dfc2795f37ea1733d99fcc6e97d2c3c9f5e?s=96&d=blank&r=g","contentUrl":"https:\/\/secure.gravatar.com\/avatar\/e39bc3016d8af598aed3d770c9510dfc2795f37ea1733d99fcc6e97d2c3c9f5e?s=96&d=blank&r=g","caption":"enequipo"}}]}},"jetpack_featured_media_url":"https:\/\/www.sonoraenequipo.com.mx\/storage\/2019\/07\/semarnat-t-mec.jpg","_links":{"self":[{"href":"https:\/\/www.sonoraenequipo.com.mx\/api\/wp\/v2\/posts\/64432","targetHints":{"allow":["GET"]}}],"collection":[{"href":"https:\/\/www.sonoraenequipo.com.mx\/api\/wp\/v2\/posts"}],"about":[{"href":"https:\/\/www.sonoraenequipo.com.mx\/api\/wp\/v2\/types\/post"}],"author":[{"embeddable":true,"href":"https:\/\/www.sonoraenequipo.com.mx\/api\/wp\/v2\/users\/178"}],"replies":[{"embeddable":true,"href":"https:\/\/www.sonoraenequipo.com.mx\/api\/wp\/v2\/comments?post=64432"}],"version-history":[{"count":0,"href":"https:\/\/www.sonoraenequipo.com.mx\/api\/wp\/v2\/posts\/64432\/revisions"}],"wp:featuredmedia":[{"embeddable":true,"href":"https:\/\/www.sonoraenequipo.com.mx\/api\/wp\/v2\/media\/64434"}],"wp:attachment":[{"href":"https:\/\/www.sonoraenequipo.com.mx\/api\/wp\/v2\/media?parent=64432"}],"wp:term":[{"taxonomy":"category","embeddable":true,"href":"https:\/\/www.sonoraenequipo.com.mx\/api\/wp\/v2\/categories?post=64432"},{"taxonomy":"post_tag","embeddable":true,"href":"https:\/\/www.sonoraenequipo.com.mx\/api\/wp\/v2\/tags?post=64432"}],"curies":[{"name":"wp","href":"https:\/\/api.w.org\/{rel}","templated":true}]}}