{"id":64444,"date":"2019-07-22T21:06:53","date_gmt":"2019-07-23T04:06:53","guid":{"rendered":"https:\/\/www.sonoraenequipo.com.mx\/?p=64444"},"modified":"2019-07-22T21:37:18","modified_gmt":"2019-07-23T04:37:18","slug":"se-refuerza-atencion-a-sonorenses-del-sur-del-estado","status":"publish","type":"post","link":"https:\/\/www.sonoraenequipo.com.mx\/se-refuerza-atencion-a-sonorenses-del-sur-del-estado\/","title":{"rendered":"Se refuerza atenci\u00f3n a sonorenses del sur del Estado"},"content":{"rendered":"<p>HERMOSILLO, SONORA. MX. \u2014 Con el objetivo de seguir acercando los servicios de Gobierno a los contribuyentes, la Agencia Fiscal M\u00f3vil, estar\u00e1 recorriendo los municipios del sur del Estado durante el presente per\u00edodo vacacional, \u00c1lamos, Benito Ju\u00e1rez, Cajeme, entre otros, manifest\u00f3 Alejandro Garc\u00eda Rosas. <\/p>\n<p>El director general de Recaudaci\u00f3n de la Secretar\u00eda de Hacienda, explic\u00f3 que de igual forma que las Agencias y Sub Agencias Fiscales permanecer\u00e1n laborando de manera normal durante esta temporada vacacional, la unidad m\u00f3vil recorrer\u00e1 el sur de Sonora para ofrecer a los contribuyentes la facilidad de realizar sus tr\u00e1mites.<\/p>\n<p>Indico,<em> \u201cseguiremos de frente con esta estrategia implementada por la Secretar\u00eda de Hacienda, que ya recorri\u00f3 la mayor parte de los municipios y localidades que no cuentan con oficinas fiscales y donde se hemos recibidocomentarios muy satisfactorios por parte de los ciudadanos y es nuestro objetivo, hacer las cosas m\u00e1s f\u00e1ciles\u201d<\/em><\/p>\n<p><img loading=\"lazy\" decoding=\"async\" class=\"size-medium  x-left\" src=\"https:\/\/www.sonoraenequipo.com.mx\/storage\/2019\/07\/hacienda_m\u00f3vil_opt-600x400.jpg\" alt=\"\" width=\"600\" height=\"400\" \/>Agreg\u00f3 que en esta agencia se puede pagar una revalidaci\u00f3n, o sacar placas, solicitar licencia de conducirpor primera vez o renovarla, cambios de propietario, adem\u00e1s en base al convenio de colaboraci\u00f3n con la Secretar\u00eda de Gobierno se puede expedir actas del registro civil, ya sea de nacimiento matrimonio o defunci\u00f3n.<\/p>\n<p>El director general de Recaudaci\u00f3n, reconoci\u00f3 la colaboraci\u00f3n de los alcaldes de todos los municipios o poblaciones donde se ha ubicado la Agencia Fiscal M\u00f3vil, desde su arranque el pasado mes de marzo, toda vez que estas acciones se llevan a cabo mediante el convenio de colaboraci\u00f3n con los mismos, adem\u00e1s no descart\u00f3 que en una segunda etapa se contemplen recorridos en las ciudades donde las oficinas se encuentran alejadas la gran parte de la poblaci\u00f3n.<\/p>\n<p>Agenda: Benito Ju\u00e1rez del 22 al 24 de julio, frente a palacio municipal; \u00c1lamos 25 y 26 , frente a las oficinas municipales; 29 y 30 la unidad estar\u00e1 en Pueblo Yaqui para trasladarse a CD Obreg\u00f3n los d\u00edas 31 de julio y 01 y 02 de agosto, en este \u00faltimo sitio se informar\u00e1 oportunamente la ubicaci\u00f3n.<\/p>\n<p>El Director General de Recaudaci\u00f3n de la Secretar\u00eda de Hacienda, invit\u00f3 a todos los contribuyentes a que acudan a la Agencia Fiscal M\u00f3vil a realizar sus tr\u00e1mites, la cual dijo labora con un horario de 8:00 de la ma\u00f1ana a 6:00 de la tarde.<\/p>\n<p>(Publicado el 22\/07\/2019<\/p>\n","protected":false},"excerpt":{"rendered":"<p>HERMOSILLO, SONORA. MX. \u2014 Con el objetivo de seguir acercando los servicios de Gobierno a&#8230;<\/p>\n","protected":false},"author":1,"featured_media":64451,"comment_status":"open","ping_status":"open","sticky":false,"template":"","format":"standard","meta":{"_monsterinsights_skip_tracking":false,"_monsterinsights_sitenote_active":false,"_monsterinsights_sitenote_note":"","_monsterinsights_sitenote_category":0,"footnotes":""},"categories":[22],"tags":[],"class_list":["post"],"yoast_head":" \n<title>Sonora en Equipo. Se refuerza atenci\u00f3n a sonorenses del sur del Estado Sonora<\/title>\n<meta name=\"description\" content=\"HERMOSILLO, SONORA. MX. \u2014 Con el objetivo de seguir acercando los servicios de Gobierno a los contribuyentes, la Agencia Fiscal M\u00f3vil, estar\u00e1 recorriendo En Sonora en Equipo publicamos toda la informaci\u00f3n de Sonora, M\u00e9xico y el Mundo de manera oportuna y busca que la libertad de expresi\u00f3n sea real. Visita nuestro medio informativo publicado desde Hermosillo, Sonora. %\" \/>\n<meta name=\"robots\" content=\"index, follow, max-snippet:-1, max-image-preview:large, max-video-preview:-1\" \/>\n<link rel=\"canonical\" href=\"https:\/\/www.sonoraenequipo.com.mx\/se-refuerza-atencion-a-sonorenses-del-sur-del-estado\/\" \/>\n<meta property=\"og:locale\" content=\"es_ES\" \/>\n<meta property=\"og:type\" content=\"article\" \/>\n<meta property=\"og:title\" content=\"Sonora en Equipo. Se refuerza atenci\u00f3n a sonorenses del sur del Estado Sonora\" \/>\n<meta property=\"og:description\" content=\"HERMOSILLO, SONORA. MX. \u2014 Con el objetivo de seguir acercando los servicios de Gobierno a los contribuyentes, la Agencia Fiscal M\u00f3vil, estar\u00e1 recorriendo En Sonora en Equipo publicamos toda la informaci\u00f3n de Sonora, M\u00e9xico y el Mundo de manera oportuna y busca que la libertad de expresi\u00f3n sea real. Visita nuestro medio informativo publicado desde Hermosillo, Sonora. %\" \/>\n<meta property=\"og:url\" content=\"https:\/\/www.sonoraenequipo.com.mx\/se-refuerza-atencion-a-sonorenses-del-sur-del-estado\/\" \/>\n<meta property=\"og:site_name\" content=\"Sonora en Equipo.\" \/>\n<meta property=\"article:publisher\" content=\"https:\/\/www.facebook.com\/SonoraEE\/\" \/>\n<meta property=\"article:author\" content=\"https:\/\/www.facebook.com\/SonoraEE\" \/>\n<meta property=\"article:published_time\" content=\"2019-07-23T04:06:53+00:00\" \/>\n<meta property=\"article:modified_time\" content=\"2019-07-23T04:37:18+00:00\" \/>\n<meta property=\"og:image\" content=\"https:\/\/www.sonoraenequipo.com.mx\/storage\/2019\/07\/agenciafiscaldesonora_m\u00f3vil_opt.jpg\" \/>\n\t<meta property=\"og:image:width\" content=\"600\" \/>\n\t<meta property=\"og:image:height\" content=\"400\" \/>\n\t<meta property=\"og:image:type\" content=\"image\/jpeg\" \/>\n<meta name=\"author\" content=\"enequipo\" \/>\n<meta name=\"twitter:card\" content=\"summary_large_image\" \/>\n<meta name=\"twitter:creator\" content=\"@sonoraenequipo\" \/>\n<meta name=\"twitter:site\" content=\"@sonoraenequipo\" \/>\n<meta name=\"twitter:label1\" content=\"Escrito por\" \/>\n\t<meta name=\"twitter:data1\" content=\"enequipo\" \/>\n\t<meta name=\"twitter:label2\" content=\"Tiempo de lectura\" \/>\n\t<meta name=\"twitter:data2\" content=\"2 minutos\" \/>\n<script type=\"application\/ld+json\" class=\"yoast-schema-graph\">{\"@context\":\"https:\/\/schema.org\",\"@graph\":[{\"@type\":\"Article\",\"@id\":\"https:\/\/www.sonoraenequipo.com.mx\/se-refuerza-atencion-a-sonorenses-del-sur-del-estado\/#article\",\"isPartOf\":{\"@id\":\"https:\/\/www.sonoraenequipo.com.mx\/se-refuerza-atencion-a-sonorenses-del-sur-del-estado\/\"},\"author\":{\"name\":\"enequipo\",\"@id\":\"https:\/\/www.sonoraenequipo.com.mx\/#\/schema\/person\/50102df0fb23a8fa9e8effad8fa81386\"},\"headline\":\"Se refuerza atenci\u00f3n a sonorenses del sur del Estado\",\"datePublished\":\"2019-07-23T04:06:53+00:00\",\"dateModified\":\"2019-07-23T04:37:18+00:00\",\"mainEntityOfPage\":{\"@id\":\"https:\/\/www.sonoraenequipo.com.mx\/se-refuerza-atencion-a-sonorenses-del-sur-del-estado\/\"},\"wordCount\":403,\"commentCount\":0,\"publisher\":{\"@id\":\"https:\/\/www.sonoraenequipo.com.mx\/#organization\"},\"image\":{\"@id\":\"https:\/\/www.sonoraenequipo.com.mx\/se-refuerza-atencion-a-sonorenses-del-sur-del-estado\/#primaryimage\"},\"thumbnailUrl\":\"https:\/\/www.sonoraenequipo.com.mx\/storage\/2019\/07\/agenciafiscaldesonora_m\u00f3vil_opt.jpg\",\"articleSection\":[\"Sonora\"],\"inLanguage\":\"es\",\"potentialAction\":[{\"@type\":\"CommentAction\",\"name\":\"Comment\",\"target\":[\"https:\/\/www.sonoraenequipo.com.mx\/se-refuerza-atencion-a-sonorenses-del-sur-del-estado\/#respond\"]}]},{\"@type\":\"WebPage\",\"@id\":\"https:\/\/www.sonoraenequipo.com.mx\/se-refuerza-atencion-a-sonorenses-del-sur-del-estado\/\",\"url\":\"https:\/\/www.sonoraenequipo.com.mx\/se-refuerza-atencion-a-sonorenses-del-sur-del-estado\/\",\"name\":\"Sonora en Equipo. Se refuerza atenci\u00f3n a sonorenses del sur del Estado Sonora\",\"isPartOf\":{\"@id\":\"https:\/\/www.sonoraenequipo.com.mx\/#website\"},\"primaryImageOfPage\":{\"@id\":\"https:\/\/www.sonoraenequipo.com.mx\/se-refuerza-atencion-a-sonorenses-del-sur-del-estado\/#primaryimage\"},\"image\":{\"@id\":\"https:\/\/www.sonoraenequipo.com.mx\/se-refuerza-atencion-a-sonorenses-del-sur-del-estado\/#primaryimage\"},\"thumbnailUrl\":\"https:\/\/www.sonoraenequipo.com.mx\/storage\/2019\/07\/agenciafiscaldesonora_m\u00f3vil_opt.jpg\",\"datePublished\":\"2019-07-23T04:06:53+00:00\",\"dateModified\":\"2019-07-23T04:37:18+00:00\",\"description\":\"HERMOSILLO, SONORA. MX. \u2014 Con el objetivo de seguir acercando los servicios de Gobierno a los contribuyentes, la Agencia Fiscal M\u00f3vil, estar\u00e1 recorriendo En Sonora en Equipo publicamos toda la informaci\u00f3n de Sonora, M\u00e9xico y el Mundo de manera oportuna y busca que la libertad de expresi\u00f3n sea real. Visita nuestro medio informativo publicado desde Hermosillo, Sonora. %\",\"breadcrumb\":{\"@id\":\"https:\/\/www.sonoraenequipo.com.mx\/se-refuerza-atencion-a-sonorenses-del-sur-del-estado\/#breadcrumb\"},\"inLanguage\":\"es\",\"potentialAction\":[{\"@type\":\"ReadAction\",\"target\":[\"https:\/\/www.sonoraenequipo.com.mx\/se-refuerza-atencion-a-sonorenses-del-sur-del-estado\/\"]}]},{\"@type\":\"ImageObject\",\"inLanguage\":\"es\",\"@id\":\"https:\/\/www.sonoraenequipo.com.mx\/se-refuerza-atencion-a-sonorenses-del-sur-del-estado\/#primaryimage\",\"url\":\"https:\/\/www.sonoraenequipo.com.mx\/storage\/2019\/07\/agenciafiscaldesonora_m\u00f3vil_opt.jpg\",\"contentUrl\":\"https:\/\/www.sonoraenequipo.com.mx\/storage\/2019\/07\/agenciafiscaldesonora_m\u00f3vil_opt.jpg\",\"width\":600,\"height\":400},{\"@type\":\"BreadcrumbList\",\"@id\":\"https:\/\/www.sonoraenequipo.com.mx\/se-refuerza-atencion-a-sonorenses-del-sur-del-estado\/#breadcrumb\",\"itemListElement\":[{\"@type\":\"ListItem\",\"position\":1,\"name\":\"Portada\",\"item\":\"https:\/\/www.sonoraenequipo.com.mx\/\"},{\"@type\":\"ListItem\",\"position\":2,\"name\":\"Se refuerza atenci\u00f3n a sonorenses del sur del Estado\"}]},{\"@type\":\"WebSite\",\"@id\":\"https:\/\/www.sonoraenequipo.com.mx\/#website\",\"url\":\"https:\/\/www.sonoraenequipo.com.mx\/\",\"name\":\"Sonora en Equipo.\",\"description\":\"Diario en l\u00ednea con Noticias desde Hermosillo, Sonora\",\"publisher\":{\"@id\":\"https:\/\/www.sonoraenequipo.com.mx\/#organization\"},\"potentialAction\":[{\"@type\":\"SearchAction\",\"target\":{\"@type\":\"EntryPoint\",\"urlTemplate\":\"https:\/\/www.sonoraenequipo.com.mx\/?s={search_term_string}\"},\"query-input\":{\"@type\":\"PropertyValueSpecification\",\"valueRequired\":true,\"valueName\":\"search_term_string\"}}],\"inLanguage\":\"es\"},{\"@type\":\"Organization\",\"@id\":\"https:\/\/www.sonoraenequipo.com.mx\/#organization\",\"name\":\"Sonoraenequipo.com.mx\",\"url\":\"https:\/\/www.sonoraenequipo.com.mx\/\",\"logo\":{\"@type\":\"ImageObject\",\"inLanguage\":\"es\",\"@id\":\"https:\/\/www.sonoraenequipo.com.mx\/#\/schema\/logo\/image\/\",\"url\":\"https:\/\/www.sonoraenequipo.com.mx\/storage\/2019\/01\/sonoraenequipo_opt.png\",\"contentUrl\":\"https:\/\/www.sonoraenequipo.com.mx\/storage\/2019\/01\/sonoraenequipo_opt.png\",\"width\":375,\"height\":125,\"caption\":\"Sonoraenequipo.com.mx\"},\"image\":{\"@id\":\"https:\/\/www.sonoraenequipo.com.mx\/#\/schema\/logo\/image\/\"},\"sameAs\":[\"https:\/\/www.facebook.com\/SonoraEE\/\",\"https:\/\/x.com\/sonoraenequipo\",\"https:\/\/www.youtube.com\/channel\/UC338nW-lPEYmJQs4ZABQ1SQ\"]},{\"@type\":\"Person\",\"@id\":\"https:\/\/www.sonoraenequipo.com.mx\/#\/schema\/person\/50102df0fb23a8fa9e8effad8fa81386\",\"name\":\"enequipo\",\"image\":{\"@type\":\"ImageObject\",\"inLanguage\":\"es\",\"@id\":\"https:\/\/www.sonoraenequipo.com.mx\/#\/schema\/person\/image\/\",\"url\":\"https:\/\/secure.gravatar.com\/avatar\/049821681b589dabc0bc20695993ccebb09f5b5d4d790cd9251b97faac7c652b?s=96&d=blank&r=g\",\"contentUrl\":\"https:\/\/secure.gravatar.com\/avatar\/049821681b589dabc0bc20695993ccebb09f5b5d4d790cd9251b97faac7c652b?s=96&d=blank&r=g\",\"caption\":\"enequipo\"},\"sameAs\":[\"https:\/\/www.facebook.com\/SonoraEE\"]}]}<\/script>\n ","yoast_head_json":{"title":"Sonora en Equipo. Se refuerza atenci\u00f3n a sonorenses del sur del Estado Sonora","description":"HERMOSILLO, SONORA. MX. \u2014 Con el objetivo de seguir acercando los servicios de Gobierno a los contribuyentes, la Agencia Fiscal M\u00f3vil, estar\u00e1 recorriendo En Sonora en Equipo publicamos toda la informaci\u00f3n de Sonora, M\u00e9xico y el Mundo de manera oportuna y busca que la libertad de expresi\u00f3n sea real. Visita nuestro medio informativo publicado desde Hermosillo, Sonora. %","robots":{"index":"index","follow":"follow","max-snippet":"max-snippet:-1","max-image-preview":"max-image-preview:large","max-video-preview":"max-video-preview:-1"},"canonical":"https:\/\/www.sonoraenequipo.com.mx\/se-refuerza-atencion-a-sonorenses-del-sur-del-estado\/","og_locale":"es_ES","og_type":"article","og_title":"Sonora en Equipo. Se refuerza atenci\u00f3n a sonorenses del sur del Estado Sonora","og_description":"HERMOSILLO, SONORA. MX. \u2014 Con el objetivo de seguir acercando los servicios de Gobierno a los contribuyentes, la Agencia Fiscal M\u00f3vil, estar\u00e1 recorriendo En Sonora en Equipo publicamos toda la informaci\u00f3n de Sonora, M\u00e9xico y el Mundo de manera oportuna y busca que la libertad de expresi\u00f3n sea real. Visita nuestro medio informativo publicado desde Hermosillo, Sonora. %","og_url":"https:\/\/www.sonoraenequipo.com.mx\/se-refuerza-atencion-a-sonorenses-del-sur-del-estado\/","og_site_name":"Sonora en Equipo.","article_publisher":"https:\/\/www.facebook.com\/SonoraEE\/","article_author":"https:\/\/www.facebook.com\/SonoraEE","article_published_time":"2019-07-23T04:06:53+00:00","article_modified_time":"2019-07-23T04:37:18+00:00","og_image":[{"width":600,"height":400,"url":"https:\/\/www.sonoraenequipo.com.mx\/storage\/2019\/07\/agenciafiscaldesonora_m\u00f3vil_opt.jpg","type":"image\/jpeg"}],"author":"enequipo","twitter_card":"summary_large_image","twitter_creator":"@sonoraenequipo","twitter_site":"@sonoraenequipo","twitter_misc":{"Escrito por":"enequipo","Tiempo de lectura":"2 minutos"},"schema":{"@context":"https:\/\/schema.org","@graph":[{"@type":"Article","@id":"https:\/\/www.sonoraenequipo.com.mx\/se-refuerza-atencion-a-sonorenses-del-sur-del-estado\/#article","isPartOf":{"@id":"https:\/\/www.sonoraenequipo.com.mx\/se-refuerza-atencion-a-sonorenses-del-sur-del-estado\/"},"author":{"name":"enequipo","@id":"https:\/\/www.sonoraenequipo.com.mx\/#\/schema\/person\/50102df0fb23a8fa9e8effad8fa81386"},"headline":"Se refuerza atenci\u00f3n a sonorenses del sur del Estado","datePublished":"2019-07-23T04:06:53+00:00","dateModified":"2019-07-23T04:37:18+00:00","mainEntityOfPage":{"@id":"https:\/\/www.sonoraenequipo.com.mx\/se-refuerza-atencion-a-sonorenses-del-sur-del-estado\/"},"wordCount":403,"commentCount":0,"publisher":{"@id":"https:\/\/www.sonoraenequipo.com.mx\/#organization"},"image":{"@id":"https:\/\/www.sonoraenequipo.com.mx\/se-refuerza-atencion-a-sonorenses-del-sur-del-estado\/#primaryimage"},"thumbnailUrl":"https:\/\/www.sonoraenequipo.com.mx\/storage\/2019\/07\/agenciafiscaldesonora_m\u00f3vil_opt.jpg","articleSection":["Sonora"],"inLanguage":"es","potentialAction":[{"@type":"CommentAction","name":"Comment","target":["https:\/\/www.sonoraenequipo.com.mx\/se-refuerza-atencion-a-sonorenses-del-sur-del-estado\/#respond"]}]},{"@type":"WebPage","@id":"https:\/\/www.sonoraenequipo.com.mx\/se-refuerza-atencion-a-sonorenses-del-sur-del-estado\/","url":"https:\/\/www.sonoraenequipo.com.mx\/se-refuerza-atencion-a-sonorenses-del-sur-del-estado\/","name":"Sonora en Equipo. Se refuerza atenci\u00f3n a sonorenses del sur del Estado Sonora","isPartOf":{"@id":"https:\/\/www.sonoraenequipo.com.mx\/#website"},"primaryImageOfPage":{"@id":"https:\/\/www.sonoraenequipo.com.mx\/se-refuerza-atencion-a-sonorenses-del-sur-del-estado\/#primaryimage"},"image":{"@id":"https:\/\/www.sonoraenequipo.com.mx\/se-refuerza-atencion-a-sonorenses-del-sur-del-estado\/#primaryimage"},"thumbnailUrl":"https:\/\/www.sonoraenequipo.com.mx\/storage\/2019\/07\/agenciafiscaldesonora_m\u00f3vil_opt.jpg","datePublished":"2019-07-23T04:06:53+00:00","dateModified":"2019-07-23T04:37:18+00:00","description":"HERMOSILLO, SONORA. MX. \u2014 Con el objetivo de seguir acercando los servicios de Gobierno a los contribuyentes, la Agencia Fiscal M\u00f3vil, estar\u00e1 recorriendo En Sonora en Equipo publicamos toda la informaci\u00f3n de Sonora, M\u00e9xico y el Mundo de manera oportuna y busca que la libertad de expresi\u00f3n sea real. Visita nuestro medio informativo publicado desde Hermosillo, Sonora. %","breadcrumb":{"@id":"https:\/\/www.sonoraenequipo.com.mx\/se-refuerza-atencion-a-sonorenses-del-sur-del-estado\/#breadcrumb"},"inLanguage":"es","potentialAction":[{"@type":"ReadAction","target":["https:\/\/www.sonoraenequipo.com.mx\/se-refuerza-atencion-a-sonorenses-del-sur-del-estado\/"]}]},{"@type":"ImageObject","inLanguage":"es","@id":"https:\/\/www.sonoraenequipo.com.mx\/se-refuerza-atencion-a-sonorenses-del-sur-del-estado\/#primaryimage","url":"https:\/\/www.sonoraenequipo.com.mx\/storage\/2019\/07\/agenciafiscaldesonora_m\u00f3vil_opt.jpg","contentUrl":"https:\/\/www.sonoraenequipo.com.mx\/storage\/2019\/07\/agenciafiscaldesonora_m\u00f3vil_opt.jpg","width":600,"height":400},{"@type":"BreadcrumbList","@id":"https:\/\/www.sonoraenequipo.com.mx\/se-refuerza-atencion-a-sonorenses-del-sur-del-estado\/#breadcrumb","itemListElement":[{"@type":"ListItem","position":1,"name":"Portada","item":"https:\/\/www.sonoraenequipo.com.mx\/"},{"@type":"ListItem","position":2,"name":"Se refuerza atenci\u00f3n a sonorenses del sur del Estado"}]},{"@type":"WebSite","@id":"https:\/\/www.sonoraenequipo.com.mx\/#website","url":"https:\/\/www.sonoraenequipo.com.mx\/","name":"Sonora en Equipo.","description":"Diario en l\u00ednea con Noticias desde Hermosillo, Sonora","publisher":{"@id":"https:\/\/www.sonoraenequipo.com.mx\/#organization"},"potentialAction":[{"@type":"SearchAction","target":{"@type":"EntryPoint","urlTemplate":"https:\/\/www.sonoraenequipo.com.mx\/?s={search_term_string}"},"query-input":{"@type":"PropertyValueSpecification","valueRequired":true,"valueName":"search_term_string"}}],"inLanguage":"es"},{"@type":"Organization","@id":"https:\/\/www.sonoraenequipo.com.mx\/#organization","name":"Sonoraenequipo.com.mx","url":"https:\/\/www.sonoraenequipo.com.mx\/","logo":{"@type":"ImageObject","inLanguage":"es","@id":"https:\/\/www.sonoraenequipo.com.mx\/#\/schema\/logo\/image\/","url":"https:\/\/www.sonoraenequipo.com.mx\/storage\/2019\/01\/sonoraenequipo_opt.png","contentUrl":"https:\/\/www.sonoraenequipo.com.mx\/storage\/2019\/01\/sonoraenequipo_opt.png","width":375,"height":125,"caption":"Sonoraenequipo.com.mx"},"image":{"@id":"https:\/\/www.sonoraenequipo.com.mx\/#\/schema\/logo\/image\/"},"sameAs":["https:\/\/www.facebook.com\/SonoraEE\/","https:\/\/x.com\/sonoraenequipo","https:\/\/www.youtube.com\/channel\/UC338nW-lPEYmJQs4ZABQ1SQ"]},{"@type":"Person","@id":"https:\/\/www.sonoraenequipo.com.mx\/#\/schema\/person\/50102df0fb23a8fa9e8effad8fa81386","name":"enequipo","image":{"@type":"ImageObject","inLanguage":"es","@id":"https:\/\/www.sonoraenequipo.com.mx\/#\/schema\/person\/image\/","url":"https:\/\/secure.gravatar.com\/avatar\/049821681b589dabc0bc20695993ccebb09f5b5d4d790cd9251b97faac7c652b?s=96&d=blank&r=g","contentUrl":"https:\/\/secure.gravatar.com\/avatar\/049821681b589dabc0bc20695993ccebb09f5b5d4d790cd9251b97faac7c652b?s=96&d=blank&r=g","caption":"enequipo"},"sameAs":["https:\/\/www.facebook.com\/SonoraEE"]}]}},"jetpack_featured_media_url":"https:\/\/www.sonoraenequipo.com.mx\/storage\/2019\/07\/agenciafiscaldesonora_m\u00f3vil_opt.jpg","_links":{"self":[{"href":"https:\/\/www.sonoraenequipo.com.mx\/api\/wp\/v2\/posts\/64444","targetHints":{"allow":["GET"]}}],"collection":[{"href":"https:\/\/www.sonoraenequipo.com.mx\/api\/wp\/v2\/posts"}],"about":[{"href":"https:\/\/www.sonoraenequipo.com.mx\/api\/wp\/v2\/types\/post"}],"author":[{"embeddable":true,"href":"https:\/\/www.sonoraenequipo.com.mx\/api\/wp\/v2\/users\/1"}],"replies":[{"embeddable":true,"href":"https:\/\/www.sonoraenequipo.com.mx\/api\/wp\/v2\/comments?post=64444"}],"version-history":[{"count":0,"href":"https:\/\/www.sonoraenequipo.com.mx\/api\/wp\/v2\/posts\/64444\/revisions"}],"wp:featuredmedia":[{"embeddable":true,"href":"https:\/\/www.sonoraenequipo.com.mx\/api\/wp\/v2\/media\/64451"}],"wp:attachment":[{"href":"https:\/\/www.sonoraenequipo.com.mx\/api\/wp\/v2\/media?parent=64444"}],"wp:term":[{"taxonomy":"category","embeddable":true,"href":"https:\/\/www.sonoraenequipo.com.mx\/api\/wp\/v2\/categories?post=64444"},{"taxonomy":"post_tag","embeddable":true,"href":"https:\/\/www.sonoraenequipo.com.mx\/api\/wp\/v2\/tags?post=64444"}],"curies":[{"name":"wp","href":"https:\/\/api.w.org\/{rel}","templated":true}]}}