{"id":65827,"date":"2019-08-20T11:28:51","date_gmt":"2019-08-20T18:28:51","guid":{"rendered":"https:\/\/www.sonoraenequipo.com.mx\/?p=65827"},"modified":"2019-08-20T11:28:51","modified_gmt":"2019-08-20T18:28:51","slug":"cerraran-trafico-en-colosio-y-quintero-por-obras-en-colector","status":"publish","type":"post","link":"https:\/\/www.sonoraenequipo.com.mx\/cerraran-trafico-en-colosio-y-quintero-por-obras-en-colector\/","title":{"rendered":"Cerrar\u00e1n tr\u00e1fico en Colosio y Quintero\u00a0 por obras en colector"},"content":{"rendered":"<p>&nbsp;<\/p>\n<p>HERMOSILLO,SONORA.-\u00a0 Como parte de los trabajos de rehabilitaci\u00f3n y cambio del colector sanitario que realiza la Secretar\u00eda de Infraestructura y Desarrollo Urbano (Sidur) en el bulevar Colosio, la circulaci\u00f3n de norte a sur y de sur a norte del crucero con el bulevar Quintero Arce ser\u00e1 restringida a partir de este mi\u00e9rcoles hasta que concluyan los trabajos en ese punto. <\/p>\n<p>Sidur Sonora y la Coordinaci\u00f3n de Infraestructura, Desarrollo Urbano y Ecolog\u00eda (Cidue) del ayuntamiento de Hermosillo dieron a conocer que por la ma\u00f1ana de este mi\u00e9rcoles 21 de agosto, el cruce del bulevar Colosio tanto de norte a sur como de sur a norte por el Quintero Arce ser\u00e1 cerrado y s\u00f3lo se permitir\u00e1 a los veh\u00edculos que circulen por esa vialidad y en ese punto, dar vueltas a la derecha, para acceder a retornos y accesos habilitados como rutas alternas.<\/p>\n<p>Con este cierre parcial del crucero, si bien se estar\u00e1 limitando la circulaci\u00f3n en este punto, al mismo tiempo se agilizar\u00e1 el flujo vehicular de oriente a poniente y de poniente a oriente por el Colosio, ya que se cancelar\u00e1 la operaci\u00f3n del sem\u00e1foro y con ello tendr\u00e1 preferencia la circulaci\u00f3n sobre esta r\u00faa.<\/p>\n<p>El \u00e1rea de Vialidad y de Tr\u00e1nsito del ayuntamiento, en coordinaci\u00f3n con Sidur, trabajar\u00e1n desde este martes en la se\u00f1alizaci\u00f3n vertical y horizontal en ese sector para reducir el impacto en el tr\u00e1fico y en los tiempos de traslado de los automovilistas.<\/p>\n<p>Aun as\u00ed, las dependencias en conjunto recomiendan, para quienes viajen de norte a sur y viceversa, preferentemente tomar las rutas alternas disponibles.<\/p>\n<p>Para quienes viajan desde el norte hacia el sector sur, se recomienda tomar con anticipaci\u00f3n los bulevares Garc\u00eda Morales o Navarrete y a quienes viajan desde el sur con direcci\u00f3n al norte, acceder por vialidades como San Bernardino o Quiroga.<\/p>\n<p>Si su destino implica necesariamente circular por Quintero Arce hasta al punto de cierre y continuar por el mismo bulevar, ser\u00e1 necesario virar a la derecha en el cruce, tomar el bulevar Colosio hasta el retorno m\u00e1s pr\u00f3ximo e incorporase en sentido opuesto hasta retomar el Quintero Arce.<\/p>\n<p>Es importante precisar que en todo momento se contar\u00e1 con el auxilio vial de los elementos de Tr\u00e1nsito Municipal y se estar\u00e1 evaluando el flujo vehicular de la zona para ajustar las desviaciones y rutas alternas que se hagan necesarias para reducir al m\u00ednimo posible las molestias a los automovilistas.<\/p>\n<p>El cambio de colector sanitario en esta zona es una obra de suma importancia para resolver un problema de fondo y evitar accidentes por posibles hundimientos y colapsos en el futuro.<\/p>\n<p>Fecha de publicaci\u00f3n 20\/08\/2019<\/p>\n","protected":false},"excerpt":{"rendered":"<p>&nbsp; HERMOSILLO,SONORA.-\u00a0 Como parte de los trabajos de rehabilitaci\u00f3n y cambio del colector sanitario que&#8230;<\/p>\n","protected":false},"author":178,"featured_media":65828,"comment_status":"open","ping_status":"open","sticky":false,"template":"","format":"standard","meta":{"_monsterinsights_skip_tracking":false,"_monsterinsights_sitenote_active":false,"_monsterinsights_sitenote_note":"","_monsterinsights_sitenote_category":0,"footnotes":""},"categories":[4],"tags":[3399],"class_list":["post"],"yoast_head":" \n<title>Sonora en Equipo. Cerrar\u00e1n tr\u00e1fico en Colosio y Quintero\u00a0 por obras en colector Municipios<\/title>\n<meta name=\"description\" content=\"&nbsp; HERMOSILLO,SONORA.-\u00a0 Como parte de los trabajos de rehabilitaci\u00f3n y cambio del colector sanitario que realiza la Secretar\u00eda de Infraestructura y En Sonora en Equipo publicamos toda la informaci\u00f3n de Sonora, M\u00e9xico y el Mundo de manera oportuna y busca que la libertad de expresi\u00f3n sea real. Visita nuestro medio informativo publicado desde Hermosillo, Sonora. %\" \/>\n<meta name=\"robots\" content=\"index, follow, max-snippet:-1, max-image-preview:large, max-video-preview:-1\" \/>\n<link rel=\"canonical\" href=\"https:\/\/www.sonoraenequipo.com.mx\/cerraran-trafico-en-colosio-y-quintero-por-obras-en-colector\/\" \/>\n<meta property=\"og:locale\" content=\"es_ES\" \/>\n<meta property=\"og:type\" content=\"article\" \/>\n<meta property=\"og:title\" content=\"Sonora en Equipo. Cerrar\u00e1n tr\u00e1fico en Colosio y Quintero\u00a0 por obras en colector Municipios\" \/>\n<meta property=\"og:description\" content=\"&nbsp; HERMOSILLO,SONORA.-\u00a0 Como parte de los trabajos de rehabilitaci\u00f3n y cambio del colector sanitario que realiza la Secretar\u00eda de Infraestructura y En Sonora en Equipo publicamos toda la informaci\u00f3n de Sonora, M\u00e9xico y el Mundo de manera oportuna y busca que la libertad de expresi\u00f3n sea real. Visita nuestro medio informativo publicado desde Hermosillo, Sonora. %\" \/>\n<meta property=\"og:url\" content=\"https:\/\/www.sonoraenequipo.com.mx\/cerraran-trafico-en-colosio-y-quintero-por-obras-en-colector\/\" \/>\n<meta property=\"og:site_name\" content=\"Sonora en Equipo.\" \/>\n<meta property=\"article:publisher\" content=\"https:\/\/www.facebook.com\/SonoraEE\/\" \/>\n<meta property=\"article:published_time\" content=\"2019-08-20T18:28:51+00:00\" \/>\n<meta property=\"og:image\" content=\"https:\/\/www.sonoraenequipo.com.mx\/storage\/2019\/08\/menatwork.jpg\" \/>\n\t<meta property=\"og:image:width\" content=\"500\" \/>\n\t<meta property=\"og:image:height\" content=\"350\" \/>\n\t<meta property=\"og:image:type\" content=\"image\/jpeg\" \/>\n<meta name=\"author\" content=\"enequipo\" \/>\n<meta name=\"twitter:card\" content=\"summary_large_image\" \/>\n<meta name=\"twitter:creator\" content=\"@sonoraenequipo\" \/>\n<meta name=\"twitter:site\" content=\"@sonoraenequipo\" \/>\n<meta name=\"twitter:label1\" content=\"Escrito por\" \/>\n\t<meta name=\"twitter:data1\" content=\"enequipo\" \/>\n\t<meta name=\"twitter:label2\" content=\"Tiempo de lectura\" \/>\n\t<meta name=\"twitter:data2\" content=\"2 minutos\" \/>\n<script type=\"application\/ld+json\" class=\"yoast-schema-graph\">{\"@context\":\"https:\/\/schema.org\",\"@graph\":[{\"@type\":\"Article\",\"@id\":\"https:\/\/www.sonoraenequipo.com.mx\/cerraran-trafico-en-colosio-y-quintero-por-obras-en-colector\/#article\",\"isPartOf\":{\"@id\":\"https:\/\/www.sonoraenequipo.com.mx\/cerraran-trafico-en-colosio-y-quintero-por-obras-en-colector\/\"},\"author\":{\"name\":\"enequipo\",\"@id\":\"https:\/\/www.sonoraenequipo.com.mx\/#\/schema\/person\/61a39de478a1763473ad55e8a95fddf6\"},\"headline\":\"Cerrar\u00e1n tr\u00e1fico en Colosio y Quintero\u00a0 por obras en colector\",\"datePublished\":\"2019-08-20T18:28:51+00:00\",\"mainEntityOfPage\":{\"@id\":\"https:\/\/www.sonoraenequipo.com.mx\/cerraran-trafico-en-colosio-y-quintero-por-obras-en-colector\/\"},\"wordCount\":474,\"commentCount\":0,\"publisher\":{\"@id\":\"https:\/\/www.sonoraenequipo.com.mx\/#organization\"},\"image\":{\"@id\":\"https:\/\/www.sonoraenequipo.com.mx\/cerraran-trafico-en-colosio-y-quintero-por-obras-en-colector\/#primaryimage\"},\"thumbnailUrl\":\"https:\/\/www.sonoraenequipo.com.mx\/storage\/2019\/08\/menatwork.jpg\",\"keywords\":[\"colosio\"],\"articleSection\":[\"Municipios\"],\"inLanguage\":\"es\",\"potentialAction\":[{\"@type\":\"CommentAction\",\"name\":\"Comment\",\"target\":[\"https:\/\/www.sonoraenequipo.com.mx\/cerraran-trafico-en-colosio-y-quintero-por-obras-en-colector\/#respond\"]}]},{\"@type\":\"WebPage\",\"@id\":\"https:\/\/www.sonoraenequipo.com.mx\/cerraran-trafico-en-colosio-y-quintero-por-obras-en-colector\/\",\"url\":\"https:\/\/www.sonoraenequipo.com.mx\/cerraran-trafico-en-colosio-y-quintero-por-obras-en-colector\/\",\"name\":\"Sonora en Equipo. Cerrar\u00e1n tr\u00e1fico en Colosio y Quintero\u00a0 por obras en colector Municipios\",\"isPartOf\":{\"@id\":\"https:\/\/www.sonoraenequipo.com.mx\/#website\"},\"primaryImageOfPage\":{\"@id\":\"https:\/\/www.sonoraenequipo.com.mx\/cerraran-trafico-en-colosio-y-quintero-por-obras-en-colector\/#primaryimage\"},\"image\":{\"@id\":\"https:\/\/www.sonoraenequipo.com.mx\/cerraran-trafico-en-colosio-y-quintero-por-obras-en-colector\/#primaryimage\"},\"thumbnailUrl\":\"https:\/\/www.sonoraenequipo.com.mx\/storage\/2019\/08\/menatwork.jpg\",\"datePublished\":\"2019-08-20T18:28:51+00:00\",\"description\":\"&nbsp; HERMOSILLO,SONORA.-\u00a0 Como parte de los trabajos de rehabilitaci\u00f3n y cambio del colector sanitario que realiza la Secretar\u00eda de Infraestructura y En Sonora en Equipo publicamos toda la informaci\u00f3n de Sonora, M\u00e9xico y el Mundo de manera oportuna y busca que la libertad de expresi\u00f3n sea real. Visita nuestro medio informativo publicado desde Hermosillo, Sonora. %\",\"breadcrumb\":{\"@id\":\"https:\/\/www.sonoraenequipo.com.mx\/cerraran-trafico-en-colosio-y-quintero-por-obras-en-colector\/#breadcrumb\"},\"inLanguage\":\"es\",\"potentialAction\":[{\"@type\":\"ReadAction\",\"target\":[\"https:\/\/www.sonoraenequipo.com.mx\/cerraran-trafico-en-colosio-y-quintero-por-obras-en-colector\/\"]}]},{\"@type\":\"ImageObject\",\"inLanguage\":\"es\",\"@id\":\"https:\/\/www.sonoraenequipo.com.mx\/cerraran-trafico-en-colosio-y-quintero-por-obras-en-colector\/#primaryimage\",\"url\":\"https:\/\/www.sonoraenequipo.com.mx\/storage\/2019\/08\/menatwork.jpg\",\"contentUrl\":\"https:\/\/www.sonoraenequipo.com.mx\/storage\/2019\/08\/menatwork.jpg\",\"width\":500,\"height\":350},{\"@type\":\"BreadcrumbList\",\"@id\":\"https:\/\/www.sonoraenequipo.com.mx\/cerraran-trafico-en-colosio-y-quintero-por-obras-en-colector\/#breadcrumb\",\"itemListElement\":[{\"@type\":\"ListItem\",\"position\":1,\"name\":\"Portada\",\"item\":\"https:\/\/www.sonoraenequipo.com.mx\/\"},{\"@type\":\"ListItem\",\"position\":2,\"name\":\"Cerrar\u00e1n tr\u00e1fico en Colosio y Quintero\u00a0 por obras en colector\"}]},{\"@type\":\"WebSite\",\"@id\":\"https:\/\/www.sonoraenequipo.com.mx\/#website\",\"url\":\"https:\/\/www.sonoraenequipo.com.mx\/\",\"name\":\"Sonora en Equipo.\",\"description\":\"Diario en l\u00ednea con Noticias desde Hermosillo, Sonora\",\"publisher\":{\"@id\":\"https:\/\/www.sonoraenequipo.com.mx\/#organization\"},\"potentialAction\":[{\"@type\":\"SearchAction\",\"target\":{\"@type\":\"EntryPoint\",\"urlTemplate\":\"https:\/\/www.sonoraenequipo.com.mx\/?s={search_term_string}\"},\"query-input\":{\"@type\":\"PropertyValueSpecification\",\"valueRequired\":true,\"valueName\":\"search_term_string\"}}],\"inLanguage\":\"es\"},{\"@type\":\"Organization\",\"@id\":\"https:\/\/www.sonoraenequipo.com.mx\/#organization\",\"name\":\"Sonoraenequipo.com.mx\",\"url\":\"https:\/\/www.sonoraenequipo.com.mx\/\",\"logo\":{\"@type\":\"ImageObject\",\"inLanguage\":\"es\",\"@id\":\"https:\/\/www.sonoraenequipo.com.mx\/#\/schema\/logo\/image\/\",\"url\":\"https:\/\/www.sonoraenequipo.com.mx\/storage\/2019\/01\/sonoraenequipo_opt.png\",\"contentUrl\":\"https:\/\/www.sonoraenequipo.com.mx\/storage\/2019\/01\/sonoraenequipo_opt.png\",\"width\":375,\"height\":125,\"caption\":\"Sonoraenequipo.com.mx\"},\"image\":{\"@id\":\"https:\/\/www.sonoraenequipo.com.mx\/#\/schema\/logo\/image\/\"},\"sameAs\":[\"https:\/\/www.facebook.com\/SonoraEE\/\",\"https:\/\/x.com\/sonoraenequipo\",\"https:\/\/www.youtube.com\/channel\/UC338nW-lPEYmJQs4ZABQ1SQ\"]},{\"@type\":\"Person\",\"@id\":\"https:\/\/www.sonoraenequipo.com.mx\/#\/schema\/person\/61a39de478a1763473ad55e8a95fddf6\",\"name\":\"enequipo\",\"image\":{\"@type\":\"ImageObject\",\"inLanguage\":\"es\",\"@id\":\"https:\/\/www.sonoraenequipo.com.mx\/#\/schema\/person\/image\/\",\"url\":\"https:\/\/secure.gravatar.com\/avatar\/e39bc3016d8af598aed3d770c9510dfc2795f37ea1733d99fcc6e97d2c3c9f5e?s=96&d=blank&r=g\",\"contentUrl\":\"https:\/\/secure.gravatar.com\/avatar\/e39bc3016d8af598aed3d770c9510dfc2795f37ea1733d99fcc6e97d2c3c9f5e?s=96&d=blank&r=g\",\"caption\":\"enequipo\"}}]}<\/script>\n ","yoast_head_json":{"title":"Sonora en Equipo. Cerrar\u00e1n tr\u00e1fico en Colosio y Quintero\u00a0 por obras en colector Municipios","description":"&nbsp; HERMOSILLO,SONORA.-\u00a0 Como parte de los trabajos de rehabilitaci\u00f3n y cambio del colector sanitario que realiza la Secretar\u00eda de Infraestructura y En Sonora en Equipo publicamos toda la informaci\u00f3n de Sonora, M\u00e9xico y el Mundo de manera oportuna y busca que la libertad de expresi\u00f3n sea real. Visita nuestro medio informativo publicado desde Hermosillo, Sonora. %","robots":{"index":"index","follow":"follow","max-snippet":"max-snippet:-1","max-image-preview":"max-image-preview:large","max-video-preview":"max-video-preview:-1"},"canonical":"https:\/\/www.sonoraenequipo.com.mx\/cerraran-trafico-en-colosio-y-quintero-por-obras-en-colector\/","og_locale":"es_ES","og_type":"article","og_title":"Sonora en Equipo. Cerrar\u00e1n tr\u00e1fico en Colosio y Quintero\u00a0 por obras en colector Municipios","og_description":"&nbsp; HERMOSILLO,SONORA.-\u00a0 Como parte de los trabajos de rehabilitaci\u00f3n y cambio del colector sanitario que realiza la Secretar\u00eda de Infraestructura y En Sonora en Equipo publicamos toda la informaci\u00f3n de Sonora, M\u00e9xico y el Mundo de manera oportuna y busca que la libertad de expresi\u00f3n sea real. Visita nuestro medio informativo publicado desde Hermosillo, Sonora. %","og_url":"https:\/\/www.sonoraenequipo.com.mx\/cerraran-trafico-en-colosio-y-quintero-por-obras-en-colector\/","og_site_name":"Sonora en Equipo.","article_publisher":"https:\/\/www.facebook.com\/SonoraEE\/","article_published_time":"2019-08-20T18:28:51+00:00","og_image":[{"width":500,"height":350,"url":"https:\/\/www.sonoraenequipo.com.mx\/storage\/2019\/08\/menatwork.jpg","type":"image\/jpeg"}],"author":"enequipo","twitter_card":"summary_large_image","twitter_creator":"@sonoraenequipo","twitter_site":"@sonoraenequipo","twitter_misc":{"Escrito por":"enequipo","Tiempo de lectura":"2 minutos"},"schema":{"@context":"https:\/\/schema.org","@graph":[{"@type":"Article","@id":"https:\/\/www.sonoraenequipo.com.mx\/cerraran-trafico-en-colosio-y-quintero-por-obras-en-colector\/#article","isPartOf":{"@id":"https:\/\/www.sonoraenequipo.com.mx\/cerraran-trafico-en-colosio-y-quintero-por-obras-en-colector\/"},"author":{"name":"enequipo","@id":"https:\/\/www.sonoraenequipo.com.mx\/#\/schema\/person\/61a39de478a1763473ad55e8a95fddf6"},"headline":"Cerrar\u00e1n tr\u00e1fico en Colosio y Quintero\u00a0 por obras en colector","datePublished":"2019-08-20T18:28:51+00:00","mainEntityOfPage":{"@id":"https:\/\/www.sonoraenequipo.com.mx\/cerraran-trafico-en-colosio-y-quintero-por-obras-en-colector\/"},"wordCount":474,"commentCount":0,"publisher":{"@id":"https:\/\/www.sonoraenequipo.com.mx\/#organization"},"image":{"@id":"https:\/\/www.sonoraenequipo.com.mx\/cerraran-trafico-en-colosio-y-quintero-por-obras-en-colector\/#primaryimage"},"thumbnailUrl":"https:\/\/www.sonoraenequipo.com.mx\/storage\/2019\/08\/menatwork.jpg","keywords":["colosio"],"articleSection":["Municipios"],"inLanguage":"es","potentialAction":[{"@type":"CommentAction","name":"Comment","target":["https:\/\/www.sonoraenequipo.com.mx\/cerraran-trafico-en-colosio-y-quintero-por-obras-en-colector\/#respond"]}]},{"@type":"WebPage","@id":"https:\/\/www.sonoraenequipo.com.mx\/cerraran-trafico-en-colosio-y-quintero-por-obras-en-colector\/","url":"https:\/\/www.sonoraenequipo.com.mx\/cerraran-trafico-en-colosio-y-quintero-por-obras-en-colector\/","name":"Sonora en Equipo. Cerrar\u00e1n tr\u00e1fico en Colosio y Quintero\u00a0 por obras en colector Municipios","isPartOf":{"@id":"https:\/\/www.sonoraenequipo.com.mx\/#website"},"primaryImageOfPage":{"@id":"https:\/\/www.sonoraenequipo.com.mx\/cerraran-trafico-en-colosio-y-quintero-por-obras-en-colector\/#primaryimage"},"image":{"@id":"https:\/\/www.sonoraenequipo.com.mx\/cerraran-trafico-en-colosio-y-quintero-por-obras-en-colector\/#primaryimage"},"thumbnailUrl":"https:\/\/www.sonoraenequipo.com.mx\/storage\/2019\/08\/menatwork.jpg","datePublished":"2019-08-20T18:28:51+00:00","description":"&nbsp; HERMOSILLO,SONORA.-\u00a0 Como parte de los trabajos de rehabilitaci\u00f3n y cambio del colector sanitario que realiza la Secretar\u00eda de Infraestructura y En Sonora en Equipo publicamos toda la informaci\u00f3n de Sonora, M\u00e9xico y el Mundo de manera oportuna y busca que la libertad de expresi\u00f3n sea real. Visita nuestro medio informativo publicado desde Hermosillo, Sonora. %","breadcrumb":{"@id":"https:\/\/www.sonoraenequipo.com.mx\/cerraran-trafico-en-colosio-y-quintero-por-obras-en-colector\/#breadcrumb"},"inLanguage":"es","potentialAction":[{"@type":"ReadAction","target":["https:\/\/www.sonoraenequipo.com.mx\/cerraran-trafico-en-colosio-y-quintero-por-obras-en-colector\/"]}]},{"@type":"ImageObject","inLanguage":"es","@id":"https:\/\/www.sonoraenequipo.com.mx\/cerraran-trafico-en-colosio-y-quintero-por-obras-en-colector\/#primaryimage","url":"https:\/\/www.sonoraenequipo.com.mx\/storage\/2019\/08\/menatwork.jpg","contentUrl":"https:\/\/www.sonoraenequipo.com.mx\/storage\/2019\/08\/menatwork.jpg","width":500,"height":350},{"@type":"BreadcrumbList","@id":"https:\/\/www.sonoraenequipo.com.mx\/cerraran-trafico-en-colosio-y-quintero-por-obras-en-colector\/#breadcrumb","itemListElement":[{"@type":"ListItem","position":1,"name":"Portada","item":"https:\/\/www.sonoraenequipo.com.mx\/"},{"@type":"ListItem","position":2,"name":"Cerrar\u00e1n tr\u00e1fico en Colosio y Quintero\u00a0 por obras en colector"}]},{"@type":"WebSite","@id":"https:\/\/www.sonoraenequipo.com.mx\/#website","url":"https:\/\/www.sonoraenequipo.com.mx\/","name":"Sonora en Equipo.","description":"Diario en l\u00ednea con Noticias desde Hermosillo, Sonora","publisher":{"@id":"https:\/\/www.sonoraenequipo.com.mx\/#organization"},"potentialAction":[{"@type":"SearchAction","target":{"@type":"EntryPoint","urlTemplate":"https:\/\/www.sonoraenequipo.com.mx\/?s={search_term_string}"},"query-input":{"@type":"PropertyValueSpecification","valueRequired":true,"valueName":"search_term_string"}}],"inLanguage":"es"},{"@type":"Organization","@id":"https:\/\/www.sonoraenequipo.com.mx\/#organization","name":"Sonoraenequipo.com.mx","url":"https:\/\/www.sonoraenequipo.com.mx\/","logo":{"@type":"ImageObject","inLanguage":"es","@id":"https:\/\/www.sonoraenequipo.com.mx\/#\/schema\/logo\/image\/","url":"https:\/\/www.sonoraenequipo.com.mx\/storage\/2019\/01\/sonoraenequipo_opt.png","contentUrl":"https:\/\/www.sonoraenequipo.com.mx\/storage\/2019\/01\/sonoraenequipo_opt.png","width":375,"height":125,"caption":"Sonoraenequipo.com.mx"},"image":{"@id":"https:\/\/www.sonoraenequipo.com.mx\/#\/schema\/logo\/image\/"},"sameAs":["https:\/\/www.facebook.com\/SonoraEE\/","https:\/\/x.com\/sonoraenequipo","https:\/\/www.youtube.com\/channel\/UC338nW-lPEYmJQs4ZABQ1SQ"]},{"@type":"Person","@id":"https:\/\/www.sonoraenequipo.com.mx\/#\/schema\/person\/61a39de478a1763473ad55e8a95fddf6","name":"enequipo","image":{"@type":"ImageObject","inLanguage":"es","@id":"https:\/\/www.sonoraenequipo.com.mx\/#\/schema\/person\/image\/","url":"https:\/\/secure.gravatar.com\/avatar\/e39bc3016d8af598aed3d770c9510dfc2795f37ea1733d99fcc6e97d2c3c9f5e?s=96&d=blank&r=g","contentUrl":"https:\/\/secure.gravatar.com\/avatar\/e39bc3016d8af598aed3d770c9510dfc2795f37ea1733d99fcc6e97d2c3c9f5e?s=96&d=blank&r=g","caption":"enequipo"}}]}},"jetpack_featured_media_url":"https:\/\/www.sonoraenequipo.com.mx\/storage\/2019\/08\/menatwork.jpg","_links":{"self":[{"href":"https:\/\/www.sonoraenequipo.com.mx\/api\/wp\/v2\/posts\/65827","targetHints":{"allow":["GET"]}}],"collection":[{"href":"https:\/\/www.sonoraenequipo.com.mx\/api\/wp\/v2\/posts"}],"about":[{"href":"https:\/\/www.sonoraenequipo.com.mx\/api\/wp\/v2\/types\/post"}],"author":[{"embeddable":true,"href":"https:\/\/www.sonoraenequipo.com.mx\/api\/wp\/v2\/users\/178"}],"replies":[{"embeddable":true,"href":"https:\/\/www.sonoraenequipo.com.mx\/api\/wp\/v2\/comments?post=65827"}],"version-history":[{"count":0,"href":"https:\/\/www.sonoraenequipo.com.mx\/api\/wp\/v2\/posts\/65827\/revisions"}],"wp:featuredmedia":[{"embeddable":true,"href":"https:\/\/www.sonoraenequipo.com.mx\/api\/wp\/v2\/media\/65828"}],"wp:attachment":[{"href":"https:\/\/www.sonoraenequipo.com.mx\/api\/wp\/v2\/media?parent=65827"}],"wp:term":[{"taxonomy":"category","embeddable":true,"href":"https:\/\/www.sonoraenequipo.com.mx\/api\/wp\/v2\/categories?post=65827"},{"taxonomy":"post_tag","embeddable":true,"href":"https:\/\/www.sonoraenequipo.com.mx\/api\/wp\/v2\/tags?post=65827"}],"curies":[{"name":"wp","href":"https:\/\/api.w.org\/{rel}","templated":true}]}}