{"id":65830,"date":"2019-08-20T12:00:04","date_gmt":"2019-08-20T19:00:04","guid":{"rendered":"https:\/\/www.sonoraenequipo.com.mx\/?p=65830"},"modified":"2020-05-18T12:39:34","modified_gmt":"2020-05-18T19:39:34","slug":"se-incendia-carro-por-calor","status":"publish","type":"post","link":"https:\/\/www.sonoraenequipo.com.mx\/se-incendia-carro-por-calor\/","title":{"rendered":"Se incendia carro por calor."},"content":{"rendered":"<p>El calor y una falla mec\u00e1nica provoco que est\u00e9 veh\u00edculo se incendiara<\/p>\n<p>HERMOSILLO, SONORA. MX. \u2014 Este d\u00eda cuando el calor alcanz\u00f3 una temperatura r\u00e9cord de 46.5 grados a la sombra para un 20 de agosto, varios autom\u00f3viles sufrieron fallas mec\u00e1nicas por calentamiento e incluso, se pudo apreciar uno en el Blvd Solidaridad que se incendi\u00f3 aparentemente por sobrecalentamiento de los cables.\u00a0  <\/p>\n<p>Ademas de esto, la CFE atiende fallas en los hogares donde se han visto afectados por \u00abcalentamiento de cables\u00bb por sobrecarga motivadas por las constantes variaciones del flujo el\u00e9ctrico que suministra la compa\u00f1\u00eda de Luz.<\/p>\n<p>Fue en el a\u00f1o 2005 cuando se registraron 44.0 grados, lo que represent\u00f3 en ese momento la m\u00e1xima hist\u00f3rica para esta fecha.<\/p>\n<p>PUBLICADO EL 20\/08\/2019<\/p>\n","protected":false},"excerpt":{"rendered":"<p>El calor y una falla mec\u00e1nica provoco que est\u00e9 veh\u00edculo se incendiara HERMOSILLO, SONORA. MX&#8230;.<\/p>\n","protected":false},"author":27,"featured_media":65832,"comment_status":"open","ping_status":"open","sticky":false,"template":"","format":"standard","meta":{"_monsterinsights_skip_tracking":false,"_monsterinsights_sitenote_active":false,"_monsterinsights_sitenote_note":"","_monsterinsights_sitenote_category":0,"footnotes":""},"categories":[4],"tags":[],"class_list":["post"],"yoast_head":" \n<title>Sonora en Equipo. Se incendia carro por calor.<\/title>\n<meta name=\"description\" content=\"El calor y una falla mec\u00e1nica provoco que est\u00e9 veh\u00edculo se incendiara HERMOSILLO, SONORA. MX. \u2014 Este d\u00eda cuando el calor alcanz\u00f3 una temperatura r\u00e9cord de En Sonora en Equipo publicamos toda la informaci\u00f3n de Sonora, M\u00e9xico y el Mundo de manera oportuna y busca que la libertad de expresi\u00f3n sea real. Visita nuestro medio informativo publicado desde Hermosillo, Sonora. %\" \/>\n<meta name=\"robots\" content=\"index, follow, max-snippet:-1, max-image-preview:large, max-video-preview:-1\" \/>\n<link rel=\"canonical\" href=\"https:\/\/www.sonoraenequipo.com.mx\/se-incendia-carro-por-calor\/\" \/>\n<meta property=\"og:locale\" content=\"es_ES\" \/>\n<meta property=\"og:type\" content=\"article\" \/>\n<meta property=\"og:title\" content=\"Sonora en Equipo. Se incendia carro por calor.\" \/>\n<meta property=\"og:description\" content=\"El calor y una falla mec\u00e1nica provoco que est\u00e9 veh\u00edculo se incendiara HERMOSILLO, SONORA. MX. \u2014 Este d\u00eda cuando el calor alcanz\u00f3 una temperatura r\u00e9cord de En Sonora en Equipo publicamos toda la informaci\u00f3n de Sonora, M\u00e9xico y el Mundo de manera oportuna y busca que la libertad de expresi\u00f3n sea real. Visita nuestro medio informativo publicado desde Hermosillo, Sonora. %\" \/>\n<meta property=\"og:url\" content=\"https:\/\/www.sonoraenequipo.com.mx\/se-incendia-carro-por-calor\/\" \/>\n<meta property=\"og:site_name\" content=\"Sonora en Equipo.\" \/>\n<meta property=\"article:publisher\" content=\"https:\/\/www.facebook.com\/SonoraEE\/\" \/>\n<meta property=\"article:published_time\" content=\"2019-08-20T19:00:04+00:00\" \/>\n<meta property=\"article:modified_time\" content=\"2020-05-18T19:39:34+00:00\" \/>\n<meta property=\"og:image\" content=\"https:\/\/www.sonoraenequipo.com.mx\/storage\/2019\/08\/IMG_20190820_115208.jpg\" \/>\n\t<meta property=\"og:image:width\" content=\"1920\" \/>\n\t<meta property=\"og:image:height\" content=\"1080\" \/>\n\t<meta property=\"og:image:type\" content=\"image\/jpeg\" \/>\n<meta name=\"author\" content=\"Marco Antonio Zazueta Zazueta\" \/>\n<meta name=\"twitter:card\" content=\"summary_large_image\" \/>\n<meta name=\"twitter:creator\" content=\"@sonoraenequipo\" \/>\n<meta name=\"twitter:site\" content=\"@sonoraenequipo\" \/>\n<meta name=\"twitter:label1\" content=\"Escrito por\" \/>\n\t<meta name=\"twitter:data1\" content=\"Marco Antonio Zazueta Zazueta\" \/>\n\t<meta name=\"twitter:label2\" content=\"Tiempo de lectura\" \/>\n\t<meta name=\"twitter:data2\" content=\"1 minuto\" \/>\n<script type=\"application\/ld+json\" class=\"yoast-schema-graph\">{\"@context\":\"https:\/\/schema.org\",\"@graph\":[{\"@type\":\"Article\",\"@id\":\"https:\/\/www.sonoraenequipo.com.mx\/se-incendia-carro-por-calor\/#article\",\"isPartOf\":{\"@id\":\"https:\/\/www.sonoraenequipo.com.mx\/se-incendia-carro-por-calor\/\"},\"author\":{\"name\":\"Marco Antonio Zazueta Zazueta\",\"@id\":\"https:\/\/www.sonoraenequipo.com.mx\/#\/schema\/person\/a64578294589af91266a105a36350108\"},\"headline\":\"Se incendia carro por calor.\",\"datePublished\":\"2019-08-20T19:00:04+00:00\",\"dateModified\":\"2020-05-18T19:39:34+00:00\",\"mainEntityOfPage\":{\"@id\":\"https:\/\/www.sonoraenequipo.com.mx\/se-incendia-carro-por-calor\/\"},\"wordCount\":132,\"commentCount\":0,\"publisher\":{\"@id\":\"https:\/\/www.sonoraenequipo.com.mx\/#organization\"},\"image\":{\"@id\":\"https:\/\/www.sonoraenequipo.com.mx\/se-incendia-carro-por-calor\/#primaryimage\"},\"thumbnailUrl\":\"https:\/\/www.sonoraenequipo.com.mx\/storage\/2019\/08\/IMG_20190820_115208.jpg\",\"articleSection\":[\"Municipios\"],\"inLanguage\":\"es\",\"potentialAction\":[{\"@type\":\"CommentAction\",\"name\":\"Comment\",\"target\":[\"https:\/\/www.sonoraenequipo.com.mx\/se-incendia-carro-por-calor\/#respond\"]}]},{\"@type\":\"WebPage\",\"@id\":\"https:\/\/www.sonoraenequipo.com.mx\/se-incendia-carro-por-calor\/\",\"url\":\"https:\/\/www.sonoraenequipo.com.mx\/se-incendia-carro-por-calor\/\",\"name\":\"Sonora en Equipo. Se incendia carro por calor.\",\"isPartOf\":{\"@id\":\"https:\/\/www.sonoraenequipo.com.mx\/#website\"},\"primaryImageOfPage\":{\"@id\":\"https:\/\/www.sonoraenequipo.com.mx\/se-incendia-carro-por-calor\/#primaryimage\"},\"image\":{\"@id\":\"https:\/\/www.sonoraenequipo.com.mx\/se-incendia-carro-por-calor\/#primaryimage\"},\"thumbnailUrl\":\"https:\/\/www.sonoraenequipo.com.mx\/storage\/2019\/08\/IMG_20190820_115208.jpg\",\"datePublished\":\"2019-08-20T19:00:04+00:00\",\"dateModified\":\"2020-05-18T19:39:34+00:00\",\"description\":\"El calor y una falla mec\u00e1nica provoco que est\u00e9 veh\u00edculo se incendiara HERMOSILLO, SONORA. MX. \u2014 Este d\u00eda cuando el calor alcanz\u00f3 una temperatura r\u00e9cord de En Sonora en Equipo publicamos toda la informaci\u00f3n de Sonora, M\u00e9xico y el Mundo de manera oportuna y busca que la libertad de expresi\u00f3n sea real. Visita nuestro medio informativo publicado desde Hermosillo, Sonora. %\",\"breadcrumb\":{\"@id\":\"https:\/\/www.sonoraenequipo.com.mx\/se-incendia-carro-por-calor\/#breadcrumb\"},\"inLanguage\":\"es\",\"potentialAction\":[{\"@type\":\"ReadAction\",\"target\":[\"https:\/\/www.sonoraenequipo.com.mx\/se-incendia-carro-por-calor\/\"]}]},{\"@type\":\"ImageObject\",\"inLanguage\":\"es\",\"@id\":\"https:\/\/www.sonoraenequipo.com.mx\/se-incendia-carro-por-calor\/#primaryimage\",\"url\":\"https:\/\/www.sonoraenequipo.com.mx\/storage\/2019\/08\/IMG_20190820_115208.jpg\",\"contentUrl\":\"https:\/\/www.sonoraenequipo.com.mx\/storage\/2019\/08\/IMG_20190820_115208.jpg\",\"width\":1920,\"height\":1080},{\"@type\":\"BreadcrumbList\",\"@id\":\"https:\/\/www.sonoraenequipo.com.mx\/se-incendia-carro-por-calor\/#breadcrumb\",\"itemListElement\":[{\"@type\":\"ListItem\",\"position\":1,\"name\":\"Portada\",\"item\":\"https:\/\/www.sonoraenequipo.com.mx\/\"},{\"@type\":\"ListItem\",\"position\":2,\"name\":\"Se incendia carro por calor.\"}]},{\"@type\":\"WebSite\",\"@id\":\"https:\/\/www.sonoraenequipo.com.mx\/#website\",\"url\":\"https:\/\/www.sonoraenequipo.com.mx\/\",\"name\":\"Sonora en Equipo.\",\"description\":\"Diario en l\u00ednea con Noticias desde Hermosillo, Sonora\",\"publisher\":{\"@id\":\"https:\/\/www.sonoraenequipo.com.mx\/#organization\"},\"potentialAction\":[{\"@type\":\"SearchAction\",\"target\":{\"@type\":\"EntryPoint\",\"urlTemplate\":\"https:\/\/www.sonoraenequipo.com.mx\/?s={search_term_string}\"},\"query-input\":{\"@type\":\"PropertyValueSpecification\",\"valueRequired\":true,\"valueName\":\"search_term_string\"}}],\"inLanguage\":\"es\"},{\"@type\":\"Organization\",\"@id\":\"https:\/\/www.sonoraenequipo.com.mx\/#organization\",\"name\":\"Sonoraenequipo.com.mx\",\"url\":\"https:\/\/www.sonoraenequipo.com.mx\/\",\"logo\":{\"@type\":\"ImageObject\",\"inLanguage\":\"es\",\"@id\":\"https:\/\/www.sonoraenequipo.com.mx\/#\/schema\/logo\/image\/\",\"url\":\"https:\/\/www.sonoraenequipo.com.mx\/storage\/2019\/01\/sonoraenequipo_opt.png\",\"contentUrl\":\"https:\/\/www.sonoraenequipo.com.mx\/storage\/2019\/01\/sonoraenequipo_opt.png\",\"width\":375,\"height\":125,\"caption\":\"Sonoraenequipo.com.mx\"},\"image\":{\"@id\":\"https:\/\/www.sonoraenequipo.com.mx\/#\/schema\/logo\/image\/\"},\"sameAs\":[\"https:\/\/www.facebook.com\/SonoraEE\/\",\"https:\/\/x.com\/sonoraenequipo\",\"https:\/\/www.youtube.com\/channel\/UC338nW-lPEYmJQs4ZABQ1SQ\"]},{\"@type\":\"Person\",\"@id\":\"https:\/\/www.sonoraenequipo.com.mx\/#\/schema\/person\/a64578294589af91266a105a36350108\",\"name\":\"Marco Antonio Zazueta Zazueta\",\"image\":{\"@type\":\"ImageObject\",\"inLanguage\":\"es\",\"@id\":\"https:\/\/www.sonoraenequipo.com.mx\/#\/schema\/person\/image\/\",\"url\":\"https:\/\/secure.gravatar.com\/avatar\/2069c787626ce57624a95170a9ff12f279b334e664c39589b3db7c82ecd3ece0?s=96&d=blank&r=g\",\"contentUrl\":\"https:\/\/secure.gravatar.com\/avatar\/2069c787626ce57624a95170a9ff12f279b334e664c39589b3db7c82ecd3ece0?s=96&d=blank&r=g\",\"caption\":\"Marco Antonio Zazueta Zazueta\"}}]}<\/script>\n ","yoast_head_json":{"title":"Sonora en Equipo. Se incendia carro por calor.","description":"El calor y una falla mec\u00e1nica provoco que est\u00e9 veh\u00edculo se incendiara HERMOSILLO, SONORA. MX. \u2014 Este d\u00eda cuando el calor alcanz\u00f3 una temperatura r\u00e9cord de En Sonora en Equipo publicamos toda la informaci\u00f3n de Sonora, M\u00e9xico y el Mundo de manera oportuna y busca que la libertad de expresi\u00f3n sea real. Visita nuestro medio informativo publicado desde Hermosillo, Sonora. %","robots":{"index":"index","follow":"follow","max-snippet":"max-snippet:-1","max-image-preview":"max-image-preview:large","max-video-preview":"max-video-preview:-1"},"canonical":"https:\/\/www.sonoraenequipo.com.mx\/se-incendia-carro-por-calor\/","og_locale":"es_ES","og_type":"article","og_title":"Sonora en Equipo. Se incendia carro por calor.","og_description":"El calor y una falla mec\u00e1nica provoco que est\u00e9 veh\u00edculo se incendiara HERMOSILLO, SONORA. MX. \u2014 Este d\u00eda cuando el calor alcanz\u00f3 una temperatura r\u00e9cord de En Sonora en Equipo publicamos toda la informaci\u00f3n de Sonora, M\u00e9xico y el Mundo de manera oportuna y busca que la libertad de expresi\u00f3n sea real. Visita nuestro medio informativo publicado desde Hermosillo, Sonora. %","og_url":"https:\/\/www.sonoraenequipo.com.mx\/se-incendia-carro-por-calor\/","og_site_name":"Sonora en Equipo.","article_publisher":"https:\/\/www.facebook.com\/SonoraEE\/","article_published_time":"2019-08-20T19:00:04+00:00","article_modified_time":"2020-05-18T19:39:34+00:00","og_image":[{"width":1920,"height":1080,"url":"https:\/\/www.sonoraenequipo.com.mx\/storage\/2019\/08\/IMG_20190820_115208.jpg","type":"image\/jpeg"}],"author":"Marco Antonio Zazueta Zazueta","twitter_card":"summary_large_image","twitter_creator":"@sonoraenequipo","twitter_site":"@sonoraenequipo","twitter_misc":{"Escrito por":"Marco Antonio Zazueta Zazueta","Tiempo de lectura":"1 minuto"},"schema":{"@context":"https:\/\/schema.org","@graph":[{"@type":"Article","@id":"https:\/\/www.sonoraenequipo.com.mx\/se-incendia-carro-por-calor\/#article","isPartOf":{"@id":"https:\/\/www.sonoraenequipo.com.mx\/se-incendia-carro-por-calor\/"},"author":{"name":"Marco Antonio Zazueta Zazueta","@id":"https:\/\/www.sonoraenequipo.com.mx\/#\/schema\/person\/a64578294589af91266a105a36350108"},"headline":"Se incendia carro por calor.","datePublished":"2019-08-20T19:00:04+00:00","dateModified":"2020-05-18T19:39:34+00:00","mainEntityOfPage":{"@id":"https:\/\/www.sonoraenequipo.com.mx\/se-incendia-carro-por-calor\/"},"wordCount":132,"commentCount":0,"publisher":{"@id":"https:\/\/www.sonoraenequipo.com.mx\/#organization"},"image":{"@id":"https:\/\/www.sonoraenequipo.com.mx\/se-incendia-carro-por-calor\/#primaryimage"},"thumbnailUrl":"https:\/\/www.sonoraenequipo.com.mx\/storage\/2019\/08\/IMG_20190820_115208.jpg","articleSection":["Municipios"],"inLanguage":"es","potentialAction":[{"@type":"CommentAction","name":"Comment","target":["https:\/\/www.sonoraenequipo.com.mx\/se-incendia-carro-por-calor\/#respond"]}]},{"@type":"WebPage","@id":"https:\/\/www.sonoraenequipo.com.mx\/se-incendia-carro-por-calor\/","url":"https:\/\/www.sonoraenequipo.com.mx\/se-incendia-carro-por-calor\/","name":"Sonora en Equipo. Se incendia carro por calor.","isPartOf":{"@id":"https:\/\/www.sonoraenequipo.com.mx\/#website"},"primaryImageOfPage":{"@id":"https:\/\/www.sonoraenequipo.com.mx\/se-incendia-carro-por-calor\/#primaryimage"},"image":{"@id":"https:\/\/www.sonoraenequipo.com.mx\/se-incendia-carro-por-calor\/#primaryimage"},"thumbnailUrl":"https:\/\/www.sonoraenequipo.com.mx\/storage\/2019\/08\/IMG_20190820_115208.jpg","datePublished":"2019-08-20T19:00:04+00:00","dateModified":"2020-05-18T19:39:34+00:00","description":"El calor y una falla mec\u00e1nica provoco que est\u00e9 veh\u00edculo se incendiara HERMOSILLO, SONORA. MX. \u2014 Este d\u00eda cuando el calor alcanz\u00f3 una temperatura r\u00e9cord de En Sonora en Equipo publicamos toda la informaci\u00f3n de Sonora, M\u00e9xico y el Mundo de manera oportuna y busca que la libertad de expresi\u00f3n sea real. Visita nuestro medio informativo publicado desde Hermosillo, Sonora. %","breadcrumb":{"@id":"https:\/\/www.sonoraenequipo.com.mx\/se-incendia-carro-por-calor\/#breadcrumb"},"inLanguage":"es","potentialAction":[{"@type":"ReadAction","target":["https:\/\/www.sonoraenequipo.com.mx\/se-incendia-carro-por-calor\/"]}]},{"@type":"ImageObject","inLanguage":"es","@id":"https:\/\/www.sonoraenequipo.com.mx\/se-incendia-carro-por-calor\/#primaryimage","url":"https:\/\/www.sonoraenequipo.com.mx\/storage\/2019\/08\/IMG_20190820_115208.jpg","contentUrl":"https:\/\/www.sonoraenequipo.com.mx\/storage\/2019\/08\/IMG_20190820_115208.jpg","width":1920,"height":1080},{"@type":"BreadcrumbList","@id":"https:\/\/www.sonoraenequipo.com.mx\/se-incendia-carro-por-calor\/#breadcrumb","itemListElement":[{"@type":"ListItem","position":1,"name":"Portada","item":"https:\/\/www.sonoraenequipo.com.mx\/"},{"@type":"ListItem","position":2,"name":"Se incendia carro por calor."}]},{"@type":"WebSite","@id":"https:\/\/www.sonoraenequipo.com.mx\/#website","url":"https:\/\/www.sonoraenequipo.com.mx\/","name":"Sonora en Equipo.","description":"Diario en l\u00ednea con Noticias desde Hermosillo, Sonora","publisher":{"@id":"https:\/\/www.sonoraenequipo.com.mx\/#organization"},"potentialAction":[{"@type":"SearchAction","target":{"@type":"EntryPoint","urlTemplate":"https:\/\/www.sonoraenequipo.com.mx\/?s={search_term_string}"},"query-input":{"@type":"PropertyValueSpecification","valueRequired":true,"valueName":"search_term_string"}}],"inLanguage":"es"},{"@type":"Organization","@id":"https:\/\/www.sonoraenequipo.com.mx\/#organization","name":"Sonoraenequipo.com.mx","url":"https:\/\/www.sonoraenequipo.com.mx\/","logo":{"@type":"ImageObject","inLanguage":"es","@id":"https:\/\/www.sonoraenequipo.com.mx\/#\/schema\/logo\/image\/","url":"https:\/\/www.sonoraenequipo.com.mx\/storage\/2019\/01\/sonoraenequipo_opt.png","contentUrl":"https:\/\/www.sonoraenequipo.com.mx\/storage\/2019\/01\/sonoraenequipo_opt.png","width":375,"height":125,"caption":"Sonoraenequipo.com.mx"},"image":{"@id":"https:\/\/www.sonoraenequipo.com.mx\/#\/schema\/logo\/image\/"},"sameAs":["https:\/\/www.facebook.com\/SonoraEE\/","https:\/\/x.com\/sonoraenequipo","https:\/\/www.youtube.com\/channel\/UC338nW-lPEYmJQs4ZABQ1SQ"]},{"@type":"Person","@id":"https:\/\/www.sonoraenequipo.com.mx\/#\/schema\/person\/a64578294589af91266a105a36350108","name":"Marco Antonio Zazueta Zazueta","image":{"@type":"ImageObject","inLanguage":"es","@id":"https:\/\/www.sonoraenequipo.com.mx\/#\/schema\/person\/image\/","url":"https:\/\/secure.gravatar.com\/avatar\/2069c787626ce57624a95170a9ff12f279b334e664c39589b3db7c82ecd3ece0?s=96&d=blank&r=g","contentUrl":"https:\/\/secure.gravatar.com\/avatar\/2069c787626ce57624a95170a9ff12f279b334e664c39589b3db7c82ecd3ece0?s=96&d=blank&r=g","caption":"Marco Antonio Zazueta Zazueta"}}]}},"jetpack_featured_media_url":"https:\/\/www.sonoraenequipo.com.mx\/storage\/2019\/08\/IMG_20190820_115208.jpg","_links":{"self":[{"href":"https:\/\/www.sonoraenequipo.com.mx\/api\/wp\/v2\/posts\/65830","targetHints":{"allow":["GET"]}}],"collection":[{"href":"https:\/\/www.sonoraenequipo.com.mx\/api\/wp\/v2\/posts"}],"about":[{"href":"https:\/\/www.sonoraenequipo.com.mx\/api\/wp\/v2\/types\/post"}],"author":[{"embeddable":true,"href":"https:\/\/www.sonoraenequipo.com.mx\/api\/wp\/v2\/users\/27"}],"replies":[{"embeddable":true,"href":"https:\/\/www.sonoraenequipo.com.mx\/api\/wp\/v2\/comments?post=65830"}],"version-history":[{"count":0,"href":"https:\/\/www.sonoraenequipo.com.mx\/api\/wp\/v2\/posts\/65830\/revisions"}],"wp:featuredmedia":[{"embeddable":true,"href":"https:\/\/www.sonoraenequipo.com.mx\/api\/wp\/v2\/media\/65832"}],"wp:attachment":[{"href":"https:\/\/www.sonoraenequipo.com.mx\/api\/wp\/v2\/media?parent=65830"}],"wp:term":[{"taxonomy":"category","embeddable":true,"href":"https:\/\/www.sonoraenequipo.com.mx\/api\/wp\/v2\/categories?post=65830"},{"taxonomy":"post_tag","embeddable":true,"href":"https:\/\/www.sonoraenequipo.com.mx\/api\/wp\/v2\/tags?post=65830"}],"curies":[{"name":"wp","href":"https:\/\/api.w.org\/{rel}","templated":true}]}}